{"id":990,"date":"2019-09-13T11:01:13","date_gmt":"2019-09-13T09:01:13","guid":{"rendered":"https:\/\/www.human-rights-year.com\/?p=990"},"modified":"2019-09-13T11:01:13","modified_gmt":"2019-09-13T09:01:13","slug":"zeuge-im-fall-der-abgestuerzten-boeing-mh17-kehrte-in-die-selbsternannte-volksrepublik-donezk-zurueck","status":"publish","type":"post","link":"https:\/\/www.human-rights-year.com\/de\/2019\/09\/13\/zeuge-im-fall-der-abgestuerzten-boeing-mh17-kehrte-in-die-selbsternannte-volksrepublik-donezk-zurueck\/","title":{"rendered":"Zeuge im Fall der abgest\u00fcrzten Boeing MH17 kehrte in die selbsternannte Volksrepublik Donezk zur\u00fcck"},"content":{"rendered":"<p>Laut <a href=\"https:\/\/theins.ru\/news\/175063?fbclid=IwAR0e9bN_s5SZh7i6WUERhoVaLEflT1OtYiKvXIavQs7Fr9BHWgaEzdJFDuY\" target=\"_blank\" rel=\"noopener noreferrer\">The Insider<\/a> kehrte Vladimir Tzemakh auf das Territorium der selbsternannten Volksrepublik Donezk zur\u00fcck. Es\u00a0wird vermutet, dass er\u00a0in\u00a0Gebiet Sneschnoje im\u00a0Sommer 2014 die Luftverteidigung befehligte, als dort eine Boeing der Malaysian Airlines (MH17) abgeschossen wurde. Tzemakh pers\u00f6nlich soll das Flugabwehrraketensystem \u00abBuk\u00bb nach dem Vorfall versteckt haben.<\/p>\n<p>Dem ukrainischen Geheimdienst SBU gelang\u00a0es, Vladimir Tsemakh auf den von den Separatisten kontrollierten Gebieten festzunehmen und nach Kiev zu\u00a0bringen. Er\u00a0war ein wichtiger Zeuge bei der Untersuchung des Falls durch das internationale Untersuchungsteam. Die Niederlande forderten auch offiziell die Auslieferung Zemakhs aus Russland nach dem Austausch von Gefangenen, aber die russischen Beh\u00f6rden ignorierten die Aufforderung.<\/p>\n<p>Am\u00a07. September wurde Herr Zemakh zusammen mit anderen ausgetauschten Personen nach Russland ausgeliefert. Dann k\u00fcndigte seine Tochter Maria Levchenko-Zemakh in\u00a0sozialen Netzwerken die R\u00fcckkehr ihres Vaters an.<\/p>\n<p>Bei dem Absturz eines Passagierflugzeugs kamen 300 Menschen ums Leben.<\/p>\n<p>&nbsp;<\/p>\n<p>Illustration (CC) <a href=\"https:\/\/www.flickr.com\/photos\/jeroenakkermans\/14515196849\/\" target=\"_blank\" rel=\"noopener noreferrer\">Jeroen Akkermans<\/a><\/p>\n","protected":false},"excerpt":{"rendered":"<p>Laut The Insider kehrte Vladimir Tzemakh auf das Territorium der selbsternannten Volksrepublik Donezk zur\u00fcck. Es\u00a0wird vermutet, dass er\u00a0in\u00a0Gebiet Sneschnoje im\u00a0Sommer 2014 die Luftverteidigung befehligte, als<\/p>\n","protected":false},"author":5,"featured_media":989,"comment_status":"closed","ping_status":"open","sticky":false,"template":"","format":"standard","meta":[],"categories":[19,12],"tags":[158,156,161,49,157,159,160],"yoast_head":"<!-- This site is optimized with the Yoast SEO plugin v19.4 - https:\/\/yoast.com\/wordpress\/plugins\/seo\/ -->\n<title>Zeuge im Fall der abgest\u00fcrzten Boeing MH17 kehrte in die selbsternannte Volksrepublik Donezk zur\u00fcck - Europ\u00e4ischer Menschenrechtsdialog<\/title>\n<meta name=\"description\" content=\"Es\u00a0wird vermutet, dass er\u00a0in\u00a0Gebiet Sneschnoje im\u00a0Sommer 2014 die Luftverteidigung befehligte, als dort eine Boeing der Malaysian Airlines (MH17) abgeschossen wurde. Tzemakh pers\u00f6nlich soll das Flugabwehrraketensystem \u00abBuk\u00bb nach dem Vorfall versteckt haben.\" \/>\n<meta name=\"robots\" content=\"index, follow, max-snippet:-1, max-image-preview:large, max-video-preview:-1\" \/>\n<link rel=\"canonical\" href=\"https:\/\/www.human-rights-year.com\/de\/2019\/09\/13\/zeuge-im-fall-der-abgestuerzten-boeing-mh17-kehrte-in-die-selbsternannte-volksrepublik-donezk-zurueck\/\" \/>\n<meta property=\"og:locale\" content=\"de_DE\" \/>\n<meta property=\"og:type\" content=\"article\" \/>\n<meta property=\"og:title\" content=\"Zeuge im Fall der abgest\u00fcrzten Boeing MH17 kehrte in die selbsternannte Volksrepublik Donezk zur\u00fcck - Europ\u00e4ischer Menschenrechtsdialog\" \/>\n<meta property=\"og:description\" content=\"Es\u00a0wird vermutet, dass er\u00a0in\u00a0Gebiet Sneschnoje im\u00a0Sommer 2014 die Luftverteidigung befehligte, als dort eine Boeing der Malaysian Airlines (MH17) abgeschossen wurde. Tzemakh pers\u00f6nlich soll das Flugabwehrraketensystem \u00abBuk\u00bb nach dem Vorfall versteckt haben.\" \/>\n<meta property=\"og:url\" content=\"https:\/\/www.human-rights-year.com\/de\/2019\/09\/13\/zeuge-im-fall-der-abgestuerzten-boeing-mh17-kehrte-in-die-selbsternannte-volksrepublik-donezk-zurueck\/\" \/>\n<meta property=\"og:site_name\" content=\"Europ\u00e4ischer Menschenrechtsdialog\" \/>\n<meta property=\"article:published_time\" content=\"2019-09-13T09:01:13+00:00\" \/>\n<meta property=\"og:image\" content=\"https:\/\/www.human-rights-year.com\/wp-content\/uploads\/2019\/09\/14515196849_ed07ad9908_k.jpg\" \/>\n\t<meta property=\"og:image:width\" content=\"2048\" \/>\n\t<meta property=\"og:image:height\" content=\"1152\" \/>\n\t<meta property=\"og:image:type\" content=\"image\/jpeg\" \/>\n<meta name=\"author\" content=\"Jeanna Kr\u00f6mer\" \/>\n<meta name=\"twitter:card\" content=\"summary_large_image\" \/>\n<meta name=\"twitter:label1\" content=\"Verfasst von\" \/>\n\t<meta name=\"twitter:data1\" content=\"Jeanna Kr\u00f6mer\" \/>\n\t<meta name=\"twitter:label2\" content=\"Gesch\u00e4tzte Lesezeit\" \/>\n\t<meta name=\"twitter:data2\" content=\"1\u00a0Minute\" \/>\n<script type=\"application\/ld+json\" class=\"yoast-schema-graph\">{\"@context\":\"https:\/\/schema.org\",\"@graph\":[{\"@type\":\"WebSite\",\"@id\":\"https:\/\/www.human-rights-year.com\/#website\",\"url\":\"https:\/\/www.human-rights-year.com\/\",\"name\":\"\u0415\u0432\u0440\u043e\u043f\u0435\u0439\u0441\u043a\u0438\u0439 \u043f\u0440\u0430\u0432\u043e\u0437\u0430\u0449\u0438\u0442\u043d\u044b\u0439 \u0434\u0438\u0430\u043b\u043e\u0433\",\"description\":\" \",\"potentialAction\":[{\"@type\":\"SearchAction\",\"target\":{\"@type\":\"EntryPoint\",\"urlTemplate\":\"https:\/\/www.human-rights-year.com\/?s={search_term_string}\"},\"query-input\":\"required name=search_term_string\"}],\"inLanguage\":\"de\"},{\"@type\":\"WebPage\",\"@id\":\"https:\/\/www.human-rights-year.com\/de\/2019\/09\/13\/zeuge-im-fall-der-abgestuerzten-boeing-mh17-kehrte-in-die-selbsternannte-volksrepublik-donezk-zurueck\/\",\"url\":\"https:\/\/www.human-rights-year.com\/de\/2019\/09\/13\/zeuge-im-fall-der-abgestuerzten-boeing-mh17-kehrte-in-die-selbsternannte-volksrepublik-donezk-zurueck\/\",\"name\":\"Zeuge im Fall der abgest\u00fcrzten Boeing MH17 kehrte in die selbsternannte Volksrepublik Donezk zur\u00fcck - Europ\u00e4ischer Menschenrechtsdialog\",\"isPartOf\":{\"@id\":\"https:\/\/www.human-rights-year.com\/#website\"},\"datePublished\":\"2019-09-13T09:01:13+00:00\",\"dateModified\":\"2019-09-13T09:01:13+00:00\",\"author\":{\"@id\":\"https:\/\/www.human-rights-year.com\/#\/schema\/person\/1c06fb0e639bcf476e5b123399573609\"},\"description\":\"Es\u00a0wird vermutet, dass er\u00a0in\u00a0Gebiet Sneschnoje im\u00a0Sommer 2014 die Luftverteidigung befehligte, als dort eine Boeing der Malaysian Airlines (MH17) abgeschossen wurde. Tzemakh pers\u00f6nlich soll das Flugabwehrraketensystem \u00abBuk\u00bb nach dem Vorfall versteckt haben.\",\"breadcrumb\":{\"@id\":\"https:\/\/www.human-rights-year.com\/de\/2019\/09\/13\/zeuge-im-fall-der-abgestuerzten-boeing-mh17-kehrte-in-die-selbsternannte-volksrepublik-donezk-zurueck\/#breadcrumb\"},\"inLanguage\":\"de\",\"potentialAction\":[{\"@type\":\"ReadAction\",\"target\":[\"https:\/\/www.human-rights-year.com\/de\/2019\/09\/13\/zeuge-im-fall-der-abgestuerzten-boeing-mh17-kehrte-in-die-selbsternannte-volksrepublik-donezk-zurueck\/\"]}]},{\"@type\":\"BreadcrumbList\",\"@id\":\"https:\/\/www.human-rights-year.com\/de\/2019\/09\/13\/zeuge-im-fall-der-abgestuerzten-boeing-mh17-kehrte-in-die-selbsternannte-volksrepublik-donezk-zurueck\/#breadcrumb\",\"itemListElement\":[{\"@type\":\"ListItem\",\"position\":1,\"name\":\"\u0413\u043b\u0430\u0432\u043d\u0430\u044f \u0441\u0442\u0440\u0430\u043d\u0438\u0446\u0430\",\"item\":\"https:\/\/www.human-rights-year.com\/de\/\"},{\"@type\":\"ListItem\",\"position\":2,\"name\":\"Zeuge im Fall der abgest\u00fcrzten Boeing MH17 kehrte in die selbsternannte Volksrepublik Donezk zur\u00fcck\"}]},{\"@type\":\"Person\",\"@id\":\"https:\/\/www.human-rights-year.com\/#\/schema\/person\/1c06fb0e639bcf476e5b123399573609\",\"name\":\"Jeanna Kr\u00f6mer\",\"image\":{\"@type\":\"ImageObject\",\"inLanguage\":\"de\",\"@id\":\"https:\/\/www.human-rights-year.com\/#\/schema\/person\/image\/\",\"url\":\"https:\/\/secure.gravatar.com\/avatar\/94a68f06ff6dcb0ae82db3e779506c6c?s=96&d=mm&r=g\",\"contentUrl\":\"https:\/\/secure.gravatar.com\/avatar\/94a68f06ff6dcb0ae82db3e779506c6c?s=96&d=mm&r=g\",\"caption\":\"Jeanna Kr\u00f6mer\"},\"url\":\"https:\/\/www.human-rights-year.com\/de\/author\/jakroemer\/\"}]}<\/script>\n<!-- \/ Yoast SEO plugin. -->","yoast_head_json":{"title":"Zeuge im Fall der abgest\u00fcrzten Boeing MH17 kehrte in die selbsternannte Volksrepublik Donezk zur\u00fcck - Europ\u00e4ischer Menschenrechtsdialog","description":"Es\u00a0wird vermutet, dass er\u00a0in\u00a0Gebiet Sneschnoje im\u00a0Sommer 2014 die Luftverteidigung befehligte, als dort eine Boeing der Malaysian Airlines (MH17) abgeschossen wurde. Tzemakh pers\u00f6nlich soll das Flugabwehrraketensystem \u00abBuk\u00bb nach dem Vorfall versteckt haben.","robots":{"index":"index","follow":"follow","max-snippet":"max-snippet:-1","max-image-preview":"max-image-preview:large","max-video-preview":"max-video-preview:-1"},"canonical":"https:\/\/www.human-rights-year.com\/de\/2019\/09\/13\/zeuge-im-fall-der-abgestuerzten-boeing-mh17-kehrte-in-die-selbsternannte-volksrepublik-donezk-zurueck\/","og_locale":"de_DE","og_type":"article","og_title":"Zeuge im Fall der abgest\u00fcrzten Boeing MH17 kehrte in die selbsternannte Volksrepublik Donezk zur\u00fcck - Europ\u00e4ischer Menschenrechtsdialog","og_description":"Es\u00a0wird vermutet, dass er\u00a0in\u00a0Gebiet Sneschnoje im\u00a0Sommer 2014 die Luftverteidigung befehligte, als dort eine Boeing der Malaysian Airlines (MH17) abgeschossen wurde. Tzemakh pers\u00f6nlich soll das Flugabwehrraketensystem \u00abBuk\u00bb nach dem Vorfall versteckt haben.","og_url":"https:\/\/www.human-rights-year.com\/de\/2019\/09\/13\/zeuge-im-fall-der-abgestuerzten-boeing-mh17-kehrte-in-die-selbsternannte-volksrepublik-donezk-zurueck\/","og_site_name":"Europ\u00e4ischer Menschenrechtsdialog","article_published_time":"2019-09-13T09:01:13+00:00","og_image":[{"width":2048,"height":1152,"url":"https:\/\/www.human-rights-year.com\/wp-content\/uploads\/2019\/09\/14515196849_ed07ad9908_k.jpg","type":"image\/jpeg"}],"author":"Jeanna Kr\u00f6mer","twitter_card":"summary_large_image","twitter_misc":{"Verfasst von":"Jeanna Kr\u00f6mer","Gesch\u00e4tzte Lesezeit":"1\u00a0Minute"},"schema":{"@context":"https:\/\/schema.org","@graph":[{"@type":"WebSite","@id":"https:\/\/www.human-rights-year.com\/#website","url":"https:\/\/www.human-rights-year.com\/","name":"\u0415\u0432\u0440\u043e\u043f\u0435\u0439\u0441\u043a\u0438\u0439 \u043f\u0440\u0430\u0432\u043e\u0437\u0430\u0449\u0438\u0442\u043d\u044b\u0439 \u0434\u0438\u0430\u043b\u043e\u0433","description":" ","potentialAction":[{"@type":"SearchAction","target":{"@type":"EntryPoint","urlTemplate":"https:\/\/www.human-rights-year.com\/?s={search_term_string}"},"query-input":"required name=search_term_string"}],"inLanguage":"de"},{"@type":"WebPage","@id":"https:\/\/www.human-rights-year.com\/de\/2019\/09\/13\/zeuge-im-fall-der-abgestuerzten-boeing-mh17-kehrte-in-die-selbsternannte-volksrepublik-donezk-zurueck\/","url":"https:\/\/www.human-rights-year.com\/de\/2019\/09\/13\/zeuge-im-fall-der-abgestuerzten-boeing-mh17-kehrte-in-die-selbsternannte-volksrepublik-donezk-zurueck\/","name":"Zeuge im Fall der abgest\u00fcrzten Boeing MH17 kehrte in die selbsternannte Volksrepublik Donezk zur\u00fcck - Europ\u00e4ischer Menschenrechtsdialog","isPartOf":{"@id":"https:\/\/www.human-rights-year.com\/#website"},"datePublished":"2019-09-13T09:01:13+00:00","dateModified":"2019-09-13T09:01:13+00:00","author":{"@id":"https:\/\/www.human-rights-year.com\/#\/schema\/person\/1c06fb0e639bcf476e5b123399573609"},"description":"Es\u00a0wird vermutet, dass er\u00a0in\u00a0Gebiet Sneschnoje im\u00a0Sommer 2014 die Luftverteidigung befehligte, als dort eine Boeing der Malaysian Airlines (MH17) abgeschossen wurde. Tzemakh pers\u00f6nlich soll das Flugabwehrraketensystem \u00abBuk\u00bb nach dem Vorfall versteckt haben.","breadcrumb":{"@id":"https:\/\/www.human-rights-year.com\/de\/2019\/09\/13\/zeuge-im-fall-der-abgestuerzten-boeing-mh17-kehrte-in-die-selbsternannte-volksrepublik-donezk-zurueck\/#breadcrumb"},"inLanguage":"de","potentialAction":[{"@type":"ReadAction","target":["https:\/\/www.human-rights-year.com\/de\/2019\/09\/13\/zeuge-im-fall-der-abgestuerzten-boeing-mh17-kehrte-in-die-selbsternannte-volksrepublik-donezk-zurueck\/"]}]},{"@type":"BreadcrumbList","@id":"https:\/\/www.human-rights-year.com\/de\/2019\/09\/13\/zeuge-im-fall-der-abgestuerzten-boeing-mh17-kehrte-in-die-selbsternannte-volksrepublik-donezk-zurueck\/#breadcrumb","itemListElement":[{"@type":"ListItem","position":1,"name":"\u0413\u043b\u0430\u0432\u043d\u0430\u044f \u0441\u0442\u0440\u0430\u043d\u0438\u0446\u0430","item":"https:\/\/www.human-rights-year.com\/de\/"},{"@type":"ListItem","position":2,"name":"Zeuge im Fall der abgest\u00fcrzten Boeing MH17 kehrte in die selbsternannte Volksrepublik Donezk zur\u00fcck"}]},{"@type":"Person","@id":"https:\/\/www.human-rights-year.com\/#\/schema\/person\/1c06fb0e639bcf476e5b123399573609","name":"Jeanna Kr\u00f6mer","image":{"@type":"ImageObject","inLanguage":"de","@id":"https:\/\/www.human-rights-year.com\/#\/schema\/person\/image\/","url":"https:\/\/secure.gravatar.com\/avatar\/94a68f06ff6dcb0ae82db3e779506c6c?s=96&d=mm&r=g","contentUrl":"https:\/\/secure.gravatar.com\/avatar\/94a68f06ff6dcb0ae82db3e779506c6c?s=96&d=mm&r=g","caption":"Jeanna Kr\u00f6mer"},"url":"https:\/\/www.human-rights-year.com\/de\/author\/jakroemer\/"}]}},"_links":{"self":[{"href":"https:\/\/www.human-rights-year.com\/de\/wp-json\/wp\/v2\/posts\/990"}],"collection":[{"href":"https:\/\/www.human-rights-year.com\/de\/wp-json\/wp\/v2\/posts"}],"about":[{"href":"https:\/\/www.human-rights-year.com\/de\/wp-json\/wp\/v2\/types\/post"}],"author":[{"embeddable":true,"href":"https:\/\/www.human-rights-year.com\/de\/wp-json\/wp\/v2\/users\/5"}],"replies":[{"embeddable":true,"href":"https:\/\/www.human-rights-year.com\/de\/wp-json\/wp\/v2\/comments?post=990"}],"version-history":[{"count":0,"href":"https:\/\/www.human-rights-year.com\/de\/wp-json\/wp\/v2\/posts\/990\/revisions"}],"wp:featuredmedia":[{"embeddable":true,"href":"https:\/\/www.human-rights-year.com\/de\/wp-json\/wp\/v2\/media\/989"}],"wp:attachment":[{"href":"https:\/\/www.human-rights-year.com\/de\/wp-json\/wp\/v2\/media?parent=990"}],"wp:term":[{"taxonomy":"category","embeddable":true,"href":"https:\/\/www.human-rights-year.com\/de\/wp-json\/wp\/v2\/categories?post=990"},{"taxonomy":"post_tag","embeddable":true,"href":"https:\/\/www.human-rights-year.com\/de\/wp-json\/wp\/v2\/tags?post=990"}],"curies":[{"name":"wp","href":"https:\/\/api.w.org\/{rel}","templated":true}]}}