{"id":941,"date":"2019-09-12T09:43:44","date_gmt":"2019-09-12T07:43:44","guid":{"rendered":"https:\/\/www.human-rights-year.com\/?p=941"},"modified":"2019-09-12T09:43:44","modified_gmt":"2019-09-12T07:43:44","slug":"vermisst-wie-werden-die-krim-faelle-untersucht","status":"publish","type":"post","link":"https:\/\/www.human-rights-year.com\/de\/2019\/09\/12\/vermisst-wie-werden-die-krim-faelle-untersucht\/","title":{"rendered":"Vermisst: Wie werden die Krim-F\u00e4lle untersucht"},"content":{"rendered":"<p><a href=\"https:\/\/ru.krymr.com\/a\/28270301.html?fbclid=IwAR1gX0253PFLlxws1KASvQiVOEcVnzO-9y1jPtqXHFBK7m096mJAuHVTy2o\" target=\"_blank\" rel=\"noopener noreferrer\">Krim.Realii<\/a>: Aktivisten kommen am\u00a0Ende jedes Monats zur russischen Botschaft in\u00a0Kiew. Sie bringen Plakate mit den Namen der Vermissten nach der Annexion der Halbinsel Krim. Nach Angaben der Organisation \u00abKrim-SOS\u00bb gibt es\u00a0mittlerweile mindestens 15\u00a0solcher Personen, von denen drei im\u00a0vergangenen Jahr verschwunden sind. \u00abKrim Menschenrechtsgruppe\u00bb nennt wiederum eine andere Zahl: nach ihren Informationen gibt es 9\u00a0F\u00e4lle, die mit Beweisen als Verschwindenlassen qualifiziert werden k\u00f6nnen. Die Angeh\u00f6rigen dieser Menschen warten seit Monaten und einige\u00a0\u2014 seit Jahren auf die Ergebnisse der Untersuchungen ihrer F\u00e4lle.<!--more--><\/p>\n<p>Der \u00abKrim Menschenrechtsgruppe\u00bb zufolge war Reshat Ametov der erste unter den Vermissten: Im\u00a0M\u00e4rz 2014 hielt er\u00a0eine Einzelmahnwache in\u00a0Simferopol und wurde von Menschen festgenommen, die sich \u00abSelbstverteidigung der Krim\u00bb nannten. Danach wurde er\u00a0mit Anzeichen von Foltern tot gefunden. Im\u00a0selben Monat verschwanden zwei Aktivisten von Euromaidan aus der Region Rivne, Ivan Bondarets und Valery Vashchuk, sowie Vasily Chernysh aus Sewastopol. Im\u00a0Mai kam die Information \u00fcber das Verschwinden von Timur Shaimardanov und Seyran Zinedinov. Zwei weitere Verschwundene stammen aus dem September desselben Jahres\u00a0\u2014 dies ist der Sohn des krimtatarischen Menschenrechtsaktivisten Islyam Dzhepparov und sein Cousin Javdet Islyamov.<\/p>\n<p>&nbsp;<\/p>\n<p><a href=\"https:\/\/ru.krymr.com\/a\/28270301.html?fbclid=IwAR1gX0253PFLlxws1KASvQiVOEcVnzO-9y1jPtqXHFBK7m096mJAuHVTy2o\" target=\"_blank\" rel=\"noopener noreferrer\">Volle Variante des Textes<\/a><\/p>\n<p>&nbsp;<\/p>\n<p>Copyright \u00a9\u00a02018\u00a0RFE\u00a0\/ RL, Inc. Nachdruck mit freundlicher Genehmigung von Radio Free Europe\u00a0\/ Radio Liberty<\/p>\n","protected":false},"excerpt":{"rendered":"<p>Krim.Realii: Aktivisten kommen am\u00a0Ende jedes Monats zur russischen Botschaft in\u00a0Kiew. Sie bringen Plakate mit den Namen der Vermissten nach der Annexion der Halbinsel Krim. Nach<\/p>\n","protected":false},"author":1,"featured_media":939,"comment_status":"closed","ping_status":"open","sticky":false,"template":"","format":"standard","meta":[],"categories":[19,12],"tags":[142,49,118],"yoast_head":"<!-- This site is optimized with the Yoast SEO plugin v19.4 - https:\/\/yoast.com\/wordpress\/plugins\/seo\/ -->\n<title>Vermisst: Wie werden die Krim-F\u00e4lle untersucht - Europ\u00e4ischer Menschenrechtsdialog<\/title>\n<meta name=\"description\" content=\"Aktivisten kommen am\u00a0Ende jedes Monats zur russischen Botschaft in\u00a0Kiew. Sie bringen Plakate mit den Namen der Vermissten nach der Annexion der Halbinsel Krim.\" \/>\n<meta name=\"robots\" content=\"index, follow, max-snippet:-1, max-image-preview:large, max-video-preview:-1\" \/>\n<link rel=\"canonical\" href=\"https:\/\/www.human-rights-year.com\/de\/2019\/09\/12\/vermisst-wie-werden-die-krim-faelle-untersucht\/\" \/>\n<meta property=\"og:locale\" content=\"de_DE\" \/>\n<meta property=\"og:type\" content=\"article\" \/>\n<meta property=\"og:title\" content=\"Vermisst: Wie werden die Krim-F\u00e4lle untersucht - Europ\u00e4ischer Menschenrechtsdialog\" \/>\n<meta property=\"og:description\" content=\"Aktivisten kommen am\u00a0Ende jedes Monats zur russischen Botschaft in\u00a0Kiew. Sie bringen Plakate mit den Namen der Vermissten nach der Annexion der Halbinsel Krim.\" \/>\n<meta property=\"og:url\" content=\"https:\/\/www.human-rights-year.com\/de\/2019\/09\/12\/vermisst-wie-werden-die-krim-faelle-untersucht\/\" \/>\n<meta property=\"og:site_name\" content=\"Europ\u00e4ischer Menschenrechtsdialog\" \/>\n<meta property=\"article:published_time\" content=\"2019-09-12T07:43:44+00:00\" \/>\n<meta property=\"og:image\" content=\"https:\/\/www.human-rights-year.com\/wp-content\/uploads\/2019\/09\/krym.jpg\" \/>\n\t<meta property=\"og:image:width\" content=\"1023\" \/>\n\t<meta property=\"og:image:height\" content=\"575\" \/>\n\t<meta property=\"og:image:type\" content=\"image\/jpeg\" \/>\n<meta name=\"author\" content=\"Human Rights Year\" \/>\n<meta name=\"twitter:card\" content=\"summary_large_image\" \/>\n<meta name=\"twitter:label1\" content=\"Verfasst von\" \/>\n\t<meta name=\"twitter:data1\" content=\"Human Rights Year\" \/>\n\t<meta name=\"twitter:label2\" content=\"Gesch\u00e4tzte Lesezeit\" \/>\n\t<meta name=\"twitter:data2\" content=\"1\u00a0Minute\" \/>\n<script type=\"application\/ld+json\" class=\"yoast-schema-graph\">{\"@context\":\"https:\/\/schema.org\",\"@graph\":[{\"@type\":\"WebSite\",\"@id\":\"https:\/\/www.human-rights-year.com\/#website\",\"url\":\"https:\/\/www.human-rights-year.com\/\",\"name\":\"\u0415\u0432\u0440\u043e\u043f\u0435\u0439\u0441\u043a\u0438\u0439 \u043f\u0440\u0430\u0432\u043e\u0437\u0430\u0449\u0438\u0442\u043d\u044b\u0439 \u0434\u0438\u0430\u043b\u043e\u0433\",\"description\":\" \",\"potentialAction\":[{\"@type\":\"SearchAction\",\"target\":{\"@type\":\"EntryPoint\",\"urlTemplate\":\"https:\/\/www.human-rights-year.com\/?s={search_term_string}\"},\"query-input\":\"required name=search_term_string\"}],\"inLanguage\":\"de\"},{\"@type\":\"WebPage\",\"@id\":\"https:\/\/www.human-rights-year.com\/de\/2019\/09\/12\/vermisst-wie-werden-die-krim-faelle-untersucht\/\",\"url\":\"https:\/\/www.human-rights-year.com\/de\/2019\/09\/12\/vermisst-wie-werden-die-krim-faelle-untersucht\/\",\"name\":\"Vermisst: Wie werden die Krim-F\u00e4lle untersucht - Europ\u00e4ischer Menschenrechtsdialog\",\"isPartOf\":{\"@id\":\"https:\/\/www.human-rights-year.com\/#website\"},\"datePublished\":\"2019-09-12T07:43:44+00:00\",\"dateModified\":\"2019-09-12T07:43:44+00:00\",\"author\":{\"@id\":\"https:\/\/www.human-rights-year.com\/#\/schema\/person\/54d85daa1545786aba6f5320df79bb4c\"},\"description\":\"Aktivisten kommen am\u00a0Ende jedes Monats zur russischen Botschaft in\u00a0Kiew. Sie bringen Plakate mit den Namen der Vermissten nach der Annexion der Halbinsel Krim.\",\"breadcrumb\":{\"@id\":\"https:\/\/www.human-rights-year.com\/de\/2019\/09\/12\/vermisst-wie-werden-die-krim-faelle-untersucht\/#breadcrumb\"},\"inLanguage\":\"de\",\"potentialAction\":[{\"@type\":\"ReadAction\",\"target\":[\"https:\/\/www.human-rights-year.com\/de\/2019\/09\/12\/vermisst-wie-werden-die-krim-faelle-untersucht\/\"]}]},{\"@type\":\"BreadcrumbList\",\"@id\":\"https:\/\/www.human-rights-year.com\/de\/2019\/09\/12\/vermisst-wie-werden-die-krim-faelle-untersucht\/#breadcrumb\",\"itemListElement\":[{\"@type\":\"ListItem\",\"position\":1,\"name\":\"\u0413\u043b\u0430\u0432\u043d\u0430\u044f \u0441\u0442\u0440\u0430\u043d\u0438\u0446\u0430\",\"item\":\"https:\/\/www.human-rights-year.com\/de\/\"},{\"@type\":\"ListItem\",\"position\":2,\"name\":\"Vermisst: Wie werden die Krim-F\u00e4lle untersucht\"}]},{\"@type\":\"Person\",\"@id\":\"https:\/\/www.human-rights-year.com\/#\/schema\/person\/54d85daa1545786aba6f5320df79bb4c\",\"name\":\"Human Rights Year\",\"image\":{\"@type\":\"ImageObject\",\"inLanguage\":\"de\",\"@id\":\"https:\/\/www.human-rights-year.com\/#\/schema\/person\/image\/\",\"url\":\"https:\/\/secure.gravatar.com\/avatar\/685b0e722b7b569d9169f933abfd5f26?s=96&d=mm&r=g\",\"contentUrl\":\"https:\/\/secure.gravatar.com\/avatar\/685b0e722b7b569d9169f933abfd5f26?s=96&d=mm&r=g\",\"caption\":\"Human Rights Year\"},\"description\":\"\u041d\u0435\u043c\u0435\u0446\u043a\u043e - \u0440\u043e\u0441\u0441\u0438\u0439\u0441\u043a\u0438\u0439 \u0433\u043e\u0434 \u043f\u0440\u0430\u0432 \u0447\u0435\u043b\u043e\u0432\u0435\u043a\u0430 \u041f\u0440\u043e\u0435\u043a\u0442 \u0438\u043d\u0444\u043e\u0440\u043c\u0438\u0440\u0443\u0435\u0442 \u043d\u0435\u043c\u0435\u0446\u043a\u043e\u0435 \u043e\u0431\u0449\u0435\u0441\u0442\u0432\u043e,\u00a0 \u0432 \u0442\u043e\u043c \u0447\u0438\u0441\u043b\u0435 \u0435\u0433\u043e \u0440\u0443\u0441\u0441\u043a\u043e\u044f\u0437\u044b\u0447\u043d\u0443\u044e \u0447\u0430\u0441\u0442\u044c, \u043e \u0441\u0438\u0442\u0443\u0430\u0446\u0438\u0438 \u0441 \u0441\u043e\u0431\u043b\u044e\u0434\u0435\u043d\u0438\u0435\u043c \u043f\u0440\u0430\u0432 \u0447\u0435\u043b\u043e\u0432\u0435\u043a\u0430 \u0432 \u0420\u043e\u0441\u0441\u0438\u0438; \u0430 \u0440\u043e\u0441\u0441\u0438\u044f\u043d - \u043e \u0441\u0438\u0442\u0443\u0430\u0446\u0438\u0438 \u0432 \u044d\u0442\u043e\u0439 \u043e\u0431\u043b\u0430\u0441\u0442\u0438 \u0432 \u0413\u0435\u0440\u043c\u0430\u043d\u0438\u0438. \u0420\u0435\u0430\u043b\u0438\u0437\u0443\u0435\u0442\u0441\u044f \u043f\u0440\u0438 \u0443\u0447\u0430\u0441\u0442\u0438\u0438 \u0440\u043e\u0441\u0441\u0438\u0439\u0441\u043a\u043e\u0433\u043e \u043f\u0440\u0430\u0432\u043e\u0437\u0430\u0449\u0438\u0442\u043d\u043e\u0433\u043e \u0446\u0435\u043d\u0442\u0440\u0430 \u201c\u041c\u0435\u043c\u043e\u0440\u0438\u0430\u043b\u201d \u0438 \u0424\u043e\u0440\u0443\u043c\u0430 \u0440\u0443\u0441\u0441\u043a\u043e\u044f\u0437\u044b\u0447\u043d\u044b\u0445 \u0435\u0432\u0440\u043e\u043f\u0435\u0439\u0446\u0435\u0432, \u0430 \u0442\u0430\u043a\u0436\u0435 \u043f\u0440\u0438 \u043f\u043e\u0434\u0434\u0435\u0440\u0436\u043a\u0435 \u0433\u0435\u0440\u043c\u0430\u043d\u0441\u043a\u043e\u0433\u043e \u041c\u0418\u0414\u0430.\",\"sameAs\":[\"https:\/\/www.human-rights-year.com\"],\"url\":\"https:\/\/www.human-rights-year.com\/de\/author\/humanrightsyear\/\"}]}<\/script>\n<!-- \/ Yoast SEO plugin. -->","yoast_head_json":{"title":"Vermisst: Wie werden die Krim-F\u00e4lle untersucht - Europ\u00e4ischer Menschenrechtsdialog","description":"Aktivisten kommen am\u00a0Ende jedes Monats zur russischen Botschaft in\u00a0Kiew. Sie bringen Plakate mit den Namen der Vermissten nach der Annexion der Halbinsel Krim.","robots":{"index":"index","follow":"follow","max-snippet":"max-snippet:-1","max-image-preview":"max-image-preview:large","max-video-preview":"max-video-preview:-1"},"canonical":"https:\/\/www.human-rights-year.com\/de\/2019\/09\/12\/vermisst-wie-werden-die-krim-faelle-untersucht\/","og_locale":"de_DE","og_type":"article","og_title":"Vermisst: Wie werden die Krim-F\u00e4lle untersucht - Europ\u00e4ischer Menschenrechtsdialog","og_description":"Aktivisten kommen am\u00a0Ende jedes Monats zur russischen Botschaft in\u00a0Kiew. Sie bringen Plakate mit den Namen der Vermissten nach der Annexion der Halbinsel Krim.","og_url":"https:\/\/www.human-rights-year.com\/de\/2019\/09\/12\/vermisst-wie-werden-die-krim-faelle-untersucht\/","og_site_name":"Europ\u00e4ischer Menschenrechtsdialog","article_published_time":"2019-09-12T07:43:44+00:00","og_image":[{"width":1023,"height":575,"url":"https:\/\/www.human-rights-year.com\/wp-content\/uploads\/2019\/09\/krym.jpg","type":"image\/jpeg"}],"author":"Human Rights Year","twitter_card":"summary_large_image","twitter_misc":{"Verfasst von":"Human Rights Year","Gesch\u00e4tzte Lesezeit":"1\u00a0Minute"},"schema":{"@context":"https:\/\/schema.org","@graph":[{"@type":"WebSite","@id":"https:\/\/www.human-rights-year.com\/#website","url":"https:\/\/www.human-rights-year.com\/","name":"\u0415\u0432\u0440\u043e\u043f\u0435\u0439\u0441\u043a\u0438\u0439 \u043f\u0440\u0430\u0432\u043e\u0437\u0430\u0449\u0438\u0442\u043d\u044b\u0439 \u0434\u0438\u0430\u043b\u043e\u0433","description":" ","potentialAction":[{"@type":"SearchAction","target":{"@type":"EntryPoint","urlTemplate":"https:\/\/www.human-rights-year.com\/?s={search_term_string}"},"query-input":"required name=search_term_string"}],"inLanguage":"de"},{"@type":"WebPage","@id":"https:\/\/www.human-rights-year.com\/de\/2019\/09\/12\/vermisst-wie-werden-die-krim-faelle-untersucht\/","url":"https:\/\/www.human-rights-year.com\/de\/2019\/09\/12\/vermisst-wie-werden-die-krim-faelle-untersucht\/","name":"Vermisst: Wie werden die Krim-F\u00e4lle untersucht - Europ\u00e4ischer Menschenrechtsdialog","isPartOf":{"@id":"https:\/\/www.human-rights-year.com\/#website"},"datePublished":"2019-09-12T07:43:44+00:00","dateModified":"2019-09-12T07:43:44+00:00","author":{"@id":"https:\/\/www.human-rights-year.com\/#\/schema\/person\/54d85daa1545786aba6f5320df79bb4c"},"description":"Aktivisten kommen am\u00a0Ende jedes Monats zur russischen Botschaft in\u00a0Kiew. Sie bringen Plakate mit den Namen der Vermissten nach der Annexion der Halbinsel Krim.","breadcrumb":{"@id":"https:\/\/www.human-rights-year.com\/de\/2019\/09\/12\/vermisst-wie-werden-die-krim-faelle-untersucht\/#breadcrumb"},"inLanguage":"de","potentialAction":[{"@type":"ReadAction","target":["https:\/\/www.human-rights-year.com\/de\/2019\/09\/12\/vermisst-wie-werden-die-krim-faelle-untersucht\/"]}]},{"@type":"BreadcrumbList","@id":"https:\/\/www.human-rights-year.com\/de\/2019\/09\/12\/vermisst-wie-werden-die-krim-faelle-untersucht\/#breadcrumb","itemListElement":[{"@type":"ListItem","position":1,"name":"\u0413\u043b\u0430\u0432\u043d\u0430\u044f \u0441\u0442\u0440\u0430\u043d\u0438\u0446\u0430","item":"https:\/\/www.human-rights-year.com\/de\/"},{"@type":"ListItem","position":2,"name":"Vermisst: Wie werden die Krim-F\u00e4lle untersucht"}]},{"@type":"Person","@id":"https:\/\/www.human-rights-year.com\/#\/schema\/person\/54d85daa1545786aba6f5320df79bb4c","name":"Human Rights Year","image":{"@type":"ImageObject","inLanguage":"de","@id":"https:\/\/www.human-rights-year.com\/#\/schema\/person\/image\/","url":"https:\/\/secure.gravatar.com\/avatar\/685b0e722b7b569d9169f933abfd5f26?s=96&d=mm&r=g","contentUrl":"https:\/\/secure.gravatar.com\/avatar\/685b0e722b7b569d9169f933abfd5f26?s=96&d=mm&r=g","caption":"Human Rights Year"},"description":"\u041d\u0435\u043c\u0435\u0446\u043a\u043e - \u0440\u043e\u0441\u0441\u0438\u0439\u0441\u043a\u0438\u0439 \u0433\u043e\u0434 \u043f\u0440\u0430\u0432 \u0447\u0435\u043b\u043e\u0432\u0435\u043a\u0430 \u041f\u0440\u043e\u0435\u043a\u0442 \u0438\u043d\u0444\u043e\u0440\u043c\u0438\u0440\u0443\u0435\u0442 \u043d\u0435\u043c\u0435\u0446\u043a\u043e\u0435 \u043e\u0431\u0449\u0435\u0441\u0442\u0432\u043e,\u00a0 \u0432 \u0442\u043e\u043c \u0447\u0438\u0441\u043b\u0435 \u0435\u0433\u043e \u0440\u0443\u0441\u0441\u043a\u043e\u044f\u0437\u044b\u0447\u043d\u0443\u044e \u0447\u0430\u0441\u0442\u044c, \u043e \u0441\u0438\u0442\u0443\u0430\u0446\u0438\u0438 \u0441 \u0441\u043e\u0431\u043b\u044e\u0434\u0435\u043d\u0438\u0435\u043c \u043f\u0440\u0430\u0432 \u0447\u0435\u043b\u043e\u0432\u0435\u043a\u0430 \u0432 \u0420\u043e\u0441\u0441\u0438\u0438; \u0430 \u0440\u043e\u0441\u0441\u0438\u044f\u043d - \u043e \u0441\u0438\u0442\u0443\u0430\u0446\u0438\u0438 \u0432 \u044d\u0442\u043e\u0439 \u043e\u0431\u043b\u0430\u0441\u0442\u0438 \u0432 \u0413\u0435\u0440\u043c\u0430\u043d\u0438\u0438. \u0420\u0435\u0430\u043b\u0438\u0437\u0443\u0435\u0442\u0441\u044f \u043f\u0440\u0438 \u0443\u0447\u0430\u0441\u0442\u0438\u0438 \u0440\u043e\u0441\u0441\u0438\u0439\u0441\u043a\u043e\u0433\u043e \u043f\u0440\u0430\u0432\u043e\u0437\u0430\u0449\u0438\u0442\u043d\u043e\u0433\u043e \u0446\u0435\u043d\u0442\u0440\u0430 \u201c\u041c\u0435\u043c\u043e\u0440\u0438\u0430\u043b\u201d \u0438 \u0424\u043e\u0440\u0443\u043c\u0430 \u0440\u0443\u0441\u0441\u043a\u043e\u044f\u0437\u044b\u0447\u043d\u044b\u0445 \u0435\u0432\u0440\u043e\u043f\u0435\u0439\u0446\u0435\u0432, \u0430 \u0442\u0430\u043a\u0436\u0435 \u043f\u0440\u0438 \u043f\u043e\u0434\u0434\u0435\u0440\u0436\u043a\u0435 \u0433\u0435\u0440\u043c\u0430\u043d\u0441\u043a\u043e\u0433\u043e \u041c\u0418\u0414\u0430.","sameAs":["https:\/\/www.human-rights-year.com"],"url":"https:\/\/www.human-rights-year.com\/de\/author\/humanrightsyear\/"}]}},"_links":{"self":[{"href":"https:\/\/www.human-rights-year.com\/de\/wp-json\/wp\/v2\/posts\/941"}],"collection":[{"href":"https:\/\/www.human-rights-year.com\/de\/wp-json\/wp\/v2\/posts"}],"about":[{"href":"https:\/\/www.human-rights-year.com\/de\/wp-json\/wp\/v2\/types\/post"}],"author":[{"embeddable":true,"href":"https:\/\/www.human-rights-year.com\/de\/wp-json\/wp\/v2\/users\/1"}],"replies":[{"embeddable":true,"href":"https:\/\/www.human-rights-year.com\/de\/wp-json\/wp\/v2\/comments?post=941"}],"version-history":[{"count":0,"href":"https:\/\/www.human-rights-year.com\/de\/wp-json\/wp\/v2\/posts\/941\/revisions"}],"wp:featuredmedia":[{"embeddable":true,"href":"https:\/\/www.human-rights-year.com\/de\/wp-json\/wp\/v2\/media\/939"}],"wp:attachment":[{"href":"https:\/\/www.human-rights-year.com\/de\/wp-json\/wp\/v2\/media?parent=941"}],"wp:term":[{"taxonomy":"category","embeddable":true,"href":"https:\/\/www.human-rights-year.com\/de\/wp-json\/wp\/v2\/categories?post=941"},{"taxonomy":"post_tag","embeddable":true,"href":"https:\/\/www.human-rights-year.com\/de\/wp-json\/wp\/v2\/tags?post=941"}],"curies":[{"name":"wp","href":"https:\/\/api.w.org\/{rel}","templated":true}]}}