{"id":809,"date":"2019-09-09T15:42:54","date_gmt":"2019-09-09T13:42:54","guid":{"rendered":"https:\/\/www.human-rights-year.com\/?p=809"},"modified":"2019-09-12T18:37:18","modified_gmt":"2019-09-12T16:37:18","slug":"haeftlinge-mit-hiv-sind-unterversorgt","status":"publish","type":"post","link":"https:\/\/www.human-rights-year.com\/de\/2019\/09\/09\/haeftlinge-mit-hiv-sind-unterversorgt\/","title":{"rendered":"H\u00e4ftlinge mit HIV sind unterversorgt"},"content":{"rendered":"<p>Die Bewegung \u00abPatientenkontrolle\u00bb berichtet von den St\u00f6rungen bei der Versorgung der HIV-infizierten Gefangenen in\u00a0Russland mit einer antiretroviralen Therapie, berichtet die Website <a href=\"https:\/\/takiedela.ru\/news\/2019\/09\/09\/preparaty-ot-vich-v-koloniyakh\/\" target=\"_blank\" rel=\"noopener noreferrer\">Takiedela.<\/a><\/p>\n<p>Ihren Angaben zufolge warnte \u00abPatientenkontrolle\u00bb die Beh\u00f6rden schon vor drei Monaten vor einem m\u00f6glichen Mangel an\u00a0Medikamenten, doch dann k\u00fcndigte der F\u00f6derale Dienst f\u00fcr den Strafvollzug (FSIN) an, dass alle Bed\u00fcrftigen Medikamente erhalten w\u00fcrden.<!--more--><\/p>\n<p>Seit M\u00e4rz dieses Jahres hat das Gesundheitsministerium diese Arzneimittel aus der Liste der zentralen Beschaffung f\u00fcr den F\u00f6deralen Dienst f\u00fcr den Strafvollzug ausgeschlossen. Seitdem muss der F\u00f6derale Dienst f\u00fcr den Strafvollzug selbst die Beschaffung anmelden. Eine Reihe von Auktionen des Gesundheitsministeriums, die vor dem Ausschluss des Bundesgef\u00e4ngnisdienstes vom Beschaffungswesen angek\u00fcndigt worden waren, fanden laut des Mediums nicht mehr statt. Sp\u00e4ter wurden sie wiederholt, aber der F\u00f6derale Dienst f\u00fcr den Strafvollzug wurde nicht mehr als Empf\u00e4nger angegeben. Selbst wenn das Gesundheitsministerium Vertr\u00e4ge abschlie\u00dft, erhalten H\u00e4ftlinge mit HIV diese Medikamente nicht. Es\u00a0ging um\u00a0Lamivudin, Abacavir, Didanosin und Tenofovir.<\/p>\n<p>Ende August gab die <a href=\"https:\/\/mbk-news.appspot.com\/news\/vich-ne-lechat\/\" target=\"_blank\" rel=\"noopener noreferrer\">Generalstaatsanwaltschaft<\/a> bekannt, dass in\u00a0Russland\u00a061.500 H\u00e4ftlinge mit HIV leben und fast keiner von ihnen eine antivirale Therapie erh\u00e4lt\u00a0\u2014 dies f\u00fchrte zu\u00a0fast einem Drittel der Todesf\u00e4lle in\u00a0den FSIN-Einrichtungen.<\/p>\n<p>&nbsp;<\/p>\n<p>&nbsp;<\/p>\n<p><a href=\"https:\/\/mbk-news.appspot.com\/news\/vich-v\/\" target=\"_blank\" rel=\"noopener noreferrer\">Quelle<\/a><br \/>\nIllustration (CC) <a href=\"https:\/\/www.flickr.com\/photos\/niaid\/32596142246\/\" target=\"_blank\" rel=\"noopener noreferrer\">NIAID<\/a><\/p>\n","protected":false},"excerpt":{"rendered":"<p>Die Bewegung \u00abPatientenkontrolle\u00bb berichtet von den St\u00f6rungen bei der Versorgung der HIV-infizierten Gefangenen in\u00a0Russland mit einer antiretroviralen Therapie, berichtet die Website Takiedela. Ihren Angaben zufolge<\/p>\n","protected":false},"author":1,"featured_media":791,"comment_status":"open","ping_status":"open","sticky":false,"template":"","format":"standard","meta":[],"categories":[20,12],"tags":[120,119,49],"yoast_head":"<!-- This site is optimized with the Yoast SEO plugin v19.4 - https:\/\/yoast.com\/wordpress\/plugins\/seo\/ -->\n<title>H\u00e4ftlinge mit HIV sind unterversorgt - Europ\u00e4ischer Menschenrechtsdialog<\/title>\n<meta name=\"description\" content=\"In\u00a0Russland leben\u00a061.500 H\u00e4ftlinge mit HIV und fast keiner von ihnen erh\u00e4lt eine antivirale Therapie \u2014 dies f\u00fchrte zu\u00a0fast einem Drittel der Todesf\u00e4lle in\u00a0den FSIN-Einrichtungen.\" \/>\n<meta name=\"robots\" content=\"index, follow, max-snippet:-1, max-image-preview:large, max-video-preview:-1\" \/>\n<link rel=\"canonical\" href=\"https:\/\/www.human-rights-year.com\/de\/2019\/09\/09\/haeftlinge-mit-hiv-sind-unterversorgt\/\" \/>\n<meta property=\"og:locale\" content=\"de_DE\" \/>\n<meta property=\"og:type\" content=\"article\" \/>\n<meta property=\"og:title\" content=\"H\u00e4ftlinge mit HIV sind unterversorgt - Europ\u00e4ischer Menschenrechtsdialog\" \/>\n<meta property=\"og:description\" content=\"In\u00a0Russland leben\u00a061.500 H\u00e4ftlinge mit HIV und fast keiner von ihnen erh\u00e4lt eine antivirale Therapie \u2014 dies f\u00fchrte zu\u00a0fast einem Drittel der Todesf\u00e4lle in\u00a0den FSIN-Einrichtungen.\" \/>\n<meta property=\"og:url\" content=\"https:\/\/www.human-rights-year.com\/de\/2019\/09\/09\/haeftlinge-mit-hiv-sind-unterversorgt\/\" \/>\n<meta property=\"og:site_name\" content=\"Europ\u00e4ischer Menschenrechtsdialog\" \/>\n<meta property=\"article:published_time\" content=\"2019-09-09T13:42:54+00:00\" \/>\n<meta property=\"article:modified_time\" content=\"2019-09-12T16:37:18+00:00\" \/>\n<meta property=\"og:image\" content=\"https:\/\/www.human-rights-year.com\/wp-content\/uploads\/2019\/09\/32596142246_51e40150dd_k.jpg\" \/>\n\t<meta property=\"og:image:width\" content=\"2048\" \/>\n\t<meta property=\"og:image:height\" content=\"1536\" \/>\n\t<meta property=\"og:image:type\" content=\"image\/jpeg\" \/>\n<meta name=\"author\" content=\"Human Rights Year\" \/>\n<meta name=\"twitter:card\" content=\"summary_large_image\" \/>\n<meta name=\"twitter:label1\" content=\"Verfasst von\" \/>\n\t<meta name=\"twitter:data1\" content=\"Human Rights Year\" \/>\n\t<meta name=\"twitter:label2\" content=\"Gesch\u00e4tzte Lesezeit\" \/>\n\t<meta name=\"twitter:data2\" content=\"1\u00a0Minute\" \/>\n<script type=\"application\/ld+json\" class=\"yoast-schema-graph\">{\"@context\":\"https:\/\/schema.org\",\"@graph\":[{\"@type\":\"WebSite\",\"@id\":\"https:\/\/www.human-rights-year.com\/#website\",\"url\":\"https:\/\/www.human-rights-year.com\/\",\"name\":\"\u0415\u0432\u0440\u043e\u043f\u0435\u0439\u0441\u043a\u0438\u0439 \u043f\u0440\u0430\u0432\u043e\u0437\u0430\u0449\u0438\u0442\u043d\u044b\u0439 \u0434\u0438\u0430\u043b\u043e\u0433\",\"description\":\" \",\"potentialAction\":[{\"@type\":\"SearchAction\",\"target\":{\"@type\":\"EntryPoint\",\"urlTemplate\":\"https:\/\/www.human-rights-year.com\/?s={search_term_string}\"},\"query-input\":\"required name=search_term_string\"}],\"inLanguage\":\"de\"},{\"@type\":\"WebPage\",\"@id\":\"https:\/\/www.human-rights-year.com\/de\/2019\/09\/09\/haeftlinge-mit-hiv-sind-unterversorgt\/\",\"url\":\"https:\/\/www.human-rights-year.com\/de\/2019\/09\/09\/haeftlinge-mit-hiv-sind-unterversorgt\/\",\"name\":\"H\u00e4ftlinge mit HIV sind unterversorgt - Europ\u00e4ischer Menschenrechtsdialog\",\"isPartOf\":{\"@id\":\"https:\/\/www.human-rights-year.com\/#website\"},\"datePublished\":\"2019-09-09T13:42:54+00:00\",\"dateModified\":\"2019-09-12T16:37:18+00:00\",\"author\":{\"@id\":\"https:\/\/www.human-rights-year.com\/#\/schema\/person\/54d85daa1545786aba6f5320df79bb4c\"},\"description\":\"In\u00a0Russland leben\u00a061.500 H\u00e4ftlinge mit HIV und fast keiner von ihnen erh\u00e4lt eine antivirale Therapie \u2014 dies f\u00fchrte zu\u00a0fast einem Drittel der Todesf\u00e4lle in\u00a0den FSIN-Einrichtungen.\",\"breadcrumb\":{\"@id\":\"https:\/\/www.human-rights-year.com\/de\/2019\/09\/09\/haeftlinge-mit-hiv-sind-unterversorgt\/#breadcrumb\"},\"inLanguage\":\"de\",\"potentialAction\":[{\"@type\":\"ReadAction\",\"target\":[\"https:\/\/www.human-rights-year.com\/de\/2019\/09\/09\/haeftlinge-mit-hiv-sind-unterversorgt\/\"]}]},{\"@type\":\"BreadcrumbList\",\"@id\":\"https:\/\/www.human-rights-year.com\/de\/2019\/09\/09\/haeftlinge-mit-hiv-sind-unterversorgt\/#breadcrumb\",\"itemListElement\":[{\"@type\":\"ListItem\",\"position\":1,\"name\":\"\u0413\u043b\u0430\u0432\u043d\u0430\u044f \u0441\u0442\u0440\u0430\u043d\u0438\u0446\u0430\",\"item\":\"https:\/\/www.human-rights-year.com\/de\/\"},{\"@type\":\"ListItem\",\"position\":2,\"name\":\"H\u00e4ftlinge mit HIV sind unterversorgt\"}]},{\"@type\":\"Person\",\"@id\":\"https:\/\/www.human-rights-year.com\/#\/schema\/person\/54d85daa1545786aba6f5320df79bb4c\",\"name\":\"Human Rights Year\",\"image\":{\"@type\":\"ImageObject\",\"inLanguage\":\"de\",\"@id\":\"https:\/\/www.human-rights-year.com\/#\/schema\/person\/image\/\",\"url\":\"https:\/\/secure.gravatar.com\/avatar\/685b0e722b7b569d9169f933abfd5f26?s=96&d=mm&r=g\",\"contentUrl\":\"https:\/\/secure.gravatar.com\/avatar\/685b0e722b7b569d9169f933abfd5f26?s=96&d=mm&r=g\",\"caption\":\"Human Rights Year\"},\"description\":\"\u041d\u0435\u043c\u0435\u0446\u043a\u043e - \u0440\u043e\u0441\u0441\u0438\u0439\u0441\u043a\u0438\u0439 \u0433\u043e\u0434 \u043f\u0440\u0430\u0432 \u0447\u0435\u043b\u043e\u0432\u0435\u043a\u0430 \u041f\u0440\u043e\u0435\u043a\u0442 \u0438\u043d\u0444\u043e\u0440\u043c\u0438\u0440\u0443\u0435\u0442 \u043d\u0435\u043c\u0435\u0446\u043a\u043e\u0435 \u043e\u0431\u0449\u0435\u0441\u0442\u0432\u043e,\u00a0 \u0432 \u0442\u043e\u043c \u0447\u0438\u0441\u043b\u0435 \u0435\u0433\u043e \u0440\u0443\u0441\u0441\u043a\u043e\u044f\u0437\u044b\u0447\u043d\u0443\u044e \u0447\u0430\u0441\u0442\u044c, \u043e \u0441\u0438\u0442\u0443\u0430\u0446\u0438\u0438 \u0441 \u0441\u043e\u0431\u043b\u044e\u0434\u0435\u043d\u0438\u0435\u043c \u043f\u0440\u0430\u0432 \u0447\u0435\u043b\u043e\u0432\u0435\u043a\u0430 \u0432 \u0420\u043e\u0441\u0441\u0438\u0438; \u0430 \u0440\u043e\u0441\u0441\u0438\u044f\u043d - \u043e \u0441\u0438\u0442\u0443\u0430\u0446\u0438\u0438 \u0432 \u044d\u0442\u043e\u0439 \u043e\u0431\u043b\u0430\u0441\u0442\u0438 \u0432 \u0413\u0435\u0440\u043c\u0430\u043d\u0438\u0438. \u0420\u0435\u0430\u043b\u0438\u0437\u0443\u0435\u0442\u0441\u044f \u043f\u0440\u0438 \u0443\u0447\u0430\u0441\u0442\u0438\u0438 \u0440\u043e\u0441\u0441\u0438\u0439\u0441\u043a\u043e\u0433\u043e \u043f\u0440\u0430\u0432\u043e\u0437\u0430\u0449\u0438\u0442\u043d\u043e\u0433\u043e \u0446\u0435\u043d\u0442\u0440\u0430 \u201c\u041c\u0435\u043c\u043e\u0440\u0438\u0430\u043b\u201d \u0438 \u0424\u043e\u0440\u0443\u043c\u0430 \u0440\u0443\u0441\u0441\u043a\u043e\u044f\u0437\u044b\u0447\u043d\u044b\u0445 \u0435\u0432\u0440\u043e\u043f\u0435\u0439\u0446\u0435\u0432, \u0430 \u0442\u0430\u043a\u0436\u0435 \u043f\u0440\u0438 \u043f\u043e\u0434\u0434\u0435\u0440\u0436\u043a\u0435 \u0433\u0435\u0440\u043c\u0430\u043d\u0441\u043a\u043e\u0433\u043e \u041c\u0418\u0414\u0430.\",\"sameAs\":[\"https:\/\/www.human-rights-year.com\"],\"url\":\"https:\/\/www.human-rights-year.com\/de\/author\/humanrightsyear\/\"}]}<\/script>\n<!-- \/ Yoast SEO plugin. -->","yoast_head_json":{"title":"H\u00e4ftlinge mit HIV sind unterversorgt - Europ\u00e4ischer Menschenrechtsdialog","description":"In\u00a0Russland leben\u00a061.500 H\u00e4ftlinge mit HIV und fast keiner von ihnen erh\u00e4lt eine antivirale Therapie \u2014 dies f\u00fchrte zu\u00a0fast einem Drittel der Todesf\u00e4lle in\u00a0den FSIN-Einrichtungen.","robots":{"index":"index","follow":"follow","max-snippet":"max-snippet:-1","max-image-preview":"max-image-preview:large","max-video-preview":"max-video-preview:-1"},"canonical":"https:\/\/www.human-rights-year.com\/de\/2019\/09\/09\/haeftlinge-mit-hiv-sind-unterversorgt\/","og_locale":"de_DE","og_type":"article","og_title":"H\u00e4ftlinge mit HIV sind unterversorgt - Europ\u00e4ischer Menschenrechtsdialog","og_description":"In\u00a0Russland leben\u00a061.500 H\u00e4ftlinge mit HIV und fast keiner von ihnen erh\u00e4lt eine antivirale Therapie \u2014 dies f\u00fchrte zu\u00a0fast einem Drittel der Todesf\u00e4lle in\u00a0den FSIN-Einrichtungen.","og_url":"https:\/\/www.human-rights-year.com\/de\/2019\/09\/09\/haeftlinge-mit-hiv-sind-unterversorgt\/","og_site_name":"Europ\u00e4ischer Menschenrechtsdialog","article_published_time":"2019-09-09T13:42:54+00:00","article_modified_time":"2019-09-12T16:37:18+00:00","og_image":[{"width":2048,"height":1536,"url":"https:\/\/www.human-rights-year.com\/wp-content\/uploads\/2019\/09\/32596142246_51e40150dd_k.jpg","type":"image\/jpeg"}],"author":"Human Rights Year","twitter_card":"summary_large_image","twitter_misc":{"Verfasst von":"Human Rights Year","Gesch\u00e4tzte Lesezeit":"1\u00a0Minute"},"schema":{"@context":"https:\/\/schema.org","@graph":[{"@type":"WebSite","@id":"https:\/\/www.human-rights-year.com\/#website","url":"https:\/\/www.human-rights-year.com\/","name":"\u0415\u0432\u0440\u043e\u043f\u0435\u0439\u0441\u043a\u0438\u0439 \u043f\u0440\u0430\u0432\u043e\u0437\u0430\u0449\u0438\u0442\u043d\u044b\u0439 \u0434\u0438\u0430\u043b\u043e\u0433","description":" ","potentialAction":[{"@type":"SearchAction","target":{"@type":"EntryPoint","urlTemplate":"https:\/\/www.human-rights-year.com\/?s={search_term_string}"},"query-input":"required name=search_term_string"}],"inLanguage":"de"},{"@type":"WebPage","@id":"https:\/\/www.human-rights-year.com\/de\/2019\/09\/09\/haeftlinge-mit-hiv-sind-unterversorgt\/","url":"https:\/\/www.human-rights-year.com\/de\/2019\/09\/09\/haeftlinge-mit-hiv-sind-unterversorgt\/","name":"H\u00e4ftlinge mit HIV sind unterversorgt - Europ\u00e4ischer Menschenrechtsdialog","isPartOf":{"@id":"https:\/\/www.human-rights-year.com\/#website"},"datePublished":"2019-09-09T13:42:54+00:00","dateModified":"2019-09-12T16:37:18+00:00","author":{"@id":"https:\/\/www.human-rights-year.com\/#\/schema\/person\/54d85daa1545786aba6f5320df79bb4c"},"description":"In\u00a0Russland leben\u00a061.500 H\u00e4ftlinge mit HIV und fast keiner von ihnen erh\u00e4lt eine antivirale Therapie \u2014 dies f\u00fchrte zu\u00a0fast einem Drittel der Todesf\u00e4lle in\u00a0den FSIN-Einrichtungen.","breadcrumb":{"@id":"https:\/\/www.human-rights-year.com\/de\/2019\/09\/09\/haeftlinge-mit-hiv-sind-unterversorgt\/#breadcrumb"},"inLanguage":"de","potentialAction":[{"@type":"ReadAction","target":["https:\/\/www.human-rights-year.com\/de\/2019\/09\/09\/haeftlinge-mit-hiv-sind-unterversorgt\/"]}]},{"@type":"BreadcrumbList","@id":"https:\/\/www.human-rights-year.com\/de\/2019\/09\/09\/haeftlinge-mit-hiv-sind-unterversorgt\/#breadcrumb","itemListElement":[{"@type":"ListItem","position":1,"name":"\u0413\u043b\u0430\u0432\u043d\u0430\u044f \u0441\u0442\u0440\u0430\u043d\u0438\u0446\u0430","item":"https:\/\/www.human-rights-year.com\/de\/"},{"@type":"ListItem","position":2,"name":"H\u00e4ftlinge mit HIV sind unterversorgt"}]},{"@type":"Person","@id":"https:\/\/www.human-rights-year.com\/#\/schema\/person\/54d85daa1545786aba6f5320df79bb4c","name":"Human Rights Year","image":{"@type":"ImageObject","inLanguage":"de","@id":"https:\/\/www.human-rights-year.com\/#\/schema\/person\/image\/","url":"https:\/\/secure.gravatar.com\/avatar\/685b0e722b7b569d9169f933abfd5f26?s=96&d=mm&r=g","contentUrl":"https:\/\/secure.gravatar.com\/avatar\/685b0e722b7b569d9169f933abfd5f26?s=96&d=mm&r=g","caption":"Human Rights Year"},"description":"\u041d\u0435\u043c\u0435\u0446\u043a\u043e - \u0440\u043e\u0441\u0441\u0438\u0439\u0441\u043a\u0438\u0439 \u0433\u043e\u0434 \u043f\u0440\u0430\u0432 \u0447\u0435\u043b\u043e\u0432\u0435\u043a\u0430 \u041f\u0440\u043e\u0435\u043a\u0442 \u0438\u043d\u0444\u043e\u0440\u043c\u0438\u0440\u0443\u0435\u0442 \u043d\u0435\u043c\u0435\u0446\u043a\u043e\u0435 \u043e\u0431\u0449\u0435\u0441\u0442\u0432\u043e,\u00a0 \u0432 \u0442\u043e\u043c \u0447\u0438\u0441\u043b\u0435 \u0435\u0433\u043e \u0440\u0443\u0441\u0441\u043a\u043e\u044f\u0437\u044b\u0447\u043d\u0443\u044e \u0447\u0430\u0441\u0442\u044c, \u043e \u0441\u0438\u0442\u0443\u0430\u0446\u0438\u0438 \u0441 \u0441\u043e\u0431\u043b\u044e\u0434\u0435\u043d\u0438\u0435\u043c \u043f\u0440\u0430\u0432 \u0447\u0435\u043b\u043e\u0432\u0435\u043a\u0430 \u0432 \u0420\u043e\u0441\u0441\u0438\u0438; \u0430 \u0440\u043e\u0441\u0441\u0438\u044f\u043d - \u043e \u0441\u0438\u0442\u0443\u0430\u0446\u0438\u0438 \u0432 \u044d\u0442\u043e\u0439 \u043e\u0431\u043b\u0430\u0441\u0442\u0438 \u0432 \u0413\u0435\u0440\u043c\u0430\u043d\u0438\u0438. \u0420\u0435\u0430\u043b\u0438\u0437\u0443\u0435\u0442\u0441\u044f \u043f\u0440\u0438 \u0443\u0447\u0430\u0441\u0442\u0438\u0438 \u0440\u043e\u0441\u0441\u0438\u0439\u0441\u043a\u043e\u0433\u043e \u043f\u0440\u0430\u0432\u043e\u0437\u0430\u0449\u0438\u0442\u043d\u043e\u0433\u043e \u0446\u0435\u043d\u0442\u0440\u0430 \u201c\u041c\u0435\u043c\u043e\u0440\u0438\u0430\u043b\u201d \u0438 \u0424\u043e\u0440\u0443\u043c\u0430 \u0440\u0443\u0441\u0441\u043a\u043e\u044f\u0437\u044b\u0447\u043d\u044b\u0445 \u0435\u0432\u0440\u043e\u043f\u0435\u0439\u0446\u0435\u0432, \u0430 \u0442\u0430\u043a\u0436\u0435 \u043f\u0440\u0438 \u043f\u043e\u0434\u0434\u0435\u0440\u0436\u043a\u0435 \u0433\u0435\u0440\u043c\u0430\u043d\u0441\u043a\u043e\u0433\u043e \u041c\u0418\u0414\u0430.","sameAs":["https:\/\/www.human-rights-year.com"],"url":"https:\/\/www.human-rights-year.com\/de\/author\/humanrightsyear\/"}]}},"_links":{"self":[{"href":"https:\/\/www.human-rights-year.com\/de\/wp-json\/wp\/v2\/posts\/809"}],"collection":[{"href":"https:\/\/www.human-rights-year.com\/de\/wp-json\/wp\/v2\/posts"}],"about":[{"href":"https:\/\/www.human-rights-year.com\/de\/wp-json\/wp\/v2\/types\/post"}],"author":[{"embeddable":true,"href":"https:\/\/www.human-rights-year.com\/de\/wp-json\/wp\/v2\/users\/1"}],"replies":[{"embeddable":true,"href":"https:\/\/www.human-rights-year.com\/de\/wp-json\/wp\/v2\/comments?post=809"}],"version-history":[{"count":0,"href":"https:\/\/www.human-rights-year.com\/de\/wp-json\/wp\/v2\/posts\/809\/revisions"}],"wp:featuredmedia":[{"embeddable":true,"href":"https:\/\/www.human-rights-year.com\/de\/wp-json\/wp\/v2\/media\/791"}],"wp:attachment":[{"href":"https:\/\/www.human-rights-year.com\/de\/wp-json\/wp\/v2\/media?parent=809"}],"wp:term":[{"taxonomy":"category","embeddable":true,"href":"https:\/\/www.human-rights-year.com\/de\/wp-json\/wp\/v2\/categories?post=809"},{"taxonomy":"post_tag","embeddable":true,"href":"https:\/\/www.human-rights-year.com\/de\/wp-json\/wp\/v2\/tags?post=809"}],"curies":[{"name":"wp","href":"https:\/\/api.w.org\/{rel}","templated":true}]}}