{"id":5424,"date":"2024-04-15T22:23:19","date_gmt":"2024-04-15T20:23:19","guid":{"rendered":"https:\/\/www.human-rights-year.com\/?p=5424"},"modified":"2024-04-15T22:24:03","modified_gmt":"2024-04-15T20:24:03","slug":"der-menschenrechtsverteidiger-oleg-orlov-ist-ein-politischer-gefangener","status":"publish","type":"post","link":"https:\/\/www.human-rights-year.com\/de\/2024\/04\/15\/der-menschenrechtsverteidiger-oleg-orlov-ist-ein-politischer-gefangener\/","title":{"rendered":"Der Menschenrechtsverteidiger Oleg Orlow ist ein politischer Gefangener"},"content":{"rendered":"<p>Oleg Orlow, einer der Gr\u00fcnder von Memorial, wurde wegen eines Artikels, in dem er sich gegen den Krieg aussprach und das Putin-Regime als faschistisch bezeichnete, zu zweieinhalb Jahren Haft verurteilt.<\/p>\n<p>Das Projekt &#8222;Politische Gefangene. Memorial&#8220; stuft Oleg Orlow nach internationalen Standards als politischen Gefangenen ein. Er wurde wegen eines Artikels mit dem Titel &#8222;Sie wollten den Faschismus. Sie haben ihn bekommen.&#8220; verfolgt. Orlows Verfolgung und Verurteilung verletzen seine Rechte auf freie Meinungs\u00e4u\u00dferung und ein faires Gerichtsverfahren.<\/p>\n<p>Wir fordern die sofortige Freilassung von Oleg Orlov und die Aufhebung seines Urteils.<\/p>\n<p><strong>Wer ist Oleg Orlov und was wird ihm vorgeworfen?<\/strong><\/p>\n<p>Oleg Orlow ist ein langj\u00e4hriger Kollege von uns. Er war Gr\u00fcndungsmitglied von Memorial und leitete viele Jahre die Arbeit des Menschenrechtszentrums Memorial. In dieser Zeit hat er sich konsequent f\u00fcr den Schutz der Menschenrechte eingesetzt.<\/p>\n<p>Am 14. November 2022 ver\u00f6ffentlichte Oleg Orlow auf Facebook den Text eines von ihm verfassten Artikels mit dem Titel &#8222;Sie wollten den Faschismus. Sie haben ihn bekommen.&#8220; In dem Artikel verurteilte er den vom Putin-Regime entfesselten Krieg gegen die Ukraine und behauptete, das Land habe sich dem faschistischen Totalitarismus zugewandt.<\/p>\n<p>Die Ermittlungsbeh\u00f6rden sahen in dem Artikel eine &#8222;Verunglimpfung&#8220; der russischen Armee. Mit der Begr\u00fcndung, dass Orlow bereits zweimal wegen des Verwaltungsdelikts der &#8222;Verunglimpfung&#8220; der Armee verurteilt worden war, wurde im M\u00e4rz 2023 ein Strafverfahren wegen wiederholter &#8222;Verunglimpfung&#8220; (Artikel 280.3, Teil 1 des russischen Strafgesetzbuchs) gegen ihn eingeleitet.<\/p>\n<p>Am 11. Oktober 2023 wurde Orlow schuldig gesprochen und zu einer Geldstrafe von 150.000 Rubel verurteilt.<\/p>\n<p>Die Staatsanwaltschaft legte gegen dieses Urteil Berufung ein, da das Gericht das Motiv des &#8222;politischen Hasses&#8220;, n\u00e4mlich die &#8222;ideologische Feindschaft gegen\u00fcber den traditionellen russischen geistigen, moralischen und patriotischen Werten&#8220;, nicht ber\u00fccksichtigt habe.<\/p>\n<p>Im Februar 2024 fand ein Wiederaufnahmeverfahren vor demselben Gericht statt.<\/p>\n<p>Orlow weigerte sich, an dem unrechtm\u00e4\u00dfigen Verfahren teilzunehmen und verbrachte seine Zeit im Gerichtssaal mit der Lekt\u00fcre von Franz Kafkas &#8222;Der Prozess&#8220;.<\/p>\n<p>In seinem Schlusswort sagte Orlow: &#8222;Ich bereue nichts! Ich bereue nicht, an den Demonstrationen gegen den Krieg teilgenommen zu haben, ich bereue nicht, den Artikel geschrieben zu haben, dessen ich angeklagt bin. Mein ganzes Leben hat mir keine andere Wahl gelassen.<\/p>\n<p>Am 27. Februar verurteilte das Gericht den 71-j\u00e4hrigen Menschenrechtsaktivisten zu zweieinhalb Jahren Haft in einer Strafkolonie. Noch im Gerichtssaal wurde er verhaftet.<\/p>\n<p><strong>Warum gilt Orlow als politischer H\u00e4ftling?<\/strong><\/p>\n<p>Der Artikel des russischen Strafgesetzbuches \u00fcber die wiederholte &#8222;Verunglimpfung&#8220; der Armee wurde eingef\u00fchrt, um Meinungsverschiedenheiten nach dem Beginn des russischen Krieges gegen die Ukraine zu unterdr\u00fccken. Er verbietet de facto jede Kritik am Krieg oder an den russischen Beh\u00f6rden. Der Artikel verletzt das Recht auf freie Meinungs\u00e4u\u00dferung und das Prinzip der Rechtssicherheit.<\/p>\n<p>Dieser Artikel sollte aufgehoben werden, alle strafrechtlichen Verurteilungen auf der Grundlage dieses Artikels sollten aufgehoben und alle anh\u00e4ngigen Strafverfahren sollten eingestellt werden.<\/p>\n<p>Oleg Orlow wurde inhaftiert, weil er sich als Menschenrechtsverteidiger f\u00fcr die Menschen-, B\u00fcrger- und Freiheitsrechte in Russland, einschlie\u00dflich des Rechts auf freie Meinungs\u00e4u\u00dferung, eingesetzt und die Wahrheit verbreitet hat. Der Prozess gegen Orlow hat einmal mehr den Charakter des russischen Regimes offenbart. Russland ist in der Tat ein totalit\u00e4res, faschistisches Regime, das einen Angriffskrieg gegen einen Nachbarstaat f\u00fchrt und Meinungsverschiedenheiten innerhalb seiner eigenen Grenzen unterdr\u00fcckt.<\/p>\n<p>Eine ausf\u00fchrliche Beschreibung des Falls von Oleg Orlov und der Position des Projekts &#8222;Politische Gefangene. Memorial&#8220; <a href=\"https:\/\/t.us6.list-manage.com\/track\/click?u=0beb3097c1&amp;id=296a62fa8e&amp;e=339ca062ef\">finden Sie hier.<\/a><\/p>\n<p>Die Anerkennung einer Person als politischer Gefangener bedeutet nicht, dass das Projekt &#8222;Politische Gefangene. Memorial&#8220; seine Ansichten, \u00c4u\u00dferungen oder Handlungen billigt oder guthei\u00dft.<\/p>\n<p><strong>Wie k\u00f6nnen Sie helfen?<\/strong><\/p>\n<p><a href=\"https:\/\/t.us6.list-manage.com\/track\/click?u=0beb3097c1&amp;id=244fbfb296&amp;e=339ca062ef\">Sie k\u00f6nnen<\/a> alle politischen Gefangenen in Russland mit einer Spende unterst\u00fctzen.<\/p>\n","protected":false},"excerpt":{"rendered":"<p>Oleg Orlow, einer der Gr\u00fcnder von Memorial, wurde wegen eines Artikels, in dem er sich gegen den Krieg aussprach und das Putin-Regime als faschistisch bezeichnete,<\/p>\n","protected":false},"author":33,"featured_media":5425,"comment_status":"closed","ping_status":"open","sticky":false,"template":"","format":"standard","meta":[],"categories":[20,12],"tags":[],"yoast_head":"<!-- This site is optimized with the Yoast SEO plugin v19.4 - https:\/\/yoast.com\/wordpress\/plugins\/seo\/ -->\n<title>Der Menschenrechtsverteidiger Oleg Orlow ist ein politischer Gefangener - Europ\u00e4ischer Menschenrechtsdialog<\/title>\n<meta name=\"robots\" content=\"index, follow, max-snippet:-1, max-image-preview:large, max-video-preview:-1\" \/>\n<link rel=\"canonical\" href=\"https:\/\/www.human-rights-year.com\/de\/2024\/04\/15\/der-menschenrechtsverteidiger-oleg-orlov-ist-ein-politischer-gefangener\/\" \/>\n<meta property=\"og:locale\" content=\"de_DE\" \/>\n<meta property=\"og:type\" content=\"article\" \/>\n<meta property=\"og:title\" content=\"Der Menschenrechtsverteidiger Oleg Orlow ist ein politischer Gefangener - Europ\u00e4ischer Menschenrechtsdialog\" \/>\n<meta property=\"og:description\" content=\"Oleg Orlow, einer der Gr\u00fcnder von Memorial, wurde wegen eines Artikels, in dem er sich gegen den Krieg aussprach und das Putin-Regime als faschistisch bezeichnete,\" \/>\n<meta property=\"og:url\" content=\"https:\/\/www.human-rights-year.com\/de\/2024\/04\/15\/der-menschenrechtsverteidiger-oleg-orlov-ist-ein-politischer-gefangener\/\" \/>\n<meta property=\"og:site_name\" content=\"Europ\u00e4ischer Menschenrechtsdialog\" \/>\n<meta property=\"article:published_time\" content=\"2024-04-15T20:23:19+00:00\" \/>\n<meta property=\"article:modified_time\" content=\"2024-04-15T20:24:03+00:00\" \/>\n<meta property=\"og:image\" content=\"https:\/\/www.human-rights-year.com\/wp-content\/uploads\/2024\/04\/unnamed-3.jpg\" \/>\n\t<meta property=\"og:image:width\" content=\"1200\" \/>\n\t<meta property=\"og:image:height\" content=\"630\" \/>\n\t<meta property=\"og:image:type\" content=\"image\/jpeg\" \/>\n<meta name=\"author\" content=\"Europ\u00e4ischer Menschenrechtedialog\" \/>\n<meta name=\"twitter:card\" content=\"summary_large_image\" \/>\n<meta name=\"twitter:label1\" content=\"Verfasst von\" \/>\n\t<meta name=\"twitter:data1\" content=\"Europ\u00e4ischer Menschenrechtedialog\" \/>\n\t<meta name=\"twitter:label2\" content=\"Gesch\u00e4tzte Lesezeit\" \/>\n\t<meta name=\"twitter:data2\" content=\"4\u00a0Minuten\" \/>\n<script type=\"application\/ld+json\" class=\"yoast-schema-graph\">{\"@context\":\"https:\/\/schema.org\",\"@graph\":[{\"@type\":\"WebSite\",\"@id\":\"https:\/\/www.human-rights-year.com\/#website\",\"url\":\"https:\/\/www.human-rights-year.com\/\",\"name\":\"\u0415\u0432\u0440\u043e\u043f\u0435\u0439\u0441\u043a\u0438\u0439 \u043f\u0440\u0430\u0432\u043e\u0437\u0430\u0449\u0438\u0442\u043d\u044b\u0439 \u0434\u0438\u0430\u043b\u043e\u0433\",\"description\":\" \",\"potentialAction\":[{\"@type\":\"SearchAction\",\"target\":{\"@type\":\"EntryPoint\",\"urlTemplate\":\"https:\/\/www.human-rights-year.com\/?s={search_term_string}\"},\"query-input\":\"required name=search_term_string\"}],\"inLanguage\":\"de\"},{\"@type\":\"WebPage\",\"@id\":\"https:\/\/www.human-rights-year.com\/de\/2024\/04\/15\/der-menschenrechtsverteidiger-oleg-orlov-ist-ein-politischer-gefangener\/\",\"url\":\"https:\/\/www.human-rights-year.com\/de\/2024\/04\/15\/der-menschenrechtsverteidiger-oleg-orlov-ist-ein-politischer-gefangener\/\",\"name\":\"Der Menschenrechtsverteidiger Oleg Orlow ist ein politischer Gefangener - Europ\u00e4ischer Menschenrechtsdialog\",\"isPartOf\":{\"@id\":\"https:\/\/www.human-rights-year.com\/#website\"},\"datePublished\":\"2024-04-15T20:23:19+00:00\",\"dateModified\":\"2024-04-15T20:24:03+00:00\",\"author\":{\"@id\":\"https:\/\/www.human-rights-year.com\/#\/schema\/person\/c61a685c41e5101f9ea8f886f7ff8867\"},\"breadcrumb\":{\"@id\":\"https:\/\/www.human-rights-year.com\/de\/2024\/04\/15\/der-menschenrechtsverteidiger-oleg-orlov-ist-ein-politischer-gefangener\/#breadcrumb\"},\"inLanguage\":\"de\",\"potentialAction\":[{\"@type\":\"ReadAction\",\"target\":[\"https:\/\/www.human-rights-year.com\/de\/2024\/04\/15\/der-menschenrechtsverteidiger-oleg-orlov-ist-ein-politischer-gefangener\/\"]}]},{\"@type\":\"BreadcrumbList\",\"@id\":\"https:\/\/www.human-rights-year.com\/de\/2024\/04\/15\/der-menschenrechtsverteidiger-oleg-orlov-ist-ein-politischer-gefangener\/#breadcrumb\",\"itemListElement\":[{\"@type\":\"ListItem\",\"position\":1,\"name\":\"\u0413\u043b\u0430\u0432\u043d\u0430\u044f \u0441\u0442\u0440\u0430\u043d\u0438\u0446\u0430\",\"item\":\"https:\/\/www.human-rights-year.com\/de\/\"},{\"@type\":\"ListItem\",\"position\":2,\"name\":\"Der Menschenrechtsverteidiger Oleg Orlow ist ein politischer Gefangener\"}]},{\"@type\":\"Person\",\"@id\":\"https:\/\/www.human-rights-year.com\/#\/schema\/person\/c61a685c41e5101f9ea8f886f7ff8867\",\"name\":\"Europ\u00e4ischer Menschenrechtedialog\",\"image\":{\"@type\":\"ImageObject\",\"inLanguage\":\"de\",\"@id\":\"https:\/\/www.human-rights-year.com\/#\/schema\/person\/image\/\",\"url\":\"https:\/\/secure.gravatar.com\/avatar\/b8079c67933c0da74d24da6410334e70?s=96&d=mm&r=g\",\"contentUrl\":\"https:\/\/secure.gravatar.com\/avatar\/b8079c67933c0da74d24da6410334e70?s=96&d=mm&r=g\",\"caption\":\"Europ\u00e4ischer Menschenrechtedialog\"},\"description\":\"\u041f\u0440\u043e\u0435\u043a\u0442\u00a0\u00ab\u0415\u0432\u0440\u043e\u043f\u0435\u0439\u0441\u043a\u0438\u0439 \u043f\u0440\u0430\u0432\u043e\u0437\u0430\u0449\u0438\u0442\u043d\u044b\u0439 \u0434\u0438\u0430\u043b\u043e\u0433\u00bb \u0440\u0435\u0430\u043b\u0438\u0437\u0443\u0435\u0442\u0441\u044f \u043f\u0440\u0438\u00a0\u043f\u043e\u0434\u0434\u0435\u0440\u0436\u043a\u0435 \u0433\u0435\u0440\u043c\u0430\u043d\u0441\u043a\u043e\u0433\u043e \u041c\u0418\u0414\u0430. \u0421\u0438\u0442\u0443\u0430\u0446\u0438\u044f \u0441 \u043f\u043e\u043b\u0438\u0442\u0437\u0430\u043a\u043b\u044e\u0447\u0435\u043d\u043d\u044b\u043c\u0438 \u0438 \u0434\u0440\u0443\u0433\u0438\u0435 \u043f\u0440\u0430\u0432\u043e\u0437\u0430\u0449\u0438\u0442\u043d\u044b\u0435 \u043f\u0440\u043e\u0431\u043b\u0435\u043c\u044b \u0432 \u0420\u043e\u0441\u0441\u0438\u0438 \u0438 \u0411\u0435\u043b\u0430\u0440\u0443\u0441\u0438 \u0441\u0442\u0430\u043d\u043e\u0432\u044f\u0442\u0441\u044f \u0433\u043e\u0434 \u043e\u0442 \u0433\u043e\u0434\u0430 \u0432\u0441\u0435 \u043e\u0441\u0442\u0440\u0435\u0435. \u041c\u044b \u043e\u0436\u0438\u0432\u043b\u044f\u0435\u043c \u0434\u0438\u0430\u043b\u043e\u0433 \u043c\u0435\u0436\u0434\u0443 \u0440\u043e\u0441\u0441\u0438\u0439\u0441\u043a\u0438\u043c, \u0431\u0435\u043b\u0430\u0440\u0443\u0441\u0441\u043a\u0438\u043c, \u043f\u043e\u043b\u044c\u0441\u043a\u0438\u043c \u0438 \u043d\u0435\u043c\u0435\u0446\u043a\u0438\u043c \u043f\u0440\u0430\u0432\u043e\u0437\u0430\u0449\u0438\u0442\u043d\u044b\u043c \u0441\u043e\u043e\u0431\u0449\u0435\u0441\u0442\u0432\u043e\u043c \u0438 \u043d\u0430\u043b\u0430\u0436\u0438\u0432\u0430\u0435\u043c \u0438\u0445 \u043a\u043e\u043d\u0441\u0442\u0440\u0443\u043a\u0442\u0438\u0432\u043d\u043e\u0435 \u0432\u0437\u0430\u0438\u043c\u043e\u0434\u0435\u0439\u0441\u0442\u0432\u0438\u0435, \u0432\u0437\u0430\u0438\u043c\u043d\u043e\u0435 \u0438\u043d\u0444\u043e\u0440\u043c\u0438\u0440\u043e\u0432\u0430\u043d\u0438\u0435 \u0438 \u043f\u043e\u0434\u0434\u0435\u0440\u0436\u043a\u0443. \u041c\u044b \u0438\u043d\u0444\u043e\u0440\u043c\u0438\u0440\u0443\u0435\u043c \u043d\u0435\u043c\u0435\u0446\u043a\u0443\u044e \u043e\u0431\u0449\u0435\u0441\u0442\u0432\u0435\u043d\u043d\u043e\u0441\u0442\u044c \u043e \u0441\u0438\u0442\u0443\u0430\u0446\u0438\u0438 \u0441 \u0437\u0430\u0449\u0438\u0442\u043e\u0439 \u043f\u0440\u0430\u0432 \u0447\u0435\u043b\u043e\u0432\u0435\u043a\u0430 \u0432 \u0420\u043e\u0441\u0441\u0438\u0438 \u0438 \u0411\u0435\u043b\u0430\u0440\u0443\u0441\u0438, \u0430 \u0440\u043e\u0441\u0441\u0438\u0439\u0441\u043a\u0443\u044e \u0438 \u0431\u0435\u043b\u0430\u0440\u0443\u0441\u0441\u043a\u0443\u044e \u2014 \u043e \u043f\u043e\u043b\u043e\u0436\u0435\u043d\u0438\u0438 \u0432 \u044d\u0442\u043e\u0439 \u043e\u0431\u043b\u0430\u0441\u0442\u0438 \u0432 \u0413\u0435\u0440\u043c\u0430\u043d\u0438\u0438; \u0441\u043e\u0437\u0434\u0430\u0435\u043c \u043c\u0435\u0445\u0430\u043d\u0438\u0437\u043c \u043f\u043e\u0434\u0434\u0435\u0440\u0436\u043a\u0438 \u0440\u043e\u0441\u0441\u0438\u0439\u0441\u043a\u0438\u0445 \u0438 \u0431\u0435\u043b\u0430\u0440\u0443\u0441\u0441\u043a\u0438\u0445 \u043f\u0440\u0430\u0432\u043e\u0437\u0430\u0449\u0438\u0442\u043d\u0438\u043a\u043e\u0432, \u0436\u0435\u0440\u0442\u0432 \u043f\u043e\u043b\u0438\u0442\u0438\u0447\u0435\u0441\u043a\u0438\u0445 \u0440\u0435\u043f\u0440\u0435\u0441\u0441\u0438\u0439 \u0438 \u043f\u043e\u043b\u0438\u0442\u0437\u0430\u043a\u043b\u044e\u0447\u0435\u043d\u043d\u044b\u0445. \u0411\u0443\u0434\u0435\u043c \u0440\u0430\u0434\u044b \u0432\u0430\u0448\u0435\u043c\u0443 \u0443\u0447\u0430\u0441\u0442\u0438\u044e \u0432 \u0435\u0432\u0440\u043e\u043f\u0435\u0439\u0441\u043a\u043e\u043c \u043f\u0440\u0430\u0432\u043e\u0437\u0430\u0449\u0438\u0442\u043d\u043e\u043c \u0434\u0438\u0430\u043b\u043e\u0433\u0435 \u043d\u0430 \u043d\u0430\u0448\u0435\u043c \u0441\u0430\u0439\u0442\u0435 \u0438 \u0430\u043a\u043a\u0430\u0443\u043d\u0442\u0430\u0445 \u0432 \u0441\u043e\u0446\u0438\u0430\u043b\u044c\u043d\u044b\u0445 \u0441\u0435\u0442\u044f\u0445, \u0430 \u0442\u0430\u043a\u0436\u0435 \u043f\u0440\u0438\u0433\u043b\u0430\u0448\u0430\u0435\u043c \u0432\u0430\u0441 \u043f\u043e\u0434\u043f\u0438\u0441\u0430\u0442\u044c\u0441\u044f \u043d\u0430 \u0440\u0430\u0441\u0441\u044b\u043b\u043a\u0443 \u043e \u043f\u0440\u0430\u0432\u043e\u0437\u0430\u0449\u0438\u0442\u043d\u044b\u0445 \u043f\u0440\u043e\u0431\u043b\u0435\u043c\u0430\u0445\u00a0\u043f\u043e \u0441\u0441\u044b\u043b\u043a\u0435 (\u043d\u0430 \u043d\u0435\u043c\u0435\u0446\u043a\u043e\u043c \u044f\u0437\u044b\u043a\u0435).\u00a0\",\"url\":\"https:\/\/www.human-rights-year.com\/de\/author\/anna-andrievskaja\/\"}]}<\/script>\n<!-- \/ Yoast SEO plugin. -->","yoast_head_json":{"title":"Der Menschenrechtsverteidiger Oleg Orlow ist ein politischer Gefangener - Europ\u00e4ischer Menschenrechtsdialog","robots":{"index":"index","follow":"follow","max-snippet":"max-snippet:-1","max-image-preview":"max-image-preview:large","max-video-preview":"max-video-preview:-1"},"canonical":"https:\/\/www.human-rights-year.com\/de\/2024\/04\/15\/der-menschenrechtsverteidiger-oleg-orlov-ist-ein-politischer-gefangener\/","og_locale":"de_DE","og_type":"article","og_title":"Der Menschenrechtsverteidiger Oleg Orlow ist ein politischer Gefangener - Europ\u00e4ischer Menschenrechtsdialog","og_description":"Oleg Orlow, einer der Gr\u00fcnder von Memorial, wurde wegen eines Artikels, in dem er sich gegen den Krieg aussprach und das Putin-Regime als faschistisch bezeichnete,","og_url":"https:\/\/www.human-rights-year.com\/de\/2024\/04\/15\/der-menschenrechtsverteidiger-oleg-orlov-ist-ein-politischer-gefangener\/","og_site_name":"Europ\u00e4ischer Menschenrechtsdialog","article_published_time":"2024-04-15T20:23:19+00:00","article_modified_time":"2024-04-15T20:24:03+00:00","og_image":[{"width":1200,"height":630,"url":"https:\/\/www.human-rights-year.com\/wp-content\/uploads\/2024\/04\/unnamed-3.jpg","type":"image\/jpeg"}],"author":"Europ\u00e4ischer Menschenrechtedialog","twitter_card":"summary_large_image","twitter_misc":{"Verfasst von":"Europ\u00e4ischer Menschenrechtedialog","Gesch\u00e4tzte Lesezeit":"4\u00a0Minuten"},"schema":{"@context":"https:\/\/schema.org","@graph":[{"@type":"WebSite","@id":"https:\/\/www.human-rights-year.com\/#website","url":"https:\/\/www.human-rights-year.com\/","name":"\u0415\u0432\u0440\u043e\u043f\u0435\u0439\u0441\u043a\u0438\u0439 \u043f\u0440\u0430\u0432\u043e\u0437\u0430\u0449\u0438\u0442\u043d\u044b\u0439 \u0434\u0438\u0430\u043b\u043e\u0433","description":" ","potentialAction":[{"@type":"SearchAction","target":{"@type":"EntryPoint","urlTemplate":"https:\/\/www.human-rights-year.com\/?s={search_term_string}"},"query-input":"required name=search_term_string"}],"inLanguage":"de"},{"@type":"WebPage","@id":"https:\/\/www.human-rights-year.com\/de\/2024\/04\/15\/der-menschenrechtsverteidiger-oleg-orlov-ist-ein-politischer-gefangener\/","url":"https:\/\/www.human-rights-year.com\/de\/2024\/04\/15\/der-menschenrechtsverteidiger-oleg-orlov-ist-ein-politischer-gefangener\/","name":"Der Menschenrechtsverteidiger Oleg Orlow ist ein politischer Gefangener - Europ\u00e4ischer Menschenrechtsdialog","isPartOf":{"@id":"https:\/\/www.human-rights-year.com\/#website"},"datePublished":"2024-04-15T20:23:19+00:00","dateModified":"2024-04-15T20:24:03+00:00","author":{"@id":"https:\/\/www.human-rights-year.com\/#\/schema\/person\/c61a685c41e5101f9ea8f886f7ff8867"},"breadcrumb":{"@id":"https:\/\/www.human-rights-year.com\/de\/2024\/04\/15\/der-menschenrechtsverteidiger-oleg-orlov-ist-ein-politischer-gefangener\/#breadcrumb"},"inLanguage":"de","potentialAction":[{"@type":"ReadAction","target":["https:\/\/www.human-rights-year.com\/de\/2024\/04\/15\/der-menschenrechtsverteidiger-oleg-orlov-ist-ein-politischer-gefangener\/"]}]},{"@type":"BreadcrumbList","@id":"https:\/\/www.human-rights-year.com\/de\/2024\/04\/15\/der-menschenrechtsverteidiger-oleg-orlov-ist-ein-politischer-gefangener\/#breadcrumb","itemListElement":[{"@type":"ListItem","position":1,"name":"\u0413\u043b\u0430\u0432\u043d\u0430\u044f \u0441\u0442\u0440\u0430\u043d\u0438\u0446\u0430","item":"https:\/\/www.human-rights-year.com\/de\/"},{"@type":"ListItem","position":2,"name":"Der Menschenrechtsverteidiger Oleg Orlow ist ein politischer Gefangener"}]},{"@type":"Person","@id":"https:\/\/www.human-rights-year.com\/#\/schema\/person\/c61a685c41e5101f9ea8f886f7ff8867","name":"Europ\u00e4ischer Menschenrechtedialog","image":{"@type":"ImageObject","inLanguage":"de","@id":"https:\/\/www.human-rights-year.com\/#\/schema\/person\/image\/","url":"https:\/\/secure.gravatar.com\/avatar\/b8079c67933c0da74d24da6410334e70?s=96&d=mm&r=g","contentUrl":"https:\/\/secure.gravatar.com\/avatar\/b8079c67933c0da74d24da6410334e70?s=96&d=mm&r=g","caption":"Europ\u00e4ischer Menschenrechtedialog"},"description":"\u041f\u0440\u043e\u0435\u043a\u0442\u00a0\u00ab\u0415\u0432\u0440\u043e\u043f\u0435\u0439\u0441\u043a\u0438\u0439 \u043f\u0440\u0430\u0432\u043e\u0437\u0430\u0449\u0438\u0442\u043d\u044b\u0439 \u0434\u0438\u0430\u043b\u043e\u0433\u00bb \u0440\u0435\u0430\u043b\u0438\u0437\u0443\u0435\u0442\u0441\u044f \u043f\u0440\u0438\u00a0\u043f\u043e\u0434\u0434\u0435\u0440\u0436\u043a\u0435 \u0433\u0435\u0440\u043c\u0430\u043d\u0441\u043a\u043e\u0433\u043e \u041c\u0418\u0414\u0430. \u0421\u0438\u0442\u0443\u0430\u0446\u0438\u044f \u0441 \u043f\u043e\u043b\u0438\u0442\u0437\u0430\u043a\u043b\u044e\u0447\u0435\u043d\u043d\u044b\u043c\u0438 \u0438 \u0434\u0440\u0443\u0433\u0438\u0435 \u043f\u0440\u0430\u0432\u043e\u0437\u0430\u0449\u0438\u0442\u043d\u044b\u0435 \u043f\u0440\u043e\u0431\u043b\u0435\u043c\u044b \u0432 \u0420\u043e\u0441\u0441\u0438\u0438 \u0438 \u0411\u0435\u043b\u0430\u0440\u0443\u0441\u0438 \u0441\u0442\u0430\u043d\u043e\u0432\u044f\u0442\u0441\u044f \u0433\u043e\u0434 \u043e\u0442 \u0433\u043e\u0434\u0430 \u0432\u0441\u0435 \u043e\u0441\u0442\u0440\u0435\u0435. \u041c\u044b \u043e\u0436\u0438\u0432\u043b\u044f\u0435\u043c \u0434\u0438\u0430\u043b\u043e\u0433 \u043c\u0435\u0436\u0434\u0443 \u0440\u043e\u0441\u0441\u0438\u0439\u0441\u043a\u0438\u043c, \u0431\u0435\u043b\u0430\u0440\u0443\u0441\u0441\u043a\u0438\u043c, \u043f\u043e\u043b\u044c\u0441\u043a\u0438\u043c \u0438 \u043d\u0435\u043c\u0435\u0446\u043a\u0438\u043c \u043f\u0440\u0430\u0432\u043e\u0437\u0430\u0449\u0438\u0442\u043d\u044b\u043c \u0441\u043e\u043e\u0431\u0449\u0435\u0441\u0442\u0432\u043e\u043c \u0438 \u043d\u0430\u043b\u0430\u0436\u0438\u0432\u0430\u0435\u043c \u0438\u0445 \u043a\u043e\u043d\u0441\u0442\u0440\u0443\u043a\u0442\u0438\u0432\u043d\u043e\u0435 \u0432\u0437\u0430\u0438\u043c\u043e\u0434\u0435\u0439\u0441\u0442\u0432\u0438\u0435, \u0432\u0437\u0430\u0438\u043c\u043d\u043e\u0435 \u0438\u043d\u0444\u043e\u0440\u043c\u0438\u0440\u043e\u0432\u0430\u043d\u0438\u0435 \u0438 \u043f\u043e\u0434\u0434\u0435\u0440\u0436\u043a\u0443. \u041c\u044b \u0438\u043d\u0444\u043e\u0440\u043c\u0438\u0440\u0443\u0435\u043c \u043d\u0435\u043c\u0435\u0446\u043a\u0443\u044e \u043e\u0431\u0449\u0435\u0441\u0442\u0432\u0435\u043d\u043d\u043e\u0441\u0442\u044c \u043e \u0441\u0438\u0442\u0443\u0430\u0446\u0438\u0438 \u0441 \u0437\u0430\u0449\u0438\u0442\u043e\u0439 \u043f\u0440\u0430\u0432 \u0447\u0435\u043b\u043e\u0432\u0435\u043a\u0430 \u0432 \u0420\u043e\u0441\u0441\u0438\u0438 \u0438 \u0411\u0435\u043b\u0430\u0440\u0443\u0441\u0438, \u0430 \u0440\u043e\u0441\u0441\u0438\u0439\u0441\u043a\u0443\u044e \u0438 \u0431\u0435\u043b\u0430\u0440\u0443\u0441\u0441\u043a\u0443\u044e \u2014 \u043e \u043f\u043e\u043b\u043e\u0436\u0435\u043d\u0438\u0438 \u0432 \u044d\u0442\u043e\u0439 \u043e\u0431\u043b\u0430\u0441\u0442\u0438 \u0432 \u0413\u0435\u0440\u043c\u0430\u043d\u0438\u0438; \u0441\u043e\u0437\u0434\u0430\u0435\u043c \u043c\u0435\u0445\u0430\u043d\u0438\u0437\u043c \u043f\u043e\u0434\u0434\u0435\u0440\u0436\u043a\u0438 \u0440\u043e\u0441\u0441\u0438\u0439\u0441\u043a\u0438\u0445 \u0438 \u0431\u0435\u043b\u0430\u0440\u0443\u0441\u0441\u043a\u0438\u0445 \u043f\u0440\u0430\u0432\u043e\u0437\u0430\u0449\u0438\u0442\u043d\u0438\u043a\u043e\u0432, \u0436\u0435\u0440\u0442\u0432 \u043f\u043e\u043b\u0438\u0442\u0438\u0447\u0435\u0441\u043a\u0438\u0445 \u0440\u0435\u043f\u0440\u0435\u0441\u0441\u0438\u0439 \u0438 \u043f\u043e\u043b\u0438\u0442\u0437\u0430\u043a\u043b\u044e\u0447\u0435\u043d\u043d\u044b\u0445. \u0411\u0443\u0434\u0435\u043c \u0440\u0430\u0434\u044b \u0432\u0430\u0448\u0435\u043c\u0443 \u0443\u0447\u0430\u0441\u0442\u0438\u044e \u0432 \u0435\u0432\u0440\u043e\u043f\u0435\u0439\u0441\u043a\u043e\u043c \u043f\u0440\u0430\u0432\u043e\u0437\u0430\u0449\u0438\u0442\u043d\u043e\u043c \u0434\u0438\u0430\u043b\u043e\u0433\u0435 \u043d\u0430 \u043d\u0430\u0448\u0435\u043c \u0441\u0430\u0439\u0442\u0435 \u0438 \u0430\u043a\u043a\u0430\u0443\u043d\u0442\u0430\u0445 \u0432 \u0441\u043e\u0446\u0438\u0430\u043b\u044c\u043d\u044b\u0445 \u0441\u0435\u0442\u044f\u0445, \u0430 \u0442\u0430\u043a\u0436\u0435 \u043f\u0440\u0438\u0433\u043b\u0430\u0448\u0430\u0435\u043c \u0432\u0430\u0441 \u043f\u043e\u0434\u043f\u0438\u0441\u0430\u0442\u044c\u0441\u044f \u043d\u0430 \u0440\u0430\u0441\u0441\u044b\u043b\u043a\u0443 \u043e \u043f\u0440\u0430\u0432\u043e\u0437\u0430\u0449\u0438\u0442\u043d\u044b\u0445 \u043f\u0440\u043e\u0431\u043b\u0435\u043c\u0430\u0445\u00a0\u043f\u043e \u0441\u0441\u044b\u043b\u043a\u0435 (\u043d\u0430 \u043d\u0435\u043c\u0435\u0446\u043a\u043e\u043c \u044f\u0437\u044b\u043a\u0435).\u00a0","url":"https:\/\/www.human-rights-year.com\/de\/author\/anna-andrievskaja\/"}]}},"_links":{"self":[{"href":"https:\/\/www.human-rights-year.com\/de\/wp-json\/wp\/v2\/posts\/5424"}],"collection":[{"href":"https:\/\/www.human-rights-year.com\/de\/wp-json\/wp\/v2\/posts"}],"about":[{"href":"https:\/\/www.human-rights-year.com\/de\/wp-json\/wp\/v2\/types\/post"}],"author":[{"embeddable":true,"href":"https:\/\/www.human-rights-year.com\/de\/wp-json\/wp\/v2\/users\/33"}],"replies":[{"embeddable":true,"href":"https:\/\/www.human-rights-year.com\/de\/wp-json\/wp\/v2\/comments?post=5424"}],"version-history":[{"count":0,"href":"https:\/\/www.human-rights-year.com\/de\/wp-json\/wp\/v2\/posts\/5424\/revisions"}],"wp:featuredmedia":[{"embeddable":true,"href":"https:\/\/www.human-rights-year.com\/de\/wp-json\/wp\/v2\/media\/5425"}],"wp:attachment":[{"href":"https:\/\/www.human-rights-year.com\/de\/wp-json\/wp\/v2\/media?parent=5424"}],"wp:term":[{"taxonomy":"category","embeddable":true,"href":"https:\/\/www.human-rights-year.com\/de\/wp-json\/wp\/v2\/categories?post=5424"},{"taxonomy":"post_tag","embeddable":true,"href":"https:\/\/www.human-rights-year.com\/de\/wp-json\/wp\/v2\/tags?post=5424"}],"curies":[{"name":"wp","href":"https:\/\/api.w.org\/{rel}","templated":true}]}}