{"id":4571,"date":"2022-08-30T23:50:40","date_gmt":"2022-08-30T21:50:40","guid":{"rendered":"https:\/\/www.human-rights-year.com\/2022\/09\/15\/menschenrechte-in-russland-monitoringergebnisse-vom-22-08-29-08-2022\/"},"modified":"2022-09-15T23:56:11","modified_gmt":"2022-09-15T21:56:11","slug":"menschenrechte-in-russland-monitoringergebnisse-vom-22-08-29-08-2022","status":"publish","type":"post","link":"https:\/\/www.human-rights-year.com\/de\/2022\/08\/30\/menschenrechte-in-russland-monitoringergebnisse-vom-22-08-29-08-2022\/","title":{"rendered":"Menschenrechte in Russland: Monitoringergebnisse vom 22.08. &#8211; 29.08.2022"},"content":{"rendered":"<ol start=\"22\">\n<li><strong>August<\/strong><\/li>\n<\/ol>\n<p>&#8211; Es wurde bekannt, dass die 66-j\u00e4hrige Zeugin Jehovas Lyubov Galitsina f\u00fcr zwei Monate in Untersuchungshaft genommen wurde. Ihr wird vorgeworfen, die Aktivit\u00e4ten einer extremistischen Vereinigung organisiert zu haben (Artikel 282.2 Teil 2 des Strafgesetzbuches der Russischen F\u00f6deration).<\/p>\n<p>&#8211; Ein Gericht in Moskau verl\u00e4ngerte die Haftzeit des Anwalts Dmitry Talantov bis zum 23. September. Der Anwalt des wegen des Staatsverrats angeklagten Journalisten Iwan Safronow wurde im Juni 2022 aufgrund eines Artikels \u00fcber die Verbreitung von Fake News \u00fcber die russische Armee verhaftet.<\/p>\n<p>&#8211; Wladimir Sergejew, ein Angeklagter in der &#8222;Antikriegssache&#8220;, wurde aus dem Untersuchungsgef\u00e4ngnis Butyrka zur Untersuchung in ein psychiatrisches Krankenhaus eskortiert. Den Ermittlungen zufolge wollten Sergejew und ein weiterer Beteiligter, Anton Schutschkow, im M\u00e4rz 2022 auf dem Puschkin-Platz in Moskau einen Polizeiwagen in Brand setzen.<\/p>\n<ol start=\"23\">\n<li><strong>August<\/strong><\/li>\n<\/ol>\n<p>&#8211; Der Woronescher Aktivist Grigorij Sewerin wurde wegen seines Beitrags auf sozialen Netzwerken zu zwei Jahren Haft in einer Strafkolonie verurteilt.<\/p>\n<p>&#8211; Nikita Tschirkow aus Sankt-Petersburg wurde wegen Vandalismus aus politischem Hass zu einem Jahr Gef\u00e4ngnis verurteilt: Er soll ein durchgestrichenes &#8222;Z&#8220; auf ein Denkmal f\u00fcr Tschernyschewski gemalt haben.<\/p>\n<p>&#8211; Gegen Nawalnys Verb\u00fcndete im Ausland wurden Strafverfahren eingeleitet, weil sie Fake News \u00fcber die Armee verbreitet und Terrorismus rechtfertigt haben. Die Vorw\u00fcrfe stammen aus Sendungen auf dem YouTube-Kanal \u201ePopul\u00e4re Politik\u201c.<\/p>\n<p>&#8211; Der Moskauer Stadtverordnete Konstantin Yankauskas wurde wegen seines Beitrags mit dem Gebet des Papstes zur Beendigung des Krieges wegen &#8222;Diskreditierung der Streitkr\u00e4fte der RF&#8220; angeklagt.<\/p>\n<ol start=\"24\">\n<li><strong>August<\/strong><\/li>\n<\/ol>\n<p>&#8211; Es wurde berichtet, dass Salman Tepsurkayev, der Administrator des tschetschenischen oppositionellen Telegram-Kanals 1ADAT, am 15. September 2020 in Tschetschenien get\u00f6tet wurde: eine Granate wurde in seinen Mund gesteckt und explodierte. Im September 2020 wurde der Aktivist aus einem Hotel in Gelendzschik entf\u00fchrt. Die ganze Zeit \u00fcber war Tepsurkayev als vermisst gemeldet.<\/p>\n<p>&#8211; Gegen den Oppositionspolitiker und ehemaligen B\u00fcrgermeister von Jekaterinburg, Evgeny Roisman, wurde ein Strafverfahren wegen &#8222;Verunglimpfung der Streitkr\u00e4fte der RF&#8220; (Artikel 280.3 des Strafgesetzbuches der RF) eingeleitet. Laut Roisman war der Grund f\u00fcr das Verfahren der Ausdruck &#8222;Invasion der Ukraine&#8220;, den er wiederholt ge\u00e4u\u00dfert hatte. Die Wohnung, die Roisman-Stiftung und das Ikonenmuseum von Nevyansk wurden durchsucht. Das Gericht ordnete an, dass Roisman bestimmte Handlungen untersagt werden.<\/p>\n<p>&#8211; Nach Angaben von OVD-Info, innerhalb sechs Monate des Krieges in der Ukraine:<\/p>\n<p>Die Sicherheitskr\u00e4fte nahmen im Zusammenhang mit den Protesten mindestens 16.437 Personen fest;<\/p>\n<p>225 Personen waren in kriminelle &#8222;Anti-Kriegs&#8220;-F\u00e4lle verwickelt;<\/p>\n<p>3.807 Protokolle wurden unter dem Artikel &#8222;Diskreditierung&#8220; der Armee erstellt;<\/p>\n<p>Etwa 7.000 Websites wurden gesperrt;<\/p>\n<p>Mindestens 27 Medien stellten ihren Betrieb ein;<\/p>\n<p>74 neue &#8222;ausl\u00e4ndische Agenten&#8220; und 15 &#8222;unerw\u00fcnschte Organisationen&#8220; wurden in die Verzeichnisse aufgenommen.<\/p>\n<p>&#8211; Ein Arzt f\u00fcr Infektionskrankheiten in Sotschi, Jewgeni Solotow, wurde wegen seiner Kommentare auf Facebook zu einer Geldstrafe von 3.000.000 Rubel wegen Fake News \u00fcber die Armee (Teil 2 Artikel 207.3 des Strafgesetzbuchs) verurteilt.<\/p>\n<p>&#8211; Die &#8222;B\u00fcrger der UdSSR&#8220; wurden als extremistische Organisation anerkannt. Die Mitglieder dieser Bewegung glauben, dass die Sowjetunion noch existiert, erkennen Russland als legalen Staat nicht an und weigern sich, die russischen Gesetze zu befolgen.<\/p>\n<p>&#8211; Ein Gericht in Moskau hat den Blogger und Journalisten Karen Schainian gem\u00e4\u00df Artikel 19.34.1 Teil 1 des Gesetzes \u00fcber Ordnungswidrigkeiten zu einer Geldstrafe von 10.000 Rubel verurteilt, weil er seinen Verpflichtungen als &#8222;ausl\u00e4ndischer Agent&#8220; nicht nachgekommen ist.<\/p>\n<ol start=\"25\">\n<li><strong>August<\/strong><\/li>\n<\/ol>\n<p>&#8211; Der FSB teilte mit, er habe einen Mann aus Kaliningrad festgenommen, der &#8222;auf Anweisung von Asow&#8220; terroristische Anschl\u00e4ge auf Einrichtungen der Baltischen Flotte und im Flughafen Khrabrowo geplant hatte.<\/p>\n<p>&#8211; Die Zeugen Jehovas wurden in Sewastopol durchsucht. Gegen den 53-j\u00e4hrigen Viktor Kudinow und den 51-j\u00e4hrigen Sergei Zschigalow wurden Strafverfahren eingeleitet. Die Gl\u00e4ubigen sind verhaftet worden.<\/p>\n<p>&#8211; In Kemerowo verhafteten und verh\u00f6rten Strafverfolgungsbeamte Elisaweta Slavinskaya, eine ehemalige Mitarbeiterin des Hauptquartiers des Politikers in der Sache gegen Alexei Nawalny.<\/p>\n<p>&#8211; Die linken Aktivisten Olga Mason, Dmitry Kozschenyev und Alexander Parschinow wurden in der Region Moskau durchsucht. Die Aktivisten wurden als Zeugen im Verfahren gegen den belarussischen Rechtsanwalt Alexander Kapschul befragt, dem die Beteiligung am &#8222;Rabochii Ruch&#8220; und die Unterst\u00fctzung aus dem Ausland vorgeworfen wird.<\/p>\n<p>&#8211; In Moskau wurden die drei Kandidaten f\u00fcr das Stadtparlament Anna Schatunowskaya-Burno, Nikolai Kasyan und Tatiana Kasimova aufgrund eines Artikels \u00fcber das Zurschaustellen extremistischer Symbole (Artikel 20.3 des Gesetzes \u00fcber Ordnungswidrigkeiten) verurteilt und damit von der Kandidatur ausgeschlossen.<\/p>\n<ol start=\"26\">\n<li><strong>August<\/strong><\/li>\n<\/ol>\n<p>&#8211; Ein Gericht in Saransk hat sechs Zeugen Jehovas zu tats\u00e4chlichen Gef\u00e4ngnisstrafen verurteilt. Vladimir Atryakhin wurde gem\u00e4\u00df Artikel 282 Absatz 2 Teil 1 des Strafgesetzbuchs (Organisation von Aktivit\u00e4ten einer extremistischen Organisation) f\u00fcr schuldig befunden und zu sechs Jahren Haft in einer Strafkolonie mit minimaler Sicherheit verurteilt. Georgy und Natalia Nikulin wurden gem\u00e4\u00df Teil 1.1 und 2 von Artikel 282.2 des Strafgesetzbuches (Beteiligung an den Aktivit\u00e4ten einer extremistischen Organisation) f\u00fcr schuldig befunden, und zu 4 Jahren und 2 Monaten in einer allgemeinen Strafkolonie verurteilt. Denis Antonov, Alexander Korolev und Alexander Shevchuk wurden gem\u00e4\u00df Artikel 282.2 Teil 2 des Strafgesetzbuchs (Beteiligung an den Aktivit\u00e4ten einer extremistischen Organisation) zu zwei Jahren Haft in einer allgemeinen Strafkolonie verurteilt.<\/p>\n<p>&#8211; Die Wohnung von Ilja Danilow, dem ehemaligen Koordinator von Nawalnys Hauptquartier in Lipezk, wurde wegen Verunglimpfung der Armee (Artikel 280 Absatz 3 des Strafgesetzbuchs) durchsucht. Danilow befindet sich au\u00dferhalb Russlands.<\/p>\n<p>&#8211; Igor Paskar, ein Angeklagter im Fall der Brandstiftung des FSB von Krasnodar, wurde wegen Vandalismus aus politischem Hass (Teil 2 Artikel 214 des Strafgesetzbuchs) angeklagt, weil er das Z-Banner verunstaltet hatte.<\/p>\n<p>&#8211; In der Region Archangelsk wurden die B\u00fcrgerrechtlerin und Verfechterin des Schiitentums Marina Dzyuba und ihr Ehemann Walery durchsucht. Es gab Pl\u00e4ne f\u00fcr den Bau einer M\u00fclldeponie im Bahnhof Shies in der Region Archangelsk, um M\u00fcll aus Moskau in die Region zu bringen. Die Anwohner wehrten sich gegen den Bau, organisierten Mahnwachen und blockierten die Stra\u00dfen zum Bahnhof. Aus diesem Grund wurden sie von den Sicherheitskr\u00e4ften schikaniert.<\/p>\n<p>&#8211; In Moskau befand ein Gericht zwei Demonstranten, die Alexej Nawalny unterst\u00fctzten, am 23. Januar 2021 der Sachbesch\u00e4digung (Teil 2, Artikel 167 des russischen Strafgesetzbuchs) f\u00fcr schuldig. Serafim Kravchuk und Timur Tsai erhielten Bew\u00e4hrungsstrafen von jeweils zwei Jahren.<\/p>\n<p>&#8211; In Kursk nahm der FSB einen ukrainischen Staatsb\u00fcrger fest, der verd\u00e4chtigt wurde, schmutzige Informationen \u00fcber das Milit\u00e4r zu sammeln (Artikel 276 des russischen Strafgesetzbuches).<\/p>\n<p>&#8211; Nach Angaben von Network Freedoms planen die Ermittler in Barnaul 100 Verh\u00f6re im Fall der milit\u00e4rischen Fake News aufgrund von Posts im &#8222;Anti-Putintsy&#8220;-Telegrammkanal.<\/p>\n<ol start=\"27\">\n<li><strong>August<\/strong><\/li>\n<\/ol>\n<p>&#8211; In Moskau wurde ein Strafverfahren gegen Alexander Nisamow wegen Vandalismus eingeleitet, der von einer Gruppe von Menschen aus Hassmotiven begangen wurde (Teil 2, Artikel 214 des russischen Strafgesetzbuches). Der Grund war die rote Fl\u00fcssigkeit, die Nisamow am 24. August in den Brunnen &#8222;Music of Glory&#8220; goss.<\/p>\n<p>&#8211; In Jessentuki verurteilte das Gericht den Verd\u00e4chtigen im &#8222;Inguschen-Fall&#8220;, den Geb\u00e4rdensprachdolmetscher Ramazan Dugiew, zu einer Freiheitsstrafe von 1,5 Jahren auf Bew\u00e4hrung. Er wurde f\u00fcr schuldig befunden, bei einer Kundgebung in Magas im M\u00e4rz 2019 Gewalt gegen einen Vertreter der Beh\u00f6rden angewendet zu haben (Artikel 318 Teil 1 des Strafgesetzbuchs).<\/p>\n<p>&#8211; In St. Petersburg beschlagnahmte ein Gericht die Immobilien von Irina Fatjanowa, der ehemaligen Koordinatorin von Nawalnys Hauptquartier, um eine Entsch\u00e4digung f\u00fcr den Polizeieinsatz bei Protestkundgebungen zu erhalten. Fatyanova bestritt die Forderung nach Beschlagnahmung von Immobilien und erkl\u00e4rte, sie besitze kein Eigentum. Der Aktivist befindet sich au\u00dferhalb Russlands.<\/p>\n<ol start=\"28\">\n<li><strong>August<\/strong><\/li>\n<\/ol>\n<p>&#8211; Aikhal Ammosov (Igor Ivanov), der 30-j\u00e4hrige S\u00e4nger der Punkband Crispy Newspaper, wurde in Jakutien gem\u00e4\u00df Artikel 280.3 Teil 1 des Strafgesetzbuchs der Russischen F\u00f6deration wegen &#8222;Verunglimpfung der Armee&#8220; angeklagt. Der Grund f\u00fcr das Verfahren war das Anti-Kriegs-Transparent &#8222;Yakutian punk against war&#8220;, das Ammosov und seine Freundin an einem Geb\u00e4ude im Stadtzentrum aufh\u00e4ngen wollten.<\/p>\n","protected":false},"excerpt":{"rendered":"<p>August &#8211; Es wurde bekannt, dass die 66-j\u00e4hrige Zeugin Jehovas Lyubov Galitsina f\u00fcr zwei Monate in Untersuchungshaft genommen wurde. Ihr wird vorgeworfen, die Aktivit\u00e4ten einer<\/p>\n","protected":false},"author":33,"featured_media":4545,"comment_status":"closed","ping_status":"open","sticky":false,"template":"","format":"standard","meta":[],"categories":[17,433,429],"tags":[],"yoast_head":"<!-- This site is optimized with the Yoast SEO plugin v19.4 - https:\/\/yoast.com\/wordpress\/plugins\/seo\/ -->\n<title>Menschenrechte in Russland: Monitoringergebnisse vom 22.08. - 29.08.2022 - Europ\u00e4ischer Menschenrechtsdialog<\/title>\n<meta name=\"robots\" content=\"index, follow, max-snippet:-1, max-image-preview:large, max-video-preview:-1\" \/>\n<link rel=\"canonical\" href=\"https:\/\/www.human-rights-year.com\/de\/2022\/08\/30\/menschenrechte-in-russland-monitoringergebnisse-vom-22-08-29-08-2022\/\" \/>\n<meta property=\"og:locale\" content=\"de_DE\" \/>\n<meta property=\"og:type\" content=\"article\" \/>\n<meta property=\"og:title\" content=\"Menschenrechte in Russland: Monitoringergebnisse vom 22.08. - 29.08.2022 - Europ\u00e4ischer Menschenrechtsdialog\" \/>\n<meta property=\"og:description\" content=\"August &#8211; Es wurde bekannt, dass die 66-j\u00e4hrige Zeugin Jehovas Lyubov Galitsina f\u00fcr zwei Monate in Untersuchungshaft genommen wurde. Ihr wird vorgeworfen, die Aktivit\u00e4ten einer\" \/>\n<meta property=\"og:url\" content=\"https:\/\/www.human-rights-year.com\/de\/2022\/08\/30\/menschenrechte-in-russland-monitoringergebnisse-vom-22-08-29-08-2022\/\" \/>\n<meta property=\"og:site_name\" content=\"Europ\u00e4ischer Menschenrechtsdialog\" \/>\n<meta property=\"article:published_time\" content=\"2022-08-30T21:50:40+00:00\" \/>\n<meta property=\"article:modified_time\" content=\"2022-09-15T21:56:11+00:00\" \/>\n<meta property=\"og:image\" content=\"https:\/\/www.human-rights-year.com\/wp-content\/uploads\/2022\/08\/adobestock_497347923-scaled.jpeg\" \/>\n\t<meta property=\"og:image:width\" content=\"2560\" \/>\n\t<meta property=\"og:image:height\" content=\"1707\" \/>\n\t<meta property=\"og:image:type\" content=\"image\/jpeg\" \/>\n<meta name=\"author\" content=\"Europ\u00e4ischer Menschenrechtedialog\" \/>\n<meta name=\"twitter:card\" content=\"summary_large_image\" \/>\n<meta name=\"twitter:label1\" content=\"Verfasst von\" \/>\n\t<meta name=\"twitter:data1\" content=\"Europ\u00e4ischer Menschenrechtedialog\" \/>\n\t<meta name=\"twitter:label2\" content=\"Gesch\u00e4tzte Lesezeit\" \/>\n\t<meta name=\"twitter:data2\" content=\"7\u00a0Minuten\" \/>\n<script type=\"application\/ld+json\" class=\"yoast-schema-graph\">{\"@context\":\"https:\/\/schema.org\",\"@graph\":[{\"@type\":\"WebSite\",\"@id\":\"https:\/\/www.human-rights-year.com\/#website\",\"url\":\"https:\/\/www.human-rights-year.com\/\",\"name\":\"\u0415\u0432\u0440\u043e\u043f\u0435\u0439\u0441\u043a\u0438\u0439 \u043f\u0440\u0430\u0432\u043e\u0437\u0430\u0449\u0438\u0442\u043d\u044b\u0439 \u0434\u0438\u0430\u043b\u043e\u0433\",\"description\":\" \",\"potentialAction\":[{\"@type\":\"SearchAction\",\"target\":{\"@type\":\"EntryPoint\",\"urlTemplate\":\"https:\/\/www.human-rights-year.com\/?s={search_term_string}\"},\"query-input\":\"required name=search_term_string\"}],\"inLanguage\":\"de\"},{\"@type\":\"WebPage\",\"@id\":\"https:\/\/www.human-rights-year.com\/de\/2022\/08\/30\/menschenrechte-in-russland-monitoringergebnisse-vom-22-08-29-08-2022\/\",\"url\":\"https:\/\/www.human-rights-year.com\/de\/2022\/08\/30\/menschenrechte-in-russland-monitoringergebnisse-vom-22-08-29-08-2022\/\",\"name\":\"Menschenrechte in Russland: Monitoringergebnisse vom 22.08. - 29.08.2022 - Europ\u00e4ischer Menschenrechtsdialog\",\"isPartOf\":{\"@id\":\"https:\/\/www.human-rights-year.com\/#website\"},\"datePublished\":\"2022-08-30T21:50:40+00:00\",\"dateModified\":\"2022-09-15T21:56:11+00:00\",\"author\":{\"@id\":\"https:\/\/www.human-rights-year.com\/#\/schema\/person\/c61a685c41e5101f9ea8f886f7ff8867\"},\"breadcrumb\":{\"@id\":\"https:\/\/www.human-rights-year.com\/de\/2022\/08\/30\/menschenrechte-in-russland-monitoringergebnisse-vom-22-08-29-08-2022\/#breadcrumb\"},\"inLanguage\":\"de\",\"potentialAction\":[{\"@type\":\"ReadAction\",\"target\":[\"https:\/\/www.human-rights-year.com\/de\/2022\/08\/30\/menschenrechte-in-russland-monitoringergebnisse-vom-22-08-29-08-2022\/\"]}]},{\"@type\":\"BreadcrumbList\",\"@id\":\"https:\/\/www.human-rights-year.com\/de\/2022\/08\/30\/menschenrechte-in-russland-monitoringergebnisse-vom-22-08-29-08-2022\/#breadcrumb\",\"itemListElement\":[{\"@type\":\"ListItem\",\"position\":1,\"name\":\"\u0413\u043b\u0430\u0432\u043d\u0430\u044f \u0441\u0442\u0440\u0430\u043d\u0438\u0446\u0430\",\"item\":\"https:\/\/www.human-rights-year.com\/de\/\"},{\"@type\":\"ListItem\",\"position\":2,\"name\":\"Menschenrechte in Russland: Monitoringergebnisse vom 22.08. &#8212; 29.08.2022\"}]},{\"@type\":\"Person\",\"@id\":\"https:\/\/www.human-rights-year.com\/#\/schema\/person\/c61a685c41e5101f9ea8f886f7ff8867\",\"name\":\"Europ\u00e4ischer Menschenrechtedialog\",\"image\":{\"@type\":\"ImageObject\",\"inLanguage\":\"de\",\"@id\":\"https:\/\/www.human-rights-year.com\/#\/schema\/person\/image\/\",\"url\":\"https:\/\/secure.gravatar.com\/avatar\/b8079c67933c0da74d24da6410334e70?s=96&d=mm&r=g\",\"contentUrl\":\"https:\/\/secure.gravatar.com\/avatar\/b8079c67933c0da74d24da6410334e70?s=96&d=mm&r=g\",\"caption\":\"Europ\u00e4ischer Menschenrechtedialog\"},\"description\":\"\u041f\u0440\u043e\u0435\u043a\u0442\u00a0\u00ab\u0415\u0432\u0440\u043e\u043f\u0435\u0439\u0441\u043a\u0438\u0439 \u043f\u0440\u0430\u0432\u043e\u0437\u0430\u0449\u0438\u0442\u043d\u044b\u0439 \u0434\u0438\u0430\u043b\u043e\u0433\u00bb \u0440\u0435\u0430\u043b\u0438\u0437\u0443\u0435\u0442\u0441\u044f \u043f\u0440\u0438\u00a0\u043f\u043e\u0434\u0434\u0435\u0440\u0436\u043a\u0435 \u0433\u0435\u0440\u043c\u0430\u043d\u0441\u043a\u043e\u0433\u043e \u041c\u0418\u0414\u0430. \u0421\u0438\u0442\u0443\u0430\u0446\u0438\u044f \u0441 \u043f\u043e\u043b\u0438\u0442\u0437\u0430\u043a\u043b\u044e\u0447\u0435\u043d\u043d\u044b\u043c\u0438 \u0438 \u0434\u0440\u0443\u0433\u0438\u0435 \u043f\u0440\u0430\u0432\u043e\u0437\u0430\u0449\u0438\u0442\u043d\u044b\u0435 \u043f\u0440\u043e\u0431\u043b\u0435\u043c\u044b \u0432 \u0420\u043e\u0441\u0441\u0438\u0438 \u0438 \u0411\u0435\u043b\u0430\u0440\u0443\u0441\u0438 \u0441\u0442\u0430\u043d\u043e\u0432\u044f\u0442\u0441\u044f \u0433\u043e\u0434 \u043e\u0442 \u0433\u043e\u0434\u0430 \u0432\u0441\u0435 \u043e\u0441\u0442\u0440\u0435\u0435. \u041c\u044b \u043e\u0436\u0438\u0432\u043b\u044f\u0435\u043c \u0434\u0438\u0430\u043b\u043e\u0433 \u043c\u0435\u0436\u0434\u0443 \u0440\u043e\u0441\u0441\u0438\u0439\u0441\u043a\u0438\u043c, \u0431\u0435\u043b\u0430\u0440\u0443\u0441\u0441\u043a\u0438\u043c, \u043f\u043e\u043b\u044c\u0441\u043a\u0438\u043c \u0438 \u043d\u0435\u043c\u0435\u0446\u043a\u0438\u043c \u043f\u0440\u0430\u0432\u043e\u0437\u0430\u0449\u0438\u0442\u043d\u044b\u043c \u0441\u043e\u043e\u0431\u0449\u0435\u0441\u0442\u0432\u043e\u043c \u0438 \u043d\u0430\u043b\u0430\u0436\u0438\u0432\u0430\u0435\u043c \u0438\u0445 \u043a\u043e\u043d\u0441\u0442\u0440\u0443\u043a\u0442\u0438\u0432\u043d\u043e\u0435 \u0432\u0437\u0430\u0438\u043c\u043e\u0434\u0435\u0439\u0441\u0442\u0432\u0438\u0435, \u0432\u0437\u0430\u0438\u043c\u043d\u043e\u0435 \u0438\u043d\u0444\u043e\u0440\u043c\u0438\u0440\u043e\u0432\u0430\u043d\u0438\u0435 \u0438 \u043f\u043e\u0434\u0434\u0435\u0440\u0436\u043a\u0443. \u041c\u044b \u0438\u043d\u0444\u043e\u0440\u043c\u0438\u0440\u0443\u0435\u043c \u043d\u0435\u043c\u0435\u0446\u043a\u0443\u044e \u043e\u0431\u0449\u0435\u0441\u0442\u0432\u0435\u043d\u043d\u043e\u0441\u0442\u044c \u043e \u0441\u0438\u0442\u0443\u0430\u0446\u0438\u0438 \u0441 \u0437\u0430\u0449\u0438\u0442\u043e\u0439 \u043f\u0440\u0430\u0432 \u0447\u0435\u043b\u043e\u0432\u0435\u043a\u0430 \u0432 \u0420\u043e\u0441\u0441\u0438\u0438 \u0438 \u0411\u0435\u043b\u0430\u0440\u0443\u0441\u0438, \u0430 \u0440\u043e\u0441\u0441\u0438\u0439\u0441\u043a\u0443\u044e \u0438 \u0431\u0435\u043b\u0430\u0440\u0443\u0441\u0441\u043a\u0443\u044e \u2014 \u043e \u043f\u043e\u043b\u043e\u0436\u0435\u043d\u0438\u0438 \u0432 \u044d\u0442\u043e\u0439 \u043e\u0431\u043b\u0430\u0441\u0442\u0438 \u0432 \u0413\u0435\u0440\u043c\u0430\u043d\u0438\u0438; \u0441\u043e\u0437\u0434\u0430\u0435\u043c \u043c\u0435\u0445\u0430\u043d\u0438\u0437\u043c \u043f\u043e\u0434\u0434\u0435\u0440\u0436\u043a\u0438 \u0440\u043e\u0441\u0441\u0438\u0439\u0441\u043a\u0438\u0445 \u0438 \u0431\u0435\u043b\u0430\u0440\u0443\u0441\u0441\u043a\u0438\u0445 \u043f\u0440\u0430\u0432\u043e\u0437\u0430\u0449\u0438\u0442\u043d\u0438\u043a\u043e\u0432, \u0436\u0435\u0440\u0442\u0432 \u043f\u043e\u043b\u0438\u0442\u0438\u0447\u0435\u0441\u043a\u0438\u0445 \u0440\u0435\u043f\u0440\u0435\u0441\u0441\u0438\u0439 \u0438 \u043f\u043e\u043b\u0438\u0442\u0437\u0430\u043a\u043b\u044e\u0447\u0435\u043d\u043d\u044b\u0445. \u0411\u0443\u0434\u0435\u043c \u0440\u0430\u0434\u044b \u0432\u0430\u0448\u0435\u043c\u0443 \u0443\u0447\u0430\u0441\u0442\u0438\u044e \u0432 \u0435\u0432\u0440\u043e\u043f\u0435\u0439\u0441\u043a\u043e\u043c \u043f\u0440\u0430\u0432\u043e\u0437\u0430\u0449\u0438\u0442\u043d\u043e\u043c \u0434\u0438\u0430\u043b\u043e\u0433\u0435 \u043d\u0430 \u043d\u0430\u0448\u0435\u043c \u0441\u0430\u0439\u0442\u0435 \u0438 \u0430\u043a\u043a\u0430\u0443\u043d\u0442\u0430\u0445 \u0432 \u0441\u043e\u0446\u0438\u0430\u043b\u044c\u043d\u044b\u0445 \u0441\u0435\u0442\u044f\u0445, \u0430 \u0442\u0430\u043a\u0436\u0435 \u043f\u0440\u0438\u0433\u043b\u0430\u0448\u0430\u0435\u043c \u0432\u0430\u0441 \u043f\u043e\u0434\u043f\u0438\u0441\u0430\u0442\u044c\u0441\u044f \u043d\u0430 \u0440\u0430\u0441\u0441\u044b\u043b\u043a\u0443 \u043e \u043f\u0440\u0430\u0432\u043e\u0437\u0430\u0449\u0438\u0442\u043d\u044b\u0445 \u043f\u0440\u043e\u0431\u043b\u0435\u043c\u0430\u0445\u00a0\u043f\u043e \u0441\u0441\u044b\u043b\u043a\u0435 (\u043d\u0430 \u043d\u0435\u043c\u0435\u0446\u043a\u043e\u043c \u044f\u0437\u044b\u043a\u0435).\u00a0\",\"url\":\"https:\/\/www.human-rights-year.com\/de\/author\/anna-andrievskaja\/\"}]}<\/script>\n<!-- \/ Yoast SEO plugin. -->","yoast_head_json":{"title":"Menschenrechte in Russland: Monitoringergebnisse vom 22.08. - 29.08.2022 - Europ\u00e4ischer Menschenrechtsdialog","robots":{"index":"index","follow":"follow","max-snippet":"max-snippet:-1","max-image-preview":"max-image-preview:large","max-video-preview":"max-video-preview:-1"},"canonical":"https:\/\/www.human-rights-year.com\/de\/2022\/08\/30\/menschenrechte-in-russland-monitoringergebnisse-vom-22-08-29-08-2022\/","og_locale":"de_DE","og_type":"article","og_title":"Menschenrechte in Russland: Monitoringergebnisse vom 22.08. - 29.08.2022 - Europ\u00e4ischer Menschenrechtsdialog","og_description":"August &#8211; Es wurde bekannt, dass die 66-j\u00e4hrige Zeugin Jehovas Lyubov Galitsina f\u00fcr zwei Monate in Untersuchungshaft genommen wurde. Ihr wird vorgeworfen, die Aktivit\u00e4ten einer","og_url":"https:\/\/www.human-rights-year.com\/de\/2022\/08\/30\/menschenrechte-in-russland-monitoringergebnisse-vom-22-08-29-08-2022\/","og_site_name":"Europ\u00e4ischer Menschenrechtsdialog","article_published_time":"2022-08-30T21:50:40+00:00","article_modified_time":"2022-09-15T21:56:11+00:00","og_image":[{"width":2560,"height":1707,"url":"https:\/\/www.human-rights-year.com\/wp-content\/uploads\/2022\/08\/adobestock_497347923-scaled.jpeg","type":"image\/jpeg"}],"author":"Europ\u00e4ischer Menschenrechtedialog","twitter_card":"summary_large_image","twitter_misc":{"Verfasst von":"Europ\u00e4ischer Menschenrechtedialog","Gesch\u00e4tzte Lesezeit":"7\u00a0Minuten"},"schema":{"@context":"https:\/\/schema.org","@graph":[{"@type":"WebSite","@id":"https:\/\/www.human-rights-year.com\/#website","url":"https:\/\/www.human-rights-year.com\/","name":"\u0415\u0432\u0440\u043e\u043f\u0435\u0439\u0441\u043a\u0438\u0439 \u043f\u0440\u0430\u0432\u043e\u0437\u0430\u0449\u0438\u0442\u043d\u044b\u0439 \u0434\u0438\u0430\u043b\u043e\u0433","description":" ","potentialAction":[{"@type":"SearchAction","target":{"@type":"EntryPoint","urlTemplate":"https:\/\/www.human-rights-year.com\/?s={search_term_string}"},"query-input":"required name=search_term_string"}],"inLanguage":"de"},{"@type":"WebPage","@id":"https:\/\/www.human-rights-year.com\/de\/2022\/08\/30\/menschenrechte-in-russland-monitoringergebnisse-vom-22-08-29-08-2022\/","url":"https:\/\/www.human-rights-year.com\/de\/2022\/08\/30\/menschenrechte-in-russland-monitoringergebnisse-vom-22-08-29-08-2022\/","name":"Menschenrechte in Russland: Monitoringergebnisse vom 22.08. - 29.08.2022 - Europ\u00e4ischer Menschenrechtsdialog","isPartOf":{"@id":"https:\/\/www.human-rights-year.com\/#website"},"datePublished":"2022-08-30T21:50:40+00:00","dateModified":"2022-09-15T21:56:11+00:00","author":{"@id":"https:\/\/www.human-rights-year.com\/#\/schema\/person\/c61a685c41e5101f9ea8f886f7ff8867"},"breadcrumb":{"@id":"https:\/\/www.human-rights-year.com\/de\/2022\/08\/30\/menschenrechte-in-russland-monitoringergebnisse-vom-22-08-29-08-2022\/#breadcrumb"},"inLanguage":"de","potentialAction":[{"@type":"ReadAction","target":["https:\/\/www.human-rights-year.com\/de\/2022\/08\/30\/menschenrechte-in-russland-monitoringergebnisse-vom-22-08-29-08-2022\/"]}]},{"@type":"BreadcrumbList","@id":"https:\/\/www.human-rights-year.com\/de\/2022\/08\/30\/menschenrechte-in-russland-monitoringergebnisse-vom-22-08-29-08-2022\/#breadcrumb","itemListElement":[{"@type":"ListItem","position":1,"name":"\u0413\u043b\u0430\u0432\u043d\u0430\u044f \u0441\u0442\u0440\u0430\u043d\u0438\u0446\u0430","item":"https:\/\/www.human-rights-year.com\/de\/"},{"@type":"ListItem","position":2,"name":"Menschenrechte in Russland: Monitoringergebnisse vom 22.08. &#8212; 29.08.2022"}]},{"@type":"Person","@id":"https:\/\/www.human-rights-year.com\/#\/schema\/person\/c61a685c41e5101f9ea8f886f7ff8867","name":"Europ\u00e4ischer Menschenrechtedialog","image":{"@type":"ImageObject","inLanguage":"de","@id":"https:\/\/www.human-rights-year.com\/#\/schema\/person\/image\/","url":"https:\/\/secure.gravatar.com\/avatar\/b8079c67933c0da74d24da6410334e70?s=96&d=mm&r=g","contentUrl":"https:\/\/secure.gravatar.com\/avatar\/b8079c67933c0da74d24da6410334e70?s=96&d=mm&r=g","caption":"Europ\u00e4ischer Menschenrechtedialog"},"description":"\u041f\u0440\u043e\u0435\u043a\u0442\u00a0\u00ab\u0415\u0432\u0440\u043e\u043f\u0435\u0439\u0441\u043a\u0438\u0439 \u043f\u0440\u0430\u0432\u043e\u0437\u0430\u0449\u0438\u0442\u043d\u044b\u0439 \u0434\u0438\u0430\u043b\u043e\u0433\u00bb \u0440\u0435\u0430\u043b\u0438\u0437\u0443\u0435\u0442\u0441\u044f \u043f\u0440\u0438\u00a0\u043f\u043e\u0434\u0434\u0435\u0440\u0436\u043a\u0435 \u0433\u0435\u0440\u043c\u0430\u043d\u0441\u043a\u043e\u0433\u043e \u041c\u0418\u0414\u0430. \u0421\u0438\u0442\u0443\u0430\u0446\u0438\u044f \u0441 \u043f\u043e\u043b\u0438\u0442\u0437\u0430\u043a\u043b\u044e\u0447\u0435\u043d\u043d\u044b\u043c\u0438 \u0438 \u0434\u0440\u0443\u0433\u0438\u0435 \u043f\u0440\u0430\u0432\u043e\u0437\u0430\u0449\u0438\u0442\u043d\u044b\u0435 \u043f\u0440\u043e\u0431\u043b\u0435\u043c\u044b \u0432 \u0420\u043e\u0441\u0441\u0438\u0438 \u0438 \u0411\u0435\u043b\u0430\u0440\u0443\u0441\u0438 \u0441\u0442\u0430\u043d\u043e\u0432\u044f\u0442\u0441\u044f \u0433\u043e\u0434 \u043e\u0442 \u0433\u043e\u0434\u0430 \u0432\u0441\u0435 \u043e\u0441\u0442\u0440\u0435\u0435. \u041c\u044b \u043e\u0436\u0438\u0432\u043b\u044f\u0435\u043c \u0434\u0438\u0430\u043b\u043e\u0433 \u043c\u0435\u0436\u0434\u0443 \u0440\u043e\u0441\u0441\u0438\u0439\u0441\u043a\u0438\u043c, \u0431\u0435\u043b\u0430\u0440\u0443\u0441\u0441\u043a\u0438\u043c, \u043f\u043e\u043b\u044c\u0441\u043a\u0438\u043c \u0438 \u043d\u0435\u043c\u0435\u0446\u043a\u0438\u043c \u043f\u0440\u0430\u0432\u043e\u0437\u0430\u0449\u0438\u0442\u043d\u044b\u043c \u0441\u043e\u043e\u0431\u0449\u0435\u0441\u0442\u0432\u043e\u043c \u0438 \u043d\u0430\u043b\u0430\u0436\u0438\u0432\u0430\u0435\u043c \u0438\u0445 \u043a\u043e\u043d\u0441\u0442\u0440\u0443\u043a\u0442\u0438\u0432\u043d\u043e\u0435 \u0432\u0437\u0430\u0438\u043c\u043e\u0434\u0435\u0439\u0441\u0442\u0432\u0438\u0435, \u0432\u0437\u0430\u0438\u043c\u043d\u043e\u0435 \u0438\u043d\u0444\u043e\u0440\u043c\u0438\u0440\u043e\u0432\u0430\u043d\u0438\u0435 \u0438 \u043f\u043e\u0434\u0434\u0435\u0440\u0436\u043a\u0443. \u041c\u044b \u0438\u043d\u0444\u043e\u0440\u043c\u0438\u0440\u0443\u0435\u043c \u043d\u0435\u043c\u0435\u0446\u043a\u0443\u044e \u043e\u0431\u0449\u0435\u0441\u0442\u0432\u0435\u043d\u043d\u043e\u0441\u0442\u044c \u043e \u0441\u0438\u0442\u0443\u0430\u0446\u0438\u0438 \u0441 \u0437\u0430\u0449\u0438\u0442\u043e\u0439 \u043f\u0440\u0430\u0432 \u0447\u0435\u043b\u043e\u0432\u0435\u043a\u0430 \u0432 \u0420\u043e\u0441\u0441\u0438\u0438 \u0438 \u0411\u0435\u043b\u0430\u0440\u0443\u0441\u0438, \u0430 \u0440\u043e\u0441\u0441\u0438\u0439\u0441\u043a\u0443\u044e \u0438 \u0431\u0435\u043b\u0430\u0440\u0443\u0441\u0441\u043a\u0443\u044e \u2014 \u043e \u043f\u043e\u043b\u043e\u0436\u0435\u043d\u0438\u0438 \u0432 \u044d\u0442\u043e\u0439 \u043e\u0431\u043b\u0430\u0441\u0442\u0438 \u0432 \u0413\u0435\u0440\u043c\u0430\u043d\u0438\u0438; \u0441\u043e\u0437\u0434\u0430\u0435\u043c \u043c\u0435\u0445\u0430\u043d\u0438\u0437\u043c \u043f\u043e\u0434\u0434\u0435\u0440\u0436\u043a\u0438 \u0440\u043e\u0441\u0441\u0438\u0439\u0441\u043a\u0438\u0445 \u0438 \u0431\u0435\u043b\u0430\u0440\u0443\u0441\u0441\u043a\u0438\u0445 \u043f\u0440\u0430\u0432\u043e\u0437\u0430\u0449\u0438\u0442\u043d\u0438\u043a\u043e\u0432, \u0436\u0435\u0440\u0442\u0432 \u043f\u043e\u043b\u0438\u0442\u0438\u0447\u0435\u0441\u043a\u0438\u0445 \u0440\u0435\u043f\u0440\u0435\u0441\u0441\u0438\u0439 \u0438 \u043f\u043e\u043b\u0438\u0442\u0437\u0430\u043a\u043b\u044e\u0447\u0435\u043d\u043d\u044b\u0445. \u0411\u0443\u0434\u0435\u043c \u0440\u0430\u0434\u044b \u0432\u0430\u0448\u0435\u043c\u0443 \u0443\u0447\u0430\u0441\u0442\u0438\u044e \u0432 \u0435\u0432\u0440\u043e\u043f\u0435\u0439\u0441\u043a\u043e\u043c \u043f\u0440\u0430\u0432\u043e\u0437\u0430\u0449\u0438\u0442\u043d\u043e\u043c \u0434\u0438\u0430\u043b\u043e\u0433\u0435 \u043d\u0430 \u043d\u0430\u0448\u0435\u043c \u0441\u0430\u0439\u0442\u0435 \u0438 \u0430\u043a\u043a\u0430\u0443\u043d\u0442\u0430\u0445 \u0432 \u0441\u043e\u0446\u0438\u0430\u043b\u044c\u043d\u044b\u0445 \u0441\u0435\u0442\u044f\u0445, \u0430 \u0442\u0430\u043a\u0436\u0435 \u043f\u0440\u0438\u0433\u043b\u0430\u0448\u0430\u0435\u043c \u0432\u0430\u0441 \u043f\u043e\u0434\u043f\u0438\u0441\u0430\u0442\u044c\u0441\u044f \u043d\u0430 \u0440\u0430\u0441\u0441\u044b\u043b\u043a\u0443 \u043e \u043f\u0440\u0430\u0432\u043e\u0437\u0430\u0449\u0438\u0442\u043d\u044b\u0445 \u043f\u0440\u043e\u0431\u043b\u0435\u043c\u0430\u0445\u00a0\u043f\u043e \u0441\u0441\u044b\u043b\u043a\u0435 (\u043d\u0430 \u043d\u0435\u043c\u0435\u0446\u043a\u043e\u043c \u044f\u0437\u044b\u043a\u0435).\u00a0","url":"https:\/\/www.human-rights-year.com\/de\/author\/anna-andrievskaja\/"}]}},"_links":{"self":[{"href":"https:\/\/www.human-rights-year.com\/de\/wp-json\/wp\/v2\/posts\/4571"}],"collection":[{"href":"https:\/\/www.human-rights-year.com\/de\/wp-json\/wp\/v2\/posts"}],"about":[{"href":"https:\/\/www.human-rights-year.com\/de\/wp-json\/wp\/v2\/types\/post"}],"author":[{"embeddable":true,"href":"https:\/\/www.human-rights-year.com\/de\/wp-json\/wp\/v2\/users\/33"}],"replies":[{"embeddable":true,"href":"https:\/\/www.human-rights-year.com\/de\/wp-json\/wp\/v2\/comments?post=4571"}],"version-history":[{"count":0,"href":"https:\/\/www.human-rights-year.com\/de\/wp-json\/wp\/v2\/posts\/4571\/revisions"}],"wp:featuredmedia":[{"embeddable":true,"href":"https:\/\/www.human-rights-year.com\/de\/wp-json\/wp\/v2\/media\/4545"}],"wp:attachment":[{"href":"https:\/\/www.human-rights-year.com\/de\/wp-json\/wp\/v2\/media?parent=4571"}],"wp:term":[{"taxonomy":"category","embeddable":true,"href":"https:\/\/www.human-rights-year.com\/de\/wp-json\/wp\/v2\/categories?post=4571"},{"taxonomy":"post_tag","embeddable":true,"href":"https:\/\/www.human-rights-year.com\/de\/wp-json\/wp\/v2\/tags?post=4571"}],"curies":[{"name":"wp","href":"https:\/\/api.w.org\/{rel}","templated":true}]}}