{"id":4547,"date":"2022-08-29T12:58:24","date_gmt":"2022-08-29T10:58:24","guid":{"rendered":"https:\/\/www.human-rights-year.com\/2022\/08\/29\/menschenrechte-in-russland-monitoringergebnisse-vom-15-08-21-08-2022\/"},"modified":"2022-08-29T12:58:24","modified_gmt":"2022-08-29T10:58:24","slug":"menschenrechte-in-russland-monitoringergebnisse-vom-15-08-21-08-2022","status":"publish","type":"post","link":"https:\/\/www.human-rights-year.com\/de\/2022\/08\/29\/menschenrechte-in-russland-monitoringergebnisse-vom-15-08-21-08-2022\/","title":{"rendered":"Menschenrechte in Russland: Monitoringergebnisse vom 15.08 \u2014 21.08.2022"},"content":{"rendered":"<ol start=\"15\">\n<li><strong> August<\/strong><\/li>\n<\/ol>\n<ul>\n<li>Ein Einwohner von Nowosibirsk wurde in einem Strafverfahren wegen der Rehabilitierung des Nationalsozialismus aufgrund von Beitr\u00e4gen und Kommentaren in sozialen Medien angeklagt.<\/li>\n<li>In Tscheljabinsk, Moskau, Krasnodar, Sotschi, Kemerowo und Nowosibirsk f\u00fchrte die Polizei Durchsuchungen bei Mitgliedern der Pfingstkirche <em>Neue Generation<\/em> Sie wurden verd\u00e4chtigt, das <em>Asow-Bataillon<\/em> zu unterst\u00fctzen. Die Organisation selbst gilt in Russland als unerw\u00fcnscht.<\/li>\n<li>Gegen einen 30-j\u00e4hrigen H\u00e4ftling in einer der Strafkolonien im Gebiet Pensa wurde ein Strafverfahren wegen Fake News \u00fcber die Armee (Teil 1, Artikel 207.3 des Strafgesetzbuches) eingeleitet, weil er sich mit anderen H\u00e4ftlingen \u00fcber den Krieg unterhalten hatte.<\/li>\n<li>In der Region Woronesch wurde ein Verfahren wegen Rehabilitierung des Nationalsozialismus im Internet (Teil 4, Artikel 354.1 des Strafgesetzbuchs) eingeleitet, weil Fotos von zwei Sch\u00fclerinnen mit ausgestreckten Armen an einem Kriegsdenkmal gezeigt wurden.<\/li>\n<li>Der FSB meldete die Verhinderung eines terroristischen Anschlags in Wolgograd. Zwei M\u00e4nner, die angeblich im Auftrag ukrainischer Spezialdienste die Sprengung einer \u00d6lpipeline vorbereiteten, starben bei der Festnahme.<\/li>\n<li>Ein Gericht auf der Krim hat den DJ Yuriy Radionov f\u00fcr 10 Tage inhaftiert, nachdem er auf Wunsch eines Caf\u00e9besuchers einen Song des ukrainischen Rappers Wild Field gespielt hatte.<\/li>\n<li>Sofia Pugatschewa, Bezirksvorsteherin von Noworschewsk in der Region Pskow und Mitglied von Jabloko, wurde zu einer Geldstrafe von 50 000 Rubel verurteilt, weil sie die Buchstaben Z und V (Symbole des Krieges in der Ukraine) von den Fenstern des Bezirkshauses f\u00fcr Kultur entfernt hatte.<\/li>\n<\/ul>\n<ol start=\"16\">\n<li><strong> August<\/strong><\/li>\n<\/ol>\n<ul>\n<li>Der Menschenrechtsaktivist Pawel Tschikow erkl\u00e4rte, dass in Russland derzeit 85 Strafsachen wegen milit\u00e4rischer Fake News untersucht werden. Siebenundzwanzig der Beschuldigten befinden sich in Untersuchungshaft. Weitere 24 Angeklagte befinden sich au\u00dferhalb Russlands.<\/li>\n<li>Durchsuchungen bei Zeugen Jehovas wurden in den Regionen Rostow und Brjansk durchgef\u00fchrt. Gegen die 66-j\u00e4hrige Lyubov Galitsynaya, den 55-j\u00e4hrigen Garegin Khachaturyan, den 35-j\u00e4hrigen Gevorg Yeritsyan aus Novocherkassk und die 44-j\u00e4hrige Elena Yashina aus Unech wurden Strafanzeigen erstattet. Galitsyna, Khachaturyan und Yeritsyan wurden f\u00fcr 2 Monate in eine Untersuchungshaftanstalt eingewiesen. Yashina \u2013 unter Auflagen.<\/li>\n<li>In Kertsch wurde ein Strafverfahren gegen Ilya Gantsevsky unter einem Artikel \u00fcber Fake News \u00fcber die Armee wegen eines Posts auf Instagram er\u00f6ffnet. Der junge Mann wurde unter Hausarrest gestellt.<\/li>\n<li>Im Fall der Fake News wurden Verwandte der Novosibirsker Stadtratsabgeordneten Helga Pirogowa durchsucht. Sie befindet sich au\u00dferhalb Russlands.<\/li>\n<li>Der Aktivist Alexey Onoshkin wurde in Nizhny Nowgorod nach einer Durchsuchung und einem Verh\u00f6r festgenommen. Ein Gericht wies ihn f\u00fcr zwei Monate in eine Untersuchungshaftanstalt ein. Der Fall der Verbreitung von Fake News gegen den Aktivisten wurde aufgrund von Posts auf V-Kontakte eingeleitet.<\/li>\n<li>In Omsk wurde der Arch\u00e4ologe Evgeny Kruglov, der beschuldigt wurde, Fake News \u00fcber die Armee zu verbreiten, auf richterliche Anordnung zur Untersuchung in ein psychiatrisches Krankenhaus eingewiesen.<\/li>\n<li>In Rostow am Don beantragte die Staatsanwaltschaft 15 bis 17 Jahre Haft f\u00fcr f\u00fcnf Krimtataren, denen das Betreiben einer terroristischen Vereinigung (Artikel 205.5 Teil 2 des russischen Strafgesetzbuchs) und die Vorbereitung einer gewaltsamen Macht\u00fcbernahme (Artikel 278 von Artikel 30 Teil 1 des russischen Strafgesetzbuchs) vorgeworfen wird.<\/li>\n<\/ul>\n<ol start=\"17\">\n<li><strong> August<\/strong><\/li>\n<\/ol>\n<ul>\n<li>Mindestens sieben Journalisten von Radio Liberty wurden in Kasan durchsucht.<\/li>\n<li>Roskomnadzor stellte 57,7 Millionen Rubel f\u00fcr das Oculus-System zur Suche nach verbotenen Inhalten bereit. In Bildern und Videos, URLs, Korrespondenz in Chats und Materialien von Kan\u00e4len in Messengern soll das System Anzeichen von Extremismus und Terrorismus, Aufrufe zu unkoordinierten Kundgebungen, \u00c4u\u00dferungen der Missachtung des Staates und seiner offiziellen Symbole, F\u00f6rderung des Rauchens, der Drogenherstellung und &#8222;nicht-traditioneller Werte&#8220;, finden.<\/li>\n<li>Das Stadtgericht von Petrosawodsk hat Jelena Neronowa, Assistentin eines Abgeordneten des Stadtrats von der Jabloko-Partei, zu einer Geldstrafe von 30.000 Rubel wegen des Artikels \u00fcber die Verunglimpfung der russischen Armee aufgrund von Beitr\u00e4gen auf V-Kontakte verurteilt. Bei der Anh\u00f6rung fiel es dem Polizeibeamten, der den Bericht verfasst hatte, schwer zu beantworten, was genau eine Diskreditierung darstellt und was eine Diskreditierung ist.<\/li>\n<li>Ein Gericht in Jekaterinburg verh\u00e4ngte eine 14-t\u00e4gige Haftstrafe gegen die Journalistin Jelena Schukajewa, weil sie im sozialen Netz V-Kontakte, einen Film von Nawalnys Team mit dem Titel &#8222;Er ist nicht Dimon&#8220; gepostet hatte.<\/li>\n<\/ul>\n<ol start=\"18\">\n<li><strong> August<\/strong><\/li>\n<\/ol>\n<ul>\n<li>Die Staatsanwaltschaft beantragte die Verurteilung von 12 ehemaligen Polizeibeamten aus Inguschetien zu 2,5 Jahren Haft in einer Strafkolonie. Sie wurden beschuldigt, einen Befehl nicht befolgt zu haben. Am 27. M\u00e4rz 2019 stellten sich bei einer Protestkundgebung in Magas 15 Angeh\u00f6rige des ingurischen PPS-Bataillons zwischen dem russischen Wachdienst und den Demonstranten, um Zusammenst\u00f6\u00dfe zu verhindern. Sie wurden daraufhin entlassen.<\/li>\n<li>In der Region Kaluga f\u00fchrte der FSB Durchsuchungen bei den Antifaschisten Andrej Poljakow und Artjom Wostrow durch.<\/li>\n<\/ul>\n<ol start=\"19\">\n<li><strong> August<\/strong><\/li>\n<\/ol>\n<ul>\n<li>Helga Pirogowa, eine Abgeordnete des Stadtrats von Nowosibirsk, die beschuldigt wird, Fake News \u00fcber die Armee zu verbreiten, wurde auf die internationale Fahndungsliste gesetzt. Sie verlie\u00df Russland Ende Juli.<\/li>\n<li>Ein Student, der in die Ewige Flamme urinierte, wurde im Gebiet Kaluga verurteilt. Kirill Efimov, 22, wurde wegen \u00f6ffentlicher Sch\u00e4ndung von Symbolen des russischen Milit\u00e4rruhmes zu zwei Jahren Haft in einer Strafkolonie verurteilt.<\/li>\n<li>Roskomnadzor hat Suchmaschinen angewiesen, TikTok, Telegram, Zoom, Pinterest und Discord als Verst\u00f6\u00dfe gegen russisches Recht zu kennzeichnen, weil die Unternehmen &#8222;die Verfahren zur Entfernung verbotener Informationen nicht einhalten&#8220;.<\/li>\n<li>FSB-Beamte warnten drei Bewohner der Region Moskau, die Geld an den Fonds &#8222;Come Back Alive&#8220; \u00fcberwiesen hatten, um das ukrainische Milit\u00e4r zu unterst\u00fctzen, vor Hochverrat.<\/li>\n<li>Das Moskauer Stadtgericht disqualifizierte neun unabh\u00e4ngige Kandidaten f\u00fcr das Stadtparlament<\/li>\n<\/ul>\n<ol start=\"20\">\n<li><strong> August<\/strong><\/li>\n<\/ol>\n<ul>\n<li>In Wladikawkas hat ein Gericht die Stand-up-Komikerin Ariana Lolaeva zu einer Geldstrafe von 50.000 Rubel verurteilt, weil sie mit ihren Anti-Kriegs-Posts auf Instagram und dem Telegram-Kanal Rocking Chair, die Armee &#8222;diskreditiert&#8220; hat.<\/li>\n<li>In Moskau disqualifizierte der Wahlausschuss des Bezirks Sjusino Alexander Samyatin, einen unabh\u00e4ngigen Kandidaten f\u00fcr das Amt des Stadtverordneten, wegen der Ver\u00f6ffentlichung eines Facebook-Videos von Nawalnys Team aus dem Jahr 2020.<\/li>\n<\/ul>\n<ol start=\"21\">\n<li><strong> August<\/strong><\/li>\n<\/ol>\n<ul>\n<li>Olga Shkolina, eine ehemalige Aktivistin in Nawalnys Hauptquartier in Archangelsk, wurde auf die f\u00f6derale Fahndungsliste f\u00fcr extremistische Organisationen gesetzt. Sie befindet sich au\u00dferhalb Russlands.<\/li>\n<\/ul>\n","protected":false},"excerpt":{"rendered":"<p>August Ein Einwohner von Nowosibirsk wurde in einem Strafverfahren wegen der Rehabilitierung des Nationalsozialismus aufgrund von Beitr\u00e4gen und Kommentaren in sozialen Medien angeklagt. In Tscheljabinsk,<\/p>\n","protected":false},"author":33,"featured_media":4536,"comment_status":"closed","ping_status":"open","sticky":false,"template":"","format":"standard","meta":[],"categories":[433,429],"tags":[],"yoast_head":"<!-- This site is optimized with the Yoast SEO plugin v19.4 - https:\/\/yoast.com\/wordpress\/plugins\/seo\/ -->\n<title>Menschenrechte in Russland: Monitoringergebnisse vom 15.08 \u2014 21.08.2022 - Europ\u00e4ischer Menschenrechtsdialog<\/title>\n<meta name=\"robots\" content=\"index, follow, max-snippet:-1, max-image-preview:large, max-video-preview:-1\" \/>\n<link rel=\"canonical\" href=\"https:\/\/www.human-rights-year.com\/de\/2022\/08\/29\/menschenrechte-in-russland-monitoringergebnisse-vom-15-08-21-08-2022\/\" \/>\n<meta property=\"og:locale\" content=\"de_DE\" \/>\n<meta property=\"og:type\" content=\"article\" \/>\n<meta property=\"og:title\" content=\"Menschenrechte in Russland: Monitoringergebnisse vom 15.08 \u2014 21.08.2022 - Europ\u00e4ischer Menschenrechtsdialog\" \/>\n<meta property=\"og:description\" content=\"August Ein Einwohner von Nowosibirsk wurde in einem Strafverfahren wegen der Rehabilitierung des Nationalsozialismus aufgrund von Beitr\u00e4gen und Kommentaren in sozialen Medien angeklagt. In Tscheljabinsk,\" \/>\n<meta property=\"og:url\" content=\"https:\/\/www.human-rights-year.com\/de\/2022\/08\/29\/menschenrechte-in-russland-monitoringergebnisse-vom-15-08-21-08-2022\/\" \/>\n<meta property=\"og:site_name\" content=\"Europ\u00e4ischer Menschenrechtsdialog\" \/>\n<meta property=\"article:published_time\" content=\"2022-08-29T10:58:24+00:00\" \/>\n<meta property=\"og:image\" content=\"https:\/\/www.human-rights-year.com\/wp-content\/uploads\/2022\/08\/barbed-wire-g8ceb69896_1920.jpg\" \/>\n\t<meta property=\"og:image:width\" content=\"1920\" \/>\n\t<meta property=\"og:image:height\" content=\"1276\" \/>\n\t<meta property=\"og:image:type\" content=\"image\/jpeg\" \/>\n<meta name=\"author\" content=\"Europ\u00e4ischer Menschenrechtedialog\" \/>\n<meta name=\"twitter:card\" content=\"summary_large_image\" \/>\n<meta name=\"twitter:label1\" content=\"Verfasst von\" \/>\n\t<meta name=\"twitter:data1\" content=\"Europ\u00e4ischer Menschenrechtedialog\" \/>\n\t<meta name=\"twitter:label2\" content=\"Gesch\u00e4tzte Lesezeit\" \/>\n\t<meta name=\"twitter:data2\" content=\"5\u00a0Minuten\" \/>\n<script type=\"application\/ld+json\" class=\"yoast-schema-graph\">{\"@context\":\"https:\/\/schema.org\",\"@graph\":[{\"@type\":\"WebSite\",\"@id\":\"https:\/\/www.human-rights-year.com\/#website\",\"url\":\"https:\/\/www.human-rights-year.com\/\",\"name\":\"\u0415\u0432\u0440\u043e\u043f\u0435\u0439\u0441\u043a\u0438\u0439 \u043f\u0440\u0430\u0432\u043e\u0437\u0430\u0449\u0438\u0442\u043d\u044b\u0439 \u0434\u0438\u0430\u043b\u043e\u0433\",\"description\":\" \",\"potentialAction\":[{\"@type\":\"SearchAction\",\"target\":{\"@type\":\"EntryPoint\",\"urlTemplate\":\"https:\/\/www.human-rights-year.com\/?s={search_term_string}\"},\"query-input\":\"required name=search_term_string\"}],\"inLanguage\":\"de\"},{\"@type\":\"WebPage\",\"@id\":\"https:\/\/www.human-rights-year.com\/de\/2022\/08\/29\/menschenrechte-in-russland-monitoringergebnisse-vom-15-08-21-08-2022\/\",\"url\":\"https:\/\/www.human-rights-year.com\/de\/2022\/08\/29\/menschenrechte-in-russland-monitoringergebnisse-vom-15-08-21-08-2022\/\",\"name\":\"Menschenrechte in Russland: Monitoringergebnisse vom 15.08 \u2014 21.08.2022 - Europ\u00e4ischer Menschenrechtsdialog\",\"isPartOf\":{\"@id\":\"https:\/\/www.human-rights-year.com\/#website\"},\"datePublished\":\"2022-08-29T10:58:24+00:00\",\"dateModified\":\"2022-08-29T10:58:24+00:00\",\"author\":{\"@id\":\"https:\/\/www.human-rights-year.com\/#\/schema\/person\/c61a685c41e5101f9ea8f886f7ff8867\"},\"breadcrumb\":{\"@id\":\"https:\/\/www.human-rights-year.com\/de\/2022\/08\/29\/menschenrechte-in-russland-monitoringergebnisse-vom-15-08-21-08-2022\/#breadcrumb\"},\"inLanguage\":\"de\",\"potentialAction\":[{\"@type\":\"ReadAction\",\"target\":[\"https:\/\/www.human-rights-year.com\/de\/2022\/08\/29\/menschenrechte-in-russland-monitoringergebnisse-vom-15-08-21-08-2022\/\"]}]},{\"@type\":\"BreadcrumbList\",\"@id\":\"https:\/\/www.human-rights-year.com\/de\/2022\/08\/29\/menschenrechte-in-russland-monitoringergebnisse-vom-15-08-21-08-2022\/#breadcrumb\",\"itemListElement\":[{\"@type\":\"ListItem\",\"position\":1,\"name\":\"\u0413\u043b\u0430\u0432\u043d\u0430\u044f \u0441\u0442\u0440\u0430\u043d\u0438\u0446\u0430\",\"item\":\"https:\/\/www.human-rights-year.com\/de\/\"},{\"@type\":\"ListItem\",\"position\":2,\"name\":\"Menschenrechte in Russland: Monitoringergebnisse vom 15.08 \u2014 21.08.2022\"}]},{\"@type\":\"Person\",\"@id\":\"https:\/\/www.human-rights-year.com\/#\/schema\/person\/c61a685c41e5101f9ea8f886f7ff8867\",\"name\":\"Europ\u00e4ischer Menschenrechtedialog\",\"image\":{\"@type\":\"ImageObject\",\"inLanguage\":\"de\",\"@id\":\"https:\/\/www.human-rights-year.com\/#\/schema\/person\/image\/\",\"url\":\"https:\/\/secure.gravatar.com\/avatar\/b8079c67933c0da74d24da6410334e70?s=96&d=mm&r=g\",\"contentUrl\":\"https:\/\/secure.gravatar.com\/avatar\/b8079c67933c0da74d24da6410334e70?s=96&d=mm&r=g\",\"caption\":\"Europ\u00e4ischer Menschenrechtedialog\"},\"description\":\"\u041f\u0440\u043e\u0435\u043a\u0442\u00a0\u00ab\u0415\u0432\u0440\u043e\u043f\u0435\u0439\u0441\u043a\u0438\u0439 \u043f\u0440\u0430\u0432\u043e\u0437\u0430\u0449\u0438\u0442\u043d\u044b\u0439 \u0434\u0438\u0430\u043b\u043e\u0433\u00bb \u0440\u0435\u0430\u043b\u0438\u0437\u0443\u0435\u0442\u0441\u044f \u043f\u0440\u0438\u00a0\u043f\u043e\u0434\u0434\u0435\u0440\u0436\u043a\u0435 \u0433\u0435\u0440\u043c\u0430\u043d\u0441\u043a\u043e\u0433\u043e \u041c\u0418\u0414\u0430. \u0421\u0438\u0442\u0443\u0430\u0446\u0438\u044f \u0441 \u043f\u043e\u043b\u0438\u0442\u0437\u0430\u043a\u043b\u044e\u0447\u0435\u043d\u043d\u044b\u043c\u0438 \u0438 \u0434\u0440\u0443\u0433\u0438\u0435 \u043f\u0440\u0430\u0432\u043e\u0437\u0430\u0449\u0438\u0442\u043d\u044b\u0435 \u043f\u0440\u043e\u0431\u043b\u0435\u043c\u044b \u0432 \u0420\u043e\u0441\u0441\u0438\u0438 \u0438 \u0411\u0435\u043b\u0430\u0440\u0443\u0441\u0438 \u0441\u0442\u0430\u043d\u043e\u0432\u044f\u0442\u0441\u044f \u0433\u043e\u0434 \u043e\u0442 \u0433\u043e\u0434\u0430 \u0432\u0441\u0435 \u043e\u0441\u0442\u0440\u0435\u0435. \u041c\u044b \u043e\u0436\u0438\u0432\u043b\u044f\u0435\u043c \u0434\u0438\u0430\u043b\u043e\u0433 \u043c\u0435\u0436\u0434\u0443 \u0440\u043e\u0441\u0441\u0438\u0439\u0441\u043a\u0438\u043c, \u0431\u0435\u043b\u0430\u0440\u0443\u0441\u0441\u043a\u0438\u043c, \u043f\u043e\u043b\u044c\u0441\u043a\u0438\u043c \u0438 \u043d\u0435\u043c\u0435\u0446\u043a\u0438\u043c \u043f\u0440\u0430\u0432\u043e\u0437\u0430\u0449\u0438\u0442\u043d\u044b\u043c \u0441\u043e\u043e\u0431\u0449\u0435\u0441\u0442\u0432\u043e\u043c \u0438 \u043d\u0430\u043b\u0430\u0436\u0438\u0432\u0430\u0435\u043c \u0438\u0445 \u043a\u043e\u043d\u0441\u0442\u0440\u0443\u043a\u0442\u0438\u0432\u043d\u043e\u0435 \u0432\u0437\u0430\u0438\u043c\u043e\u0434\u0435\u0439\u0441\u0442\u0432\u0438\u0435, \u0432\u0437\u0430\u0438\u043c\u043d\u043e\u0435 \u0438\u043d\u0444\u043e\u0440\u043c\u0438\u0440\u043e\u0432\u0430\u043d\u0438\u0435 \u0438 \u043f\u043e\u0434\u0434\u0435\u0440\u0436\u043a\u0443. \u041c\u044b \u0438\u043d\u0444\u043e\u0440\u043c\u0438\u0440\u0443\u0435\u043c \u043d\u0435\u043c\u0435\u0446\u043a\u0443\u044e \u043e\u0431\u0449\u0435\u0441\u0442\u0432\u0435\u043d\u043d\u043e\u0441\u0442\u044c \u043e \u0441\u0438\u0442\u0443\u0430\u0446\u0438\u0438 \u0441 \u0437\u0430\u0449\u0438\u0442\u043e\u0439 \u043f\u0440\u0430\u0432 \u0447\u0435\u043b\u043e\u0432\u0435\u043a\u0430 \u0432 \u0420\u043e\u0441\u0441\u0438\u0438 \u0438 \u0411\u0435\u043b\u0430\u0440\u0443\u0441\u0438, \u0430 \u0440\u043e\u0441\u0441\u0438\u0439\u0441\u043a\u0443\u044e \u0438 \u0431\u0435\u043b\u0430\u0440\u0443\u0441\u0441\u043a\u0443\u044e \u2014 \u043e \u043f\u043e\u043b\u043e\u0436\u0435\u043d\u0438\u0438 \u0432 \u044d\u0442\u043e\u0439 \u043e\u0431\u043b\u0430\u0441\u0442\u0438 \u0432 \u0413\u0435\u0440\u043c\u0430\u043d\u0438\u0438; \u0441\u043e\u0437\u0434\u0430\u0435\u043c \u043c\u0435\u0445\u0430\u043d\u0438\u0437\u043c \u043f\u043e\u0434\u0434\u0435\u0440\u0436\u043a\u0438 \u0440\u043e\u0441\u0441\u0438\u0439\u0441\u043a\u0438\u0445 \u0438 \u0431\u0435\u043b\u0430\u0440\u0443\u0441\u0441\u043a\u0438\u0445 \u043f\u0440\u0430\u0432\u043e\u0437\u0430\u0449\u0438\u0442\u043d\u0438\u043a\u043e\u0432, \u0436\u0435\u0440\u0442\u0432 \u043f\u043e\u043b\u0438\u0442\u0438\u0447\u0435\u0441\u043a\u0438\u0445 \u0440\u0435\u043f\u0440\u0435\u0441\u0441\u0438\u0439 \u0438 \u043f\u043e\u043b\u0438\u0442\u0437\u0430\u043a\u043b\u044e\u0447\u0435\u043d\u043d\u044b\u0445. \u0411\u0443\u0434\u0435\u043c \u0440\u0430\u0434\u044b \u0432\u0430\u0448\u0435\u043c\u0443 \u0443\u0447\u0430\u0441\u0442\u0438\u044e \u0432 \u0435\u0432\u0440\u043e\u043f\u0435\u0439\u0441\u043a\u043e\u043c \u043f\u0440\u0430\u0432\u043e\u0437\u0430\u0449\u0438\u0442\u043d\u043e\u043c \u0434\u0438\u0430\u043b\u043e\u0433\u0435 \u043d\u0430 \u043d\u0430\u0448\u0435\u043c \u0441\u0430\u0439\u0442\u0435 \u0438 \u0430\u043a\u043a\u0430\u0443\u043d\u0442\u0430\u0445 \u0432 \u0441\u043e\u0446\u0438\u0430\u043b\u044c\u043d\u044b\u0445 \u0441\u0435\u0442\u044f\u0445, \u0430 \u0442\u0430\u043a\u0436\u0435 \u043f\u0440\u0438\u0433\u043b\u0430\u0448\u0430\u0435\u043c \u0432\u0430\u0441 \u043f\u043e\u0434\u043f\u0438\u0441\u0430\u0442\u044c\u0441\u044f \u043d\u0430 \u0440\u0430\u0441\u0441\u044b\u043b\u043a\u0443 \u043e \u043f\u0440\u0430\u0432\u043e\u0437\u0430\u0449\u0438\u0442\u043d\u044b\u0445 \u043f\u0440\u043e\u0431\u043b\u0435\u043c\u0430\u0445\u00a0\u043f\u043e \u0441\u0441\u044b\u043b\u043a\u0435 (\u043d\u0430 \u043d\u0435\u043c\u0435\u0446\u043a\u043e\u043c \u044f\u0437\u044b\u043a\u0435).\u00a0\",\"url\":\"https:\/\/www.human-rights-year.com\/de\/author\/anna-andrievskaja\/\"}]}<\/script>\n<!-- \/ Yoast SEO plugin. -->","yoast_head_json":{"title":"Menschenrechte in Russland: Monitoringergebnisse vom 15.08 \u2014 21.08.2022 - Europ\u00e4ischer Menschenrechtsdialog","robots":{"index":"index","follow":"follow","max-snippet":"max-snippet:-1","max-image-preview":"max-image-preview:large","max-video-preview":"max-video-preview:-1"},"canonical":"https:\/\/www.human-rights-year.com\/de\/2022\/08\/29\/menschenrechte-in-russland-monitoringergebnisse-vom-15-08-21-08-2022\/","og_locale":"de_DE","og_type":"article","og_title":"Menschenrechte in Russland: Monitoringergebnisse vom 15.08 \u2014 21.08.2022 - Europ\u00e4ischer Menschenrechtsdialog","og_description":"August Ein Einwohner von Nowosibirsk wurde in einem Strafverfahren wegen der Rehabilitierung des Nationalsozialismus aufgrund von Beitr\u00e4gen und Kommentaren in sozialen Medien angeklagt. In Tscheljabinsk,","og_url":"https:\/\/www.human-rights-year.com\/de\/2022\/08\/29\/menschenrechte-in-russland-monitoringergebnisse-vom-15-08-21-08-2022\/","og_site_name":"Europ\u00e4ischer Menschenrechtsdialog","article_published_time":"2022-08-29T10:58:24+00:00","og_image":[{"width":1920,"height":1276,"url":"https:\/\/www.human-rights-year.com\/wp-content\/uploads\/2022\/08\/barbed-wire-g8ceb69896_1920.jpg","type":"image\/jpeg"}],"author":"Europ\u00e4ischer Menschenrechtedialog","twitter_card":"summary_large_image","twitter_misc":{"Verfasst von":"Europ\u00e4ischer Menschenrechtedialog","Gesch\u00e4tzte Lesezeit":"5\u00a0Minuten"},"schema":{"@context":"https:\/\/schema.org","@graph":[{"@type":"WebSite","@id":"https:\/\/www.human-rights-year.com\/#website","url":"https:\/\/www.human-rights-year.com\/","name":"\u0415\u0432\u0440\u043e\u043f\u0435\u0439\u0441\u043a\u0438\u0439 \u043f\u0440\u0430\u0432\u043e\u0437\u0430\u0449\u0438\u0442\u043d\u044b\u0439 \u0434\u0438\u0430\u043b\u043e\u0433","description":" ","potentialAction":[{"@type":"SearchAction","target":{"@type":"EntryPoint","urlTemplate":"https:\/\/www.human-rights-year.com\/?s={search_term_string}"},"query-input":"required name=search_term_string"}],"inLanguage":"de"},{"@type":"WebPage","@id":"https:\/\/www.human-rights-year.com\/de\/2022\/08\/29\/menschenrechte-in-russland-monitoringergebnisse-vom-15-08-21-08-2022\/","url":"https:\/\/www.human-rights-year.com\/de\/2022\/08\/29\/menschenrechte-in-russland-monitoringergebnisse-vom-15-08-21-08-2022\/","name":"Menschenrechte in Russland: Monitoringergebnisse vom 15.08 \u2014 21.08.2022 - Europ\u00e4ischer Menschenrechtsdialog","isPartOf":{"@id":"https:\/\/www.human-rights-year.com\/#website"},"datePublished":"2022-08-29T10:58:24+00:00","dateModified":"2022-08-29T10:58:24+00:00","author":{"@id":"https:\/\/www.human-rights-year.com\/#\/schema\/person\/c61a685c41e5101f9ea8f886f7ff8867"},"breadcrumb":{"@id":"https:\/\/www.human-rights-year.com\/de\/2022\/08\/29\/menschenrechte-in-russland-monitoringergebnisse-vom-15-08-21-08-2022\/#breadcrumb"},"inLanguage":"de","potentialAction":[{"@type":"ReadAction","target":["https:\/\/www.human-rights-year.com\/de\/2022\/08\/29\/menschenrechte-in-russland-monitoringergebnisse-vom-15-08-21-08-2022\/"]}]},{"@type":"BreadcrumbList","@id":"https:\/\/www.human-rights-year.com\/de\/2022\/08\/29\/menschenrechte-in-russland-monitoringergebnisse-vom-15-08-21-08-2022\/#breadcrumb","itemListElement":[{"@type":"ListItem","position":1,"name":"\u0413\u043b\u0430\u0432\u043d\u0430\u044f \u0441\u0442\u0440\u0430\u043d\u0438\u0446\u0430","item":"https:\/\/www.human-rights-year.com\/de\/"},{"@type":"ListItem","position":2,"name":"Menschenrechte in Russland: Monitoringergebnisse vom 15.08 \u2014 21.08.2022"}]},{"@type":"Person","@id":"https:\/\/www.human-rights-year.com\/#\/schema\/person\/c61a685c41e5101f9ea8f886f7ff8867","name":"Europ\u00e4ischer Menschenrechtedialog","image":{"@type":"ImageObject","inLanguage":"de","@id":"https:\/\/www.human-rights-year.com\/#\/schema\/person\/image\/","url":"https:\/\/secure.gravatar.com\/avatar\/b8079c67933c0da74d24da6410334e70?s=96&d=mm&r=g","contentUrl":"https:\/\/secure.gravatar.com\/avatar\/b8079c67933c0da74d24da6410334e70?s=96&d=mm&r=g","caption":"Europ\u00e4ischer Menschenrechtedialog"},"description":"\u041f\u0440\u043e\u0435\u043a\u0442\u00a0\u00ab\u0415\u0432\u0440\u043e\u043f\u0435\u0439\u0441\u043a\u0438\u0439 \u043f\u0440\u0430\u0432\u043e\u0437\u0430\u0449\u0438\u0442\u043d\u044b\u0439 \u0434\u0438\u0430\u043b\u043e\u0433\u00bb \u0440\u0435\u0430\u043b\u0438\u0437\u0443\u0435\u0442\u0441\u044f \u043f\u0440\u0438\u00a0\u043f\u043e\u0434\u0434\u0435\u0440\u0436\u043a\u0435 \u0433\u0435\u0440\u043c\u0430\u043d\u0441\u043a\u043e\u0433\u043e \u041c\u0418\u0414\u0430. \u0421\u0438\u0442\u0443\u0430\u0446\u0438\u044f \u0441 \u043f\u043e\u043b\u0438\u0442\u0437\u0430\u043a\u043b\u044e\u0447\u0435\u043d\u043d\u044b\u043c\u0438 \u0438 \u0434\u0440\u0443\u0433\u0438\u0435 \u043f\u0440\u0430\u0432\u043e\u0437\u0430\u0449\u0438\u0442\u043d\u044b\u0435 \u043f\u0440\u043e\u0431\u043b\u0435\u043c\u044b \u0432 \u0420\u043e\u0441\u0441\u0438\u0438 \u0438 \u0411\u0435\u043b\u0430\u0440\u0443\u0441\u0438 \u0441\u0442\u0430\u043d\u043e\u0432\u044f\u0442\u0441\u044f \u0433\u043e\u0434 \u043e\u0442 \u0433\u043e\u0434\u0430 \u0432\u0441\u0435 \u043e\u0441\u0442\u0440\u0435\u0435. \u041c\u044b \u043e\u0436\u0438\u0432\u043b\u044f\u0435\u043c \u0434\u0438\u0430\u043b\u043e\u0433 \u043c\u0435\u0436\u0434\u0443 \u0440\u043e\u0441\u0441\u0438\u0439\u0441\u043a\u0438\u043c, \u0431\u0435\u043b\u0430\u0440\u0443\u0441\u0441\u043a\u0438\u043c, \u043f\u043e\u043b\u044c\u0441\u043a\u0438\u043c \u0438 \u043d\u0435\u043c\u0435\u0446\u043a\u0438\u043c \u043f\u0440\u0430\u0432\u043e\u0437\u0430\u0449\u0438\u0442\u043d\u044b\u043c \u0441\u043e\u043e\u0431\u0449\u0435\u0441\u0442\u0432\u043e\u043c \u0438 \u043d\u0430\u043b\u0430\u0436\u0438\u0432\u0430\u0435\u043c \u0438\u0445 \u043a\u043e\u043d\u0441\u0442\u0440\u0443\u043a\u0442\u0438\u0432\u043d\u043e\u0435 \u0432\u0437\u0430\u0438\u043c\u043e\u0434\u0435\u0439\u0441\u0442\u0432\u0438\u0435, \u0432\u0437\u0430\u0438\u043c\u043d\u043e\u0435 \u0438\u043d\u0444\u043e\u0440\u043c\u0438\u0440\u043e\u0432\u0430\u043d\u0438\u0435 \u0438 \u043f\u043e\u0434\u0434\u0435\u0440\u0436\u043a\u0443. \u041c\u044b \u0438\u043d\u0444\u043e\u0440\u043c\u0438\u0440\u0443\u0435\u043c \u043d\u0435\u043c\u0435\u0446\u043a\u0443\u044e \u043e\u0431\u0449\u0435\u0441\u0442\u0432\u0435\u043d\u043d\u043e\u0441\u0442\u044c \u043e \u0441\u0438\u0442\u0443\u0430\u0446\u0438\u0438 \u0441 \u0437\u0430\u0449\u0438\u0442\u043e\u0439 \u043f\u0440\u0430\u0432 \u0447\u0435\u043b\u043e\u0432\u0435\u043a\u0430 \u0432 \u0420\u043e\u0441\u0441\u0438\u0438 \u0438 \u0411\u0435\u043b\u0430\u0440\u0443\u0441\u0438, \u0430 \u0440\u043e\u0441\u0441\u0438\u0439\u0441\u043a\u0443\u044e \u0438 \u0431\u0435\u043b\u0430\u0440\u0443\u0441\u0441\u043a\u0443\u044e \u2014 \u043e \u043f\u043e\u043b\u043e\u0436\u0435\u043d\u0438\u0438 \u0432 \u044d\u0442\u043e\u0439 \u043e\u0431\u043b\u0430\u0441\u0442\u0438 \u0432 \u0413\u0435\u0440\u043c\u0430\u043d\u0438\u0438; \u0441\u043e\u0437\u0434\u0430\u0435\u043c \u043c\u0435\u0445\u0430\u043d\u0438\u0437\u043c \u043f\u043e\u0434\u0434\u0435\u0440\u0436\u043a\u0438 \u0440\u043e\u0441\u0441\u0438\u0439\u0441\u043a\u0438\u0445 \u0438 \u0431\u0435\u043b\u0430\u0440\u0443\u0441\u0441\u043a\u0438\u0445 \u043f\u0440\u0430\u0432\u043e\u0437\u0430\u0449\u0438\u0442\u043d\u0438\u043a\u043e\u0432, \u0436\u0435\u0440\u0442\u0432 \u043f\u043e\u043b\u0438\u0442\u0438\u0447\u0435\u0441\u043a\u0438\u0445 \u0440\u0435\u043f\u0440\u0435\u0441\u0441\u0438\u0439 \u0438 \u043f\u043e\u043b\u0438\u0442\u0437\u0430\u043a\u043b\u044e\u0447\u0435\u043d\u043d\u044b\u0445. \u0411\u0443\u0434\u0435\u043c \u0440\u0430\u0434\u044b \u0432\u0430\u0448\u0435\u043c\u0443 \u0443\u0447\u0430\u0441\u0442\u0438\u044e \u0432 \u0435\u0432\u0440\u043e\u043f\u0435\u0439\u0441\u043a\u043e\u043c \u043f\u0440\u0430\u0432\u043e\u0437\u0430\u0449\u0438\u0442\u043d\u043e\u043c \u0434\u0438\u0430\u043b\u043e\u0433\u0435 \u043d\u0430 \u043d\u0430\u0448\u0435\u043c \u0441\u0430\u0439\u0442\u0435 \u0438 \u0430\u043a\u043a\u0430\u0443\u043d\u0442\u0430\u0445 \u0432 \u0441\u043e\u0446\u0438\u0430\u043b\u044c\u043d\u044b\u0445 \u0441\u0435\u0442\u044f\u0445, \u0430 \u0442\u0430\u043a\u0436\u0435 \u043f\u0440\u0438\u0433\u043b\u0430\u0448\u0430\u0435\u043c \u0432\u0430\u0441 \u043f\u043e\u0434\u043f\u0438\u0441\u0430\u0442\u044c\u0441\u044f \u043d\u0430 \u0440\u0430\u0441\u0441\u044b\u043b\u043a\u0443 \u043e \u043f\u0440\u0430\u0432\u043e\u0437\u0430\u0449\u0438\u0442\u043d\u044b\u0445 \u043f\u0440\u043e\u0431\u043b\u0435\u043c\u0430\u0445\u00a0\u043f\u043e \u0441\u0441\u044b\u043b\u043a\u0435 (\u043d\u0430 \u043d\u0435\u043c\u0435\u0446\u043a\u043e\u043c \u044f\u0437\u044b\u043a\u0435).\u00a0","url":"https:\/\/www.human-rights-year.com\/de\/author\/anna-andrievskaja\/"}]}},"_links":{"self":[{"href":"https:\/\/www.human-rights-year.com\/de\/wp-json\/wp\/v2\/posts\/4547"}],"collection":[{"href":"https:\/\/www.human-rights-year.com\/de\/wp-json\/wp\/v2\/posts"}],"about":[{"href":"https:\/\/www.human-rights-year.com\/de\/wp-json\/wp\/v2\/types\/post"}],"author":[{"embeddable":true,"href":"https:\/\/www.human-rights-year.com\/de\/wp-json\/wp\/v2\/users\/33"}],"replies":[{"embeddable":true,"href":"https:\/\/www.human-rights-year.com\/de\/wp-json\/wp\/v2\/comments?post=4547"}],"version-history":[{"count":0,"href":"https:\/\/www.human-rights-year.com\/de\/wp-json\/wp\/v2\/posts\/4547\/revisions"}],"wp:featuredmedia":[{"embeddable":true,"href":"https:\/\/www.human-rights-year.com\/de\/wp-json\/wp\/v2\/media\/4536"}],"wp:attachment":[{"href":"https:\/\/www.human-rights-year.com\/de\/wp-json\/wp\/v2\/media?parent=4547"}],"wp:term":[{"taxonomy":"category","embeddable":true,"href":"https:\/\/www.human-rights-year.com\/de\/wp-json\/wp\/v2\/categories?post=4547"},{"taxonomy":"post_tag","embeddable":true,"href":"https:\/\/www.human-rights-year.com\/de\/wp-json\/wp\/v2\/tags?post=4547"}],"curies":[{"name":"wp","href":"https:\/\/api.w.org\/{rel}","templated":true}]}}