{"id":4518,"date":"2022-07-29T22:10:11","date_gmt":"2022-07-29T20:10:11","guid":{"rendered":"https:\/\/www.human-rights-year.com\/?p=4518"},"modified":"2022-08-23T22:12:05","modified_gmt":"2022-08-23T20:12:05","slug":"olga-smirnova-a-member-of-the-peaceful-resistance-movement-is-a-political-prisoner","status":"publish","type":"post","link":"https:\/\/www.human-rights-year.com\/de\/2022\/07\/29\/olga-smirnova-a-member-of-the-peaceful-resistance-movement-is-a-political-prisoner\/","title":{"rendered":"Olga Smirnova, a member of the Peaceful Resistance movement, is a political prisoner"},"content":{"rendered":"<p dir=\"ltr\"><strong>The Human Rights Project \u2018Support for Political Prisoners.\u00a0<span class=\"il\">Memorial<\/span>,\u2019 in accordance with\u00a0<a href=\"https:\/\/t.us6.list-manage.com\/track\/click?u=0beb3097c1&amp;id=453edacdb1&amp;e=339ca062ef\" target=\"_blank\" rel=\"noopener\" data-saferedirecturl=\"https:\/\/www.google.com\/url?q=https:\/\/t.us6.list-manage.com\/track\/click?u%3D0beb3097c1%26id%3D453edacdb1%26e%3D339ca062ef&amp;source=gmail&amp;ust=1661365695176000&amp;usg=AOvVaw35Q2bRy5GEBrtqv_qE2XHa\">international criteria<\/a>, considers the St. Petersburg activist Olga Smirnova a political prisoner. She is being prosecuted for her anti-war publications on social media. Smirnova\u2019s prosecution violates the right to freedom of expression and is intended to intimidate all Russian opponents of the war against Ukraine.<\/strong><\/p>\n<p dir=\"ltr\"><strong>We demand that Olga Smirnova be released immediately from custody and that all charges against her be dropped.<\/strong><strong>\u00a0<\/strong><\/p>\n<p dir=\"ltr\"><strong>Who is Olga Smirnova and what are the charges against her?<\/strong><\/p>\n<p dir=\"ltr\">Olga Smirnova is an architect and artist, an activist and a participant in the initiative group \u2018Peaceful Resistance &#8211; St. Petersburg\u2019.<\/p>\n<p dir=\"ltr\">On 5 May 2022 officers of the St. Petersburg police Centre for Combating Extremism conducted searches of the homes of five activists &#8211; Olga Smirnova, Tatyana Sichkaryova, Asan Mumdzhi, Vlad Shipitsyn, and Ilya Tkachenko.<\/p>\n<p dir=\"ltr\">After the searches, Olga Smirnova was charged under Article 207.3, Part 2, of the Russian Criminal Code. She was accused of publishing posts online about the war in Ukraine and about anti-war protests in St. Petersburg in early March 2022, as well as organizing a protest on 6 March 2022. Smirnova does not deny that she published the posts in question on social media but categorically denies that they constitute a crime. The other activists were questioned as witnesses after the searches and were released.<\/p>\n<p dir=\"ltr\">On 6 May 2022, Olga Smirnova was remanded in custody.<\/p>\n<p dir=\"ltr\"><strong>Why do we consider Olga Smirnova a political prisoner?<\/strong><\/p>\n<p dir=\"ltr\">We are certain that Article 207.3 of the Russian Criminal Code concerning dissemination of information known to be false about the actions of the Russian army contradicts the Russian Constitution, Russia&#8217;s international obligations, and fundamental principles of law.<\/p>\n<p dir=\"ltr\">Article 19 of the International Covenant on Civil and Political Rights states: \u2018Everyone shall have the right to freedom of expression.\u2019 Restrictions on the exercise of these rights \u2018shall only be such as are provided by law and are necessary: (a) For respect of the rights or reputations of others; (b) For the protection of national security or of public order (ordre public), or of public health or morals.\u2019 It is clear to us that the restrictions on freedom of expression introduced by Article 207.3 of the Russian Criminal Code do not serve any of the aforementioned purposes and are a form of censorship.<\/p>\n<p dir=\"ltr\">Article 207.3 criminalizes any statements about the actions of the Russian armed forces and the activities of Russian state bodies abroad. In the course of an armed conflict, it is often not possible to establish the accuracy of information disseminated by various sources. Still less is it possible to establish whether or not it is known that information is false. These deficiencies determine the unlawful nature of Article 207.3 of the Russian Criminal Code.<\/p>\n<p dir=\"ltr\">The timing and context of the introduction of Article 207.3 into the Russian Criminal Code &#8211; after the beginning of large-scale Russian military aggression against Ukraine &#8211; allow us to assert that this article was created specifically as a means to prosecute critics of the Russian authorities, of whom Olga Smirnova is one.<\/p>\n<p dir=\"ltr\">We particularly note that the systematic persecution of Smirnova for her civil society activities has been going on for a number of years. Previously, she had been repeatedly arrested for holding single-person protests and in October 2021 an attempt was made to institute criminal proceedings against here for justifying terrorism (Article. 205.2 of the Russian Criminal Code) when she held single-person protests against the prosecution of Crimean Muslims on suspicion of involvement in the banned Hizb ut-Tahrir al-Islami.<\/p>\n<p dir=\"ltr\">More information about the case of Olga Smirnova and the position of the Human Rights Project are available on our\u00a0<a href=\"https:\/\/t.us6.list-manage.com\/track\/click?u=0beb3097c1&amp;id=bbd9e30999&amp;e=339ca062ef\" target=\"_blank\" rel=\"noopener\" data-saferedirecturl=\"https:\/\/www.google.com\/url?q=https:\/\/t.us6.list-manage.com\/track\/click?u%3D0beb3097c1%26id%3Dbbd9e30999%26e%3D339ca062ef&amp;source=gmail&amp;ust=1661365695176000&amp;usg=AOvVaw1KssyTG55BLmc5hFibSGZO\">Telegram channel<\/a>.<\/p>\n<p dir=\"ltr\"><em>Recognition of an individual as a political prisoner or as a victim of a politically motivated prosecution does not imply the Human Rights Project \u2018Support for Political Prisoners.\u00a0<span class=\"il\">Memorial<\/span>,\u2019 agrees with, or approves of, their views, statements, or actions.<\/em><\/p>\n<p dir=\"ltr\"><strong>How can you help?<\/strong><\/p>\n<p dir=\"ltr\">You can write to Olga Smirnova at the following address (all letters must be written in Russian):<\/p>\n<p dir=\"ltr\">In Russian: 195009, \u0421\u0430\u043d\u043a\u0442-\u041f\u0435\u0442\u0435\u0440\u0431\u0443\u0440\u0433, \u0443\u043b. \u0410\u0440\u0441\u0435\u043d\u0430\u043b\u044c\u043d\u0430\u044f, \u0434. 11, \u0424\u041a\u0423 \u0421\u0418\u0417\u041e-5 \u0423\u0424\u0421\u0418\u041d \u0420\u043e\u0441\u0441\u0438\u0438 \u043f\u043e \u0421\u0430\u043d\u043a\u0442-\u041f\u0435\u0442\u0435\u0440\u0431\u0443\u0440\u0433\u0443 \u0438 \u041b\u0435\u043d\u0438\u043d\u0433\u0440\u0430\u0434\u0441\u043a\u043e\u0439 \u043e\u0431\u043b\u0430\u0441\u0442\u0438, \u0421\u043c\u0438\u0440\u043d\u043e\u0432\u043e\u0439 \u041e\u043b\u044c\u0433\u0435 \u0411\u043e\u0440\u0438\u0441\u043e\u0432\u043d\u0435 1968 \u0433.\u0440.<\/p>\n<p dir=\"ltr\">In English: Olga Borisovna Smirnova (born 1968), Remand Centre No. 5 of the Russian Federal Penitentiary Service for St. Petersburg and Leningrad region, 11 Arsenalnaya Street, St. Petersburg, 195009<\/p>\n<p dir=\"ltr\">You can support political prisoners by making a donation to the Union of Solidarity with Political Prisoners via\u00a0<a href=\"https:\/\/t.us6.list-manage.com\/track\/click?u=0beb3097c1&amp;id=bf9df4192a&amp;e=339ca062ef\" target=\"_blank\" rel=\"noopener\" data-saferedirecturl=\"https:\/\/www.google.com\/url?q=https:\/\/t.us6.list-manage.com\/track\/click?u%3D0beb3097c1%26id%3Dbf9df4192a%26e%3D339ca062ef&amp;source=gmail&amp;ust=1661365695176000&amp;usg=AOvVaw3mITguFgEpQ-U4Ze33WBkb\">YooMoney<\/a>\u00a0or PayPal (<a href=\"mailto:helppoliticalprisoners@gmail.com\" target=\"_blank\" rel=\"noopener\">helppoliticalprisoners@gmail.<wbr \/>com<\/a>).<\/p>\n","protected":false},"excerpt":{"rendered":"<p>The Human Rights Project \u2018Support for Political Prisoners.\u00a0Memorial,\u2019 in accordance with\u00a0international criteria, considers the St. Petersburg activist Olga Smirnova a political prisoner. She is being<\/p>\n","protected":false},"author":33,"featured_media":4519,"comment_status":"closed","ping_status":"open","sticky":false,"template":"","format":"standard","meta":[],"categories":[20,12],"tags":[],"yoast_head":"<!-- This site is optimized with the Yoast SEO plugin v19.4 - https:\/\/yoast.com\/wordpress\/plugins\/seo\/ -->\n<title>Olga Smirnova, a member of the Peaceful Resistance movement, is a political prisoner - Europ\u00e4ischer Menschenrechtsdialog<\/title>\n<meta name=\"robots\" content=\"index, follow, max-snippet:-1, max-image-preview:large, max-video-preview:-1\" \/>\n<link rel=\"canonical\" href=\"https:\/\/www.human-rights-year.com\/de\/2022\/07\/29\/olga-smirnova-a-member-of-the-peaceful-resistance-movement-is-a-political-prisoner\/\" \/>\n<meta property=\"og:locale\" content=\"de_DE\" \/>\n<meta property=\"og:type\" content=\"article\" \/>\n<meta property=\"og:title\" content=\"Olga Smirnova, a member of the Peaceful Resistance movement, is a political prisoner - Europ\u00e4ischer Menschenrechtsdialog\" \/>\n<meta property=\"og:description\" content=\"The Human Rights Project \u2018Support for Political Prisoners.\u00a0Memorial,\u2019 in accordance with\u00a0international criteria, considers the St. Petersburg activist Olga Smirnova a political prisoner. She is being\" \/>\n<meta property=\"og:url\" content=\"https:\/\/www.human-rights-year.com\/de\/2022\/07\/29\/olga-smirnova-a-member-of-the-peaceful-resistance-movement-is-a-political-prisoner\/\" \/>\n<meta property=\"og:site_name\" content=\"Europ\u00e4ischer Menschenrechtsdialog\" \/>\n<meta property=\"article:published_time\" content=\"2022-07-29T20:10:11+00:00\" \/>\n<meta property=\"article:modified_time\" content=\"2022-08-23T20:12:05+00:00\" \/>\n<meta property=\"og:image\" content=\"https:\/\/www.human-rights-year.com\/wp-content\/uploads\/2022\/08\/unnamed-16.jpg\" \/>\n\t<meta property=\"og:image:width\" content=\"1200\" \/>\n\t<meta property=\"og:image:height\" content=\"630\" \/>\n\t<meta property=\"og:image:type\" content=\"image\/jpeg\" \/>\n<meta name=\"author\" content=\"Europ\u00e4ischer Menschenrechtedialog\" \/>\n<meta name=\"twitter:card\" content=\"summary_large_image\" \/>\n<meta name=\"twitter:label1\" content=\"Verfasst von\" \/>\n\t<meta name=\"twitter:data1\" content=\"Europ\u00e4ischer Menschenrechtedialog\" \/>\n\t<meta name=\"twitter:label2\" content=\"Gesch\u00e4tzte Lesezeit\" \/>\n\t<meta name=\"twitter:data2\" content=\"5\u00a0Minuten\" \/>\n<script type=\"application\/ld+json\" class=\"yoast-schema-graph\">{\"@context\":\"https:\/\/schema.org\",\"@graph\":[{\"@type\":\"WebSite\",\"@id\":\"https:\/\/www.human-rights-year.com\/#website\",\"url\":\"https:\/\/www.human-rights-year.com\/\",\"name\":\"\u0415\u0432\u0440\u043e\u043f\u0435\u0439\u0441\u043a\u0438\u0439 \u043f\u0440\u0430\u0432\u043e\u0437\u0430\u0449\u0438\u0442\u043d\u044b\u0439 \u0434\u0438\u0430\u043b\u043e\u0433\",\"description\":\" \",\"potentialAction\":[{\"@type\":\"SearchAction\",\"target\":{\"@type\":\"EntryPoint\",\"urlTemplate\":\"https:\/\/www.human-rights-year.com\/?s={search_term_string}\"},\"query-input\":\"required name=search_term_string\"}],\"inLanguage\":\"de\"},{\"@type\":\"WebPage\",\"@id\":\"https:\/\/www.human-rights-year.com\/de\/2022\/07\/29\/olga-smirnova-a-member-of-the-peaceful-resistance-movement-is-a-political-prisoner\/\",\"url\":\"https:\/\/www.human-rights-year.com\/de\/2022\/07\/29\/olga-smirnova-a-member-of-the-peaceful-resistance-movement-is-a-political-prisoner\/\",\"name\":\"Olga Smirnova, a member of the Peaceful Resistance movement, is a political prisoner - Europ\u00e4ischer Menschenrechtsdialog\",\"isPartOf\":{\"@id\":\"https:\/\/www.human-rights-year.com\/#website\"},\"datePublished\":\"2022-07-29T20:10:11+00:00\",\"dateModified\":\"2022-08-23T20:12:05+00:00\",\"author\":{\"@id\":\"https:\/\/www.human-rights-year.com\/#\/schema\/person\/c61a685c41e5101f9ea8f886f7ff8867\"},\"breadcrumb\":{\"@id\":\"https:\/\/www.human-rights-year.com\/de\/2022\/07\/29\/olga-smirnova-a-member-of-the-peaceful-resistance-movement-is-a-political-prisoner\/#breadcrumb\"},\"inLanguage\":\"de\",\"potentialAction\":[{\"@type\":\"ReadAction\",\"target\":[\"https:\/\/www.human-rights-year.com\/de\/2022\/07\/29\/olga-smirnova-a-member-of-the-peaceful-resistance-movement-is-a-political-prisoner\/\"]}]},{\"@type\":\"BreadcrumbList\",\"@id\":\"https:\/\/www.human-rights-year.com\/de\/2022\/07\/29\/olga-smirnova-a-member-of-the-peaceful-resistance-movement-is-a-political-prisoner\/#breadcrumb\",\"itemListElement\":[{\"@type\":\"ListItem\",\"position\":1,\"name\":\"\u0413\u043b\u0430\u0432\u043d\u0430\u044f \u0441\u0442\u0440\u0430\u043d\u0438\u0446\u0430\",\"item\":\"https:\/\/www.human-rights-year.com\/de\/\"},{\"@type\":\"ListItem\",\"position\":2,\"name\":\"Olga Smirnova, a member of the Peaceful Resistance movement, is a political prisoner\"}]},{\"@type\":\"Person\",\"@id\":\"https:\/\/www.human-rights-year.com\/#\/schema\/person\/c61a685c41e5101f9ea8f886f7ff8867\",\"name\":\"Europ\u00e4ischer Menschenrechtedialog\",\"image\":{\"@type\":\"ImageObject\",\"inLanguage\":\"de\",\"@id\":\"https:\/\/www.human-rights-year.com\/#\/schema\/person\/image\/\",\"url\":\"https:\/\/secure.gravatar.com\/avatar\/b8079c67933c0da74d24da6410334e70?s=96&d=mm&r=g\",\"contentUrl\":\"https:\/\/secure.gravatar.com\/avatar\/b8079c67933c0da74d24da6410334e70?s=96&d=mm&r=g\",\"caption\":\"Europ\u00e4ischer Menschenrechtedialog\"},\"description\":\"\u041f\u0440\u043e\u0435\u043a\u0442\u00a0\u00ab\u0415\u0432\u0440\u043e\u043f\u0435\u0439\u0441\u043a\u0438\u0439 \u043f\u0440\u0430\u0432\u043e\u0437\u0430\u0449\u0438\u0442\u043d\u044b\u0439 \u0434\u0438\u0430\u043b\u043e\u0433\u00bb \u0440\u0435\u0430\u043b\u0438\u0437\u0443\u0435\u0442\u0441\u044f \u043f\u0440\u0438\u00a0\u043f\u043e\u0434\u0434\u0435\u0440\u0436\u043a\u0435 \u0433\u0435\u0440\u043c\u0430\u043d\u0441\u043a\u043e\u0433\u043e \u041c\u0418\u0414\u0430. \u0421\u0438\u0442\u0443\u0430\u0446\u0438\u044f \u0441 \u043f\u043e\u043b\u0438\u0442\u0437\u0430\u043a\u043b\u044e\u0447\u0435\u043d\u043d\u044b\u043c\u0438 \u0438 \u0434\u0440\u0443\u0433\u0438\u0435 \u043f\u0440\u0430\u0432\u043e\u0437\u0430\u0449\u0438\u0442\u043d\u044b\u0435 \u043f\u0440\u043e\u0431\u043b\u0435\u043c\u044b \u0432 \u0420\u043e\u0441\u0441\u0438\u0438 \u0438 \u0411\u0435\u043b\u0430\u0440\u0443\u0441\u0438 \u0441\u0442\u0430\u043d\u043e\u0432\u044f\u0442\u0441\u044f \u0433\u043e\u0434 \u043e\u0442 \u0433\u043e\u0434\u0430 \u0432\u0441\u0435 \u043e\u0441\u0442\u0440\u0435\u0435. \u041c\u044b \u043e\u0436\u0438\u0432\u043b\u044f\u0435\u043c \u0434\u0438\u0430\u043b\u043e\u0433 \u043c\u0435\u0436\u0434\u0443 \u0440\u043e\u0441\u0441\u0438\u0439\u0441\u043a\u0438\u043c, \u0431\u0435\u043b\u0430\u0440\u0443\u0441\u0441\u043a\u0438\u043c, \u043f\u043e\u043b\u044c\u0441\u043a\u0438\u043c \u0438 \u043d\u0435\u043c\u0435\u0446\u043a\u0438\u043c \u043f\u0440\u0430\u0432\u043e\u0437\u0430\u0449\u0438\u0442\u043d\u044b\u043c \u0441\u043e\u043e\u0431\u0449\u0435\u0441\u0442\u0432\u043e\u043c \u0438 \u043d\u0430\u043b\u0430\u0436\u0438\u0432\u0430\u0435\u043c \u0438\u0445 \u043a\u043e\u043d\u0441\u0442\u0440\u0443\u043a\u0442\u0438\u0432\u043d\u043e\u0435 \u0432\u0437\u0430\u0438\u043c\u043e\u0434\u0435\u0439\u0441\u0442\u0432\u0438\u0435, \u0432\u0437\u0430\u0438\u043c\u043d\u043e\u0435 \u0438\u043d\u0444\u043e\u0440\u043c\u0438\u0440\u043e\u0432\u0430\u043d\u0438\u0435 \u0438 \u043f\u043e\u0434\u0434\u0435\u0440\u0436\u043a\u0443. \u041c\u044b \u0438\u043d\u0444\u043e\u0440\u043c\u0438\u0440\u0443\u0435\u043c \u043d\u0435\u043c\u0435\u0446\u043a\u0443\u044e \u043e\u0431\u0449\u0435\u0441\u0442\u0432\u0435\u043d\u043d\u043e\u0441\u0442\u044c \u043e \u0441\u0438\u0442\u0443\u0430\u0446\u0438\u0438 \u0441 \u0437\u0430\u0449\u0438\u0442\u043e\u0439 \u043f\u0440\u0430\u0432 \u0447\u0435\u043b\u043e\u0432\u0435\u043a\u0430 \u0432 \u0420\u043e\u0441\u0441\u0438\u0438 \u0438 \u0411\u0435\u043b\u0430\u0440\u0443\u0441\u0438, \u0430 \u0440\u043e\u0441\u0441\u0438\u0439\u0441\u043a\u0443\u044e \u0438 \u0431\u0435\u043b\u0430\u0440\u0443\u0441\u0441\u043a\u0443\u044e \u2014 \u043e \u043f\u043e\u043b\u043e\u0436\u0435\u043d\u0438\u0438 \u0432 \u044d\u0442\u043e\u0439 \u043e\u0431\u043b\u0430\u0441\u0442\u0438 \u0432 \u0413\u0435\u0440\u043c\u0430\u043d\u0438\u0438; \u0441\u043e\u0437\u0434\u0430\u0435\u043c \u043c\u0435\u0445\u0430\u043d\u0438\u0437\u043c \u043f\u043e\u0434\u0434\u0435\u0440\u0436\u043a\u0438 \u0440\u043e\u0441\u0441\u0438\u0439\u0441\u043a\u0438\u0445 \u0438 \u0431\u0435\u043b\u0430\u0440\u0443\u0441\u0441\u043a\u0438\u0445 \u043f\u0440\u0430\u0432\u043e\u0437\u0430\u0449\u0438\u0442\u043d\u0438\u043a\u043e\u0432, \u0436\u0435\u0440\u0442\u0432 \u043f\u043e\u043b\u0438\u0442\u0438\u0447\u0435\u0441\u043a\u0438\u0445 \u0440\u0435\u043f\u0440\u0435\u0441\u0441\u0438\u0439 \u0438 \u043f\u043e\u043b\u0438\u0442\u0437\u0430\u043a\u043b\u044e\u0447\u0435\u043d\u043d\u044b\u0445. \u0411\u0443\u0434\u0435\u043c \u0440\u0430\u0434\u044b \u0432\u0430\u0448\u0435\u043c\u0443 \u0443\u0447\u0430\u0441\u0442\u0438\u044e \u0432 \u0435\u0432\u0440\u043e\u043f\u0435\u0439\u0441\u043a\u043e\u043c \u043f\u0440\u0430\u0432\u043e\u0437\u0430\u0449\u0438\u0442\u043d\u043e\u043c \u0434\u0438\u0430\u043b\u043e\u0433\u0435 \u043d\u0430 \u043d\u0430\u0448\u0435\u043c \u0441\u0430\u0439\u0442\u0435 \u0438 \u0430\u043a\u043a\u0430\u0443\u043d\u0442\u0430\u0445 \u0432 \u0441\u043e\u0446\u0438\u0430\u043b\u044c\u043d\u044b\u0445 \u0441\u0435\u0442\u044f\u0445, \u0430 \u0442\u0430\u043a\u0436\u0435 \u043f\u0440\u0438\u0433\u043b\u0430\u0448\u0430\u0435\u043c \u0432\u0430\u0441 \u043f\u043e\u0434\u043f\u0438\u0441\u0430\u0442\u044c\u0441\u044f \u043d\u0430 \u0440\u0430\u0441\u0441\u044b\u043b\u043a\u0443 \u043e \u043f\u0440\u0430\u0432\u043e\u0437\u0430\u0449\u0438\u0442\u043d\u044b\u0445 \u043f\u0440\u043e\u0431\u043b\u0435\u043c\u0430\u0445\u00a0\u043f\u043e \u0441\u0441\u044b\u043b\u043a\u0435 (\u043d\u0430 \u043d\u0435\u043c\u0435\u0446\u043a\u043e\u043c \u044f\u0437\u044b\u043a\u0435).\u00a0\",\"url\":\"https:\/\/www.human-rights-year.com\/de\/author\/anna-andrievskaja\/\"}]}<\/script>\n<!-- \/ Yoast SEO plugin. -->","yoast_head_json":{"title":"Olga Smirnova, a member of the Peaceful Resistance movement, is a political prisoner - Europ\u00e4ischer Menschenrechtsdialog","robots":{"index":"index","follow":"follow","max-snippet":"max-snippet:-1","max-image-preview":"max-image-preview:large","max-video-preview":"max-video-preview:-1"},"canonical":"https:\/\/www.human-rights-year.com\/de\/2022\/07\/29\/olga-smirnova-a-member-of-the-peaceful-resistance-movement-is-a-political-prisoner\/","og_locale":"de_DE","og_type":"article","og_title":"Olga Smirnova, a member of the Peaceful Resistance movement, is a political prisoner - Europ\u00e4ischer Menschenrechtsdialog","og_description":"The Human Rights Project \u2018Support for Political Prisoners.\u00a0Memorial,\u2019 in accordance with\u00a0international criteria, considers the St. Petersburg activist Olga Smirnova a political prisoner. She is being","og_url":"https:\/\/www.human-rights-year.com\/de\/2022\/07\/29\/olga-smirnova-a-member-of-the-peaceful-resistance-movement-is-a-political-prisoner\/","og_site_name":"Europ\u00e4ischer Menschenrechtsdialog","article_published_time":"2022-07-29T20:10:11+00:00","article_modified_time":"2022-08-23T20:12:05+00:00","og_image":[{"width":1200,"height":630,"url":"https:\/\/www.human-rights-year.com\/wp-content\/uploads\/2022\/08\/unnamed-16.jpg","type":"image\/jpeg"}],"author":"Europ\u00e4ischer Menschenrechtedialog","twitter_card":"summary_large_image","twitter_misc":{"Verfasst von":"Europ\u00e4ischer Menschenrechtedialog","Gesch\u00e4tzte Lesezeit":"5\u00a0Minuten"},"schema":{"@context":"https:\/\/schema.org","@graph":[{"@type":"WebSite","@id":"https:\/\/www.human-rights-year.com\/#website","url":"https:\/\/www.human-rights-year.com\/","name":"\u0415\u0432\u0440\u043e\u043f\u0435\u0439\u0441\u043a\u0438\u0439 \u043f\u0440\u0430\u0432\u043e\u0437\u0430\u0449\u0438\u0442\u043d\u044b\u0439 \u0434\u0438\u0430\u043b\u043e\u0433","description":" ","potentialAction":[{"@type":"SearchAction","target":{"@type":"EntryPoint","urlTemplate":"https:\/\/www.human-rights-year.com\/?s={search_term_string}"},"query-input":"required name=search_term_string"}],"inLanguage":"de"},{"@type":"WebPage","@id":"https:\/\/www.human-rights-year.com\/de\/2022\/07\/29\/olga-smirnova-a-member-of-the-peaceful-resistance-movement-is-a-political-prisoner\/","url":"https:\/\/www.human-rights-year.com\/de\/2022\/07\/29\/olga-smirnova-a-member-of-the-peaceful-resistance-movement-is-a-political-prisoner\/","name":"Olga Smirnova, a member of the Peaceful Resistance movement, is a political prisoner - Europ\u00e4ischer Menschenrechtsdialog","isPartOf":{"@id":"https:\/\/www.human-rights-year.com\/#website"},"datePublished":"2022-07-29T20:10:11+00:00","dateModified":"2022-08-23T20:12:05+00:00","author":{"@id":"https:\/\/www.human-rights-year.com\/#\/schema\/person\/c61a685c41e5101f9ea8f886f7ff8867"},"breadcrumb":{"@id":"https:\/\/www.human-rights-year.com\/de\/2022\/07\/29\/olga-smirnova-a-member-of-the-peaceful-resistance-movement-is-a-political-prisoner\/#breadcrumb"},"inLanguage":"de","potentialAction":[{"@type":"ReadAction","target":["https:\/\/www.human-rights-year.com\/de\/2022\/07\/29\/olga-smirnova-a-member-of-the-peaceful-resistance-movement-is-a-political-prisoner\/"]}]},{"@type":"BreadcrumbList","@id":"https:\/\/www.human-rights-year.com\/de\/2022\/07\/29\/olga-smirnova-a-member-of-the-peaceful-resistance-movement-is-a-political-prisoner\/#breadcrumb","itemListElement":[{"@type":"ListItem","position":1,"name":"\u0413\u043b\u0430\u0432\u043d\u0430\u044f \u0441\u0442\u0440\u0430\u043d\u0438\u0446\u0430","item":"https:\/\/www.human-rights-year.com\/de\/"},{"@type":"ListItem","position":2,"name":"Olga Smirnova, a member of the Peaceful Resistance movement, is a political prisoner"}]},{"@type":"Person","@id":"https:\/\/www.human-rights-year.com\/#\/schema\/person\/c61a685c41e5101f9ea8f886f7ff8867","name":"Europ\u00e4ischer Menschenrechtedialog","image":{"@type":"ImageObject","inLanguage":"de","@id":"https:\/\/www.human-rights-year.com\/#\/schema\/person\/image\/","url":"https:\/\/secure.gravatar.com\/avatar\/b8079c67933c0da74d24da6410334e70?s=96&d=mm&r=g","contentUrl":"https:\/\/secure.gravatar.com\/avatar\/b8079c67933c0da74d24da6410334e70?s=96&d=mm&r=g","caption":"Europ\u00e4ischer Menschenrechtedialog"},"description":"\u041f\u0440\u043e\u0435\u043a\u0442\u00a0\u00ab\u0415\u0432\u0440\u043e\u043f\u0435\u0439\u0441\u043a\u0438\u0439 \u043f\u0440\u0430\u0432\u043e\u0437\u0430\u0449\u0438\u0442\u043d\u044b\u0439 \u0434\u0438\u0430\u043b\u043e\u0433\u00bb \u0440\u0435\u0430\u043b\u0438\u0437\u0443\u0435\u0442\u0441\u044f \u043f\u0440\u0438\u00a0\u043f\u043e\u0434\u0434\u0435\u0440\u0436\u043a\u0435 \u0433\u0435\u0440\u043c\u0430\u043d\u0441\u043a\u043e\u0433\u043e \u041c\u0418\u0414\u0430. \u0421\u0438\u0442\u0443\u0430\u0446\u0438\u044f \u0441 \u043f\u043e\u043b\u0438\u0442\u0437\u0430\u043a\u043b\u044e\u0447\u0435\u043d\u043d\u044b\u043c\u0438 \u0438 \u0434\u0440\u0443\u0433\u0438\u0435 \u043f\u0440\u0430\u0432\u043e\u0437\u0430\u0449\u0438\u0442\u043d\u044b\u0435 \u043f\u0440\u043e\u0431\u043b\u0435\u043c\u044b \u0432 \u0420\u043e\u0441\u0441\u0438\u0438 \u0438 \u0411\u0435\u043b\u0430\u0440\u0443\u0441\u0438 \u0441\u0442\u0430\u043d\u043e\u0432\u044f\u0442\u0441\u044f \u0433\u043e\u0434 \u043e\u0442 \u0433\u043e\u0434\u0430 \u0432\u0441\u0435 \u043e\u0441\u0442\u0440\u0435\u0435. \u041c\u044b \u043e\u0436\u0438\u0432\u043b\u044f\u0435\u043c \u0434\u0438\u0430\u043b\u043e\u0433 \u043c\u0435\u0436\u0434\u0443 \u0440\u043e\u0441\u0441\u0438\u0439\u0441\u043a\u0438\u043c, \u0431\u0435\u043b\u0430\u0440\u0443\u0441\u0441\u043a\u0438\u043c, \u043f\u043e\u043b\u044c\u0441\u043a\u0438\u043c \u0438 \u043d\u0435\u043c\u0435\u0446\u043a\u0438\u043c \u043f\u0440\u0430\u0432\u043e\u0437\u0430\u0449\u0438\u0442\u043d\u044b\u043c \u0441\u043e\u043e\u0431\u0449\u0435\u0441\u0442\u0432\u043e\u043c \u0438 \u043d\u0430\u043b\u0430\u0436\u0438\u0432\u0430\u0435\u043c \u0438\u0445 \u043a\u043e\u043d\u0441\u0442\u0440\u0443\u043a\u0442\u0438\u0432\u043d\u043e\u0435 \u0432\u0437\u0430\u0438\u043c\u043e\u0434\u0435\u0439\u0441\u0442\u0432\u0438\u0435, \u0432\u0437\u0430\u0438\u043c\u043d\u043e\u0435 \u0438\u043d\u0444\u043e\u0440\u043c\u0438\u0440\u043e\u0432\u0430\u043d\u0438\u0435 \u0438 \u043f\u043e\u0434\u0434\u0435\u0440\u0436\u043a\u0443. \u041c\u044b \u0438\u043d\u0444\u043e\u0440\u043c\u0438\u0440\u0443\u0435\u043c \u043d\u0435\u043c\u0435\u0446\u043a\u0443\u044e \u043e\u0431\u0449\u0435\u0441\u0442\u0432\u0435\u043d\u043d\u043e\u0441\u0442\u044c \u043e \u0441\u0438\u0442\u0443\u0430\u0446\u0438\u0438 \u0441 \u0437\u0430\u0449\u0438\u0442\u043e\u0439 \u043f\u0440\u0430\u0432 \u0447\u0435\u043b\u043e\u0432\u0435\u043a\u0430 \u0432 \u0420\u043e\u0441\u0441\u0438\u0438 \u0438 \u0411\u0435\u043b\u0430\u0440\u0443\u0441\u0438, \u0430 \u0440\u043e\u0441\u0441\u0438\u0439\u0441\u043a\u0443\u044e \u0438 \u0431\u0435\u043b\u0430\u0440\u0443\u0441\u0441\u043a\u0443\u044e \u2014 \u043e \u043f\u043e\u043b\u043e\u0436\u0435\u043d\u0438\u0438 \u0432 \u044d\u0442\u043e\u0439 \u043e\u0431\u043b\u0430\u0441\u0442\u0438 \u0432 \u0413\u0435\u0440\u043c\u0430\u043d\u0438\u0438; \u0441\u043e\u0437\u0434\u0430\u0435\u043c \u043c\u0435\u0445\u0430\u043d\u0438\u0437\u043c \u043f\u043e\u0434\u0434\u0435\u0440\u0436\u043a\u0438 \u0440\u043e\u0441\u0441\u0438\u0439\u0441\u043a\u0438\u0445 \u0438 \u0431\u0435\u043b\u0430\u0440\u0443\u0441\u0441\u043a\u0438\u0445 \u043f\u0440\u0430\u0432\u043e\u0437\u0430\u0449\u0438\u0442\u043d\u0438\u043a\u043e\u0432, \u0436\u0435\u0440\u0442\u0432 \u043f\u043e\u043b\u0438\u0442\u0438\u0447\u0435\u0441\u043a\u0438\u0445 \u0440\u0435\u043f\u0440\u0435\u0441\u0441\u0438\u0439 \u0438 \u043f\u043e\u043b\u0438\u0442\u0437\u0430\u043a\u043b\u044e\u0447\u0435\u043d\u043d\u044b\u0445. \u0411\u0443\u0434\u0435\u043c \u0440\u0430\u0434\u044b \u0432\u0430\u0448\u0435\u043c\u0443 \u0443\u0447\u0430\u0441\u0442\u0438\u044e \u0432 \u0435\u0432\u0440\u043e\u043f\u0435\u0439\u0441\u043a\u043e\u043c \u043f\u0440\u0430\u0432\u043e\u0437\u0430\u0449\u0438\u0442\u043d\u043e\u043c \u0434\u0438\u0430\u043b\u043e\u0433\u0435 \u043d\u0430 \u043d\u0430\u0448\u0435\u043c \u0441\u0430\u0439\u0442\u0435 \u0438 \u0430\u043a\u043a\u0430\u0443\u043d\u0442\u0430\u0445 \u0432 \u0441\u043e\u0446\u0438\u0430\u043b\u044c\u043d\u044b\u0445 \u0441\u0435\u0442\u044f\u0445, \u0430 \u0442\u0430\u043a\u0436\u0435 \u043f\u0440\u0438\u0433\u043b\u0430\u0448\u0430\u0435\u043c \u0432\u0430\u0441 \u043f\u043e\u0434\u043f\u0438\u0441\u0430\u0442\u044c\u0441\u044f \u043d\u0430 \u0440\u0430\u0441\u0441\u044b\u043b\u043a\u0443 \u043e \u043f\u0440\u0430\u0432\u043e\u0437\u0430\u0449\u0438\u0442\u043d\u044b\u0445 \u043f\u0440\u043e\u0431\u043b\u0435\u043c\u0430\u0445\u00a0\u043f\u043e \u0441\u0441\u044b\u043b\u043a\u0435 (\u043d\u0430 \u043d\u0435\u043c\u0435\u0446\u043a\u043e\u043c \u044f\u0437\u044b\u043a\u0435).\u00a0","url":"https:\/\/www.human-rights-year.com\/de\/author\/anna-andrievskaja\/"}]}},"_links":{"self":[{"href":"https:\/\/www.human-rights-year.com\/de\/wp-json\/wp\/v2\/posts\/4518"}],"collection":[{"href":"https:\/\/www.human-rights-year.com\/de\/wp-json\/wp\/v2\/posts"}],"about":[{"href":"https:\/\/www.human-rights-year.com\/de\/wp-json\/wp\/v2\/types\/post"}],"author":[{"embeddable":true,"href":"https:\/\/www.human-rights-year.com\/de\/wp-json\/wp\/v2\/users\/33"}],"replies":[{"embeddable":true,"href":"https:\/\/www.human-rights-year.com\/de\/wp-json\/wp\/v2\/comments?post=4518"}],"version-history":[{"count":0,"href":"https:\/\/www.human-rights-year.com\/de\/wp-json\/wp\/v2\/posts\/4518\/revisions"}],"wp:featuredmedia":[{"embeddable":true,"href":"https:\/\/www.human-rights-year.com\/de\/wp-json\/wp\/v2\/media\/4519"}],"wp:attachment":[{"href":"https:\/\/www.human-rights-year.com\/de\/wp-json\/wp\/v2\/media?parent=4518"}],"wp:term":[{"taxonomy":"category","embeddable":true,"href":"https:\/\/www.human-rights-year.com\/de\/wp-json\/wp\/v2\/categories?post=4518"},{"taxonomy":"post_tag","embeddable":true,"href":"https:\/\/www.human-rights-year.com\/de\/wp-json\/wp\/v2\/tags?post=4518"}],"curies":[{"name":"wp","href":"https:\/\/api.w.org\/{rel}","templated":true}]}}