{"id":4512,"date":"2022-08-02T20:56:51","date_gmt":"2022-08-02T18:56:51","guid":{"rendered":"https:\/\/www.human-rights-year.com\/?p=4512"},"modified":"2022-08-23T21:03:44","modified_gmt":"2022-08-23T19:03:44","slug":"alberto-giraldo-a-colombian-citizen-accused-of-spreading-fake-news-about-the-russian-army-is-a-political-prisoner","status":"publish","type":"post","link":"https:\/\/www.human-rights-year.com\/de\/2022\/08\/02\/alberto-giraldo-a-colombian-citizen-accused-of-spreading-fake-news-about-the-russian-army-is-a-political-prisoner\/","title":{"rendered":"Alberto Giraldo, a Colombian citizen accused of spreading \u2018fake news\u2019 about the Russian army, is a political prisoner"},"content":{"rendered":"<p dir=\"ltr\"><strong>The Human Rights Project \u2018Support for Political Prisoners.\u00a0<span class=\"il\">Memorial<\/span>\u2019, based on\u00a0<a href=\"https:\/\/t.us6.list-manage.com\/track\/click?u=0beb3097c1&amp;id=12ff03de72&amp;e=339ca062ef\" target=\"_blank\" rel=\"noopener\" data-saferedirecturl=\"https:\/\/www.google.com\/url?q=https:\/\/t.us6.list-manage.com\/track\/click?u%3D0beb3097c1%26id%3D12ff03de72%26e%3D339ca062ef&amp;source=gmail&amp;ust=1661365694581000&amp;usg=AOvVaw232Qh75U0PFOB3400Nz-zo\">international criteria<\/a>, considers Colombian citizen Alberto Enrique Giraldo Saray a political prisoner. A criminal case was opened against him for sending messages about the killings of Ukrainian civilians by Russian soldiers. Alberto Giraldo is being prosecuted for exercising the right to freedom of expression and in order to intimidate in Russia all opponents of the war against Ukraine.<\/strong><strong>\u00a0<\/strong><\/p>\n<p dir=\"ltr\"><strong>We demand that Alberto Giraldo be released immediately and that all criminal charges against him be dropped.<\/strong><strong>\u00a0<\/strong><\/p>\n<p dir=\"ltr\"><strong>Article 207.3 of the Russian Criminal Code on the dissemination of \u2018fake news\u2019 about the Russian army is unlawful in nature. It has been created as a means of censorship and repression against critics of the authorities and as such should be rescinded. Any prosecutions under this article are unlawful and must be terminated.<\/strong><strong>\u00a0<\/strong><\/p>\n<p dir=\"ltr\"><strong>What are the charges against Alberto Giraldo?<\/strong><\/p>\n<p dir=\"ltr\">Colombian citizen Alberto Giraldo has been living and working in Moscow for more than twenty years. He started a family in Russia and has a daughter who is a minor.<\/p>\n<p dir=\"ltr\">On 10 April 2022 he was arrested on charges of spreading \u2018fake news\u2019 about the actions of the Russian army (Article 207.3, Part 2, Paragraph \u2018b\u2019, of the Russian Criminal Code).<\/p>\n<p dir=\"ltr\">The next day Basmanny district court in Moscow remanded Alberto Giraldo in custody.<\/p>\n<p dir=\"ltr\">According to the investigators, in March 2022, on orders from abroad, Alberto Giraldo placed smartphones in a Moscow shopping centre through which a mass mailing was carried out of \u2018messages with information known to be false about the actions of the Russian armed forces in Ukraine, including about the alleged killing of civilians.\u2019<\/p>\n<p dir=\"ltr\">During interrogation, Alberto Giraldo stated that he saw nothing reprehensible about the distribution of this information and believed that it contributed to the formation of an \u2018alternative point of view\u2019 about events in Ukraine.<\/p>\n<p dir=\"ltr\"><strong>Why do we consider Alberto Giraldo a political prisoner?<\/strong><\/p>\n<p dir=\"ltr\">Article 207.3 of the Russian Criminal Code on dissemination of information known to be false about the actions of the Russian army contradicts the Russian Constitution, Russia&#8217;s international obligations, and fundamental principles of law.<\/p>\n<p dir=\"ltr\">In particular, Article 19 of the International Covenant on Civil and Political Rights states: \u2018Everyone shall have the right to freedom of expression.\u2019 Restrictions on the exercise of these rights \u2018shall only be such as are provided by law and are necessary: (a) For respect of the rights or reputations of others; (b) For the protection of national security or of public order (ordre public), or of public health or morals.\u2019 Similar norms are set out in Article 29 of the Russian Constitution.<\/p>\n<p dir=\"ltr\">The restrictions on freedom of expression introduced by Article 207.3 of the Russian Criminal Code do not serve any of the aforementioned purposes and are in direct violation of the Russian constitution.<\/p>\n<p dir=\"ltr\">Article 207.3 criminalizes practically any statements about the actions of the Russian armed forces and activities of Russian state bodies abroad. In the course of an armed conflict, it is often not possible to establish the accuracy of information disseminated by various sources. Still less is it possible to establish whether or not it is known that information is false. These deficiencies determine the unlawful nature of Article 207.3 of the Russian Criminal Code.<\/p>\n<p dir=\"ltr\">The timing and context of the introduction of Article 207.3 into the Russian Criminal Code &#8211; after the beginning of large-scale Russian military aggression against Ukraine &#8211; allow us to assert that this article was created specifically as a means to prosecute critics of the Russian authorities and also in order to prevent the dissemination of information about war crimes. This fully applies to the prosecution of Alberto Giraldo.<\/p>\n<p dir=\"ltr\">Moreover, it is known that on his Facebook page Alberto Giraldo\u00a0<a href=\"https:\/\/t.us6.list-manage.com\/track\/click?u=0beb3097c1&amp;id=763a184aef&amp;e=339ca062ef\" target=\"_blank\" rel=\"noopener\" data-saferedirecturl=\"https:\/\/www.google.com\/url?q=https:\/\/t.us6.list-manage.com\/track\/click?u%3D0beb3097c1%26id%3D763a184aef%26e%3D339ca062ef&amp;source=gmail&amp;ust=1661365694581000&amp;usg=AOvVaw253S0bg4kCMHrABAsFytBs\">wrote<\/a> that \u2018in war there are no winners or losers,\u2019 that \u2018Russophobia in the West is biased,\u2019 and that \u2018Ukraine is being used as a puppet to economically weaken Russia.\u2019 All these statements indicate that he had no intention to discredit the Russian army.<\/p>\n<p dir=\"ltr\">More information about the case of Alberto Giraldo and the position of the Human Rights Project are available on our\u00a0<a href=\"https:\/\/t.us6.list-manage.com\/track\/click?u=0beb3097c1&amp;id=913e1d963b&amp;e=339ca062ef\" target=\"_blank\" rel=\"noopener\" data-saferedirecturl=\"https:\/\/www.google.com\/url?q=https:\/\/t.us6.list-manage.com\/track\/click?u%3D0beb3097c1%26id%3D913e1d963b%26e%3D339ca062ef&amp;source=gmail&amp;ust=1661365694581000&amp;usg=AOvVaw1p-SjPN1VhrlwojGyNxvEK\">Telegram channel<\/a>.<\/p>\n<p dir=\"ltr\"><em>Recognition of an individual as a political prisoner does not imply the Human Rights Project \u2018Support for Political Prisoners.\u00a0<span class=\"il\">Memorial<\/span>,\u2019 agrees with, or approves of, their views, statements, or actions.<\/em><\/p>\n<p dir=\"ltr\"><strong>How can you help?<\/strong><\/p>\n<p dir=\"ltr\">You can write to Alberto Giraldo at the following address (all letters must be written in Russian):<\/p>\n<p dir=\"ltr\">In Russian: 109382, \u041c\u043e\u0441\u043a\u0432\u0430, \u0443\u043b. \u0412\u0435\u0440\u0445\u043d\u0438\u0435 \u043f\u043e\u043b\u044f, \u0434. 57, \u0421\u0418\u0417\u041e-7 \u0423\u0424\u0421\u0418\u041d \u0420\u043e\u0441\u0441\u0438\u0438 \u043f\u043e \u0433. \u041c\u043e\u0441\u043a\u0432\u0430, \u0425\u0438\u0440\u0430\u043b\u044c\u0434\u043e \u0421\u0430\u0440\u0430\u0439 \u0410\u043b\u044c\u0431\u0435\u0440\u0442\u043e \u042d\u043d\u0440\u0438\u043a\u0435, 1982 \u0433. \u0440.<\/p>\n<p dir=\"ltr\">In English: Alberto Enrique Giraldo Saray (born 1982), Remand Centre No. 7 of the Russian Federal Penitentiary Service for Moscow, 57 Verkhnie Polya Street, Moscow, 109382.<\/p>\n<p dir=\"ltr\">You can support him financially (\u0425\u0438\u0440\u0430\u043b\u044c\u0434\u043e \u0421\u0430\u0440\u0430\u0439 \u0410\u043b\u044c\u0431\u0435\u0440\u0442\u043e \u042d\u043d\u0440\u0438\u043a\u0435, 1982 \u0433. \u0440.) via\u00a0<a href=\"https:\/\/t.us6.list-manage.com\/track\/click?u=0beb3097c1&amp;id=5134d5c256&amp;e=339ca062ef\" target=\"_blank\" rel=\"noopener\" data-saferedirecturl=\"https:\/\/www.google.com\/url?q=https:\/\/t.us6.list-manage.com\/track\/click?u%3D0beb3097c1%26id%3D5134d5c256%26e%3D339ca062ef&amp;source=gmail&amp;ust=1661365694581000&amp;usg=AOvVaw2jl0FLzVBh5TVjkeYL8KNf\">FSIN.Money<\/a><\/p>\n<p dir=\"ltr\">You can support political prisoners by making a donation to the Union of Solidarity with Political Prisoners via\u00a0<a href=\"https:\/\/t.us6.list-manage.com\/track\/click?u=0beb3097c1&amp;id=58f59685b0&amp;e=339ca062ef\" target=\"_blank\" rel=\"noopener\" data-saferedirecturl=\"https:\/\/www.google.com\/url?q=https:\/\/t.us6.list-manage.com\/track\/click?u%3D0beb3097c1%26id%3D58f59685b0%26e%3D339ca062ef&amp;source=gmail&amp;ust=1661365694581000&amp;usg=AOvVaw0m2vH5Q_SEA80iRLvtxJ0D\">YooMoney<\/a>\u00a0or PayPal (<a href=\"mailto:helppoliticalprisoners@gmail.com\" target=\"_blank\" rel=\"noopener\">helppoliticalprisoners@gmail.<wbr \/>com<\/a>).<\/p>\n","protected":false},"excerpt":{"rendered":"<p>The Human Rights Project \u2018Support for Political Prisoners.\u00a0Memorial\u2019, based on\u00a0international criteria, considers Colombian citizen Alberto Enrique Giraldo Saray a political prisoner. A criminal case was<\/p>\n","protected":false},"author":33,"featured_media":4513,"comment_status":"closed","ping_status":"open","sticky":false,"template":"","format":"standard","meta":[],"categories":[19,20,12],"tags":[],"yoast_head":"<!-- This site is optimized with the Yoast SEO plugin v19.4 - https:\/\/yoast.com\/wordpress\/plugins\/seo\/ -->\n<title>Alberto Giraldo, a Colombian citizen accused of spreading \u2018fake news\u2019 about the Russian army, is a political prisoner - Europ\u00e4ischer Menschenrechtsdialog<\/title>\n<meta name=\"robots\" content=\"index, follow, max-snippet:-1, max-image-preview:large, max-video-preview:-1\" \/>\n<link rel=\"canonical\" href=\"https:\/\/www.human-rights-year.com\/de\/2022\/08\/02\/alberto-giraldo-a-colombian-citizen-accused-of-spreading-fake-news-about-the-russian-army-is-a-political-prisoner\/\" \/>\n<meta property=\"og:locale\" content=\"de_DE\" \/>\n<meta property=\"og:type\" content=\"article\" \/>\n<meta property=\"og:title\" content=\"Alberto Giraldo, a Colombian citizen accused of spreading \u2018fake news\u2019 about the Russian army, is a political prisoner - Europ\u00e4ischer Menschenrechtsdialog\" \/>\n<meta property=\"og:description\" content=\"The Human Rights Project \u2018Support for Political Prisoners.\u00a0Memorial\u2019, based on\u00a0international criteria, considers Colombian citizen Alberto Enrique Giraldo Saray a political prisoner. A criminal case was\" \/>\n<meta property=\"og:url\" content=\"https:\/\/www.human-rights-year.com\/de\/2022\/08\/02\/alberto-giraldo-a-colombian-citizen-accused-of-spreading-fake-news-about-the-russian-army-is-a-political-prisoner\/\" \/>\n<meta property=\"og:site_name\" content=\"Europ\u00e4ischer Menschenrechtsdialog\" \/>\n<meta property=\"article:published_time\" content=\"2022-08-02T18:56:51+00:00\" \/>\n<meta property=\"article:modified_time\" content=\"2022-08-23T19:03:44+00:00\" \/>\n<meta property=\"og:image\" content=\"https:\/\/www.human-rights-year.com\/wp-content\/uploads\/2022\/08\/unnamed-14.jpg\" \/>\n\t<meta property=\"og:image:width\" content=\"1200\" \/>\n\t<meta property=\"og:image:height\" content=\"630\" \/>\n\t<meta property=\"og:image:type\" content=\"image\/jpeg\" \/>\n<meta name=\"author\" content=\"Europ\u00e4ischer Menschenrechtedialog\" \/>\n<meta name=\"twitter:card\" content=\"summary_large_image\" \/>\n<meta name=\"twitter:label1\" content=\"Verfasst von\" \/>\n\t<meta name=\"twitter:data1\" content=\"Europ\u00e4ischer Menschenrechtedialog\" \/>\n\t<meta name=\"twitter:label2\" content=\"Gesch\u00e4tzte Lesezeit\" \/>\n\t<meta name=\"twitter:data2\" content=\"5\u00a0Minuten\" \/>\n<script type=\"application\/ld+json\" class=\"yoast-schema-graph\">{\"@context\":\"https:\/\/schema.org\",\"@graph\":[{\"@type\":\"WebSite\",\"@id\":\"https:\/\/www.human-rights-year.com\/#website\",\"url\":\"https:\/\/www.human-rights-year.com\/\",\"name\":\"\u0415\u0432\u0440\u043e\u043f\u0435\u0439\u0441\u043a\u0438\u0439 \u043f\u0440\u0430\u0432\u043e\u0437\u0430\u0449\u0438\u0442\u043d\u044b\u0439 \u0434\u0438\u0430\u043b\u043e\u0433\",\"description\":\" \",\"potentialAction\":[{\"@type\":\"SearchAction\",\"target\":{\"@type\":\"EntryPoint\",\"urlTemplate\":\"https:\/\/www.human-rights-year.com\/?s={search_term_string}\"},\"query-input\":\"required name=search_term_string\"}],\"inLanguage\":\"de\"},{\"@type\":\"WebPage\",\"@id\":\"https:\/\/www.human-rights-year.com\/de\/2022\/08\/02\/alberto-giraldo-a-colombian-citizen-accused-of-spreading-fake-news-about-the-russian-army-is-a-political-prisoner\/\",\"url\":\"https:\/\/www.human-rights-year.com\/de\/2022\/08\/02\/alberto-giraldo-a-colombian-citizen-accused-of-spreading-fake-news-about-the-russian-army-is-a-political-prisoner\/\",\"name\":\"Alberto Giraldo, a Colombian citizen accused of spreading \u2018fake news\u2019 about the Russian army, is a political prisoner - Europ\u00e4ischer Menschenrechtsdialog\",\"isPartOf\":{\"@id\":\"https:\/\/www.human-rights-year.com\/#website\"},\"datePublished\":\"2022-08-02T18:56:51+00:00\",\"dateModified\":\"2022-08-23T19:03:44+00:00\",\"author\":{\"@id\":\"https:\/\/www.human-rights-year.com\/#\/schema\/person\/c61a685c41e5101f9ea8f886f7ff8867\"},\"breadcrumb\":{\"@id\":\"https:\/\/www.human-rights-year.com\/de\/2022\/08\/02\/alberto-giraldo-a-colombian-citizen-accused-of-spreading-fake-news-about-the-russian-army-is-a-political-prisoner\/#breadcrumb\"},\"inLanguage\":\"de\",\"potentialAction\":[{\"@type\":\"ReadAction\",\"target\":[\"https:\/\/www.human-rights-year.com\/de\/2022\/08\/02\/alberto-giraldo-a-colombian-citizen-accused-of-spreading-fake-news-about-the-russian-army-is-a-political-prisoner\/\"]}]},{\"@type\":\"BreadcrumbList\",\"@id\":\"https:\/\/www.human-rights-year.com\/de\/2022\/08\/02\/alberto-giraldo-a-colombian-citizen-accused-of-spreading-fake-news-about-the-russian-army-is-a-political-prisoner\/#breadcrumb\",\"itemListElement\":[{\"@type\":\"ListItem\",\"position\":1,\"name\":\"\u0413\u043b\u0430\u0432\u043d\u0430\u044f \u0441\u0442\u0440\u0430\u043d\u0438\u0446\u0430\",\"item\":\"https:\/\/www.human-rights-year.com\/de\/\"},{\"@type\":\"ListItem\",\"position\":2,\"name\":\"Alberto Giraldo, a Colombian citizen accused of spreading \u2018fake news\u2019 about the Russian army, is a political prisoner\"}]},{\"@type\":\"Person\",\"@id\":\"https:\/\/www.human-rights-year.com\/#\/schema\/person\/c61a685c41e5101f9ea8f886f7ff8867\",\"name\":\"Europ\u00e4ischer Menschenrechtedialog\",\"image\":{\"@type\":\"ImageObject\",\"inLanguage\":\"de\",\"@id\":\"https:\/\/www.human-rights-year.com\/#\/schema\/person\/image\/\",\"url\":\"https:\/\/secure.gravatar.com\/avatar\/b8079c67933c0da74d24da6410334e70?s=96&d=mm&r=g\",\"contentUrl\":\"https:\/\/secure.gravatar.com\/avatar\/b8079c67933c0da74d24da6410334e70?s=96&d=mm&r=g\",\"caption\":\"Europ\u00e4ischer Menschenrechtedialog\"},\"description\":\"\u041f\u0440\u043e\u0435\u043a\u0442\u00a0\u00ab\u0415\u0432\u0440\u043e\u043f\u0435\u0439\u0441\u043a\u0438\u0439 \u043f\u0440\u0430\u0432\u043e\u0437\u0430\u0449\u0438\u0442\u043d\u044b\u0439 \u0434\u0438\u0430\u043b\u043e\u0433\u00bb \u0440\u0435\u0430\u043b\u0438\u0437\u0443\u0435\u0442\u0441\u044f \u043f\u0440\u0438\u00a0\u043f\u043e\u0434\u0434\u0435\u0440\u0436\u043a\u0435 \u0433\u0435\u0440\u043c\u0430\u043d\u0441\u043a\u043e\u0433\u043e \u041c\u0418\u0414\u0430. \u0421\u0438\u0442\u0443\u0430\u0446\u0438\u044f \u0441 \u043f\u043e\u043b\u0438\u0442\u0437\u0430\u043a\u043b\u044e\u0447\u0435\u043d\u043d\u044b\u043c\u0438 \u0438 \u0434\u0440\u0443\u0433\u0438\u0435 \u043f\u0440\u0430\u0432\u043e\u0437\u0430\u0449\u0438\u0442\u043d\u044b\u0435 \u043f\u0440\u043e\u0431\u043b\u0435\u043c\u044b \u0432 \u0420\u043e\u0441\u0441\u0438\u0438 \u0438 \u0411\u0435\u043b\u0430\u0440\u0443\u0441\u0438 \u0441\u0442\u0430\u043d\u043e\u0432\u044f\u0442\u0441\u044f \u0433\u043e\u0434 \u043e\u0442 \u0433\u043e\u0434\u0430 \u0432\u0441\u0435 \u043e\u0441\u0442\u0440\u0435\u0435. \u041c\u044b \u043e\u0436\u0438\u0432\u043b\u044f\u0435\u043c \u0434\u0438\u0430\u043b\u043e\u0433 \u043c\u0435\u0436\u0434\u0443 \u0440\u043e\u0441\u0441\u0438\u0439\u0441\u043a\u0438\u043c, \u0431\u0435\u043b\u0430\u0440\u0443\u0441\u0441\u043a\u0438\u043c, \u043f\u043e\u043b\u044c\u0441\u043a\u0438\u043c \u0438 \u043d\u0435\u043c\u0435\u0446\u043a\u0438\u043c \u043f\u0440\u0430\u0432\u043e\u0437\u0430\u0449\u0438\u0442\u043d\u044b\u043c \u0441\u043e\u043e\u0431\u0449\u0435\u0441\u0442\u0432\u043e\u043c \u0438 \u043d\u0430\u043b\u0430\u0436\u0438\u0432\u0430\u0435\u043c \u0438\u0445 \u043a\u043e\u043d\u0441\u0442\u0440\u0443\u043a\u0442\u0438\u0432\u043d\u043e\u0435 \u0432\u0437\u0430\u0438\u043c\u043e\u0434\u0435\u0439\u0441\u0442\u0432\u0438\u0435, \u0432\u0437\u0430\u0438\u043c\u043d\u043e\u0435 \u0438\u043d\u0444\u043e\u0440\u043c\u0438\u0440\u043e\u0432\u0430\u043d\u0438\u0435 \u0438 \u043f\u043e\u0434\u0434\u0435\u0440\u0436\u043a\u0443. \u041c\u044b \u0438\u043d\u0444\u043e\u0440\u043c\u0438\u0440\u0443\u0435\u043c \u043d\u0435\u043c\u0435\u0446\u043a\u0443\u044e \u043e\u0431\u0449\u0435\u0441\u0442\u0432\u0435\u043d\u043d\u043e\u0441\u0442\u044c \u043e \u0441\u0438\u0442\u0443\u0430\u0446\u0438\u0438 \u0441 \u0437\u0430\u0449\u0438\u0442\u043e\u0439 \u043f\u0440\u0430\u0432 \u0447\u0435\u043b\u043e\u0432\u0435\u043a\u0430 \u0432 \u0420\u043e\u0441\u0441\u0438\u0438 \u0438 \u0411\u0435\u043b\u0430\u0440\u0443\u0441\u0438, \u0430 \u0440\u043e\u0441\u0441\u0438\u0439\u0441\u043a\u0443\u044e \u0438 \u0431\u0435\u043b\u0430\u0440\u0443\u0441\u0441\u043a\u0443\u044e \u2014 \u043e \u043f\u043e\u043b\u043e\u0436\u0435\u043d\u0438\u0438 \u0432 \u044d\u0442\u043e\u0439 \u043e\u0431\u043b\u0430\u0441\u0442\u0438 \u0432 \u0413\u0435\u0440\u043c\u0430\u043d\u0438\u0438; \u0441\u043e\u0437\u0434\u0430\u0435\u043c \u043c\u0435\u0445\u0430\u043d\u0438\u0437\u043c \u043f\u043e\u0434\u0434\u0435\u0440\u0436\u043a\u0438 \u0440\u043e\u0441\u0441\u0438\u0439\u0441\u043a\u0438\u0445 \u0438 \u0431\u0435\u043b\u0430\u0440\u0443\u0441\u0441\u043a\u0438\u0445 \u043f\u0440\u0430\u0432\u043e\u0437\u0430\u0449\u0438\u0442\u043d\u0438\u043a\u043e\u0432, \u0436\u0435\u0440\u0442\u0432 \u043f\u043e\u043b\u0438\u0442\u0438\u0447\u0435\u0441\u043a\u0438\u0445 \u0440\u0435\u043f\u0440\u0435\u0441\u0441\u0438\u0439 \u0438 \u043f\u043e\u043b\u0438\u0442\u0437\u0430\u043a\u043b\u044e\u0447\u0435\u043d\u043d\u044b\u0445. \u0411\u0443\u0434\u0435\u043c \u0440\u0430\u0434\u044b \u0432\u0430\u0448\u0435\u043c\u0443 \u0443\u0447\u0430\u0441\u0442\u0438\u044e \u0432 \u0435\u0432\u0440\u043e\u043f\u0435\u0439\u0441\u043a\u043e\u043c \u043f\u0440\u0430\u0432\u043e\u0437\u0430\u0449\u0438\u0442\u043d\u043e\u043c \u0434\u0438\u0430\u043b\u043e\u0433\u0435 \u043d\u0430 \u043d\u0430\u0448\u0435\u043c \u0441\u0430\u0439\u0442\u0435 \u0438 \u0430\u043a\u043a\u0430\u0443\u043d\u0442\u0430\u0445 \u0432 \u0441\u043e\u0446\u0438\u0430\u043b\u044c\u043d\u044b\u0445 \u0441\u0435\u0442\u044f\u0445, \u0430 \u0442\u0430\u043a\u0436\u0435 \u043f\u0440\u0438\u0433\u043b\u0430\u0448\u0430\u0435\u043c \u0432\u0430\u0441 \u043f\u043e\u0434\u043f\u0438\u0441\u0430\u0442\u044c\u0441\u044f \u043d\u0430 \u0440\u0430\u0441\u0441\u044b\u043b\u043a\u0443 \u043e \u043f\u0440\u0430\u0432\u043e\u0437\u0430\u0449\u0438\u0442\u043d\u044b\u0445 \u043f\u0440\u043e\u0431\u043b\u0435\u043c\u0430\u0445\u00a0\u043f\u043e \u0441\u0441\u044b\u043b\u043a\u0435 (\u043d\u0430 \u043d\u0435\u043c\u0435\u0446\u043a\u043e\u043c \u044f\u0437\u044b\u043a\u0435).\u00a0\",\"url\":\"https:\/\/www.human-rights-year.com\/de\/author\/anna-andrievskaja\/\"}]}<\/script>\n<!-- \/ Yoast SEO plugin. -->","yoast_head_json":{"title":"Alberto Giraldo, a Colombian citizen accused of spreading \u2018fake news\u2019 about the Russian army, is a political prisoner - Europ\u00e4ischer Menschenrechtsdialog","robots":{"index":"index","follow":"follow","max-snippet":"max-snippet:-1","max-image-preview":"max-image-preview:large","max-video-preview":"max-video-preview:-1"},"canonical":"https:\/\/www.human-rights-year.com\/de\/2022\/08\/02\/alberto-giraldo-a-colombian-citizen-accused-of-spreading-fake-news-about-the-russian-army-is-a-political-prisoner\/","og_locale":"de_DE","og_type":"article","og_title":"Alberto Giraldo, a Colombian citizen accused of spreading \u2018fake news\u2019 about the Russian army, is a political prisoner - Europ\u00e4ischer Menschenrechtsdialog","og_description":"The Human Rights Project \u2018Support for Political Prisoners.\u00a0Memorial\u2019, based on\u00a0international criteria, considers Colombian citizen Alberto Enrique Giraldo Saray a political prisoner. A criminal case was","og_url":"https:\/\/www.human-rights-year.com\/de\/2022\/08\/02\/alberto-giraldo-a-colombian-citizen-accused-of-spreading-fake-news-about-the-russian-army-is-a-political-prisoner\/","og_site_name":"Europ\u00e4ischer Menschenrechtsdialog","article_published_time":"2022-08-02T18:56:51+00:00","article_modified_time":"2022-08-23T19:03:44+00:00","og_image":[{"width":1200,"height":630,"url":"https:\/\/www.human-rights-year.com\/wp-content\/uploads\/2022\/08\/unnamed-14.jpg","type":"image\/jpeg"}],"author":"Europ\u00e4ischer Menschenrechtedialog","twitter_card":"summary_large_image","twitter_misc":{"Verfasst von":"Europ\u00e4ischer Menschenrechtedialog","Gesch\u00e4tzte Lesezeit":"5\u00a0Minuten"},"schema":{"@context":"https:\/\/schema.org","@graph":[{"@type":"WebSite","@id":"https:\/\/www.human-rights-year.com\/#website","url":"https:\/\/www.human-rights-year.com\/","name":"\u0415\u0432\u0440\u043e\u043f\u0435\u0439\u0441\u043a\u0438\u0439 \u043f\u0440\u0430\u0432\u043e\u0437\u0430\u0449\u0438\u0442\u043d\u044b\u0439 \u0434\u0438\u0430\u043b\u043e\u0433","description":" ","potentialAction":[{"@type":"SearchAction","target":{"@type":"EntryPoint","urlTemplate":"https:\/\/www.human-rights-year.com\/?s={search_term_string}"},"query-input":"required name=search_term_string"}],"inLanguage":"de"},{"@type":"WebPage","@id":"https:\/\/www.human-rights-year.com\/de\/2022\/08\/02\/alberto-giraldo-a-colombian-citizen-accused-of-spreading-fake-news-about-the-russian-army-is-a-political-prisoner\/","url":"https:\/\/www.human-rights-year.com\/de\/2022\/08\/02\/alberto-giraldo-a-colombian-citizen-accused-of-spreading-fake-news-about-the-russian-army-is-a-political-prisoner\/","name":"Alberto Giraldo, a Colombian citizen accused of spreading \u2018fake news\u2019 about the Russian army, is a political prisoner - Europ\u00e4ischer Menschenrechtsdialog","isPartOf":{"@id":"https:\/\/www.human-rights-year.com\/#website"},"datePublished":"2022-08-02T18:56:51+00:00","dateModified":"2022-08-23T19:03:44+00:00","author":{"@id":"https:\/\/www.human-rights-year.com\/#\/schema\/person\/c61a685c41e5101f9ea8f886f7ff8867"},"breadcrumb":{"@id":"https:\/\/www.human-rights-year.com\/de\/2022\/08\/02\/alberto-giraldo-a-colombian-citizen-accused-of-spreading-fake-news-about-the-russian-army-is-a-political-prisoner\/#breadcrumb"},"inLanguage":"de","potentialAction":[{"@type":"ReadAction","target":["https:\/\/www.human-rights-year.com\/de\/2022\/08\/02\/alberto-giraldo-a-colombian-citizen-accused-of-spreading-fake-news-about-the-russian-army-is-a-political-prisoner\/"]}]},{"@type":"BreadcrumbList","@id":"https:\/\/www.human-rights-year.com\/de\/2022\/08\/02\/alberto-giraldo-a-colombian-citizen-accused-of-spreading-fake-news-about-the-russian-army-is-a-political-prisoner\/#breadcrumb","itemListElement":[{"@type":"ListItem","position":1,"name":"\u0413\u043b\u0430\u0432\u043d\u0430\u044f \u0441\u0442\u0440\u0430\u043d\u0438\u0446\u0430","item":"https:\/\/www.human-rights-year.com\/de\/"},{"@type":"ListItem","position":2,"name":"Alberto Giraldo, a Colombian citizen accused of spreading \u2018fake news\u2019 about the Russian army, is a political prisoner"}]},{"@type":"Person","@id":"https:\/\/www.human-rights-year.com\/#\/schema\/person\/c61a685c41e5101f9ea8f886f7ff8867","name":"Europ\u00e4ischer Menschenrechtedialog","image":{"@type":"ImageObject","inLanguage":"de","@id":"https:\/\/www.human-rights-year.com\/#\/schema\/person\/image\/","url":"https:\/\/secure.gravatar.com\/avatar\/b8079c67933c0da74d24da6410334e70?s=96&d=mm&r=g","contentUrl":"https:\/\/secure.gravatar.com\/avatar\/b8079c67933c0da74d24da6410334e70?s=96&d=mm&r=g","caption":"Europ\u00e4ischer Menschenrechtedialog"},"description":"\u041f\u0440\u043e\u0435\u043a\u0442\u00a0\u00ab\u0415\u0432\u0440\u043e\u043f\u0435\u0439\u0441\u043a\u0438\u0439 \u043f\u0440\u0430\u0432\u043e\u0437\u0430\u0449\u0438\u0442\u043d\u044b\u0439 \u0434\u0438\u0430\u043b\u043e\u0433\u00bb \u0440\u0435\u0430\u043b\u0438\u0437\u0443\u0435\u0442\u0441\u044f \u043f\u0440\u0438\u00a0\u043f\u043e\u0434\u0434\u0435\u0440\u0436\u043a\u0435 \u0433\u0435\u0440\u043c\u0430\u043d\u0441\u043a\u043e\u0433\u043e \u041c\u0418\u0414\u0430. \u0421\u0438\u0442\u0443\u0430\u0446\u0438\u044f \u0441 \u043f\u043e\u043b\u0438\u0442\u0437\u0430\u043a\u043b\u044e\u0447\u0435\u043d\u043d\u044b\u043c\u0438 \u0438 \u0434\u0440\u0443\u0433\u0438\u0435 \u043f\u0440\u0430\u0432\u043e\u0437\u0430\u0449\u0438\u0442\u043d\u044b\u0435 \u043f\u0440\u043e\u0431\u043b\u0435\u043c\u044b \u0432 \u0420\u043e\u0441\u0441\u0438\u0438 \u0438 \u0411\u0435\u043b\u0430\u0440\u0443\u0441\u0438 \u0441\u0442\u0430\u043d\u043e\u0432\u044f\u0442\u0441\u044f \u0433\u043e\u0434 \u043e\u0442 \u0433\u043e\u0434\u0430 \u0432\u0441\u0435 \u043e\u0441\u0442\u0440\u0435\u0435. \u041c\u044b \u043e\u0436\u0438\u0432\u043b\u044f\u0435\u043c \u0434\u0438\u0430\u043b\u043e\u0433 \u043c\u0435\u0436\u0434\u0443 \u0440\u043e\u0441\u0441\u0438\u0439\u0441\u043a\u0438\u043c, \u0431\u0435\u043b\u0430\u0440\u0443\u0441\u0441\u043a\u0438\u043c, \u043f\u043e\u043b\u044c\u0441\u043a\u0438\u043c \u0438 \u043d\u0435\u043c\u0435\u0446\u043a\u0438\u043c \u043f\u0440\u0430\u0432\u043e\u0437\u0430\u0449\u0438\u0442\u043d\u044b\u043c \u0441\u043e\u043e\u0431\u0449\u0435\u0441\u0442\u0432\u043e\u043c \u0438 \u043d\u0430\u043b\u0430\u0436\u0438\u0432\u0430\u0435\u043c \u0438\u0445 \u043a\u043e\u043d\u0441\u0442\u0440\u0443\u043a\u0442\u0438\u0432\u043d\u043e\u0435 \u0432\u0437\u0430\u0438\u043c\u043e\u0434\u0435\u0439\u0441\u0442\u0432\u0438\u0435, \u0432\u0437\u0430\u0438\u043c\u043d\u043e\u0435 \u0438\u043d\u0444\u043e\u0440\u043c\u0438\u0440\u043e\u0432\u0430\u043d\u0438\u0435 \u0438 \u043f\u043e\u0434\u0434\u0435\u0440\u0436\u043a\u0443. \u041c\u044b \u0438\u043d\u0444\u043e\u0440\u043c\u0438\u0440\u0443\u0435\u043c \u043d\u0435\u043c\u0435\u0446\u043a\u0443\u044e \u043e\u0431\u0449\u0435\u0441\u0442\u0432\u0435\u043d\u043d\u043e\u0441\u0442\u044c \u043e \u0441\u0438\u0442\u0443\u0430\u0446\u0438\u0438 \u0441 \u0437\u0430\u0449\u0438\u0442\u043e\u0439 \u043f\u0440\u0430\u0432 \u0447\u0435\u043b\u043e\u0432\u0435\u043a\u0430 \u0432 \u0420\u043e\u0441\u0441\u0438\u0438 \u0438 \u0411\u0435\u043b\u0430\u0440\u0443\u0441\u0438, \u0430 \u0440\u043e\u0441\u0441\u0438\u0439\u0441\u043a\u0443\u044e \u0438 \u0431\u0435\u043b\u0430\u0440\u0443\u0441\u0441\u043a\u0443\u044e \u2014 \u043e \u043f\u043e\u043b\u043e\u0436\u0435\u043d\u0438\u0438 \u0432 \u044d\u0442\u043e\u0439 \u043e\u0431\u043b\u0430\u0441\u0442\u0438 \u0432 \u0413\u0435\u0440\u043c\u0430\u043d\u0438\u0438; \u0441\u043e\u0437\u0434\u0430\u0435\u043c \u043c\u0435\u0445\u0430\u043d\u0438\u0437\u043c \u043f\u043e\u0434\u0434\u0435\u0440\u0436\u043a\u0438 \u0440\u043e\u0441\u0441\u0438\u0439\u0441\u043a\u0438\u0445 \u0438 \u0431\u0435\u043b\u0430\u0440\u0443\u0441\u0441\u043a\u0438\u0445 \u043f\u0440\u0430\u0432\u043e\u0437\u0430\u0449\u0438\u0442\u043d\u0438\u043a\u043e\u0432, \u0436\u0435\u0440\u0442\u0432 \u043f\u043e\u043b\u0438\u0442\u0438\u0447\u0435\u0441\u043a\u0438\u0445 \u0440\u0435\u043f\u0440\u0435\u0441\u0441\u0438\u0439 \u0438 \u043f\u043e\u043b\u0438\u0442\u0437\u0430\u043a\u043b\u044e\u0447\u0435\u043d\u043d\u044b\u0445. \u0411\u0443\u0434\u0435\u043c \u0440\u0430\u0434\u044b \u0432\u0430\u0448\u0435\u043c\u0443 \u0443\u0447\u0430\u0441\u0442\u0438\u044e \u0432 \u0435\u0432\u0440\u043e\u043f\u0435\u0439\u0441\u043a\u043e\u043c \u043f\u0440\u0430\u0432\u043e\u0437\u0430\u0449\u0438\u0442\u043d\u043e\u043c \u0434\u0438\u0430\u043b\u043e\u0433\u0435 \u043d\u0430 \u043d\u0430\u0448\u0435\u043c \u0441\u0430\u0439\u0442\u0435 \u0438 \u0430\u043a\u043a\u0430\u0443\u043d\u0442\u0430\u0445 \u0432 \u0441\u043e\u0446\u0438\u0430\u043b\u044c\u043d\u044b\u0445 \u0441\u0435\u0442\u044f\u0445, \u0430 \u0442\u0430\u043a\u0436\u0435 \u043f\u0440\u0438\u0433\u043b\u0430\u0448\u0430\u0435\u043c \u0432\u0430\u0441 \u043f\u043e\u0434\u043f\u0438\u0441\u0430\u0442\u044c\u0441\u044f \u043d\u0430 \u0440\u0430\u0441\u0441\u044b\u043b\u043a\u0443 \u043e \u043f\u0440\u0430\u0432\u043e\u0437\u0430\u0449\u0438\u0442\u043d\u044b\u0445 \u043f\u0440\u043e\u0431\u043b\u0435\u043c\u0430\u0445\u00a0\u043f\u043e \u0441\u0441\u044b\u043b\u043a\u0435 (\u043d\u0430 \u043d\u0435\u043c\u0435\u0446\u043a\u043e\u043c \u044f\u0437\u044b\u043a\u0435).\u00a0","url":"https:\/\/www.human-rights-year.com\/de\/author\/anna-andrievskaja\/"}]}},"_links":{"self":[{"href":"https:\/\/www.human-rights-year.com\/de\/wp-json\/wp\/v2\/posts\/4512"}],"collection":[{"href":"https:\/\/www.human-rights-year.com\/de\/wp-json\/wp\/v2\/posts"}],"about":[{"href":"https:\/\/www.human-rights-year.com\/de\/wp-json\/wp\/v2\/types\/post"}],"author":[{"embeddable":true,"href":"https:\/\/www.human-rights-year.com\/de\/wp-json\/wp\/v2\/users\/33"}],"replies":[{"embeddable":true,"href":"https:\/\/www.human-rights-year.com\/de\/wp-json\/wp\/v2\/comments?post=4512"}],"version-history":[{"count":0,"href":"https:\/\/www.human-rights-year.com\/de\/wp-json\/wp\/v2\/posts\/4512\/revisions"}],"wp:featuredmedia":[{"embeddable":true,"href":"https:\/\/www.human-rights-year.com\/de\/wp-json\/wp\/v2\/media\/4513"}],"wp:attachment":[{"href":"https:\/\/www.human-rights-year.com\/de\/wp-json\/wp\/v2\/media?parent=4512"}],"wp:term":[{"taxonomy":"category","embeddable":true,"href":"https:\/\/www.human-rights-year.com\/de\/wp-json\/wp\/v2\/categories?post=4512"},{"taxonomy":"post_tag","embeddable":true,"href":"https:\/\/www.human-rights-year.com\/de\/wp-json\/wp\/v2\/tags?post=4512"}],"curies":[{"name":"wp","href":"https:\/\/api.w.org\/{rel}","templated":true}]}}