{"id":4491,"date":"2022-08-08T00:26:19","date_gmt":"2022-08-07T22:26:19","guid":{"rendered":"https:\/\/www.human-rights-year.com\/?p=4491"},"modified":"2022-08-15T00:28:40","modified_gmt":"2022-08-14T22:28:40","slug":"menschenrechte-in-russland-nachrichtenuebersicht-fuer-den-1-bis-7-august","status":"publish","type":"post","link":"https:\/\/www.human-rights-year.com\/de\/2022\/08\/08\/menschenrechte-in-russland-nachrichtenuebersicht-fuer-den-1-bis-7-august\/","title":{"rendered":"Menschenrechte in Russland: Nachrichten\u00fcbersicht f\u00fcr den 1. bis 7. August"},"content":{"rendered":"<ol>\n<li><strong>August<\/strong><\/li>\n<\/ol>\n<ul>\n<li>Gegen den in Shuya lebenden Sergej Wesselov wurde ein Strafverfahren wegen Verunglimpfung der Streitkr\u00e4fte durch die Ver\u00f6ffentlichung von Antikriegsvideos eingeleitet.<\/li>\n<li>Seit Beginn der Feindseligkeiten in der Ukraine wurden in Russland Strafverfahren gegen 44 Personen auf der Grundlage des Artikels \u00fcber Vandalismus (Artikel 214 des russischen Strafgesetzbuchs) eingeleitet. Elf von ihnen wurden wegen der Verunstaltung des Buchstabens Z angeklagt, sechs befinden sich in Untersuchungshaft.<\/li>\n<li>Die Staatsanwaltschaft forderte den Woronescher Aktivisten Grigorij Sewerin wegen eines VK-Posts zu 2,5 Jahren Haft auf.<\/li>\n<\/ul>\n<ol start=\"2\">\n<li><strong>August<\/strong><\/li>\n<\/ol>\n<ul>\n<li>In Tula wurde ein Strafverfahren gegen den 38-j\u00e4hrigen Andrej Pawlow eingeleitet, weil er in sozialen Netzwerken einen Artikel ver\u00f6ffentlicht hat, der die russische Armee diskreditiert.<\/li>\n<li>In der Region Krasnojarsk wurde ein Strafverfahren gegen einen Einwohner von Zhelesnogorsk eingeleitet, der versucht hatte, den Buchstaben &#8222;Z&#8220; auf einem Transparent zu \u00fcbermalen. Roman Balyassin wird beschuldigt, einen FSB-Beamten in Zivil, der ihn angegriffen hatte, mit Gewalt angegriffen zu haben.<\/li>\n<li>In Norilsk wurde ein weiteres Verfahren gegen die an der Verbrennung des St.-Georgs-Bandes beteiligte Person eingeleitet &#8211; wegen Aufstachelung zum Terrorismus. Die Ermittlungen gehen davon aus, dass der junge Mann ein Anh\u00e4nger des &#8222;radikalen ukrainischen Nationalismus&#8220; ist.<\/li>\n<li>Ein Gericht in Moskau verurteilte den Erfinder des Projekts &#8222;Polizei-Ombudsmann&#8220;, Wladimir Woronzow, wegen Erpressung, Pornografie und Beleidigung eines Regierungsbeamten zu f\u00fcnf Jahren Haft in einer allgemeinen Strafkolonie. Worontsow wurde auch der Rang eines Polizeimajors aberkannt.<\/li>\n<\/ul>\n<ol start=\"3\">\n<li><strong>August<\/strong><\/li>\n<\/ol>\n<ul>\n<li>Alexey Schitik, ein Journalist und Politiker aus Tomsk, wurde wegen Fake News \u00fcber die russische Armee angeklagt. Er befindet sich au\u00dferhalb Russlands.<\/li>\n<li>In Toljatti wurde ein Verfahren wegen Vandalismus eingeleitet, weil Transparente verunstaltet wurden, auf denen Milit\u00e4rangeh\u00f6rige der russischen Invasion in der Ukraine abgebildet waren. Den Ermittlungen zufolge hat der 46-j\u00e4hrige Aleksey Arbusenko sie mit Farbe \u00fcbergossen und sie mit &#8222;zynischen&#8220; Inschriften versehen.<\/li>\n<li>Bei dem Medienmanager Ilya Krassilshchik, der beschuldigt wird, Fake News \u00fcber die Armee zu verbreiten, wurden seine Konten in Russland f\u00fcr eineinhalb Millionen Rubel beschlagnahmt.<\/li>\n<\/ul>\n<ol start=\"4\">\n<li><strong>August<\/strong><\/li>\n<\/ol>\n<ul>\n<li>Der Journalist und Oppositionspolitiker Wladimir Kara-Murza wurde wegen Aktivit\u00e4ten einer &#8222;unerw\u00fcnschten&#8220; Organisation angeklagt ( Artikel 284 Abs.1 des russischen Strafgesetzbuches). Kara-Murza wird vorgeworfen, eine Konferenz \u00fcber russische politische Gefangene organisiert und geleitet zu haben, die am 27. Oktober 2021 in Moskau stattfand. Nach Angaben der Staatsanwaltschaft wurde die Veranstaltung mit Geldern der Nichtregierungsorganisation Free Russia Foundation durchgef\u00fchrt.<\/li>\n<li>Ein Gericht in Pensa verurteilte die Englischlehrerin Irina Gen im Fall der &#8222;Fake News&#8220;, der nach einer Denunziation durch Sch\u00fcler eingeleitet worden war, zu f\u00fcnf Jahren auf Bew\u00e4hrung.<\/li>\n<li>Das Innenministerium hat die Abgeordnete des Stadtrates von Nowosibirsk, Helga Pirogowa, wegen diverser Fake News auf die Fahndungsliste gesetzt. Nach ihren Helfern Ekaterina Aleksandrowa und Wladimir Arzhanow wird ebenfalls gefahndet.<\/li>\n<li>Der Untersuchungsausschuss er\u00f6ffnete einen Fall zur Rehabilitierung des Nationalsozialismus in Ulan-Ude: Unbekannte l\u00f6schten die Ewige Flamme im Siegesdenkmalpark.<\/li>\n<li>Ein Gericht in Tjumen verurteilte Anton Schamonow zu einer sechsmonatigen Haftstrafe in einem Fall von &#8222;Fake News&#8220; wegen Kommentaren auf VK.<\/li>\n<li>Kirill Lewtschenko, ein ehemaliger Kandidat f\u00fcr den Stadtrat von Berdsk, wird in einem Fall von &#8222;Fake News&#8220; gesucht.<\/li>\n<li>Das Gericht in Chimki hat die amerikanische Basketballspielerin Brittney Griner in einem Fall von Drogenschmuggel zu neun Jahren Gef\u00e4ngnis verurteilt: Bei einer Durchsuchung wurden in ihrem Gep\u00e4ck angeblich Haschisch\u00f6l-Patronen gefunden.<\/li>\n<li>Zehn Muslime in Tjumen wurden in einem Fall, an dem die Organisation Hizb ut-Tahrir beteiligt war, zu Haftstrafen zwischen 11 und 18 Jahren verurteilt.<\/li>\n<li>Den drei Krim-Anw\u00e4lten Lilya Gemeji, Rustem Kamylew und Nazim Sheikhmambetow wurde ihr Berufsstatus aberkannt. Alle drei waren als Strafverteidiger in zahlreichen Strafverfahren gegen Mitglieder der Hizb ut-Tahrir t\u00e4tig.<\/li>\n<\/ul>\n<ol start=\"5\">\n<li><strong>August<\/strong><\/li>\n<\/ol>\n<ul>\n<li>Kirill Beloussow, ein 24-j\u00e4hriger Mitarbeiter des E-Zentrums, der wegen kriegsfeindlicher Ver\u00f6ffentlichungen kein Denunziationsverfahren eingeleitet hat, wurde vom Innenministerium der Region Nischni Nowgorod entlassen.<\/li>\n<li>Alexander Shiplyuk, ein Wissenschaftler aus Novosibirsk und Direktor des Instituts f\u00fcr Theoretische und Angewandte Mechanik (ITPM) der Sibirischen Abteilung (SB) der Russischen Akademie der Wissenschaften, wurde unter dem Vorwurf des Hochverrats verhaftet. Dies ist der dritte Wissenschaftler, der in diesem Sommer in Nowosibirsk verhaftet wurde.<\/li>\n<li>Das Gericht verurteilte den Zeugen Jehovas aus der Region Krasnojarsk, Alexander Kabanow, zu einer Freiheitsstrafe von 2,5 Jahren auf Bew\u00e4hrung.<\/li>\n<\/ul>\n<ol start=\"6\">\n<li><strong>August<\/strong><\/li>\n<\/ol>\n<ul>\n<li>Das Gericht in Tscherkessk verhaftete einen Anh\u00e4nger des Rechten Sektors, den der FSB der Vorbereitung terroristischer Handlungen in den Geb\u00e4uden der Staatsanwaltschaft und des Milit\u00e4rischen Registrierungs- und Rekrutierungsb\u00fcros beschuldigte ( \u00a7 205 Teil 1 Artikel 30, Satz 2 (a) des russischen Strafgesetzbuches).<\/li>\n<li>In Kertsch wurde ein 26-j\u00e4hriger Anwohner wegen &#8222;Sch\u00e4ndung&#8220; der Ewigen Flamme angeklagt, weil er auf dem Sockel getanzt und einen Kranz ins Feuer geworfen hatte.<\/li>\n<\/ul>\n<ol start=\"7\">\n<li><strong>August<\/strong><\/li>\n<\/ol>\n<ul>\n<li>Roskomnadzor (F\u00f6deraler Dienst f\u00fcr die Aufsicht im Bereich der Kommunikation, Informationstechnologie und Massenkommunikation) hat Patreon und Grammarly in Russland auf Antrag der Generalstaatsanwaltschaft gesperrt.<\/li>\n<\/ul>\n<p><em>Bild: Adobe Stock<\/em><\/p>\n","protected":false},"excerpt":{"rendered":"<p>August Gegen den in Shuya lebenden Sergej Wesselov wurde ein Strafverfahren wegen Verunglimpfung der Streitkr\u00e4fte durch die Ver\u00f6ffentlichung von Antikriegsvideos eingeleitet. Seit Beginn der Feindseligkeiten<\/p>\n","protected":false},"author":33,"featured_media":4492,"comment_status":"closed","ping_status":"open","sticky":false,"template":"","format":"standard","meta":[],"categories":[17,20,433,429,12],"tags":[],"yoast_head":"<!-- This site is optimized with the Yoast SEO plugin v19.4 - https:\/\/yoast.com\/wordpress\/plugins\/seo\/ -->\n<title>Menschenrechte in Russland: Nachrichten\u00fcbersicht f\u00fcr den 1. bis 7. August - Europ\u00e4ischer Menschenrechtsdialog<\/title>\n<meta name=\"robots\" content=\"index, follow, max-snippet:-1, max-image-preview:large, max-video-preview:-1\" \/>\n<link rel=\"canonical\" href=\"https:\/\/www.human-rights-year.com\/de\/2022\/08\/08\/menschenrechte-in-russland-nachrichtenuebersicht-fuer-den-1-bis-7-august\/\" \/>\n<meta property=\"og:locale\" content=\"de_DE\" \/>\n<meta property=\"og:type\" content=\"article\" \/>\n<meta property=\"og:title\" content=\"Menschenrechte in Russland: Nachrichten\u00fcbersicht f\u00fcr den 1. bis 7. August - Europ\u00e4ischer Menschenrechtsdialog\" \/>\n<meta property=\"og:description\" content=\"August Gegen den in Shuya lebenden Sergej Wesselov wurde ein Strafverfahren wegen Verunglimpfung der Streitkr\u00e4fte durch die Ver\u00f6ffentlichung von Antikriegsvideos eingeleitet. Seit Beginn der Feindseligkeiten\" \/>\n<meta property=\"og:url\" content=\"https:\/\/www.human-rights-year.com\/de\/2022\/08\/08\/menschenrechte-in-russland-nachrichtenuebersicht-fuer-den-1-bis-7-august\/\" \/>\n<meta property=\"og:site_name\" content=\"Europ\u00e4ischer Menschenrechtsdialog\" \/>\n<meta property=\"article:published_time\" content=\"2022-08-07T22:26:19+00:00\" \/>\n<meta property=\"article:modified_time\" content=\"2022-08-14T22:28:40+00:00\" \/>\n<meta property=\"og:image\" content=\"https:\/\/www.human-rights-year.com\/wp-content\/uploads\/2022\/08\/adobestock_436241593-1-scaled.jpeg\" \/>\n\t<meta property=\"og:image:width\" content=\"2560\" \/>\n\t<meta property=\"og:image:height\" content=\"1280\" \/>\n\t<meta property=\"og:image:type\" content=\"image\/jpeg\" \/>\n<meta name=\"author\" content=\"Europ\u00e4ischer Menschenrechtedialog\" \/>\n<meta name=\"twitter:card\" content=\"summary_large_image\" \/>\n<meta name=\"twitter:label1\" content=\"Verfasst von\" \/>\n\t<meta name=\"twitter:data1\" content=\"Europ\u00e4ischer Menschenrechtedialog\" \/>\n\t<meta name=\"twitter:label2\" content=\"Gesch\u00e4tzte Lesezeit\" \/>\n\t<meta name=\"twitter:data2\" content=\"5\u00a0Minuten\" \/>\n<script type=\"application\/ld+json\" class=\"yoast-schema-graph\">{\"@context\":\"https:\/\/schema.org\",\"@graph\":[{\"@type\":\"WebSite\",\"@id\":\"https:\/\/www.human-rights-year.com\/#website\",\"url\":\"https:\/\/www.human-rights-year.com\/\",\"name\":\"\u0415\u0432\u0440\u043e\u043f\u0435\u0439\u0441\u043a\u0438\u0439 \u043f\u0440\u0430\u0432\u043e\u0437\u0430\u0449\u0438\u0442\u043d\u044b\u0439 \u0434\u0438\u0430\u043b\u043e\u0433\",\"description\":\" \",\"potentialAction\":[{\"@type\":\"SearchAction\",\"target\":{\"@type\":\"EntryPoint\",\"urlTemplate\":\"https:\/\/www.human-rights-year.com\/?s={search_term_string}\"},\"query-input\":\"required name=search_term_string\"}],\"inLanguage\":\"de\"},{\"@type\":\"WebPage\",\"@id\":\"https:\/\/www.human-rights-year.com\/de\/2022\/08\/08\/menschenrechte-in-russland-nachrichtenuebersicht-fuer-den-1-bis-7-august\/\",\"url\":\"https:\/\/www.human-rights-year.com\/de\/2022\/08\/08\/menschenrechte-in-russland-nachrichtenuebersicht-fuer-den-1-bis-7-august\/\",\"name\":\"Menschenrechte in Russland: Nachrichten\u00fcbersicht f\u00fcr den 1. bis 7. August - Europ\u00e4ischer Menschenrechtsdialog\",\"isPartOf\":{\"@id\":\"https:\/\/www.human-rights-year.com\/#website\"},\"datePublished\":\"2022-08-07T22:26:19+00:00\",\"dateModified\":\"2022-08-14T22:28:40+00:00\",\"author\":{\"@id\":\"https:\/\/www.human-rights-year.com\/#\/schema\/person\/c61a685c41e5101f9ea8f886f7ff8867\"},\"breadcrumb\":{\"@id\":\"https:\/\/www.human-rights-year.com\/de\/2022\/08\/08\/menschenrechte-in-russland-nachrichtenuebersicht-fuer-den-1-bis-7-august\/#breadcrumb\"},\"inLanguage\":\"de\",\"potentialAction\":[{\"@type\":\"ReadAction\",\"target\":[\"https:\/\/www.human-rights-year.com\/de\/2022\/08\/08\/menschenrechte-in-russland-nachrichtenuebersicht-fuer-den-1-bis-7-august\/\"]}]},{\"@type\":\"BreadcrumbList\",\"@id\":\"https:\/\/www.human-rights-year.com\/de\/2022\/08\/08\/menschenrechte-in-russland-nachrichtenuebersicht-fuer-den-1-bis-7-august\/#breadcrumb\",\"itemListElement\":[{\"@type\":\"ListItem\",\"position\":1,\"name\":\"\u0413\u043b\u0430\u0432\u043d\u0430\u044f \u0441\u0442\u0440\u0430\u043d\u0438\u0446\u0430\",\"item\":\"https:\/\/www.human-rights-year.com\/de\/\"},{\"@type\":\"ListItem\",\"position\":2,\"name\":\"Menschenrechte in Russland: Nachrichten\u00fcbersicht f\u00fcr den 1. bis 7. August\"}]},{\"@type\":\"Person\",\"@id\":\"https:\/\/www.human-rights-year.com\/#\/schema\/person\/c61a685c41e5101f9ea8f886f7ff8867\",\"name\":\"Europ\u00e4ischer Menschenrechtedialog\",\"image\":{\"@type\":\"ImageObject\",\"inLanguage\":\"de\",\"@id\":\"https:\/\/www.human-rights-year.com\/#\/schema\/person\/image\/\",\"url\":\"https:\/\/secure.gravatar.com\/avatar\/b8079c67933c0da74d24da6410334e70?s=96&d=mm&r=g\",\"contentUrl\":\"https:\/\/secure.gravatar.com\/avatar\/b8079c67933c0da74d24da6410334e70?s=96&d=mm&r=g\",\"caption\":\"Europ\u00e4ischer Menschenrechtedialog\"},\"description\":\"\u041f\u0440\u043e\u0435\u043a\u0442\u00a0\u00ab\u0415\u0432\u0440\u043e\u043f\u0435\u0439\u0441\u043a\u0438\u0439 \u043f\u0440\u0430\u0432\u043e\u0437\u0430\u0449\u0438\u0442\u043d\u044b\u0439 \u0434\u0438\u0430\u043b\u043e\u0433\u00bb \u0440\u0435\u0430\u043b\u0438\u0437\u0443\u0435\u0442\u0441\u044f \u043f\u0440\u0438\u00a0\u043f\u043e\u0434\u0434\u0435\u0440\u0436\u043a\u0435 \u0433\u0435\u0440\u043c\u0430\u043d\u0441\u043a\u043e\u0433\u043e \u041c\u0418\u0414\u0430. \u0421\u0438\u0442\u0443\u0430\u0446\u0438\u044f \u0441 \u043f\u043e\u043b\u0438\u0442\u0437\u0430\u043a\u043b\u044e\u0447\u0435\u043d\u043d\u044b\u043c\u0438 \u0438 \u0434\u0440\u0443\u0433\u0438\u0435 \u043f\u0440\u0430\u0432\u043e\u0437\u0430\u0449\u0438\u0442\u043d\u044b\u0435 \u043f\u0440\u043e\u0431\u043b\u0435\u043c\u044b \u0432 \u0420\u043e\u0441\u0441\u0438\u0438 \u0438 \u0411\u0435\u043b\u0430\u0440\u0443\u0441\u0438 \u0441\u0442\u0430\u043d\u043e\u0432\u044f\u0442\u0441\u044f \u0433\u043e\u0434 \u043e\u0442 \u0433\u043e\u0434\u0430 \u0432\u0441\u0435 \u043e\u0441\u0442\u0440\u0435\u0435. \u041c\u044b \u043e\u0436\u0438\u0432\u043b\u044f\u0435\u043c \u0434\u0438\u0430\u043b\u043e\u0433 \u043c\u0435\u0436\u0434\u0443 \u0440\u043e\u0441\u0441\u0438\u0439\u0441\u043a\u0438\u043c, \u0431\u0435\u043b\u0430\u0440\u0443\u0441\u0441\u043a\u0438\u043c, \u043f\u043e\u043b\u044c\u0441\u043a\u0438\u043c \u0438 \u043d\u0435\u043c\u0435\u0446\u043a\u0438\u043c \u043f\u0440\u0430\u0432\u043e\u0437\u0430\u0449\u0438\u0442\u043d\u044b\u043c \u0441\u043e\u043e\u0431\u0449\u0435\u0441\u0442\u0432\u043e\u043c \u0438 \u043d\u0430\u043b\u0430\u0436\u0438\u0432\u0430\u0435\u043c \u0438\u0445 \u043a\u043e\u043d\u0441\u0442\u0440\u0443\u043a\u0442\u0438\u0432\u043d\u043e\u0435 \u0432\u0437\u0430\u0438\u043c\u043e\u0434\u0435\u0439\u0441\u0442\u0432\u0438\u0435, \u0432\u0437\u0430\u0438\u043c\u043d\u043e\u0435 \u0438\u043d\u0444\u043e\u0440\u043c\u0438\u0440\u043e\u0432\u0430\u043d\u0438\u0435 \u0438 \u043f\u043e\u0434\u0434\u0435\u0440\u0436\u043a\u0443. \u041c\u044b \u0438\u043d\u0444\u043e\u0440\u043c\u0438\u0440\u0443\u0435\u043c \u043d\u0435\u043c\u0435\u0446\u043a\u0443\u044e \u043e\u0431\u0449\u0435\u0441\u0442\u0432\u0435\u043d\u043d\u043e\u0441\u0442\u044c \u043e \u0441\u0438\u0442\u0443\u0430\u0446\u0438\u0438 \u0441 \u0437\u0430\u0449\u0438\u0442\u043e\u0439 \u043f\u0440\u0430\u0432 \u0447\u0435\u043b\u043e\u0432\u0435\u043a\u0430 \u0432 \u0420\u043e\u0441\u0441\u0438\u0438 \u0438 \u0411\u0435\u043b\u0430\u0440\u0443\u0441\u0438, \u0430 \u0440\u043e\u0441\u0441\u0438\u0439\u0441\u043a\u0443\u044e \u0438 \u0431\u0435\u043b\u0430\u0440\u0443\u0441\u0441\u043a\u0443\u044e \u2014 \u043e \u043f\u043e\u043b\u043e\u0436\u0435\u043d\u0438\u0438 \u0432 \u044d\u0442\u043e\u0439 \u043e\u0431\u043b\u0430\u0441\u0442\u0438 \u0432 \u0413\u0435\u0440\u043c\u0430\u043d\u0438\u0438; \u0441\u043e\u0437\u0434\u0430\u0435\u043c \u043c\u0435\u0445\u0430\u043d\u0438\u0437\u043c \u043f\u043e\u0434\u0434\u0435\u0440\u0436\u043a\u0438 \u0440\u043e\u0441\u0441\u0438\u0439\u0441\u043a\u0438\u0445 \u0438 \u0431\u0435\u043b\u0430\u0440\u0443\u0441\u0441\u043a\u0438\u0445 \u043f\u0440\u0430\u0432\u043e\u0437\u0430\u0449\u0438\u0442\u043d\u0438\u043a\u043e\u0432, \u0436\u0435\u0440\u0442\u0432 \u043f\u043e\u043b\u0438\u0442\u0438\u0447\u0435\u0441\u043a\u0438\u0445 \u0440\u0435\u043f\u0440\u0435\u0441\u0441\u0438\u0439 \u0438 \u043f\u043e\u043b\u0438\u0442\u0437\u0430\u043a\u043b\u044e\u0447\u0435\u043d\u043d\u044b\u0445. \u0411\u0443\u0434\u0435\u043c \u0440\u0430\u0434\u044b \u0432\u0430\u0448\u0435\u043c\u0443 \u0443\u0447\u0430\u0441\u0442\u0438\u044e \u0432 \u0435\u0432\u0440\u043e\u043f\u0435\u0439\u0441\u043a\u043e\u043c \u043f\u0440\u0430\u0432\u043e\u0437\u0430\u0449\u0438\u0442\u043d\u043e\u043c \u0434\u0438\u0430\u043b\u043e\u0433\u0435 \u043d\u0430 \u043d\u0430\u0448\u0435\u043c \u0441\u0430\u0439\u0442\u0435 \u0438 \u0430\u043a\u043a\u0430\u0443\u043d\u0442\u0430\u0445 \u0432 \u0441\u043e\u0446\u0438\u0430\u043b\u044c\u043d\u044b\u0445 \u0441\u0435\u0442\u044f\u0445, \u0430 \u0442\u0430\u043a\u0436\u0435 \u043f\u0440\u0438\u0433\u043b\u0430\u0448\u0430\u0435\u043c \u0432\u0430\u0441 \u043f\u043e\u0434\u043f\u0438\u0441\u0430\u0442\u044c\u0441\u044f \u043d\u0430 \u0440\u0430\u0441\u0441\u044b\u043b\u043a\u0443 \u043e \u043f\u0440\u0430\u0432\u043e\u0437\u0430\u0449\u0438\u0442\u043d\u044b\u0445 \u043f\u0440\u043e\u0431\u043b\u0435\u043c\u0430\u0445\u00a0\u043f\u043e \u0441\u0441\u044b\u043b\u043a\u0435 (\u043d\u0430 \u043d\u0435\u043c\u0435\u0446\u043a\u043e\u043c \u044f\u0437\u044b\u043a\u0435).\u00a0\",\"url\":\"https:\/\/www.human-rights-year.com\/de\/author\/anna-andrievskaja\/\"}]}<\/script>\n<!-- \/ Yoast SEO plugin. -->","yoast_head_json":{"title":"Menschenrechte in Russland: Nachrichten\u00fcbersicht f\u00fcr den 1. bis 7. August - Europ\u00e4ischer Menschenrechtsdialog","robots":{"index":"index","follow":"follow","max-snippet":"max-snippet:-1","max-image-preview":"max-image-preview:large","max-video-preview":"max-video-preview:-1"},"canonical":"https:\/\/www.human-rights-year.com\/de\/2022\/08\/08\/menschenrechte-in-russland-nachrichtenuebersicht-fuer-den-1-bis-7-august\/","og_locale":"de_DE","og_type":"article","og_title":"Menschenrechte in Russland: Nachrichten\u00fcbersicht f\u00fcr den 1. bis 7. August - Europ\u00e4ischer Menschenrechtsdialog","og_description":"August Gegen den in Shuya lebenden Sergej Wesselov wurde ein Strafverfahren wegen Verunglimpfung der Streitkr\u00e4fte durch die Ver\u00f6ffentlichung von Antikriegsvideos eingeleitet. Seit Beginn der Feindseligkeiten","og_url":"https:\/\/www.human-rights-year.com\/de\/2022\/08\/08\/menschenrechte-in-russland-nachrichtenuebersicht-fuer-den-1-bis-7-august\/","og_site_name":"Europ\u00e4ischer Menschenrechtsdialog","article_published_time":"2022-08-07T22:26:19+00:00","article_modified_time":"2022-08-14T22:28:40+00:00","og_image":[{"width":2560,"height":1280,"url":"https:\/\/www.human-rights-year.com\/wp-content\/uploads\/2022\/08\/adobestock_436241593-1-scaled.jpeg","type":"image\/jpeg"}],"author":"Europ\u00e4ischer Menschenrechtedialog","twitter_card":"summary_large_image","twitter_misc":{"Verfasst von":"Europ\u00e4ischer Menschenrechtedialog","Gesch\u00e4tzte Lesezeit":"5\u00a0Minuten"},"schema":{"@context":"https:\/\/schema.org","@graph":[{"@type":"WebSite","@id":"https:\/\/www.human-rights-year.com\/#website","url":"https:\/\/www.human-rights-year.com\/","name":"\u0415\u0432\u0440\u043e\u043f\u0435\u0439\u0441\u043a\u0438\u0439 \u043f\u0440\u0430\u0432\u043e\u0437\u0430\u0449\u0438\u0442\u043d\u044b\u0439 \u0434\u0438\u0430\u043b\u043e\u0433","description":" ","potentialAction":[{"@type":"SearchAction","target":{"@type":"EntryPoint","urlTemplate":"https:\/\/www.human-rights-year.com\/?s={search_term_string}"},"query-input":"required name=search_term_string"}],"inLanguage":"de"},{"@type":"WebPage","@id":"https:\/\/www.human-rights-year.com\/de\/2022\/08\/08\/menschenrechte-in-russland-nachrichtenuebersicht-fuer-den-1-bis-7-august\/","url":"https:\/\/www.human-rights-year.com\/de\/2022\/08\/08\/menschenrechte-in-russland-nachrichtenuebersicht-fuer-den-1-bis-7-august\/","name":"Menschenrechte in Russland: Nachrichten\u00fcbersicht f\u00fcr den 1. bis 7. August - Europ\u00e4ischer Menschenrechtsdialog","isPartOf":{"@id":"https:\/\/www.human-rights-year.com\/#website"},"datePublished":"2022-08-07T22:26:19+00:00","dateModified":"2022-08-14T22:28:40+00:00","author":{"@id":"https:\/\/www.human-rights-year.com\/#\/schema\/person\/c61a685c41e5101f9ea8f886f7ff8867"},"breadcrumb":{"@id":"https:\/\/www.human-rights-year.com\/de\/2022\/08\/08\/menschenrechte-in-russland-nachrichtenuebersicht-fuer-den-1-bis-7-august\/#breadcrumb"},"inLanguage":"de","potentialAction":[{"@type":"ReadAction","target":["https:\/\/www.human-rights-year.com\/de\/2022\/08\/08\/menschenrechte-in-russland-nachrichtenuebersicht-fuer-den-1-bis-7-august\/"]}]},{"@type":"BreadcrumbList","@id":"https:\/\/www.human-rights-year.com\/de\/2022\/08\/08\/menschenrechte-in-russland-nachrichtenuebersicht-fuer-den-1-bis-7-august\/#breadcrumb","itemListElement":[{"@type":"ListItem","position":1,"name":"\u0413\u043b\u0430\u0432\u043d\u0430\u044f \u0441\u0442\u0440\u0430\u043d\u0438\u0446\u0430","item":"https:\/\/www.human-rights-year.com\/de\/"},{"@type":"ListItem","position":2,"name":"Menschenrechte in Russland: Nachrichten\u00fcbersicht f\u00fcr den 1. bis 7. August"}]},{"@type":"Person","@id":"https:\/\/www.human-rights-year.com\/#\/schema\/person\/c61a685c41e5101f9ea8f886f7ff8867","name":"Europ\u00e4ischer Menschenrechtedialog","image":{"@type":"ImageObject","inLanguage":"de","@id":"https:\/\/www.human-rights-year.com\/#\/schema\/person\/image\/","url":"https:\/\/secure.gravatar.com\/avatar\/b8079c67933c0da74d24da6410334e70?s=96&d=mm&r=g","contentUrl":"https:\/\/secure.gravatar.com\/avatar\/b8079c67933c0da74d24da6410334e70?s=96&d=mm&r=g","caption":"Europ\u00e4ischer Menschenrechtedialog"},"description":"\u041f\u0440\u043e\u0435\u043a\u0442\u00a0\u00ab\u0415\u0432\u0440\u043e\u043f\u0435\u0439\u0441\u043a\u0438\u0439 \u043f\u0440\u0430\u0432\u043e\u0437\u0430\u0449\u0438\u0442\u043d\u044b\u0439 \u0434\u0438\u0430\u043b\u043e\u0433\u00bb \u0440\u0435\u0430\u043b\u0438\u0437\u0443\u0435\u0442\u0441\u044f \u043f\u0440\u0438\u00a0\u043f\u043e\u0434\u0434\u0435\u0440\u0436\u043a\u0435 \u0433\u0435\u0440\u043c\u0430\u043d\u0441\u043a\u043e\u0433\u043e \u041c\u0418\u0414\u0430. \u0421\u0438\u0442\u0443\u0430\u0446\u0438\u044f \u0441 \u043f\u043e\u043b\u0438\u0442\u0437\u0430\u043a\u043b\u044e\u0447\u0435\u043d\u043d\u044b\u043c\u0438 \u0438 \u0434\u0440\u0443\u0433\u0438\u0435 \u043f\u0440\u0430\u0432\u043e\u0437\u0430\u0449\u0438\u0442\u043d\u044b\u0435 \u043f\u0440\u043e\u0431\u043b\u0435\u043c\u044b \u0432 \u0420\u043e\u0441\u0441\u0438\u0438 \u0438 \u0411\u0435\u043b\u0430\u0440\u0443\u0441\u0438 \u0441\u0442\u0430\u043d\u043e\u0432\u044f\u0442\u0441\u044f \u0433\u043e\u0434 \u043e\u0442 \u0433\u043e\u0434\u0430 \u0432\u0441\u0435 \u043e\u0441\u0442\u0440\u0435\u0435. \u041c\u044b \u043e\u0436\u0438\u0432\u043b\u044f\u0435\u043c \u0434\u0438\u0430\u043b\u043e\u0433 \u043c\u0435\u0436\u0434\u0443 \u0440\u043e\u0441\u0441\u0438\u0439\u0441\u043a\u0438\u043c, \u0431\u0435\u043b\u0430\u0440\u0443\u0441\u0441\u043a\u0438\u043c, \u043f\u043e\u043b\u044c\u0441\u043a\u0438\u043c \u0438 \u043d\u0435\u043c\u0435\u0446\u043a\u0438\u043c \u043f\u0440\u0430\u0432\u043e\u0437\u0430\u0449\u0438\u0442\u043d\u044b\u043c \u0441\u043e\u043e\u0431\u0449\u0435\u0441\u0442\u0432\u043e\u043c \u0438 \u043d\u0430\u043b\u0430\u0436\u0438\u0432\u0430\u0435\u043c \u0438\u0445 \u043a\u043e\u043d\u0441\u0442\u0440\u0443\u043a\u0442\u0438\u0432\u043d\u043e\u0435 \u0432\u0437\u0430\u0438\u043c\u043e\u0434\u0435\u0439\u0441\u0442\u0432\u0438\u0435, \u0432\u0437\u0430\u0438\u043c\u043d\u043e\u0435 \u0438\u043d\u0444\u043e\u0440\u043c\u0438\u0440\u043e\u0432\u0430\u043d\u0438\u0435 \u0438 \u043f\u043e\u0434\u0434\u0435\u0440\u0436\u043a\u0443. \u041c\u044b \u0438\u043d\u0444\u043e\u0440\u043c\u0438\u0440\u0443\u0435\u043c \u043d\u0435\u043c\u0435\u0446\u043a\u0443\u044e \u043e\u0431\u0449\u0435\u0441\u0442\u0432\u0435\u043d\u043d\u043e\u0441\u0442\u044c \u043e \u0441\u0438\u0442\u0443\u0430\u0446\u0438\u0438 \u0441 \u0437\u0430\u0449\u0438\u0442\u043e\u0439 \u043f\u0440\u0430\u0432 \u0447\u0435\u043b\u043e\u0432\u0435\u043a\u0430 \u0432 \u0420\u043e\u0441\u0441\u0438\u0438 \u0438 \u0411\u0435\u043b\u0430\u0440\u0443\u0441\u0438, \u0430 \u0440\u043e\u0441\u0441\u0438\u0439\u0441\u043a\u0443\u044e \u0438 \u0431\u0435\u043b\u0430\u0440\u0443\u0441\u0441\u043a\u0443\u044e \u2014 \u043e \u043f\u043e\u043b\u043e\u0436\u0435\u043d\u0438\u0438 \u0432 \u044d\u0442\u043e\u0439 \u043e\u0431\u043b\u0430\u0441\u0442\u0438 \u0432 \u0413\u0435\u0440\u043c\u0430\u043d\u0438\u0438; \u0441\u043e\u0437\u0434\u0430\u0435\u043c \u043c\u0435\u0445\u0430\u043d\u0438\u0437\u043c \u043f\u043e\u0434\u0434\u0435\u0440\u0436\u043a\u0438 \u0440\u043e\u0441\u0441\u0438\u0439\u0441\u043a\u0438\u0445 \u0438 \u0431\u0435\u043b\u0430\u0440\u0443\u0441\u0441\u043a\u0438\u0445 \u043f\u0440\u0430\u0432\u043e\u0437\u0430\u0449\u0438\u0442\u043d\u0438\u043a\u043e\u0432, \u0436\u0435\u0440\u0442\u0432 \u043f\u043e\u043b\u0438\u0442\u0438\u0447\u0435\u0441\u043a\u0438\u0445 \u0440\u0435\u043f\u0440\u0435\u0441\u0441\u0438\u0439 \u0438 \u043f\u043e\u043b\u0438\u0442\u0437\u0430\u043a\u043b\u044e\u0447\u0435\u043d\u043d\u044b\u0445. \u0411\u0443\u0434\u0435\u043c \u0440\u0430\u0434\u044b \u0432\u0430\u0448\u0435\u043c\u0443 \u0443\u0447\u0430\u0441\u0442\u0438\u044e \u0432 \u0435\u0432\u0440\u043e\u043f\u0435\u0439\u0441\u043a\u043e\u043c \u043f\u0440\u0430\u0432\u043e\u0437\u0430\u0449\u0438\u0442\u043d\u043e\u043c \u0434\u0438\u0430\u043b\u043e\u0433\u0435 \u043d\u0430 \u043d\u0430\u0448\u0435\u043c \u0441\u0430\u0439\u0442\u0435 \u0438 \u0430\u043a\u043a\u0430\u0443\u043d\u0442\u0430\u0445 \u0432 \u0441\u043e\u0446\u0438\u0430\u043b\u044c\u043d\u044b\u0445 \u0441\u0435\u0442\u044f\u0445, \u0430 \u0442\u0430\u043a\u0436\u0435 \u043f\u0440\u0438\u0433\u043b\u0430\u0448\u0430\u0435\u043c \u0432\u0430\u0441 \u043f\u043e\u0434\u043f\u0438\u0441\u0430\u0442\u044c\u0441\u044f \u043d\u0430 \u0440\u0430\u0441\u0441\u044b\u043b\u043a\u0443 \u043e \u043f\u0440\u0430\u0432\u043e\u0437\u0430\u0449\u0438\u0442\u043d\u044b\u0445 \u043f\u0440\u043e\u0431\u043b\u0435\u043c\u0430\u0445\u00a0\u043f\u043e \u0441\u0441\u044b\u043b\u043a\u0435 (\u043d\u0430 \u043d\u0435\u043c\u0435\u0446\u043a\u043e\u043c \u044f\u0437\u044b\u043a\u0435).\u00a0","url":"https:\/\/www.human-rights-year.com\/de\/author\/anna-andrievskaja\/"}]}},"_links":{"self":[{"href":"https:\/\/www.human-rights-year.com\/de\/wp-json\/wp\/v2\/posts\/4491"}],"collection":[{"href":"https:\/\/www.human-rights-year.com\/de\/wp-json\/wp\/v2\/posts"}],"about":[{"href":"https:\/\/www.human-rights-year.com\/de\/wp-json\/wp\/v2\/types\/post"}],"author":[{"embeddable":true,"href":"https:\/\/www.human-rights-year.com\/de\/wp-json\/wp\/v2\/users\/33"}],"replies":[{"embeddable":true,"href":"https:\/\/www.human-rights-year.com\/de\/wp-json\/wp\/v2\/comments?post=4491"}],"version-history":[{"count":0,"href":"https:\/\/www.human-rights-year.com\/de\/wp-json\/wp\/v2\/posts\/4491\/revisions"}],"wp:featuredmedia":[{"embeddable":true,"href":"https:\/\/www.human-rights-year.com\/de\/wp-json\/wp\/v2\/media\/4492"}],"wp:attachment":[{"href":"https:\/\/www.human-rights-year.com\/de\/wp-json\/wp\/v2\/media?parent=4491"}],"wp:term":[{"taxonomy":"category","embeddable":true,"href":"https:\/\/www.human-rights-year.com\/de\/wp-json\/wp\/v2\/categories?post=4491"},{"taxonomy":"post_tag","embeddable":true,"href":"https:\/\/www.human-rights-year.com\/de\/wp-json\/wp\/v2\/tags?post=4491"}],"curies":[{"name":"wp","href":"https:\/\/api.w.org\/{rel}","templated":true}]}}