{"id":4480,"date":"2022-08-06T14:46:05","date_gmt":"2022-08-06T12:46:05","guid":{"rendered":"https:\/\/www.human-rights-year.com\/?p=4480"},"modified":"2022-08-15T00:27:23","modified_gmt":"2022-08-14T22:27:23","slug":"monitoringergebnisse-vom-25-07-31-07-2022","status":"publish","type":"post","link":"https:\/\/www.human-rights-year.com\/de\/2022\/08\/06\/monitoringergebnisse-vom-25-07-31-07-2022\/","title":{"rendered":"Menschenrechte in Russland: Monitoringergebnisse vom 25.07 &#8211; 31.07.2022"},"content":{"rendered":"<p><strong>25. Juli<\/strong><\/p>\n<ul>\n<li>Die Novosibirsker Abgeordnete Helga Pirogova verlie\u00df Russland in Richtung Georgien, nachdem sie wegen der Verbreitung von &#8222;F\u00e4lschungen&#8220; \u00fcber die Armee strafrechtlich verfolgt worden war. Pirogova ist im vierten Monat schwanger.<\/li>\n<li>In Barnaul wurde Alexei Argunov, ein Lehrer an einer medizinischen Hochschule, wegen seiner Reaktionen auf Antikriegsbeitr\u00e4ge auf Odnoklassniki zu einer Geldstrafe verurteilt. Dies ist das erste Mal, dass der Artikel \u00fcber die Verunglimpfung der russischen Armee (20.3.3 des Gesetzes \u00fcber Ordnungswidrigkeiten) nicht wegen einer Ver\u00f6ffentlichung oder einer Wiederver\u00f6ffentlichung, sondern wegen des &#8222;traurigen Emoji&#8220; unter dem Beitrag eines anderen gegen den Krieg angeklagt wurde.<\/li>\n<li>Ein Moskauer Gericht verurteilte Daniil Tichomirow, der im M\u00e4rz mit einer Antikriegsflagge an seinem Auto festgenommen worden war, zu 1,5 Jahren Haft gem\u00e4\u00df dem Artikel \u00fcber Gewalt gegen Polizeibeamte.<\/li>\n<\/ul>\n<ol start=\"26\">\n<li><strong>Juli<\/strong><\/li>\n<\/ol>\n<ul>\n<li>Ein Gericht in Moskau verhaftete in Abwesenheit die K\u00fcnstlerin Danila Tkachenko, die f\u00fcr den 9. Mai eine Antikriegskundgebung in der N\u00e4he des Kremls geplant hatte. Die Beh\u00f6rden unterbrachen sie &#8211; und schickten ihren Freund, Grigori Mumrikow, in Untersuchungshaft. Er befindet sich seit zweieinhalb Monaten in Untersuchungshaft, weil er wegen Rowdytums angeklagt ist.<\/li>\n<li>Ein Gericht im Gebiet Tscheljabinsk verurteilte den Zeugen Jehovas Ilja Olenin zu einer Geldstrafe von 500.000 Rubel.<\/li>\n<\/ul>\n<ol start=\"27\">\n<li><strong>Juli<\/strong><\/li>\n<\/ol>\n<ul>\n<li>In Dagestan wurde ein neues Strafverfahren wegen der Lekt\u00fcre der B\u00fccher von Said Nursi er\u00f6ffnet.<\/li>\n<li>Wie bekannt wurde, hat das Untersuchungskomitee am 13. Juli ein neues Strafverfahren gegen den Oppositionspolitiker Wladimir Kara-Murza unter Berufung auf Artikel 284 Absatz 1 Teil 1 des Strafgesetzbuchs (T\u00e4tigkeit einer unerw\u00fcnschten Organisation) er\u00f6ffnet.<\/li>\n<li>In Omsk wurde der Arch\u00e4ologe Evgeny Kruglov wegen &#8222;F\u00e4lschungen&#8220; \u00fcber die Armee strafrechtlich verfolgt, weil er eine Zusammenfassung der Milit\u00e4raktionen in Butcha und Mariupol aus einer geschlossenen Gruppe in VK gepostet hatte.<\/li>\n<li>Ein drittes Strafverfahren wegen milit\u00e4rischer &#8222;F\u00e4lschungen&#8220; wurde gegen die Chefredakteurin von Fortanga, Izabella Yevloyeva, eingeleitet.<\/li>\n<\/ul>\n<ol start=\"28\">\n<li><strong>Juli<\/strong><\/li>\n<\/ol>\n<ul>\n<li>Das Gericht verurteilte den Smolensker Aktivisten, Sergei Komandirov, zu 6,5 Jahren Gef\u00e4ngnis wegen der Ver\u00f6ffentlichung von Beitr\u00e4gen in VK.<\/li>\n<li>In der Region Stavropol wurde ein Strafverfahren gegen Yanis Aslanov gem\u00e4\u00df dem Artikel \u00fcber die Missachtung der Tage des milit\u00e4rischen Ruhms und der Gedenktage (Teil 3 von Artikel 354.1 des Strafgesetzbuchs der Russischen F\u00f6deration) eingeleitet, weil er in einem Beitrag auf VK geschrieben hatte, dass der 23. Februar als &#8222;Trauertag&#8220; gefeiert werden sollte. Der Beitrag wurde im Februar 2021 ver\u00f6ffentlicht.<\/li>\n<\/ul>\n<ol start=\"29\">\n<li><strong>Juli<\/strong><\/li>\n<\/ol>\n<ul>\n<li>Ein Gericht in Tjumen verurteilte Eduard Schtscherbakow wegen Artikeln \u00fcber &#8222;F\u00e4lschungen&#8220; \u00fcber die russische Armee und die Rehabilitierung des Nationalsozialismus zu sechs Monaten Haft in einer Siedlungskolonie.<\/li>\n<li>Gegen die Ehefrau des Publizisten und Politikers Leonid Gozman wurde ein Strafverfahren eingeleitet, weil sie ihm seine zweite Staatsb\u00fcrgerschaft nicht mitgeteilt hatte.<\/li>\n<li>Der FSB gab die Festnahme von drei Anh\u00e4ngern des Rechten Sektors in einem Dorf in Lipezk bekannt, die angeblich einen Terroranschlag planten; der Anf\u00fchrer der Zelle war bereits mehrfach wegen P\u00e4dophilie verurteilt worden.<\/li>\n<li>\u00a0In Belgorod wurde eine Denunziation gegen die Freiwillige Zhanna Basanskaya verfasst, die dem russischen Milit\u00e4r hilft. Sie wurde als &#8222;ausl\u00e4ndische Agentin&#8220; bezeichnet und beschuldigt, Informationen \u00fcber den Standort von Milit\u00e4reinheiten gesammelt und sich gegen den Krieg in der Ukraine ausgesprochen zu haben.<\/li>\n<li>Ein weiteres Strafverfahren wurde gegen &#8222;B\u00fcrger der UdSSR&#8220; in Zelenograd eingeleitet.<\/li>\n<li>Ein Gericht in Moskau hat den Aktivisten Michail Krieger wegen der Aufkleber &#8222;Nawalny ist mein Pr\u00e4sident&#8220; und &#8222;Ich bin gegen Putin&#8220; f\u00fcr 10 Tage inhaftiert. Ich bin f\u00fcr Nawalny&#8220; auf seinem Auto.<\/li>\n<\/ul>\n<ol start=\"30\">\n<li><strong>Juli<\/strong><\/li>\n<\/ol>\n<ul>\n<li>Die Staatsanwaltschaft der Region Woronesch hat den lokalen Aktivisten Grigorij Sewerin zu 2,5 Jahren Haft in einem Gef\u00e4ngnis mit minimaler Sicherheitsstufe verurteilt. Ihm wurde vorgeworfen, wegen seines Beitrags auf VK zu extremistischen Aktivit\u00e4ten aufgerufen zu haben (Teil 2 von Artikel 280 des Strafgesetzbuchs).<\/li>\n<li>In der Region Iwanowo wurde ein Strafverfahren gegen den \u00f6rtlichen Aktivisten Sergej Veselow wegen Verunglimpfung des russischen Milit\u00e4rs (Teil 1, Artikel 280.3 des Strafgesetzbuches der Russischen F\u00f6deration) eingeleitet.<\/li>\n<\/ul>\n<ol start=\"31\">\n<li><strong>Juli<\/strong><\/li>\n<\/ol>\n<ul>\n<li>Ein Gericht in Moskau verhaftete Wassili Fedorow, Jewgeni Moissejew und Irina Andina, ehemalige Mitarbeiter des Innenministeriums und Teilnehmer des Projekts &#8222;Polizei-Ombudsmann&#8220;, wegen Falschaussagen. Sie hatten zuvor einen Film gedreht, in dem sie die illegalen Handlungen der Ermittlungen im Fall Vladimir Vorontsov beschrieben.<\/li>\n<li>In der Region Krasnodar verh\u00e4ngte ein Gericht eine Geldstrafe von 80 000 Rubel gegen Juri Osokin und Ilja Palchik, Mitarbeiter der Udarnaja TPP, wegen der Aufschrift &#8222;No to War&#8220; auf ihren Helmen. T\u00f6tet den Staat in euch selbst&#8220; und &#8222;Tod den Dieben&#8220;.<\/li>\n<li>Roman Taganov, ein Aktivist aus Adygea, der von der Polizei angegriffen wurde, wurde wegen Gewalt gegen einen Polizeibeamten zu einer dreij\u00e4hrigen Bew\u00e4hrungsstrafe verurteilt.<\/li>\n<\/ul>\n","protected":false},"excerpt":{"rendered":"<p>25. Juli Die Novosibirsker Abgeordnete Helga Pirogova verlie\u00df Russland in Richtung Georgien, nachdem sie wegen der Verbreitung von &#8222;F\u00e4lschungen&#8220; \u00fcber die Armee strafrechtlich verfolgt worden<\/p>\n","protected":false},"author":33,"featured_media":4479,"comment_status":"closed","ping_status":"open","sticky":false,"template":"","format":"standard","meta":[],"categories":[17,20,433,429,12],"tags":[],"yoast_head":"<!-- This site is optimized with the Yoast SEO plugin v19.4 - https:\/\/yoast.com\/wordpress\/plugins\/seo\/ -->\n<title>Menschenrechte in Russland: Monitoringergebnisse vom 25.07 - 31.07.2022 - Europ\u00e4ischer Menschenrechtsdialog<\/title>\n<meta name=\"robots\" content=\"index, follow, max-snippet:-1, max-image-preview:large, max-video-preview:-1\" \/>\n<link rel=\"canonical\" href=\"https:\/\/www.human-rights-year.com\/de\/2022\/08\/06\/monitoringergebnisse-vom-25-07-31-07-2022\/\" \/>\n<meta property=\"og:locale\" content=\"de_DE\" \/>\n<meta property=\"og:type\" content=\"article\" \/>\n<meta property=\"og:title\" content=\"Menschenrechte in Russland: Monitoringergebnisse vom 25.07 - 31.07.2022 - Europ\u00e4ischer Menschenrechtsdialog\" \/>\n<meta property=\"og:description\" content=\"25. Juli Die Novosibirsker Abgeordnete Helga Pirogova verlie\u00df Russland in Richtung Georgien, nachdem sie wegen der Verbreitung von &#8222;F\u00e4lschungen&#8220; \u00fcber die Armee strafrechtlich verfolgt worden\" \/>\n<meta property=\"og:url\" content=\"https:\/\/www.human-rights-year.com\/de\/2022\/08\/06\/monitoringergebnisse-vom-25-07-31-07-2022\/\" \/>\n<meta property=\"og:site_name\" content=\"Europ\u00e4ischer Menschenrechtsdialog\" \/>\n<meta property=\"article:published_time\" content=\"2022-08-06T12:46:05+00:00\" \/>\n<meta property=\"article:modified_time\" content=\"2022-08-14T22:27:23+00:00\" \/>\n<meta property=\"og:image\" content=\"https:\/\/www.human-rights-year.com\/wp-content\/uploads\/2022\/08\/adobestock_489603584-scaled.jpeg\" \/>\n\t<meta property=\"og:image:width\" content=\"2560\" \/>\n\t<meta property=\"og:image:height\" content=\"1707\" \/>\n\t<meta property=\"og:image:type\" content=\"image\/jpeg\" \/>\n<meta name=\"author\" content=\"Europ\u00e4ischer Menschenrechtedialog\" \/>\n<meta name=\"twitter:card\" content=\"summary_large_image\" \/>\n<meta name=\"twitter:label1\" content=\"Verfasst von\" \/>\n\t<meta name=\"twitter:data1\" content=\"Europ\u00e4ischer Menschenrechtedialog\" \/>\n\t<meta name=\"twitter:label2\" content=\"Gesch\u00e4tzte Lesezeit\" \/>\n\t<meta name=\"twitter:data2\" content=\"4\u00a0Minuten\" \/>\n<script type=\"application\/ld+json\" class=\"yoast-schema-graph\">{\"@context\":\"https:\/\/schema.org\",\"@graph\":[{\"@type\":\"WebSite\",\"@id\":\"https:\/\/www.human-rights-year.com\/#website\",\"url\":\"https:\/\/www.human-rights-year.com\/\",\"name\":\"\u0415\u0432\u0440\u043e\u043f\u0435\u0439\u0441\u043a\u0438\u0439 \u043f\u0440\u0430\u0432\u043e\u0437\u0430\u0449\u0438\u0442\u043d\u044b\u0439 \u0434\u0438\u0430\u043b\u043e\u0433\",\"description\":\" \",\"potentialAction\":[{\"@type\":\"SearchAction\",\"target\":{\"@type\":\"EntryPoint\",\"urlTemplate\":\"https:\/\/www.human-rights-year.com\/?s={search_term_string}\"},\"query-input\":\"required name=search_term_string\"}],\"inLanguage\":\"de\"},{\"@type\":\"WebPage\",\"@id\":\"https:\/\/www.human-rights-year.com\/de\/2022\/08\/06\/monitoringergebnisse-vom-25-07-31-07-2022\/\",\"url\":\"https:\/\/www.human-rights-year.com\/de\/2022\/08\/06\/monitoringergebnisse-vom-25-07-31-07-2022\/\",\"name\":\"Menschenrechte in Russland: Monitoringergebnisse vom 25.07 - 31.07.2022 - Europ\u00e4ischer Menschenrechtsdialog\",\"isPartOf\":{\"@id\":\"https:\/\/www.human-rights-year.com\/#website\"},\"datePublished\":\"2022-08-06T12:46:05+00:00\",\"dateModified\":\"2022-08-14T22:27:23+00:00\",\"author\":{\"@id\":\"https:\/\/www.human-rights-year.com\/#\/schema\/person\/c61a685c41e5101f9ea8f886f7ff8867\"},\"breadcrumb\":{\"@id\":\"https:\/\/www.human-rights-year.com\/de\/2022\/08\/06\/monitoringergebnisse-vom-25-07-31-07-2022\/#breadcrumb\"},\"inLanguage\":\"de\",\"potentialAction\":[{\"@type\":\"ReadAction\",\"target\":[\"https:\/\/www.human-rights-year.com\/de\/2022\/08\/06\/monitoringergebnisse-vom-25-07-31-07-2022\/\"]}]},{\"@type\":\"BreadcrumbList\",\"@id\":\"https:\/\/www.human-rights-year.com\/de\/2022\/08\/06\/monitoringergebnisse-vom-25-07-31-07-2022\/#breadcrumb\",\"itemListElement\":[{\"@type\":\"ListItem\",\"position\":1,\"name\":\"\u0413\u043b\u0430\u0432\u043d\u0430\u044f \u0441\u0442\u0440\u0430\u043d\u0438\u0446\u0430\",\"item\":\"https:\/\/www.human-rights-year.com\/de\/\"},{\"@type\":\"ListItem\",\"position\":2,\"name\":\"Menschenrechte in Russland: Monitoringergebnisse vom 25.07 &#8212; 31.07.2022\"}]},{\"@type\":\"Person\",\"@id\":\"https:\/\/www.human-rights-year.com\/#\/schema\/person\/c61a685c41e5101f9ea8f886f7ff8867\",\"name\":\"Europ\u00e4ischer Menschenrechtedialog\",\"image\":{\"@type\":\"ImageObject\",\"inLanguage\":\"de\",\"@id\":\"https:\/\/www.human-rights-year.com\/#\/schema\/person\/image\/\",\"url\":\"https:\/\/secure.gravatar.com\/avatar\/b8079c67933c0da74d24da6410334e70?s=96&d=mm&r=g\",\"contentUrl\":\"https:\/\/secure.gravatar.com\/avatar\/b8079c67933c0da74d24da6410334e70?s=96&d=mm&r=g\",\"caption\":\"Europ\u00e4ischer Menschenrechtedialog\"},\"description\":\"\u041f\u0440\u043e\u0435\u043a\u0442\u00a0\u00ab\u0415\u0432\u0440\u043e\u043f\u0435\u0439\u0441\u043a\u0438\u0439 \u043f\u0440\u0430\u0432\u043e\u0437\u0430\u0449\u0438\u0442\u043d\u044b\u0439 \u0434\u0438\u0430\u043b\u043e\u0433\u00bb \u0440\u0435\u0430\u043b\u0438\u0437\u0443\u0435\u0442\u0441\u044f \u043f\u0440\u0438\u00a0\u043f\u043e\u0434\u0434\u0435\u0440\u0436\u043a\u0435 \u0433\u0435\u0440\u043c\u0430\u043d\u0441\u043a\u043e\u0433\u043e \u041c\u0418\u0414\u0430. \u0421\u0438\u0442\u0443\u0430\u0446\u0438\u044f \u0441 \u043f\u043e\u043b\u0438\u0442\u0437\u0430\u043a\u043b\u044e\u0447\u0435\u043d\u043d\u044b\u043c\u0438 \u0438 \u0434\u0440\u0443\u0433\u0438\u0435 \u043f\u0440\u0430\u0432\u043e\u0437\u0430\u0449\u0438\u0442\u043d\u044b\u0435 \u043f\u0440\u043e\u0431\u043b\u0435\u043c\u044b \u0432 \u0420\u043e\u0441\u0441\u0438\u0438 \u0438 \u0411\u0435\u043b\u0430\u0440\u0443\u0441\u0438 \u0441\u0442\u0430\u043d\u043e\u0432\u044f\u0442\u0441\u044f \u0433\u043e\u0434 \u043e\u0442 \u0433\u043e\u0434\u0430 \u0432\u0441\u0435 \u043e\u0441\u0442\u0440\u0435\u0435. \u041c\u044b \u043e\u0436\u0438\u0432\u043b\u044f\u0435\u043c \u0434\u0438\u0430\u043b\u043e\u0433 \u043c\u0435\u0436\u0434\u0443 \u0440\u043e\u0441\u0441\u0438\u0439\u0441\u043a\u0438\u043c, \u0431\u0435\u043b\u0430\u0440\u0443\u0441\u0441\u043a\u0438\u043c, \u043f\u043e\u043b\u044c\u0441\u043a\u0438\u043c \u0438 \u043d\u0435\u043c\u0435\u0446\u043a\u0438\u043c \u043f\u0440\u0430\u0432\u043e\u0437\u0430\u0449\u0438\u0442\u043d\u044b\u043c \u0441\u043e\u043e\u0431\u0449\u0435\u0441\u0442\u0432\u043e\u043c \u0438 \u043d\u0430\u043b\u0430\u0436\u0438\u0432\u0430\u0435\u043c \u0438\u0445 \u043a\u043e\u043d\u0441\u0442\u0440\u0443\u043a\u0442\u0438\u0432\u043d\u043e\u0435 \u0432\u0437\u0430\u0438\u043c\u043e\u0434\u0435\u0439\u0441\u0442\u0432\u0438\u0435, \u0432\u0437\u0430\u0438\u043c\u043d\u043e\u0435 \u0438\u043d\u0444\u043e\u0440\u043c\u0438\u0440\u043e\u0432\u0430\u043d\u0438\u0435 \u0438 \u043f\u043e\u0434\u0434\u0435\u0440\u0436\u043a\u0443. \u041c\u044b \u0438\u043d\u0444\u043e\u0440\u043c\u0438\u0440\u0443\u0435\u043c \u043d\u0435\u043c\u0435\u0446\u043a\u0443\u044e \u043e\u0431\u0449\u0435\u0441\u0442\u0432\u0435\u043d\u043d\u043e\u0441\u0442\u044c \u043e \u0441\u0438\u0442\u0443\u0430\u0446\u0438\u0438 \u0441 \u0437\u0430\u0449\u0438\u0442\u043e\u0439 \u043f\u0440\u0430\u0432 \u0447\u0435\u043b\u043e\u0432\u0435\u043a\u0430 \u0432 \u0420\u043e\u0441\u0441\u0438\u0438 \u0438 \u0411\u0435\u043b\u0430\u0440\u0443\u0441\u0438, \u0430 \u0440\u043e\u0441\u0441\u0438\u0439\u0441\u043a\u0443\u044e \u0438 \u0431\u0435\u043b\u0430\u0440\u0443\u0441\u0441\u043a\u0443\u044e \u2014 \u043e \u043f\u043e\u043b\u043e\u0436\u0435\u043d\u0438\u0438 \u0432 \u044d\u0442\u043e\u0439 \u043e\u0431\u043b\u0430\u0441\u0442\u0438 \u0432 \u0413\u0435\u0440\u043c\u0430\u043d\u0438\u0438; \u0441\u043e\u0437\u0434\u0430\u0435\u043c \u043c\u0435\u0445\u0430\u043d\u0438\u0437\u043c \u043f\u043e\u0434\u0434\u0435\u0440\u0436\u043a\u0438 \u0440\u043e\u0441\u0441\u0438\u0439\u0441\u043a\u0438\u0445 \u0438 \u0431\u0435\u043b\u0430\u0440\u0443\u0441\u0441\u043a\u0438\u0445 \u043f\u0440\u0430\u0432\u043e\u0437\u0430\u0449\u0438\u0442\u043d\u0438\u043a\u043e\u0432, \u0436\u0435\u0440\u0442\u0432 \u043f\u043e\u043b\u0438\u0442\u0438\u0447\u0435\u0441\u043a\u0438\u0445 \u0440\u0435\u043f\u0440\u0435\u0441\u0441\u0438\u0439 \u0438 \u043f\u043e\u043b\u0438\u0442\u0437\u0430\u043a\u043b\u044e\u0447\u0435\u043d\u043d\u044b\u0445. \u0411\u0443\u0434\u0435\u043c \u0440\u0430\u0434\u044b \u0432\u0430\u0448\u0435\u043c\u0443 \u0443\u0447\u0430\u0441\u0442\u0438\u044e \u0432 \u0435\u0432\u0440\u043e\u043f\u0435\u0439\u0441\u043a\u043e\u043c \u043f\u0440\u0430\u0432\u043e\u0437\u0430\u0449\u0438\u0442\u043d\u043e\u043c \u0434\u0438\u0430\u043b\u043e\u0433\u0435 \u043d\u0430 \u043d\u0430\u0448\u0435\u043c \u0441\u0430\u0439\u0442\u0435 \u0438 \u0430\u043a\u043a\u0430\u0443\u043d\u0442\u0430\u0445 \u0432 \u0441\u043e\u0446\u0438\u0430\u043b\u044c\u043d\u044b\u0445 \u0441\u0435\u0442\u044f\u0445, \u0430 \u0442\u0430\u043a\u0436\u0435 \u043f\u0440\u0438\u0433\u043b\u0430\u0448\u0430\u0435\u043c \u0432\u0430\u0441 \u043f\u043e\u0434\u043f\u0438\u0441\u0430\u0442\u044c\u0441\u044f \u043d\u0430 \u0440\u0430\u0441\u0441\u044b\u043b\u043a\u0443 \u043e \u043f\u0440\u0430\u0432\u043e\u0437\u0430\u0449\u0438\u0442\u043d\u044b\u0445 \u043f\u0440\u043e\u0431\u043b\u0435\u043c\u0430\u0445\u00a0\u043f\u043e \u0441\u0441\u044b\u043b\u043a\u0435 (\u043d\u0430 \u043d\u0435\u043c\u0435\u0446\u043a\u043e\u043c \u044f\u0437\u044b\u043a\u0435).\u00a0\",\"url\":\"https:\/\/www.human-rights-year.com\/de\/author\/anna-andrievskaja\/\"}]}<\/script>\n<!-- \/ Yoast SEO plugin. -->","yoast_head_json":{"title":"Menschenrechte in Russland: Monitoringergebnisse vom 25.07 - 31.07.2022 - Europ\u00e4ischer Menschenrechtsdialog","robots":{"index":"index","follow":"follow","max-snippet":"max-snippet:-1","max-image-preview":"max-image-preview:large","max-video-preview":"max-video-preview:-1"},"canonical":"https:\/\/www.human-rights-year.com\/de\/2022\/08\/06\/monitoringergebnisse-vom-25-07-31-07-2022\/","og_locale":"de_DE","og_type":"article","og_title":"Menschenrechte in Russland: Monitoringergebnisse vom 25.07 - 31.07.2022 - Europ\u00e4ischer Menschenrechtsdialog","og_description":"25. Juli Die Novosibirsker Abgeordnete Helga Pirogova verlie\u00df Russland in Richtung Georgien, nachdem sie wegen der Verbreitung von &#8222;F\u00e4lschungen&#8220; \u00fcber die Armee strafrechtlich verfolgt worden","og_url":"https:\/\/www.human-rights-year.com\/de\/2022\/08\/06\/monitoringergebnisse-vom-25-07-31-07-2022\/","og_site_name":"Europ\u00e4ischer Menschenrechtsdialog","article_published_time":"2022-08-06T12:46:05+00:00","article_modified_time":"2022-08-14T22:27:23+00:00","og_image":[{"width":2560,"height":1707,"url":"https:\/\/www.human-rights-year.com\/wp-content\/uploads\/2022\/08\/adobestock_489603584-scaled.jpeg","type":"image\/jpeg"}],"author":"Europ\u00e4ischer Menschenrechtedialog","twitter_card":"summary_large_image","twitter_misc":{"Verfasst von":"Europ\u00e4ischer Menschenrechtedialog","Gesch\u00e4tzte Lesezeit":"4\u00a0Minuten"},"schema":{"@context":"https:\/\/schema.org","@graph":[{"@type":"WebSite","@id":"https:\/\/www.human-rights-year.com\/#website","url":"https:\/\/www.human-rights-year.com\/","name":"\u0415\u0432\u0440\u043e\u043f\u0435\u0439\u0441\u043a\u0438\u0439 \u043f\u0440\u0430\u0432\u043e\u0437\u0430\u0449\u0438\u0442\u043d\u044b\u0439 \u0434\u0438\u0430\u043b\u043e\u0433","description":" ","potentialAction":[{"@type":"SearchAction","target":{"@type":"EntryPoint","urlTemplate":"https:\/\/www.human-rights-year.com\/?s={search_term_string}"},"query-input":"required name=search_term_string"}],"inLanguage":"de"},{"@type":"WebPage","@id":"https:\/\/www.human-rights-year.com\/de\/2022\/08\/06\/monitoringergebnisse-vom-25-07-31-07-2022\/","url":"https:\/\/www.human-rights-year.com\/de\/2022\/08\/06\/monitoringergebnisse-vom-25-07-31-07-2022\/","name":"Menschenrechte in Russland: Monitoringergebnisse vom 25.07 - 31.07.2022 - Europ\u00e4ischer Menschenrechtsdialog","isPartOf":{"@id":"https:\/\/www.human-rights-year.com\/#website"},"datePublished":"2022-08-06T12:46:05+00:00","dateModified":"2022-08-14T22:27:23+00:00","author":{"@id":"https:\/\/www.human-rights-year.com\/#\/schema\/person\/c61a685c41e5101f9ea8f886f7ff8867"},"breadcrumb":{"@id":"https:\/\/www.human-rights-year.com\/de\/2022\/08\/06\/monitoringergebnisse-vom-25-07-31-07-2022\/#breadcrumb"},"inLanguage":"de","potentialAction":[{"@type":"ReadAction","target":["https:\/\/www.human-rights-year.com\/de\/2022\/08\/06\/monitoringergebnisse-vom-25-07-31-07-2022\/"]}]},{"@type":"BreadcrumbList","@id":"https:\/\/www.human-rights-year.com\/de\/2022\/08\/06\/monitoringergebnisse-vom-25-07-31-07-2022\/#breadcrumb","itemListElement":[{"@type":"ListItem","position":1,"name":"\u0413\u043b\u0430\u0432\u043d\u0430\u044f \u0441\u0442\u0440\u0430\u043d\u0438\u0446\u0430","item":"https:\/\/www.human-rights-year.com\/de\/"},{"@type":"ListItem","position":2,"name":"Menschenrechte in Russland: Monitoringergebnisse vom 25.07 &#8212; 31.07.2022"}]},{"@type":"Person","@id":"https:\/\/www.human-rights-year.com\/#\/schema\/person\/c61a685c41e5101f9ea8f886f7ff8867","name":"Europ\u00e4ischer Menschenrechtedialog","image":{"@type":"ImageObject","inLanguage":"de","@id":"https:\/\/www.human-rights-year.com\/#\/schema\/person\/image\/","url":"https:\/\/secure.gravatar.com\/avatar\/b8079c67933c0da74d24da6410334e70?s=96&d=mm&r=g","contentUrl":"https:\/\/secure.gravatar.com\/avatar\/b8079c67933c0da74d24da6410334e70?s=96&d=mm&r=g","caption":"Europ\u00e4ischer Menschenrechtedialog"},"description":"\u041f\u0440\u043e\u0435\u043a\u0442\u00a0\u00ab\u0415\u0432\u0440\u043e\u043f\u0435\u0439\u0441\u043a\u0438\u0439 \u043f\u0440\u0430\u0432\u043e\u0437\u0430\u0449\u0438\u0442\u043d\u044b\u0439 \u0434\u0438\u0430\u043b\u043e\u0433\u00bb \u0440\u0435\u0430\u043b\u0438\u0437\u0443\u0435\u0442\u0441\u044f \u043f\u0440\u0438\u00a0\u043f\u043e\u0434\u0434\u0435\u0440\u0436\u043a\u0435 \u0433\u0435\u0440\u043c\u0430\u043d\u0441\u043a\u043e\u0433\u043e \u041c\u0418\u0414\u0430. \u0421\u0438\u0442\u0443\u0430\u0446\u0438\u044f \u0441 \u043f\u043e\u043b\u0438\u0442\u0437\u0430\u043a\u043b\u044e\u0447\u0435\u043d\u043d\u044b\u043c\u0438 \u0438 \u0434\u0440\u0443\u0433\u0438\u0435 \u043f\u0440\u0430\u0432\u043e\u0437\u0430\u0449\u0438\u0442\u043d\u044b\u0435 \u043f\u0440\u043e\u0431\u043b\u0435\u043c\u044b \u0432 \u0420\u043e\u0441\u0441\u0438\u0438 \u0438 \u0411\u0435\u043b\u0430\u0440\u0443\u0441\u0438 \u0441\u0442\u0430\u043d\u043e\u0432\u044f\u0442\u0441\u044f \u0433\u043e\u0434 \u043e\u0442 \u0433\u043e\u0434\u0430 \u0432\u0441\u0435 \u043e\u0441\u0442\u0440\u0435\u0435. \u041c\u044b \u043e\u0436\u0438\u0432\u043b\u044f\u0435\u043c \u0434\u0438\u0430\u043b\u043e\u0433 \u043c\u0435\u0436\u0434\u0443 \u0440\u043e\u0441\u0441\u0438\u0439\u0441\u043a\u0438\u043c, \u0431\u0435\u043b\u0430\u0440\u0443\u0441\u0441\u043a\u0438\u043c, \u043f\u043e\u043b\u044c\u0441\u043a\u0438\u043c \u0438 \u043d\u0435\u043c\u0435\u0446\u043a\u0438\u043c \u043f\u0440\u0430\u0432\u043e\u0437\u0430\u0449\u0438\u0442\u043d\u044b\u043c \u0441\u043e\u043e\u0431\u0449\u0435\u0441\u0442\u0432\u043e\u043c \u0438 \u043d\u0430\u043b\u0430\u0436\u0438\u0432\u0430\u0435\u043c \u0438\u0445 \u043a\u043e\u043d\u0441\u0442\u0440\u0443\u043a\u0442\u0438\u0432\u043d\u043e\u0435 \u0432\u0437\u0430\u0438\u043c\u043e\u0434\u0435\u0439\u0441\u0442\u0432\u0438\u0435, \u0432\u0437\u0430\u0438\u043c\u043d\u043e\u0435 \u0438\u043d\u0444\u043e\u0440\u043c\u0438\u0440\u043e\u0432\u0430\u043d\u0438\u0435 \u0438 \u043f\u043e\u0434\u0434\u0435\u0440\u0436\u043a\u0443. \u041c\u044b \u0438\u043d\u0444\u043e\u0440\u043c\u0438\u0440\u0443\u0435\u043c \u043d\u0435\u043c\u0435\u0446\u043a\u0443\u044e \u043e\u0431\u0449\u0435\u0441\u0442\u0432\u0435\u043d\u043d\u043e\u0441\u0442\u044c \u043e \u0441\u0438\u0442\u0443\u0430\u0446\u0438\u0438 \u0441 \u0437\u0430\u0449\u0438\u0442\u043e\u0439 \u043f\u0440\u0430\u0432 \u0447\u0435\u043b\u043e\u0432\u0435\u043a\u0430 \u0432 \u0420\u043e\u0441\u0441\u0438\u0438 \u0438 \u0411\u0435\u043b\u0430\u0440\u0443\u0441\u0438, \u0430 \u0440\u043e\u0441\u0441\u0438\u0439\u0441\u043a\u0443\u044e \u0438 \u0431\u0435\u043b\u0430\u0440\u0443\u0441\u0441\u043a\u0443\u044e \u2014 \u043e \u043f\u043e\u043b\u043e\u0436\u0435\u043d\u0438\u0438 \u0432 \u044d\u0442\u043e\u0439 \u043e\u0431\u043b\u0430\u0441\u0442\u0438 \u0432 \u0413\u0435\u0440\u043c\u0430\u043d\u0438\u0438; \u0441\u043e\u0437\u0434\u0430\u0435\u043c \u043c\u0435\u0445\u0430\u043d\u0438\u0437\u043c \u043f\u043e\u0434\u0434\u0435\u0440\u0436\u043a\u0438 \u0440\u043e\u0441\u0441\u0438\u0439\u0441\u043a\u0438\u0445 \u0438 \u0431\u0435\u043b\u0430\u0440\u0443\u0441\u0441\u043a\u0438\u0445 \u043f\u0440\u0430\u0432\u043e\u0437\u0430\u0449\u0438\u0442\u043d\u0438\u043a\u043e\u0432, \u0436\u0435\u0440\u0442\u0432 \u043f\u043e\u043b\u0438\u0442\u0438\u0447\u0435\u0441\u043a\u0438\u0445 \u0440\u0435\u043f\u0440\u0435\u0441\u0441\u0438\u0439 \u0438 \u043f\u043e\u043b\u0438\u0442\u0437\u0430\u043a\u043b\u044e\u0447\u0435\u043d\u043d\u044b\u0445. \u0411\u0443\u0434\u0435\u043c \u0440\u0430\u0434\u044b \u0432\u0430\u0448\u0435\u043c\u0443 \u0443\u0447\u0430\u0441\u0442\u0438\u044e \u0432 \u0435\u0432\u0440\u043e\u043f\u0435\u0439\u0441\u043a\u043e\u043c \u043f\u0440\u0430\u0432\u043e\u0437\u0430\u0449\u0438\u0442\u043d\u043e\u043c \u0434\u0438\u0430\u043b\u043e\u0433\u0435 \u043d\u0430 \u043d\u0430\u0448\u0435\u043c \u0441\u0430\u0439\u0442\u0435 \u0438 \u0430\u043a\u043a\u0430\u0443\u043d\u0442\u0430\u0445 \u0432 \u0441\u043e\u0446\u0438\u0430\u043b\u044c\u043d\u044b\u0445 \u0441\u0435\u0442\u044f\u0445, \u0430 \u0442\u0430\u043a\u0436\u0435 \u043f\u0440\u0438\u0433\u043b\u0430\u0448\u0430\u0435\u043c \u0432\u0430\u0441 \u043f\u043e\u0434\u043f\u0438\u0441\u0430\u0442\u044c\u0441\u044f \u043d\u0430 \u0440\u0430\u0441\u0441\u044b\u043b\u043a\u0443 \u043e \u043f\u0440\u0430\u0432\u043e\u0437\u0430\u0449\u0438\u0442\u043d\u044b\u0445 \u043f\u0440\u043e\u0431\u043b\u0435\u043c\u0430\u0445\u00a0\u043f\u043e \u0441\u0441\u044b\u043b\u043a\u0435 (\u043d\u0430 \u043d\u0435\u043c\u0435\u0446\u043a\u043e\u043c \u044f\u0437\u044b\u043a\u0435).\u00a0","url":"https:\/\/www.human-rights-year.com\/de\/author\/anna-andrievskaja\/"}]}},"_links":{"self":[{"href":"https:\/\/www.human-rights-year.com\/de\/wp-json\/wp\/v2\/posts\/4480"}],"collection":[{"href":"https:\/\/www.human-rights-year.com\/de\/wp-json\/wp\/v2\/posts"}],"about":[{"href":"https:\/\/www.human-rights-year.com\/de\/wp-json\/wp\/v2\/types\/post"}],"author":[{"embeddable":true,"href":"https:\/\/www.human-rights-year.com\/de\/wp-json\/wp\/v2\/users\/33"}],"replies":[{"embeddable":true,"href":"https:\/\/www.human-rights-year.com\/de\/wp-json\/wp\/v2\/comments?post=4480"}],"version-history":[{"count":0,"href":"https:\/\/www.human-rights-year.com\/de\/wp-json\/wp\/v2\/posts\/4480\/revisions"}],"wp:featuredmedia":[{"embeddable":true,"href":"https:\/\/www.human-rights-year.com\/de\/wp-json\/wp\/v2\/media\/4479"}],"wp:attachment":[{"href":"https:\/\/www.human-rights-year.com\/de\/wp-json\/wp\/v2\/media?parent=4480"}],"wp:term":[{"taxonomy":"category","embeddable":true,"href":"https:\/\/www.human-rights-year.com\/de\/wp-json\/wp\/v2\/categories?post=4480"},{"taxonomy":"post_tag","embeddable":true,"href":"https:\/\/www.human-rights-year.com\/de\/wp-json\/wp\/v2\/tags?post=4480"}],"curies":[{"name":"wp","href":"https:\/\/api.w.org\/{rel}","templated":true}]}}