{"id":4313,"date":"2021-10-19T21:36:56","date_gmt":"2021-10-19T19:36:56","guid":{"rendered":"https:\/\/www.human-rights-year.com\/?p=4313"},"modified":"2021-10-19T23:53:37","modified_gmt":"2021-10-19T21:53:37","slug":"menschenrechte-in-russland-nachrichtenuebersicht-fuer-den-11-bis-17-oktober","status":"publish","type":"post","link":"https:\/\/www.human-rights-year.com\/de\/2021\/10\/19\/menschenrechte-in-russland-nachrichtenuebersicht-fuer-den-11-bis-17-oktober\/","title":{"rendered":"Menschenrechte in Russland: Nachrichten\u00fcbersicht f\u00fcr den 11. bis 17. Oktober"},"content":{"rendered":"<p><strong>11. Oktober<\/strong><\/p>\n<p>&#8211; Alexej Nawalny wurde als \u201efluchtgef\u00e4hrdet\u201c aus dem Register gestrichen und sofort als \u201eExtremist\u201c wieder aufgenommen<\/p>\n<p>&#8211; Es wurde bekannt, dass Sicherheitskr\u00e4fte bei Durchsuchungen von Zeugen Jehovas in Irkutsk Gl\u00e4ubige gefoltert hatten<\/p>\n<p>&#8211; In Chabarowsk fanden Durchsuchungen bei angeblichen Zeugen Jehovas statt<\/p>\n<p>&#8211; Ein Zeuge Jehovas aus Russland wurde in Belarus festgenommen. Er beantragte politisches Asyl<\/p>\n<p>&#8211; Ein 59-j\u00e4hriger Zeuge Jehovas aus Krasnodar wurde zu vier Jahren und zwei Monaten Gef\u00e4ngnis verurteilt<\/p>\n<p><strong>12. Oktober<\/strong><\/p>\n<p>&#8211; In Russland wurden die ersten Verwaltungsverfahren gegen Personen er\u00f6ffnet, die in den Medien als \u201eausl\u00e4ndische Agenten\u201c bezeichnet werden. Protokolle unter Berufung auf den Artikel \u00fcber die Nichteinhaltung der Anforderungen f\u00fcr \u201eausl\u00e4ndische Agenten\u201c wurden vom Menschenrechtsaktivisten Lew Ponomarjow und dem Leiter der \u00f6ffentlichen Organisation \u201eJakutien &#8211; Unsere Meinung\u201c , Stepan Petrow, verfasst<\/p>\n<p>&#8211; Ein Einwohner von Adygea wurde wegen seiner Beteiligung an der islamistischen Str\u00f6mung \u201eAt-Takfir wal-Hijra\u201c zu sieben Jahren Gef\u00e4ngnis verurteilt<\/p>\n<p><strong>13. Oktober<\/strong><\/p>\n<p>&#8211; Der Oberste Gerichtshof lehnte es ab, die Berufung gegen das Urteil des karelischen \u201eMemorial\u201c-Chefs Juri Dmitriew zu pr\u00fcfen<\/p>\n<p>&#8211; F\u00fcr den ehemaligen Direktor von <em>Otkritka<\/em>, Andrei Pivovarow, wurde die Haftstrafe im Fall der Aktivit\u00e4ten der \u201eunerw\u00fcnschten Organisation\u201c verl\u00e4ngert. Er wird mindestens bis zum 29. November im Untersuchungsgef\u00e4ngnis bleiben<\/p>\n<p>&#8211; Der ehemalige Leiter des Bezirks Serpukhow, Shestun, wurde in eine Strafzelle gebracht. Es wird auch berichtet, dass die FSIN-Beamten ihn geschlagen h\u00e4tten<\/p>\n<p><strong>14. Oktober<\/strong><\/p>\n<p>&#8211; Der Leiter der \u00c4rzteallianz wurde im \u201eSanit\u00e4tsfall\u201c zu einem Jahr Freiheitsbeschr\u00e4nkung verurteilt<\/p>\n<p>&#8211; Der Oberste Gerichtshof Russlands best\u00e4tigte das Urteil gegen Karine Turcan im Spionagefall<\/p>\n<p>&#8211; Der \u00d6ko-Aktivist Wjatscheslaw Jegorow aus Kolomna wurde im Rahmen des \u201eDadinskaja\u201c-Artikels zu einem Jahr und drei Monaten Aufenthalt in einer Strafkolonie verurteilt<\/p>\n<p>&#8211; Der dagestanische Journalist Abdulmumin Hajiyev wurde f\u00fcr weitere dreieinhalb Monate in Untersuchungshaft gehalten. Ihm wird vorgeworfen, ISIS zu finanzieren &#8211; angeblich hat Hajiyev \u00fcber wohlt\u00e4tige Stiftungen Geld an einen mit Terroristen verbundenen Prediger \u00fcberwiesen<\/p>\n<p>&#8211; Der verhaftete Journalist Iwan Safronow hat Korrespondenzverbot im Untersuchungsgef\u00e4ngnis bekommen<\/p>\n<p>&#8211; Nach einer Provokation w\u00e4hrend einer Filmvorf\u00fchrung im B\u00fcro des \u201eInternationalen Memorials\u201c lie\u00df die Polizei die Teilnehmer und Mitarbeiter mehrere Stunden lang nicht aus dem Geb\u00e4ude<\/p>\n<p>&#8211; Das Justizministerium hat die Menschenrechtsorganisation \u201eJakutien &#8211; Unsere Meinung\u201c in das Register der \u201aausl\u00e4ndischen Agenten\u2018 eingetragen<\/p>\n<p>&#8211; Das Justizministerium forderte, Iwan Pavlow seinen Anwaltsstatus wieder zu entziehen<\/p>\n<p><strong>15. Oktober<\/strong><\/p>\n<p>&#8211; Das Gericht der Krim verl\u00e4ngerte die Haft von Ismet Ibragimov, der der Beteiligung an der verbotenen Hizb ut-Tahrir beschuldigt wird, um weitere drei Monate<\/p>\n<p>&#8211; Mitarbeiter des Komitees zur Bek\u00e4mpfung der Wirtschaftskriminalit\u00e4t sind in das Geb\u00e4ude des \u201eInternationalen Memorials\u201c gekommen und forderten Unterlagen \u00fcber die Aktivit\u00e4ten des Projekts seit seiner Gr\u00fcndung<\/p>\n<p>&#8211; Gerichtsvollzieher kamen zum \u201eKomitee f\u00fcr B\u00fcrgerrechte\u201c und beschlagnahmten einen Teil des Eigentums<\/p>\n<p>&#8211; Das Moskauer Stadtgericht best\u00e4tigte das Urteil f\u00fcr den Angeklagten in der \u201ePalast-Aff\u00e4re\u201c Jewgeni Jessenow &#8211; vier Jahre Gef\u00e4ngnis wegen einer Kundgebung zur Unterst\u00fctzung von Alexej Nawalny<\/p>\n<p>&#8211; Das Justizministerium hat <em>Rosbalt<\/em> und <em>Republic<\/em>\u00a0in das Register der Medien &#8211; ausl\u00e4ndische Agenten\u2018 &#8211; eingetragen<\/p>\n<p><strong>16. Oktober<\/strong><\/p>\n<p>&#8211; Das Gericht in Moskau verweigerte <em>OVD-Info<\/em> die Aussetzung des Status eines \u201eausl\u00e4ndischen Agenten\u201c am Tag der Einreichung der viertelj\u00e4hrlichen Berichte<\/p>\n","protected":false},"excerpt":{"rendered":"<p>11. Oktober &#8211; Alexej Nawalny wurde als \u201efluchtgef\u00e4hrdet\u201c aus dem Register gestrichen und sofort als \u201eExtremist\u201c wieder aufgenommen &#8211; Es wurde bekannt, dass Sicherheitskr\u00e4fte bei<\/p>\n","protected":false},"author":33,"featured_media":4314,"comment_status":"closed","ping_status":"open","sticky":false,"template":"","format":"standard","meta":[],"categories":[433,429],"tags":[],"yoast_head":"<!-- This site is optimized with the Yoast SEO plugin v19.4 - https:\/\/yoast.com\/wordpress\/plugins\/seo\/ -->\n<title>Menschenrechte in Russland: Nachrichten\u00fcbersicht f\u00fcr den 11. bis 17. Oktober - Europ\u00e4ischer Menschenrechtsdialog<\/title>\n<meta name=\"robots\" content=\"index, follow, max-snippet:-1, max-image-preview:large, max-video-preview:-1\" \/>\n<link rel=\"canonical\" href=\"https:\/\/www.human-rights-year.com\/de\/2021\/10\/19\/menschenrechte-in-russland-nachrichtenuebersicht-fuer-den-11-bis-17-oktober\/\" \/>\n<meta property=\"og:locale\" content=\"de_DE\" \/>\n<meta property=\"og:type\" content=\"article\" \/>\n<meta property=\"og:title\" content=\"Menschenrechte in Russland: Nachrichten\u00fcbersicht f\u00fcr den 11. bis 17. Oktober - Europ\u00e4ischer Menschenrechtsdialog\" \/>\n<meta property=\"og:description\" content=\"11. Oktober &#8211; Alexej Nawalny wurde als \u201efluchtgef\u00e4hrdet\u201c aus dem Register gestrichen und sofort als \u201eExtremist\u201c wieder aufgenommen &#8211; Es wurde bekannt, dass Sicherheitskr\u00e4fte bei\" \/>\n<meta property=\"og:url\" content=\"https:\/\/www.human-rights-year.com\/de\/2021\/10\/19\/menschenrechte-in-russland-nachrichtenuebersicht-fuer-den-11-bis-17-oktober\/\" \/>\n<meta property=\"og:site_name\" content=\"Europ\u00e4ischer Menschenrechtsdialog\" \/>\n<meta property=\"article:published_time\" content=\"2021-10-19T19:36:56+00:00\" \/>\n<meta property=\"article:modified_time\" content=\"2021-10-19T21:53:37+00:00\" \/>\n<meta property=\"og:image\" content=\"https:\/\/www.human-rights-year.com\/wp-content\/uploads\/2021\/10\/main_thumb-1.jpg\" \/>\n\t<meta property=\"og:image:width\" content=\"1207\" \/>\n\t<meta property=\"og:image:height\" content=\"686\" \/>\n\t<meta property=\"og:image:type\" content=\"image\/jpeg\" \/>\n<meta name=\"author\" content=\"Europ\u00e4ischer Menschenrechtedialog\" \/>\n<meta name=\"twitter:card\" content=\"summary_large_image\" \/>\n<meta name=\"twitter:label1\" content=\"Verfasst von\" \/>\n\t<meta name=\"twitter:data1\" content=\"Europ\u00e4ischer Menschenrechtedialog\" \/>\n\t<meta name=\"twitter:label2\" content=\"Gesch\u00e4tzte Lesezeit\" \/>\n\t<meta name=\"twitter:data2\" content=\"3\u00a0Minuten\" \/>\n<script type=\"application\/ld+json\" class=\"yoast-schema-graph\">{\"@context\":\"https:\/\/schema.org\",\"@graph\":[{\"@type\":\"WebSite\",\"@id\":\"https:\/\/www.human-rights-year.com\/#website\",\"url\":\"https:\/\/www.human-rights-year.com\/\",\"name\":\"\u0415\u0432\u0440\u043e\u043f\u0435\u0439\u0441\u043a\u0438\u0439 \u043f\u0440\u0430\u0432\u043e\u0437\u0430\u0449\u0438\u0442\u043d\u044b\u0439 \u0434\u0438\u0430\u043b\u043e\u0433\",\"description\":\" \",\"potentialAction\":[{\"@type\":\"SearchAction\",\"target\":{\"@type\":\"EntryPoint\",\"urlTemplate\":\"https:\/\/www.human-rights-year.com\/?s={search_term_string}\"},\"query-input\":\"required name=search_term_string\"}],\"inLanguage\":\"de\"},{\"@type\":\"WebPage\",\"@id\":\"https:\/\/www.human-rights-year.com\/de\/2021\/10\/19\/menschenrechte-in-russland-nachrichtenuebersicht-fuer-den-11-bis-17-oktober\/\",\"url\":\"https:\/\/www.human-rights-year.com\/de\/2021\/10\/19\/menschenrechte-in-russland-nachrichtenuebersicht-fuer-den-11-bis-17-oktober\/\",\"name\":\"Menschenrechte in Russland: Nachrichten\u00fcbersicht f\u00fcr den 11. bis 17. Oktober - Europ\u00e4ischer Menschenrechtsdialog\",\"isPartOf\":{\"@id\":\"https:\/\/www.human-rights-year.com\/#website\"},\"datePublished\":\"2021-10-19T19:36:56+00:00\",\"dateModified\":\"2021-10-19T21:53:37+00:00\",\"author\":{\"@id\":\"https:\/\/www.human-rights-year.com\/#\/schema\/person\/c61a685c41e5101f9ea8f886f7ff8867\"},\"breadcrumb\":{\"@id\":\"https:\/\/www.human-rights-year.com\/de\/2021\/10\/19\/menschenrechte-in-russland-nachrichtenuebersicht-fuer-den-11-bis-17-oktober\/#breadcrumb\"},\"inLanguage\":\"de\",\"potentialAction\":[{\"@type\":\"ReadAction\",\"target\":[\"https:\/\/www.human-rights-year.com\/de\/2021\/10\/19\/menschenrechte-in-russland-nachrichtenuebersicht-fuer-den-11-bis-17-oktober\/\"]}]},{\"@type\":\"BreadcrumbList\",\"@id\":\"https:\/\/www.human-rights-year.com\/de\/2021\/10\/19\/menschenrechte-in-russland-nachrichtenuebersicht-fuer-den-11-bis-17-oktober\/#breadcrumb\",\"itemListElement\":[{\"@type\":\"ListItem\",\"position\":1,\"name\":\"\u0413\u043b\u0430\u0432\u043d\u0430\u044f \u0441\u0442\u0440\u0430\u043d\u0438\u0446\u0430\",\"item\":\"https:\/\/www.human-rights-year.com\/de\/\"},{\"@type\":\"ListItem\",\"position\":2,\"name\":\"Menschenrechte in Russland: Nachrichten\u00fcbersicht f\u00fcr den 11. bis 17. Oktober\"}]},{\"@type\":\"Person\",\"@id\":\"https:\/\/www.human-rights-year.com\/#\/schema\/person\/c61a685c41e5101f9ea8f886f7ff8867\",\"name\":\"Europ\u00e4ischer Menschenrechtedialog\",\"image\":{\"@type\":\"ImageObject\",\"inLanguage\":\"de\",\"@id\":\"https:\/\/www.human-rights-year.com\/#\/schema\/person\/image\/\",\"url\":\"https:\/\/secure.gravatar.com\/avatar\/b8079c67933c0da74d24da6410334e70?s=96&d=mm&r=g\",\"contentUrl\":\"https:\/\/secure.gravatar.com\/avatar\/b8079c67933c0da74d24da6410334e70?s=96&d=mm&r=g\",\"caption\":\"Europ\u00e4ischer Menschenrechtedialog\"},\"description\":\"\u041f\u0440\u043e\u0435\u043a\u0442\u00a0\u00ab\u0415\u0432\u0440\u043e\u043f\u0435\u0439\u0441\u043a\u0438\u0439 \u043f\u0440\u0430\u0432\u043e\u0437\u0430\u0449\u0438\u0442\u043d\u044b\u0439 \u0434\u0438\u0430\u043b\u043e\u0433\u00bb \u0440\u0435\u0430\u043b\u0438\u0437\u0443\u0435\u0442\u0441\u044f \u043f\u0440\u0438\u00a0\u043f\u043e\u0434\u0434\u0435\u0440\u0436\u043a\u0435 \u0433\u0435\u0440\u043c\u0430\u043d\u0441\u043a\u043e\u0433\u043e \u041c\u0418\u0414\u0430. \u0421\u0438\u0442\u0443\u0430\u0446\u0438\u044f \u0441 \u043f\u043e\u043b\u0438\u0442\u0437\u0430\u043a\u043b\u044e\u0447\u0435\u043d\u043d\u044b\u043c\u0438 \u0438 \u0434\u0440\u0443\u0433\u0438\u0435 \u043f\u0440\u0430\u0432\u043e\u0437\u0430\u0449\u0438\u0442\u043d\u044b\u0435 \u043f\u0440\u043e\u0431\u043b\u0435\u043c\u044b \u0432 \u0420\u043e\u0441\u0441\u0438\u0438 \u0438 \u0411\u0435\u043b\u0430\u0440\u0443\u0441\u0438 \u0441\u0442\u0430\u043d\u043e\u0432\u044f\u0442\u0441\u044f \u0433\u043e\u0434 \u043e\u0442 \u0433\u043e\u0434\u0430 \u0432\u0441\u0435 \u043e\u0441\u0442\u0440\u0435\u0435. \u041c\u044b \u043e\u0436\u0438\u0432\u043b\u044f\u0435\u043c \u0434\u0438\u0430\u043b\u043e\u0433 \u043c\u0435\u0436\u0434\u0443 \u0440\u043e\u0441\u0441\u0438\u0439\u0441\u043a\u0438\u043c, \u0431\u0435\u043b\u0430\u0440\u0443\u0441\u0441\u043a\u0438\u043c, \u043f\u043e\u043b\u044c\u0441\u043a\u0438\u043c \u0438 \u043d\u0435\u043c\u0435\u0446\u043a\u0438\u043c \u043f\u0440\u0430\u0432\u043e\u0437\u0430\u0449\u0438\u0442\u043d\u044b\u043c \u0441\u043e\u043e\u0431\u0449\u0435\u0441\u0442\u0432\u043e\u043c \u0438 \u043d\u0430\u043b\u0430\u0436\u0438\u0432\u0430\u0435\u043c \u0438\u0445 \u043a\u043e\u043d\u0441\u0442\u0440\u0443\u043a\u0442\u0438\u0432\u043d\u043e\u0435 \u0432\u0437\u0430\u0438\u043c\u043e\u0434\u0435\u0439\u0441\u0442\u0432\u0438\u0435, \u0432\u0437\u0430\u0438\u043c\u043d\u043e\u0435 \u0438\u043d\u0444\u043e\u0440\u043c\u0438\u0440\u043e\u0432\u0430\u043d\u0438\u0435 \u0438 \u043f\u043e\u0434\u0434\u0435\u0440\u0436\u043a\u0443. \u041c\u044b \u0438\u043d\u0444\u043e\u0440\u043c\u0438\u0440\u0443\u0435\u043c \u043d\u0435\u043c\u0435\u0446\u043a\u0443\u044e \u043e\u0431\u0449\u0435\u0441\u0442\u0432\u0435\u043d\u043d\u043e\u0441\u0442\u044c \u043e \u0441\u0438\u0442\u0443\u0430\u0446\u0438\u0438 \u0441 \u0437\u0430\u0449\u0438\u0442\u043e\u0439 \u043f\u0440\u0430\u0432 \u0447\u0435\u043b\u043e\u0432\u0435\u043a\u0430 \u0432 \u0420\u043e\u0441\u0441\u0438\u0438 \u0438 \u0411\u0435\u043b\u0430\u0440\u0443\u0441\u0438, \u0430 \u0440\u043e\u0441\u0441\u0438\u0439\u0441\u043a\u0443\u044e \u0438 \u0431\u0435\u043b\u0430\u0440\u0443\u0441\u0441\u043a\u0443\u044e \u2014 \u043e \u043f\u043e\u043b\u043e\u0436\u0435\u043d\u0438\u0438 \u0432 \u044d\u0442\u043e\u0439 \u043e\u0431\u043b\u0430\u0441\u0442\u0438 \u0432 \u0413\u0435\u0440\u043c\u0430\u043d\u0438\u0438; \u0441\u043e\u0437\u0434\u0430\u0435\u043c \u043c\u0435\u0445\u0430\u043d\u0438\u0437\u043c \u043f\u043e\u0434\u0434\u0435\u0440\u0436\u043a\u0438 \u0440\u043e\u0441\u0441\u0438\u0439\u0441\u043a\u0438\u0445 \u0438 \u0431\u0435\u043b\u0430\u0440\u0443\u0441\u0441\u043a\u0438\u0445 \u043f\u0440\u0430\u0432\u043e\u0437\u0430\u0449\u0438\u0442\u043d\u0438\u043a\u043e\u0432, \u0436\u0435\u0440\u0442\u0432 \u043f\u043e\u043b\u0438\u0442\u0438\u0447\u0435\u0441\u043a\u0438\u0445 \u0440\u0435\u043f\u0440\u0435\u0441\u0441\u0438\u0439 \u0438 \u043f\u043e\u043b\u0438\u0442\u0437\u0430\u043a\u043b\u044e\u0447\u0435\u043d\u043d\u044b\u0445. \u0411\u0443\u0434\u0435\u043c \u0440\u0430\u0434\u044b \u0432\u0430\u0448\u0435\u043c\u0443 \u0443\u0447\u0430\u0441\u0442\u0438\u044e \u0432 \u0435\u0432\u0440\u043e\u043f\u0435\u0439\u0441\u043a\u043e\u043c \u043f\u0440\u0430\u0432\u043e\u0437\u0430\u0449\u0438\u0442\u043d\u043e\u043c \u0434\u0438\u0430\u043b\u043e\u0433\u0435 \u043d\u0430 \u043d\u0430\u0448\u0435\u043c \u0441\u0430\u0439\u0442\u0435 \u0438 \u0430\u043a\u043a\u0430\u0443\u043d\u0442\u0430\u0445 \u0432 \u0441\u043e\u0446\u0438\u0430\u043b\u044c\u043d\u044b\u0445 \u0441\u0435\u0442\u044f\u0445, \u0430 \u0442\u0430\u043a\u0436\u0435 \u043f\u0440\u0438\u0433\u043b\u0430\u0448\u0430\u0435\u043c \u0432\u0430\u0441 \u043f\u043e\u0434\u043f\u0438\u0441\u0430\u0442\u044c\u0441\u044f \u043d\u0430 \u0440\u0430\u0441\u0441\u044b\u043b\u043a\u0443 \u043e \u043f\u0440\u0430\u0432\u043e\u0437\u0430\u0449\u0438\u0442\u043d\u044b\u0445 \u043f\u0440\u043e\u0431\u043b\u0435\u043c\u0430\u0445\u00a0\u043f\u043e \u0441\u0441\u044b\u043b\u043a\u0435 (\u043d\u0430 \u043d\u0435\u043c\u0435\u0446\u043a\u043e\u043c \u044f\u0437\u044b\u043a\u0435).\u00a0\",\"url\":\"https:\/\/www.human-rights-year.com\/de\/author\/anna-andrievskaja\/\"}]}<\/script>\n<!-- \/ Yoast SEO plugin. -->","yoast_head_json":{"title":"Menschenrechte in Russland: Nachrichten\u00fcbersicht f\u00fcr den 11. bis 17. Oktober - Europ\u00e4ischer Menschenrechtsdialog","robots":{"index":"index","follow":"follow","max-snippet":"max-snippet:-1","max-image-preview":"max-image-preview:large","max-video-preview":"max-video-preview:-1"},"canonical":"https:\/\/www.human-rights-year.com\/de\/2021\/10\/19\/menschenrechte-in-russland-nachrichtenuebersicht-fuer-den-11-bis-17-oktober\/","og_locale":"de_DE","og_type":"article","og_title":"Menschenrechte in Russland: Nachrichten\u00fcbersicht f\u00fcr den 11. bis 17. Oktober - Europ\u00e4ischer Menschenrechtsdialog","og_description":"11. Oktober &#8211; Alexej Nawalny wurde als \u201efluchtgef\u00e4hrdet\u201c aus dem Register gestrichen und sofort als \u201eExtremist\u201c wieder aufgenommen &#8211; Es wurde bekannt, dass Sicherheitskr\u00e4fte bei","og_url":"https:\/\/www.human-rights-year.com\/de\/2021\/10\/19\/menschenrechte-in-russland-nachrichtenuebersicht-fuer-den-11-bis-17-oktober\/","og_site_name":"Europ\u00e4ischer Menschenrechtsdialog","article_published_time":"2021-10-19T19:36:56+00:00","article_modified_time":"2021-10-19T21:53:37+00:00","og_image":[{"width":1207,"height":686,"url":"https:\/\/www.human-rights-year.com\/wp-content\/uploads\/2021\/10\/main_thumb-1.jpg","type":"image\/jpeg"}],"author":"Europ\u00e4ischer Menschenrechtedialog","twitter_card":"summary_large_image","twitter_misc":{"Verfasst von":"Europ\u00e4ischer Menschenrechtedialog","Gesch\u00e4tzte Lesezeit":"3\u00a0Minuten"},"schema":{"@context":"https:\/\/schema.org","@graph":[{"@type":"WebSite","@id":"https:\/\/www.human-rights-year.com\/#website","url":"https:\/\/www.human-rights-year.com\/","name":"\u0415\u0432\u0440\u043e\u043f\u0435\u0439\u0441\u043a\u0438\u0439 \u043f\u0440\u0430\u0432\u043e\u0437\u0430\u0449\u0438\u0442\u043d\u044b\u0439 \u0434\u0438\u0430\u043b\u043e\u0433","description":" ","potentialAction":[{"@type":"SearchAction","target":{"@type":"EntryPoint","urlTemplate":"https:\/\/www.human-rights-year.com\/?s={search_term_string}"},"query-input":"required name=search_term_string"}],"inLanguage":"de"},{"@type":"WebPage","@id":"https:\/\/www.human-rights-year.com\/de\/2021\/10\/19\/menschenrechte-in-russland-nachrichtenuebersicht-fuer-den-11-bis-17-oktober\/","url":"https:\/\/www.human-rights-year.com\/de\/2021\/10\/19\/menschenrechte-in-russland-nachrichtenuebersicht-fuer-den-11-bis-17-oktober\/","name":"Menschenrechte in Russland: Nachrichten\u00fcbersicht f\u00fcr den 11. bis 17. Oktober - Europ\u00e4ischer Menschenrechtsdialog","isPartOf":{"@id":"https:\/\/www.human-rights-year.com\/#website"},"datePublished":"2021-10-19T19:36:56+00:00","dateModified":"2021-10-19T21:53:37+00:00","author":{"@id":"https:\/\/www.human-rights-year.com\/#\/schema\/person\/c61a685c41e5101f9ea8f886f7ff8867"},"breadcrumb":{"@id":"https:\/\/www.human-rights-year.com\/de\/2021\/10\/19\/menschenrechte-in-russland-nachrichtenuebersicht-fuer-den-11-bis-17-oktober\/#breadcrumb"},"inLanguage":"de","potentialAction":[{"@type":"ReadAction","target":["https:\/\/www.human-rights-year.com\/de\/2021\/10\/19\/menschenrechte-in-russland-nachrichtenuebersicht-fuer-den-11-bis-17-oktober\/"]}]},{"@type":"BreadcrumbList","@id":"https:\/\/www.human-rights-year.com\/de\/2021\/10\/19\/menschenrechte-in-russland-nachrichtenuebersicht-fuer-den-11-bis-17-oktober\/#breadcrumb","itemListElement":[{"@type":"ListItem","position":1,"name":"\u0413\u043b\u0430\u0432\u043d\u0430\u044f \u0441\u0442\u0440\u0430\u043d\u0438\u0446\u0430","item":"https:\/\/www.human-rights-year.com\/de\/"},{"@type":"ListItem","position":2,"name":"Menschenrechte in Russland: Nachrichten\u00fcbersicht f\u00fcr den 11. bis 17. Oktober"}]},{"@type":"Person","@id":"https:\/\/www.human-rights-year.com\/#\/schema\/person\/c61a685c41e5101f9ea8f886f7ff8867","name":"Europ\u00e4ischer Menschenrechtedialog","image":{"@type":"ImageObject","inLanguage":"de","@id":"https:\/\/www.human-rights-year.com\/#\/schema\/person\/image\/","url":"https:\/\/secure.gravatar.com\/avatar\/b8079c67933c0da74d24da6410334e70?s=96&d=mm&r=g","contentUrl":"https:\/\/secure.gravatar.com\/avatar\/b8079c67933c0da74d24da6410334e70?s=96&d=mm&r=g","caption":"Europ\u00e4ischer Menschenrechtedialog"},"description":"\u041f\u0440\u043e\u0435\u043a\u0442\u00a0\u00ab\u0415\u0432\u0440\u043e\u043f\u0435\u0439\u0441\u043a\u0438\u0439 \u043f\u0440\u0430\u0432\u043e\u0437\u0430\u0449\u0438\u0442\u043d\u044b\u0439 \u0434\u0438\u0430\u043b\u043e\u0433\u00bb \u0440\u0435\u0430\u043b\u0438\u0437\u0443\u0435\u0442\u0441\u044f \u043f\u0440\u0438\u00a0\u043f\u043e\u0434\u0434\u0435\u0440\u0436\u043a\u0435 \u0433\u0435\u0440\u043c\u0430\u043d\u0441\u043a\u043e\u0433\u043e \u041c\u0418\u0414\u0430. \u0421\u0438\u0442\u0443\u0430\u0446\u0438\u044f \u0441 \u043f\u043e\u043b\u0438\u0442\u0437\u0430\u043a\u043b\u044e\u0447\u0435\u043d\u043d\u044b\u043c\u0438 \u0438 \u0434\u0440\u0443\u0433\u0438\u0435 \u043f\u0440\u0430\u0432\u043e\u0437\u0430\u0449\u0438\u0442\u043d\u044b\u0435 \u043f\u0440\u043e\u0431\u043b\u0435\u043c\u044b \u0432 \u0420\u043e\u0441\u0441\u0438\u0438 \u0438 \u0411\u0435\u043b\u0430\u0440\u0443\u0441\u0438 \u0441\u0442\u0430\u043d\u043e\u0432\u044f\u0442\u0441\u044f \u0433\u043e\u0434 \u043e\u0442 \u0433\u043e\u0434\u0430 \u0432\u0441\u0435 \u043e\u0441\u0442\u0440\u0435\u0435. \u041c\u044b \u043e\u0436\u0438\u0432\u043b\u044f\u0435\u043c \u0434\u0438\u0430\u043b\u043e\u0433 \u043c\u0435\u0436\u0434\u0443 \u0440\u043e\u0441\u0441\u0438\u0439\u0441\u043a\u0438\u043c, \u0431\u0435\u043b\u0430\u0440\u0443\u0441\u0441\u043a\u0438\u043c, \u043f\u043e\u043b\u044c\u0441\u043a\u0438\u043c \u0438 \u043d\u0435\u043c\u0435\u0446\u043a\u0438\u043c \u043f\u0440\u0430\u0432\u043e\u0437\u0430\u0449\u0438\u0442\u043d\u044b\u043c \u0441\u043e\u043e\u0431\u0449\u0435\u0441\u0442\u0432\u043e\u043c \u0438 \u043d\u0430\u043b\u0430\u0436\u0438\u0432\u0430\u0435\u043c \u0438\u0445 \u043a\u043e\u043d\u0441\u0442\u0440\u0443\u043a\u0442\u0438\u0432\u043d\u043e\u0435 \u0432\u0437\u0430\u0438\u043c\u043e\u0434\u0435\u0439\u0441\u0442\u0432\u0438\u0435, \u0432\u0437\u0430\u0438\u043c\u043d\u043e\u0435 \u0438\u043d\u0444\u043e\u0440\u043c\u0438\u0440\u043e\u0432\u0430\u043d\u0438\u0435 \u0438 \u043f\u043e\u0434\u0434\u0435\u0440\u0436\u043a\u0443. \u041c\u044b \u0438\u043d\u0444\u043e\u0440\u043c\u0438\u0440\u0443\u0435\u043c \u043d\u0435\u043c\u0435\u0446\u043a\u0443\u044e \u043e\u0431\u0449\u0435\u0441\u0442\u0432\u0435\u043d\u043d\u043e\u0441\u0442\u044c \u043e \u0441\u0438\u0442\u0443\u0430\u0446\u0438\u0438 \u0441 \u0437\u0430\u0449\u0438\u0442\u043e\u0439 \u043f\u0440\u0430\u0432 \u0447\u0435\u043b\u043e\u0432\u0435\u043a\u0430 \u0432 \u0420\u043e\u0441\u0441\u0438\u0438 \u0438 \u0411\u0435\u043b\u0430\u0440\u0443\u0441\u0438, \u0430 \u0440\u043e\u0441\u0441\u0438\u0439\u0441\u043a\u0443\u044e \u0438 \u0431\u0435\u043b\u0430\u0440\u0443\u0441\u0441\u043a\u0443\u044e \u2014 \u043e \u043f\u043e\u043b\u043e\u0436\u0435\u043d\u0438\u0438 \u0432 \u044d\u0442\u043e\u0439 \u043e\u0431\u043b\u0430\u0441\u0442\u0438 \u0432 \u0413\u0435\u0440\u043c\u0430\u043d\u0438\u0438; \u0441\u043e\u0437\u0434\u0430\u0435\u043c \u043c\u0435\u0445\u0430\u043d\u0438\u0437\u043c \u043f\u043e\u0434\u0434\u0435\u0440\u0436\u043a\u0438 \u0440\u043e\u0441\u0441\u0438\u0439\u0441\u043a\u0438\u0445 \u0438 \u0431\u0435\u043b\u0430\u0440\u0443\u0441\u0441\u043a\u0438\u0445 \u043f\u0440\u0430\u0432\u043e\u0437\u0430\u0449\u0438\u0442\u043d\u0438\u043a\u043e\u0432, \u0436\u0435\u0440\u0442\u0432 \u043f\u043e\u043b\u0438\u0442\u0438\u0447\u0435\u0441\u043a\u0438\u0445 \u0440\u0435\u043f\u0440\u0435\u0441\u0441\u0438\u0439 \u0438 \u043f\u043e\u043b\u0438\u0442\u0437\u0430\u043a\u043b\u044e\u0447\u0435\u043d\u043d\u044b\u0445. \u0411\u0443\u0434\u0435\u043c \u0440\u0430\u0434\u044b \u0432\u0430\u0448\u0435\u043c\u0443 \u0443\u0447\u0430\u0441\u0442\u0438\u044e \u0432 \u0435\u0432\u0440\u043e\u043f\u0435\u0439\u0441\u043a\u043e\u043c \u043f\u0440\u0430\u0432\u043e\u0437\u0430\u0449\u0438\u0442\u043d\u043e\u043c \u0434\u0438\u0430\u043b\u043e\u0433\u0435 \u043d\u0430 \u043d\u0430\u0448\u0435\u043c \u0441\u0430\u0439\u0442\u0435 \u0438 \u0430\u043a\u043a\u0430\u0443\u043d\u0442\u0430\u0445 \u0432 \u0441\u043e\u0446\u0438\u0430\u043b\u044c\u043d\u044b\u0445 \u0441\u0435\u0442\u044f\u0445, \u0430 \u0442\u0430\u043a\u0436\u0435 \u043f\u0440\u0438\u0433\u043b\u0430\u0448\u0430\u0435\u043c \u0432\u0430\u0441 \u043f\u043e\u0434\u043f\u0438\u0441\u0430\u0442\u044c\u0441\u044f \u043d\u0430 \u0440\u0430\u0441\u0441\u044b\u043b\u043a\u0443 \u043e \u043f\u0440\u0430\u0432\u043e\u0437\u0430\u0449\u0438\u0442\u043d\u044b\u0445 \u043f\u0440\u043e\u0431\u043b\u0435\u043c\u0430\u0445\u00a0\u043f\u043e \u0441\u0441\u044b\u043b\u043a\u0435 (\u043d\u0430 \u043d\u0435\u043c\u0435\u0446\u043a\u043e\u043c \u044f\u0437\u044b\u043a\u0435).\u00a0","url":"https:\/\/www.human-rights-year.com\/de\/author\/anna-andrievskaja\/"}]}},"_links":{"self":[{"href":"https:\/\/www.human-rights-year.com\/de\/wp-json\/wp\/v2\/posts\/4313"}],"collection":[{"href":"https:\/\/www.human-rights-year.com\/de\/wp-json\/wp\/v2\/posts"}],"about":[{"href":"https:\/\/www.human-rights-year.com\/de\/wp-json\/wp\/v2\/types\/post"}],"author":[{"embeddable":true,"href":"https:\/\/www.human-rights-year.com\/de\/wp-json\/wp\/v2\/users\/33"}],"replies":[{"embeddable":true,"href":"https:\/\/www.human-rights-year.com\/de\/wp-json\/wp\/v2\/comments?post=4313"}],"version-history":[{"count":0,"href":"https:\/\/www.human-rights-year.com\/de\/wp-json\/wp\/v2\/posts\/4313\/revisions"}],"wp:featuredmedia":[{"embeddable":true,"href":"https:\/\/www.human-rights-year.com\/de\/wp-json\/wp\/v2\/media\/4314"}],"wp:attachment":[{"href":"https:\/\/www.human-rights-year.com\/de\/wp-json\/wp\/v2\/media?parent=4313"}],"wp:term":[{"taxonomy":"category","embeddable":true,"href":"https:\/\/www.human-rights-year.com\/de\/wp-json\/wp\/v2\/categories?post=4313"},{"taxonomy":"post_tag","embeddable":true,"href":"https:\/\/www.human-rights-year.com\/de\/wp-json\/wp\/v2\/tags?post=4313"}],"curies":[{"name":"wp","href":"https:\/\/api.w.org\/{rel}","templated":true}]}}