{"id":4297,"date":"2021-10-11T08:55:28","date_gmt":"2021-10-11T06:55:28","guid":{"rendered":"https:\/\/www.human-rights-year.com\/?p=4297"},"modified":"2022-01-30T12:58:54","modified_gmt":"2022-01-30T11:58:54","slug":"menschenrechte-in-belarus-nachrichtenuebersicht-fuer-den-27-9-bis-3-10","status":"publish","type":"post","link":"https:\/\/www.human-rights-year.com\/de\/2021\/10\/11\/menschenrechte-in-belarus-nachrichtenuebersicht-fuer-den-27-9-bis-3-10\/","title":{"rendered":"Menschenrechte in Belarus: Nachrichten\u00fcbersicht f\u00fcr den 27.9 bis 3.10"},"content":{"rendered":"<p><strong>27. September<\/strong><\/p>\n<p>&#8211; Die Schweizer politische Gefangene Natalya Hersche wurde von der Kolonie Gomel in ein M\u00e4nnergef\u00e4ngnis in Mogilev verlegt.<\/p>\n<p>&#8211; Der politische Gefangene Dzmitry Kubarev wurde gem\u00e4\u00df Artikel 29 (3 ) (rechtswidrige Handlungen im Zusammenhang mit brennbaren Stoffen) zu einem weiteren Jahr Haft verurteilt. Insgesamt k\u00f6nnte er acht Jahre in einer Strafkolonie mit strengem Regime verbringen.<\/p>\n<p>&#8211; Das Regionalgericht Mogilev verurteilte Siarhei Prus und Dzmitry Bandarev wegen ihres Videos auf Instagram zu f\u00fcnf Jahren Haft in einer strengen Strafkolonie gem\u00e4\u00df Teil 3 Artikel 130 (Aufstachelung zu sozialem Hass).<\/p>\n<p>&#8211; Andrei Kolos, Historiker und Lehrer von Mova Nanova, wurde in Volkovysk festgenommen. Er wurde f\u00fcr zehn Tage inhaftiert.<\/p>\n<p><strong>28. September<\/strong><\/p>\n<p>&#8211; Der Blogger Vadim Ermashuk (Vadimati) wurde offiziell unter Berufung auf Artikel 368 (Beleidigung des Pr\u00e4sidenten der Republik Belarus) und Artikel 370 (Beleidigung von Staatssymbolen) des Strafgesetzbuchs angeklagt. Zuvor hatte er einen 40-t\u00e4gigen Verwaltungsarrest verb\u00fc\u00dft, aus dem er nicht entlassen worden war.<\/p>\n<p>&#8211; Das Bezirksgericht von Brest-Maskouski hat den Prozess gegen acht Personen im Fall des \u201eReigentanzes\u201c unter Berufung auf Teil 1 des Artikels 342 (Organisation und Vorbereitung von Handlungen, die die \u00f6ffentliche Ordnung grob verletzen) des Strafgesetzbuchs er\u00f6ffnet. Nicht weniger als 81 Personen wurden bereits verurteilt.<\/p>\n<p>&#8211; Das Bezirksgericht von Vitsebsk Kastrychnitski hat \u00a0Yulia Oleinik gem\u00e4\u00df Artikel 341 des Strafgesetzbuchs (Sch\u00e4ndung von Geb\u00e4uden und Besch\u00e4digung von Eigentum) f\u00fcr schuldig befunden, weil sie auf ein Betonrohr die Aufschrift \u201eBCHB zhyve\u201c gemalt hatte. Die Studentin wurde zu einer Geldstrafe von 90 Tagess\u00e4tzen verurteilt.<\/p>\n<p>&#8211; KGB-Offiziere in Minsk haben den Programmierer Andrei Zeltser in seiner Wohnung erschossen, als sie \u201espezielle Ma\u00dfnahmen zur \u00dcberpr\u00fcfung von Adressen durchf\u00fchrten, an denen Personen, die in terroristische Aktivit\u00e4ten verwickelt waren, angetroffen werden konnten\u201c. Das Opfer erwiderte das Feuer, woraufhin einer der Beamten, Dzmitry Fedosiuk, seinen Wunden erlag. Die Ehefrau von Andrey Zeltser wurde festgenommen und befindet sich in solationshaft in Okrestina.<\/p>\n<p>&#8211; Der Oberste Gerichtshof hat die Nichtregierungsorganisation <em>Gender Perspectives<\/em> aufgel\u00f6st. Die Organisation befasst sich seit elf Jahren mit \u00a0Problemen \u00a0h\u00e4uslicher Gewalt und \u00a0geschlechtsspezifischer Diskriminierung.<\/p>\n<p>&#8211; In Navapolatsk wurden die Arbeiter Dzmitry Kairo und Siarhei Pligavko (ehemaliges Mitglied des Naftan-Streiks) festgenommen. Beide wurden durchsucht.<\/p>\n<p>&#8211; Das Gericht von Homel Savichou verurteilte Viachaslau Savichou gem\u00e4\u00df Artikel 370 (Beleidigung von \u00a0Staatssymbolen) des Strafgesetzbuchs zu einem Jahr Gef\u00e4ngnis, weil er die Staatsflagge heruntergerissen hatte. Der Schaden wurde auf 21 Rubel gesch\u00e4tzt (7.35 \u20ac).<\/p>\n<p><strong>29. September<\/strong><\/p>\n<p>&#8211; Die Website der russischen Zeitung <em>Komsomolskaja Prawda<\/em> in Belarus wurde gesperrt.<\/p>\n<p>&#8211; Gegen Valery Tsepkalo wurde ein neues Strafverfahren unter Berufung auf Teil 3 des Artikels 361 (Aufruf zu Handlungen, die die nationale Sicherheit der Republik Belarus beeintr\u00e4chtigen) wegen seines Kommentars zum Tod eines KGB-Offiziers eingeleitet.<\/p>\n<p>&#8211; Der Tontechniker Kiril Salieu wurde unter Berufung auf \u00a0Artikel 342 des Strafgesetzbuchs (Organisation und Vorbereitung von Handlungen, die die \u00f6ffentliche Ordnung grob verletzen) angeklagt. Er befindet sich derzeit in Untersuchungshaft.<\/p>\n<p><strong>30. September<\/strong><\/p>\n<p>&#8211; In Minsk wurden etwa 50 Personen gem\u00e4\u00df Artikel 130 (Aufstachelung zu sozialem Hass) und Artikel 369 (Beleidigung eines Vertreters der Beh\u00f6rden) des Strafgesetzbuchs wegen Kommentaren zum Tod eines KGB-Offiziers festgenommen. Bis zum 1. Oktober hatte sich diese Zahl auf 100 Personen erh\u00f6ht.<\/p>\n<p>&#8211; Mehr als zwei Dutzend Mitarbeiter des staatlichen Unternehmens <em>Abteilung f\u00fcr Stra\u00dfen- und Br\u00fcckenbau und -verbesserung<\/em> des Exekutivkomitees der Stadt Minsk wurden \u201egem\u00e4\u00df den KGB-Listen\u201c entlassen.<\/p>\n<p>&#8211; Ein weiteres Strafverfahren gem\u00e4\u00df Artikel 342 des Strafgesetzbuchs (Organisation und Vorbereitung von Handlungen, die die \u00f6ffentliche Ordnung grob verletzen) wurde gegen den politischen Gefangenen Maksim Yelkanau eingeleitet.<\/p>\n<p>&#8211; Das Bezirksgericht Minsk-Leninski verurteilte Kirill Chertkou zu drei Jahren \u201eChemie\u201c unter Berufung auf Artikel 342 des Strafgesetzbuchs (Organisation und Vorbereitung von Handlungen, die die \u00f6ffentliche Ordnung grob verletzen), weil er einen Oberleitungsbus angehalten hatte, um Platz f\u00fcr einen Krankenwagen zu schaffen.<\/p>\n<p>&#8211; Das Gericht in Minsk-Frunzenski verurteilte Viktoryia Soroka gem\u00e4\u00df Artikel 24.23 (Versto\u00df gegen die Ordnung der Organisation oder Durchf\u00fchrung von Massenveranstaltungen) des Verwaltungsgesetzes wegen der Teilnahme an einem Hofmarsch zu 13 Tagen Arrest.<\/p>\n<p><strong>1. Oktober<\/strong><\/p>\n<p>&#8211; Die Inhalte des Telegram- und YouTube-Kanals <em>Usy Lukaschenka (Lukashenka&#8217;s Moustache)<\/em> wurden als extremistisch eingestuft.<\/p>\n<p>&#8211; Am 1. Oktober wurde der belarussische Kameramann Iahor Komarouski, der mit der Deutschen Welle zusammengearbeitet hatte, in einem Strafverfahren nach Artikel 218 (vors\u00e4tzliche Zerst\u00f6rung oder Besch\u00e4digung fremden Eigentums) und Artikel 289 (terroristische Handlungen) durchsucht. Am 28. September wurde er wegen \u201eRowdytums\u201c f\u00fcr 14 Tage inhaftiert.<\/p>\n<p>&#8211; Gennadi Moscheika, Journalist der <em>Komsomolskaja Prawda<\/em>, wurde festgenommen. Seine Wohnung wurde unter Berufung auf Artikel 130, Teil 3 (Sch\u00fcren rassischer, nationaler, religi\u00f6ser oder anderer sozialer Feindschaft oder Zwietracht) und Artikel 369 (Beleidigung eines Amtstr\u00e4gers) durchsucht.<\/p>\n<p>&#8211; Die REP-Aktivistin Halina Smirnova wurde in Babruisk durchsucht und anschlie\u00dfend inhaftiert.<\/p>\n<p>&#8211; Der Oberste Gerichtshof hat die \u00e4lteste Menschenrechtsorganisation in Belarus, das Belarussische Helsinki Komitee, aufgel\u00f6st.<\/p>\n<p>&#8211; Der Oberste Gerichtshof hat den <em>Belarussischen B\u00fcrgerverband der Journalisten<\/em> aufgel\u00f6st.<\/p>\n<p>&#8211; Das Bezirksgericht des Zentralbezirks Minsk verurteilte Pavel Lukoyanau gem\u00e4\u00df Teil 2 des Artikels 293 (Massenunruhen) des Strafgesetzbuchs wegen seiner Teilnahme an den Protesten im August 2020 zu einer vierj\u00e4hrigen Haftstrafe mit mittlerer Sicherheitsstufe.<\/p>\n<p><strong>2. Oktober<\/strong><\/p>\n<p>&#8211; Ilya Mironau, ein Freiwilliger von <em>Homiel Viasna<\/em>, wurde in eine Untersuchungshaftanstalt \u00fcberf\u00fchrt. Er war bereits am 30. September festgenommen worden.<\/p>\n","protected":false},"excerpt":{"rendered":"<p>27. September &#8211; Die Schweizer politische Gefangene Natalya Hersche wurde von der Kolonie Gomel in ein M\u00e4nnergef\u00e4ngnis in Mogilev verlegt. &#8211; Der politische Gefangene Dzmitry<\/p>\n","protected":false},"author":33,"featured_media":4286,"comment_status":"closed","ping_status":"open","sticky":false,"template":"","format":"standard","meta":[],"categories":[432,429],"tags":[],"yoast_head":"<!-- This site is optimized with the Yoast SEO plugin v19.4 - https:\/\/yoast.com\/wordpress\/plugins\/seo\/ -->\n<title>Menschenrechte in Belarus: Nachrichten\u00fcbersicht f\u00fcr den 27.9 bis 3.10 - Europ\u00e4ischer Menschenrechtsdialog<\/title>\n<meta name=\"robots\" content=\"index, follow, max-snippet:-1, max-image-preview:large, max-video-preview:-1\" \/>\n<link rel=\"canonical\" href=\"https:\/\/www.human-rights-year.com\/de\/2021\/10\/11\/menschenrechte-in-belarus-nachrichtenuebersicht-fuer-den-27-9-bis-3-10\/\" \/>\n<meta property=\"og:locale\" content=\"de_DE\" \/>\n<meta property=\"og:type\" content=\"article\" \/>\n<meta property=\"og:title\" content=\"Menschenrechte in Belarus: Nachrichten\u00fcbersicht f\u00fcr den 27.9 bis 3.10 - Europ\u00e4ischer Menschenrechtsdialog\" \/>\n<meta property=\"og:description\" content=\"27. September &#8211; Die Schweizer politische Gefangene Natalya Hersche wurde von der Kolonie Gomel in ein M\u00e4nnergef\u00e4ngnis in Mogilev verlegt. &#8211; Der politische Gefangene Dzmitry\" \/>\n<meta property=\"og:url\" content=\"https:\/\/www.human-rights-year.com\/de\/2021\/10\/11\/menschenrechte-in-belarus-nachrichtenuebersicht-fuer-den-27-9-bis-3-10\/\" \/>\n<meta property=\"og:site_name\" content=\"Europ\u00e4ischer Menschenrechtsdialog\" \/>\n<meta property=\"article:published_time\" content=\"2021-10-11T06:55:28+00:00\" \/>\n<meta property=\"article:modified_time\" content=\"2022-01-30T11:58:54+00:00\" \/>\n<meta property=\"og:image\" content=\"https:\/\/www.human-rights-year.com\/wp-content\/uploads\/2021\/10\/savichau-01.jpg\" \/>\n\t<meta property=\"og:image:width\" content=\"600\" \/>\n\t<meta property=\"og:image:height\" content=\"450\" \/>\n\t<meta property=\"og:image:type\" content=\"image\/jpeg\" \/>\n<meta name=\"author\" content=\"Europ\u00e4ischer Menschenrechtedialog\" \/>\n<meta name=\"twitter:card\" content=\"summary_large_image\" \/>\n<meta name=\"twitter:label1\" content=\"Verfasst von\" \/>\n\t<meta name=\"twitter:data1\" content=\"Europ\u00e4ischer Menschenrechtedialog\" \/>\n\t<meta name=\"twitter:label2\" content=\"Gesch\u00e4tzte Lesezeit\" \/>\n\t<meta name=\"twitter:data2\" content=\"4\u00a0Minuten\" \/>\n<script type=\"application\/ld+json\" class=\"yoast-schema-graph\">{\"@context\":\"https:\/\/schema.org\",\"@graph\":[{\"@type\":\"WebSite\",\"@id\":\"https:\/\/www.human-rights-year.com\/#website\",\"url\":\"https:\/\/www.human-rights-year.com\/\",\"name\":\"\u0415\u0432\u0440\u043e\u043f\u0435\u0439\u0441\u043a\u0438\u0439 \u043f\u0440\u0430\u0432\u043e\u0437\u0430\u0449\u0438\u0442\u043d\u044b\u0439 \u0434\u0438\u0430\u043b\u043e\u0433\",\"description\":\" \",\"potentialAction\":[{\"@type\":\"SearchAction\",\"target\":{\"@type\":\"EntryPoint\",\"urlTemplate\":\"https:\/\/www.human-rights-year.com\/?s={search_term_string}\"},\"query-input\":\"required name=search_term_string\"}],\"inLanguage\":\"de\"},{\"@type\":\"WebPage\",\"@id\":\"https:\/\/www.human-rights-year.com\/de\/2021\/10\/11\/menschenrechte-in-belarus-nachrichtenuebersicht-fuer-den-27-9-bis-3-10\/\",\"url\":\"https:\/\/www.human-rights-year.com\/de\/2021\/10\/11\/menschenrechte-in-belarus-nachrichtenuebersicht-fuer-den-27-9-bis-3-10\/\",\"name\":\"Menschenrechte in Belarus: Nachrichten\u00fcbersicht f\u00fcr den 27.9 bis 3.10 - Europ\u00e4ischer Menschenrechtsdialog\",\"isPartOf\":{\"@id\":\"https:\/\/www.human-rights-year.com\/#website\"},\"datePublished\":\"2021-10-11T06:55:28+00:00\",\"dateModified\":\"2022-01-30T11:58:54+00:00\",\"author\":{\"@id\":\"https:\/\/www.human-rights-year.com\/#\/schema\/person\/c61a685c41e5101f9ea8f886f7ff8867\"},\"breadcrumb\":{\"@id\":\"https:\/\/www.human-rights-year.com\/de\/2021\/10\/11\/menschenrechte-in-belarus-nachrichtenuebersicht-fuer-den-27-9-bis-3-10\/#breadcrumb\"},\"inLanguage\":\"de\",\"potentialAction\":[{\"@type\":\"ReadAction\",\"target\":[\"https:\/\/www.human-rights-year.com\/de\/2021\/10\/11\/menschenrechte-in-belarus-nachrichtenuebersicht-fuer-den-27-9-bis-3-10\/\"]}]},{\"@type\":\"BreadcrumbList\",\"@id\":\"https:\/\/www.human-rights-year.com\/de\/2021\/10\/11\/menschenrechte-in-belarus-nachrichtenuebersicht-fuer-den-27-9-bis-3-10\/#breadcrumb\",\"itemListElement\":[{\"@type\":\"ListItem\",\"position\":1,\"name\":\"\u0413\u043b\u0430\u0432\u043d\u0430\u044f \u0441\u0442\u0440\u0430\u043d\u0438\u0446\u0430\",\"item\":\"https:\/\/www.human-rights-year.com\/de\/\"},{\"@type\":\"ListItem\",\"position\":2,\"name\":\"Menschenrechte in Belarus: Nachrichten\u00fcbersicht f\u00fcr den 27.9 bis 3.10\"}]},{\"@type\":\"Person\",\"@id\":\"https:\/\/www.human-rights-year.com\/#\/schema\/person\/c61a685c41e5101f9ea8f886f7ff8867\",\"name\":\"Europ\u00e4ischer Menschenrechtedialog\",\"image\":{\"@type\":\"ImageObject\",\"inLanguage\":\"de\",\"@id\":\"https:\/\/www.human-rights-year.com\/#\/schema\/person\/image\/\",\"url\":\"https:\/\/secure.gravatar.com\/avatar\/b8079c67933c0da74d24da6410334e70?s=96&d=mm&r=g\",\"contentUrl\":\"https:\/\/secure.gravatar.com\/avatar\/b8079c67933c0da74d24da6410334e70?s=96&d=mm&r=g\",\"caption\":\"Europ\u00e4ischer Menschenrechtedialog\"},\"description\":\"\u041f\u0440\u043e\u0435\u043a\u0442\u00a0\u00ab\u0415\u0432\u0440\u043e\u043f\u0435\u0439\u0441\u043a\u0438\u0439 \u043f\u0440\u0430\u0432\u043e\u0437\u0430\u0449\u0438\u0442\u043d\u044b\u0439 \u0434\u0438\u0430\u043b\u043e\u0433\u00bb \u0440\u0435\u0430\u043b\u0438\u0437\u0443\u0435\u0442\u0441\u044f \u043f\u0440\u0438\u00a0\u043f\u043e\u0434\u0434\u0435\u0440\u0436\u043a\u0435 \u0433\u0435\u0440\u043c\u0430\u043d\u0441\u043a\u043e\u0433\u043e \u041c\u0418\u0414\u0430. \u0421\u0438\u0442\u0443\u0430\u0446\u0438\u044f \u0441 \u043f\u043e\u043b\u0438\u0442\u0437\u0430\u043a\u043b\u044e\u0447\u0435\u043d\u043d\u044b\u043c\u0438 \u0438 \u0434\u0440\u0443\u0433\u0438\u0435 \u043f\u0440\u0430\u0432\u043e\u0437\u0430\u0449\u0438\u0442\u043d\u044b\u0435 \u043f\u0440\u043e\u0431\u043b\u0435\u043c\u044b \u0432 \u0420\u043e\u0441\u0441\u0438\u0438 \u0438 \u0411\u0435\u043b\u0430\u0440\u0443\u0441\u0438 \u0441\u0442\u0430\u043d\u043e\u0432\u044f\u0442\u0441\u044f \u0433\u043e\u0434 \u043e\u0442 \u0433\u043e\u0434\u0430 \u0432\u0441\u0435 \u043e\u0441\u0442\u0440\u0435\u0435. \u041c\u044b \u043e\u0436\u0438\u0432\u043b\u044f\u0435\u043c \u0434\u0438\u0430\u043b\u043e\u0433 \u043c\u0435\u0436\u0434\u0443 \u0440\u043e\u0441\u0441\u0438\u0439\u0441\u043a\u0438\u043c, \u0431\u0435\u043b\u0430\u0440\u0443\u0441\u0441\u043a\u0438\u043c, \u043f\u043e\u043b\u044c\u0441\u043a\u0438\u043c \u0438 \u043d\u0435\u043c\u0435\u0446\u043a\u0438\u043c \u043f\u0440\u0430\u0432\u043e\u0437\u0430\u0449\u0438\u0442\u043d\u044b\u043c \u0441\u043e\u043e\u0431\u0449\u0435\u0441\u0442\u0432\u043e\u043c \u0438 \u043d\u0430\u043b\u0430\u0436\u0438\u0432\u0430\u0435\u043c \u0438\u0445 \u043a\u043e\u043d\u0441\u0442\u0440\u0443\u043a\u0442\u0438\u0432\u043d\u043e\u0435 \u0432\u0437\u0430\u0438\u043c\u043e\u0434\u0435\u0439\u0441\u0442\u0432\u0438\u0435, \u0432\u0437\u0430\u0438\u043c\u043d\u043e\u0435 \u0438\u043d\u0444\u043e\u0440\u043c\u0438\u0440\u043e\u0432\u0430\u043d\u0438\u0435 \u0438 \u043f\u043e\u0434\u0434\u0435\u0440\u0436\u043a\u0443. \u041c\u044b \u0438\u043d\u0444\u043e\u0440\u043c\u0438\u0440\u0443\u0435\u043c \u043d\u0435\u043c\u0435\u0446\u043a\u0443\u044e \u043e\u0431\u0449\u0435\u0441\u0442\u0432\u0435\u043d\u043d\u043e\u0441\u0442\u044c \u043e \u0441\u0438\u0442\u0443\u0430\u0446\u0438\u0438 \u0441 \u0437\u0430\u0449\u0438\u0442\u043e\u0439 \u043f\u0440\u0430\u0432 \u0447\u0435\u043b\u043e\u0432\u0435\u043a\u0430 \u0432 \u0420\u043e\u0441\u0441\u0438\u0438 \u0438 \u0411\u0435\u043b\u0430\u0440\u0443\u0441\u0438, \u0430 \u0440\u043e\u0441\u0441\u0438\u0439\u0441\u043a\u0443\u044e \u0438 \u0431\u0435\u043b\u0430\u0440\u0443\u0441\u0441\u043a\u0443\u044e \u2014 \u043e \u043f\u043e\u043b\u043e\u0436\u0435\u043d\u0438\u0438 \u0432 \u044d\u0442\u043e\u0439 \u043e\u0431\u043b\u0430\u0441\u0442\u0438 \u0432 \u0413\u0435\u0440\u043c\u0430\u043d\u0438\u0438; \u0441\u043e\u0437\u0434\u0430\u0435\u043c \u043c\u0435\u0445\u0430\u043d\u0438\u0437\u043c \u043f\u043e\u0434\u0434\u0435\u0440\u0436\u043a\u0438 \u0440\u043e\u0441\u0441\u0438\u0439\u0441\u043a\u0438\u0445 \u0438 \u0431\u0435\u043b\u0430\u0440\u0443\u0441\u0441\u043a\u0438\u0445 \u043f\u0440\u0430\u0432\u043e\u0437\u0430\u0449\u0438\u0442\u043d\u0438\u043a\u043e\u0432, \u0436\u0435\u0440\u0442\u0432 \u043f\u043e\u043b\u0438\u0442\u0438\u0447\u0435\u0441\u043a\u0438\u0445 \u0440\u0435\u043f\u0440\u0435\u0441\u0441\u0438\u0439 \u0438 \u043f\u043e\u043b\u0438\u0442\u0437\u0430\u043a\u043b\u044e\u0447\u0435\u043d\u043d\u044b\u0445. \u0411\u0443\u0434\u0435\u043c \u0440\u0430\u0434\u044b \u0432\u0430\u0448\u0435\u043c\u0443 \u0443\u0447\u0430\u0441\u0442\u0438\u044e \u0432 \u0435\u0432\u0440\u043e\u043f\u0435\u0439\u0441\u043a\u043e\u043c \u043f\u0440\u0430\u0432\u043e\u0437\u0430\u0449\u0438\u0442\u043d\u043e\u043c \u0434\u0438\u0430\u043b\u043e\u0433\u0435 \u043d\u0430 \u043d\u0430\u0448\u0435\u043c \u0441\u0430\u0439\u0442\u0435 \u0438 \u0430\u043a\u043a\u0430\u0443\u043d\u0442\u0430\u0445 \u0432 \u0441\u043e\u0446\u0438\u0430\u043b\u044c\u043d\u044b\u0445 \u0441\u0435\u0442\u044f\u0445, \u0430 \u0442\u0430\u043a\u0436\u0435 \u043f\u0440\u0438\u0433\u043b\u0430\u0448\u0430\u0435\u043c \u0432\u0430\u0441 \u043f\u043e\u0434\u043f\u0438\u0441\u0430\u0442\u044c\u0441\u044f \u043d\u0430 \u0440\u0430\u0441\u0441\u044b\u043b\u043a\u0443 \u043e \u043f\u0440\u0430\u0432\u043e\u0437\u0430\u0449\u0438\u0442\u043d\u044b\u0445 \u043f\u0440\u043e\u0431\u043b\u0435\u043c\u0430\u0445\u00a0\u043f\u043e \u0441\u0441\u044b\u043b\u043a\u0435 (\u043d\u0430 \u043d\u0435\u043c\u0435\u0446\u043a\u043e\u043c \u044f\u0437\u044b\u043a\u0435).\u00a0\",\"url\":\"https:\/\/www.human-rights-year.com\/de\/author\/anna-andrievskaja\/\"}]}<\/script>\n<!-- \/ Yoast SEO plugin. -->","yoast_head_json":{"title":"Menschenrechte in Belarus: Nachrichten\u00fcbersicht f\u00fcr den 27.9 bis 3.10 - Europ\u00e4ischer Menschenrechtsdialog","robots":{"index":"index","follow":"follow","max-snippet":"max-snippet:-1","max-image-preview":"max-image-preview:large","max-video-preview":"max-video-preview:-1"},"canonical":"https:\/\/www.human-rights-year.com\/de\/2021\/10\/11\/menschenrechte-in-belarus-nachrichtenuebersicht-fuer-den-27-9-bis-3-10\/","og_locale":"de_DE","og_type":"article","og_title":"Menschenrechte in Belarus: Nachrichten\u00fcbersicht f\u00fcr den 27.9 bis 3.10 - Europ\u00e4ischer Menschenrechtsdialog","og_description":"27. September &#8211; Die Schweizer politische Gefangene Natalya Hersche wurde von der Kolonie Gomel in ein M\u00e4nnergef\u00e4ngnis in Mogilev verlegt. &#8211; Der politische Gefangene Dzmitry","og_url":"https:\/\/www.human-rights-year.com\/de\/2021\/10\/11\/menschenrechte-in-belarus-nachrichtenuebersicht-fuer-den-27-9-bis-3-10\/","og_site_name":"Europ\u00e4ischer Menschenrechtsdialog","article_published_time":"2021-10-11T06:55:28+00:00","article_modified_time":"2022-01-30T11:58:54+00:00","og_image":[{"width":600,"height":450,"url":"https:\/\/www.human-rights-year.com\/wp-content\/uploads\/2021\/10\/savichau-01.jpg","type":"image\/jpeg"}],"author":"Europ\u00e4ischer Menschenrechtedialog","twitter_card":"summary_large_image","twitter_misc":{"Verfasst von":"Europ\u00e4ischer Menschenrechtedialog","Gesch\u00e4tzte Lesezeit":"4\u00a0Minuten"},"schema":{"@context":"https:\/\/schema.org","@graph":[{"@type":"WebSite","@id":"https:\/\/www.human-rights-year.com\/#website","url":"https:\/\/www.human-rights-year.com\/","name":"\u0415\u0432\u0440\u043e\u043f\u0435\u0439\u0441\u043a\u0438\u0439 \u043f\u0440\u0430\u0432\u043e\u0437\u0430\u0449\u0438\u0442\u043d\u044b\u0439 \u0434\u0438\u0430\u043b\u043e\u0433","description":" ","potentialAction":[{"@type":"SearchAction","target":{"@type":"EntryPoint","urlTemplate":"https:\/\/www.human-rights-year.com\/?s={search_term_string}"},"query-input":"required name=search_term_string"}],"inLanguage":"de"},{"@type":"WebPage","@id":"https:\/\/www.human-rights-year.com\/de\/2021\/10\/11\/menschenrechte-in-belarus-nachrichtenuebersicht-fuer-den-27-9-bis-3-10\/","url":"https:\/\/www.human-rights-year.com\/de\/2021\/10\/11\/menschenrechte-in-belarus-nachrichtenuebersicht-fuer-den-27-9-bis-3-10\/","name":"Menschenrechte in Belarus: Nachrichten\u00fcbersicht f\u00fcr den 27.9 bis 3.10 - Europ\u00e4ischer Menschenrechtsdialog","isPartOf":{"@id":"https:\/\/www.human-rights-year.com\/#website"},"datePublished":"2021-10-11T06:55:28+00:00","dateModified":"2022-01-30T11:58:54+00:00","author":{"@id":"https:\/\/www.human-rights-year.com\/#\/schema\/person\/c61a685c41e5101f9ea8f886f7ff8867"},"breadcrumb":{"@id":"https:\/\/www.human-rights-year.com\/de\/2021\/10\/11\/menschenrechte-in-belarus-nachrichtenuebersicht-fuer-den-27-9-bis-3-10\/#breadcrumb"},"inLanguage":"de","potentialAction":[{"@type":"ReadAction","target":["https:\/\/www.human-rights-year.com\/de\/2021\/10\/11\/menschenrechte-in-belarus-nachrichtenuebersicht-fuer-den-27-9-bis-3-10\/"]}]},{"@type":"BreadcrumbList","@id":"https:\/\/www.human-rights-year.com\/de\/2021\/10\/11\/menschenrechte-in-belarus-nachrichtenuebersicht-fuer-den-27-9-bis-3-10\/#breadcrumb","itemListElement":[{"@type":"ListItem","position":1,"name":"\u0413\u043b\u0430\u0432\u043d\u0430\u044f \u0441\u0442\u0440\u0430\u043d\u0438\u0446\u0430","item":"https:\/\/www.human-rights-year.com\/de\/"},{"@type":"ListItem","position":2,"name":"Menschenrechte in Belarus: Nachrichten\u00fcbersicht f\u00fcr den 27.9 bis 3.10"}]},{"@type":"Person","@id":"https:\/\/www.human-rights-year.com\/#\/schema\/person\/c61a685c41e5101f9ea8f886f7ff8867","name":"Europ\u00e4ischer Menschenrechtedialog","image":{"@type":"ImageObject","inLanguage":"de","@id":"https:\/\/www.human-rights-year.com\/#\/schema\/person\/image\/","url":"https:\/\/secure.gravatar.com\/avatar\/b8079c67933c0da74d24da6410334e70?s=96&d=mm&r=g","contentUrl":"https:\/\/secure.gravatar.com\/avatar\/b8079c67933c0da74d24da6410334e70?s=96&d=mm&r=g","caption":"Europ\u00e4ischer Menschenrechtedialog"},"description":"\u041f\u0440\u043e\u0435\u043a\u0442\u00a0\u00ab\u0415\u0432\u0440\u043e\u043f\u0435\u0439\u0441\u043a\u0438\u0439 \u043f\u0440\u0430\u0432\u043e\u0437\u0430\u0449\u0438\u0442\u043d\u044b\u0439 \u0434\u0438\u0430\u043b\u043e\u0433\u00bb \u0440\u0435\u0430\u043b\u0438\u0437\u0443\u0435\u0442\u0441\u044f \u043f\u0440\u0438\u00a0\u043f\u043e\u0434\u0434\u0435\u0440\u0436\u043a\u0435 \u0433\u0435\u0440\u043c\u0430\u043d\u0441\u043a\u043e\u0433\u043e \u041c\u0418\u0414\u0430. \u0421\u0438\u0442\u0443\u0430\u0446\u0438\u044f \u0441 \u043f\u043e\u043b\u0438\u0442\u0437\u0430\u043a\u043b\u044e\u0447\u0435\u043d\u043d\u044b\u043c\u0438 \u0438 \u0434\u0440\u0443\u0433\u0438\u0435 \u043f\u0440\u0430\u0432\u043e\u0437\u0430\u0449\u0438\u0442\u043d\u044b\u0435 \u043f\u0440\u043e\u0431\u043b\u0435\u043c\u044b \u0432 \u0420\u043e\u0441\u0441\u0438\u0438 \u0438 \u0411\u0435\u043b\u0430\u0440\u0443\u0441\u0438 \u0441\u0442\u0430\u043d\u043e\u0432\u044f\u0442\u0441\u044f \u0433\u043e\u0434 \u043e\u0442 \u0433\u043e\u0434\u0430 \u0432\u0441\u0435 \u043e\u0441\u0442\u0440\u0435\u0435. \u041c\u044b \u043e\u0436\u0438\u0432\u043b\u044f\u0435\u043c \u0434\u0438\u0430\u043b\u043e\u0433 \u043c\u0435\u0436\u0434\u0443 \u0440\u043e\u0441\u0441\u0438\u0439\u0441\u043a\u0438\u043c, \u0431\u0435\u043b\u0430\u0440\u0443\u0441\u0441\u043a\u0438\u043c, \u043f\u043e\u043b\u044c\u0441\u043a\u0438\u043c \u0438 \u043d\u0435\u043c\u0435\u0446\u043a\u0438\u043c \u043f\u0440\u0430\u0432\u043e\u0437\u0430\u0449\u0438\u0442\u043d\u044b\u043c \u0441\u043e\u043e\u0431\u0449\u0435\u0441\u0442\u0432\u043e\u043c \u0438 \u043d\u0430\u043b\u0430\u0436\u0438\u0432\u0430\u0435\u043c \u0438\u0445 \u043a\u043e\u043d\u0441\u0442\u0440\u0443\u043a\u0442\u0438\u0432\u043d\u043e\u0435 \u0432\u0437\u0430\u0438\u043c\u043e\u0434\u0435\u0439\u0441\u0442\u0432\u0438\u0435, \u0432\u0437\u0430\u0438\u043c\u043d\u043e\u0435 \u0438\u043d\u0444\u043e\u0440\u043c\u0438\u0440\u043e\u0432\u0430\u043d\u0438\u0435 \u0438 \u043f\u043e\u0434\u0434\u0435\u0440\u0436\u043a\u0443. \u041c\u044b \u0438\u043d\u0444\u043e\u0440\u043c\u0438\u0440\u0443\u0435\u043c \u043d\u0435\u043c\u0435\u0446\u043a\u0443\u044e \u043e\u0431\u0449\u0435\u0441\u0442\u0432\u0435\u043d\u043d\u043e\u0441\u0442\u044c \u043e \u0441\u0438\u0442\u0443\u0430\u0446\u0438\u0438 \u0441 \u0437\u0430\u0449\u0438\u0442\u043e\u0439 \u043f\u0440\u0430\u0432 \u0447\u0435\u043b\u043e\u0432\u0435\u043a\u0430 \u0432 \u0420\u043e\u0441\u0441\u0438\u0438 \u0438 \u0411\u0435\u043b\u0430\u0440\u0443\u0441\u0438, \u0430 \u0440\u043e\u0441\u0441\u0438\u0439\u0441\u043a\u0443\u044e \u0438 \u0431\u0435\u043b\u0430\u0440\u0443\u0441\u0441\u043a\u0443\u044e \u2014 \u043e \u043f\u043e\u043b\u043e\u0436\u0435\u043d\u0438\u0438 \u0432 \u044d\u0442\u043e\u0439 \u043e\u0431\u043b\u0430\u0441\u0442\u0438 \u0432 \u0413\u0435\u0440\u043c\u0430\u043d\u0438\u0438; \u0441\u043e\u0437\u0434\u0430\u0435\u043c \u043c\u0435\u0445\u0430\u043d\u0438\u0437\u043c \u043f\u043e\u0434\u0434\u0435\u0440\u0436\u043a\u0438 \u0440\u043e\u0441\u0441\u0438\u0439\u0441\u043a\u0438\u0445 \u0438 \u0431\u0435\u043b\u0430\u0440\u0443\u0441\u0441\u043a\u0438\u0445 \u043f\u0440\u0430\u0432\u043e\u0437\u0430\u0449\u0438\u0442\u043d\u0438\u043a\u043e\u0432, \u0436\u0435\u0440\u0442\u0432 \u043f\u043e\u043b\u0438\u0442\u0438\u0447\u0435\u0441\u043a\u0438\u0445 \u0440\u0435\u043f\u0440\u0435\u0441\u0441\u0438\u0439 \u0438 \u043f\u043e\u043b\u0438\u0442\u0437\u0430\u043a\u043b\u044e\u0447\u0435\u043d\u043d\u044b\u0445. \u0411\u0443\u0434\u0435\u043c \u0440\u0430\u0434\u044b \u0432\u0430\u0448\u0435\u043c\u0443 \u0443\u0447\u0430\u0441\u0442\u0438\u044e \u0432 \u0435\u0432\u0440\u043e\u043f\u0435\u0439\u0441\u043a\u043e\u043c \u043f\u0440\u0430\u0432\u043e\u0437\u0430\u0449\u0438\u0442\u043d\u043e\u043c \u0434\u0438\u0430\u043b\u043e\u0433\u0435 \u043d\u0430 \u043d\u0430\u0448\u0435\u043c \u0441\u0430\u0439\u0442\u0435 \u0438 \u0430\u043a\u043a\u0430\u0443\u043d\u0442\u0430\u0445 \u0432 \u0441\u043e\u0446\u0438\u0430\u043b\u044c\u043d\u044b\u0445 \u0441\u0435\u0442\u044f\u0445, \u0430 \u0442\u0430\u043a\u0436\u0435 \u043f\u0440\u0438\u0433\u043b\u0430\u0448\u0430\u0435\u043c \u0432\u0430\u0441 \u043f\u043e\u0434\u043f\u0438\u0441\u0430\u0442\u044c\u0441\u044f \u043d\u0430 \u0440\u0430\u0441\u0441\u044b\u043b\u043a\u0443 \u043e \u043f\u0440\u0430\u0432\u043e\u0437\u0430\u0449\u0438\u0442\u043d\u044b\u0445 \u043f\u0440\u043e\u0431\u043b\u0435\u043c\u0430\u0445\u00a0\u043f\u043e \u0441\u0441\u044b\u043b\u043a\u0435 (\u043d\u0430 \u043d\u0435\u043c\u0435\u0446\u043a\u043e\u043c \u044f\u0437\u044b\u043a\u0435).\u00a0","url":"https:\/\/www.human-rights-year.com\/de\/author\/anna-andrievskaja\/"}]}},"_links":{"self":[{"href":"https:\/\/www.human-rights-year.com\/de\/wp-json\/wp\/v2\/posts\/4297"}],"collection":[{"href":"https:\/\/www.human-rights-year.com\/de\/wp-json\/wp\/v2\/posts"}],"about":[{"href":"https:\/\/www.human-rights-year.com\/de\/wp-json\/wp\/v2\/types\/post"}],"author":[{"embeddable":true,"href":"https:\/\/www.human-rights-year.com\/de\/wp-json\/wp\/v2\/users\/33"}],"replies":[{"embeddable":true,"href":"https:\/\/www.human-rights-year.com\/de\/wp-json\/wp\/v2\/comments?post=4297"}],"version-history":[{"count":0,"href":"https:\/\/www.human-rights-year.com\/de\/wp-json\/wp\/v2\/posts\/4297\/revisions"}],"wp:featuredmedia":[{"embeddable":true,"href":"https:\/\/www.human-rights-year.com\/de\/wp-json\/wp\/v2\/media\/4286"}],"wp:attachment":[{"href":"https:\/\/www.human-rights-year.com\/de\/wp-json\/wp\/v2\/media?parent=4297"}],"wp:term":[{"taxonomy":"category","embeddable":true,"href":"https:\/\/www.human-rights-year.com\/de\/wp-json\/wp\/v2\/categories?post=4297"},{"taxonomy":"post_tag","embeddable":true,"href":"https:\/\/www.human-rights-year.com\/de\/wp-json\/wp\/v2\/tags?post=4297"}],"curies":[{"name":"wp","href":"https:\/\/api.w.org\/{rel}","templated":true}]}}