{"id":4094,"date":"2021-05-06T17:07:51","date_gmt":"2021-05-06T15:07:51","guid":{"rendered":"https:\/\/www.human-rights-year.com\/?p=4094"},"modified":"2021-08-30T17:09:02","modified_gmt":"2021-08-30T15:09:02","slug":"aleksei-vorsin-head-of-navalny-s-office-in-khabarovsk-is-a-political-prisoner-2","status":"publish","type":"post","link":"https:\/\/www.human-rights-year.com\/de\/2021\/05\/06\/aleksei-vorsin-head-of-navalny-s-office-in-khabarovsk-is-a-political-prisoner-2\/","title":{"rendered":"Aleksei Vorsin, head of Navalny\u2019s office in Khabarovsk, is a political prisoner"},"content":{"rendered":"<p dir=\"ltr\"><strong>Memorial Human Rights Centre, in accordance with\u00a0<a href=\"https:\/\/memohrc.us6.list-manage.com\/track\/click?u=0beb3097c1&amp;id=2869b19a7c&amp;e=339ca062ef\" target=\"_blank\" rel=\"noopener noreferrer\" data-saferedirecturl=\"https:\/\/www.google.com\/url?q=https:\/\/memohrc.us6.list-manage.com\/track\/click?u%3D0beb3097c1%26id%3D2869b19a7c%26e%3D339ca062ef&amp;source=gmail&amp;ust=1630421507957000&amp;usg=AFQjCNEUMp3_yLb8ZW4fihACYCYYLHFdJg\">international guidelines<\/a>, considers 33-year-old Khabarovsk activist Aleksei Vorsin a political prisoner. We believe he is being prosecuted solely for his political beliefs and for the non-violent exercise of the rights to freedom of expression and information, as well as peaceful assembly. We consider the criminal case against Vorsin is politically motivated and is intended to force him to end his public activity as an opposition activist and critic of the current government.<\/strong><\/p>\n<p dir=\"ltr\">We demand that Aleksei Vorsin be immediately released from house arrest and that the charges against him under Article 212.1 of the Russian Criminal Code (the so-called \u2018Dadin\u2019 article) be dropped. We demand the repeal of the illegitimate Article 212.1 of the Russian Criminal Code (repeated violation of the procedures for organizing or holding a public event).<\/p>\n<ul>\n<li dir=\"ltr\" aria-level=\"1\">\n<p dir=\"ltr\" role=\"presentation\"><strong>Who is Aleksei Vorsin and what charges have been laid against him?<\/strong><\/p>\n<\/li>\n<\/ul>\n<p dir=\"ltr\">Aleksei Vorsin is one of the leaders of the local opposition and heads the Khabarovsk headquarters of opposition politician Aleksei Navalny. In December 2020 Vorsin announced plans to run for the State Duma in the autumn of 2021.<\/p>\n<p dir=\"ltr\">In March 2021 criminal proceedings were instituted against Vorsin under Article 212.1 of the Russian Criminal Code for repeated violations of the procedures governing the holding of large scale public events. On 19 March 2021 Vorsin\u2019s apartment was searched and he himself was roughly detained and, according to witnesses, beaten. On 20 March at a hearing at the Central district court in Khabarovsk, the activist was placed under house arrest.<\/p>\n<p dir=\"ltr\">Criminal proceedings were initiated against Vorsin on the basis of his tweet of 23 January 2021 calling for people to attend a peaceful rally to show solidarity with Aleksei Navalny in central Khabarovsk. Before then, he had already been convicted several times of administrative law offences in connection with rallies supporting former Khabarovsk governor Sergei Furgal, whose prosecution is most likely politically motivated.<\/p>\n<ul>\n<li dir=\"ltr\" aria-level=\"1\">\n<p dir=\"ltr\" role=\"presentation\"><strong>Why does Memorial consider Vorsin a political prisoner?<\/strong><\/p>\n<\/li>\n<\/ul>\n<p dir=\"ltr\">The very fact of Aleksei Vorsin\u2019s prosecution under the illegitimate and unconstitutional Article 212.1 of the Russian Criminal Code gives ground to conclude he is a victim of wrongful and politically motivated prosecution. Article 212.1 contradicts fundamental principles of law and is aimed at restricting freedom of assembly and forcing critics of the current government to terminate their public activities.<\/p>\n<p dir=\"ltr\">Article 212.1 of the Russian Criminal Code has already been severely criticized by\u00a0<a href=\"https:\/\/memohrc.us6.list-manage.com\/track\/click?u=0beb3097c1&amp;id=70a0216d6d&amp;e=339ca062ef\" target=\"_blank\" rel=\"noopener noreferrer\" data-saferedirecturl=\"https:\/\/www.google.com\/url?q=https:\/\/memohrc.us6.list-manage.com\/track\/click?u%3D0beb3097c1%26id%3D70a0216d6d%26e%3D339ca062ef&amp;source=gmail&amp;ust=1630421507957000&amp;usg=AFQjCNEU3DVoBFa_LnHvVg6uDmNtBVgl9Q\">Memorial Human Rights Centre<\/a>,\u00a0<a href=\"https:\/\/memohrc.us6.list-manage.com\/track\/click?u=0beb3097c1&amp;id=408262f2a7&amp;e=339ca062ef\" target=\"_blank\" rel=\"noopener noreferrer\" data-saferedirecturl=\"https:\/\/www.google.com\/url?q=https:\/\/memohrc.us6.list-manage.com\/track\/click?u%3D0beb3097c1%26id%3D408262f2a7%26e%3D339ca062ef&amp;source=gmail&amp;ust=1630421507957000&amp;usg=AFQjCNEHNglWb9HTI3kBfcSEqrGyredgEA\">Amnesty International<\/a>, the\u00a0<a href=\"https:\/\/memohrc.us6.list-manage.com\/track\/click?u=0beb3097c1&amp;id=87125d0bb4&amp;e=339ca062ef\" target=\"_blank\" rel=\"noopener noreferrer\" data-saferedirecturl=\"https:\/\/www.google.com\/url?q=https:\/\/memohrc.us6.list-manage.com\/track\/click?u%3D0beb3097c1%26id%3D87125d0bb4%26e%3D339ca062ef&amp;source=gmail&amp;ust=1630421507957000&amp;usg=AFQjCNGGrVWZAbF6JnCGd3mV5EskEZVe7g\">head of the Presidential Human Rights Council<\/a>\u00a0and the federal\u00a0<a href=\"https:\/\/memohrc.us6.list-manage.com\/track\/click?u=0beb3097c1&amp;id=5c039b0c69&amp;e=339ca062ef\" target=\"_blank\" rel=\"noopener noreferrer\" data-saferedirecturl=\"https:\/\/www.google.com\/url?q=https:\/\/memohrc.us6.list-manage.com\/track\/click?u%3D0beb3097c1%26id%3D5c039b0c69%26e%3D339ca062ef&amp;source=gmail&amp;ust=1630421507957000&amp;usg=AFQjCNExv5uopSamC_Osm1kg8bFhznQBHw\">Human Rights Ombudsman<\/a>. Even the Russian Constitutional Court, in considering the complaint of Ildar Dadin, the first person convicted under this Article, ruled that its application should be restricted to cases in which violations of the procedures for organizing or holding a public event \u2018resulted in harm to the health of citizens, the property of individuals or legal entities, the environment, public order, public safety, or other constitutionally protected values, or contained a real threat of causing such harm.\u2019<\/p>\n<p dir=\"ltr\">We believe that Vorsin&#8217;s prosecution is politically motivated as he has been charged with participating in public events organized by the opposition, in the context of the mass persecution of Aleksei Navalny&#8217;s supporters.<\/p>\n<p dir=\"ltr\">In January 2021, after Navalny had returned to Russia and been remanded in custody, solidarity protests were held across the country. As a result of the protests held in January and February 2021 more than a hundred people were prosecuted in politically motivated criminal cases under at least 12 articles of the Russian Criminal Code. There was a major campaign of prosecutions against Navalny supporters.<\/p>\n<p dir=\"ltr\">Finally, we have reason to believe the criminal case against Vorsin\u00a0<a href=\"https:\/\/memohrc.us6.list-manage.com\/track\/click?u=0beb3097c1&amp;id=013a39fb7c&amp;e=339ca062ef\" target=\"_blank\" rel=\"noopener noreferrer\" data-saferedirecturl=\"https:\/\/www.google.com\/url?q=https:\/\/memohrc.us6.list-manage.com\/track\/click?u%3D0beb3097c1%26id%3D013a39fb7c%26e%3D339ca062ef&amp;source=gmail&amp;ust=1630421507957000&amp;usg=AFQjCNH5HG7GFrTBVdnjy39knA8VcEcCWA\">was initiated<\/a>\u00a0as part of a campaign to put pressure on popular would-be opposition politicians in the run-up to the 2021 State Duma elections.<\/p>\n<p dir=\"ltr\">A more detailed description of the case and the position of Memorial Human Rights Centre are\u00a0<a href=\"https:\/\/memohrc.us6.list-manage.com\/track\/click?u=0beb3097c1&amp;id=12257b6a18&amp;e=339ca062ef\" target=\"_blank\" rel=\"noopener noreferrer\" data-saferedirecturl=\"https:\/\/www.google.com\/url?q=https:\/\/memohrc.us6.list-manage.com\/track\/click?u%3D0beb3097c1%26id%3D12257b6a18%26e%3D339ca062ef&amp;source=gmail&amp;ust=1630421507957000&amp;usg=AFQjCNGh3XOJ98X1wFdkCTizMjxP9jEEYQ\">set out<\/a>\u00a0on our website.<\/p>\n<p dir=\"ltr\"><em>Recognition of an individual as a political prisoner does not imply Memorial Human Rights Centre agrees with, or approves of, their views, statements, or actions.<\/em><\/p>\n<ul dir=\"ltr\">\n<li><strong>How to help<\/strong><\/li>\n<\/ul>\n<p dir=\"ltr\">Sign the\u00a0<a href=\"https:\/\/memohrc.us6.list-manage.com\/track\/click?u=0beb3097c1&amp;id=60b7aa7ca3&amp;e=339ca062ef\" target=\"_blank\" rel=\"noopener noreferrer\" data-saferedirecturl=\"https:\/\/www.google.com\/url?q=https:\/\/memohrc.us6.list-manage.com\/track\/click?u%3D0beb3097c1%26id%3D60b7aa7ca3%26e%3D339ca062ef&amp;source=gmail&amp;ust=1630421507957000&amp;usg=AFQjCNHU339yrsUcPMSEXRKxwHTuaZdcBQ\">petition<\/a>\u00a0for the repeal of Article 212.1 of the Russian Criminal Code.<\/p>\n<p dir=\"ltr\">You can support all political prisoners by donating to the\u00a0<a href=\"https:\/\/memohrc.us6.list-manage.com\/track\/click?u=0beb3097c1&amp;id=92f64c11f6&amp;e=339ca062ef\" target=\"_blank\" rel=\"noopener noreferrer\" data-saferedirecturl=\"https:\/\/www.google.com\/url?q=https:\/\/memohrc.us6.list-manage.com\/track\/click?u%3D0beb3097c1%26id%3D92f64c11f6%26e%3D339ca062ef&amp;source=gmail&amp;ust=1630421507957000&amp;usg=AFQjCNGffX6nwLb_eRF0JOWK72556ehIxw\">Fund to Support Political Prisoners<\/a>\u00a0of the Union of Solidarity with Political Prisoners via PayPal, using the e-wallet at\u00a0<a href=\"mailto:helppoliticalprisoners@gmail.com\" target=\"_blank\" rel=\"noopener noreferrer\">helppoliticalprisoners@gmail.<wbr \/>com<\/a>.<\/p>\n","protected":false},"excerpt":{"rendered":"<p>Memorial Human Rights Centre, in accordance with\u00a0international guidelines, considers 33-year-old Khabarovsk activist Aleksei Vorsin a political prisoner. We believe he is being prosecuted solely for<\/p>\n","protected":false},"author":33,"featured_media":4095,"comment_status":"closed","ping_status":"open","sticky":false,"template":"","format":"standard","meta":[],"categories":[20,12],"tags":[],"yoast_head":"<!-- This site is optimized with the Yoast SEO plugin v19.4 - https:\/\/yoast.com\/wordpress\/plugins\/seo\/ -->\n<title>Aleksei Vorsin, head of Navalny\u2019s office in Khabarovsk, is a political prisoner - Europ\u00e4ischer Menschenrechtsdialog<\/title>\n<meta name=\"robots\" content=\"index, follow, max-snippet:-1, max-image-preview:large, max-video-preview:-1\" \/>\n<link rel=\"canonical\" href=\"https:\/\/www.human-rights-year.com\/de\/2021\/05\/06\/aleksei-vorsin-head-of-navalny-s-office-in-khabarovsk-is-a-political-prisoner-2\/\" \/>\n<meta property=\"og:locale\" content=\"de_DE\" \/>\n<meta property=\"og:type\" content=\"article\" \/>\n<meta property=\"og:title\" content=\"Aleksei Vorsin, head of Navalny\u2019s office in Khabarovsk, is a political prisoner - Europ\u00e4ischer Menschenrechtsdialog\" \/>\n<meta property=\"og:description\" content=\"Memorial Human Rights Centre, in accordance with\u00a0international guidelines, considers 33-year-old Khabarovsk activist Aleksei Vorsin a political prisoner. We believe he is being prosecuted solely for\" \/>\n<meta property=\"og:url\" content=\"https:\/\/www.human-rights-year.com\/de\/2021\/05\/06\/aleksei-vorsin-head-of-navalny-s-office-in-khabarovsk-is-a-political-prisoner-2\/\" \/>\n<meta property=\"og:site_name\" content=\"Europ\u00e4ischer Menschenrechtsdialog\" \/>\n<meta property=\"article:published_time\" content=\"2021-05-06T15:07:51+00:00\" \/>\n<meta property=\"article:modified_time\" content=\"2021-08-30T15:09:02+00:00\" \/>\n<meta property=\"og:image\" content=\"https:\/\/www.human-rights-year.com\/wp-content\/uploads\/2021\/08\/unnamed-17.png\" \/>\n\t<meta property=\"og:image:width\" content=\"800\" \/>\n\t<meta property=\"og:image:height\" content=\"450\" \/>\n\t<meta property=\"og:image:type\" content=\"image\/png\" \/>\n<meta name=\"author\" content=\"Europ\u00e4ischer Menschenrechtedialog\" \/>\n<meta name=\"twitter:card\" content=\"summary_large_image\" \/>\n<meta name=\"twitter:label1\" content=\"Verfasst von\" \/>\n\t<meta name=\"twitter:data1\" content=\"Europ\u00e4ischer Menschenrechtedialog\" \/>\n\t<meta name=\"twitter:label2\" content=\"Gesch\u00e4tzte Lesezeit\" \/>\n\t<meta name=\"twitter:data2\" content=\"4\u00a0Minuten\" \/>\n<script type=\"application\/ld+json\" class=\"yoast-schema-graph\">{\"@context\":\"https:\/\/schema.org\",\"@graph\":[{\"@type\":\"WebSite\",\"@id\":\"https:\/\/www.human-rights-year.com\/#website\",\"url\":\"https:\/\/www.human-rights-year.com\/\",\"name\":\"\u0415\u0432\u0440\u043e\u043f\u0435\u0439\u0441\u043a\u0438\u0439 \u043f\u0440\u0430\u0432\u043e\u0437\u0430\u0449\u0438\u0442\u043d\u044b\u0439 \u0434\u0438\u0430\u043b\u043e\u0433\",\"description\":\" \",\"potentialAction\":[{\"@type\":\"SearchAction\",\"target\":{\"@type\":\"EntryPoint\",\"urlTemplate\":\"https:\/\/www.human-rights-year.com\/?s={search_term_string}\"},\"query-input\":\"required name=search_term_string\"}],\"inLanguage\":\"de\"},{\"@type\":\"WebPage\",\"@id\":\"https:\/\/www.human-rights-year.com\/de\/2021\/05\/06\/aleksei-vorsin-head-of-navalny-s-office-in-khabarovsk-is-a-political-prisoner-2\/\",\"url\":\"https:\/\/www.human-rights-year.com\/de\/2021\/05\/06\/aleksei-vorsin-head-of-navalny-s-office-in-khabarovsk-is-a-political-prisoner-2\/\",\"name\":\"Aleksei Vorsin, head of Navalny\u2019s office in Khabarovsk, is a political prisoner - Europ\u00e4ischer Menschenrechtsdialog\",\"isPartOf\":{\"@id\":\"https:\/\/www.human-rights-year.com\/#website\"},\"datePublished\":\"2021-05-06T15:07:51+00:00\",\"dateModified\":\"2021-08-30T15:09:02+00:00\",\"author\":{\"@id\":\"https:\/\/www.human-rights-year.com\/#\/schema\/person\/c61a685c41e5101f9ea8f886f7ff8867\"},\"breadcrumb\":{\"@id\":\"https:\/\/www.human-rights-year.com\/de\/2021\/05\/06\/aleksei-vorsin-head-of-navalny-s-office-in-khabarovsk-is-a-political-prisoner-2\/#breadcrumb\"},\"inLanguage\":\"de\",\"potentialAction\":[{\"@type\":\"ReadAction\",\"target\":[\"https:\/\/www.human-rights-year.com\/de\/2021\/05\/06\/aleksei-vorsin-head-of-navalny-s-office-in-khabarovsk-is-a-political-prisoner-2\/\"]}]},{\"@type\":\"BreadcrumbList\",\"@id\":\"https:\/\/www.human-rights-year.com\/de\/2021\/05\/06\/aleksei-vorsin-head-of-navalny-s-office-in-khabarovsk-is-a-political-prisoner-2\/#breadcrumb\",\"itemListElement\":[{\"@type\":\"ListItem\",\"position\":1,\"name\":\"\u0413\u043b\u0430\u0432\u043d\u0430\u044f \u0441\u0442\u0440\u0430\u043d\u0438\u0446\u0430\",\"item\":\"https:\/\/www.human-rights-year.com\/de\/\"},{\"@type\":\"ListItem\",\"position\":2,\"name\":\"Aleksei Vorsin, head of Navalny\u2019s office in Khabarovsk, is a political prisoner\"}]},{\"@type\":\"Person\",\"@id\":\"https:\/\/www.human-rights-year.com\/#\/schema\/person\/c61a685c41e5101f9ea8f886f7ff8867\",\"name\":\"Europ\u00e4ischer Menschenrechtedialog\",\"image\":{\"@type\":\"ImageObject\",\"inLanguage\":\"de\",\"@id\":\"https:\/\/www.human-rights-year.com\/#\/schema\/person\/image\/\",\"url\":\"https:\/\/secure.gravatar.com\/avatar\/b8079c67933c0da74d24da6410334e70?s=96&d=mm&r=g\",\"contentUrl\":\"https:\/\/secure.gravatar.com\/avatar\/b8079c67933c0da74d24da6410334e70?s=96&d=mm&r=g\",\"caption\":\"Europ\u00e4ischer Menschenrechtedialog\"},\"description\":\"\u041f\u0440\u043e\u0435\u043a\u0442\u00a0\u00ab\u0415\u0432\u0440\u043e\u043f\u0435\u0439\u0441\u043a\u0438\u0439 \u043f\u0440\u0430\u0432\u043e\u0437\u0430\u0449\u0438\u0442\u043d\u044b\u0439 \u0434\u0438\u0430\u043b\u043e\u0433\u00bb \u0440\u0435\u0430\u043b\u0438\u0437\u0443\u0435\u0442\u0441\u044f \u043f\u0440\u0438\u00a0\u043f\u043e\u0434\u0434\u0435\u0440\u0436\u043a\u0435 \u0433\u0435\u0440\u043c\u0430\u043d\u0441\u043a\u043e\u0433\u043e \u041c\u0418\u0414\u0430. \u0421\u0438\u0442\u0443\u0430\u0446\u0438\u044f \u0441 \u043f\u043e\u043b\u0438\u0442\u0437\u0430\u043a\u043b\u044e\u0447\u0435\u043d\u043d\u044b\u043c\u0438 \u0438 \u0434\u0440\u0443\u0433\u0438\u0435 \u043f\u0440\u0430\u0432\u043e\u0437\u0430\u0449\u0438\u0442\u043d\u044b\u0435 \u043f\u0440\u043e\u0431\u043b\u0435\u043c\u044b \u0432 \u0420\u043e\u0441\u0441\u0438\u0438 \u0438 \u0411\u0435\u043b\u0430\u0440\u0443\u0441\u0438 \u0441\u0442\u0430\u043d\u043e\u0432\u044f\u0442\u0441\u044f \u0433\u043e\u0434 \u043e\u0442 \u0433\u043e\u0434\u0430 \u0432\u0441\u0435 \u043e\u0441\u0442\u0440\u0435\u0435. \u041c\u044b \u043e\u0436\u0438\u0432\u043b\u044f\u0435\u043c \u0434\u0438\u0430\u043b\u043e\u0433 \u043c\u0435\u0436\u0434\u0443 \u0440\u043e\u0441\u0441\u0438\u0439\u0441\u043a\u0438\u043c, \u0431\u0435\u043b\u0430\u0440\u0443\u0441\u0441\u043a\u0438\u043c, \u043f\u043e\u043b\u044c\u0441\u043a\u0438\u043c \u0438 \u043d\u0435\u043c\u0435\u0446\u043a\u0438\u043c \u043f\u0440\u0430\u0432\u043e\u0437\u0430\u0449\u0438\u0442\u043d\u044b\u043c \u0441\u043e\u043e\u0431\u0449\u0435\u0441\u0442\u0432\u043e\u043c \u0438 \u043d\u0430\u043b\u0430\u0436\u0438\u0432\u0430\u0435\u043c \u0438\u0445 \u043a\u043e\u043d\u0441\u0442\u0440\u0443\u043a\u0442\u0438\u0432\u043d\u043e\u0435 \u0432\u0437\u0430\u0438\u043c\u043e\u0434\u0435\u0439\u0441\u0442\u0432\u0438\u0435, \u0432\u0437\u0430\u0438\u043c\u043d\u043e\u0435 \u0438\u043d\u0444\u043e\u0440\u043c\u0438\u0440\u043e\u0432\u0430\u043d\u0438\u0435 \u0438 \u043f\u043e\u0434\u0434\u0435\u0440\u0436\u043a\u0443. \u041c\u044b \u0438\u043d\u0444\u043e\u0440\u043c\u0438\u0440\u0443\u0435\u043c \u043d\u0435\u043c\u0435\u0446\u043a\u0443\u044e \u043e\u0431\u0449\u0435\u0441\u0442\u0432\u0435\u043d\u043d\u043e\u0441\u0442\u044c \u043e \u0441\u0438\u0442\u0443\u0430\u0446\u0438\u0438 \u0441 \u0437\u0430\u0449\u0438\u0442\u043e\u0439 \u043f\u0440\u0430\u0432 \u0447\u0435\u043b\u043e\u0432\u0435\u043a\u0430 \u0432 \u0420\u043e\u0441\u0441\u0438\u0438 \u0438 \u0411\u0435\u043b\u0430\u0440\u0443\u0441\u0438, \u0430 \u0440\u043e\u0441\u0441\u0438\u0439\u0441\u043a\u0443\u044e \u0438 \u0431\u0435\u043b\u0430\u0440\u0443\u0441\u0441\u043a\u0443\u044e \u2014 \u043e \u043f\u043e\u043b\u043e\u0436\u0435\u043d\u0438\u0438 \u0432 \u044d\u0442\u043e\u0439 \u043e\u0431\u043b\u0430\u0441\u0442\u0438 \u0432 \u0413\u0435\u0440\u043c\u0430\u043d\u0438\u0438; \u0441\u043e\u0437\u0434\u0430\u0435\u043c \u043c\u0435\u0445\u0430\u043d\u0438\u0437\u043c \u043f\u043e\u0434\u0434\u0435\u0440\u0436\u043a\u0438 \u0440\u043e\u0441\u0441\u0438\u0439\u0441\u043a\u0438\u0445 \u0438 \u0431\u0435\u043b\u0430\u0440\u0443\u0441\u0441\u043a\u0438\u0445 \u043f\u0440\u0430\u0432\u043e\u0437\u0430\u0449\u0438\u0442\u043d\u0438\u043a\u043e\u0432, \u0436\u0435\u0440\u0442\u0432 \u043f\u043e\u043b\u0438\u0442\u0438\u0447\u0435\u0441\u043a\u0438\u0445 \u0440\u0435\u043f\u0440\u0435\u0441\u0441\u0438\u0439 \u0438 \u043f\u043e\u043b\u0438\u0442\u0437\u0430\u043a\u043b\u044e\u0447\u0435\u043d\u043d\u044b\u0445. \u0411\u0443\u0434\u0435\u043c \u0440\u0430\u0434\u044b \u0432\u0430\u0448\u0435\u043c\u0443 \u0443\u0447\u0430\u0441\u0442\u0438\u044e \u0432 \u0435\u0432\u0440\u043e\u043f\u0435\u0439\u0441\u043a\u043e\u043c \u043f\u0440\u0430\u0432\u043e\u0437\u0430\u0449\u0438\u0442\u043d\u043e\u043c \u0434\u0438\u0430\u043b\u043e\u0433\u0435 \u043d\u0430 \u043d\u0430\u0448\u0435\u043c \u0441\u0430\u0439\u0442\u0435 \u0438 \u0430\u043a\u043a\u0430\u0443\u043d\u0442\u0430\u0445 \u0432 \u0441\u043e\u0446\u0438\u0430\u043b\u044c\u043d\u044b\u0445 \u0441\u0435\u0442\u044f\u0445, \u0430 \u0442\u0430\u043a\u0436\u0435 \u043f\u0440\u0438\u0433\u043b\u0430\u0448\u0430\u0435\u043c \u0432\u0430\u0441 \u043f\u043e\u0434\u043f\u0438\u0441\u0430\u0442\u044c\u0441\u044f \u043d\u0430 \u0440\u0430\u0441\u0441\u044b\u043b\u043a\u0443 \u043e \u043f\u0440\u0430\u0432\u043e\u0437\u0430\u0449\u0438\u0442\u043d\u044b\u0445 \u043f\u0440\u043e\u0431\u043b\u0435\u043c\u0430\u0445\u00a0\u043f\u043e \u0441\u0441\u044b\u043b\u043a\u0435 (\u043d\u0430 \u043d\u0435\u043c\u0435\u0446\u043a\u043e\u043c \u044f\u0437\u044b\u043a\u0435).\u00a0\",\"url\":\"https:\/\/www.human-rights-year.com\/de\/author\/anna-andrievskaja\/\"}]}<\/script>\n<!-- \/ Yoast SEO plugin. -->","yoast_head_json":{"title":"Aleksei Vorsin, head of Navalny\u2019s office in Khabarovsk, is a political prisoner - Europ\u00e4ischer Menschenrechtsdialog","robots":{"index":"index","follow":"follow","max-snippet":"max-snippet:-1","max-image-preview":"max-image-preview:large","max-video-preview":"max-video-preview:-1"},"canonical":"https:\/\/www.human-rights-year.com\/de\/2021\/05\/06\/aleksei-vorsin-head-of-navalny-s-office-in-khabarovsk-is-a-political-prisoner-2\/","og_locale":"de_DE","og_type":"article","og_title":"Aleksei Vorsin, head of Navalny\u2019s office in Khabarovsk, is a political prisoner - Europ\u00e4ischer Menschenrechtsdialog","og_description":"Memorial Human Rights Centre, in accordance with\u00a0international guidelines, considers 33-year-old Khabarovsk activist Aleksei Vorsin a political prisoner. We believe he is being prosecuted solely for","og_url":"https:\/\/www.human-rights-year.com\/de\/2021\/05\/06\/aleksei-vorsin-head-of-navalny-s-office-in-khabarovsk-is-a-political-prisoner-2\/","og_site_name":"Europ\u00e4ischer Menschenrechtsdialog","article_published_time":"2021-05-06T15:07:51+00:00","article_modified_time":"2021-08-30T15:09:02+00:00","og_image":[{"width":800,"height":450,"url":"https:\/\/www.human-rights-year.com\/wp-content\/uploads\/2021\/08\/unnamed-17.png","type":"image\/png"}],"author":"Europ\u00e4ischer Menschenrechtedialog","twitter_card":"summary_large_image","twitter_misc":{"Verfasst von":"Europ\u00e4ischer Menschenrechtedialog","Gesch\u00e4tzte Lesezeit":"4\u00a0Minuten"},"schema":{"@context":"https:\/\/schema.org","@graph":[{"@type":"WebSite","@id":"https:\/\/www.human-rights-year.com\/#website","url":"https:\/\/www.human-rights-year.com\/","name":"\u0415\u0432\u0440\u043e\u043f\u0435\u0439\u0441\u043a\u0438\u0439 \u043f\u0440\u0430\u0432\u043e\u0437\u0430\u0449\u0438\u0442\u043d\u044b\u0439 \u0434\u0438\u0430\u043b\u043e\u0433","description":" ","potentialAction":[{"@type":"SearchAction","target":{"@type":"EntryPoint","urlTemplate":"https:\/\/www.human-rights-year.com\/?s={search_term_string}"},"query-input":"required name=search_term_string"}],"inLanguage":"de"},{"@type":"WebPage","@id":"https:\/\/www.human-rights-year.com\/de\/2021\/05\/06\/aleksei-vorsin-head-of-navalny-s-office-in-khabarovsk-is-a-political-prisoner-2\/","url":"https:\/\/www.human-rights-year.com\/de\/2021\/05\/06\/aleksei-vorsin-head-of-navalny-s-office-in-khabarovsk-is-a-political-prisoner-2\/","name":"Aleksei Vorsin, head of Navalny\u2019s office in Khabarovsk, is a political prisoner - Europ\u00e4ischer Menschenrechtsdialog","isPartOf":{"@id":"https:\/\/www.human-rights-year.com\/#website"},"datePublished":"2021-05-06T15:07:51+00:00","dateModified":"2021-08-30T15:09:02+00:00","author":{"@id":"https:\/\/www.human-rights-year.com\/#\/schema\/person\/c61a685c41e5101f9ea8f886f7ff8867"},"breadcrumb":{"@id":"https:\/\/www.human-rights-year.com\/de\/2021\/05\/06\/aleksei-vorsin-head-of-navalny-s-office-in-khabarovsk-is-a-political-prisoner-2\/#breadcrumb"},"inLanguage":"de","potentialAction":[{"@type":"ReadAction","target":["https:\/\/www.human-rights-year.com\/de\/2021\/05\/06\/aleksei-vorsin-head-of-navalny-s-office-in-khabarovsk-is-a-political-prisoner-2\/"]}]},{"@type":"BreadcrumbList","@id":"https:\/\/www.human-rights-year.com\/de\/2021\/05\/06\/aleksei-vorsin-head-of-navalny-s-office-in-khabarovsk-is-a-political-prisoner-2\/#breadcrumb","itemListElement":[{"@type":"ListItem","position":1,"name":"\u0413\u043b\u0430\u0432\u043d\u0430\u044f \u0441\u0442\u0440\u0430\u043d\u0438\u0446\u0430","item":"https:\/\/www.human-rights-year.com\/de\/"},{"@type":"ListItem","position":2,"name":"Aleksei Vorsin, head of Navalny\u2019s office in Khabarovsk, is a political prisoner"}]},{"@type":"Person","@id":"https:\/\/www.human-rights-year.com\/#\/schema\/person\/c61a685c41e5101f9ea8f886f7ff8867","name":"Europ\u00e4ischer Menschenrechtedialog","image":{"@type":"ImageObject","inLanguage":"de","@id":"https:\/\/www.human-rights-year.com\/#\/schema\/person\/image\/","url":"https:\/\/secure.gravatar.com\/avatar\/b8079c67933c0da74d24da6410334e70?s=96&d=mm&r=g","contentUrl":"https:\/\/secure.gravatar.com\/avatar\/b8079c67933c0da74d24da6410334e70?s=96&d=mm&r=g","caption":"Europ\u00e4ischer Menschenrechtedialog"},"description":"\u041f\u0440\u043e\u0435\u043a\u0442\u00a0\u00ab\u0415\u0432\u0440\u043e\u043f\u0435\u0439\u0441\u043a\u0438\u0439 \u043f\u0440\u0430\u0432\u043e\u0437\u0430\u0449\u0438\u0442\u043d\u044b\u0439 \u0434\u0438\u0430\u043b\u043e\u0433\u00bb \u0440\u0435\u0430\u043b\u0438\u0437\u0443\u0435\u0442\u0441\u044f \u043f\u0440\u0438\u00a0\u043f\u043e\u0434\u0434\u0435\u0440\u0436\u043a\u0435 \u0433\u0435\u0440\u043c\u0430\u043d\u0441\u043a\u043e\u0433\u043e \u041c\u0418\u0414\u0430. \u0421\u0438\u0442\u0443\u0430\u0446\u0438\u044f \u0441 \u043f\u043e\u043b\u0438\u0442\u0437\u0430\u043a\u043b\u044e\u0447\u0435\u043d\u043d\u044b\u043c\u0438 \u0438 \u0434\u0440\u0443\u0433\u0438\u0435 \u043f\u0440\u0430\u0432\u043e\u0437\u0430\u0449\u0438\u0442\u043d\u044b\u0435 \u043f\u0440\u043e\u0431\u043b\u0435\u043c\u044b \u0432 \u0420\u043e\u0441\u0441\u0438\u0438 \u0438 \u0411\u0435\u043b\u0430\u0440\u0443\u0441\u0438 \u0441\u0442\u0430\u043d\u043e\u0432\u044f\u0442\u0441\u044f \u0433\u043e\u0434 \u043e\u0442 \u0433\u043e\u0434\u0430 \u0432\u0441\u0435 \u043e\u0441\u0442\u0440\u0435\u0435. \u041c\u044b \u043e\u0436\u0438\u0432\u043b\u044f\u0435\u043c \u0434\u0438\u0430\u043b\u043e\u0433 \u043c\u0435\u0436\u0434\u0443 \u0440\u043e\u0441\u0441\u0438\u0439\u0441\u043a\u0438\u043c, \u0431\u0435\u043b\u0430\u0440\u0443\u0441\u0441\u043a\u0438\u043c, \u043f\u043e\u043b\u044c\u0441\u043a\u0438\u043c \u0438 \u043d\u0435\u043c\u0435\u0446\u043a\u0438\u043c \u043f\u0440\u0430\u0432\u043e\u0437\u0430\u0449\u0438\u0442\u043d\u044b\u043c \u0441\u043e\u043e\u0431\u0449\u0435\u0441\u0442\u0432\u043e\u043c \u0438 \u043d\u0430\u043b\u0430\u0436\u0438\u0432\u0430\u0435\u043c \u0438\u0445 \u043a\u043e\u043d\u0441\u0442\u0440\u0443\u043a\u0442\u0438\u0432\u043d\u043e\u0435 \u0432\u0437\u0430\u0438\u043c\u043e\u0434\u0435\u0439\u0441\u0442\u0432\u0438\u0435, \u0432\u0437\u0430\u0438\u043c\u043d\u043e\u0435 \u0438\u043d\u0444\u043e\u0440\u043c\u0438\u0440\u043e\u0432\u0430\u043d\u0438\u0435 \u0438 \u043f\u043e\u0434\u0434\u0435\u0440\u0436\u043a\u0443. \u041c\u044b \u0438\u043d\u0444\u043e\u0440\u043c\u0438\u0440\u0443\u0435\u043c \u043d\u0435\u043c\u0435\u0446\u043a\u0443\u044e \u043e\u0431\u0449\u0435\u0441\u0442\u0432\u0435\u043d\u043d\u043e\u0441\u0442\u044c \u043e \u0441\u0438\u0442\u0443\u0430\u0446\u0438\u0438 \u0441 \u0437\u0430\u0449\u0438\u0442\u043e\u0439 \u043f\u0440\u0430\u0432 \u0447\u0435\u043b\u043e\u0432\u0435\u043a\u0430 \u0432 \u0420\u043e\u0441\u0441\u0438\u0438 \u0438 \u0411\u0435\u043b\u0430\u0440\u0443\u0441\u0438, \u0430 \u0440\u043e\u0441\u0441\u0438\u0439\u0441\u043a\u0443\u044e \u0438 \u0431\u0435\u043b\u0430\u0440\u0443\u0441\u0441\u043a\u0443\u044e \u2014 \u043e \u043f\u043e\u043b\u043e\u0436\u0435\u043d\u0438\u0438 \u0432 \u044d\u0442\u043e\u0439 \u043e\u0431\u043b\u0430\u0441\u0442\u0438 \u0432 \u0413\u0435\u0440\u043c\u0430\u043d\u0438\u0438; \u0441\u043e\u0437\u0434\u0430\u0435\u043c \u043c\u0435\u0445\u0430\u043d\u0438\u0437\u043c \u043f\u043e\u0434\u0434\u0435\u0440\u0436\u043a\u0438 \u0440\u043e\u0441\u0441\u0438\u0439\u0441\u043a\u0438\u0445 \u0438 \u0431\u0435\u043b\u0430\u0440\u0443\u0441\u0441\u043a\u0438\u0445 \u043f\u0440\u0430\u0432\u043e\u0437\u0430\u0449\u0438\u0442\u043d\u0438\u043a\u043e\u0432, \u0436\u0435\u0440\u0442\u0432 \u043f\u043e\u043b\u0438\u0442\u0438\u0447\u0435\u0441\u043a\u0438\u0445 \u0440\u0435\u043f\u0440\u0435\u0441\u0441\u0438\u0439 \u0438 \u043f\u043e\u043b\u0438\u0442\u0437\u0430\u043a\u043b\u044e\u0447\u0435\u043d\u043d\u044b\u0445. \u0411\u0443\u0434\u0435\u043c \u0440\u0430\u0434\u044b \u0432\u0430\u0448\u0435\u043c\u0443 \u0443\u0447\u0430\u0441\u0442\u0438\u044e \u0432 \u0435\u0432\u0440\u043e\u043f\u0435\u0439\u0441\u043a\u043e\u043c \u043f\u0440\u0430\u0432\u043e\u0437\u0430\u0449\u0438\u0442\u043d\u043e\u043c \u0434\u0438\u0430\u043b\u043e\u0433\u0435 \u043d\u0430 \u043d\u0430\u0448\u0435\u043c \u0441\u0430\u0439\u0442\u0435 \u0438 \u0430\u043a\u043a\u0430\u0443\u043d\u0442\u0430\u0445 \u0432 \u0441\u043e\u0446\u0438\u0430\u043b\u044c\u043d\u044b\u0445 \u0441\u0435\u0442\u044f\u0445, \u0430 \u0442\u0430\u043a\u0436\u0435 \u043f\u0440\u0438\u0433\u043b\u0430\u0448\u0430\u0435\u043c \u0432\u0430\u0441 \u043f\u043e\u0434\u043f\u0438\u0441\u0430\u0442\u044c\u0441\u044f \u043d\u0430 \u0440\u0430\u0441\u0441\u044b\u043b\u043a\u0443 \u043e \u043f\u0440\u0430\u0432\u043e\u0437\u0430\u0449\u0438\u0442\u043d\u044b\u0445 \u043f\u0440\u043e\u0431\u043b\u0435\u043c\u0430\u0445\u00a0\u043f\u043e \u0441\u0441\u044b\u043b\u043a\u0435 (\u043d\u0430 \u043d\u0435\u043c\u0435\u0446\u043a\u043e\u043c \u044f\u0437\u044b\u043a\u0435).\u00a0","url":"https:\/\/www.human-rights-year.com\/de\/author\/anna-andrievskaja\/"}]}},"_links":{"self":[{"href":"https:\/\/www.human-rights-year.com\/de\/wp-json\/wp\/v2\/posts\/4094"}],"collection":[{"href":"https:\/\/www.human-rights-year.com\/de\/wp-json\/wp\/v2\/posts"}],"about":[{"href":"https:\/\/www.human-rights-year.com\/de\/wp-json\/wp\/v2\/types\/post"}],"author":[{"embeddable":true,"href":"https:\/\/www.human-rights-year.com\/de\/wp-json\/wp\/v2\/users\/33"}],"replies":[{"embeddable":true,"href":"https:\/\/www.human-rights-year.com\/de\/wp-json\/wp\/v2\/comments?post=4094"}],"version-history":[{"count":0,"href":"https:\/\/www.human-rights-year.com\/de\/wp-json\/wp\/v2\/posts\/4094\/revisions"}],"wp:featuredmedia":[{"embeddable":true,"href":"https:\/\/www.human-rights-year.com\/de\/wp-json\/wp\/v2\/media\/4095"}],"wp:attachment":[{"href":"https:\/\/www.human-rights-year.com\/de\/wp-json\/wp\/v2\/media?parent=4094"}],"wp:term":[{"taxonomy":"category","embeddable":true,"href":"https:\/\/www.human-rights-year.com\/de\/wp-json\/wp\/v2\/categories?post=4094"},{"taxonomy":"post_tag","embeddable":true,"href":"https:\/\/www.human-rights-year.com\/de\/wp-json\/wp\/v2\/tags?post=4094"}],"curies":[{"name":"wp","href":"https:\/\/api.w.org\/{rel}","templated":true}]}}