{"id":4091,"date":"2021-05-05T16:52:38","date_gmt":"2021-05-05T14:52:38","guid":{"rendered":"https:\/\/www.human-rights-year.com\/?p=4091"},"modified":"2021-08-30T17:07:40","modified_gmt":"2021-08-30T15:07:40","slug":"the-criminal-prosecution-of-opposition-activist-gleb-maryasov-is-politically-motivated-and-unlawful","status":"publish","type":"post","link":"https:\/\/www.human-rights-year.com\/de\/2021\/05\/05\/the-criminal-prosecution-of-opposition-activist-gleb-maryasov-is-politically-motivated-and-unlawful\/","title":{"rendered":"The criminal prosecution of opposition activist Gleb Maryasov is politically motivated and unlawful"},"content":{"rendered":"<p dir=\"ltr\"><strong>Memorial Human Rights Centre, in accordance with international\u00a0<a href=\"https:\/\/memohrc.us6.list-manage.com\/track\/click?u=0beb3097c1&amp;id=969fd327b3&amp;e=339ca062ef\" target=\"_blank\" rel=\"noopener noreferrer\" data-saferedirecturl=\"https:\/\/www.google.com\/url?q=https:\/\/memohrc.us6.list-manage.com\/track\/click?u%3D0beb3097c1%26id%3D969fd327b3%26e%3D339ca062ef&amp;source=gmail&amp;ust=1630421504653000&amp;usg=AFQjCNHc8VChyPoT7tmkSwot5l0105GIow\">guidelines<\/a>\u00a0defining the term \u2018political prisoner,\u2019 considers the criminal prosecution of Krasnoyarsk activist Gleb Maryasov politically motivated and unlawful. The purpose of his politically motivated prosecution is to intimidate Russian civil society and prevent citizens exercising their right to freedom of assembly.<\/strong><\/p>\n<p>We demand that the charges against Gleb Maryasov be dropped immediately and an end to all criminal investigations initiated against peaceful protesters for non-violent actions under the new version of Article 267, Part 1, of the Russian Criminal Code (intentional blocking of transport communications and transport infrastructure or hindering the movement of vehicles and pedestrians on railways and road networks where these acts endanger the life, health or safety of citizens or threaten to destroy or damage the property of individuals or legal entities).<\/p>\n<p dir=\"ltr\"><strong>What are the charges against Gleb Maryasov?\u00a0<\/strong><\/p>\n<div>\n<p>On 23 January 2021 protests in support of Aleksei Navalny took place all over Russia. Wherever they occurred, the protests were accompanied by mass arrests and the beating of protesters by the police.<\/p>\n<p>In Moscow, protesters were forced out of Pushkin Square and, seeking to escape from the violence of the security forces, went on to the roadway, thereby obstructing the passage of cars.<\/p>\n<p>It was this circumstance that led on 24 January 2021 to the first criminal prosecution under the newly revised version of Article 267, Part 1, of the Russian Criminal Code that provides for a penalty of up to one year in prison.<\/p>\n<p>The only person charged in the case was Gleb Maryasov, a student at the Siberian Federal University and secretary of the Krasnoyarsk branch of the unregistered Libertarian Party of Russia.<\/p>\n<p>According to the criminal investigators, Maryasov\u2019s crime was that he \u2018issued verbal appeals and gave instructions to citizens to move on to the roadway as a united group in the central part of Moscow to block traffic and transport.\u2019<\/p>\n<p>On 22 February the activist was detained as he left a jail where he had been serving a 30-day term for participation in the protests of 23 January.<\/p>\n<p>On 24 February Judge Aleksei Krivoruchko, who has been included in the Magnitsky List, sitting in Moscow\u2019s Tverskoy district court ruled that Maryasov should be banned from undertaking certain specified actions before his trial. In particular, Maryasov was forbidden to return home to Krasnoyarsk and ordered to remain in Moscow at the convenience of the investigators.<\/p>\n<\/div>\n<p dir=\"ltr\"><strong>Why does Memorial consider Maryasov\u2019s prosecution politically motivated?<\/strong><\/p>\n<ul dir=\"ltr\">\n<li>The wording of the new version of Article 267 of the Russian Criminal Code, which criminalizes the blocking of transport communications if such actions \u2018endanger the life, health or safety of citizens or threaten to destroy or damage the property of individuals or legal entities,\u2019 hastily\u00a0<a href=\"https:\/\/memohrc.us6.list-manage.com\/track\/click?u=0beb3097c1&amp;id=b5f73fed9c&amp;e=339ca062ef\" target=\"_blank\" rel=\"noopener noreferrer\" data-saferedirecturl=\"https:\/\/www.google.com\/url?q=https:\/\/memohrc.us6.list-manage.com\/track\/click?u%3D0beb3097c1%26id%3Db5f73fed9c%26e%3D339ca062ef&amp;source=gmail&amp;ust=1630421504653000&amp;usg=AFQjCNEiYQVMQSE-bLV1oIP5Hg_3hhBtfg\">adopted<\/a>\u00a0in December 2020 along with a number of other unlawful legislative norms, is uncertain in terms of its legal meaning and unjustifiably repressive.<\/li>\n<li>As a result of the increased severity of Article 267 of the Russian Criminal Code, police officers have in practice been empowered to arbitrarily choose between initiating a prosecution for a criminal offence or for an administrative violation under Article 20. 2, Part 6.1, of the Russian Code of Administrative Offences (participation in an unauthorised assembly, rally, demonstration, march or picket, resulting in interference with the functioning of facilities necessary for life, transport or social infrastructure, communications, the movement of pedestrians or vehicles or access for citizens to residential premises, transport facilities or social infrastructure) solely on the basis of their personal assessment of the degree of danger of this or that delay in the movement of vehicles or, what is even more absurd, pedestrians. Police officers can make this choice solely on the basis of their personal assessment or on the basis of instructions from the anti-extremism police department or the FSB.<\/li>\n<li>The criminal prosecution is aimed at restricting the freedom of assembly enshrined in Article 31 of the Constitution of the Russian Federation and intimidating participants in protests that do not have official approval. Maryasov has become a victim of a criminal prosecution despite the fact that, on the day of the protest, he not only committed no crime but, on the contrary, behaved exclusively peacefully in situations where he\u00a0<a href=\"https:\/\/memohrc.us6.list-manage.com\/track\/click?u=0beb3097c1&amp;id=0f9c5d8ccd&amp;e=339ca062ef\" target=\"_blank\" rel=\"noopener noreferrer\" data-saferedirecturl=\"https:\/\/www.google.com\/url?q=https:\/\/memohrc.us6.list-manage.com\/track\/click?u%3D0beb3097c1%26id%3D0f9c5d8ccd%26e%3D339ca062ef&amp;source=gmail&amp;ust=1630421504653000&amp;usg=AFQjCNG4tMZO85m57qbpsEpOKQQt-Lv1eg\">encountered<\/a>\u00a0violence from police officers and OMON riot police.<\/li>\n<li>Most likely, the prosecution of Maryasov, who is a prominent participant in the protest movement, is also related to his oppositionist views. For example, in the autumn of 2020 an activists\u2019 meeting outside Krasnoyarsk, of which Maryasov was one of the organisers, was\u00a0<a href=\"https:\/\/memohrc.us6.list-manage.com\/track\/click?u=0beb3097c1&amp;id=be9a983221&amp;e=339ca062ef\" target=\"_blank\" rel=\"noopener noreferrer\" data-saferedirecturl=\"https:\/\/www.google.com\/url?q=https:\/\/memohrc.us6.list-manage.com\/track\/click?u%3D0beb3097c1%26id%3Dbe9a983221%26e%3D339ca062ef&amp;source=gmail&amp;ust=1630421504653000&amp;usg=AFQjCNGVN88ep6zeHBTfJbofcSvdAdqLGA\">attacked<\/a>\u00a0by unknown assailants and Maryasov\u2019s\u00a0<a href=\"https:\/\/memohrc.us6.list-manage.com\/track\/click?u=0beb3097c1&amp;id=81382d325d&amp;e=339ca062ef\" target=\"_blank\" rel=\"noopener noreferrer\" data-saferedirecturl=\"https:\/\/www.google.com\/url?q=https:\/\/memohrc.us6.list-manage.com\/track\/click?u%3D0beb3097c1%26id%3D81382d325d%26e%3D339ca062ef&amp;source=gmail&amp;ust=1630421504653000&amp;usg=AFQjCNEKKq5642p-smEOG76m-wpv_5uwGQ\">social media accounts<\/a>\u00a0were examined by the anti-extremism police.<\/li>\n<\/ul>\n<p dir=\"ltr\">A more detailed description of the case and the position of Memorial Human Rights Centre are\u00a0<a href=\"https:\/\/memohrc.us6.list-manage.com\/track\/click?u=0beb3097c1&amp;id=8556f74917&amp;e=339ca062ef\" target=\"_blank\" rel=\"noopener noreferrer\" data-saferedirecturl=\"https:\/\/www.google.com\/url?q=https:\/\/memohrc.us6.list-manage.com\/track\/click?u%3D0beb3097c1%26id%3D8556f74917%26e%3D339ca062ef&amp;source=gmail&amp;ust=1630421504654000&amp;usg=AFQjCNFRjmY_1_C3kauIKC3sCJWcNxOXFQ\">set out<\/a>\u00a0on our website.<\/p>\n<p><em>Recognition of an individual as a political prisoner, or as a victim of politically motivated prosecution, does not imply Memorial Human Rights Centre agrees with, or approves of, their views, statements, or actions.<\/em><\/p>\n<p>You can support all political prisoners by donating to the\u00a0<a href=\"https:\/\/memohrc.us6.list-manage.com\/track\/click?u=0beb3097c1&amp;id=f74440b645&amp;e=339ca062ef\" target=\"_blank\" rel=\"noopener noreferrer\" data-saferedirecturl=\"https:\/\/www.google.com\/url?q=https:\/\/memohrc.us6.list-manage.com\/track\/click?u%3D0beb3097c1%26id%3Df74440b645%26e%3D339ca062ef&amp;source=gmail&amp;ust=1630421504654000&amp;usg=AFQjCNFg5pZu1_lAq9z8Wgk4edrO84etWg\">Fund to Support Political Prisoners<\/a>\u00a0of the Union of Solidarity with Political Prisoners via PayPal, using the e-wallet at\u00a0<a href=\"mailto:helppoliticalprisoners@gmail.com\" target=\"_blank\" rel=\"noopener noreferrer\">helppoliticalprisoners@gmail.<wbr \/>com<\/a>.<\/p>\n","protected":false},"excerpt":{"rendered":"<p>Memorial Human Rights Centre, in accordance with international\u00a0guidelines\u00a0defining the term \u2018political prisoner,\u2019 considers the criminal prosecution of Krasnoyarsk activist Gleb Maryasov politically motivated and unlawful.<\/p>\n","protected":false},"author":33,"featured_media":4092,"comment_status":"closed","ping_status":"open","sticky":false,"template":"","format":"standard","meta":[],"categories":[20,12],"tags":[],"yoast_head":"<!-- This site is optimized with the Yoast SEO plugin v19.4 - https:\/\/yoast.com\/wordpress\/plugins\/seo\/ -->\n<title>The criminal prosecution of opposition activist Gleb Maryasov is politically motivated and unlawful - Europ\u00e4ischer Menschenrechtsdialog<\/title>\n<meta name=\"robots\" content=\"index, follow, max-snippet:-1, max-image-preview:large, max-video-preview:-1\" \/>\n<link rel=\"canonical\" href=\"https:\/\/www.human-rights-year.com\/de\/2021\/05\/05\/the-criminal-prosecution-of-opposition-activist-gleb-maryasov-is-politically-motivated-and-unlawful\/\" \/>\n<meta property=\"og:locale\" content=\"de_DE\" \/>\n<meta property=\"og:type\" content=\"article\" \/>\n<meta property=\"og:title\" content=\"The criminal prosecution of opposition activist Gleb Maryasov is politically motivated and unlawful - Europ\u00e4ischer Menschenrechtsdialog\" \/>\n<meta property=\"og:description\" content=\"Memorial Human Rights Centre, in accordance with international\u00a0guidelines\u00a0defining the term \u2018political prisoner,\u2019 considers the criminal prosecution of Krasnoyarsk activist Gleb Maryasov politically motivated and unlawful.\" \/>\n<meta property=\"og:url\" content=\"https:\/\/www.human-rights-year.com\/de\/2021\/05\/05\/the-criminal-prosecution-of-opposition-activist-gleb-maryasov-is-politically-motivated-and-unlawful\/\" \/>\n<meta property=\"og:site_name\" content=\"Europ\u00e4ischer Menschenrechtsdialog\" \/>\n<meta property=\"article:published_time\" content=\"2021-05-05T14:52:38+00:00\" \/>\n<meta property=\"article:modified_time\" content=\"2021-08-30T15:07:40+00:00\" \/>\n<meta property=\"og:image\" content=\"https:\/\/www.human-rights-year.com\/wp-content\/uploads\/2021\/05\/unnamed-16.png\" \/>\n\t<meta property=\"og:image:width\" content=\"2532\" \/>\n\t<meta property=\"og:image:height\" content=\"1407\" \/>\n\t<meta property=\"og:image:type\" content=\"image\/png\" \/>\n<meta name=\"author\" content=\"Europ\u00e4ischer Menschenrechtedialog\" \/>\n<meta name=\"twitter:card\" content=\"summary_large_image\" \/>\n<meta name=\"twitter:label1\" content=\"Verfasst von\" \/>\n\t<meta name=\"twitter:data1\" content=\"Europ\u00e4ischer Menschenrechtedialog\" \/>\n\t<meta name=\"twitter:label2\" content=\"Gesch\u00e4tzte Lesezeit\" \/>\n\t<meta name=\"twitter:data2\" content=\"4\u00a0Minuten\" \/>\n<script type=\"application\/ld+json\" class=\"yoast-schema-graph\">{\"@context\":\"https:\/\/schema.org\",\"@graph\":[{\"@type\":\"WebSite\",\"@id\":\"https:\/\/www.human-rights-year.com\/#website\",\"url\":\"https:\/\/www.human-rights-year.com\/\",\"name\":\"\u0415\u0432\u0440\u043e\u043f\u0435\u0439\u0441\u043a\u0438\u0439 \u043f\u0440\u0430\u0432\u043e\u0437\u0430\u0449\u0438\u0442\u043d\u044b\u0439 \u0434\u0438\u0430\u043b\u043e\u0433\",\"description\":\" \",\"potentialAction\":[{\"@type\":\"SearchAction\",\"target\":{\"@type\":\"EntryPoint\",\"urlTemplate\":\"https:\/\/www.human-rights-year.com\/?s={search_term_string}\"},\"query-input\":\"required name=search_term_string\"}],\"inLanguage\":\"de\"},{\"@type\":\"WebPage\",\"@id\":\"https:\/\/www.human-rights-year.com\/de\/2021\/05\/05\/the-criminal-prosecution-of-opposition-activist-gleb-maryasov-is-politically-motivated-and-unlawful\/\",\"url\":\"https:\/\/www.human-rights-year.com\/de\/2021\/05\/05\/the-criminal-prosecution-of-opposition-activist-gleb-maryasov-is-politically-motivated-and-unlawful\/\",\"name\":\"The criminal prosecution of opposition activist Gleb Maryasov is politically motivated and unlawful - Europ\u00e4ischer Menschenrechtsdialog\",\"isPartOf\":{\"@id\":\"https:\/\/www.human-rights-year.com\/#website\"},\"datePublished\":\"2021-05-05T14:52:38+00:00\",\"dateModified\":\"2021-08-30T15:07:40+00:00\",\"author\":{\"@id\":\"https:\/\/www.human-rights-year.com\/#\/schema\/person\/c61a685c41e5101f9ea8f886f7ff8867\"},\"breadcrumb\":{\"@id\":\"https:\/\/www.human-rights-year.com\/de\/2021\/05\/05\/the-criminal-prosecution-of-opposition-activist-gleb-maryasov-is-politically-motivated-and-unlawful\/#breadcrumb\"},\"inLanguage\":\"de\",\"potentialAction\":[{\"@type\":\"ReadAction\",\"target\":[\"https:\/\/www.human-rights-year.com\/de\/2021\/05\/05\/the-criminal-prosecution-of-opposition-activist-gleb-maryasov-is-politically-motivated-and-unlawful\/\"]}]},{\"@type\":\"BreadcrumbList\",\"@id\":\"https:\/\/www.human-rights-year.com\/de\/2021\/05\/05\/the-criminal-prosecution-of-opposition-activist-gleb-maryasov-is-politically-motivated-and-unlawful\/#breadcrumb\",\"itemListElement\":[{\"@type\":\"ListItem\",\"position\":1,\"name\":\"\u0413\u043b\u0430\u0432\u043d\u0430\u044f \u0441\u0442\u0440\u0430\u043d\u0438\u0446\u0430\",\"item\":\"https:\/\/www.human-rights-year.com\/de\/\"},{\"@type\":\"ListItem\",\"position\":2,\"name\":\"The criminal prosecution of opposition activist Gleb Maryasov is politically motivated and unlawful\"}]},{\"@type\":\"Person\",\"@id\":\"https:\/\/www.human-rights-year.com\/#\/schema\/person\/c61a685c41e5101f9ea8f886f7ff8867\",\"name\":\"Europ\u00e4ischer Menschenrechtedialog\",\"image\":{\"@type\":\"ImageObject\",\"inLanguage\":\"de\",\"@id\":\"https:\/\/www.human-rights-year.com\/#\/schema\/person\/image\/\",\"url\":\"https:\/\/secure.gravatar.com\/avatar\/b8079c67933c0da74d24da6410334e70?s=96&d=mm&r=g\",\"contentUrl\":\"https:\/\/secure.gravatar.com\/avatar\/b8079c67933c0da74d24da6410334e70?s=96&d=mm&r=g\",\"caption\":\"Europ\u00e4ischer Menschenrechtedialog\"},\"description\":\"\u041f\u0440\u043e\u0435\u043a\u0442\u00a0\u00ab\u0415\u0432\u0440\u043e\u043f\u0435\u0439\u0441\u043a\u0438\u0439 \u043f\u0440\u0430\u0432\u043e\u0437\u0430\u0449\u0438\u0442\u043d\u044b\u0439 \u0434\u0438\u0430\u043b\u043e\u0433\u00bb \u0440\u0435\u0430\u043b\u0438\u0437\u0443\u0435\u0442\u0441\u044f \u043f\u0440\u0438\u00a0\u043f\u043e\u0434\u0434\u0435\u0440\u0436\u043a\u0435 \u0433\u0435\u0440\u043c\u0430\u043d\u0441\u043a\u043e\u0433\u043e \u041c\u0418\u0414\u0430. \u0421\u0438\u0442\u0443\u0430\u0446\u0438\u044f \u0441 \u043f\u043e\u043b\u0438\u0442\u0437\u0430\u043a\u043b\u044e\u0447\u0435\u043d\u043d\u044b\u043c\u0438 \u0438 \u0434\u0440\u0443\u0433\u0438\u0435 \u043f\u0440\u0430\u0432\u043e\u0437\u0430\u0449\u0438\u0442\u043d\u044b\u0435 \u043f\u0440\u043e\u0431\u043b\u0435\u043c\u044b \u0432 \u0420\u043e\u0441\u0441\u0438\u0438 \u0438 \u0411\u0435\u043b\u0430\u0440\u0443\u0441\u0438 \u0441\u0442\u0430\u043d\u043e\u0432\u044f\u0442\u0441\u044f \u0433\u043e\u0434 \u043e\u0442 \u0433\u043e\u0434\u0430 \u0432\u0441\u0435 \u043e\u0441\u0442\u0440\u0435\u0435. \u041c\u044b \u043e\u0436\u0438\u0432\u043b\u044f\u0435\u043c \u0434\u0438\u0430\u043b\u043e\u0433 \u043c\u0435\u0436\u0434\u0443 \u0440\u043e\u0441\u0441\u0438\u0439\u0441\u043a\u0438\u043c, \u0431\u0435\u043b\u0430\u0440\u0443\u0441\u0441\u043a\u0438\u043c, \u043f\u043e\u043b\u044c\u0441\u043a\u0438\u043c \u0438 \u043d\u0435\u043c\u0435\u0446\u043a\u0438\u043c \u043f\u0440\u0430\u0432\u043e\u0437\u0430\u0449\u0438\u0442\u043d\u044b\u043c \u0441\u043e\u043e\u0431\u0449\u0435\u0441\u0442\u0432\u043e\u043c \u0438 \u043d\u0430\u043b\u0430\u0436\u0438\u0432\u0430\u0435\u043c \u0438\u0445 \u043a\u043e\u043d\u0441\u0442\u0440\u0443\u043a\u0442\u0438\u0432\u043d\u043e\u0435 \u0432\u0437\u0430\u0438\u043c\u043e\u0434\u0435\u0439\u0441\u0442\u0432\u0438\u0435, \u0432\u0437\u0430\u0438\u043c\u043d\u043e\u0435 \u0438\u043d\u0444\u043e\u0440\u043c\u0438\u0440\u043e\u0432\u0430\u043d\u0438\u0435 \u0438 \u043f\u043e\u0434\u0434\u0435\u0440\u0436\u043a\u0443. \u041c\u044b \u0438\u043d\u0444\u043e\u0440\u043c\u0438\u0440\u0443\u0435\u043c \u043d\u0435\u043c\u0435\u0446\u043a\u0443\u044e \u043e\u0431\u0449\u0435\u0441\u0442\u0432\u0435\u043d\u043d\u043e\u0441\u0442\u044c \u043e \u0441\u0438\u0442\u0443\u0430\u0446\u0438\u0438 \u0441 \u0437\u0430\u0449\u0438\u0442\u043e\u0439 \u043f\u0440\u0430\u0432 \u0447\u0435\u043b\u043e\u0432\u0435\u043a\u0430 \u0432 \u0420\u043e\u0441\u0441\u0438\u0438 \u0438 \u0411\u0435\u043b\u0430\u0440\u0443\u0441\u0438, \u0430 \u0440\u043e\u0441\u0441\u0438\u0439\u0441\u043a\u0443\u044e \u0438 \u0431\u0435\u043b\u0430\u0440\u0443\u0441\u0441\u043a\u0443\u044e \u2014 \u043e \u043f\u043e\u043b\u043e\u0436\u0435\u043d\u0438\u0438 \u0432 \u044d\u0442\u043e\u0439 \u043e\u0431\u043b\u0430\u0441\u0442\u0438 \u0432 \u0413\u0435\u0440\u043c\u0430\u043d\u0438\u0438; \u0441\u043e\u0437\u0434\u0430\u0435\u043c \u043c\u0435\u0445\u0430\u043d\u0438\u0437\u043c \u043f\u043e\u0434\u0434\u0435\u0440\u0436\u043a\u0438 \u0440\u043e\u0441\u0441\u0438\u0439\u0441\u043a\u0438\u0445 \u0438 \u0431\u0435\u043b\u0430\u0440\u0443\u0441\u0441\u043a\u0438\u0445 \u043f\u0440\u0430\u0432\u043e\u0437\u0430\u0449\u0438\u0442\u043d\u0438\u043a\u043e\u0432, \u0436\u0435\u0440\u0442\u0432 \u043f\u043e\u043b\u0438\u0442\u0438\u0447\u0435\u0441\u043a\u0438\u0445 \u0440\u0435\u043f\u0440\u0435\u0441\u0441\u0438\u0439 \u0438 \u043f\u043e\u043b\u0438\u0442\u0437\u0430\u043a\u043b\u044e\u0447\u0435\u043d\u043d\u044b\u0445. \u0411\u0443\u0434\u0435\u043c \u0440\u0430\u0434\u044b \u0432\u0430\u0448\u0435\u043c\u0443 \u0443\u0447\u0430\u0441\u0442\u0438\u044e \u0432 \u0435\u0432\u0440\u043e\u043f\u0435\u0439\u0441\u043a\u043e\u043c \u043f\u0440\u0430\u0432\u043e\u0437\u0430\u0449\u0438\u0442\u043d\u043e\u043c \u0434\u0438\u0430\u043b\u043e\u0433\u0435 \u043d\u0430 \u043d\u0430\u0448\u0435\u043c \u0441\u0430\u0439\u0442\u0435 \u0438 \u0430\u043a\u043a\u0430\u0443\u043d\u0442\u0430\u0445 \u0432 \u0441\u043e\u0446\u0438\u0430\u043b\u044c\u043d\u044b\u0445 \u0441\u0435\u0442\u044f\u0445, \u0430 \u0442\u0430\u043a\u0436\u0435 \u043f\u0440\u0438\u0433\u043b\u0430\u0448\u0430\u0435\u043c \u0432\u0430\u0441 \u043f\u043e\u0434\u043f\u0438\u0441\u0430\u0442\u044c\u0441\u044f \u043d\u0430 \u0440\u0430\u0441\u0441\u044b\u043b\u043a\u0443 \u043e \u043f\u0440\u0430\u0432\u043e\u0437\u0430\u0449\u0438\u0442\u043d\u044b\u0445 \u043f\u0440\u043e\u0431\u043b\u0435\u043c\u0430\u0445\u00a0\u043f\u043e \u0441\u0441\u044b\u043b\u043a\u0435 (\u043d\u0430 \u043d\u0435\u043c\u0435\u0446\u043a\u043e\u043c \u044f\u0437\u044b\u043a\u0435).\u00a0\",\"url\":\"https:\/\/www.human-rights-year.com\/de\/author\/anna-andrievskaja\/\"}]}<\/script>\n<!-- \/ Yoast SEO plugin. -->","yoast_head_json":{"title":"The criminal prosecution of opposition activist Gleb Maryasov is politically motivated and unlawful - Europ\u00e4ischer Menschenrechtsdialog","robots":{"index":"index","follow":"follow","max-snippet":"max-snippet:-1","max-image-preview":"max-image-preview:large","max-video-preview":"max-video-preview:-1"},"canonical":"https:\/\/www.human-rights-year.com\/de\/2021\/05\/05\/the-criminal-prosecution-of-opposition-activist-gleb-maryasov-is-politically-motivated-and-unlawful\/","og_locale":"de_DE","og_type":"article","og_title":"The criminal prosecution of opposition activist Gleb Maryasov is politically motivated and unlawful - Europ\u00e4ischer Menschenrechtsdialog","og_description":"Memorial Human Rights Centre, in accordance with international\u00a0guidelines\u00a0defining the term \u2018political prisoner,\u2019 considers the criminal prosecution of Krasnoyarsk activist Gleb Maryasov politically motivated and unlawful.","og_url":"https:\/\/www.human-rights-year.com\/de\/2021\/05\/05\/the-criminal-prosecution-of-opposition-activist-gleb-maryasov-is-politically-motivated-and-unlawful\/","og_site_name":"Europ\u00e4ischer Menschenrechtsdialog","article_published_time":"2021-05-05T14:52:38+00:00","article_modified_time":"2021-08-30T15:07:40+00:00","og_image":[{"width":2532,"height":1407,"url":"https:\/\/www.human-rights-year.com\/wp-content\/uploads\/2021\/05\/unnamed-16.png","type":"image\/png"}],"author":"Europ\u00e4ischer Menschenrechtedialog","twitter_card":"summary_large_image","twitter_misc":{"Verfasst von":"Europ\u00e4ischer Menschenrechtedialog","Gesch\u00e4tzte Lesezeit":"4\u00a0Minuten"},"schema":{"@context":"https:\/\/schema.org","@graph":[{"@type":"WebSite","@id":"https:\/\/www.human-rights-year.com\/#website","url":"https:\/\/www.human-rights-year.com\/","name":"\u0415\u0432\u0440\u043e\u043f\u0435\u0439\u0441\u043a\u0438\u0439 \u043f\u0440\u0430\u0432\u043e\u0437\u0430\u0449\u0438\u0442\u043d\u044b\u0439 \u0434\u0438\u0430\u043b\u043e\u0433","description":" ","potentialAction":[{"@type":"SearchAction","target":{"@type":"EntryPoint","urlTemplate":"https:\/\/www.human-rights-year.com\/?s={search_term_string}"},"query-input":"required name=search_term_string"}],"inLanguage":"de"},{"@type":"WebPage","@id":"https:\/\/www.human-rights-year.com\/de\/2021\/05\/05\/the-criminal-prosecution-of-opposition-activist-gleb-maryasov-is-politically-motivated-and-unlawful\/","url":"https:\/\/www.human-rights-year.com\/de\/2021\/05\/05\/the-criminal-prosecution-of-opposition-activist-gleb-maryasov-is-politically-motivated-and-unlawful\/","name":"The criminal prosecution of opposition activist Gleb Maryasov is politically motivated and unlawful - Europ\u00e4ischer Menschenrechtsdialog","isPartOf":{"@id":"https:\/\/www.human-rights-year.com\/#website"},"datePublished":"2021-05-05T14:52:38+00:00","dateModified":"2021-08-30T15:07:40+00:00","author":{"@id":"https:\/\/www.human-rights-year.com\/#\/schema\/person\/c61a685c41e5101f9ea8f886f7ff8867"},"breadcrumb":{"@id":"https:\/\/www.human-rights-year.com\/de\/2021\/05\/05\/the-criminal-prosecution-of-opposition-activist-gleb-maryasov-is-politically-motivated-and-unlawful\/#breadcrumb"},"inLanguage":"de","potentialAction":[{"@type":"ReadAction","target":["https:\/\/www.human-rights-year.com\/de\/2021\/05\/05\/the-criminal-prosecution-of-opposition-activist-gleb-maryasov-is-politically-motivated-and-unlawful\/"]}]},{"@type":"BreadcrumbList","@id":"https:\/\/www.human-rights-year.com\/de\/2021\/05\/05\/the-criminal-prosecution-of-opposition-activist-gleb-maryasov-is-politically-motivated-and-unlawful\/#breadcrumb","itemListElement":[{"@type":"ListItem","position":1,"name":"\u0413\u043b\u0430\u0432\u043d\u0430\u044f \u0441\u0442\u0440\u0430\u043d\u0438\u0446\u0430","item":"https:\/\/www.human-rights-year.com\/de\/"},{"@type":"ListItem","position":2,"name":"The criminal prosecution of opposition activist Gleb Maryasov is politically motivated and unlawful"}]},{"@type":"Person","@id":"https:\/\/www.human-rights-year.com\/#\/schema\/person\/c61a685c41e5101f9ea8f886f7ff8867","name":"Europ\u00e4ischer Menschenrechtedialog","image":{"@type":"ImageObject","inLanguage":"de","@id":"https:\/\/www.human-rights-year.com\/#\/schema\/person\/image\/","url":"https:\/\/secure.gravatar.com\/avatar\/b8079c67933c0da74d24da6410334e70?s=96&d=mm&r=g","contentUrl":"https:\/\/secure.gravatar.com\/avatar\/b8079c67933c0da74d24da6410334e70?s=96&d=mm&r=g","caption":"Europ\u00e4ischer Menschenrechtedialog"},"description":"\u041f\u0440\u043e\u0435\u043a\u0442\u00a0\u00ab\u0415\u0432\u0440\u043e\u043f\u0435\u0439\u0441\u043a\u0438\u0439 \u043f\u0440\u0430\u0432\u043e\u0437\u0430\u0449\u0438\u0442\u043d\u044b\u0439 \u0434\u0438\u0430\u043b\u043e\u0433\u00bb \u0440\u0435\u0430\u043b\u0438\u0437\u0443\u0435\u0442\u0441\u044f \u043f\u0440\u0438\u00a0\u043f\u043e\u0434\u0434\u0435\u0440\u0436\u043a\u0435 \u0433\u0435\u0440\u043c\u0430\u043d\u0441\u043a\u043e\u0433\u043e \u041c\u0418\u0414\u0430. \u0421\u0438\u0442\u0443\u0430\u0446\u0438\u044f \u0441 \u043f\u043e\u043b\u0438\u0442\u0437\u0430\u043a\u043b\u044e\u0447\u0435\u043d\u043d\u044b\u043c\u0438 \u0438 \u0434\u0440\u0443\u0433\u0438\u0435 \u043f\u0440\u0430\u0432\u043e\u0437\u0430\u0449\u0438\u0442\u043d\u044b\u0435 \u043f\u0440\u043e\u0431\u043b\u0435\u043c\u044b \u0432 \u0420\u043e\u0441\u0441\u0438\u0438 \u0438 \u0411\u0435\u043b\u0430\u0440\u0443\u0441\u0438 \u0441\u0442\u0430\u043d\u043e\u0432\u044f\u0442\u0441\u044f \u0433\u043e\u0434 \u043e\u0442 \u0433\u043e\u0434\u0430 \u0432\u0441\u0435 \u043e\u0441\u0442\u0440\u0435\u0435. \u041c\u044b \u043e\u0436\u0438\u0432\u043b\u044f\u0435\u043c \u0434\u0438\u0430\u043b\u043e\u0433 \u043c\u0435\u0436\u0434\u0443 \u0440\u043e\u0441\u0441\u0438\u0439\u0441\u043a\u0438\u043c, \u0431\u0435\u043b\u0430\u0440\u0443\u0441\u0441\u043a\u0438\u043c, \u043f\u043e\u043b\u044c\u0441\u043a\u0438\u043c \u0438 \u043d\u0435\u043c\u0435\u0446\u043a\u0438\u043c \u043f\u0440\u0430\u0432\u043e\u0437\u0430\u0449\u0438\u0442\u043d\u044b\u043c \u0441\u043e\u043e\u0431\u0449\u0435\u0441\u0442\u0432\u043e\u043c \u0438 \u043d\u0430\u043b\u0430\u0436\u0438\u0432\u0430\u0435\u043c \u0438\u0445 \u043a\u043e\u043d\u0441\u0442\u0440\u0443\u043a\u0442\u0438\u0432\u043d\u043e\u0435 \u0432\u0437\u0430\u0438\u043c\u043e\u0434\u0435\u0439\u0441\u0442\u0432\u0438\u0435, \u0432\u0437\u0430\u0438\u043c\u043d\u043e\u0435 \u0438\u043d\u0444\u043e\u0440\u043c\u0438\u0440\u043e\u0432\u0430\u043d\u0438\u0435 \u0438 \u043f\u043e\u0434\u0434\u0435\u0440\u0436\u043a\u0443. \u041c\u044b \u0438\u043d\u0444\u043e\u0440\u043c\u0438\u0440\u0443\u0435\u043c \u043d\u0435\u043c\u0435\u0446\u043a\u0443\u044e \u043e\u0431\u0449\u0435\u0441\u0442\u0432\u0435\u043d\u043d\u043e\u0441\u0442\u044c \u043e \u0441\u0438\u0442\u0443\u0430\u0446\u0438\u0438 \u0441 \u0437\u0430\u0449\u0438\u0442\u043e\u0439 \u043f\u0440\u0430\u0432 \u0447\u0435\u043b\u043e\u0432\u0435\u043a\u0430 \u0432 \u0420\u043e\u0441\u0441\u0438\u0438 \u0438 \u0411\u0435\u043b\u0430\u0440\u0443\u0441\u0438, \u0430 \u0440\u043e\u0441\u0441\u0438\u0439\u0441\u043a\u0443\u044e \u0438 \u0431\u0435\u043b\u0430\u0440\u0443\u0441\u0441\u043a\u0443\u044e \u2014 \u043e \u043f\u043e\u043b\u043e\u0436\u0435\u043d\u0438\u0438 \u0432 \u044d\u0442\u043e\u0439 \u043e\u0431\u043b\u0430\u0441\u0442\u0438 \u0432 \u0413\u0435\u0440\u043c\u0430\u043d\u0438\u0438; \u0441\u043e\u0437\u0434\u0430\u0435\u043c \u043c\u0435\u0445\u0430\u043d\u0438\u0437\u043c \u043f\u043e\u0434\u0434\u0435\u0440\u0436\u043a\u0438 \u0440\u043e\u0441\u0441\u0438\u0439\u0441\u043a\u0438\u0445 \u0438 \u0431\u0435\u043b\u0430\u0440\u0443\u0441\u0441\u043a\u0438\u0445 \u043f\u0440\u0430\u0432\u043e\u0437\u0430\u0449\u0438\u0442\u043d\u0438\u043a\u043e\u0432, \u0436\u0435\u0440\u0442\u0432 \u043f\u043e\u043b\u0438\u0442\u0438\u0447\u0435\u0441\u043a\u0438\u0445 \u0440\u0435\u043f\u0440\u0435\u0441\u0441\u0438\u0439 \u0438 \u043f\u043e\u043b\u0438\u0442\u0437\u0430\u043a\u043b\u044e\u0447\u0435\u043d\u043d\u044b\u0445. \u0411\u0443\u0434\u0435\u043c \u0440\u0430\u0434\u044b \u0432\u0430\u0448\u0435\u043c\u0443 \u0443\u0447\u0430\u0441\u0442\u0438\u044e \u0432 \u0435\u0432\u0440\u043e\u043f\u0435\u0439\u0441\u043a\u043e\u043c \u043f\u0440\u0430\u0432\u043e\u0437\u0430\u0449\u0438\u0442\u043d\u043e\u043c \u0434\u0438\u0430\u043b\u043e\u0433\u0435 \u043d\u0430 \u043d\u0430\u0448\u0435\u043c \u0441\u0430\u0439\u0442\u0435 \u0438 \u0430\u043a\u043a\u0430\u0443\u043d\u0442\u0430\u0445 \u0432 \u0441\u043e\u0446\u0438\u0430\u043b\u044c\u043d\u044b\u0445 \u0441\u0435\u0442\u044f\u0445, \u0430 \u0442\u0430\u043a\u0436\u0435 \u043f\u0440\u0438\u0433\u043b\u0430\u0448\u0430\u0435\u043c \u0432\u0430\u0441 \u043f\u043e\u0434\u043f\u0438\u0441\u0430\u0442\u044c\u0441\u044f \u043d\u0430 \u0440\u0430\u0441\u0441\u044b\u043b\u043a\u0443 \u043e \u043f\u0440\u0430\u0432\u043e\u0437\u0430\u0449\u0438\u0442\u043d\u044b\u0445 \u043f\u0440\u043e\u0431\u043b\u0435\u043c\u0430\u0445\u00a0\u043f\u043e \u0441\u0441\u044b\u043b\u043a\u0435 (\u043d\u0430 \u043d\u0435\u043c\u0435\u0446\u043a\u043e\u043c \u044f\u0437\u044b\u043a\u0435).\u00a0","url":"https:\/\/www.human-rights-year.com\/de\/author\/anna-andrievskaja\/"}]}},"_links":{"self":[{"href":"https:\/\/www.human-rights-year.com\/de\/wp-json\/wp\/v2\/posts\/4091"}],"collection":[{"href":"https:\/\/www.human-rights-year.com\/de\/wp-json\/wp\/v2\/posts"}],"about":[{"href":"https:\/\/www.human-rights-year.com\/de\/wp-json\/wp\/v2\/types\/post"}],"author":[{"embeddable":true,"href":"https:\/\/www.human-rights-year.com\/de\/wp-json\/wp\/v2\/users\/33"}],"replies":[{"embeddable":true,"href":"https:\/\/www.human-rights-year.com\/de\/wp-json\/wp\/v2\/comments?post=4091"}],"version-history":[{"count":0,"href":"https:\/\/www.human-rights-year.com\/de\/wp-json\/wp\/v2\/posts\/4091\/revisions"}],"wp:featuredmedia":[{"embeddable":true,"href":"https:\/\/www.human-rights-year.com\/de\/wp-json\/wp\/v2\/media\/4092"}],"wp:attachment":[{"href":"https:\/\/www.human-rights-year.com\/de\/wp-json\/wp\/v2\/media?parent=4091"}],"wp:term":[{"taxonomy":"category","embeddable":true,"href":"https:\/\/www.human-rights-year.com\/de\/wp-json\/wp\/v2\/categories?post=4091"},{"taxonomy":"post_tag","embeddable":true,"href":"https:\/\/www.human-rights-year.com\/de\/wp-json\/wp\/v2\/tags?post=4091"}],"curies":[{"name":"wp","href":"https:\/\/api.w.org\/{rel}","templated":true}]}}