{"id":3962,"date":"2020-12-09T23:39:29","date_gmt":"2020-12-09T22:39:29","guid":{"rendered":"https:\/\/www.human-rights-year.com\/?p=3962"},"modified":"2020-12-29T23:40:56","modified_gmt":"2020-12-29T22:40:56","slug":"two-more-muslims-from-tolyatti-prosecuted-for-involvement-in-the-banned-organisation-hizb-ut-tahrir-are-political-prisoners","status":"publish","type":"post","link":"https:\/\/www.human-rights-year.com\/de\/2020\/12\/09\/two-more-muslims-from-tolyatti-prosecuted-for-involvement-in-the-banned-organisation-hizb-ut-tahrir-are-political-prisoners\/","title":{"rendered":"Two more Muslims from Tolyatti, prosecuted for involvement in the banned organisation Hizb ut-Tahrir, are political prisoners"},"content":{"rendered":"<p><strong>Memorial Human Rights Centre, in\u00a0accordance with\u00a0<a href=\"https:\/\/memohrc.org\/en\/specials\/guidelines-definition-political-prisoner\">guidelines<\/a>\u00a0defining the term \u2018political prisoner,\u2019 considers Radik Khairutdinov and Elmar Mamedov political prisoners. We\u00a0believe they are being prosecuted for political reasons because of\u00a0their non-violent exercise of\u00a0the rights to\u00a0freedom of\u00a0conscience, religion, speech and association in\u00a0order to\u00a0strengthen and maintain the authority of\u00a0those in\u00a0power. On\u00a0the basis of\u00a0current information, they are being deprived of\u00a0liberty in\u00a0the absence of\u00a0a\u00a0crime and in\u00a0violation of\u00a0their right to\u00a0a\u00a0fair trial. Memorial calls for the immediate release of\u00a0Khairutdinov and Mamedov.<\/strong><\/p>\n<p><strong>Who are Radik Khairutdinov and Elmar Mamedov?<\/strong><\/p>\n<p>Radik Khairutdinov, 34, and Elmar Mamedov, 32, were detained on\u00a023 September 2019 in\u00a0Tolyatti together with two other local Muslims\u00a0\u2014\u00a0<a href=\"https:\/\/memohrc.org\/en\/news_old\/rais-mavlyutov-resident-tolyatti-accused-involvement-banned-hizb-ut-tahrir-political\">Rais Mavlyutov<\/a>\u00a0and Aleksei Botva. They were then all taken into custody.<\/p>\n<p>Khairutdinov and Mamedov have been charged with participation in\u00a0the activities of\u00a0a\u00a0terrorist organisation (Article 205.5, Part 2, of\u00a0the Russian Criminal Code) because of\u00a0their involvement in\u00a0the Islamic party Hizb ut-Tahrir al-Islami, which is\u00a0banned in\u00a0Russia.<\/p>\n<p>In\u00a0addition, Mamedov has been charged with justification of\u00a0terrorism (Article 205.2, Part 2, of\u00a0the Russian Criminal Code) for posting on\u00a0his Facebook page two videos and photos of\u00a0military operations in\u00a0Syria.<\/p>\n<p>Their trial has now begun in\u00a0the Volga District Military Court in\u00a0Samara.<\/p>\n<p><strong>Why does Memorial consider them political prisoners?<\/strong><\/p>\n<p>The charges of\u00a0terrorism against Khairutdinov and Mamedov are based solely on\u00a0their membership of\u00a0the Islamic party Hizb ut-Tahrir al-Islami, which is\u00a0banned in\u00a0Russia. We\u00a0believe the designation of\u00a0this organisation as\u00a0terrorist is\u00a0unjustified and unlawful. The decision of\u00a0the Russian Supreme Court, adopted in\u00a02003, which banned the activities of\u00a0a\u00a0large number of\u00a0Islamic organisations, devoted one paragraph of\u00a0three sentences to\u00a0Hizb ut-Tahrir. The three sentences contain no\u00a0evidence of\u00a0terrorist activities.<\/p>\n<p>Since November 2013, when Article 205.5 was added to\u00a0the Russian Criminal Code, the mere fact of\u00a0participation in\u00a0events held by\u00a0Hizb ut-Tahrir has been sufficient to\u00a0be\u00a0convicted of\u00a0a\u00a0terrorist offence, the penalties for which even include life imprisonment. At\u00a0the same time, for a\u00a0conviction to\u00a0be\u00a0brought, it\u00a0has ceased to\u00a0be\u00a0necessary to\u00a0prove facts of\u00a0preparation or\u00a0implementation of\u00a0terrorist crimes.<\/p>\n<p>We\u00a0would point out that Article 28 of\u00a0the Russian Constitution guarantees everyone \u2018freedom of\u00a0conscience, freedom of\u00a0religion, including the right to\u00a0profess individually, or\u00a0jointly with others, any religion or\u00a0not to\u00a0profess any religion, to\u00a0freely choose, have and disseminate religious and other beliefs and act in\u00a0accordance with them.\u2019<\/p>\n<p>There is\u00a0no\u00a0evidence that the defendants committed or\u00a0planned violence, still less committed actions that can be\u00a0called terrorism in\u00a0the common sense meaning of\u00a0the term.<\/p>\n<p>The prosecution is\u00a0based on\u00a0the testimonies of\u00a0three classified witnesses who stated that the defendants proposed, in\u00a0the mosque, that they become acquainted with the literature of\u00a0Hizb ut-Tahrir; and on\u00a0the testimonies of\u00a0one person now in\u00a0prison, also convicted of\u00a0membership in\u00a0Hizb ut-Tahrir, and of\u00a0the accomplice of\u00a0the defendants who pleaded guilty and reached a\u00a0plea bargain with the investigators.<\/p>\n<p>According to\u00a0the indictment, the whole guilt of\u00a0the defendants lies in\u00a0the fact that they \u2018deliberately and purposefully, jointly and by\u00a0mutual agreement, acquired a\u00a0thorough knowledge of\u00a0the ideology of\u00a0the organisation\u2019 and \u2018misled Muslims, in\u00a0terms of\u00a0their religion, substituting for the traditional approach to\u00a0disseminating this religion in\u00a0society the notion of\u00a0fostering organised anti-constitutional activities in\u00a0the Russian Federation, based on\u00a0the doctrine of\u00a0the fundamental stage-by-stage creation of\u00a0a\u00a0theocratic unitary state\u00a0\u2014 the World Islamic Caliphate\u00a0\u2014 that contradicts the traditional interpretation of\u00a0Islam.\u2019<\/p>\n<p>In\u00a0other words, they are officially accused of\u00a0distorting the ideas of\u00a0Islam. However, a\u00a0decision on\u00a0the \u2018correctness\u2019 of\u00a0believers\u2019 interpretations of\u00a0religious and philosophical issues in\u00a0no\u00a0way lies within the competence of\u00a0the State or\u00a0of\u00a0the investigative bodies and does not correspond to\u00a0those articles of\u00a0the Criminal Code under which the charges have been brought.<\/p>\n<p>As\u00a0far as\u00a0the charges of\u00a0advocating terrorism laid against Mamedov are concerned, the video clips he\u00a0published are only about the humanitarian catastrophe in\u00a0the Syrian city of\u00a0Aleppo during its siege by\u00a0government troops. They do\u00a0not contain any incitement of\u00a0violence or\u00a0justification of\u00a0terrorism, but condemn the use of\u00a0weapons of\u00a0mass destruction in\u00a0a\u00a0military conflict that primarily affects the civilian population. The fact that Mamedov is\u00a0accused of\u00a0reposting materials from official and well-known media, the BBC and Radio Liberty, which are officially registered and operate legally in\u00a0Russia, is\u00a0particularly surprising and cause for concern. These materials were posted on\u00a0the websites of\u00a0these media outlets and no\u00a0complaints were made about them by\u00a0Russian investigative or\u00a0supervisory bodies. The only reference to\u00a0ISIS, which is\u00a0banned in\u00a0Russia and whose propaganda Mamedov is\u00a0accused of\u00a0disseminating, is\u00a0the phrase \u2018ISIS could never have dreamt of\u00a0such a\u00a0thing\u2019 in\u00a0his comments on\u00a0the publications.<\/p>\n<p><em>Recognition of\u00a0an\u00a0individual as\u00a0a\u00a0political prisoner or\u00a0as\u00a0a\u00a0victim of\u00a0politically motivated prosecution does not imply Memorial Human Rights Centre agrees with, or\u00a0approves of, their views, statements, or\u00a0actions.<\/em><\/p>\n<p>More information about the case and the opinion of\u00a0Memorial Human Rights Centre is\u00a0<a href=\"https:\/\/memohrc.org\/ru\/special-projects\/tolyattinskoe-delo-mamedova-i-hayrutdinova-o-chlenstve-v-zapreshchyonnoy-hizb-ut\">available on\u00a0our website<\/a>.<\/p>\n<p><strong>How you can help<\/strong><\/p>\n<p>You can support all political prisoners by\u00a0donating to\u00a0<a href=\"https:\/\/www.politzeky.ru\/fond-pomoshhi-politzakljuchennym\/5118\/fond-pomoshhi-politzakljuchjonnym\" target=\"_blank\" rel=\"noopener noreferrer\">the Fund to\u00a0Support Political Prisoners<\/a>\u00a0of\u00a0the Union of\u00a0Solidarity with Political Prisoners via PayPal, using the e-wallet at\u00a0helppoliticalprisoners@gmail.com.<\/p>\n<p><a href=\"https:\/\/memohrc.org\/en\/news_old\/two-more-muslims-tolyatti-prosecuted-involvement-banned-organisation-hizb-ut-tahrir-are\">Original<\/a><\/p>\n","protected":false},"excerpt":{"rendered":"<p>Memorial Human Rights Centre, in\u00a0accordance with\u00a0guidelines\u00a0defining the term \u2018political prisoner,\u2019 considers Radik Khairutdinov and Elmar Mamedov political prisoners. We\u00a0believe they are being prosecuted for political<\/p>\n","protected":false},"author":33,"featured_media":3963,"comment_status":"closed","ping_status":"open","sticky":false,"template":"","format":"standard","meta":[],"categories":[20,12],"tags":[],"yoast_head":"<!-- This site is optimized with the Yoast SEO plugin v19.4 - https:\/\/yoast.com\/wordpress\/plugins\/seo\/ -->\n<title>Two more Muslims from Tolyatti, prosecuted for involvement in the banned organisation Hizb ut-Tahrir, are political prisoners - Europ\u00e4ischer Menschenrechtsdialog<\/title>\n<meta name=\"robots\" content=\"index, follow, max-snippet:-1, max-image-preview:large, max-video-preview:-1\" \/>\n<link rel=\"canonical\" href=\"https:\/\/www.human-rights-year.com\/de\/2020\/12\/09\/two-more-muslims-from-tolyatti-prosecuted-for-involvement-in-the-banned-organisation-hizb-ut-tahrir-are-political-prisoners\/\" \/>\n<meta property=\"og:locale\" content=\"de_DE\" \/>\n<meta property=\"og:type\" content=\"article\" \/>\n<meta property=\"og:title\" content=\"Two more Muslims from Tolyatti, prosecuted for involvement in the banned organisation Hizb ut-Tahrir, are political prisoners - Europ\u00e4ischer Menschenrechtsdialog\" \/>\n<meta property=\"og:description\" content=\"Memorial Human Rights Centre, in\u00a0accordance with\u00a0guidelines\u00a0defining the term \u2018political prisoner,\u2019 considers Radik Khairutdinov and Elmar Mamedov political prisoners. We\u00a0believe they are being prosecuted for political\" \/>\n<meta property=\"og:url\" content=\"https:\/\/www.human-rights-year.com\/de\/2020\/12\/09\/two-more-muslims-from-tolyatti-prosecuted-for-involvement-in-the-banned-organisation-hizb-ut-tahrir-are-political-prisoners\/\" \/>\n<meta property=\"og:site_name\" content=\"Europ\u00e4ischer Menschenrechtsdialog\" \/>\n<meta property=\"article:published_time\" content=\"2020-12-09T22:39:29+00:00\" \/>\n<meta property=\"article:modified_time\" content=\"2020-12-29T22:40:56+00:00\" \/>\n<meta property=\"og:image\" content=\"https:\/\/www.human-rights-year.com\/wp-content\/uploads\/2020\/12\/mamedov_khairutdinov.png\" \/>\n\t<meta property=\"og:image:width\" content=\"800\" \/>\n\t<meta property=\"og:image:height\" content=\"400\" \/>\n\t<meta property=\"og:image:type\" content=\"image\/png\" \/>\n<meta name=\"author\" content=\"Europ\u00e4ischer Menschenrechtedialog\" \/>\n<meta name=\"twitter:card\" content=\"summary_large_image\" \/>\n<meta name=\"twitter:label1\" content=\"Verfasst von\" \/>\n\t<meta name=\"twitter:data1\" content=\"Europ\u00e4ischer Menschenrechtedialog\" \/>\n\t<meta name=\"twitter:label2\" content=\"Gesch\u00e4tzte Lesezeit\" \/>\n\t<meta name=\"twitter:data2\" content=\"5\u00a0Minuten\" \/>\n<script type=\"application\/ld+json\" class=\"yoast-schema-graph\">{\"@context\":\"https:\/\/schema.org\",\"@graph\":[{\"@type\":\"WebSite\",\"@id\":\"https:\/\/www.human-rights-year.com\/#website\",\"url\":\"https:\/\/www.human-rights-year.com\/\",\"name\":\"\u0415\u0432\u0440\u043e\u043f\u0435\u0439\u0441\u043a\u0438\u0439 \u043f\u0440\u0430\u0432\u043e\u0437\u0430\u0449\u0438\u0442\u043d\u044b\u0439 \u0434\u0438\u0430\u043b\u043e\u0433\",\"description\":\" \",\"potentialAction\":[{\"@type\":\"SearchAction\",\"target\":{\"@type\":\"EntryPoint\",\"urlTemplate\":\"https:\/\/www.human-rights-year.com\/?s={search_term_string}\"},\"query-input\":\"required name=search_term_string\"}],\"inLanguage\":\"de\"},{\"@type\":\"WebPage\",\"@id\":\"https:\/\/www.human-rights-year.com\/de\/2020\/12\/09\/two-more-muslims-from-tolyatti-prosecuted-for-involvement-in-the-banned-organisation-hizb-ut-tahrir-are-political-prisoners\/\",\"url\":\"https:\/\/www.human-rights-year.com\/de\/2020\/12\/09\/two-more-muslims-from-tolyatti-prosecuted-for-involvement-in-the-banned-organisation-hizb-ut-tahrir-are-political-prisoners\/\",\"name\":\"Two more Muslims from Tolyatti, prosecuted for involvement in the banned organisation Hizb ut-Tahrir, are political prisoners - Europ\u00e4ischer Menschenrechtsdialog\",\"isPartOf\":{\"@id\":\"https:\/\/www.human-rights-year.com\/#website\"},\"datePublished\":\"2020-12-09T22:39:29+00:00\",\"dateModified\":\"2020-12-29T22:40:56+00:00\",\"author\":{\"@id\":\"https:\/\/www.human-rights-year.com\/#\/schema\/person\/c61a685c41e5101f9ea8f886f7ff8867\"},\"breadcrumb\":{\"@id\":\"https:\/\/www.human-rights-year.com\/de\/2020\/12\/09\/two-more-muslims-from-tolyatti-prosecuted-for-involvement-in-the-banned-organisation-hizb-ut-tahrir-are-political-prisoners\/#breadcrumb\"},\"inLanguage\":\"de\",\"potentialAction\":[{\"@type\":\"ReadAction\",\"target\":[\"https:\/\/www.human-rights-year.com\/de\/2020\/12\/09\/two-more-muslims-from-tolyatti-prosecuted-for-involvement-in-the-banned-organisation-hizb-ut-tahrir-are-political-prisoners\/\"]}]},{\"@type\":\"BreadcrumbList\",\"@id\":\"https:\/\/www.human-rights-year.com\/de\/2020\/12\/09\/two-more-muslims-from-tolyatti-prosecuted-for-involvement-in-the-banned-organisation-hizb-ut-tahrir-are-political-prisoners\/#breadcrumb\",\"itemListElement\":[{\"@type\":\"ListItem\",\"position\":1,\"name\":\"\u0413\u043b\u0430\u0432\u043d\u0430\u044f \u0441\u0442\u0440\u0430\u043d\u0438\u0446\u0430\",\"item\":\"https:\/\/www.human-rights-year.com\/de\/\"},{\"@type\":\"ListItem\",\"position\":2,\"name\":\"Two more Muslims from Tolyatti, prosecuted for involvement in the banned organisation Hizb ut-Tahrir, are political prisoners\"}]},{\"@type\":\"Person\",\"@id\":\"https:\/\/www.human-rights-year.com\/#\/schema\/person\/c61a685c41e5101f9ea8f886f7ff8867\",\"name\":\"Europ\u00e4ischer Menschenrechtedialog\",\"image\":{\"@type\":\"ImageObject\",\"inLanguage\":\"de\",\"@id\":\"https:\/\/www.human-rights-year.com\/#\/schema\/person\/image\/\",\"url\":\"https:\/\/secure.gravatar.com\/avatar\/b8079c67933c0da74d24da6410334e70?s=96&d=mm&r=g\",\"contentUrl\":\"https:\/\/secure.gravatar.com\/avatar\/b8079c67933c0da74d24da6410334e70?s=96&d=mm&r=g\",\"caption\":\"Europ\u00e4ischer Menschenrechtedialog\"},\"description\":\"\u041f\u0440\u043e\u0435\u043a\u0442\u00a0\u00ab\u0415\u0432\u0440\u043e\u043f\u0435\u0439\u0441\u043a\u0438\u0439 \u043f\u0440\u0430\u0432\u043e\u0437\u0430\u0449\u0438\u0442\u043d\u044b\u0439 \u0434\u0438\u0430\u043b\u043e\u0433\u00bb \u0440\u0435\u0430\u043b\u0438\u0437\u0443\u0435\u0442\u0441\u044f \u043f\u0440\u0438\u00a0\u043f\u043e\u0434\u0434\u0435\u0440\u0436\u043a\u0435 \u0433\u0435\u0440\u043c\u0430\u043d\u0441\u043a\u043e\u0433\u043e \u041c\u0418\u0414\u0430. \u0421\u0438\u0442\u0443\u0430\u0446\u0438\u044f \u0441 \u043f\u043e\u043b\u0438\u0442\u0437\u0430\u043a\u043b\u044e\u0447\u0435\u043d\u043d\u044b\u043c\u0438 \u0438 \u0434\u0440\u0443\u0433\u0438\u0435 \u043f\u0440\u0430\u0432\u043e\u0437\u0430\u0449\u0438\u0442\u043d\u044b\u0435 \u043f\u0440\u043e\u0431\u043b\u0435\u043c\u044b \u0432 \u0420\u043e\u0441\u0441\u0438\u0438 \u0438 \u0411\u0435\u043b\u0430\u0440\u0443\u0441\u0438 \u0441\u0442\u0430\u043d\u043e\u0432\u044f\u0442\u0441\u044f \u0433\u043e\u0434 \u043e\u0442 \u0433\u043e\u0434\u0430 \u0432\u0441\u0435 \u043e\u0441\u0442\u0440\u0435\u0435. \u041c\u044b \u043e\u0436\u0438\u0432\u043b\u044f\u0435\u043c \u0434\u0438\u0430\u043b\u043e\u0433 \u043c\u0435\u0436\u0434\u0443 \u0440\u043e\u0441\u0441\u0438\u0439\u0441\u043a\u0438\u043c, \u0431\u0435\u043b\u0430\u0440\u0443\u0441\u0441\u043a\u0438\u043c, \u043f\u043e\u043b\u044c\u0441\u043a\u0438\u043c \u0438 \u043d\u0435\u043c\u0435\u0446\u043a\u0438\u043c \u043f\u0440\u0430\u0432\u043e\u0437\u0430\u0449\u0438\u0442\u043d\u044b\u043c \u0441\u043e\u043e\u0431\u0449\u0435\u0441\u0442\u0432\u043e\u043c \u0438 \u043d\u0430\u043b\u0430\u0436\u0438\u0432\u0430\u0435\u043c \u0438\u0445 \u043a\u043e\u043d\u0441\u0442\u0440\u0443\u043a\u0442\u0438\u0432\u043d\u043e\u0435 \u0432\u0437\u0430\u0438\u043c\u043e\u0434\u0435\u0439\u0441\u0442\u0432\u0438\u0435, \u0432\u0437\u0430\u0438\u043c\u043d\u043e\u0435 \u0438\u043d\u0444\u043e\u0440\u043c\u0438\u0440\u043e\u0432\u0430\u043d\u0438\u0435 \u0438 \u043f\u043e\u0434\u0434\u0435\u0440\u0436\u043a\u0443. \u041c\u044b \u0438\u043d\u0444\u043e\u0440\u043c\u0438\u0440\u0443\u0435\u043c \u043d\u0435\u043c\u0435\u0446\u043a\u0443\u044e \u043e\u0431\u0449\u0435\u0441\u0442\u0432\u0435\u043d\u043d\u043e\u0441\u0442\u044c \u043e \u0441\u0438\u0442\u0443\u0430\u0446\u0438\u0438 \u0441 \u0437\u0430\u0449\u0438\u0442\u043e\u0439 \u043f\u0440\u0430\u0432 \u0447\u0435\u043b\u043e\u0432\u0435\u043a\u0430 \u0432 \u0420\u043e\u0441\u0441\u0438\u0438 \u0438 \u0411\u0435\u043b\u0430\u0440\u0443\u0441\u0438, \u0430 \u0440\u043e\u0441\u0441\u0438\u0439\u0441\u043a\u0443\u044e \u0438 \u0431\u0435\u043b\u0430\u0440\u0443\u0441\u0441\u043a\u0443\u044e \u2014 \u043e \u043f\u043e\u043b\u043e\u0436\u0435\u043d\u0438\u0438 \u0432 \u044d\u0442\u043e\u0439 \u043e\u0431\u043b\u0430\u0441\u0442\u0438 \u0432 \u0413\u0435\u0440\u043c\u0430\u043d\u0438\u0438; \u0441\u043e\u0437\u0434\u0430\u0435\u043c \u043c\u0435\u0445\u0430\u043d\u0438\u0437\u043c \u043f\u043e\u0434\u0434\u0435\u0440\u0436\u043a\u0438 \u0440\u043e\u0441\u0441\u0438\u0439\u0441\u043a\u0438\u0445 \u0438 \u0431\u0435\u043b\u0430\u0440\u0443\u0441\u0441\u043a\u0438\u0445 \u043f\u0440\u0430\u0432\u043e\u0437\u0430\u0449\u0438\u0442\u043d\u0438\u043a\u043e\u0432, \u0436\u0435\u0440\u0442\u0432 \u043f\u043e\u043b\u0438\u0442\u0438\u0447\u0435\u0441\u043a\u0438\u0445 \u0440\u0435\u043f\u0440\u0435\u0441\u0441\u0438\u0439 \u0438 \u043f\u043e\u043b\u0438\u0442\u0437\u0430\u043a\u043b\u044e\u0447\u0435\u043d\u043d\u044b\u0445. \u0411\u0443\u0434\u0435\u043c \u0440\u0430\u0434\u044b \u0432\u0430\u0448\u0435\u043c\u0443 \u0443\u0447\u0430\u0441\u0442\u0438\u044e \u0432 \u0435\u0432\u0440\u043e\u043f\u0435\u0439\u0441\u043a\u043e\u043c \u043f\u0440\u0430\u0432\u043e\u0437\u0430\u0449\u0438\u0442\u043d\u043e\u043c \u0434\u0438\u0430\u043b\u043e\u0433\u0435 \u043d\u0430 \u043d\u0430\u0448\u0435\u043c \u0441\u0430\u0439\u0442\u0435 \u0438 \u0430\u043a\u043a\u0430\u0443\u043d\u0442\u0430\u0445 \u0432 \u0441\u043e\u0446\u0438\u0430\u043b\u044c\u043d\u044b\u0445 \u0441\u0435\u0442\u044f\u0445, \u0430 \u0442\u0430\u043a\u0436\u0435 \u043f\u0440\u0438\u0433\u043b\u0430\u0448\u0430\u0435\u043c \u0432\u0430\u0441 \u043f\u043e\u0434\u043f\u0438\u0441\u0430\u0442\u044c\u0441\u044f \u043d\u0430 \u0440\u0430\u0441\u0441\u044b\u043b\u043a\u0443 \u043e \u043f\u0440\u0430\u0432\u043e\u0437\u0430\u0449\u0438\u0442\u043d\u044b\u0445 \u043f\u0440\u043e\u0431\u043b\u0435\u043c\u0430\u0445\u00a0\u043f\u043e \u0441\u0441\u044b\u043b\u043a\u0435 (\u043d\u0430 \u043d\u0435\u043c\u0435\u0446\u043a\u043e\u043c \u044f\u0437\u044b\u043a\u0435).\u00a0\",\"url\":\"https:\/\/www.human-rights-year.com\/de\/author\/anna-andrievskaja\/\"}]}<\/script>\n<!-- \/ Yoast SEO plugin. -->","yoast_head_json":{"title":"Two more Muslims from Tolyatti, prosecuted for involvement in the banned organisation Hizb ut-Tahrir, are political prisoners - Europ\u00e4ischer Menschenrechtsdialog","robots":{"index":"index","follow":"follow","max-snippet":"max-snippet:-1","max-image-preview":"max-image-preview:large","max-video-preview":"max-video-preview:-1"},"canonical":"https:\/\/www.human-rights-year.com\/de\/2020\/12\/09\/two-more-muslims-from-tolyatti-prosecuted-for-involvement-in-the-banned-organisation-hizb-ut-tahrir-are-political-prisoners\/","og_locale":"de_DE","og_type":"article","og_title":"Two more Muslims from Tolyatti, prosecuted for involvement in the banned organisation Hizb ut-Tahrir, are political prisoners - Europ\u00e4ischer Menschenrechtsdialog","og_description":"Memorial Human Rights Centre, in\u00a0accordance with\u00a0guidelines\u00a0defining the term \u2018political prisoner,\u2019 considers Radik Khairutdinov and Elmar Mamedov political prisoners. We\u00a0believe they are being prosecuted for political","og_url":"https:\/\/www.human-rights-year.com\/de\/2020\/12\/09\/two-more-muslims-from-tolyatti-prosecuted-for-involvement-in-the-banned-organisation-hizb-ut-tahrir-are-political-prisoners\/","og_site_name":"Europ\u00e4ischer Menschenrechtsdialog","article_published_time":"2020-12-09T22:39:29+00:00","article_modified_time":"2020-12-29T22:40:56+00:00","og_image":[{"width":800,"height":400,"url":"https:\/\/www.human-rights-year.com\/wp-content\/uploads\/2020\/12\/mamedov_khairutdinov.png","type":"image\/png"}],"author":"Europ\u00e4ischer Menschenrechtedialog","twitter_card":"summary_large_image","twitter_misc":{"Verfasst von":"Europ\u00e4ischer Menschenrechtedialog","Gesch\u00e4tzte Lesezeit":"5\u00a0Minuten"},"schema":{"@context":"https:\/\/schema.org","@graph":[{"@type":"WebSite","@id":"https:\/\/www.human-rights-year.com\/#website","url":"https:\/\/www.human-rights-year.com\/","name":"\u0415\u0432\u0440\u043e\u043f\u0435\u0439\u0441\u043a\u0438\u0439 \u043f\u0440\u0430\u0432\u043e\u0437\u0430\u0449\u0438\u0442\u043d\u044b\u0439 \u0434\u0438\u0430\u043b\u043e\u0433","description":" ","potentialAction":[{"@type":"SearchAction","target":{"@type":"EntryPoint","urlTemplate":"https:\/\/www.human-rights-year.com\/?s={search_term_string}"},"query-input":"required name=search_term_string"}],"inLanguage":"de"},{"@type":"WebPage","@id":"https:\/\/www.human-rights-year.com\/de\/2020\/12\/09\/two-more-muslims-from-tolyatti-prosecuted-for-involvement-in-the-banned-organisation-hizb-ut-tahrir-are-political-prisoners\/","url":"https:\/\/www.human-rights-year.com\/de\/2020\/12\/09\/two-more-muslims-from-tolyatti-prosecuted-for-involvement-in-the-banned-organisation-hizb-ut-tahrir-are-political-prisoners\/","name":"Two more Muslims from Tolyatti, prosecuted for involvement in the banned organisation Hizb ut-Tahrir, are political prisoners - Europ\u00e4ischer Menschenrechtsdialog","isPartOf":{"@id":"https:\/\/www.human-rights-year.com\/#website"},"datePublished":"2020-12-09T22:39:29+00:00","dateModified":"2020-12-29T22:40:56+00:00","author":{"@id":"https:\/\/www.human-rights-year.com\/#\/schema\/person\/c61a685c41e5101f9ea8f886f7ff8867"},"breadcrumb":{"@id":"https:\/\/www.human-rights-year.com\/de\/2020\/12\/09\/two-more-muslims-from-tolyatti-prosecuted-for-involvement-in-the-banned-organisation-hizb-ut-tahrir-are-political-prisoners\/#breadcrumb"},"inLanguage":"de","potentialAction":[{"@type":"ReadAction","target":["https:\/\/www.human-rights-year.com\/de\/2020\/12\/09\/two-more-muslims-from-tolyatti-prosecuted-for-involvement-in-the-banned-organisation-hizb-ut-tahrir-are-political-prisoners\/"]}]},{"@type":"BreadcrumbList","@id":"https:\/\/www.human-rights-year.com\/de\/2020\/12\/09\/two-more-muslims-from-tolyatti-prosecuted-for-involvement-in-the-banned-organisation-hizb-ut-tahrir-are-political-prisoners\/#breadcrumb","itemListElement":[{"@type":"ListItem","position":1,"name":"\u0413\u043b\u0430\u0432\u043d\u0430\u044f \u0441\u0442\u0440\u0430\u043d\u0438\u0446\u0430","item":"https:\/\/www.human-rights-year.com\/de\/"},{"@type":"ListItem","position":2,"name":"Two more Muslims from Tolyatti, prosecuted for involvement in the banned organisation Hizb ut-Tahrir, are political prisoners"}]},{"@type":"Person","@id":"https:\/\/www.human-rights-year.com\/#\/schema\/person\/c61a685c41e5101f9ea8f886f7ff8867","name":"Europ\u00e4ischer Menschenrechtedialog","image":{"@type":"ImageObject","inLanguage":"de","@id":"https:\/\/www.human-rights-year.com\/#\/schema\/person\/image\/","url":"https:\/\/secure.gravatar.com\/avatar\/b8079c67933c0da74d24da6410334e70?s=96&d=mm&r=g","contentUrl":"https:\/\/secure.gravatar.com\/avatar\/b8079c67933c0da74d24da6410334e70?s=96&d=mm&r=g","caption":"Europ\u00e4ischer Menschenrechtedialog"},"description":"\u041f\u0440\u043e\u0435\u043a\u0442\u00a0\u00ab\u0415\u0432\u0440\u043e\u043f\u0435\u0439\u0441\u043a\u0438\u0439 \u043f\u0440\u0430\u0432\u043e\u0437\u0430\u0449\u0438\u0442\u043d\u044b\u0439 \u0434\u0438\u0430\u043b\u043e\u0433\u00bb \u0440\u0435\u0430\u043b\u0438\u0437\u0443\u0435\u0442\u0441\u044f \u043f\u0440\u0438\u00a0\u043f\u043e\u0434\u0434\u0435\u0440\u0436\u043a\u0435 \u0433\u0435\u0440\u043c\u0430\u043d\u0441\u043a\u043e\u0433\u043e \u041c\u0418\u0414\u0430. \u0421\u0438\u0442\u0443\u0430\u0446\u0438\u044f \u0441 \u043f\u043e\u043b\u0438\u0442\u0437\u0430\u043a\u043b\u044e\u0447\u0435\u043d\u043d\u044b\u043c\u0438 \u0438 \u0434\u0440\u0443\u0433\u0438\u0435 \u043f\u0440\u0430\u0432\u043e\u0437\u0430\u0449\u0438\u0442\u043d\u044b\u0435 \u043f\u0440\u043e\u0431\u043b\u0435\u043c\u044b \u0432 \u0420\u043e\u0441\u0441\u0438\u0438 \u0438 \u0411\u0435\u043b\u0430\u0440\u0443\u0441\u0438 \u0441\u0442\u0430\u043d\u043e\u0432\u044f\u0442\u0441\u044f \u0433\u043e\u0434 \u043e\u0442 \u0433\u043e\u0434\u0430 \u0432\u0441\u0435 \u043e\u0441\u0442\u0440\u0435\u0435. \u041c\u044b \u043e\u0436\u0438\u0432\u043b\u044f\u0435\u043c \u0434\u0438\u0430\u043b\u043e\u0433 \u043c\u0435\u0436\u0434\u0443 \u0440\u043e\u0441\u0441\u0438\u0439\u0441\u043a\u0438\u043c, \u0431\u0435\u043b\u0430\u0440\u0443\u0441\u0441\u043a\u0438\u043c, \u043f\u043e\u043b\u044c\u0441\u043a\u0438\u043c \u0438 \u043d\u0435\u043c\u0435\u0446\u043a\u0438\u043c \u043f\u0440\u0430\u0432\u043e\u0437\u0430\u0449\u0438\u0442\u043d\u044b\u043c \u0441\u043e\u043e\u0431\u0449\u0435\u0441\u0442\u0432\u043e\u043c \u0438 \u043d\u0430\u043b\u0430\u0436\u0438\u0432\u0430\u0435\u043c \u0438\u0445 \u043a\u043e\u043d\u0441\u0442\u0440\u0443\u043a\u0442\u0438\u0432\u043d\u043e\u0435 \u0432\u0437\u0430\u0438\u043c\u043e\u0434\u0435\u0439\u0441\u0442\u0432\u0438\u0435, \u0432\u0437\u0430\u0438\u043c\u043d\u043e\u0435 \u0438\u043d\u0444\u043e\u0440\u043c\u0438\u0440\u043e\u0432\u0430\u043d\u0438\u0435 \u0438 \u043f\u043e\u0434\u0434\u0435\u0440\u0436\u043a\u0443. \u041c\u044b \u0438\u043d\u0444\u043e\u0440\u043c\u0438\u0440\u0443\u0435\u043c \u043d\u0435\u043c\u0435\u0446\u043a\u0443\u044e \u043e\u0431\u0449\u0435\u0441\u0442\u0432\u0435\u043d\u043d\u043e\u0441\u0442\u044c \u043e \u0441\u0438\u0442\u0443\u0430\u0446\u0438\u0438 \u0441 \u0437\u0430\u0449\u0438\u0442\u043e\u0439 \u043f\u0440\u0430\u0432 \u0447\u0435\u043b\u043e\u0432\u0435\u043a\u0430 \u0432 \u0420\u043e\u0441\u0441\u0438\u0438 \u0438 \u0411\u0435\u043b\u0430\u0440\u0443\u0441\u0438, \u0430 \u0440\u043e\u0441\u0441\u0438\u0439\u0441\u043a\u0443\u044e \u0438 \u0431\u0435\u043b\u0430\u0440\u0443\u0441\u0441\u043a\u0443\u044e \u2014 \u043e \u043f\u043e\u043b\u043e\u0436\u0435\u043d\u0438\u0438 \u0432 \u044d\u0442\u043e\u0439 \u043e\u0431\u043b\u0430\u0441\u0442\u0438 \u0432 \u0413\u0435\u0440\u043c\u0430\u043d\u0438\u0438; \u0441\u043e\u0437\u0434\u0430\u0435\u043c \u043c\u0435\u0445\u0430\u043d\u0438\u0437\u043c \u043f\u043e\u0434\u0434\u0435\u0440\u0436\u043a\u0438 \u0440\u043e\u0441\u0441\u0438\u0439\u0441\u043a\u0438\u0445 \u0438 \u0431\u0435\u043b\u0430\u0440\u0443\u0441\u0441\u043a\u0438\u0445 \u043f\u0440\u0430\u0432\u043e\u0437\u0430\u0449\u0438\u0442\u043d\u0438\u043a\u043e\u0432, \u0436\u0435\u0440\u0442\u0432 \u043f\u043e\u043b\u0438\u0442\u0438\u0447\u0435\u0441\u043a\u0438\u0445 \u0440\u0435\u043f\u0440\u0435\u0441\u0441\u0438\u0439 \u0438 \u043f\u043e\u043b\u0438\u0442\u0437\u0430\u043a\u043b\u044e\u0447\u0435\u043d\u043d\u044b\u0445. \u0411\u0443\u0434\u0435\u043c \u0440\u0430\u0434\u044b \u0432\u0430\u0448\u0435\u043c\u0443 \u0443\u0447\u0430\u0441\u0442\u0438\u044e \u0432 \u0435\u0432\u0440\u043e\u043f\u0435\u0439\u0441\u043a\u043e\u043c \u043f\u0440\u0430\u0432\u043e\u0437\u0430\u0449\u0438\u0442\u043d\u043e\u043c \u0434\u0438\u0430\u043b\u043e\u0433\u0435 \u043d\u0430 \u043d\u0430\u0448\u0435\u043c \u0441\u0430\u0439\u0442\u0435 \u0438 \u0430\u043a\u043a\u0430\u0443\u043d\u0442\u0430\u0445 \u0432 \u0441\u043e\u0446\u0438\u0430\u043b\u044c\u043d\u044b\u0445 \u0441\u0435\u0442\u044f\u0445, \u0430 \u0442\u0430\u043a\u0436\u0435 \u043f\u0440\u0438\u0433\u043b\u0430\u0448\u0430\u0435\u043c \u0432\u0430\u0441 \u043f\u043e\u0434\u043f\u0438\u0441\u0430\u0442\u044c\u0441\u044f \u043d\u0430 \u0440\u0430\u0441\u0441\u044b\u043b\u043a\u0443 \u043e \u043f\u0440\u0430\u0432\u043e\u0437\u0430\u0449\u0438\u0442\u043d\u044b\u0445 \u043f\u0440\u043e\u0431\u043b\u0435\u043c\u0430\u0445\u00a0\u043f\u043e \u0441\u0441\u044b\u043b\u043a\u0435 (\u043d\u0430 \u043d\u0435\u043c\u0435\u0446\u043a\u043e\u043c \u044f\u0437\u044b\u043a\u0435).\u00a0","url":"https:\/\/www.human-rights-year.com\/de\/author\/anna-andrievskaja\/"}]}},"_links":{"self":[{"href":"https:\/\/www.human-rights-year.com\/de\/wp-json\/wp\/v2\/posts\/3962"}],"collection":[{"href":"https:\/\/www.human-rights-year.com\/de\/wp-json\/wp\/v2\/posts"}],"about":[{"href":"https:\/\/www.human-rights-year.com\/de\/wp-json\/wp\/v2\/types\/post"}],"author":[{"embeddable":true,"href":"https:\/\/www.human-rights-year.com\/de\/wp-json\/wp\/v2\/users\/33"}],"replies":[{"embeddable":true,"href":"https:\/\/www.human-rights-year.com\/de\/wp-json\/wp\/v2\/comments?post=3962"}],"version-history":[{"count":0,"href":"https:\/\/www.human-rights-year.com\/de\/wp-json\/wp\/v2\/posts\/3962\/revisions"}],"wp:featuredmedia":[{"embeddable":true,"href":"https:\/\/www.human-rights-year.com\/de\/wp-json\/wp\/v2\/media\/3963"}],"wp:attachment":[{"href":"https:\/\/www.human-rights-year.com\/de\/wp-json\/wp\/v2\/media?parent=3962"}],"wp:term":[{"taxonomy":"category","embeddable":true,"href":"https:\/\/www.human-rights-year.com\/de\/wp-json\/wp\/v2\/categories?post=3962"},{"taxonomy":"post_tag","embeddable":true,"href":"https:\/\/www.human-rights-year.com\/de\/wp-json\/wp\/v2\/tags?post=3962"}],"curies":[{"name":"wp","href":"https:\/\/api.w.org\/{rel}","templated":true}]}}