{"id":3953,"date":"2020-09-29T23:33:53","date_gmt":"2020-09-29T21:33:53","guid":{"rendered":"https:\/\/www.human-rights-year.com\/?p=3953"},"modified":"2020-12-29T23:35:50","modified_gmt":"2020-12-29T22:35:50","slug":"defendant-in-perm-putin-mannequin-case-is-a-political-prisoner-memorial-says","status":"publish","type":"post","link":"https:\/\/www.human-rights-year.com\/de\/2020\/09\/29\/defendant-in-perm-putin-mannequin-case-is-a-political-prisoner-memorial-says\/","title":{"rendered":"Defendant in Perm \u2018Putin mannequin\u2019 case is a political prisoner, Memorial says"},"content":{"rendered":"<p>Memorial Human Rights Centre considers Aleksandr Shabarchin, an opposition activist from Perm convicted in the case of the &#8218;Putin mannequin,&#8216; a political prisoner. We consider Danila Vasilyev, also convicted in the same case, a victim of politically motivated prosecution. We believe that Shabarchin and Vasilyev committed no crime and have been prosecuted because of their political activism. Memorial Human Rights Centre calls for the immediate release of Aleksandr Shabarchin from custody and the quashing of the convictions of both activists.<\/p>\n<p dir=\"ltr\"><strong>The charges against Aleksandr Shabarchin and Danila Vasilyev<\/strong><\/p>\n<p>On 11 November 2018 at a central intersection in Perm two young men tied a mannequin in prison clothing to a lamppost. The mannequin wore a paper mask of Vladimir Putin and a placard on its chest with the words: \u2018Liar, war criminal Pynya V.V.\u2019 After that, for an hour they and a third defendant in the case, Aleksandr Etkin (later acquitted by the court for lack of evidence), watched the reactions of passers-by, taking pictures of what was happening on their phones.<\/p>\n<p>A week later, Aleksandr Shabarchin published on the satirical YouTube channel Perm Thunderstorm a video clip called \u2018Special Forces detained Putin.\u2019 The video was preceded by the words: \u2018This video is staged, and the people in it are actors. The purpose of the video is not to humiliate or offend anyone. It is created purely for entertainment. All coincidences with real people are accidental. P. S. Do not put us in jail, please.\u2019<\/p>\n<p>The video was created from several episodes shot at different times and locations: the staged \u2018detention of the terrorist Pynya\u2019 (an actor wearing a paper mask reminiscent of Putin) in a cafe where he tries to collect taxes from visitors; the \u2018interrogation\u2019 of the detainee by \u2018special forces\u2019 on a stretch of wasteland; and the episode with which they have been charged in which the mannequin is tied to a lamppost and the reactions of passers-by are observed (before this, it had been explained that it had not been possible to deliver the criminal Pynya to The Hague).<\/p>\n<p><strong>How the case developed<\/strong><\/p>\n<p>It did not prove possible to find evidence of a crime in the satirical video for more than a year. Experts from various organisations studied the video clips on Shabarchin\u2019s channel but failed to identify any evidence of incitement to illegal actions or to insult any social group.<\/p>\n<p>The situation changed in December 2019 when a new investigator took over the case and ordered another wide-ranging psychological, linguistic and legal assessment by specialists from Perm State National Research University. This time, the experts found the activists&#8216; actions were motivated by political enmity and a desire to insult supporters of President Vladimir Putin.<\/p>\n<p>According to these experts, \u2018the open, demonstrative nature of such an event has a harmful impact on young people as a social group, a negative psychological and educational impact, and may encourage the adoption of precisely these forms of behaviour\u2019 and poses a special danger for persons \u2018with special sensitivity, receptivity and increased excitability.\u2019 These latter groups, according to the experts from Perm State National Research University, are \u2018minors, women and persons of retirement age.\u2019<\/p>\n<p>In January 2019 Aleksandr Shabarchin, Danila Vasilyev and Aleksandr Etkin were charged.<\/p>\n<p>On 18 August 2020, Leninsky district court in Perm convicted Aleksandr Shabarchin and Danila Vasilyev of an offence under Part 2 of Article 213 of the Russian Criminal Code (gross violation of public order committed by a group of people by prior conspiracy). Aleksandr Shabarchin was sentenced to two years\u2019 imprisonment in a general regime penal colony, Danila Vasilyev was given a one-year suspended sentence and Aleksandr Etkin was acquitted.<\/p>\n<p><strong>Why Memorial considers the prosecutions unlawful and politically motivated<\/strong><\/p>\n<ul>\n<li>We believe it unacceptable to regard criticism of the authorities\u2019 political course as \u2018motivated by political enmity\u2019 and to use it as evidence of an offence under Part 2 of Article 213 of the Russian Criminal Code.<br \/>\nWe do not see a \u2018gross violation of public order\u2019 in the conduct of a satirical artistic event that does not pose any real threat to public safety. Despite the abundant quotation in the verdict of witness statements and experts\u2019 assessments these do not in fact contain any evidence of either a gross violation of public order or of being motivated by political enmity. Accordingly, we do not find any evidence of an offence in the defendants\u2019 actions.<br \/>\nTo an even greater extent than in the case of Pussy Riot (convicted under the same article of the Russian Criminal Code) in this case we see a violation of freedom of expression (in particular, with regard to an artistic event). Memorial Human Rights Centre has repeatedly pointed out that the lack of definition and broad interpretation of the notions of \u2018political and other forms of enmity,\u2019 \u2018gross violation of public order\u2019 and \u2018public order\u2019 itself makes Article 213 of the Russian Criminal Code excessively \u2018flexible.\u2019 Article 213 is often used in cases of politically motivated prosecution when there is no evidence of other criminal offences (offences that would fall, for example, under the articles of the Russian Criminal Code that deal with alleged extremism or terrorism).<\/li>\n<li dir=\"ltr\">\n<p dir=\"ltr\" role=\"presentation\">At least 12 of the 20 witnesses in the case admitted in court they were members of the Young Guard of the United Russia movement at the time of the event. Two other witnesses said they were members of the People&#8217;s Liberation Movement, a movement which supports President Putin. The official records of the testimonies of such witnesses contain almost word for word all the requirements for a conviction under Article 213, Part 2, of the Russian Criminal Code and the court then used these testimonies as the basis for the convictions.<\/p>\n<\/li>\n<li dir=\"ltr\">\n<p dir=\"ltr\" role=\"presentation\">We believe that defining the motive for an offence or classifying the actions of the accused on the basis of the subjective perception of these actions by others, and all the more those who are clearly politically engaged, contradicts basic principles of law, in particular the principle of legal certainty.<\/p>\n<\/li>\n<\/ul>\n<p>Memorial Human Rights Centre, in accordance with\u00a0<a href=\"https:\/\/memohrc.org\/specials\/rukovodstvo-po-opredeleniyu-ponyatiya-politicheskiy-zaklyuchennyy-0\">international guidelines<\/a>\u00a0defining the term \u2018political prisoner,\u2019 believes that Shabarchin and Vasilyev have been criminally prosecuted solely for their political beliefs and their non-violent exercise of freedom of expression. The purpose of the prosecutions has been to force them to terminate their public activities in violation of the right to fair trial and other rights and freedoms guaranteed by the Constitution of Russia, the International Covenant on Civil and Political Rights and the European Convention on Human Rights and Fundamental Freedoms.<\/p>\n<p><em>Recognition of an individual as a political prisoner or as a victim of politically motivated prosecution does not imply Memorial Human Rights Centre agrees with, or approves of, their views, statements, or actions.<\/em><\/p>\n<p>More information about this case and the opinion of Memorial is available on our\u00a0<a href=\"https:\/\/memohrc.org\/ru\/special-projects\/delo-o-kukle-putina\">website<\/a>.<\/p>\n<p><strong>How to help<\/strong><\/p>\n<p>You can support all political prisoners by donating to the\u00a0<a href=\"https:\/\/www.politzeky.ru\/fond-pomoshhi-politzakljuchennym\/5118\/fond-pomoshhi-politzakljuchjonnym\">Fund to Support Political Prisoners<\/a>\u00a0of the Union of Solidarity with Political Prisoners via PayPal, using the e-wallet at\u00a0<a href=\"mailto:helppoliticalprisoners@gmail.com\">helppoliticalprisoners@gmail.com<\/a>.<\/p>\n<p><a href=\"https:\/\/memohrc.org\/en\/news_old\/defendant-perm-putin-mannequin-case-political-prisoner-memorial-says\">Original<\/a><\/p>\n","protected":false},"excerpt":{"rendered":"<p>Memorial Human Rights Centre considers Aleksandr Shabarchin, an opposition activist from Perm convicted in the case of the &#8218;Putin mannequin,&#8216; a political prisoner. We consider<\/p>\n","protected":false},"author":33,"featured_media":3954,"comment_status":"closed","ping_status":"open","sticky":false,"template":"","format":"standard","meta":[],"categories":[20,12],"tags":[],"yoast_head":"<!-- This site is optimized with the Yoast SEO plugin v19.4 - https:\/\/yoast.com\/wordpress\/plugins\/seo\/ -->\n<title>Defendant in Perm \u2018Putin mannequin\u2019 case is a political prisoner, Memorial says - Europ\u00e4ischer Menschenrechtsdialog<\/title>\n<meta name=\"robots\" content=\"index, follow, max-snippet:-1, max-image-preview:large, max-video-preview:-1\" \/>\n<link rel=\"canonical\" href=\"https:\/\/www.human-rights-year.com\/de\/2020\/09\/29\/defendant-in-perm-putin-mannequin-case-is-a-political-prisoner-memorial-says\/\" \/>\n<meta property=\"og:locale\" content=\"de_DE\" \/>\n<meta property=\"og:type\" content=\"article\" \/>\n<meta property=\"og:title\" content=\"Defendant in Perm \u2018Putin mannequin\u2019 case is a political prisoner, Memorial says - Europ\u00e4ischer Menschenrechtsdialog\" \/>\n<meta property=\"og:description\" content=\"Memorial Human Rights Centre considers Aleksandr Shabarchin, an opposition activist from Perm convicted in the case of the &#8218;Putin mannequin,&#8216; a political prisoner. We consider\" \/>\n<meta property=\"og:url\" content=\"https:\/\/www.human-rights-year.com\/de\/2020\/09\/29\/defendant-in-perm-putin-mannequin-case-is-a-political-prisoner-memorial-says\/\" \/>\n<meta property=\"og:site_name\" content=\"Europ\u00e4ischer Menschenrechtsdialog\" \/>\n<meta property=\"article:published_time\" content=\"2020-09-29T21:33:53+00:00\" \/>\n<meta property=\"article:modified_time\" content=\"2020-12-29T22:35:50+00:00\" \/>\n<meta property=\"og:image\" content=\"https:\/\/www.human-rights-year.com\/wp-content\/uploads\/2020\/12\/shabarchin_1.png\" \/>\n\t<meta property=\"og:image:width\" content=\"800\" \/>\n\t<meta property=\"og:image:height\" content=\"444\" \/>\n\t<meta property=\"og:image:type\" content=\"image\/png\" \/>\n<meta name=\"author\" content=\"Europ\u00e4ischer Menschenrechtedialog\" \/>\n<meta name=\"twitter:card\" content=\"summary_large_image\" \/>\n<meta name=\"twitter:label1\" content=\"Verfasst von\" \/>\n\t<meta name=\"twitter:data1\" content=\"Europ\u00e4ischer Menschenrechtedialog\" \/>\n\t<meta name=\"twitter:label2\" content=\"Gesch\u00e4tzte Lesezeit\" \/>\n\t<meta name=\"twitter:data2\" content=\"6\u00a0Minuten\" \/>\n<script type=\"application\/ld+json\" class=\"yoast-schema-graph\">{\"@context\":\"https:\/\/schema.org\",\"@graph\":[{\"@type\":\"WebSite\",\"@id\":\"https:\/\/www.human-rights-year.com\/#website\",\"url\":\"https:\/\/www.human-rights-year.com\/\",\"name\":\"\u0415\u0432\u0440\u043e\u043f\u0435\u0439\u0441\u043a\u0438\u0439 \u043f\u0440\u0430\u0432\u043e\u0437\u0430\u0449\u0438\u0442\u043d\u044b\u0439 \u0434\u0438\u0430\u043b\u043e\u0433\",\"description\":\" \",\"potentialAction\":[{\"@type\":\"SearchAction\",\"target\":{\"@type\":\"EntryPoint\",\"urlTemplate\":\"https:\/\/www.human-rights-year.com\/?s={search_term_string}\"},\"query-input\":\"required name=search_term_string\"}],\"inLanguage\":\"de\"},{\"@type\":\"WebPage\",\"@id\":\"https:\/\/www.human-rights-year.com\/de\/2020\/09\/29\/defendant-in-perm-putin-mannequin-case-is-a-political-prisoner-memorial-says\/\",\"url\":\"https:\/\/www.human-rights-year.com\/de\/2020\/09\/29\/defendant-in-perm-putin-mannequin-case-is-a-political-prisoner-memorial-says\/\",\"name\":\"Defendant in Perm \u2018Putin mannequin\u2019 case is a political prisoner, Memorial says - Europ\u00e4ischer Menschenrechtsdialog\",\"isPartOf\":{\"@id\":\"https:\/\/www.human-rights-year.com\/#website\"},\"datePublished\":\"2020-09-29T21:33:53+00:00\",\"dateModified\":\"2020-12-29T22:35:50+00:00\",\"author\":{\"@id\":\"https:\/\/www.human-rights-year.com\/#\/schema\/person\/c61a685c41e5101f9ea8f886f7ff8867\"},\"breadcrumb\":{\"@id\":\"https:\/\/www.human-rights-year.com\/de\/2020\/09\/29\/defendant-in-perm-putin-mannequin-case-is-a-political-prisoner-memorial-says\/#breadcrumb\"},\"inLanguage\":\"de\",\"potentialAction\":[{\"@type\":\"ReadAction\",\"target\":[\"https:\/\/www.human-rights-year.com\/de\/2020\/09\/29\/defendant-in-perm-putin-mannequin-case-is-a-political-prisoner-memorial-says\/\"]}]},{\"@type\":\"BreadcrumbList\",\"@id\":\"https:\/\/www.human-rights-year.com\/de\/2020\/09\/29\/defendant-in-perm-putin-mannequin-case-is-a-political-prisoner-memorial-says\/#breadcrumb\",\"itemListElement\":[{\"@type\":\"ListItem\",\"position\":1,\"name\":\"\u0413\u043b\u0430\u0432\u043d\u0430\u044f \u0441\u0442\u0440\u0430\u043d\u0438\u0446\u0430\",\"item\":\"https:\/\/www.human-rights-year.com\/de\/\"},{\"@type\":\"ListItem\",\"position\":2,\"name\":\"Defendant in Perm \u2018Putin mannequin\u2019 case is a political prisoner, Memorial says\"}]},{\"@type\":\"Person\",\"@id\":\"https:\/\/www.human-rights-year.com\/#\/schema\/person\/c61a685c41e5101f9ea8f886f7ff8867\",\"name\":\"Europ\u00e4ischer Menschenrechtedialog\",\"image\":{\"@type\":\"ImageObject\",\"inLanguage\":\"de\",\"@id\":\"https:\/\/www.human-rights-year.com\/#\/schema\/person\/image\/\",\"url\":\"https:\/\/secure.gravatar.com\/avatar\/b8079c67933c0da74d24da6410334e70?s=96&d=mm&r=g\",\"contentUrl\":\"https:\/\/secure.gravatar.com\/avatar\/b8079c67933c0da74d24da6410334e70?s=96&d=mm&r=g\",\"caption\":\"Europ\u00e4ischer Menschenrechtedialog\"},\"description\":\"\u041f\u0440\u043e\u0435\u043a\u0442\u00a0\u00ab\u0415\u0432\u0440\u043e\u043f\u0435\u0439\u0441\u043a\u0438\u0439 \u043f\u0440\u0430\u0432\u043e\u0437\u0430\u0449\u0438\u0442\u043d\u044b\u0439 \u0434\u0438\u0430\u043b\u043e\u0433\u00bb \u0440\u0435\u0430\u043b\u0438\u0437\u0443\u0435\u0442\u0441\u044f \u043f\u0440\u0438\u00a0\u043f\u043e\u0434\u0434\u0435\u0440\u0436\u043a\u0435 \u0433\u0435\u0440\u043c\u0430\u043d\u0441\u043a\u043e\u0433\u043e \u041c\u0418\u0414\u0430. \u0421\u0438\u0442\u0443\u0430\u0446\u0438\u044f \u0441 \u043f\u043e\u043b\u0438\u0442\u0437\u0430\u043a\u043b\u044e\u0447\u0435\u043d\u043d\u044b\u043c\u0438 \u0438 \u0434\u0440\u0443\u0433\u0438\u0435 \u043f\u0440\u0430\u0432\u043e\u0437\u0430\u0449\u0438\u0442\u043d\u044b\u0435 \u043f\u0440\u043e\u0431\u043b\u0435\u043c\u044b \u0432 \u0420\u043e\u0441\u0441\u0438\u0438 \u0438 \u0411\u0435\u043b\u0430\u0440\u0443\u0441\u0438 \u0441\u0442\u0430\u043d\u043e\u0432\u044f\u0442\u0441\u044f \u0433\u043e\u0434 \u043e\u0442 \u0433\u043e\u0434\u0430 \u0432\u0441\u0435 \u043e\u0441\u0442\u0440\u0435\u0435. \u041c\u044b \u043e\u0436\u0438\u0432\u043b\u044f\u0435\u043c \u0434\u0438\u0430\u043b\u043e\u0433 \u043c\u0435\u0436\u0434\u0443 \u0440\u043e\u0441\u0441\u0438\u0439\u0441\u043a\u0438\u043c, \u0431\u0435\u043b\u0430\u0440\u0443\u0441\u0441\u043a\u0438\u043c, \u043f\u043e\u043b\u044c\u0441\u043a\u0438\u043c \u0438 \u043d\u0435\u043c\u0435\u0446\u043a\u0438\u043c \u043f\u0440\u0430\u0432\u043e\u0437\u0430\u0449\u0438\u0442\u043d\u044b\u043c \u0441\u043e\u043e\u0431\u0449\u0435\u0441\u0442\u0432\u043e\u043c \u0438 \u043d\u0430\u043b\u0430\u0436\u0438\u0432\u0430\u0435\u043c \u0438\u0445 \u043a\u043e\u043d\u0441\u0442\u0440\u0443\u043a\u0442\u0438\u0432\u043d\u043e\u0435 \u0432\u0437\u0430\u0438\u043c\u043e\u0434\u0435\u0439\u0441\u0442\u0432\u0438\u0435, \u0432\u0437\u0430\u0438\u043c\u043d\u043e\u0435 \u0438\u043d\u0444\u043e\u0440\u043c\u0438\u0440\u043e\u0432\u0430\u043d\u0438\u0435 \u0438 \u043f\u043e\u0434\u0434\u0435\u0440\u0436\u043a\u0443. \u041c\u044b \u0438\u043d\u0444\u043e\u0440\u043c\u0438\u0440\u0443\u0435\u043c \u043d\u0435\u043c\u0435\u0446\u043a\u0443\u044e \u043e\u0431\u0449\u0435\u0441\u0442\u0432\u0435\u043d\u043d\u043e\u0441\u0442\u044c \u043e \u0441\u0438\u0442\u0443\u0430\u0446\u0438\u0438 \u0441 \u0437\u0430\u0449\u0438\u0442\u043e\u0439 \u043f\u0440\u0430\u0432 \u0447\u0435\u043b\u043e\u0432\u0435\u043a\u0430 \u0432 \u0420\u043e\u0441\u0441\u0438\u0438 \u0438 \u0411\u0435\u043b\u0430\u0440\u0443\u0441\u0438, \u0430 \u0440\u043e\u0441\u0441\u0438\u0439\u0441\u043a\u0443\u044e \u0438 \u0431\u0435\u043b\u0430\u0440\u0443\u0441\u0441\u043a\u0443\u044e \u2014 \u043e \u043f\u043e\u043b\u043e\u0436\u0435\u043d\u0438\u0438 \u0432 \u044d\u0442\u043e\u0439 \u043e\u0431\u043b\u0430\u0441\u0442\u0438 \u0432 \u0413\u0435\u0440\u043c\u0430\u043d\u0438\u0438; \u0441\u043e\u0437\u0434\u0430\u0435\u043c \u043c\u0435\u0445\u0430\u043d\u0438\u0437\u043c \u043f\u043e\u0434\u0434\u0435\u0440\u0436\u043a\u0438 \u0440\u043e\u0441\u0441\u0438\u0439\u0441\u043a\u0438\u0445 \u0438 \u0431\u0435\u043b\u0430\u0440\u0443\u0441\u0441\u043a\u0438\u0445 \u043f\u0440\u0430\u0432\u043e\u0437\u0430\u0449\u0438\u0442\u043d\u0438\u043a\u043e\u0432, \u0436\u0435\u0440\u0442\u0432 \u043f\u043e\u043b\u0438\u0442\u0438\u0447\u0435\u0441\u043a\u0438\u0445 \u0440\u0435\u043f\u0440\u0435\u0441\u0441\u0438\u0439 \u0438 \u043f\u043e\u043b\u0438\u0442\u0437\u0430\u043a\u043b\u044e\u0447\u0435\u043d\u043d\u044b\u0445. \u0411\u0443\u0434\u0435\u043c \u0440\u0430\u0434\u044b \u0432\u0430\u0448\u0435\u043c\u0443 \u0443\u0447\u0430\u0441\u0442\u0438\u044e \u0432 \u0435\u0432\u0440\u043e\u043f\u0435\u0439\u0441\u043a\u043e\u043c \u043f\u0440\u0430\u0432\u043e\u0437\u0430\u0449\u0438\u0442\u043d\u043e\u043c \u0434\u0438\u0430\u043b\u043e\u0433\u0435 \u043d\u0430 \u043d\u0430\u0448\u0435\u043c \u0441\u0430\u0439\u0442\u0435 \u0438 \u0430\u043a\u043a\u0430\u0443\u043d\u0442\u0430\u0445 \u0432 \u0441\u043e\u0446\u0438\u0430\u043b\u044c\u043d\u044b\u0445 \u0441\u0435\u0442\u044f\u0445, \u0430 \u0442\u0430\u043a\u0436\u0435 \u043f\u0440\u0438\u0433\u043b\u0430\u0448\u0430\u0435\u043c \u0432\u0430\u0441 \u043f\u043e\u0434\u043f\u0438\u0441\u0430\u0442\u044c\u0441\u044f \u043d\u0430 \u0440\u0430\u0441\u0441\u044b\u043b\u043a\u0443 \u043e \u043f\u0440\u0430\u0432\u043e\u0437\u0430\u0449\u0438\u0442\u043d\u044b\u0445 \u043f\u0440\u043e\u0431\u043b\u0435\u043c\u0430\u0445\u00a0\u043f\u043e \u0441\u0441\u044b\u043b\u043a\u0435 (\u043d\u0430 \u043d\u0435\u043c\u0435\u0446\u043a\u043e\u043c \u044f\u0437\u044b\u043a\u0435).\u00a0\",\"url\":\"https:\/\/www.human-rights-year.com\/de\/author\/anna-andrievskaja\/\"}]}<\/script>\n<!-- \/ Yoast SEO plugin. -->","yoast_head_json":{"title":"Defendant in Perm \u2018Putin mannequin\u2019 case is a political prisoner, Memorial says - Europ\u00e4ischer Menschenrechtsdialog","robots":{"index":"index","follow":"follow","max-snippet":"max-snippet:-1","max-image-preview":"max-image-preview:large","max-video-preview":"max-video-preview:-1"},"canonical":"https:\/\/www.human-rights-year.com\/de\/2020\/09\/29\/defendant-in-perm-putin-mannequin-case-is-a-political-prisoner-memorial-says\/","og_locale":"de_DE","og_type":"article","og_title":"Defendant in Perm \u2018Putin mannequin\u2019 case is a political prisoner, Memorial says - Europ\u00e4ischer Menschenrechtsdialog","og_description":"Memorial Human Rights Centre considers Aleksandr Shabarchin, an opposition activist from Perm convicted in the case of the &#8218;Putin mannequin,&#8216; a political prisoner. We consider","og_url":"https:\/\/www.human-rights-year.com\/de\/2020\/09\/29\/defendant-in-perm-putin-mannequin-case-is-a-political-prisoner-memorial-says\/","og_site_name":"Europ\u00e4ischer Menschenrechtsdialog","article_published_time":"2020-09-29T21:33:53+00:00","article_modified_time":"2020-12-29T22:35:50+00:00","og_image":[{"width":800,"height":444,"url":"https:\/\/www.human-rights-year.com\/wp-content\/uploads\/2020\/12\/shabarchin_1.png","type":"image\/png"}],"author":"Europ\u00e4ischer Menschenrechtedialog","twitter_card":"summary_large_image","twitter_misc":{"Verfasst von":"Europ\u00e4ischer Menschenrechtedialog","Gesch\u00e4tzte Lesezeit":"6\u00a0Minuten"},"schema":{"@context":"https:\/\/schema.org","@graph":[{"@type":"WebSite","@id":"https:\/\/www.human-rights-year.com\/#website","url":"https:\/\/www.human-rights-year.com\/","name":"\u0415\u0432\u0440\u043e\u043f\u0435\u0439\u0441\u043a\u0438\u0439 \u043f\u0440\u0430\u0432\u043e\u0437\u0430\u0449\u0438\u0442\u043d\u044b\u0439 \u0434\u0438\u0430\u043b\u043e\u0433","description":" ","potentialAction":[{"@type":"SearchAction","target":{"@type":"EntryPoint","urlTemplate":"https:\/\/www.human-rights-year.com\/?s={search_term_string}"},"query-input":"required name=search_term_string"}],"inLanguage":"de"},{"@type":"WebPage","@id":"https:\/\/www.human-rights-year.com\/de\/2020\/09\/29\/defendant-in-perm-putin-mannequin-case-is-a-political-prisoner-memorial-says\/","url":"https:\/\/www.human-rights-year.com\/de\/2020\/09\/29\/defendant-in-perm-putin-mannequin-case-is-a-political-prisoner-memorial-says\/","name":"Defendant in Perm \u2018Putin mannequin\u2019 case is a political prisoner, Memorial says - Europ\u00e4ischer Menschenrechtsdialog","isPartOf":{"@id":"https:\/\/www.human-rights-year.com\/#website"},"datePublished":"2020-09-29T21:33:53+00:00","dateModified":"2020-12-29T22:35:50+00:00","author":{"@id":"https:\/\/www.human-rights-year.com\/#\/schema\/person\/c61a685c41e5101f9ea8f886f7ff8867"},"breadcrumb":{"@id":"https:\/\/www.human-rights-year.com\/de\/2020\/09\/29\/defendant-in-perm-putin-mannequin-case-is-a-political-prisoner-memorial-says\/#breadcrumb"},"inLanguage":"de","potentialAction":[{"@type":"ReadAction","target":["https:\/\/www.human-rights-year.com\/de\/2020\/09\/29\/defendant-in-perm-putin-mannequin-case-is-a-political-prisoner-memorial-says\/"]}]},{"@type":"BreadcrumbList","@id":"https:\/\/www.human-rights-year.com\/de\/2020\/09\/29\/defendant-in-perm-putin-mannequin-case-is-a-political-prisoner-memorial-says\/#breadcrumb","itemListElement":[{"@type":"ListItem","position":1,"name":"\u0413\u043b\u0430\u0432\u043d\u0430\u044f \u0441\u0442\u0440\u0430\u043d\u0438\u0446\u0430","item":"https:\/\/www.human-rights-year.com\/de\/"},{"@type":"ListItem","position":2,"name":"Defendant in Perm \u2018Putin mannequin\u2019 case is a political prisoner, Memorial says"}]},{"@type":"Person","@id":"https:\/\/www.human-rights-year.com\/#\/schema\/person\/c61a685c41e5101f9ea8f886f7ff8867","name":"Europ\u00e4ischer Menschenrechtedialog","image":{"@type":"ImageObject","inLanguage":"de","@id":"https:\/\/www.human-rights-year.com\/#\/schema\/person\/image\/","url":"https:\/\/secure.gravatar.com\/avatar\/b8079c67933c0da74d24da6410334e70?s=96&d=mm&r=g","contentUrl":"https:\/\/secure.gravatar.com\/avatar\/b8079c67933c0da74d24da6410334e70?s=96&d=mm&r=g","caption":"Europ\u00e4ischer Menschenrechtedialog"},"description":"\u041f\u0440\u043e\u0435\u043a\u0442\u00a0\u00ab\u0415\u0432\u0440\u043e\u043f\u0435\u0439\u0441\u043a\u0438\u0439 \u043f\u0440\u0430\u0432\u043e\u0437\u0430\u0449\u0438\u0442\u043d\u044b\u0439 \u0434\u0438\u0430\u043b\u043e\u0433\u00bb \u0440\u0435\u0430\u043b\u0438\u0437\u0443\u0435\u0442\u0441\u044f \u043f\u0440\u0438\u00a0\u043f\u043e\u0434\u0434\u0435\u0440\u0436\u043a\u0435 \u0433\u0435\u0440\u043c\u0430\u043d\u0441\u043a\u043e\u0433\u043e \u041c\u0418\u0414\u0430. \u0421\u0438\u0442\u0443\u0430\u0446\u0438\u044f \u0441 \u043f\u043e\u043b\u0438\u0442\u0437\u0430\u043a\u043b\u044e\u0447\u0435\u043d\u043d\u044b\u043c\u0438 \u0438 \u0434\u0440\u0443\u0433\u0438\u0435 \u043f\u0440\u0430\u0432\u043e\u0437\u0430\u0449\u0438\u0442\u043d\u044b\u0435 \u043f\u0440\u043e\u0431\u043b\u0435\u043c\u044b \u0432 \u0420\u043e\u0441\u0441\u0438\u0438 \u0438 \u0411\u0435\u043b\u0430\u0440\u0443\u0441\u0438 \u0441\u0442\u0430\u043d\u043e\u0432\u044f\u0442\u0441\u044f \u0433\u043e\u0434 \u043e\u0442 \u0433\u043e\u0434\u0430 \u0432\u0441\u0435 \u043e\u0441\u0442\u0440\u0435\u0435. \u041c\u044b \u043e\u0436\u0438\u0432\u043b\u044f\u0435\u043c \u0434\u0438\u0430\u043b\u043e\u0433 \u043c\u0435\u0436\u0434\u0443 \u0440\u043e\u0441\u0441\u0438\u0439\u0441\u043a\u0438\u043c, \u0431\u0435\u043b\u0430\u0440\u0443\u0441\u0441\u043a\u0438\u043c, \u043f\u043e\u043b\u044c\u0441\u043a\u0438\u043c \u0438 \u043d\u0435\u043c\u0435\u0446\u043a\u0438\u043c \u043f\u0440\u0430\u0432\u043e\u0437\u0430\u0449\u0438\u0442\u043d\u044b\u043c \u0441\u043e\u043e\u0431\u0449\u0435\u0441\u0442\u0432\u043e\u043c \u0438 \u043d\u0430\u043b\u0430\u0436\u0438\u0432\u0430\u0435\u043c \u0438\u0445 \u043a\u043e\u043d\u0441\u0442\u0440\u0443\u043a\u0442\u0438\u0432\u043d\u043e\u0435 \u0432\u0437\u0430\u0438\u043c\u043e\u0434\u0435\u0439\u0441\u0442\u0432\u0438\u0435, \u0432\u0437\u0430\u0438\u043c\u043d\u043e\u0435 \u0438\u043d\u0444\u043e\u0440\u043c\u0438\u0440\u043e\u0432\u0430\u043d\u0438\u0435 \u0438 \u043f\u043e\u0434\u0434\u0435\u0440\u0436\u043a\u0443. \u041c\u044b \u0438\u043d\u0444\u043e\u0440\u043c\u0438\u0440\u0443\u0435\u043c \u043d\u0435\u043c\u0435\u0446\u043a\u0443\u044e \u043e\u0431\u0449\u0435\u0441\u0442\u0432\u0435\u043d\u043d\u043e\u0441\u0442\u044c \u043e \u0441\u0438\u0442\u0443\u0430\u0446\u0438\u0438 \u0441 \u0437\u0430\u0449\u0438\u0442\u043e\u0439 \u043f\u0440\u0430\u0432 \u0447\u0435\u043b\u043e\u0432\u0435\u043a\u0430 \u0432 \u0420\u043e\u0441\u0441\u0438\u0438 \u0438 \u0411\u0435\u043b\u0430\u0440\u0443\u0441\u0438, \u0430 \u0440\u043e\u0441\u0441\u0438\u0439\u0441\u043a\u0443\u044e \u0438 \u0431\u0435\u043b\u0430\u0440\u0443\u0441\u0441\u043a\u0443\u044e \u2014 \u043e \u043f\u043e\u043b\u043e\u0436\u0435\u043d\u0438\u0438 \u0432 \u044d\u0442\u043e\u0439 \u043e\u0431\u043b\u0430\u0441\u0442\u0438 \u0432 \u0413\u0435\u0440\u043c\u0430\u043d\u0438\u0438; \u0441\u043e\u0437\u0434\u0430\u0435\u043c \u043c\u0435\u0445\u0430\u043d\u0438\u0437\u043c \u043f\u043e\u0434\u0434\u0435\u0440\u0436\u043a\u0438 \u0440\u043e\u0441\u0441\u0438\u0439\u0441\u043a\u0438\u0445 \u0438 \u0431\u0435\u043b\u0430\u0440\u0443\u0441\u0441\u043a\u0438\u0445 \u043f\u0440\u0430\u0432\u043e\u0437\u0430\u0449\u0438\u0442\u043d\u0438\u043a\u043e\u0432, \u0436\u0435\u0440\u0442\u0432 \u043f\u043e\u043b\u0438\u0442\u0438\u0447\u0435\u0441\u043a\u0438\u0445 \u0440\u0435\u043f\u0440\u0435\u0441\u0441\u0438\u0439 \u0438 \u043f\u043e\u043b\u0438\u0442\u0437\u0430\u043a\u043b\u044e\u0447\u0435\u043d\u043d\u044b\u0445. \u0411\u0443\u0434\u0435\u043c \u0440\u0430\u0434\u044b \u0432\u0430\u0448\u0435\u043c\u0443 \u0443\u0447\u0430\u0441\u0442\u0438\u044e \u0432 \u0435\u0432\u0440\u043e\u043f\u0435\u0439\u0441\u043a\u043e\u043c \u043f\u0440\u0430\u0432\u043e\u0437\u0430\u0449\u0438\u0442\u043d\u043e\u043c \u0434\u0438\u0430\u043b\u043e\u0433\u0435 \u043d\u0430 \u043d\u0430\u0448\u0435\u043c \u0441\u0430\u0439\u0442\u0435 \u0438 \u0430\u043a\u043a\u0430\u0443\u043d\u0442\u0430\u0445 \u0432 \u0441\u043e\u0446\u0438\u0430\u043b\u044c\u043d\u044b\u0445 \u0441\u0435\u0442\u044f\u0445, \u0430 \u0442\u0430\u043a\u0436\u0435 \u043f\u0440\u0438\u0433\u043b\u0430\u0448\u0430\u0435\u043c \u0432\u0430\u0441 \u043f\u043e\u0434\u043f\u0438\u0441\u0430\u0442\u044c\u0441\u044f \u043d\u0430 \u0440\u0430\u0441\u0441\u044b\u043b\u043a\u0443 \u043e \u043f\u0440\u0430\u0432\u043e\u0437\u0430\u0449\u0438\u0442\u043d\u044b\u0445 \u043f\u0440\u043e\u0431\u043b\u0435\u043c\u0430\u0445\u00a0\u043f\u043e \u0441\u0441\u044b\u043b\u043a\u0435 (\u043d\u0430 \u043d\u0435\u043c\u0435\u0446\u043a\u043e\u043c \u044f\u0437\u044b\u043a\u0435).\u00a0","url":"https:\/\/www.human-rights-year.com\/de\/author\/anna-andrievskaja\/"}]}},"_links":{"self":[{"href":"https:\/\/www.human-rights-year.com\/de\/wp-json\/wp\/v2\/posts\/3953"}],"collection":[{"href":"https:\/\/www.human-rights-year.com\/de\/wp-json\/wp\/v2\/posts"}],"about":[{"href":"https:\/\/www.human-rights-year.com\/de\/wp-json\/wp\/v2\/types\/post"}],"author":[{"embeddable":true,"href":"https:\/\/www.human-rights-year.com\/de\/wp-json\/wp\/v2\/users\/33"}],"replies":[{"embeddable":true,"href":"https:\/\/www.human-rights-year.com\/de\/wp-json\/wp\/v2\/comments?post=3953"}],"version-history":[{"count":0,"href":"https:\/\/www.human-rights-year.com\/de\/wp-json\/wp\/v2\/posts\/3953\/revisions"}],"wp:featuredmedia":[{"embeddable":true,"href":"https:\/\/www.human-rights-year.com\/de\/wp-json\/wp\/v2\/media\/3954"}],"wp:attachment":[{"href":"https:\/\/www.human-rights-year.com\/de\/wp-json\/wp\/v2\/media?parent=3953"}],"wp:term":[{"taxonomy":"category","embeddable":true,"href":"https:\/\/www.human-rights-year.com\/de\/wp-json\/wp\/v2\/categories?post=3953"},{"taxonomy":"post_tag","embeddable":true,"href":"https:\/\/www.human-rights-year.com\/de\/wp-json\/wp\/v2\/tags?post=3953"}],"curies":[{"name":"wp","href":"https:\/\/api.w.org\/{rel}","templated":true}]}}