{"id":3904,"date":"2020-06-26T18:01:27","date_gmt":"2020-06-26T16:01:27","guid":{"rendered":"https:\/\/www.human-rights-year.com\/?p=3904"},"modified":"2020-12-29T18:12:49","modified_gmt":"2020-12-29T17:12:49","slug":"memorial-recognizes-two-more-muslims-convicted-of-involvement-in-hizb-ut-tahrir-as-political-prisoners","status":"publish","type":"post","link":"https:\/\/www.human-rights-year.com\/de\/2020\/06\/26\/memorial-recognizes-two-more-muslims-convicted-of-involvement-in-hizb-ut-tahrir-as-political-prisoners\/","title":{"rendered":"Memorial recognizes two more Muslims convicted of involvement in Hizb ut-Tahrir as political prisoners"},"content":{"rendered":"<p><strong>Memorial Human Rights Centre believes Altynbek Abdymanap uulu and Khotamzhon Karimov\u00a0\u2014 two Muslims, from Moscow and Penza regions respectively\u00a0\u2014 are being prosecuted for political reasons on\u00a0account of\u00a0their non-violent exercise of\u00a0the rights to\u00a0freedom of\u00a0conscience, religion and association. In\u00a0accordance with\u00a0<a href=\"https:\/\/memohrc.org\/en\/specials\/guidelines-definition-political-prisoner\">international criteria<\/a>, Khotamzhon Karimov and Altynbek Abdymanap uulu are political prisoners. Memorial demands their immediate release.<\/strong><\/p>\n<p><strong>What is\u00a0known about the prosecutions of\u00a0the two Muslims?<\/strong><\/p>\n<p>Altynbek Abdymanap uulu learned about the meetings held for the purpose of\u00a0studying Islam in\u00a0the winter 2014. On\u00a025 January 2015 he\u00a0attended a\u00a0meeting for the first time and learned they were run by\u00a0Hizb ut-Tahrir. Participants took turns reading out extracts from religious books and the leader of\u00a0the meeting commented on\u00a0the texts and explained their essence. After the meeting, Abdymanap learned from the media that Hizb ut-Tahrir had been designated a\u00a0terrorist organization in\u00a0Russia and banned. Abdymanap said he\u00a0never attended such meetings again. On\u00a028 March 2017 he\u00a0was arrested.<\/p>\n<p>Karimov became interested in\u00a0the activities of\u00a0Hizb ut-Tahrir at\u00a0the end of\u00a0the winter of\u00a02014. He\u00a0took part in\u00a0several meetings, at\u00a0one of\u00a0which he\u00a0was given a\u00a0copy of\u00a0the brochure, The Vision of\u00a0Hizb ut-Tahrir, to\u00a0read. In\u00a02015 Karimov did not respond to\u00a0an\u00a0invitation to\u00a0join the organization. When he\u00a0learned from the media about the arrest of\u00a0Hizb ut-Tahrir members he\u00a0stopped attending the meetings. Karimov and his family moved to\u00a0Penza region. On\u00a028 March 2017 he\u00a0was arrested. When his house was searched the copy of\u00a0the brochure, The Vision of\u00a0Hizb ut-Tahrir, was found.<\/p>\n<p>On\u00a02 April 2018 Moscow District Military Court sentenced Abdymanap and Karimov to\u00a0terms of\u00a010 and 11 years in\u00a0a\u00a0strict regime prison colony, respectively, on\u00a0charges of\u00a0participation in\u00a0the activities of\u00a0a\u00a0terrorist organization (Part 2 of\u00a0Article 205.5 of\u00a0the Russian Criminal Code).<\/p>\n<p>The court considered it\u00a0proven that Karimov and Abdymanap joined Hizb ut-Tahrir in\u00a0Moscow, were aware of\u00a0its terrorist orientation and their own membership of\u00a0the organization, and obeyed the organization\u2019s\u00a0discipline in\u00a0accordance with the group\u2019s\u00a0established hierarchy.<\/p>\n<p>Abdymanap and Karimov both pleaded guilty in\u00a0part. The investigators could not prove that the defendants had joined the organization. According to\u00a0the testimony of\u00a0the sole witness, the two men were considered to\u00a0be\u00a0only pupils. Both defendants stated they had ceased all participation in\u00a0Hizb ut-Tahrir\u2019s\u00a0activities in\u00a02015. Nevertheless, the court considered their involvement in\u00a0the organization continued up\u00a0until their arrests in\u00a0March 2017.<\/p>\n<p><strong>Why Memorial considers the two individuals political prisoners<\/strong><\/p>\n<p>The convicted Muslims were guilty of\u00a0nothing more than being members of\u00a0a\u00a0civil society association. They were not charged with preparing terrorist attacks or\u00a0voicing terrorist threats. There is\u00a0not a\u00a0single piece of\u00a0evidence in\u00a0the case to\u00a0show that the defendants committed or\u00a0planned to\u00a0commit violence, still less actions that could be\u00a0called terrorist in\u00a0the accepted meaning of\u00a0the word.<br \/>\nMemorial considers the designation of\u00a0Hizb ut-Tahrir as\u00a0a\u00a0terrorist organization to\u00a0be\u00a0unlawful. The decision of\u00a0the Supreme Court, adopted in\u00a02003 at\u00a0a\u00a0closed session without the participation of\u00a0Hizb ut-Tahrir representatives, contained one paragraph of\u00a0three sentences dealing with the organization. The three sentences contain no\u00a0evidence of\u00a0terrorist activities.<\/p>\n<p>The designation of Hizb ut-Tahrir as \u2018terrorist\u2019 has made it possible to define all its activities, including meetings, tea-drinking sessions and prayers, as terrorist activities, and to consider the purchase of its literature, and the making of donations to help those with the same beliefs who have been arrested, as the financing of terrorism.<\/p>\n<p>It\u00a0should be\u00a0noted that Article 28 of\u00a0the Russian Constitution protects these actions of\u00a0believers. Article 28 guarantees everyone \u2018freedom of\u00a0conscience, freedom of\u00a0religion, including the right, individually or\u00a0in\u00a0community with others, to\u00a0profess any religion or\u00a0not to\u00a0profess any religion, to\u00a0freely choose, have and disseminate religious and other beliefs and to\u00a0act in\u00a0accordance with them.\u2019<\/p>\n<p>In\u00a0the years since the designation of\u00a0Hizb ut-Tahrir as\u00a0terrorist, hundreds of\u00a0Muslims have been convicted on\u00a0charges related to\u00a0their involvement in\u00a0the organization. With the passing of\u00a0each year, the courts have imposed ever longer sentences of\u00a0imprisonment on\u00a0the believers (up\u00a0to\u00a024 years in\u00a0a\u00a0strict regime prison colony). At\u00a0the present time, more than 300 people\u00a0<a href=\"https:\/\/memohrc.org\/ru\/news_old\/spisok-presleduemyh-v-svyazi-s-prichastnostyu-k-hizb-ut-tahrir-obnovlyaetsya\">are being prosecuted<\/a>\u00a0on\u00a0charges of\u00a0involvement in\u00a0Hizb ut-Tahrir.<\/p>\n<p>The \u2018solving\u2019 of\u00a0a\u00a0series of\u00a0cases related to\u00a0Hizb ut-Tahrir has been made extremely easy in\u00a0order to\u00a0enable the security services to\u00a0achieve maximum results with minimum effort. The security services have been granted the opportunity to\u00a0improve their statistics for solving crimes many times over (thereby demonstrating their own utility). They have manipulated public notions of\u00a0the terrorist threat and substituted the pretence of\u00a0a\u00a0struggle against terrorism for the real thing. At\u00a0the same time, these exaggerated notions about the terrorist threat have been used to\u00a0justify the adoption of\u00a0laws restricting the rights of\u00a0citizens. In\u00a0this way, we\u00a0see the pretence of\u00a0a\u00a0struggle against terrorism works to\u00a0strengthen the powers of\u00a0the authorities.<\/p>\n<p>More information about this case and the position of\u00a0Memorial Human Rights Centre is\u00a0<a href=\"https:\/\/memohrc.org\/ru\/special-projects\/moskovskoe-delo-dvoih-o-chlenstve-v-zapreshchyonnoy-hizb-ut-tahrir\">available on\u00a0our website<\/a>.<\/p>\n<p><em>Recognition of\u00a0an\u00a0individual as\u00a0a\u00a0political prisoner does not imply Memorial Human Rights Centre agrees with their views or\u00a0statements, or\u00a0approves their statements or\u00a0actions.<\/em><\/p>\n<p>You can support all political prisoners by\u00a0donating to\u00a0<a href=\"https:\/\/www.politzeky.ru\/fond-pomoshhi-politzakljuchennym\/5118\/fond-pomoshhi-politzakljuchjonnym\" target=\"_blank\" rel=\"noopener noreferrer\">the Fund to\u00a0Support Political Prisoners<\/a>\u00a0of\u00a0the Union of\u00a0Solidarity with Political Prisoners via PayPal, using the e-wallet at\u00a0helppoliticalprisoners@gmail.com.<\/p>\n","protected":false},"excerpt":{"rendered":"<p>Memorial Human Rights Centre believes Altynbek Abdymanap uulu and Khotamzhon Karimov\u00a0\u2014 two Muslims, from Moscow and Penza regions respectively\u00a0\u2014 are being prosecuted for political reasons<\/p>\n","protected":false},"author":33,"featured_media":3905,"comment_status":"closed","ping_status":"open","sticky":false,"template":"","format":"standard","meta":[],"categories":[20,12],"tags":[],"yoast_head":"<!-- This site is optimized with the Yoast SEO plugin v19.4 - https:\/\/yoast.com\/wordpress\/plugins\/seo\/ -->\n<title>Memorial recognizes two more Muslims convicted of involvement in Hizb ut-Tahrir as political prisoners - Europ\u00e4ischer Menschenrechtsdialog<\/title>\n<meta name=\"robots\" content=\"index, follow, max-snippet:-1, max-image-preview:large, max-video-preview:-1\" \/>\n<link rel=\"canonical\" href=\"https:\/\/www.human-rights-year.com\/de\/2020\/06\/26\/memorial-recognizes-two-more-muslims-convicted-of-involvement-in-hizb-ut-tahrir-as-political-prisoners\/\" \/>\n<meta property=\"og:locale\" content=\"de_DE\" \/>\n<meta property=\"og:type\" content=\"article\" \/>\n<meta property=\"og:title\" content=\"Memorial recognizes two more Muslims convicted of involvement in Hizb ut-Tahrir as political prisoners - Europ\u00e4ischer Menschenrechtsdialog\" \/>\n<meta property=\"og:description\" content=\"Memorial Human Rights Centre believes Altynbek Abdymanap uulu and Khotamzhon Karimov\u00a0\u2014 two Muslims, from Moscow and Penza regions respectively\u00a0\u2014 are being prosecuted for political reasons\" \/>\n<meta property=\"og:url\" content=\"https:\/\/www.human-rights-year.com\/de\/2020\/06\/26\/memorial-recognizes-two-more-muslims-convicted-of-involvement-in-hizb-ut-tahrir-as-political-prisoners\/\" \/>\n<meta property=\"og:site_name\" content=\"Europ\u00e4ischer Menschenrechtsdialog\" \/>\n<meta property=\"article:published_time\" content=\"2020-06-26T16:01:27+00:00\" \/>\n<meta property=\"article:modified_time\" content=\"2020-12-29T17:12:49+00:00\" \/>\n<meta property=\"og:image\" content=\"https:\/\/www.human-rights-year.com\/wp-content\/uploads\/2020\/12\/abdymanap_karimov.png\" \/>\n\t<meta property=\"og:image:width\" content=\"800\" \/>\n\t<meta property=\"og:image:height\" content=\"400\" \/>\n\t<meta property=\"og:image:type\" content=\"image\/png\" \/>\n<meta name=\"author\" content=\"Europ\u00e4ischer Menschenrechtedialog\" \/>\n<meta name=\"twitter:card\" content=\"summary_large_image\" \/>\n<meta name=\"twitter:label1\" content=\"Verfasst von\" \/>\n\t<meta name=\"twitter:data1\" content=\"Europ\u00e4ischer Menschenrechtedialog\" \/>\n\t<meta name=\"twitter:label2\" content=\"Gesch\u00e4tzte Lesezeit\" \/>\n\t<meta name=\"twitter:data2\" content=\"5\u00a0Minuten\" \/>\n<script type=\"application\/ld+json\" class=\"yoast-schema-graph\">{\"@context\":\"https:\/\/schema.org\",\"@graph\":[{\"@type\":\"WebSite\",\"@id\":\"https:\/\/www.human-rights-year.com\/#website\",\"url\":\"https:\/\/www.human-rights-year.com\/\",\"name\":\"\u0415\u0432\u0440\u043e\u043f\u0435\u0439\u0441\u043a\u0438\u0439 \u043f\u0440\u0430\u0432\u043e\u0437\u0430\u0449\u0438\u0442\u043d\u044b\u0439 \u0434\u0438\u0430\u043b\u043e\u0433\",\"description\":\" \",\"potentialAction\":[{\"@type\":\"SearchAction\",\"target\":{\"@type\":\"EntryPoint\",\"urlTemplate\":\"https:\/\/www.human-rights-year.com\/?s={search_term_string}\"},\"query-input\":\"required name=search_term_string\"}],\"inLanguage\":\"de\"},{\"@type\":\"WebPage\",\"@id\":\"https:\/\/www.human-rights-year.com\/de\/2020\/06\/26\/memorial-recognizes-two-more-muslims-convicted-of-involvement-in-hizb-ut-tahrir-as-political-prisoners\/\",\"url\":\"https:\/\/www.human-rights-year.com\/de\/2020\/06\/26\/memorial-recognizes-two-more-muslims-convicted-of-involvement-in-hizb-ut-tahrir-as-political-prisoners\/\",\"name\":\"Memorial recognizes two more Muslims convicted of involvement in Hizb ut-Tahrir as political prisoners - Europ\u00e4ischer Menschenrechtsdialog\",\"isPartOf\":{\"@id\":\"https:\/\/www.human-rights-year.com\/#website\"},\"datePublished\":\"2020-06-26T16:01:27+00:00\",\"dateModified\":\"2020-12-29T17:12:49+00:00\",\"author\":{\"@id\":\"https:\/\/www.human-rights-year.com\/#\/schema\/person\/c61a685c41e5101f9ea8f886f7ff8867\"},\"breadcrumb\":{\"@id\":\"https:\/\/www.human-rights-year.com\/de\/2020\/06\/26\/memorial-recognizes-two-more-muslims-convicted-of-involvement-in-hizb-ut-tahrir-as-political-prisoners\/#breadcrumb\"},\"inLanguage\":\"de\",\"potentialAction\":[{\"@type\":\"ReadAction\",\"target\":[\"https:\/\/www.human-rights-year.com\/de\/2020\/06\/26\/memorial-recognizes-two-more-muslims-convicted-of-involvement-in-hizb-ut-tahrir-as-political-prisoners\/\"]}]},{\"@type\":\"BreadcrumbList\",\"@id\":\"https:\/\/www.human-rights-year.com\/de\/2020\/06\/26\/memorial-recognizes-two-more-muslims-convicted-of-involvement-in-hizb-ut-tahrir-as-political-prisoners\/#breadcrumb\",\"itemListElement\":[{\"@type\":\"ListItem\",\"position\":1,\"name\":\"\u0413\u043b\u0430\u0432\u043d\u0430\u044f \u0441\u0442\u0440\u0430\u043d\u0438\u0446\u0430\",\"item\":\"https:\/\/www.human-rights-year.com\/de\/\"},{\"@type\":\"ListItem\",\"position\":2,\"name\":\"Memorial recognizes two more Muslims convicted of involvement in Hizb ut-Tahrir as political prisoners\"}]},{\"@type\":\"Person\",\"@id\":\"https:\/\/www.human-rights-year.com\/#\/schema\/person\/c61a685c41e5101f9ea8f886f7ff8867\",\"name\":\"Europ\u00e4ischer Menschenrechtedialog\",\"image\":{\"@type\":\"ImageObject\",\"inLanguage\":\"de\",\"@id\":\"https:\/\/www.human-rights-year.com\/#\/schema\/person\/image\/\",\"url\":\"https:\/\/secure.gravatar.com\/avatar\/b8079c67933c0da74d24da6410334e70?s=96&d=mm&r=g\",\"contentUrl\":\"https:\/\/secure.gravatar.com\/avatar\/b8079c67933c0da74d24da6410334e70?s=96&d=mm&r=g\",\"caption\":\"Europ\u00e4ischer Menschenrechtedialog\"},\"description\":\"\u041f\u0440\u043e\u0435\u043a\u0442\u00a0\u00ab\u0415\u0432\u0440\u043e\u043f\u0435\u0439\u0441\u043a\u0438\u0439 \u043f\u0440\u0430\u0432\u043e\u0437\u0430\u0449\u0438\u0442\u043d\u044b\u0439 \u0434\u0438\u0430\u043b\u043e\u0433\u00bb \u0440\u0435\u0430\u043b\u0438\u0437\u0443\u0435\u0442\u0441\u044f \u043f\u0440\u0438\u00a0\u043f\u043e\u0434\u0434\u0435\u0440\u0436\u043a\u0435 \u0433\u0435\u0440\u043c\u0430\u043d\u0441\u043a\u043e\u0433\u043e \u041c\u0418\u0414\u0430. \u0421\u0438\u0442\u0443\u0430\u0446\u0438\u044f \u0441 \u043f\u043e\u043b\u0438\u0442\u0437\u0430\u043a\u043b\u044e\u0447\u0435\u043d\u043d\u044b\u043c\u0438 \u0438 \u0434\u0440\u0443\u0433\u0438\u0435 \u043f\u0440\u0430\u0432\u043e\u0437\u0430\u0449\u0438\u0442\u043d\u044b\u0435 \u043f\u0440\u043e\u0431\u043b\u0435\u043c\u044b \u0432 \u0420\u043e\u0441\u0441\u0438\u0438 \u0438 \u0411\u0435\u043b\u0430\u0440\u0443\u0441\u0438 \u0441\u0442\u0430\u043d\u043e\u0432\u044f\u0442\u0441\u044f \u0433\u043e\u0434 \u043e\u0442 \u0433\u043e\u0434\u0430 \u0432\u0441\u0435 \u043e\u0441\u0442\u0440\u0435\u0435. \u041c\u044b \u043e\u0436\u0438\u0432\u043b\u044f\u0435\u043c \u0434\u0438\u0430\u043b\u043e\u0433 \u043c\u0435\u0436\u0434\u0443 \u0440\u043e\u0441\u0441\u0438\u0439\u0441\u043a\u0438\u043c, \u0431\u0435\u043b\u0430\u0440\u0443\u0441\u0441\u043a\u0438\u043c, \u043f\u043e\u043b\u044c\u0441\u043a\u0438\u043c \u0438 \u043d\u0435\u043c\u0435\u0446\u043a\u0438\u043c \u043f\u0440\u0430\u0432\u043e\u0437\u0430\u0449\u0438\u0442\u043d\u044b\u043c \u0441\u043e\u043e\u0431\u0449\u0435\u0441\u0442\u0432\u043e\u043c \u0438 \u043d\u0430\u043b\u0430\u0436\u0438\u0432\u0430\u0435\u043c \u0438\u0445 \u043a\u043e\u043d\u0441\u0442\u0440\u0443\u043a\u0442\u0438\u0432\u043d\u043e\u0435 \u0432\u0437\u0430\u0438\u043c\u043e\u0434\u0435\u0439\u0441\u0442\u0432\u0438\u0435, \u0432\u0437\u0430\u0438\u043c\u043d\u043e\u0435 \u0438\u043d\u0444\u043e\u0440\u043c\u0438\u0440\u043e\u0432\u0430\u043d\u0438\u0435 \u0438 \u043f\u043e\u0434\u0434\u0435\u0440\u0436\u043a\u0443. \u041c\u044b \u0438\u043d\u0444\u043e\u0440\u043c\u0438\u0440\u0443\u0435\u043c \u043d\u0435\u043c\u0435\u0446\u043a\u0443\u044e \u043e\u0431\u0449\u0435\u0441\u0442\u0432\u0435\u043d\u043d\u043e\u0441\u0442\u044c \u043e \u0441\u0438\u0442\u0443\u0430\u0446\u0438\u0438 \u0441 \u0437\u0430\u0449\u0438\u0442\u043e\u0439 \u043f\u0440\u0430\u0432 \u0447\u0435\u043b\u043e\u0432\u0435\u043a\u0430 \u0432 \u0420\u043e\u0441\u0441\u0438\u0438 \u0438 \u0411\u0435\u043b\u0430\u0440\u0443\u0441\u0438, \u0430 \u0440\u043e\u0441\u0441\u0438\u0439\u0441\u043a\u0443\u044e \u0438 \u0431\u0435\u043b\u0430\u0440\u0443\u0441\u0441\u043a\u0443\u044e \u2014 \u043e \u043f\u043e\u043b\u043e\u0436\u0435\u043d\u0438\u0438 \u0432 \u044d\u0442\u043e\u0439 \u043e\u0431\u043b\u0430\u0441\u0442\u0438 \u0432 \u0413\u0435\u0440\u043c\u0430\u043d\u0438\u0438; \u0441\u043e\u0437\u0434\u0430\u0435\u043c \u043c\u0435\u0445\u0430\u043d\u0438\u0437\u043c \u043f\u043e\u0434\u0434\u0435\u0440\u0436\u043a\u0438 \u0440\u043e\u0441\u0441\u0438\u0439\u0441\u043a\u0438\u0445 \u0438 \u0431\u0435\u043b\u0430\u0440\u0443\u0441\u0441\u043a\u0438\u0445 \u043f\u0440\u0430\u0432\u043e\u0437\u0430\u0449\u0438\u0442\u043d\u0438\u043a\u043e\u0432, \u0436\u0435\u0440\u0442\u0432 \u043f\u043e\u043b\u0438\u0442\u0438\u0447\u0435\u0441\u043a\u0438\u0445 \u0440\u0435\u043f\u0440\u0435\u0441\u0441\u0438\u0439 \u0438 \u043f\u043e\u043b\u0438\u0442\u0437\u0430\u043a\u043b\u044e\u0447\u0435\u043d\u043d\u044b\u0445. \u0411\u0443\u0434\u0435\u043c \u0440\u0430\u0434\u044b \u0432\u0430\u0448\u0435\u043c\u0443 \u0443\u0447\u0430\u0441\u0442\u0438\u044e \u0432 \u0435\u0432\u0440\u043e\u043f\u0435\u0439\u0441\u043a\u043e\u043c \u043f\u0440\u0430\u0432\u043e\u0437\u0430\u0449\u0438\u0442\u043d\u043e\u043c \u0434\u0438\u0430\u043b\u043e\u0433\u0435 \u043d\u0430 \u043d\u0430\u0448\u0435\u043c \u0441\u0430\u0439\u0442\u0435 \u0438 \u0430\u043a\u043a\u0430\u0443\u043d\u0442\u0430\u0445 \u0432 \u0441\u043e\u0446\u0438\u0430\u043b\u044c\u043d\u044b\u0445 \u0441\u0435\u0442\u044f\u0445, \u0430 \u0442\u0430\u043a\u0436\u0435 \u043f\u0440\u0438\u0433\u043b\u0430\u0448\u0430\u0435\u043c \u0432\u0430\u0441 \u043f\u043e\u0434\u043f\u0438\u0441\u0430\u0442\u044c\u0441\u044f \u043d\u0430 \u0440\u0430\u0441\u0441\u044b\u043b\u043a\u0443 \u043e \u043f\u0440\u0430\u0432\u043e\u0437\u0430\u0449\u0438\u0442\u043d\u044b\u0445 \u043f\u0440\u043e\u0431\u043b\u0435\u043c\u0430\u0445\u00a0\u043f\u043e \u0441\u0441\u044b\u043b\u043a\u0435 (\u043d\u0430 \u043d\u0435\u043c\u0435\u0446\u043a\u043e\u043c \u044f\u0437\u044b\u043a\u0435).\u00a0\",\"url\":\"https:\/\/www.human-rights-year.com\/de\/author\/anna-andrievskaja\/\"}]}<\/script>\n<!-- \/ Yoast SEO plugin. -->","yoast_head_json":{"title":"Memorial recognizes two more Muslims convicted of involvement in Hizb ut-Tahrir as political prisoners - Europ\u00e4ischer Menschenrechtsdialog","robots":{"index":"index","follow":"follow","max-snippet":"max-snippet:-1","max-image-preview":"max-image-preview:large","max-video-preview":"max-video-preview:-1"},"canonical":"https:\/\/www.human-rights-year.com\/de\/2020\/06\/26\/memorial-recognizes-two-more-muslims-convicted-of-involvement-in-hizb-ut-tahrir-as-political-prisoners\/","og_locale":"de_DE","og_type":"article","og_title":"Memorial recognizes two more Muslims convicted of involvement in Hizb ut-Tahrir as political prisoners - Europ\u00e4ischer Menschenrechtsdialog","og_description":"Memorial Human Rights Centre believes Altynbek Abdymanap uulu and Khotamzhon Karimov\u00a0\u2014 two Muslims, from Moscow and Penza regions respectively\u00a0\u2014 are being prosecuted for political reasons","og_url":"https:\/\/www.human-rights-year.com\/de\/2020\/06\/26\/memorial-recognizes-two-more-muslims-convicted-of-involvement-in-hizb-ut-tahrir-as-political-prisoners\/","og_site_name":"Europ\u00e4ischer Menschenrechtsdialog","article_published_time":"2020-06-26T16:01:27+00:00","article_modified_time":"2020-12-29T17:12:49+00:00","og_image":[{"width":800,"height":400,"url":"https:\/\/www.human-rights-year.com\/wp-content\/uploads\/2020\/12\/abdymanap_karimov.png","type":"image\/png"}],"author":"Europ\u00e4ischer Menschenrechtedialog","twitter_card":"summary_large_image","twitter_misc":{"Verfasst von":"Europ\u00e4ischer Menschenrechtedialog","Gesch\u00e4tzte Lesezeit":"5\u00a0Minuten"},"schema":{"@context":"https:\/\/schema.org","@graph":[{"@type":"WebSite","@id":"https:\/\/www.human-rights-year.com\/#website","url":"https:\/\/www.human-rights-year.com\/","name":"\u0415\u0432\u0440\u043e\u043f\u0435\u0439\u0441\u043a\u0438\u0439 \u043f\u0440\u0430\u0432\u043e\u0437\u0430\u0449\u0438\u0442\u043d\u044b\u0439 \u0434\u0438\u0430\u043b\u043e\u0433","description":" ","potentialAction":[{"@type":"SearchAction","target":{"@type":"EntryPoint","urlTemplate":"https:\/\/www.human-rights-year.com\/?s={search_term_string}"},"query-input":"required name=search_term_string"}],"inLanguage":"de"},{"@type":"WebPage","@id":"https:\/\/www.human-rights-year.com\/de\/2020\/06\/26\/memorial-recognizes-two-more-muslims-convicted-of-involvement-in-hizb-ut-tahrir-as-political-prisoners\/","url":"https:\/\/www.human-rights-year.com\/de\/2020\/06\/26\/memorial-recognizes-two-more-muslims-convicted-of-involvement-in-hizb-ut-tahrir-as-political-prisoners\/","name":"Memorial recognizes two more Muslims convicted of involvement in Hizb ut-Tahrir as political prisoners - Europ\u00e4ischer Menschenrechtsdialog","isPartOf":{"@id":"https:\/\/www.human-rights-year.com\/#website"},"datePublished":"2020-06-26T16:01:27+00:00","dateModified":"2020-12-29T17:12:49+00:00","author":{"@id":"https:\/\/www.human-rights-year.com\/#\/schema\/person\/c61a685c41e5101f9ea8f886f7ff8867"},"breadcrumb":{"@id":"https:\/\/www.human-rights-year.com\/de\/2020\/06\/26\/memorial-recognizes-two-more-muslims-convicted-of-involvement-in-hizb-ut-tahrir-as-political-prisoners\/#breadcrumb"},"inLanguage":"de","potentialAction":[{"@type":"ReadAction","target":["https:\/\/www.human-rights-year.com\/de\/2020\/06\/26\/memorial-recognizes-two-more-muslims-convicted-of-involvement-in-hizb-ut-tahrir-as-political-prisoners\/"]}]},{"@type":"BreadcrumbList","@id":"https:\/\/www.human-rights-year.com\/de\/2020\/06\/26\/memorial-recognizes-two-more-muslims-convicted-of-involvement-in-hizb-ut-tahrir-as-political-prisoners\/#breadcrumb","itemListElement":[{"@type":"ListItem","position":1,"name":"\u0413\u043b\u0430\u0432\u043d\u0430\u044f \u0441\u0442\u0440\u0430\u043d\u0438\u0446\u0430","item":"https:\/\/www.human-rights-year.com\/de\/"},{"@type":"ListItem","position":2,"name":"Memorial recognizes two more Muslims convicted of involvement in Hizb ut-Tahrir as political prisoners"}]},{"@type":"Person","@id":"https:\/\/www.human-rights-year.com\/#\/schema\/person\/c61a685c41e5101f9ea8f886f7ff8867","name":"Europ\u00e4ischer Menschenrechtedialog","image":{"@type":"ImageObject","inLanguage":"de","@id":"https:\/\/www.human-rights-year.com\/#\/schema\/person\/image\/","url":"https:\/\/secure.gravatar.com\/avatar\/b8079c67933c0da74d24da6410334e70?s=96&d=mm&r=g","contentUrl":"https:\/\/secure.gravatar.com\/avatar\/b8079c67933c0da74d24da6410334e70?s=96&d=mm&r=g","caption":"Europ\u00e4ischer Menschenrechtedialog"},"description":"\u041f\u0440\u043e\u0435\u043a\u0442\u00a0\u00ab\u0415\u0432\u0440\u043e\u043f\u0435\u0439\u0441\u043a\u0438\u0439 \u043f\u0440\u0430\u0432\u043e\u0437\u0430\u0449\u0438\u0442\u043d\u044b\u0439 \u0434\u0438\u0430\u043b\u043e\u0433\u00bb \u0440\u0435\u0430\u043b\u0438\u0437\u0443\u0435\u0442\u0441\u044f \u043f\u0440\u0438\u00a0\u043f\u043e\u0434\u0434\u0435\u0440\u0436\u043a\u0435 \u0433\u0435\u0440\u043c\u0430\u043d\u0441\u043a\u043e\u0433\u043e \u041c\u0418\u0414\u0430. \u0421\u0438\u0442\u0443\u0430\u0446\u0438\u044f \u0441 \u043f\u043e\u043b\u0438\u0442\u0437\u0430\u043a\u043b\u044e\u0447\u0435\u043d\u043d\u044b\u043c\u0438 \u0438 \u0434\u0440\u0443\u0433\u0438\u0435 \u043f\u0440\u0430\u0432\u043e\u0437\u0430\u0449\u0438\u0442\u043d\u044b\u0435 \u043f\u0440\u043e\u0431\u043b\u0435\u043c\u044b \u0432 \u0420\u043e\u0441\u0441\u0438\u0438 \u0438 \u0411\u0435\u043b\u0430\u0440\u0443\u0441\u0438 \u0441\u0442\u0430\u043d\u043e\u0432\u044f\u0442\u0441\u044f \u0433\u043e\u0434 \u043e\u0442 \u0433\u043e\u0434\u0430 \u0432\u0441\u0435 \u043e\u0441\u0442\u0440\u0435\u0435. \u041c\u044b \u043e\u0436\u0438\u0432\u043b\u044f\u0435\u043c \u0434\u0438\u0430\u043b\u043e\u0433 \u043c\u0435\u0436\u0434\u0443 \u0440\u043e\u0441\u0441\u0438\u0439\u0441\u043a\u0438\u043c, \u0431\u0435\u043b\u0430\u0440\u0443\u0441\u0441\u043a\u0438\u043c, \u043f\u043e\u043b\u044c\u0441\u043a\u0438\u043c \u0438 \u043d\u0435\u043c\u0435\u0446\u043a\u0438\u043c \u043f\u0440\u0430\u0432\u043e\u0437\u0430\u0449\u0438\u0442\u043d\u044b\u043c \u0441\u043e\u043e\u0431\u0449\u0435\u0441\u0442\u0432\u043e\u043c \u0438 \u043d\u0430\u043b\u0430\u0436\u0438\u0432\u0430\u0435\u043c \u0438\u0445 \u043a\u043e\u043d\u0441\u0442\u0440\u0443\u043a\u0442\u0438\u0432\u043d\u043e\u0435 \u0432\u0437\u0430\u0438\u043c\u043e\u0434\u0435\u0439\u0441\u0442\u0432\u0438\u0435, \u0432\u0437\u0430\u0438\u043c\u043d\u043e\u0435 \u0438\u043d\u0444\u043e\u0440\u043c\u0438\u0440\u043e\u0432\u0430\u043d\u0438\u0435 \u0438 \u043f\u043e\u0434\u0434\u0435\u0440\u0436\u043a\u0443. \u041c\u044b \u0438\u043d\u0444\u043e\u0440\u043c\u0438\u0440\u0443\u0435\u043c \u043d\u0435\u043c\u0435\u0446\u043a\u0443\u044e \u043e\u0431\u0449\u0435\u0441\u0442\u0432\u0435\u043d\u043d\u043e\u0441\u0442\u044c \u043e \u0441\u0438\u0442\u0443\u0430\u0446\u0438\u0438 \u0441 \u0437\u0430\u0449\u0438\u0442\u043e\u0439 \u043f\u0440\u0430\u0432 \u0447\u0435\u043b\u043e\u0432\u0435\u043a\u0430 \u0432 \u0420\u043e\u0441\u0441\u0438\u0438 \u0438 \u0411\u0435\u043b\u0430\u0440\u0443\u0441\u0438, \u0430 \u0440\u043e\u0441\u0441\u0438\u0439\u0441\u043a\u0443\u044e \u0438 \u0431\u0435\u043b\u0430\u0440\u0443\u0441\u0441\u043a\u0443\u044e \u2014 \u043e \u043f\u043e\u043b\u043e\u0436\u0435\u043d\u0438\u0438 \u0432 \u044d\u0442\u043e\u0439 \u043e\u0431\u043b\u0430\u0441\u0442\u0438 \u0432 \u0413\u0435\u0440\u043c\u0430\u043d\u0438\u0438; \u0441\u043e\u0437\u0434\u0430\u0435\u043c \u043c\u0435\u0445\u0430\u043d\u0438\u0437\u043c \u043f\u043e\u0434\u0434\u0435\u0440\u0436\u043a\u0438 \u0440\u043e\u0441\u0441\u0438\u0439\u0441\u043a\u0438\u0445 \u0438 \u0431\u0435\u043b\u0430\u0440\u0443\u0441\u0441\u043a\u0438\u0445 \u043f\u0440\u0430\u0432\u043e\u0437\u0430\u0449\u0438\u0442\u043d\u0438\u043a\u043e\u0432, \u0436\u0435\u0440\u0442\u0432 \u043f\u043e\u043b\u0438\u0442\u0438\u0447\u0435\u0441\u043a\u0438\u0445 \u0440\u0435\u043f\u0440\u0435\u0441\u0441\u0438\u0439 \u0438 \u043f\u043e\u043b\u0438\u0442\u0437\u0430\u043a\u043b\u044e\u0447\u0435\u043d\u043d\u044b\u0445. \u0411\u0443\u0434\u0435\u043c \u0440\u0430\u0434\u044b \u0432\u0430\u0448\u0435\u043c\u0443 \u0443\u0447\u0430\u0441\u0442\u0438\u044e \u0432 \u0435\u0432\u0440\u043e\u043f\u0435\u0439\u0441\u043a\u043e\u043c \u043f\u0440\u0430\u0432\u043e\u0437\u0430\u0449\u0438\u0442\u043d\u043e\u043c \u0434\u0438\u0430\u043b\u043e\u0433\u0435 \u043d\u0430 \u043d\u0430\u0448\u0435\u043c \u0441\u0430\u0439\u0442\u0435 \u0438 \u0430\u043a\u043a\u0430\u0443\u043d\u0442\u0430\u0445 \u0432 \u0441\u043e\u0446\u0438\u0430\u043b\u044c\u043d\u044b\u0445 \u0441\u0435\u0442\u044f\u0445, \u0430 \u0442\u0430\u043a\u0436\u0435 \u043f\u0440\u0438\u0433\u043b\u0430\u0448\u0430\u0435\u043c \u0432\u0430\u0441 \u043f\u043e\u0434\u043f\u0438\u0441\u0430\u0442\u044c\u0441\u044f \u043d\u0430 \u0440\u0430\u0441\u0441\u044b\u043b\u043a\u0443 \u043e \u043f\u0440\u0430\u0432\u043e\u0437\u0430\u0449\u0438\u0442\u043d\u044b\u0445 \u043f\u0440\u043e\u0431\u043b\u0435\u043c\u0430\u0445\u00a0\u043f\u043e \u0441\u0441\u044b\u043b\u043a\u0435 (\u043d\u0430 \u043d\u0435\u043c\u0435\u0446\u043a\u043e\u043c \u044f\u0437\u044b\u043a\u0435).\u00a0","url":"https:\/\/www.human-rights-year.com\/de\/author\/anna-andrievskaja\/"}]}},"_links":{"self":[{"href":"https:\/\/www.human-rights-year.com\/de\/wp-json\/wp\/v2\/posts\/3904"}],"collection":[{"href":"https:\/\/www.human-rights-year.com\/de\/wp-json\/wp\/v2\/posts"}],"about":[{"href":"https:\/\/www.human-rights-year.com\/de\/wp-json\/wp\/v2\/types\/post"}],"author":[{"embeddable":true,"href":"https:\/\/www.human-rights-year.com\/de\/wp-json\/wp\/v2\/users\/33"}],"replies":[{"embeddable":true,"href":"https:\/\/www.human-rights-year.com\/de\/wp-json\/wp\/v2\/comments?post=3904"}],"version-history":[{"count":0,"href":"https:\/\/www.human-rights-year.com\/de\/wp-json\/wp\/v2\/posts\/3904\/revisions"}],"wp:featuredmedia":[{"embeddable":true,"href":"https:\/\/www.human-rights-year.com\/de\/wp-json\/wp\/v2\/media\/3905"}],"wp:attachment":[{"href":"https:\/\/www.human-rights-year.com\/de\/wp-json\/wp\/v2\/media?parent=3904"}],"wp:term":[{"taxonomy":"category","embeddable":true,"href":"https:\/\/www.human-rights-year.com\/de\/wp-json\/wp\/v2\/categories?post=3904"},{"taxonomy":"post_tag","embeddable":true,"href":"https:\/\/www.human-rights-year.com\/de\/wp-json\/wp\/v2\/tags?post=3904"}],"curies":[{"name":"wp","href":"https:\/\/api.w.org\/{rel}","templated":true}]}}