{"id":3630,"date":"2020-08-25T20:10:47","date_gmt":"2020-08-25T18:10:47","guid":{"rendered":"https:\/\/www.human-rights-year.com\/?p=3630"},"modified":"2020-09-16T20:11:55","modified_gmt":"2020-09-16T18:11:55","slug":"memorial-says-kaluga-resident-ivan-lyubshin-convicted-of-justifying-terrorism-for-a-comment-on-social-media-is-a-political-prisoner","status":"publish","type":"post","link":"https:\/\/www.human-rights-year.com\/de\/2020\/08\/25\/memorial-says-kaluga-resident-ivan-lyubshin-convicted-of-justifying-terrorism-for-a-comment-on-social-media-is-a-political-prisoner\/","title":{"rendered":"Memorial says Kaluga resident, Ivan Lyubshin, convicted of justifying terrorism for a comment on social media, is a political prisoner"},"content":{"rendered":"<p><strong>Memorial Human Rights Centre considers Kaluga resident Ivan Lyubshin a\u00a0political prisoner and believes the charges against him should be\u00a0dropped, Lyubshin himself immediately released, and his allegations of\u00a0torture impartially investigated.<\/strong><\/p>\n<p><strong>Who is\u00a0Ivan Lyubshin and what has he\u00a0been charged with?<\/strong><\/p>\n<p>On\u00a031 October 2018 Ivan Lyubshin reposted on\u00a0his page on\u00a0the VKontakte social media site the news that 17-year-old anarchist Mikhail Zhlobitsky had blown himself up\u00a0in\u00a0the entrance hall of\u00a0the FSB building in\u00a0Arkhangelsk. He\u00a0added some comments of\u00a0his own about the deceased.<\/p>\n<p>These comments became grounds for his criminal prosecution. Almost a\u00a0year later, on\u00a014\u00a0October 2019, criminal proceedings were instituted against Lyubshin under Part 2\u00a0of\u00a0Article 205.2 of\u00a0the Criminal Code (public justification of\u00a0terrorism and advocacy of\u00a0terrorism committed using the Internet).<\/p>\n<p>On\u00a0the morning of\u00a015\u00a0October 2019, Lyubshin was detained at\u00a0a\u00a0bus stop by\u00a0FSB officers. According to\u00a0Lyubshin, the FSB officers put him in\u00a0a\u00a0car, handcuffed him and took him to\u00a0a\u00a0forest where they kicked him and used an\u00a0electroshock device on\u00a0him. They then took him to\u00a0the Investigative Committee for questioning. On\u00a017\u00a0October, the Kaluga district court placed him under house arrest.<\/p>\n<p>Subsequently, doctors recorded \u2018multiple bruises\u2019 on\u00a0Lyubshin\u2019s legs, arms, shoulder, ear, back and lower back. However, first the Kaluga prosecutor\u2019s office and then the federal Investigative Committee refused to\u00a0initiate criminal proceedings against the FSB officers for torture.<\/p>\n<p>On\u00a025 December 2019 Lyubshin was released under travel restrictions.<\/p>\n<p>On\u00a05 March 2020, the 2nd Western District Military Court found Lyubshin guilty of\u00a0committing a\u00a0crime under Part 2\u00a0of\u00a0Article 205.2 of\u00a0the Criminal Code and sentenced him to\u00a0five years two months in\u00a0a\u00a0general regime penal colony with a\u00a0subsequent ban on\u00a0working as\u00a0a\u00a0website administrator for two years.<\/p>\n<p><strong>What is\u00a0wrong with Article 205.2 of\u00a0the Criminal Code?<\/strong><\/p>\n<p>Memorial noted in\u00a0its report \u2018Statements in\u00a0support of\u00a0terrorism\u2019 that Article 205.2 of\u00a0the Criminal Code has effectively replaced the partially decriminalized Article 282 of\u00a0the Criminal Code (incitement of\u00a0hatred or\u00a0enmity, as\u00a0well as\u00a0abasing human dignity) as\u00a0the main instrument for political motivated prosecution with regard to\u00a0statements made on\u00a0the Internet.<\/p>\n<p>In\u00a0particular, the report said, \u2018in many instances criminal prosecutions of\u00a0this kind are characterized by\u00a0a\u00a0formalistic approach and a\u00a0punishment markedly disproportionate to\u00a0the real danger [of\u00a0the incriminated act], and sometimes prosecution may be\u00a0retaliation for political views or\u00a0for social or\u00a0political activism.\u2019<\/p>\n<p><strong>Why Lyubshin?<\/strong><\/p>\n<p>The selection of\u00a0Lyubshin as\u00a0a\u00a0victim of\u00a0criminal prosecution could have been influenced by\u00a0his opposition views, the fact that some of\u00a0his friends on\u00a0social media are opposition activists in\u00a0Kaluga and the fact that he\u00a0had previously been associated with an\u00a0Orthodox Church that is\u00a0an\u00a0alternative to\u00a0the Moscow Patriarchy.<\/p>\n<p>It\u00a0is\u00a0obvious that Lyubshin\u2019s prosecution is\u00a0connected with the fact that he\u00a0has long been under observation by\u00a0the security services. In\u00a02017\u00a0he was fined of\u00a0400,000 roubles under Part\u00a02 Article 282 of\u00a0the Criminal Code (incitement to\u00a0hatred or\u00a0enmity) and Part\u00a02 Article 354.1 of\u00a0the Criminal Code (rehabilitation of\u00a0Nazism using the media). In\u00a0addition, Lyubshin was charged under Point \u2018b\u2019 of\u00a0Part 3\u00a0of\u00a0Article 242 of\u00a0the Criminal Code (distribution of\u00a0pornography using the media) but was acquitted at\u00a0his trial.<\/p>\n<p><strong>Why does Memorial consider Lyubshin a\u00a0political prisoner?<\/strong><\/p>\n<p>Lyubshin is\u00a0not accused of\u00a0inciting terrorist attacks or\u00a0other violent acts. His prosecution is\u00a0related solely to\u00a0a\u00a0few careless comments about a\u00a0news item on\u00a0his personal social media page that has a\u00a0very small audience. These comments did not contain explicit calls for violence and posed a\u00a0negligible public danger, if\u00a0any at\u00a0all. Moreover, Lyubshin had already deleted the comments by\u00a0the time the criminal case was initiated. His prosecution should be\u00a0seen in\u00a0the context of\u00a0the prosecutions of\u00a0members of\u00a0the political opposition, journalists and other writers on\u00a0public affairs and those who accidentally became involved in\u00a0the discussion of\u00a0the causes and nature of\u00a0the act, as\u00a0well as\u00a0the personality, of\u00a0Mikhail Zhlobitsky, who blew himself up\u00a0in\u00a0the FSB building in\u00a0Archangelsk.<\/p>\n<p>The information we\u00a0have suggests that, after Lyubshin\u2019s detention, he\u00a0was tortured, something which has become a\u00a0typical means of\u00a0interrogation in \u2018terrorist\u2019 cases investigated by\u00a0the FSB. For example, a\u00a0medical exam\u00a0<a href=\"https:\/\/memohrc.us6.list-manage.com\/track\/click?u=0beb3097c1&amp;id=9316354497&amp;e=339ca062ef\" target=\"_blank\" rel=\"noopener noreferrer\" data-saferedirecturl=\"https:\/\/www.google.com\/url?q=https:\/\/memohrc.us6.list-manage.com\/track\/click?u%3D0beb3097c1%26id%3D9316354497%26e%3D339ca062ef&amp;source=gmail&amp;ust=1600365012501000&amp;usg=AFQjCNEzSBNBvOoHz55RdJftgHSB-QVD2w\">recorded<\/a>\u00a0numerous bruises and contusions on\u00a0Lyubshin\u2019s body \u2018near his ear, on\u00a0his wrists, his right elbow, left shoulder, chest, ribs, lower back and right shin.\u2019<\/p>\n<p>Memorial Human Rights Centre, in\u00a0line with the\u00a0<a href=\"https:\/\/memohrc.us6.list-manage.com\/track\/click?u=0beb3097c1&amp;id=beacdd134b&amp;e=339ca062ef\" target=\"_blank\" rel=\"noopener noreferrer\" data-saferedirecturl=\"https:\/\/www.google.com\/url?q=https:\/\/memohrc.us6.list-manage.com\/track\/click?u%3D0beb3097c1%26id%3Dbeacdd134b%26e%3D339ca062ef&amp;source=gmail&amp;ust=1600365012501000&amp;usg=AFQjCNHb9_Z3N9sc9fWbD3ze92a2PB2UWw\">international guidelines<\/a>\u00a0defining the term \u2018political prisoner,\u2019 believes this criminal prosecution is\u00a0politically motivated. It\u00a0is\u00a0intended to\u00a0enforce a\u00a0cessation of\u00a0criticism of\u00a0government authority and the retention of\u00a0power by\u00a0those in\u00a0public office. It\u00a0is\u00a0being carried out because of\u00a0the views of\u00a0the person prosecuted, based on\u00a0his non-violent exercise of\u00a0freedom of\u00a0expression and information, and in\u00a0violation of\u00a0the right to\u00a0a\u00a0fair trial. The deprivation of\u00a0liberty imposed on\u00a0Ivan Lyubshin is\u00a0manifestly wrong in\u00a0terms of\u00a0the acts of\u00a0which he\u00a0is\u00a0accused, taking into account the combination of\u00a0the dubious character of\u00a0the prosecution, its disproportionate nature in\u00a0the light of\u00a0any potential danger to\u00a0the public, and the serious violations of\u00a0his rights.<\/p>\n<p>More information about this case and the position of\u00a0Memorial Human Rights Centre is\u00a0<a href=\"https:\/\/memohrc.us6.list-manage.com\/track\/click?u=0beb3097c1&amp;id=c4fa1e4e96&amp;e=339ca062ef\" target=\"_blank\" rel=\"noopener noreferrer\" data-saferedirecturl=\"https:\/\/www.google.com\/url?q=https:\/\/memohrc.us6.list-manage.com\/track\/click?u%3D0beb3097c1%26id%3Dc4fa1e4e96%26e%3D339ca062ef&amp;source=gmail&amp;ust=1600365012501000&amp;usg=AFQjCNF48y5C7oFACtcHdxrcD4UDYW8D3A\">available on\u00a0our website<\/a>.<\/p>\n<p><em>Recognition of\u00a0an\u00a0individual as\u00a0a\u00a0political prisoner or\u00a0as\u00a0a\u00a0victim of\u00a0politically motivated prosecution does not imply Memorial Human Rights Centre agrees with, or\u00a0approves\u00a0of, their views, statements, or\u00a0actions.<\/em><\/p>\n<p>You can support all political prisoners by\u00a0donating to\u00a0the Fund to\u00a0Support Political Prisoners of\u00a0the Union of\u00a0Solidarity with Political Prisoners via PayPal, using the e-wallet at\u00a0<a href=\"mailto:helppoliticalprisoners@gmail.com\" target=\"_blank\" rel=\"noopener noreferrer\">helppoliticalprisoners@<wbr \/>gmail.com<\/a>.<\/p>\n<p><a href=\"https:\/\/memohrc.us6.list-manage.com\/track\/click?u=0beb3097c1&amp;id=e1362741da&amp;e=339ca062ef\" target=\"_blank\" rel=\"noopener noreferrer\" data-saferedirecturl=\"https:\/\/www.google.com\/url?q=https:\/\/memohrc.us6.list-manage.com\/track\/click?u%3D0beb3097c1%26id%3De1362741da%26e%3D339ca062ef&amp;source=gmail&amp;ust=1600365012501000&amp;usg=AFQjCNEKyHhBgdywspXYs6epYoEam603yw\">Read this statement on\u00a0Memorial\u2019s web-site<\/a><\/p>\n","protected":false},"excerpt":{"rendered":"<p>Memorial Human Rights Centre considers Kaluga resident Ivan Lyubshin a\u00a0political prisoner and believes the charges against him should be\u00a0dropped, Lyubshin himself immediately released, and his<\/p>\n","protected":false},"author":33,"featured_media":3631,"comment_status":"closed","ping_status":"open","sticky":false,"template":"","format":"standard","meta":[],"categories":[20,12],"tags":[],"yoast_head":"<!-- This site is optimized with the Yoast SEO plugin v19.4 - https:\/\/yoast.com\/wordpress\/plugins\/seo\/ -->\n<title>Memorial says Kaluga resident, Ivan Lyubshin, convicted of justifying terrorism for a comment on social media, is a political prisoner - Europ\u00e4ischer Menschenrechtsdialog<\/title>\n<meta name=\"robots\" content=\"index, follow, max-snippet:-1, max-image-preview:large, max-video-preview:-1\" \/>\n<link rel=\"canonical\" href=\"https:\/\/www.human-rights-year.com\/de\/2020\/08\/25\/memorial-says-kaluga-resident-ivan-lyubshin-convicted-of-justifying-terrorism-for-a-comment-on-social-media-is-a-political-prisoner\/\" \/>\n<meta property=\"og:locale\" content=\"de_DE\" \/>\n<meta property=\"og:type\" content=\"article\" \/>\n<meta property=\"og:title\" content=\"Memorial says Kaluga resident, Ivan Lyubshin, convicted of justifying terrorism for a comment on social media, is a political prisoner - Europ\u00e4ischer Menschenrechtsdialog\" \/>\n<meta property=\"og:description\" content=\"Memorial Human Rights Centre considers Kaluga resident Ivan Lyubshin a\u00a0political prisoner and believes the charges against him should be\u00a0dropped, Lyubshin himself immediately released, and his\" \/>\n<meta property=\"og:url\" content=\"https:\/\/www.human-rights-year.com\/de\/2020\/08\/25\/memorial-says-kaluga-resident-ivan-lyubshin-convicted-of-justifying-terrorism-for-a-comment-on-social-media-is-a-political-prisoner\/\" \/>\n<meta property=\"og:site_name\" content=\"Europ\u00e4ischer Menschenrechtsdialog\" \/>\n<meta property=\"article:published_time\" content=\"2020-08-25T18:10:47+00:00\" \/>\n<meta property=\"article:modified_time\" content=\"2020-09-16T18:11:55+00:00\" \/>\n<meta property=\"og:image\" content=\"https:\/\/www.human-rights-year.com\/wp-content\/uploads\/2020\/09\/unnamed-11.png\" \/>\n\t<meta property=\"og:image:width\" content=\"810\" \/>\n\t<meta property=\"og:image:height\" content=\"450\" \/>\n\t<meta property=\"og:image:type\" content=\"image\/png\" \/>\n<meta name=\"author\" content=\"Europ\u00e4ischer Menschenrechtedialog\" \/>\n<meta name=\"twitter:card\" content=\"summary_large_image\" \/>\n<meta name=\"twitter:label1\" content=\"Verfasst von\" \/>\n\t<meta name=\"twitter:data1\" content=\"Europ\u00e4ischer Menschenrechtedialog\" \/>\n\t<meta name=\"twitter:label2\" content=\"Gesch\u00e4tzte Lesezeit\" \/>\n\t<meta name=\"twitter:data2\" content=\"5\u00a0Minuten\" \/>\n<script type=\"application\/ld+json\" class=\"yoast-schema-graph\">{\"@context\":\"https:\/\/schema.org\",\"@graph\":[{\"@type\":\"WebSite\",\"@id\":\"https:\/\/www.human-rights-year.com\/#website\",\"url\":\"https:\/\/www.human-rights-year.com\/\",\"name\":\"\u0415\u0432\u0440\u043e\u043f\u0435\u0439\u0441\u043a\u0438\u0439 \u043f\u0440\u0430\u0432\u043e\u0437\u0430\u0449\u0438\u0442\u043d\u044b\u0439 \u0434\u0438\u0430\u043b\u043e\u0433\",\"description\":\" \",\"potentialAction\":[{\"@type\":\"SearchAction\",\"target\":{\"@type\":\"EntryPoint\",\"urlTemplate\":\"https:\/\/www.human-rights-year.com\/?s={search_term_string}\"},\"query-input\":\"required name=search_term_string\"}],\"inLanguage\":\"de\"},{\"@type\":\"WebPage\",\"@id\":\"https:\/\/www.human-rights-year.com\/de\/2020\/08\/25\/memorial-says-kaluga-resident-ivan-lyubshin-convicted-of-justifying-terrorism-for-a-comment-on-social-media-is-a-political-prisoner\/\",\"url\":\"https:\/\/www.human-rights-year.com\/de\/2020\/08\/25\/memorial-says-kaluga-resident-ivan-lyubshin-convicted-of-justifying-terrorism-for-a-comment-on-social-media-is-a-political-prisoner\/\",\"name\":\"Memorial says Kaluga resident, Ivan Lyubshin, convicted of justifying terrorism for a comment on social media, is a political prisoner - Europ\u00e4ischer Menschenrechtsdialog\",\"isPartOf\":{\"@id\":\"https:\/\/www.human-rights-year.com\/#website\"},\"datePublished\":\"2020-08-25T18:10:47+00:00\",\"dateModified\":\"2020-09-16T18:11:55+00:00\",\"author\":{\"@id\":\"https:\/\/www.human-rights-year.com\/#\/schema\/person\/c61a685c41e5101f9ea8f886f7ff8867\"},\"breadcrumb\":{\"@id\":\"https:\/\/www.human-rights-year.com\/de\/2020\/08\/25\/memorial-says-kaluga-resident-ivan-lyubshin-convicted-of-justifying-terrorism-for-a-comment-on-social-media-is-a-political-prisoner\/#breadcrumb\"},\"inLanguage\":\"de\",\"potentialAction\":[{\"@type\":\"ReadAction\",\"target\":[\"https:\/\/www.human-rights-year.com\/de\/2020\/08\/25\/memorial-says-kaluga-resident-ivan-lyubshin-convicted-of-justifying-terrorism-for-a-comment-on-social-media-is-a-political-prisoner\/\"]}]},{\"@type\":\"BreadcrumbList\",\"@id\":\"https:\/\/www.human-rights-year.com\/de\/2020\/08\/25\/memorial-says-kaluga-resident-ivan-lyubshin-convicted-of-justifying-terrorism-for-a-comment-on-social-media-is-a-political-prisoner\/#breadcrumb\",\"itemListElement\":[{\"@type\":\"ListItem\",\"position\":1,\"name\":\"\u0413\u043b\u0430\u0432\u043d\u0430\u044f \u0441\u0442\u0440\u0430\u043d\u0438\u0446\u0430\",\"item\":\"https:\/\/www.human-rights-year.com\/de\/\"},{\"@type\":\"ListItem\",\"position\":2,\"name\":\"Memorial says Kaluga resident, Ivan Lyubshin, convicted of justifying terrorism for a comment on social media, is a political prisoner\"}]},{\"@type\":\"Person\",\"@id\":\"https:\/\/www.human-rights-year.com\/#\/schema\/person\/c61a685c41e5101f9ea8f886f7ff8867\",\"name\":\"Europ\u00e4ischer Menschenrechtedialog\",\"image\":{\"@type\":\"ImageObject\",\"inLanguage\":\"de\",\"@id\":\"https:\/\/www.human-rights-year.com\/#\/schema\/person\/image\/\",\"url\":\"https:\/\/secure.gravatar.com\/avatar\/b8079c67933c0da74d24da6410334e70?s=96&d=mm&r=g\",\"contentUrl\":\"https:\/\/secure.gravatar.com\/avatar\/b8079c67933c0da74d24da6410334e70?s=96&d=mm&r=g\",\"caption\":\"Europ\u00e4ischer Menschenrechtedialog\"},\"description\":\"\u041f\u0440\u043e\u0435\u043a\u0442\u00a0\u00ab\u0415\u0432\u0440\u043e\u043f\u0435\u0439\u0441\u043a\u0438\u0439 \u043f\u0440\u0430\u0432\u043e\u0437\u0430\u0449\u0438\u0442\u043d\u044b\u0439 \u0434\u0438\u0430\u043b\u043e\u0433\u00bb \u0440\u0435\u0430\u043b\u0438\u0437\u0443\u0435\u0442\u0441\u044f \u043f\u0440\u0438\u00a0\u043f\u043e\u0434\u0434\u0435\u0440\u0436\u043a\u0435 \u0433\u0435\u0440\u043c\u0430\u043d\u0441\u043a\u043e\u0433\u043e \u041c\u0418\u0414\u0430. \u0421\u0438\u0442\u0443\u0430\u0446\u0438\u044f \u0441 \u043f\u043e\u043b\u0438\u0442\u0437\u0430\u043a\u043b\u044e\u0447\u0435\u043d\u043d\u044b\u043c\u0438 \u0438 \u0434\u0440\u0443\u0433\u0438\u0435 \u043f\u0440\u0430\u0432\u043e\u0437\u0430\u0449\u0438\u0442\u043d\u044b\u0435 \u043f\u0440\u043e\u0431\u043b\u0435\u043c\u044b \u0432 \u0420\u043e\u0441\u0441\u0438\u0438 \u0438 \u0411\u0435\u043b\u0430\u0440\u0443\u0441\u0438 \u0441\u0442\u0430\u043d\u043e\u0432\u044f\u0442\u0441\u044f \u0433\u043e\u0434 \u043e\u0442 \u0433\u043e\u0434\u0430 \u0432\u0441\u0435 \u043e\u0441\u0442\u0440\u0435\u0435. \u041c\u044b \u043e\u0436\u0438\u0432\u043b\u044f\u0435\u043c \u0434\u0438\u0430\u043b\u043e\u0433 \u043c\u0435\u0436\u0434\u0443 \u0440\u043e\u0441\u0441\u0438\u0439\u0441\u043a\u0438\u043c, \u0431\u0435\u043b\u0430\u0440\u0443\u0441\u0441\u043a\u0438\u043c, \u043f\u043e\u043b\u044c\u0441\u043a\u0438\u043c \u0438 \u043d\u0435\u043c\u0435\u0446\u043a\u0438\u043c \u043f\u0440\u0430\u0432\u043e\u0437\u0430\u0449\u0438\u0442\u043d\u044b\u043c \u0441\u043e\u043e\u0431\u0449\u0435\u0441\u0442\u0432\u043e\u043c \u0438 \u043d\u0430\u043b\u0430\u0436\u0438\u0432\u0430\u0435\u043c \u0438\u0445 \u043a\u043e\u043d\u0441\u0442\u0440\u0443\u043a\u0442\u0438\u0432\u043d\u043e\u0435 \u0432\u0437\u0430\u0438\u043c\u043e\u0434\u0435\u0439\u0441\u0442\u0432\u0438\u0435, \u0432\u0437\u0430\u0438\u043c\u043d\u043e\u0435 \u0438\u043d\u0444\u043e\u0440\u043c\u0438\u0440\u043e\u0432\u0430\u043d\u0438\u0435 \u0438 \u043f\u043e\u0434\u0434\u0435\u0440\u0436\u043a\u0443. \u041c\u044b \u0438\u043d\u0444\u043e\u0440\u043c\u0438\u0440\u0443\u0435\u043c \u043d\u0435\u043c\u0435\u0446\u043a\u0443\u044e \u043e\u0431\u0449\u0435\u0441\u0442\u0432\u0435\u043d\u043d\u043e\u0441\u0442\u044c \u043e \u0441\u0438\u0442\u0443\u0430\u0446\u0438\u0438 \u0441 \u0437\u0430\u0449\u0438\u0442\u043e\u0439 \u043f\u0440\u0430\u0432 \u0447\u0435\u043b\u043e\u0432\u0435\u043a\u0430 \u0432 \u0420\u043e\u0441\u0441\u0438\u0438 \u0438 \u0411\u0435\u043b\u0430\u0440\u0443\u0441\u0438, \u0430 \u0440\u043e\u0441\u0441\u0438\u0439\u0441\u043a\u0443\u044e \u0438 \u0431\u0435\u043b\u0430\u0440\u0443\u0441\u0441\u043a\u0443\u044e \u2014 \u043e \u043f\u043e\u043b\u043e\u0436\u0435\u043d\u0438\u0438 \u0432 \u044d\u0442\u043e\u0439 \u043e\u0431\u043b\u0430\u0441\u0442\u0438 \u0432 \u0413\u0435\u0440\u043c\u0430\u043d\u0438\u0438; \u0441\u043e\u0437\u0434\u0430\u0435\u043c \u043c\u0435\u0445\u0430\u043d\u0438\u0437\u043c \u043f\u043e\u0434\u0434\u0435\u0440\u0436\u043a\u0438 \u0440\u043e\u0441\u0441\u0438\u0439\u0441\u043a\u0438\u0445 \u0438 \u0431\u0435\u043b\u0430\u0440\u0443\u0441\u0441\u043a\u0438\u0445 \u043f\u0440\u0430\u0432\u043e\u0437\u0430\u0449\u0438\u0442\u043d\u0438\u043a\u043e\u0432, \u0436\u0435\u0440\u0442\u0432 \u043f\u043e\u043b\u0438\u0442\u0438\u0447\u0435\u0441\u043a\u0438\u0445 \u0440\u0435\u043f\u0440\u0435\u0441\u0441\u0438\u0439 \u0438 \u043f\u043e\u043b\u0438\u0442\u0437\u0430\u043a\u043b\u044e\u0447\u0435\u043d\u043d\u044b\u0445. \u0411\u0443\u0434\u0435\u043c \u0440\u0430\u0434\u044b \u0432\u0430\u0448\u0435\u043c\u0443 \u0443\u0447\u0430\u0441\u0442\u0438\u044e \u0432 \u0435\u0432\u0440\u043e\u043f\u0435\u0439\u0441\u043a\u043e\u043c \u043f\u0440\u0430\u0432\u043e\u0437\u0430\u0449\u0438\u0442\u043d\u043e\u043c \u0434\u0438\u0430\u043b\u043e\u0433\u0435 \u043d\u0430 \u043d\u0430\u0448\u0435\u043c \u0441\u0430\u0439\u0442\u0435 \u0438 \u0430\u043a\u043a\u0430\u0443\u043d\u0442\u0430\u0445 \u0432 \u0441\u043e\u0446\u0438\u0430\u043b\u044c\u043d\u044b\u0445 \u0441\u0435\u0442\u044f\u0445, \u0430 \u0442\u0430\u043a\u0436\u0435 \u043f\u0440\u0438\u0433\u043b\u0430\u0448\u0430\u0435\u043c \u0432\u0430\u0441 \u043f\u043e\u0434\u043f\u0438\u0441\u0430\u0442\u044c\u0441\u044f \u043d\u0430 \u0440\u0430\u0441\u0441\u044b\u043b\u043a\u0443 \u043e \u043f\u0440\u0430\u0432\u043e\u0437\u0430\u0449\u0438\u0442\u043d\u044b\u0445 \u043f\u0440\u043e\u0431\u043b\u0435\u043c\u0430\u0445\u00a0\u043f\u043e \u0441\u0441\u044b\u043b\u043a\u0435 (\u043d\u0430 \u043d\u0435\u043c\u0435\u0446\u043a\u043e\u043c \u044f\u0437\u044b\u043a\u0435).\u00a0\",\"url\":\"https:\/\/www.human-rights-year.com\/de\/author\/anna-andrievskaja\/\"}]}<\/script>\n<!-- \/ Yoast SEO plugin. -->","yoast_head_json":{"title":"Memorial says Kaluga resident, Ivan Lyubshin, convicted of justifying terrorism for a comment on social media, is a political prisoner - Europ\u00e4ischer Menschenrechtsdialog","robots":{"index":"index","follow":"follow","max-snippet":"max-snippet:-1","max-image-preview":"max-image-preview:large","max-video-preview":"max-video-preview:-1"},"canonical":"https:\/\/www.human-rights-year.com\/de\/2020\/08\/25\/memorial-says-kaluga-resident-ivan-lyubshin-convicted-of-justifying-terrorism-for-a-comment-on-social-media-is-a-political-prisoner\/","og_locale":"de_DE","og_type":"article","og_title":"Memorial says Kaluga resident, Ivan Lyubshin, convicted of justifying terrorism for a comment on social media, is a political prisoner - Europ\u00e4ischer Menschenrechtsdialog","og_description":"Memorial Human Rights Centre considers Kaluga resident Ivan Lyubshin a\u00a0political prisoner and believes the charges against him should be\u00a0dropped, Lyubshin himself immediately released, and his","og_url":"https:\/\/www.human-rights-year.com\/de\/2020\/08\/25\/memorial-says-kaluga-resident-ivan-lyubshin-convicted-of-justifying-terrorism-for-a-comment-on-social-media-is-a-political-prisoner\/","og_site_name":"Europ\u00e4ischer Menschenrechtsdialog","article_published_time":"2020-08-25T18:10:47+00:00","article_modified_time":"2020-09-16T18:11:55+00:00","og_image":[{"width":810,"height":450,"url":"https:\/\/www.human-rights-year.com\/wp-content\/uploads\/2020\/09\/unnamed-11.png","type":"image\/png"}],"author":"Europ\u00e4ischer Menschenrechtedialog","twitter_card":"summary_large_image","twitter_misc":{"Verfasst von":"Europ\u00e4ischer Menschenrechtedialog","Gesch\u00e4tzte Lesezeit":"5\u00a0Minuten"},"schema":{"@context":"https:\/\/schema.org","@graph":[{"@type":"WebSite","@id":"https:\/\/www.human-rights-year.com\/#website","url":"https:\/\/www.human-rights-year.com\/","name":"\u0415\u0432\u0440\u043e\u043f\u0435\u0439\u0441\u043a\u0438\u0439 \u043f\u0440\u0430\u0432\u043e\u0437\u0430\u0449\u0438\u0442\u043d\u044b\u0439 \u0434\u0438\u0430\u043b\u043e\u0433","description":" ","potentialAction":[{"@type":"SearchAction","target":{"@type":"EntryPoint","urlTemplate":"https:\/\/www.human-rights-year.com\/?s={search_term_string}"},"query-input":"required name=search_term_string"}],"inLanguage":"de"},{"@type":"WebPage","@id":"https:\/\/www.human-rights-year.com\/de\/2020\/08\/25\/memorial-says-kaluga-resident-ivan-lyubshin-convicted-of-justifying-terrorism-for-a-comment-on-social-media-is-a-political-prisoner\/","url":"https:\/\/www.human-rights-year.com\/de\/2020\/08\/25\/memorial-says-kaluga-resident-ivan-lyubshin-convicted-of-justifying-terrorism-for-a-comment-on-social-media-is-a-political-prisoner\/","name":"Memorial says Kaluga resident, Ivan Lyubshin, convicted of justifying terrorism for a comment on social media, is a political prisoner - Europ\u00e4ischer Menschenrechtsdialog","isPartOf":{"@id":"https:\/\/www.human-rights-year.com\/#website"},"datePublished":"2020-08-25T18:10:47+00:00","dateModified":"2020-09-16T18:11:55+00:00","author":{"@id":"https:\/\/www.human-rights-year.com\/#\/schema\/person\/c61a685c41e5101f9ea8f886f7ff8867"},"breadcrumb":{"@id":"https:\/\/www.human-rights-year.com\/de\/2020\/08\/25\/memorial-says-kaluga-resident-ivan-lyubshin-convicted-of-justifying-terrorism-for-a-comment-on-social-media-is-a-political-prisoner\/#breadcrumb"},"inLanguage":"de","potentialAction":[{"@type":"ReadAction","target":["https:\/\/www.human-rights-year.com\/de\/2020\/08\/25\/memorial-says-kaluga-resident-ivan-lyubshin-convicted-of-justifying-terrorism-for-a-comment-on-social-media-is-a-political-prisoner\/"]}]},{"@type":"BreadcrumbList","@id":"https:\/\/www.human-rights-year.com\/de\/2020\/08\/25\/memorial-says-kaluga-resident-ivan-lyubshin-convicted-of-justifying-terrorism-for-a-comment-on-social-media-is-a-political-prisoner\/#breadcrumb","itemListElement":[{"@type":"ListItem","position":1,"name":"\u0413\u043b\u0430\u0432\u043d\u0430\u044f \u0441\u0442\u0440\u0430\u043d\u0438\u0446\u0430","item":"https:\/\/www.human-rights-year.com\/de\/"},{"@type":"ListItem","position":2,"name":"Memorial says Kaluga resident, Ivan Lyubshin, convicted of justifying terrorism for a comment on social media, is a political prisoner"}]},{"@type":"Person","@id":"https:\/\/www.human-rights-year.com\/#\/schema\/person\/c61a685c41e5101f9ea8f886f7ff8867","name":"Europ\u00e4ischer Menschenrechtedialog","image":{"@type":"ImageObject","inLanguage":"de","@id":"https:\/\/www.human-rights-year.com\/#\/schema\/person\/image\/","url":"https:\/\/secure.gravatar.com\/avatar\/b8079c67933c0da74d24da6410334e70?s=96&d=mm&r=g","contentUrl":"https:\/\/secure.gravatar.com\/avatar\/b8079c67933c0da74d24da6410334e70?s=96&d=mm&r=g","caption":"Europ\u00e4ischer Menschenrechtedialog"},"description":"\u041f\u0440\u043e\u0435\u043a\u0442\u00a0\u00ab\u0415\u0432\u0440\u043e\u043f\u0435\u0439\u0441\u043a\u0438\u0439 \u043f\u0440\u0430\u0432\u043e\u0437\u0430\u0449\u0438\u0442\u043d\u044b\u0439 \u0434\u0438\u0430\u043b\u043e\u0433\u00bb \u0440\u0435\u0430\u043b\u0438\u0437\u0443\u0435\u0442\u0441\u044f \u043f\u0440\u0438\u00a0\u043f\u043e\u0434\u0434\u0435\u0440\u0436\u043a\u0435 \u0433\u0435\u0440\u043c\u0430\u043d\u0441\u043a\u043e\u0433\u043e \u041c\u0418\u0414\u0430. \u0421\u0438\u0442\u0443\u0430\u0446\u0438\u044f \u0441 \u043f\u043e\u043b\u0438\u0442\u0437\u0430\u043a\u043b\u044e\u0447\u0435\u043d\u043d\u044b\u043c\u0438 \u0438 \u0434\u0440\u0443\u0433\u0438\u0435 \u043f\u0440\u0430\u0432\u043e\u0437\u0430\u0449\u0438\u0442\u043d\u044b\u0435 \u043f\u0440\u043e\u0431\u043b\u0435\u043c\u044b \u0432 \u0420\u043e\u0441\u0441\u0438\u0438 \u0438 \u0411\u0435\u043b\u0430\u0440\u0443\u0441\u0438 \u0441\u0442\u0430\u043d\u043e\u0432\u044f\u0442\u0441\u044f \u0433\u043e\u0434 \u043e\u0442 \u0433\u043e\u0434\u0430 \u0432\u0441\u0435 \u043e\u0441\u0442\u0440\u0435\u0435. \u041c\u044b \u043e\u0436\u0438\u0432\u043b\u044f\u0435\u043c \u0434\u0438\u0430\u043b\u043e\u0433 \u043c\u0435\u0436\u0434\u0443 \u0440\u043e\u0441\u0441\u0438\u0439\u0441\u043a\u0438\u043c, \u0431\u0435\u043b\u0430\u0440\u0443\u0441\u0441\u043a\u0438\u043c, \u043f\u043e\u043b\u044c\u0441\u043a\u0438\u043c \u0438 \u043d\u0435\u043c\u0435\u0446\u043a\u0438\u043c \u043f\u0440\u0430\u0432\u043e\u0437\u0430\u0449\u0438\u0442\u043d\u044b\u043c \u0441\u043e\u043e\u0431\u0449\u0435\u0441\u0442\u0432\u043e\u043c \u0438 \u043d\u0430\u043b\u0430\u0436\u0438\u0432\u0430\u0435\u043c \u0438\u0445 \u043a\u043e\u043d\u0441\u0442\u0440\u0443\u043a\u0442\u0438\u0432\u043d\u043e\u0435 \u0432\u0437\u0430\u0438\u043c\u043e\u0434\u0435\u0439\u0441\u0442\u0432\u0438\u0435, \u0432\u0437\u0430\u0438\u043c\u043d\u043e\u0435 \u0438\u043d\u0444\u043e\u0440\u043c\u0438\u0440\u043e\u0432\u0430\u043d\u0438\u0435 \u0438 \u043f\u043e\u0434\u0434\u0435\u0440\u0436\u043a\u0443. \u041c\u044b \u0438\u043d\u0444\u043e\u0440\u043c\u0438\u0440\u0443\u0435\u043c \u043d\u0435\u043c\u0435\u0446\u043a\u0443\u044e \u043e\u0431\u0449\u0435\u0441\u0442\u0432\u0435\u043d\u043d\u043e\u0441\u0442\u044c \u043e \u0441\u0438\u0442\u0443\u0430\u0446\u0438\u0438 \u0441 \u0437\u0430\u0449\u0438\u0442\u043e\u0439 \u043f\u0440\u0430\u0432 \u0447\u0435\u043b\u043e\u0432\u0435\u043a\u0430 \u0432 \u0420\u043e\u0441\u0441\u0438\u0438 \u0438 \u0411\u0435\u043b\u0430\u0440\u0443\u0441\u0438, \u0430 \u0440\u043e\u0441\u0441\u0438\u0439\u0441\u043a\u0443\u044e \u0438 \u0431\u0435\u043b\u0430\u0440\u0443\u0441\u0441\u043a\u0443\u044e \u2014 \u043e \u043f\u043e\u043b\u043e\u0436\u0435\u043d\u0438\u0438 \u0432 \u044d\u0442\u043e\u0439 \u043e\u0431\u043b\u0430\u0441\u0442\u0438 \u0432 \u0413\u0435\u0440\u043c\u0430\u043d\u0438\u0438; \u0441\u043e\u0437\u0434\u0430\u0435\u043c \u043c\u0435\u0445\u0430\u043d\u0438\u0437\u043c \u043f\u043e\u0434\u0434\u0435\u0440\u0436\u043a\u0438 \u0440\u043e\u0441\u0441\u0438\u0439\u0441\u043a\u0438\u0445 \u0438 \u0431\u0435\u043b\u0430\u0440\u0443\u0441\u0441\u043a\u0438\u0445 \u043f\u0440\u0430\u0432\u043e\u0437\u0430\u0449\u0438\u0442\u043d\u0438\u043a\u043e\u0432, \u0436\u0435\u0440\u0442\u0432 \u043f\u043e\u043b\u0438\u0442\u0438\u0447\u0435\u0441\u043a\u0438\u0445 \u0440\u0435\u043f\u0440\u0435\u0441\u0441\u0438\u0439 \u0438 \u043f\u043e\u043b\u0438\u0442\u0437\u0430\u043a\u043b\u044e\u0447\u0435\u043d\u043d\u044b\u0445. \u0411\u0443\u0434\u0435\u043c \u0440\u0430\u0434\u044b \u0432\u0430\u0448\u0435\u043c\u0443 \u0443\u0447\u0430\u0441\u0442\u0438\u044e \u0432 \u0435\u0432\u0440\u043e\u043f\u0435\u0439\u0441\u043a\u043e\u043c \u043f\u0440\u0430\u0432\u043e\u0437\u0430\u0449\u0438\u0442\u043d\u043e\u043c \u0434\u0438\u0430\u043b\u043e\u0433\u0435 \u043d\u0430 \u043d\u0430\u0448\u0435\u043c \u0441\u0430\u0439\u0442\u0435 \u0438 \u0430\u043a\u043a\u0430\u0443\u043d\u0442\u0430\u0445 \u0432 \u0441\u043e\u0446\u0438\u0430\u043b\u044c\u043d\u044b\u0445 \u0441\u0435\u0442\u044f\u0445, \u0430 \u0442\u0430\u043a\u0436\u0435 \u043f\u0440\u0438\u0433\u043b\u0430\u0448\u0430\u0435\u043c \u0432\u0430\u0441 \u043f\u043e\u0434\u043f\u0438\u0441\u0430\u0442\u044c\u0441\u044f \u043d\u0430 \u0440\u0430\u0441\u0441\u044b\u043b\u043a\u0443 \u043e \u043f\u0440\u0430\u0432\u043e\u0437\u0430\u0449\u0438\u0442\u043d\u044b\u0445 \u043f\u0440\u043e\u0431\u043b\u0435\u043c\u0430\u0445\u00a0\u043f\u043e \u0441\u0441\u044b\u043b\u043a\u0435 (\u043d\u0430 \u043d\u0435\u043c\u0435\u0446\u043a\u043e\u043c \u044f\u0437\u044b\u043a\u0435).\u00a0","url":"https:\/\/www.human-rights-year.com\/de\/author\/anna-andrievskaja\/"}]}},"_links":{"self":[{"href":"https:\/\/www.human-rights-year.com\/de\/wp-json\/wp\/v2\/posts\/3630"}],"collection":[{"href":"https:\/\/www.human-rights-year.com\/de\/wp-json\/wp\/v2\/posts"}],"about":[{"href":"https:\/\/www.human-rights-year.com\/de\/wp-json\/wp\/v2\/types\/post"}],"author":[{"embeddable":true,"href":"https:\/\/www.human-rights-year.com\/de\/wp-json\/wp\/v2\/users\/33"}],"replies":[{"embeddable":true,"href":"https:\/\/www.human-rights-year.com\/de\/wp-json\/wp\/v2\/comments?post=3630"}],"version-history":[{"count":0,"href":"https:\/\/www.human-rights-year.com\/de\/wp-json\/wp\/v2\/posts\/3630\/revisions"}],"wp:featuredmedia":[{"embeddable":true,"href":"https:\/\/www.human-rights-year.com\/de\/wp-json\/wp\/v2\/media\/3631"}],"wp:attachment":[{"href":"https:\/\/www.human-rights-year.com\/de\/wp-json\/wp\/v2\/media?parent=3630"}],"wp:term":[{"taxonomy":"category","embeddable":true,"href":"https:\/\/www.human-rights-year.com\/de\/wp-json\/wp\/v2\/categories?post=3630"},{"taxonomy":"post_tag","embeddable":true,"href":"https:\/\/www.human-rights-year.com\/de\/wp-json\/wp\/v2\/tags?post=3630"}],"curies":[{"name":"wp","href":"https:\/\/api.w.org\/{rel}","templated":true}]}}