{"id":3605,"date":"2020-09-04T19:34:39","date_gmt":"2020-09-04T17:34:39","guid":{"rendered":"https:\/\/www.human-rights-year.com\/?p=3605"},"modified":"2020-09-16T20:03:43","modified_gmt":"2020-09-16T18:03:43","slug":"the-prosecution-of-yulia-galyamina-is-unlawful-and-politically-motivated-memorial-says","status":"publish","type":"post","link":"https:\/\/www.human-rights-year.com\/de\/2020\/09\/04\/the-prosecution-of-yulia-galyamina-is-unlawful-and-politically-motivated-memorial-says\/","title":{"rendered":"The prosecution of Yulia Galyamina is unlawful and politically motivated, Memorial says"},"content":{"rendered":"<div><em>Memorial Human Rights Centre considers Yulia Galyamina a victim of unlawful, politically-motivated prosecution. We demand an immediate end to her criminal prosecution and the dropping of all charges against her under the repressive \u2018Dadin\u2019 article \u2013 Article 212.1 of the Russian Criminal Code (repeated violation of the established procedure for organising or conducting an assembly, rally, demonstration, march or picket).<\/em><\/p>\n<p><strong>Who is Yulia Galyamina?<\/strong><\/p>\n<p>Yulia Galyamina has a PhD in philology and previously taught at Moscow State University and the Higher School of Economics. She is a local councillor for the Timiryazevsky district in Moscow and founder of the independent newspaper, Nash Sever. She has been a candidate in elections to the Moscow city assembly and the State Duma and is one of the leaders of Moscow&#8217;s democratic opposition.<\/p>\n<p>On 31 July 2020 the Investigative Committee said Galyamina was under investigation with respect to an offence under Article 212.1 of the Russian Criminal Code. The same day, Galyamina&#8217;s apartment and dacha were searched and she was brought in for questioning and charged. Travel restrictions were imposed on Galyamina as a pre-trial restrictive measure.<\/p>\n<p>Galyamina has been charged with urging people via her Facebook page to participate in protests over the refusal to allow opposition candidates to take part in the Moscow city assembly elections; with participating in three protests on the same issue in July 2019; and with urging people via social networks to go to Pushkin Square in Moscow on 15 July 2020 to collect signatures against the \u2018nullification\u2019 of Vladimir Putin\u2019s terms in office which would allow him to continue to stand for election as president after the end of his current term.<\/p>\n<p><strong>Why Memorial considers Galyamina\u2019s prosecution politically motivated<\/strong><\/p>\n<p>The very fact that criminal proceedings were initiated against Galyamina under the unlawful and\u00a0<a href=\"https:\/\/memohrc.us6.list-manage.com\/track\/click?u=0beb3097c1&amp;id=74d7cbe7a6&amp;e=339ca062ef\" target=\"_blank\" rel=\"noopener noreferrer\" data-saferedirecturl=\"https:\/\/www.google.com\/url?q=https:\/\/memohrc.us6.list-manage.com\/track\/click?u%3D0beb3097c1%26id%3D74d7cbe7a6%26e%3D339ca062ef&amp;source=gmail&amp;ust=1600362112055000&amp;usg=AFQjCNGq3GxDEnzMG2aEUnAzEDQHnImqjw\">unconstitutional<\/a>\u00a0Article 212.1 of the Russian Criminal Code allows us to say that her prosecution was unlawful and politically motivated. Article 212.1, as well as Part 8 of Article 20.2 of the Russian Code of Administrative Offences (repeated violation by a participant in a public event of the established procedure for holding a picket), contradicts fundamental principles of law and is aimed at restricting the right of assembly and forcing critics of those currently in power to end their public activities.<\/p>\n<p>Moreover, Galyamina\u2019s prosecution is being conducted using a highly controversial interpretation of the ruling of the Russian Constitutional Court on the case of Ildar Dadin: a new offence, the commission of which may entail individual criminal liability, may be committed within the course of a year, rather than 180 days, after rulings convicting a person of an administrative offence have entered into force.<\/p>\n<p>Article 212.1 of the Russian Criminal Code has been strongly criticised by\u00a0<a href=\"https:\/\/memohrc.us6.list-manage.com\/track\/click?u=0beb3097c1&amp;id=d717fadc9b&amp;e=339ca062ef\" target=\"_blank\" rel=\"noopener noreferrer\" data-saferedirecturl=\"https:\/\/www.google.com\/url?q=https:\/\/memohrc.us6.list-manage.com\/track\/click?u%3D0beb3097c1%26id%3Dd717fadc9b%26e%3D339ca062ef&amp;source=gmail&amp;ust=1600362112055000&amp;usg=AFQjCNFDl4aPpH9_k1XXf9ExN_eRA9bEBA\">Memorial Human Rights Centre<\/a>,\u00a0<a href=\"https:\/\/memohrc.us6.list-manage.com\/track\/click?u=0beb3097c1&amp;id=d7dda995d4&amp;e=339ca062ef\" target=\"_blank\" rel=\"noopener noreferrer\" data-saferedirecturl=\"https:\/\/www.google.com\/url?q=https:\/\/memohrc.us6.list-manage.com\/track\/click?u%3D0beb3097c1%26id%3Dd7dda995d4%26e%3D339ca062ef&amp;source=gmail&amp;ust=1600362112056000&amp;usg=AFQjCNGDqBQEvAG7EnhcSqw57VyiCaPS2Q\">Amnesty International<\/a>, the\u00a0<a href=\"https:\/\/memohrc.us6.list-manage.com\/track\/click?u=0beb3097c1&amp;id=810f3733c9&amp;e=339ca062ef\" target=\"_blank\" rel=\"noopener noreferrer\" data-saferedirecturl=\"https:\/\/www.google.com\/url?q=https:\/\/memohrc.us6.list-manage.com\/track\/click?u%3D0beb3097c1%26id%3D810f3733c9%26e%3D339ca062ef&amp;source=gmail&amp;ust=1600362112056000&amp;usg=AFQjCNEUNWTiW5N_E0F_lRt_FbzYb0mxJQ\">head of the Presidential Human Rights Council<\/a>\u00a0and the\u00a0<a href=\"https:\/\/memohrc.us6.list-manage.com\/track\/click?u=0beb3097c1&amp;id=1ac6488e5a&amp;e=339ca062ef\" target=\"_blank\" rel=\"noopener noreferrer\" data-saferedirecturl=\"https:\/\/www.google.com\/url?q=https:\/\/memohrc.us6.list-manage.com\/track\/click?u%3D0beb3097c1%26id%3D1ac6488e5a%26e%3D339ca062ef&amp;source=gmail&amp;ust=1600362112056000&amp;usg=AFQjCNGuyuyZkMux0gWDkJtRqnui_daJFQ\">Federal Human Rights Ombudsman<\/a>.<\/p>\n<p>The political motive for Galyamina\u2019s prosecution can be traced back to the investigators\u2019 interpretation of the actions of which she has been accused &#8211; the organisation of, and participation in, public protests against the current authorities. These accusations fit into the broader context of Galyamina&#8217;s activities: after she was denied registration as a candidate in the Moscow city assembly elections last year, Galyamina became a leader of the protest movement in Moscow. This resulted in her being repeatedly penalised for violations of administrative law, her home was searched and she was summoned as a witness in various criminal cases.<\/p>\n<p>There is every reason to believe that the initiation of criminal proceedings against Galyamina is part of an\u00a0<a href=\"https:\/\/memohrc.us6.list-manage.com\/track\/click?u=0beb3097c1&amp;id=399750ec57&amp;e=339ca062ef\" target=\"_blank\" rel=\"noopener noreferrer\" data-saferedirecturl=\"https:\/\/www.google.com\/url?q=https:\/\/memohrc.us6.list-manage.com\/track\/click?u%3D0beb3097c1%26id%3D399750ec57%26e%3D339ca062ef&amp;source=gmail&amp;ust=1600362112056000&amp;usg=AFQjCNEuv17Ee5558nZZhbnlSoeTGvmNEg\">on-going campaign<\/a>\u00a0to intimidate potential opposition candidates before the State Duma elections of 2021.<\/p>\n<p>Further information about this case and the position taken by Memorial Human Rights Centre can be found on our\u00a0<a href=\"https:\/\/memohrc.us6.list-manage.com\/track\/click?u=0beb3097c1&amp;id=87049669fc&amp;e=339ca062ef\" target=\"_blank\" rel=\"noopener noreferrer\" data-saferedirecturl=\"https:\/\/www.google.com\/url?q=https:\/\/memohrc.us6.list-manage.com\/track\/click?u%3D0beb3097c1%26id%3D87049669fc%26e%3D339ca062ef&amp;source=gmail&amp;ust=1600362112056000&amp;usg=AFQjCNFpMbQWWu01AZhl_TMjugKoc26UIg\">website<\/a>.<\/p>\n<p><em>Recognition of an individual as a political prisoner or as a victim of politically motivated prosecution does not imply Memorial Human Rights Centre agrees with, or approves of, their views, statements, or actions.<\/em><\/div>\n<div>\n<div><\/div>\n<ul dir=\"ltr\">\n<li><strong>\u00a0How you can help<\/strong><\/li>\n<\/ul>\n<p dir=\"ltr\">Sign the online\u00a0<a href=\"https:\/\/memohrc.us6.list-manage.com\/track\/click?u=0beb3097c1&amp;id=1dfd866b6c&amp;e=339ca062ef\" target=\"_blank\" rel=\"noopener noreferrer\" data-saferedirecturl=\"https:\/\/www.google.com\/url?q=https:\/\/memohrc.us6.list-manage.com\/track\/click?u%3D0beb3097c1%26id%3D1dfd866b6c%26e%3D339ca062ef&amp;source=gmail&amp;ust=1600362112056000&amp;usg=AFQjCNGhWMZaPuqOUdIJB8glbjZiDWBU6Q\">petition for the repeal of Article 212.1 of the Russian Criminal Code<\/a>.<\/p>\n<p dir=\"ltr\">You can support all political prisoners by donating to the\u00a0<a href=\"https:\/\/memohrc.us6.list-manage.com\/track\/click?u=0beb3097c1&amp;id=bca01100c7&amp;e=339ca062ef\" target=\"_blank\" rel=\"noopener noreferrer\" data-saferedirecturl=\"https:\/\/www.google.com\/url?q=https:\/\/memohrc.us6.list-manage.com\/track\/click?u%3D0beb3097c1%26id%3Dbca01100c7%26e%3D339ca062ef&amp;source=gmail&amp;ust=1600362112056000&amp;usg=AFQjCNFylP1n4zyLkAqxIGjnll4ttqdTZg\">Fund to Support Political Prisoners<\/a>\u00a0of the Union of Solidarity with Political Prisoners via PayPal, using the e-wallet at\u00a0<a href=\"mailto:helppoliticalprisoners@gmail.com\" target=\"_blank\" rel=\"noopener noreferrer\">helppoliticalprisoners@gmail.<wbr \/>com<\/a><\/p>\n<div><\/div>\n<\/div>\n<div><a href=\"https:\/\/memohrc.us6.list-manage.com\/track\/click?u=0beb3097c1&amp;id=cfc187163b&amp;e=339ca062ef\" target=\"_blank\" rel=\"noopener noreferrer\" data-saferedirecturl=\"https:\/\/www.google.com\/url?q=https:\/\/memohrc.us6.list-manage.com\/track\/click?u%3D0beb3097c1%26id%3Dcfc187163b%26e%3D339ca062ef&amp;source=gmail&amp;ust=1600362112056000&amp;usg=AFQjCNFC6TpaXCoJZ7J_Kbjz-XzRt5dt-g\">Read this statement on\u00a0Memorial\u2019s web-site<\/a><\/div>\n","protected":false},"excerpt":{"rendered":"<p>Memorial Human Rights Centre considers Yulia Galyamina a victim of unlawful, politically-motivated prosecution. We demand an immediate end to her criminal prosecution and the dropping<\/p>\n","protected":false},"author":33,"featured_media":3619,"comment_status":"closed","ping_status":"open","sticky":false,"template":"","format":"standard","meta":[],"categories":[20,12],"tags":[],"yoast_head":"<!-- This site is optimized with the Yoast SEO plugin v19.4 - https:\/\/yoast.com\/wordpress\/plugins\/seo\/ -->\n<title>The prosecution of Yulia Galyamina is unlawful and politically motivated, Memorial says - Europ\u00e4ischer Menschenrechtsdialog<\/title>\n<meta name=\"robots\" content=\"index, follow, max-snippet:-1, max-image-preview:large, max-video-preview:-1\" \/>\n<link rel=\"canonical\" href=\"https:\/\/www.human-rights-year.com\/de\/2020\/09\/04\/the-prosecution-of-yulia-galyamina-is-unlawful-and-politically-motivated-memorial-says\/\" \/>\n<meta property=\"og:locale\" content=\"de_DE\" \/>\n<meta property=\"og:type\" content=\"article\" \/>\n<meta property=\"og:title\" content=\"The prosecution of Yulia Galyamina is unlawful and politically motivated, Memorial says - Europ\u00e4ischer Menschenrechtsdialog\" \/>\n<meta property=\"og:description\" content=\"Memorial Human Rights Centre considers Yulia Galyamina a victim of unlawful, politically-motivated prosecution. We demand an immediate end to her criminal prosecution and the dropping\" \/>\n<meta property=\"og:url\" content=\"https:\/\/www.human-rights-year.com\/de\/2020\/09\/04\/the-prosecution-of-yulia-galyamina-is-unlawful-and-politically-motivated-memorial-says\/\" \/>\n<meta property=\"og:site_name\" content=\"Europ\u00e4ischer Menschenrechtsdialog\" \/>\n<meta property=\"article:published_time\" content=\"2020-09-04T17:34:39+00:00\" \/>\n<meta property=\"article:modified_time\" content=\"2020-09-16T18:03:43+00:00\" \/>\n<meta property=\"og:image\" content=\"https:\/\/www.human-rights-year.com\/wp-content\/uploads\/2020\/09\/unnamed-7.png\" \/>\n\t<meta property=\"og:image:width\" content=\"810\" \/>\n\t<meta property=\"og:image:height\" content=\"450\" \/>\n\t<meta property=\"og:image:type\" content=\"image\/png\" \/>\n<meta name=\"author\" content=\"Europ\u00e4ischer Menschenrechtedialog\" \/>\n<meta name=\"twitter:card\" content=\"summary_large_image\" \/>\n<meta name=\"twitter:label1\" content=\"Verfasst von\" \/>\n\t<meta name=\"twitter:data1\" content=\"Europ\u00e4ischer Menschenrechtedialog\" \/>\n\t<meta name=\"twitter:label2\" content=\"Gesch\u00e4tzte Lesezeit\" \/>\n\t<meta name=\"twitter:data2\" content=\"4\u00a0Minuten\" \/>\n<script type=\"application\/ld+json\" class=\"yoast-schema-graph\">{\"@context\":\"https:\/\/schema.org\",\"@graph\":[{\"@type\":\"WebSite\",\"@id\":\"https:\/\/www.human-rights-year.com\/#website\",\"url\":\"https:\/\/www.human-rights-year.com\/\",\"name\":\"\u0415\u0432\u0440\u043e\u043f\u0435\u0439\u0441\u043a\u0438\u0439 \u043f\u0440\u0430\u0432\u043e\u0437\u0430\u0449\u0438\u0442\u043d\u044b\u0439 \u0434\u0438\u0430\u043b\u043e\u0433\",\"description\":\" \",\"potentialAction\":[{\"@type\":\"SearchAction\",\"target\":{\"@type\":\"EntryPoint\",\"urlTemplate\":\"https:\/\/www.human-rights-year.com\/?s={search_term_string}\"},\"query-input\":\"required name=search_term_string\"}],\"inLanguage\":\"de\"},{\"@type\":\"WebPage\",\"@id\":\"https:\/\/www.human-rights-year.com\/de\/2020\/09\/04\/the-prosecution-of-yulia-galyamina-is-unlawful-and-politically-motivated-memorial-says\/\",\"url\":\"https:\/\/www.human-rights-year.com\/de\/2020\/09\/04\/the-prosecution-of-yulia-galyamina-is-unlawful-and-politically-motivated-memorial-says\/\",\"name\":\"The prosecution of Yulia Galyamina is unlawful and politically motivated, Memorial says - Europ\u00e4ischer Menschenrechtsdialog\",\"isPartOf\":{\"@id\":\"https:\/\/www.human-rights-year.com\/#website\"},\"datePublished\":\"2020-09-04T17:34:39+00:00\",\"dateModified\":\"2020-09-16T18:03:43+00:00\",\"author\":{\"@id\":\"https:\/\/www.human-rights-year.com\/#\/schema\/person\/c61a685c41e5101f9ea8f886f7ff8867\"},\"breadcrumb\":{\"@id\":\"https:\/\/www.human-rights-year.com\/de\/2020\/09\/04\/the-prosecution-of-yulia-galyamina-is-unlawful-and-politically-motivated-memorial-says\/#breadcrumb\"},\"inLanguage\":\"de\",\"potentialAction\":[{\"@type\":\"ReadAction\",\"target\":[\"https:\/\/www.human-rights-year.com\/de\/2020\/09\/04\/the-prosecution-of-yulia-galyamina-is-unlawful-and-politically-motivated-memorial-says\/\"]}]},{\"@type\":\"BreadcrumbList\",\"@id\":\"https:\/\/www.human-rights-year.com\/de\/2020\/09\/04\/the-prosecution-of-yulia-galyamina-is-unlawful-and-politically-motivated-memorial-says\/#breadcrumb\",\"itemListElement\":[{\"@type\":\"ListItem\",\"position\":1,\"name\":\"\u0413\u043b\u0430\u0432\u043d\u0430\u044f \u0441\u0442\u0440\u0430\u043d\u0438\u0446\u0430\",\"item\":\"https:\/\/www.human-rights-year.com\/de\/\"},{\"@type\":\"ListItem\",\"position\":2,\"name\":\"The prosecution of Yulia Galyamina is unlawful and politically motivated, Memorial says\"}]},{\"@type\":\"Person\",\"@id\":\"https:\/\/www.human-rights-year.com\/#\/schema\/person\/c61a685c41e5101f9ea8f886f7ff8867\",\"name\":\"Europ\u00e4ischer Menschenrechtedialog\",\"image\":{\"@type\":\"ImageObject\",\"inLanguage\":\"de\",\"@id\":\"https:\/\/www.human-rights-year.com\/#\/schema\/person\/image\/\",\"url\":\"https:\/\/secure.gravatar.com\/avatar\/b8079c67933c0da74d24da6410334e70?s=96&d=mm&r=g\",\"contentUrl\":\"https:\/\/secure.gravatar.com\/avatar\/b8079c67933c0da74d24da6410334e70?s=96&d=mm&r=g\",\"caption\":\"Europ\u00e4ischer Menschenrechtedialog\"},\"description\":\"\u041f\u0440\u043e\u0435\u043a\u0442\u00a0\u00ab\u0415\u0432\u0440\u043e\u043f\u0435\u0439\u0441\u043a\u0438\u0439 \u043f\u0440\u0430\u0432\u043e\u0437\u0430\u0449\u0438\u0442\u043d\u044b\u0439 \u0434\u0438\u0430\u043b\u043e\u0433\u00bb \u0440\u0435\u0430\u043b\u0438\u0437\u0443\u0435\u0442\u0441\u044f \u043f\u0440\u0438\u00a0\u043f\u043e\u0434\u0434\u0435\u0440\u0436\u043a\u0435 \u0433\u0435\u0440\u043c\u0430\u043d\u0441\u043a\u043e\u0433\u043e \u041c\u0418\u0414\u0430. \u0421\u0438\u0442\u0443\u0430\u0446\u0438\u044f \u0441 \u043f\u043e\u043b\u0438\u0442\u0437\u0430\u043a\u043b\u044e\u0447\u0435\u043d\u043d\u044b\u043c\u0438 \u0438 \u0434\u0440\u0443\u0433\u0438\u0435 \u043f\u0440\u0430\u0432\u043e\u0437\u0430\u0449\u0438\u0442\u043d\u044b\u0435 \u043f\u0440\u043e\u0431\u043b\u0435\u043c\u044b \u0432 \u0420\u043e\u0441\u0441\u0438\u0438 \u0438 \u0411\u0435\u043b\u0430\u0440\u0443\u0441\u0438 \u0441\u0442\u0430\u043d\u043e\u0432\u044f\u0442\u0441\u044f \u0433\u043e\u0434 \u043e\u0442 \u0433\u043e\u0434\u0430 \u0432\u0441\u0435 \u043e\u0441\u0442\u0440\u0435\u0435. \u041c\u044b \u043e\u0436\u0438\u0432\u043b\u044f\u0435\u043c \u0434\u0438\u0430\u043b\u043e\u0433 \u043c\u0435\u0436\u0434\u0443 \u0440\u043e\u0441\u0441\u0438\u0439\u0441\u043a\u0438\u043c, \u0431\u0435\u043b\u0430\u0440\u0443\u0441\u0441\u043a\u0438\u043c, \u043f\u043e\u043b\u044c\u0441\u043a\u0438\u043c \u0438 \u043d\u0435\u043c\u0435\u0446\u043a\u0438\u043c \u043f\u0440\u0430\u0432\u043e\u0437\u0430\u0449\u0438\u0442\u043d\u044b\u043c \u0441\u043e\u043e\u0431\u0449\u0435\u0441\u0442\u0432\u043e\u043c \u0438 \u043d\u0430\u043b\u0430\u0436\u0438\u0432\u0430\u0435\u043c \u0438\u0445 \u043a\u043e\u043d\u0441\u0442\u0440\u0443\u043a\u0442\u0438\u0432\u043d\u043e\u0435 \u0432\u0437\u0430\u0438\u043c\u043e\u0434\u0435\u0439\u0441\u0442\u0432\u0438\u0435, \u0432\u0437\u0430\u0438\u043c\u043d\u043e\u0435 \u0438\u043d\u0444\u043e\u0440\u043c\u0438\u0440\u043e\u0432\u0430\u043d\u0438\u0435 \u0438 \u043f\u043e\u0434\u0434\u0435\u0440\u0436\u043a\u0443. \u041c\u044b \u0438\u043d\u0444\u043e\u0440\u043c\u0438\u0440\u0443\u0435\u043c \u043d\u0435\u043c\u0435\u0446\u043a\u0443\u044e \u043e\u0431\u0449\u0435\u0441\u0442\u0432\u0435\u043d\u043d\u043e\u0441\u0442\u044c \u043e \u0441\u0438\u0442\u0443\u0430\u0446\u0438\u0438 \u0441 \u0437\u0430\u0449\u0438\u0442\u043e\u0439 \u043f\u0440\u0430\u0432 \u0447\u0435\u043b\u043e\u0432\u0435\u043a\u0430 \u0432 \u0420\u043e\u0441\u0441\u0438\u0438 \u0438 \u0411\u0435\u043b\u0430\u0440\u0443\u0441\u0438, \u0430 \u0440\u043e\u0441\u0441\u0438\u0439\u0441\u043a\u0443\u044e \u0438 \u0431\u0435\u043b\u0430\u0440\u0443\u0441\u0441\u043a\u0443\u044e \u2014 \u043e \u043f\u043e\u043b\u043e\u0436\u0435\u043d\u0438\u0438 \u0432 \u044d\u0442\u043e\u0439 \u043e\u0431\u043b\u0430\u0441\u0442\u0438 \u0432 \u0413\u0435\u0440\u043c\u0430\u043d\u0438\u0438; \u0441\u043e\u0437\u0434\u0430\u0435\u043c \u043c\u0435\u0445\u0430\u043d\u0438\u0437\u043c \u043f\u043e\u0434\u0434\u0435\u0440\u0436\u043a\u0438 \u0440\u043e\u0441\u0441\u0438\u0439\u0441\u043a\u0438\u0445 \u0438 \u0431\u0435\u043b\u0430\u0440\u0443\u0441\u0441\u043a\u0438\u0445 \u043f\u0440\u0430\u0432\u043e\u0437\u0430\u0449\u0438\u0442\u043d\u0438\u043a\u043e\u0432, \u0436\u0435\u0440\u0442\u0432 \u043f\u043e\u043b\u0438\u0442\u0438\u0447\u0435\u0441\u043a\u0438\u0445 \u0440\u0435\u043f\u0440\u0435\u0441\u0441\u0438\u0439 \u0438 \u043f\u043e\u043b\u0438\u0442\u0437\u0430\u043a\u043b\u044e\u0447\u0435\u043d\u043d\u044b\u0445. \u0411\u0443\u0434\u0435\u043c \u0440\u0430\u0434\u044b \u0432\u0430\u0448\u0435\u043c\u0443 \u0443\u0447\u0430\u0441\u0442\u0438\u044e \u0432 \u0435\u0432\u0440\u043e\u043f\u0435\u0439\u0441\u043a\u043e\u043c \u043f\u0440\u0430\u0432\u043e\u0437\u0430\u0449\u0438\u0442\u043d\u043e\u043c \u0434\u0438\u0430\u043b\u043e\u0433\u0435 \u043d\u0430 \u043d\u0430\u0448\u0435\u043c \u0441\u0430\u0439\u0442\u0435 \u0438 \u0430\u043a\u043a\u0430\u0443\u043d\u0442\u0430\u0445 \u0432 \u0441\u043e\u0446\u0438\u0430\u043b\u044c\u043d\u044b\u0445 \u0441\u0435\u0442\u044f\u0445, \u0430 \u0442\u0430\u043a\u0436\u0435 \u043f\u0440\u0438\u0433\u043b\u0430\u0448\u0430\u0435\u043c \u0432\u0430\u0441 \u043f\u043e\u0434\u043f\u0438\u0441\u0430\u0442\u044c\u0441\u044f \u043d\u0430 \u0440\u0430\u0441\u0441\u044b\u043b\u043a\u0443 \u043e \u043f\u0440\u0430\u0432\u043e\u0437\u0430\u0449\u0438\u0442\u043d\u044b\u0445 \u043f\u0440\u043e\u0431\u043b\u0435\u043c\u0430\u0445\u00a0\u043f\u043e \u0441\u0441\u044b\u043b\u043a\u0435 (\u043d\u0430 \u043d\u0435\u043c\u0435\u0446\u043a\u043e\u043c \u044f\u0437\u044b\u043a\u0435).\u00a0\",\"url\":\"https:\/\/www.human-rights-year.com\/de\/author\/anna-andrievskaja\/\"}]}<\/script>\n<!-- \/ Yoast SEO plugin. -->","yoast_head_json":{"title":"The prosecution of Yulia Galyamina is unlawful and politically motivated, Memorial says - Europ\u00e4ischer Menschenrechtsdialog","robots":{"index":"index","follow":"follow","max-snippet":"max-snippet:-1","max-image-preview":"max-image-preview:large","max-video-preview":"max-video-preview:-1"},"canonical":"https:\/\/www.human-rights-year.com\/de\/2020\/09\/04\/the-prosecution-of-yulia-galyamina-is-unlawful-and-politically-motivated-memorial-says\/","og_locale":"de_DE","og_type":"article","og_title":"The prosecution of Yulia Galyamina is unlawful and politically motivated, Memorial says - Europ\u00e4ischer Menschenrechtsdialog","og_description":"Memorial Human Rights Centre considers Yulia Galyamina a victim of unlawful, politically-motivated prosecution. We demand an immediate end to her criminal prosecution and the dropping","og_url":"https:\/\/www.human-rights-year.com\/de\/2020\/09\/04\/the-prosecution-of-yulia-galyamina-is-unlawful-and-politically-motivated-memorial-says\/","og_site_name":"Europ\u00e4ischer Menschenrechtsdialog","article_published_time":"2020-09-04T17:34:39+00:00","article_modified_time":"2020-09-16T18:03:43+00:00","og_image":[{"width":810,"height":450,"url":"https:\/\/www.human-rights-year.com\/wp-content\/uploads\/2020\/09\/unnamed-7.png","type":"image\/png"}],"author":"Europ\u00e4ischer Menschenrechtedialog","twitter_card":"summary_large_image","twitter_misc":{"Verfasst von":"Europ\u00e4ischer Menschenrechtedialog","Gesch\u00e4tzte Lesezeit":"4\u00a0Minuten"},"schema":{"@context":"https:\/\/schema.org","@graph":[{"@type":"WebSite","@id":"https:\/\/www.human-rights-year.com\/#website","url":"https:\/\/www.human-rights-year.com\/","name":"\u0415\u0432\u0440\u043e\u043f\u0435\u0439\u0441\u043a\u0438\u0439 \u043f\u0440\u0430\u0432\u043e\u0437\u0430\u0449\u0438\u0442\u043d\u044b\u0439 \u0434\u0438\u0430\u043b\u043e\u0433","description":" ","potentialAction":[{"@type":"SearchAction","target":{"@type":"EntryPoint","urlTemplate":"https:\/\/www.human-rights-year.com\/?s={search_term_string}"},"query-input":"required name=search_term_string"}],"inLanguage":"de"},{"@type":"WebPage","@id":"https:\/\/www.human-rights-year.com\/de\/2020\/09\/04\/the-prosecution-of-yulia-galyamina-is-unlawful-and-politically-motivated-memorial-says\/","url":"https:\/\/www.human-rights-year.com\/de\/2020\/09\/04\/the-prosecution-of-yulia-galyamina-is-unlawful-and-politically-motivated-memorial-says\/","name":"The prosecution of Yulia Galyamina is unlawful and politically motivated, Memorial says - Europ\u00e4ischer Menschenrechtsdialog","isPartOf":{"@id":"https:\/\/www.human-rights-year.com\/#website"},"datePublished":"2020-09-04T17:34:39+00:00","dateModified":"2020-09-16T18:03:43+00:00","author":{"@id":"https:\/\/www.human-rights-year.com\/#\/schema\/person\/c61a685c41e5101f9ea8f886f7ff8867"},"breadcrumb":{"@id":"https:\/\/www.human-rights-year.com\/de\/2020\/09\/04\/the-prosecution-of-yulia-galyamina-is-unlawful-and-politically-motivated-memorial-says\/#breadcrumb"},"inLanguage":"de","potentialAction":[{"@type":"ReadAction","target":["https:\/\/www.human-rights-year.com\/de\/2020\/09\/04\/the-prosecution-of-yulia-galyamina-is-unlawful-and-politically-motivated-memorial-says\/"]}]},{"@type":"BreadcrumbList","@id":"https:\/\/www.human-rights-year.com\/de\/2020\/09\/04\/the-prosecution-of-yulia-galyamina-is-unlawful-and-politically-motivated-memorial-says\/#breadcrumb","itemListElement":[{"@type":"ListItem","position":1,"name":"\u0413\u043b\u0430\u0432\u043d\u0430\u044f \u0441\u0442\u0440\u0430\u043d\u0438\u0446\u0430","item":"https:\/\/www.human-rights-year.com\/de\/"},{"@type":"ListItem","position":2,"name":"The prosecution of Yulia Galyamina is unlawful and politically motivated, Memorial says"}]},{"@type":"Person","@id":"https:\/\/www.human-rights-year.com\/#\/schema\/person\/c61a685c41e5101f9ea8f886f7ff8867","name":"Europ\u00e4ischer Menschenrechtedialog","image":{"@type":"ImageObject","inLanguage":"de","@id":"https:\/\/www.human-rights-year.com\/#\/schema\/person\/image\/","url":"https:\/\/secure.gravatar.com\/avatar\/b8079c67933c0da74d24da6410334e70?s=96&d=mm&r=g","contentUrl":"https:\/\/secure.gravatar.com\/avatar\/b8079c67933c0da74d24da6410334e70?s=96&d=mm&r=g","caption":"Europ\u00e4ischer Menschenrechtedialog"},"description":"\u041f\u0440\u043e\u0435\u043a\u0442\u00a0\u00ab\u0415\u0432\u0440\u043e\u043f\u0435\u0439\u0441\u043a\u0438\u0439 \u043f\u0440\u0430\u0432\u043e\u0437\u0430\u0449\u0438\u0442\u043d\u044b\u0439 \u0434\u0438\u0430\u043b\u043e\u0433\u00bb \u0440\u0435\u0430\u043b\u0438\u0437\u0443\u0435\u0442\u0441\u044f \u043f\u0440\u0438\u00a0\u043f\u043e\u0434\u0434\u0435\u0440\u0436\u043a\u0435 \u0433\u0435\u0440\u043c\u0430\u043d\u0441\u043a\u043e\u0433\u043e \u041c\u0418\u0414\u0430. \u0421\u0438\u0442\u0443\u0430\u0446\u0438\u044f \u0441 \u043f\u043e\u043b\u0438\u0442\u0437\u0430\u043a\u043b\u044e\u0447\u0435\u043d\u043d\u044b\u043c\u0438 \u0438 \u0434\u0440\u0443\u0433\u0438\u0435 \u043f\u0440\u0430\u0432\u043e\u0437\u0430\u0449\u0438\u0442\u043d\u044b\u0435 \u043f\u0440\u043e\u0431\u043b\u0435\u043c\u044b \u0432 \u0420\u043e\u0441\u0441\u0438\u0438 \u0438 \u0411\u0435\u043b\u0430\u0440\u0443\u0441\u0438 \u0441\u0442\u0430\u043d\u043e\u0432\u044f\u0442\u0441\u044f \u0433\u043e\u0434 \u043e\u0442 \u0433\u043e\u0434\u0430 \u0432\u0441\u0435 \u043e\u0441\u0442\u0440\u0435\u0435. \u041c\u044b \u043e\u0436\u0438\u0432\u043b\u044f\u0435\u043c \u0434\u0438\u0430\u043b\u043e\u0433 \u043c\u0435\u0436\u0434\u0443 \u0440\u043e\u0441\u0441\u0438\u0439\u0441\u043a\u0438\u043c, \u0431\u0435\u043b\u0430\u0440\u0443\u0441\u0441\u043a\u0438\u043c, \u043f\u043e\u043b\u044c\u0441\u043a\u0438\u043c \u0438 \u043d\u0435\u043c\u0435\u0446\u043a\u0438\u043c \u043f\u0440\u0430\u0432\u043e\u0437\u0430\u0449\u0438\u0442\u043d\u044b\u043c \u0441\u043e\u043e\u0431\u0449\u0435\u0441\u0442\u0432\u043e\u043c \u0438 \u043d\u0430\u043b\u0430\u0436\u0438\u0432\u0430\u0435\u043c \u0438\u0445 \u043a\u043e\u043d\u0441\u0442\u0440\u0443\u043a\u0442\u0438\u0432\u043d\u043e\u0435 \u0432\u0437\u0430\u0438\u043c\u043e\u0434\u0435\u0439\u0441\u0442\u0432\u0438\u0435, \u0432\u0437\u0430\u0438\u043c\u043d\u043e\u0435 \u0438\u043d\u0444\u043e\u0440\u043c\u0438\u0440\u043e\u0432\u0430\u043d\u0438\u0435 \u0438 \u043f\u043e\u0434\u0434\u0435\u0440\u0436\u043a\u0443. \u041c\u044b \u0438\u043d\u0444\u043e\u0440\u043c\u0438\u0440\u0443\u0435\u043c \u043d\u0435\u043c\u0435\u0446\u043a\u0443\u044e \u043e\u0431\u0449\u0435\u0441\u0442\u0432\u0435\u043d\u043d\u043e\u0441\u0442\u044c \u043e \u0441\u0438\u0442\u0443\u0430\u0446\u0438\u0438 \u0441 \u0437\u0430\u0449\u0438\u0442\u043e\u0439 \u043f\u0440\u0430\u0432 \u0447\u0435\u043b\u043e\u0432\u0435\u043a\u0430 \u0432 \u0420\u043e\u0441\u0441\u0438\u0438 \u0438 \u0411\u0435\u043b\u0430\u0440\u0443\u0441\u0438, \u0430 \u0440\u043e\u0441\u0441\u0438\u0439\u0441\u043a\u0443\u044e \u0438 \u0431\u0435\u043b\u0430\u0440\u0443\u0441\u0441\u043a\u0443\u044e \u2014 \u043e \u043f\u043e\u043b\u043e\u0436\u0435\u043d\u0438\u0438 \u0432 \u044d\u0442\u043e\u0439 \u043e\u0431\u043b\u0430\u0441\u0442\u0438 \u0432 \u0413\u0435\u0440\u043c\u0430\u043d\u0438\u0438; \u0441\u043e\u0437\u0434\u0430\u0435\u043c \u043c\u0435\u0445\u0430\u043d\u0438\u0437\u043c \u043f\u043e\u0434\u0434\u0435\u0440\u0436\u043a\u0438 \u0440\u043e\u0441\u0441\u0438\u0439\u0441\u043a\u0438\u0445 \u0438 \u0431\u0435\u043b\u0430\u0440\u0443\u0441\u0441\u043a\u0438\u0445 \u043f\u0440\u0430\u0432\u043e\u0437\u0430\u0449\u0438\u0442\u043d\u0438\u043a\u043e\u0432, \u0436\u0435\u0440\u0442\u0432 \u043f\u043e\u043b\u0438\u0442\u0438\u0447\u0435\u0441\u043a\u0438\u0445 \u0440\u0435\u043f\u0440\u0435\u0441\u0441\u0438\u0439 \u0438 \u043f\u043e\u043b\u0438\u0442\u0437\u0430\u043a\u043b\u044e\u0447\u0435\u043d\u043d\u044b\u0445. \u0411\u0443\u0434\u0435\u043c \u0440\u0430\u0434\u044b \u0432\u0430\u0448\u0435\u043c\u0443 \u0443\u0447\u0430\u0441\u0442\u0438\u044e \u0432 \u0435\u0432\u0440\u043e\u043f\u0435\u0439\u0441\u043a\u043e\u043c \u043f\u0440\u0430\u0432\u043e\u0437\u0430\u0449\u0438\u0442\u043d\u043e\u043c \u0434\u0438\u0430\u043b\u043e\u0433\u0435 \u043d\u0430 \u043d\u0430\u0448\u0435\u043c \u0441\u0430\u0439\u0442\u0435 \u0438 \u0430\u043a\u043a\u0430\u0443\u043d\u0442\u0430\u0445 \u0432 \u0441\u043e\u0446\u0438\u0430\u043b\u044c\u043d\u044b\u0445 \u0441\u0435\u0442\u044f\u0445, \u0430 \u0442\u0430\u043a\u0436\u0435 \u043f\u0440\u0438\u0433\u043b\u0430\u0448\u0430\u0435\u043c \u0432\u0430\u0441 \u043f\u043e\u0434\u043f\u0438\u0441\u0430\u0442\u044c\u0441\u044f \u043d\u0430 \u0440\u0430\u0441\u0441\u044b\u043b\u043a\u0443 \u043e \u043f\u0440\u0430\u0432\u043e\u0437\u0430\u0449\u0438\u0442\u043d\u044b\u0445 \u043f\u0440\u043e\u0431\u043b\u0435\u043c\u0430\u0445\u00a0\u043f\u043e \u0441\u0441\u044b\u043b\u043a\u0435 (\u043d\u0430 \u043d\u0435\u043c\u0435\u0446\u043a\u043e\u043c \u044f\u0437\u044b\u043a\u0435).\u00a0","url":"https:\/\/www.human-rights-year.com\/de\/author\/anna-andrievskaja\/"}]}},"_links":{"self":[{"href":"https:\/\/www.human-rights-year.com\/de\/wp-json\/wp\/v2\/posts\/3605"}],"collection":[{"href":"https:\/\/www.human-rights-year.com\/de\/wp-json\/wp\/v2\/posts"}],"about":[{"href":"https:\/\/www.human-rights-year.com\/de\/wp-json\/wp\/v2\/types\/post"}],"author":[{"embeddable":true,"href":"https:\/\/www.human-rights-year.com\/de\/wp-json\/wp\/v2\/users\/33"}],"replies":[{"embeddable":true,"href":"https:\/\/www.human-rights-year.com\/de\/wp-json\/wp\/v2\/comments?post=3605"}],"version-history":[{"count":0,"href":"https:\/\/www.human-rights-year.com\/de\/wp-json\/wp\/v2\/posts\/3605\/revisions"}],"wp:featuredmedia":[{"embeddable":true,"href":"https:\/\/www.human-rights-year.com\/de\/wp-json\/wp\/v2\/media\/3619"}],"wp:attachment":[{"href":"https:\/\/www.human-rights-year.com\/de\/wp-json\/wp\/v2\/media?parent=3605"}],"wp:term":[{"taxonomy":"category","embeddable":true,"href":"https:\/\/www.human-rights-year.com\/de\/wp-json\/wp\/v2\/categories?post=3605"},{"taxonomy":"post_tag","embeddable":true,"href":"https:\/\/www.human-rights-year.com\/de\/wp-json\/wp\/v2\/tags?post=3605"}],"curies":[{"name":"wp","href":"https:\/\/api.w.org\/{rel}","templated":true}]}}