{"id":3521,"date":"2020-06-05T12:45:48","date_gmt":"2020-06-05T10:45:48","guid":{"rendered":"https:\/\/www.human-rights-year.com\/?p=3521"},"modified":"2020-06-05T12:45:48","modified_gmt":"2020-06-05T10:45:48","slug":"environmental-defenders-under-threat","status":"publish","type":"post","link":"https:\/\/www.human-rights-year.com\/de\/2020\/06\/05\/environmental-defenders-under-threat\/","title":{"rendered":"Environmental defenders under threat"},"content":{"rendered":"<p><i>On World Environmental Day (June 5), <a href=\"http:\/\/rusecounion.ru\/eng\/defenders-envday2020\">the Russian Social-Ecological Union (RSEU)<\/a> reporting of ongoing attacks on environmental defenders. Over the 5 months of 2020, 63 new episodes were recorded in relation to more than 170 eco-activists, groups and NGOs in 20 regions of Russia at 32 environmental struggles. RSEU has been monitoring persecution of environmentalists since 2012 and demands solving environmental problems and protecting eco-activists.<\/i><\/p>\n<p>From January to May 2020 at least 10 environmental activists were subjected to attacks, property damage and threats (7 persons for January-May 2019). It is known that 4 new criminal cases were opened (5 cases in January-May 2019). In relation to 98 activists administrative offense reports were drawn up (110 in January-May 2019), including 41 stay-home regime violation reports.<\/p>\n<p>Most pressure counts were registered in Moscow (17), Bashkortostan (8), Arkhangelsk Region (8), Tatarstan (7) and Moscow Region (4).<\/p>\n<p><b>The basic pressure counts are traditionally related to problems of waste handling, extraction of natural resources and construction projects<\/b>: to construction of landfill sites (9 counts at the station Shiyes of Arkhangelsk Region, 1 in Povarovo of Moscow Region and 1 near the farmstead Vesyoly of Rostov Region), construction of waste incineration plants (7 in Osinovo settlement in Tatarstan and 1 in Timokhovo of Moscow Region), plans for the development of Kushtau shihan (mountain) for extraction of soda in Bashkortostan (8), cutting down of gardens (4 in Festivalnaya Street in Moscow for the construction of Residential Estate \u201cFestival Park 2\u201d, 3 in the vicinity of Ramenki in Moscow for the construction of Residential Estate \u201cLegasi\u201d, 2 in Vologda for the construction of a day-care center), the construction of the South-Eastern bypass through the landfill site of the Moscow Plant of Polymetals (4); and the plans for the construction of a plant for processing of highly toxic waste in Kambarka, Udmurtia (2).<\/p>\n<p>There is continual\u00a0<b>pressure on public associations<\/b>. The public organization \u201cBashkort\u201d, which advocated the defense of Kushtau shihan in Bashkortostan,<a href=\"http:\/\/activatica.org\/blogs\/view\/id\/10025\/title\/delo-bashkorta-rasprava-s-politicheskim-opponentom-silovymi-metodami\">\u00a0declared<\/a>\u00a0extremist on 22 May. On 3 March, the Moscow City Court<a href=\"https:\/\/ilpp.ru\/legal-practice\/north\">\u00a0dismissed<\/a>\u00a0an appeal of the \u201cCentre for Support of Indigenous Peoples of the North\u201d against the actions of the Ministry of Justice of Russia resulting in the disbanding of the organization in November 2019. In relation to the organization \u201cCitizens\u2019 Initiative Against Environmental Crime\u201d on 15 May the court<a href=\"https:\/\/golos-kubani.ru\/kubanskij-sud-povtorno-oshtrafoval-ekologov-na-300-tys-rub\/\">\u00a0sustained<\/a>\u00a0a fine of 300 thousand rubles for the violation of the \u201cforeign agents\u201d law (p.1, art.19.34 of the Administrative Violations Code). In Kaliningrad there is an<a href=\"https:\/\/ecodefense.ru\/2020\/06\/02\/court-considers-ecodefense-complaint\/\">\u00a0ongoing<\/a>\u00a0criminal prosecution of the director of \u201cEcodefense!\u201d Aleksandra Korolyova, pursuant to the article on malicious non-compliance with a court decision (p. 2, art. 315 of the Criminal Code).<\/p>\n<p>New\u00a0<b>criminal cases\u00a0<\/b>were opened<b>:<\/b>\u00a0the opponent of the South-Eastern bypass section construction Aleksandr<a href=\"https:\/\/ovdinfo.org\/articles\/2020\/03\/20\/ugolovnoe-delo-i-63-zaderzhannyh-kak-boryutsya-s-protivnikami-stroyki-yugo\">\u00a0Kolotov<\/a>\u00a0is in the status of a witness in the criminal case on damaging a radiation meter of RADON company, the opponent of the construction of a logistic center in Chuvashia Liliya<a href=\"https:\/\/zona.media\/news\/2020\/04\/09\/govorova\">\u00a0Govorova<\/a>\u00a0is accused of application of force to a representative of authority (art. 318 of the Criminal Code), the fighter with a carwash from Krasnodar Krai Sergey<a href=\"https:\/\/freemedia.io\/2020\/02\/pinyagin\">\u00a0Pinyagin<\/a>\u00a0is accused of willful moderately severe bodily harm to a yard-keeper who attacked the campaigner\u2019s wife (art. 112 of the Criminal Code), and the opponent of the construction of a machine-building plant in Kazan Aleksandr<a href=\"https:\/\/www.kommersant.ru\/doc\/4252893\">\u00a0Davydov<\/a>\u00a0is accused of a \u201cdeliberately false denunciation\u201d (p. 1, art. 306 of the Criminal Code of the Russian Federation).<\/p>\n<p>In Chelyabinsk there is an\u00a0<b>ongoing criminal prosecution<\/b>\u00a0of the campaigners of the<a href=\"https:\/\/www.agora.legal\/cases\/show\/Delo-Gamilya-Asatullina-i-Vasiliya-Moskovca\/226\">\u00a0movement \u201cStop GOK\u201d<\/a>\u00a0(Stop Mining Complex): Vasily Moskovets is tried for instigation to hooliganism by previous concert (p.2, art. 213 of the Criminal Code) and malicious destruction of property on hooligan motives (p. 2, art. 167 of the Criminal Code), and Gamil Asatullin for hooliganism perpetrated by a group of persons (art. p. 2, art. 213 of the Criminal Code) and attempted malicious destruction of property (art. p. 2, art. 167 of the Criminal Code). In Arkhangelsk Region five<a href=\"https:\/\/stopshies.ru\/pressing\/\">\u00a0defenders of Shiyes<\/a>\u00a0are tried: Valery Dzyuba, Vyacheslav Grigoryants, Andrey Starkovsky, Denis Drobinin, for \u201cself-will\u201d (p.2, art. 330 of the Criminal Code of the Russian Federation), Valery Dzyuba also for grievous bodily harm (p. 1, art. 119 of the Criminal Code of the Russian Federation), Mikhail Gabov continues to be tried pursuant to the article \u201cAssault and Battery\u201d (art. 116 of the Criminal Code of the Russian Federation). The campaigner of the movement \u201cKurgan-Antiuran\u201d Lyubov<a href=\"https:\/\/theins.ru\/confession\/217912\">\u00a0Kudryashova<\/a>\u00a0is accused of calling for terrorism (p.1, art. 205.2 of the Criminal Code of the Russian Federation), in January her home was searched.<\/p>\n<p>The largest\u00a0<b>administrative pressure<\/b>\u00a0count was the<a href=\"https:\/\/ovdinfo.org\/news\/2020\/03\/20\/spisok-zaderzhannyh-protivnikov-stroitelstva-yugo-vostochnoy-hordy-19-marta-2020\">\u00a0arrest of 63<\/a>\u00a0opponents of the South-Eastern bypass section construction. Reports on participation in an unapproved action (p. 6.1, art. 20.2 of the Administrative Violations Code) and on disobedience to the requirements of police officers (p. 1, art. 19.3 of the Administrative Violations Code) were drawn for each of the arrested.<\/p>\n<p>In April and May drawing\u00a0<b>stay-home regime violation<\/b>\u00a0reports (art.<a href=\"http:\/\/base.garant.ru\/12125267\/e4cb1d749a5d7ca9aa116ad348095073\/#block_63\">\u00a06.3<\/a>\u00a0and 20.6.1<a href=\"http:\/\/base.garant.ru\/12125267\/e4cb1d749a5d7ca9aa116ad348095073\/#block_63\">\u00a0of the Administrative Violations Code of the Russian Federation<\/a>) became a widespread way of pressure \u2013 since 1 April they almost entirely substituted reports on violation of procedures for conduct of public events (art. 20.2 of the Administrative Violations Code) and resistance to demands of police officers (art. 19.3 of the Administrative Violations Code).<\/p>\n<p>\u201cThe attacks on environmental defenders are systemic: unsolved environmental problems lead to conflicts, and conflicts are accompanied by the persecution of eco-activists. The global environmental crisis leads to an increase of human rights violations and attacks on environmentalists. Russia is no exception. Only a systemic change in the relationship between man and nature will solve these problems\u201d, &#8211; says Vitaly Servetnik, RSEU co-chair.<\/p>\n<p><b>RSEU demands<\/b>\u00a0to stop pressure on environmental defenders, to investigate all cases of attacks to and harassment of eco-activists. A necessary measure to protect them is the proper investigation of environmental violations, the resistance of which involves cases of prosecution. To prevent conflicts, free access to information and broad public participation on environmentally significant issues should be ensured.<\/p>\n<p>&nbsp;<\/p>\n<p><b>Additional Information:<\/b><\/p>\n<p><a href=\"http:\/\/http\/\/rusecounion.ru\/ru\/content\/ehrd\">On the situation in January-May 2019<\/a>\u00a0(in Russian)<\/p>\n<p><a href=\"https:\/\/naturvernforbundet.no\/civilsocietyreports\">Annual reports on situation for environmentalists in Russia (in English)\u00a0<\/a><\/p>\n<p><a href=\"http:\/\/rusecounion.ru\/ru\/ecoagents\">List of eco-NGOs recognized as foreign agents from 2014 to 2020\u00a0<\/a><a href=\"https:\/\/naturvernforbundet.no\/civilsocietyreports\">(in English)<\/a><\/p>\n","protected":false},"excerpt":{"rendered":"<p>On World Environmental Day (June 5), the Russian Social-Ecological Union (RSEU) reporting of ongoing attacks on environmental defenders. Over the 5 months of 2020, 63<\/p>\n","protected":false},"author":33,"featured_media":3522,"comment_status":"closed","ping_status":"open","sticky":false,"template":"","format":"standard","meta":[],"categories":[20,12],"tags":[],"yoast_head":"<!-- This site is optimized with the Yoast SEO plugin v19.4 - https:\/\/yoast.com\/wordpress\/plugins\/seo\/ -->\n<title>Environmental defenders under threat - Europ\u00e4ischer Menschenrechtsdialog<\/title>\n<meta name=\"robots\" content=\"index, follow, max-snippet:-1, max-image-preview:large, max-video-preview:-1\" \/>\n<link rel=\"canonical\" href=\"https:\/\/www.human-rights-year.com\/de\/2020\/06\/05\/environmental-defenders-under-threat\/\" \/>\n<meta property=\"og:locale\" content=\"de_DE\" \/>\n<meta property=\"og:type\" content=\"article\" \/>\n<meta property=\"og:title\" content=\"Environmental defenders under threat - Europ\u00e4ischer Menschenrechtsdialog\" \/>\n<meta property=\"og:description\" content=\"On World Environmental Day (June 5), the Russian Social-Ecological Union (RSEU) reporting of ongoing attacks on environmental defenders. Over the 5 months of 2020, 63\" \/>\n<meta property=\"og:url\" content=\"https:\/\/www.human-rights-year.com\/de\/2020\/06\/05\/environmental-defenders-under-threat\/\" \/>\n<meta property=\"og:site_name\" content=\"Europ\u00e4ischer Menschenrechtsdialog\" \/>\n<meta property=\"article:published_time\" content=\"2020-06-05T10:45:48+00:00\" \/>\n<meta property=\"og:image\" content=\"https:\/\/www.human-rights-year.com\/wp-content\/uploads\/2020\/06\/shies.jpg\" \/>\n\t<meta property=\"og:image:width\" content=\"1280\" \/>\n\t<meta property=\"og:image:height\" content=\"853\" \/>\n\t<meta property=\"og:image:type\" content=\"image\/jpeg\" \/>\n<meta name=\"author\" content=\"Europ\u00e4ischer Menschenrechtedialog\" \/>\n<meta name=\"twitter:card\" content=\"summary_large_image\" \/>\n<meta name=\"twitter:label1\" content=\"Verfasst von\" \/>\n\t<meta name=\"twitter:data1\" content=\"Europ\u00e4ischer Menschenrechtedialog\" \/>\n\t<meta name=\"twitter:label2\" content=\"Gesch\u00e4tzte Lesezeit\" \/>\n\t<meta name=\"twitter:data2\" content=\"5\u00a0Minuten\" \/>\n<script type=\"application\/ld+json\" class=\"yoast-schema-graph\">{\"@context\":\"https:\/\/schema.org\",\"@graph\":[{\"@type\":\"WebSite\",\"@id\":\"https:\/\/www.human-rights-year.com\/#website\",\"url\":\"https:\/\/www.human-rights-year.com\/\",\"name\":\"\u0415\u0432\u0440\u043e\u043f\u0435\u0439\u0441\u043a\u0438\u0439 \u043f\u0440\u0430\u0432\u043e\u0437\u0430\u0449\u0438\u0442\u043d\u044b\u0439 \u0434\u0438\u0430\u043b\u043e\u0433\",\"description\":\" \",\"potentialAction\":[{\"@type\":\"SearchAction\",\"target\":{\"@type\":\"EntryPoint\",\"urlTemplate\":\"https:\/\/www.human-rights-year.com\/?s={search_term_string}\"},\"query-input\":\"required name=search_term_string\"}],\"inLanguage\":\"de\"},{\"@type\":\"WebPage\",\"@id\":\"https:\/\/www.human-rights-year.com\/de\/2020\/06\/05\/environmental-defenders-under-threat\/\",\"url\":\"https:\/\/www.human-rights-year.com\/de\/2020\/06\/05\/environmental-defenders-under-threat\/\",\"name\":\"Environmental defenders under threat - Europ\u00e4ischer Menschenrechtsdialog\",\"isPartOf\":{\"@id\":\"https:\/\/www.human-rights-year.com\/#website\"},\"datePublished\":\"2020-06-05T10:45:48+00:00\",\"dateModified\":\"2020-06-05T10:45:48+00:00\",\"author\":{\"@id\":\"https:\/\/www.human-rights-year.com\/#\/schema\/person\/c61a685c41e5101f9ea8f886f7ff8867\"},\"breadcrumb\":{\"@id\":\"https:\/\/www.human-rights-year.com\/de\/2020\/06\/05\/environmental-defenders-under-threat\/#breadcrumb\"},\"inLanguage\":\"de\",\"potentialAction\":[{\"@type\":\"ReadAction\",\"target\":[\"https:\/\/www.human-rights-year.com\/de\/2020\/06\/05\/environmental-defenders-under-threat\/\"]}]},{\"@type\":\"BreadcrumbList\",\"@id\":\"https:\/\/www.human-rights-year.com\/de\/2020\/06\/05\/environmental-defenders-under-threat\/#breadcrumb\",\"itemListElement\":[{\"@type\":\"ListItem\",\"position\":1,\"name\":\"\u0413\u043b\u0430\u0432\u043d\u0430\u044f \u0441\u0442\u0440\u0430\u043d\u0438\u0446\u0430\",\"item\":\"https:\/\/www.human-rights-year.com\/de\/\"},{\"@type\":\"ListItem\",\"position\":2,\"name\":\"Environmental defenders under threat\"}]},{\"@type\":\"Person\",\"@id\":\"https:\/\/www.human-rights-year.com\/#\/schema\/person\/c61a685c41e5101f9ea8f886f7ff8867\",\"name\":\"Europ\u00e4ischer Menschenrechtedialog\",\"image\":{\"@type\":\"ImageObject\",\"inLanguage\":\"de\",\"@id\":\"https:\/\/www.human-rights-year.com\/#\/schema\/person\/image\/\",\"url\":\"https:\/\/secure.gravatar.com\/avatar\/b8079c67933c0da74d24da6410334e70?s=96&d=mm&r=g\",\"contentUrl\":\"https:\/\/secure.gravatar.com\/avatar\/b8079c67933c0da74d24da6410334e70?s=96&d=mm&r=g\",\"caption\":\"Europ\u00e4ischer Menschenrechtedialog\"},\"description\":\"\u041f\u0440\u043e\u0435\u043a\u0442\u00a0\u00ab\u0415\u0432\u0440\u043e\u043f\u0435\u0439\u0441\u043a\u0438\u0439 \u043f\u0440\u0430\u0432\u043e\u0437\u0430\u0449\u0438\u0442\u043d\u044b\u0439 \u0434\u0438\u0430\u043b\u043e\u0433\u00bb \u0440\u0435\u0430\u043b\u0438\u0437\u0443\u0435\u0442\u0441\u044f \u043f\u0440\u0438\u00a0\u043f\u043e\u0434\u0434\u0435\u0440\u0436\u043a\u0435 \u0433\u0435\u0440\u043c\u0430\u043d\u0441\u043a\u043e\u0433\u043e \u041c\u0418\u0414\u0430. \u0421\u0438\u0442\u0443\u0430\u0446\u0438\u044f \u0441 \u043f\u043e\u043b\u0438\u0442\u0437\u0430\u043a\u043b\u044e\u0447\u0435\u043d\u043d\u044b\u043c\u0438 \u0438 \u0434\u0440\u0443\u0433\u0438\u0435 \u043f\u0440\u0430\u0432\u043e\u0437\u0430\u0449\u0438\u0442\u043d\u044b\u0435 \u043f\u0440\u043e\u0431\u043b\u0435\u043c\u044b \u0432 \u0420\u043e\u0441\u0441\u0438\u0438 \u0438 \u0411\u0435\u043b\u0430\u0440\u0443\u0441\u0438 \u0441\u0442\u0430\u043d\u043e\u0432\u044f\u0442\u0441\u044f \u0433\u043e\u0434 \u043e\u0442 \u0433\u043e\u0434\u0430 \u0432\u0441\u0435 \u043e\u0441\u0442\u0440\u0435\u0435. \u041c\u044b \u043e\u0436\u0438\u0432\u043b\u044f\u0435\u043c \u0434\u0438\u0430\u043b\u043e\u0433 \u043c\u0435\u0436\u0434\u0443 \u0440\u043e\u0441\u0441\u0438\u0439\u0441\u043a\u0438\u043c, \u0431\u0435\u043b\u0430\u0440\u0443\u0441\u0441\u043a\u0438\u043c, \u043f\u043e\u043b\u044c\u0441\u043a\u0438\u043c \u0438 \u043d\u0435\u043c\u0435\u0446\u043a\u0438\u043c \u043f\u0440\u0430\u0432\u043e\u0437\u0430\u0449\u0438\u0442\u043d\u044b\u043c \u0441\u043e\u043e\u0431\u0449\u0435\u0441\u0442\u0432\u043e\u043c \u0438 \u043d\u0430\u043b\u0430\u0436\u0438\u0432\u0430\u0435\u043c \u0438\u0445 \u043a\u043e\u043d\u0441\u0442\u0440\u0443\u043a\u0442\u0438\u0432\u043d\u043e\u0435 \u0432\u0437\u0430\u0438\u043c\u043e\u0434\u0435\u0439\u0441\u0442\u0432\u0438\u0435, \u0432\u0437\u0430\u0438\u043c\u043d\u043e\u0435 \u0438\u043d\u0444\u043e\u0440\u043c\u0438\u0440\u043e\u0432\u0430\u043d\u0438\u0435 \u0438 \u043f\u043e\u0434\u0434\u0435\u0440\u0436\u043a\u0443. \u041c\u044b \u0438\u043d\u0444\u043e\u0440\u043c\u0438\u0440\u0443\u0435\u043c \u043d\u0435\u043c\u0435\u0446\u043a\u0443\u044e \u043e\u0431\u0449\u0435\u0441\u0442\u0432\u0435\u043d\u043d\u043e\u0441\u0442\u044c \u043e \u0441\u0438\u0442\u0443\u0430\u0446\u0438\u0438 \u0441 \u0437\u0430\u0449\u0438\u0442\u043e\u0439 \u043f\u0440\u0430\u0432 \u0447\u0435\u043b\u043e\u0432\u0435\u043a\u0430 \u0432 \u0420\u043e\u0441\u0441\u0438\u0438 \u0438 \u0411\u0435\u043b\u0430\u0440\u0443\u0441\u0438, \u0430 \u0440\u043e\u0441\u0441\u0438\u0439\u0441\u043a\u0443\u044e \u0438 \u0431\u0435\u043b\u0430\u0440\u0443\u0441\u0441\u043a\u0443\u044e \u2014 \u043e \u043f\u043e\u043b\u043e\u0436\u0435\u043d\u0438\u0438 \u0432 \u044d\u0442\u043e\u0439 \u043e\u0431\u043b\u0430\u0441\u0442\u0438 \u0432 \u0413\u0435\u0440\u043c\u0430\u043d\u0438\u0438; \u0441\u043e\u0437\u0434\u0430\u0435\u043c \u043c\u0435\u0445\u0430\u043d\u0438\u0437\u043c \u043f\u043e\u0434\u0434\u0435\u0440\u0436\u043a\u0438 \u0440\u043e\u0441\u0441\u0438\u0439\u0441\u043a\u0438\u0445 \u0438 \u0431\u0435\u043b\u0430\u0440\u0443\u0441\u0441\u043a\u0438\u0445 \u043f\u0440\u0430\u0432\u043e\u0437\u0430\u0449\u0438\u0442\u043d\u0438\u043a\u043e\u0432, \u0436\u0435\u0440\u0442\u0432 \u043f\u043e\u043b\u0438\u0442\u0438\u0447\u0435\u0441\u043a\u0438\u0445 \u0440\u0435\u043f\u0440\u0435\u0441\u0441\u0438\u0439 \u0438 \u043f\u043e\u043b\u0438\u0442\u0437\u0430\u043a\u043b\u044e\u0447\u0435\u043d\u043d\u044b\u0445. \u0411\u0443\u0434\u0435\u043c \u0440\u0430\u0434\u044b \u0432\u0430\u0448\u0435\u043c\u0443 \u0443\u0447\u0430\u0441\u0442\u0438\u044e \u0432 \u0435\u0432\u0440\u043e\u043f\u0435\u0439\u0441\u043a\u043e\u043c \u043f\u0440\u0430\u0432\u043e\u0437\u0430\u0449\u0438\u0442\u043d\u043e\u043c \u0434\u0438\u0430\u043b\u043e\u0433\u0435 \u043d\u0430 \u043d\u0430\u0448\u0435\u043c \u0441\u0430\u0439\u0442\u0435 \u0438 \u0430\u043a\u043a\u0430\u0443\u043d\u0442\u0430\u0445 \u0432 \u0441\u043e\u0446\u0438\u0430\u043b\u044c\u043d\u044b\u0445 \u0441\u0435\u0442\u044f\u0445, \u0430 \u0442\u0430\u043a\u0436\u0435 \u043f\u0440\u0438\u0433\u043b\u0430\u0448\u0430\u0435\u043c \u0432\u0430\u0441 \u043f\u043e\u0434\u043f\u0438\u0441\u0430\u0442\u044c\u0441\u044f \u043d\u0430 \u0440\u0430\u0441\u0441\u044b\u043b\u043a\u0443 \u043e \u043f\u0440\u0430\u0432\u043e\u0437\u0430\u0449\u0438\u0442\u043d\u044b\u0445 \u043f\u0440\u043e\u0431\u043b\u0435\u043c\u0430\u0445\u00a0\u043f\u043e \u0441\u0441\u044b\u043b\u043a\u0435 (\u043d\u0430 \u043d\u0435\u043c\u0435\u0446\u043a\u043e\u043c \u044f\u0437\u044b\u043a\u0435).\u00a0\",\"url\":\"https:\/\/www.human-rights-year.com\/de\/author\/anna-andrievskaja\/\"}]}<\/script>\n<!-- \/ Yoast SEO plugin. -->","yoast_head_json":{"title":"Environmental defenders under threat - Europ\u00e4ischer Menschenrechtsdialog","robots":{"index":"index","follow":"follow","max-snippet":"max-snippet:-1","max-image-preview":"max-image-preview:large","max-video-preview":"max-video-preview:-1"},"canonical":"https:\/\/www.human-rights-year.com\/de\/2020\/06\/05\/environmental-defenders-under-threat\/","og_locale":"de_DE","og_type":"article","og_title":"Environmental defenders under threat - Europ\u00e4ischer Menschenrechtsdialog","og_description":"On World Environmental Day (June 5), the Russian Social-Ecological Union (RSEU) reporting of ongoing attacks on environmental defenders. Over the 5 months of 2020, 63","og_url":"https:\/\/www.human-rights-year.com\/de\/2020\/06\/05\/environmental-defenders-under-threat\/","og_site_name":"Europ\u00e4ischer Menschenrechtsdialog","article_published_time":"2020-06-05T10:45:48+00:00","og_image":[{"width":1280,"height":853,"url":"https:\/\/www.human-rights-year.com\/wp-content\/uploads\/2020\/06\/shies.jpg","type":"image\/jpeg"}],"author":"Europ\u00e4ischer Menschenrechtedialog","twitter_card":"summary_large_image","twitter_misc":{"Verfasst von":"Europ\u00e4ischer Menschenrechtedialog","Gesch\u00e4tzte Lesezeit":"5\u00a0Minuten"},"schema":{"@context":"https:\/\/schema.org","@graph":[{"@type":"WebSite","@id":"https:\/\/www.human-rights-year.com\/#website","url":"https:\/\/www.human-rights-year.com\/","name":"\u0415\u0432\u0440\u043e\u043f\u0435\u0439\u0441\u043a\u0438\u0439 \u043f\u0440\u0430\u0432\u043e\u0437\u0430\u0449\u0438\u0442\u043d\u044b\u0439 \u0434\u0438\u0430\u043b\u043e\u0433","description":" ","potentialAction":[{"@type":"SearchAction","target":{"@type":"EntryPoint","urlTemplate":"https:\/\/www.human-rights-year.com\/?s={search_term_string}"},"query-input":"required name=search_term_string"}],"inLanguage":"de"},{"@type":"WebPage","@id":"https:\/\/www.human-rights-year.com\/de\/2020\/06\/05\/environmental-defenders-under-threat\/","url":"https:\/\/www.human-rights-year.com\/de\/2020\/06\/05\/environmental-defenders-under-threat\/","name":"Environmental defenders under threat - Europ\u00e4ischer Menschenrechtsdialog","isPartOf":{"@id":"https:\/\/www.human-rights-year.com\/#website"},"datePublished":"2020-06-05T10:45:48+00:00","dateModified":"2020-06-05T10:45:48+00:00","author":{"@id":"https:\/\/www.human-rights-year.com\/#\/schema\/person\/c61a685c41e5101f9ea8f886f7ff8867"},"breadcrumb":{"@id":"https:\/\/www.human-rights-year.com\/de\/2020\/06\/05\/environmental-defenders-under-threat\/#breadcrumb"},"inLanguage":"de","potentialAction":[{"@type":"ReadAction","target":["https:\/\/www.human-rights-year.com\/de\/2020\/06\/05\/environmental-defenders-under-threat\/"]}]},{"@type":"BreadcrumbList","@id":"https:\/\/www.human-rights-year.com\/de\/2020\/06\/05\/environmental-defenders-under-threat\/#breadcrumb","itemListElement":[{"@type":"ListItem","position":1,"name":"\u0413\u043b\u0430\u0432\u043d\u0430\u044f \u0441\u0442\u0440\u0430\u043d\u0438\u0446\u0430","item":"https:\/\/www.human-rights-year.com\/de\/"},{"@type":"ListItem","position":2,"name":"Environmental defenders under threat"}]},{"@type":"Person","@id":"https:\/\/www.human-rights-year.com\/#\/schema\/person\/c61a685c41e5101f9ea8f886f7ff8867","name":"Europ\u00e4ischer Menschenrechtedialog","image":{"@type":"ImageObject","inLanguage":"de","@id":"https:\/\/www.human-rights-year.com\/#\/schema\/person\/image\/","url":"https:\/\/secure.gravatar.com\/avatar\/b8079c67933c0da74d24da6410334e70?s=96&d=mm&r=g","contentUrl":"https:\/\/secure.gravatar.com\/avatar\/b8079c67933c0da74d24da6410334e70?s=96&d=mm&r=g","caption":"Europ\u00e4ischer Menschenrechtedialog"},"description":"\u041f\u0440\u043e\u0435\u043a\u0442\u00a0\u00ab\u0415\u0432\u0440\u043e\u043f\u0435\u0439\u0441\u043a\u0438\u0439 \u043f\u0440\u0430\u0432\u043e\u0437\u0430\u0449\u0438\u0442\u043d\u044b\u0439 \u0434\u0438\u0430\u043b\u043e\u0433\u00bb \u0440\u0435\u0430\u043b\u0438\u0437\u0443\u0435\u0442\u0441\u044f \u043f\u0440\u0438\u00a0\u043f\u043e\u0434\u0434\u0435\u0440\u0436\u043a\u0435 \u0433\u0435\u0440\u043c\u0430\u043d\u0441\u043a\u043e\u0433\u043e \u041c\u0418\u0414\u0430. \u0421\u0438\u0442\u0443\u0430\u0446\u0438\u044f \u0441 \u043f\u043e\u043b\u0438\u0442\u0437\u0430\u043a\u043b\u044e\u0447\u0435\u043d\u043d\u044b\u043c\u0438 \u0438 \u0434\u0440\u0443\u0433\u0438\u0435 \u043f\u0440\u0430\u0432\u043e\u0437\u0430\u0449\u0438\u0442\u043d\u044b\u0435 \u043f\u0440\u043e\u0431\u043b\u0435\u043c\u044b \u0432 \u0420\u043e\u0441\u0441\u0438\u0438 \u0438 \u0411\u0435\u043b\u0430\u0440\u0443\u0441\u0438 \u0441\u0442\u0430\u043d\u043e\u0432\u044f\u0442\u0441\u044f \u0433\u043e\u0434 \u043e\u0442 \u0433\u043e\u0434\u0430 \u0432\u0441\u0435 \u043e\u0441\u0442\u0440\u0435\u0435. \u041c\u044b \u043e\u0436\u0438\u0432\u043b\u044f\u0435\u043c \u0434\u0438\u0430\u043b\u043e\u0433 \u043c\u0435\u0436\u0434\u0443 \u0440\u043e\u0441\u0441\u0438\u0439\u0441\u043a\u0438\u043c, \u0431\u0435\u043b\u0430\u0440\u0443\u0441\u0441\u043a\u0438\u043c, \u043f\u043e\u043b\u044c\u0441\u043a\u0438\u043c \u0438 \u043d\u0435\u043c\u0435\u0446\u043a\u0438\u043c \u043f\u0440\u0430\u0432\u043e\u0437\u0430\u0449\u0438\u0442\u043d\u044b\u043c \u0441\u043e\u043e\u0431\u0449\u0435\u0441\u0442\u0432\u043e\u043c \u0438 \u043d\u0430\u043b\u0430\u0436\u0438\u0432\u0430\u0435\u043c \u0438\u0445 \u043a\u043e\u043d\u0441\u0442\u0440\u0443\u043a\u0442\u0438\u0432\u043d\u043e\u0435 \u0432\u0437\u0430\u0438\u043c\u043e\u0434\u0435\u0439\u0441\u0442\u0432\u0438\u0435, \u0432\u0437\u0430\u0438\u043c\u043d\u043e\u0435 \u0438\u043d\u0444\u043e\u0440\u043c\u0438\u0440\u043e\u0432\u0430\u043d\u0438\u0435 \u0438 \u043f\u043e\u0434\u0434\u0435\u0440\u0436\u043a\u0443. \u041c\u044b \u0438\u043d\u0444\u043e\u0440\u043c\u0438\u0440\u0443\u0435\u043c \u043d\u0435\u043c\u0435\u0446\u043a\u0443\u044e \u043e\u0431\u0449\u0435\u0441\u0442\u0432\u0435\u043d\u043d\u043e\u0441\u0442\u044c \u043e \u0441\u0438\u0442\u0443\u0430\u0446\u0438\u0438 \u0441 \u0437\u0430\u0449\u0438\u0442\u043e\u0439 \u043f\u0440\u0430\u0432 \u0447\u0435\u043b\u043e\u0432\u0435\u043a\u0430 \u0432 \u0420\u043e\u0441\u0441\u0438\u0438 \u0438 \u0411\u0435\u043b\u0430\u0440\u0443\u0441\u0438, \u0430 \u0440\u043e\u0441\u0441\u0438\u0439\u0441\u043a\u0443\u044e \u0438 \u0431\u0435\u043b\u0430\u0440\u0443\u0441\u0441\u043a\u0443\u044e \u2014 \u043e \u043f\u043e\u043b\u043e\u0436\u0435\u043d\u0438\u0438 \u0432 \u044d\u0442\u043e\u0439 \u043e\u0431\u043b\u0430\u0441\u0442\u0438 \u0432 \u0413\u0435\u0440\u043c\u0430\u043d\u0438\u0438; \u0441\u043e\u0437\u0434\u0430\u0435\u043c \u043c\u0435\u0445\u0430\u043d\u0438\u0437\u043c \u043f\u043e\u0434\u0434\u0435\u0440\u0436\u043a\u0438 \u0440\u043e\u0441\u0441\u0438\u0439\u0441\u043a\u0438\u0445 \u0438 \u0431\u0435\u043b\u0430\u0440\u0443\u0441\u0441\u043a\u0438\u0445 \u043f\u0440\u0430\u0432\u043e\u0437\u0430\u0449\u0438\u0442\u043d\u0438\u043a\u043e\u0432, \u0436\u0435\u0440\u0442\u0432 \u043f\u043e\u043b\u0438\u0442\u0438\u0447\u0435\u0441\u043a\u0438\u0445 \u0440\u0435\u043f\u0440\u0435\u0441\u0441\u0438\u0439 \u0438 \u043f\u043e\u043b\u0438\u0442\u0437\u0430\u043a\u043b\u044e\u0447\u0435\u043d\u043d\u044b\u0445. \u0411\u0443\u0434\u0435\u043c \u0440\u0430\u0434\u044b \u0432\u0430\u0448\u0435\u043c\u0443 \u0443\u0447\u0430\u0441\u0442\u0438\u044e \u0432 \u0435\u0432\u0440\u043e\u043f\u0435\u0439\u0441\u043a\u043e\u043c \u043f\u0440\u0430\u0432\u043e\u0437\u0430\u0449\u0438\u0442\u043d\u043e\u043c \u0434\u0438\u0430\u043b\u043e\u0433\u0435 \u043d\u0430 \u043d\u0430\u0448\u0435\u043c \u0441\u0430\u0439\u0442\u0435 \u0438 \u0430\u043a\u043a\u0430\u0443\u043d\u0442\u0430\u0445 \u0432 \u0441\u043e\u0446\u0438\u0430\u043b\u044c\u043d\u044b\u0445 \u0441\u0435\u0442\u044f\u0445, \u0430 \u0442\u0430\u043a\u0436\u0435 \u043f\u0440\u0438\u0433\u043b\u0430\u0448\u0430\u0435\u043c \u0432\u0430\u0441 \u043f\u043e\u0434\u043f\u0438\u0441\u0430\u0442\u044c\u0441\u044f \u043d\u0430 \u0440\u0430\u0441\u0441\u044b\u043b\u043a\u0443 \u043e \u043f\u0440\u0430\u0432\u043e\u0437\u0430\u0449\u0438\u0442\u043d\u044b\u0445 \u043f\u0440\u043e\u0431\u043b\u0435\u043c\u0430\u0445\u00a0\u043f\u043e \u0441\u0441\u044b\u043b\u043a\u0435 (\u043d\u0430 \u043d\u0435\u043c\u0435\u0446\u043a\u043e\u043c \u044f\u0437\u044b\u043a\u0435).\u00a0","url":"https:\/\/www.human-rights-year.com\/de\/author\/anna-andrievskaja\/"}]}},"_links":{"self":[{"href":"https:\/\/www.human-rights-year.com\/de\/wp-json\/wp\/v2\/posts\/3521"}],"collection":[{"href":"https:\/\/www.human-rights-year.com\/de\/wp-json\/wp\/v2\/posts"}],"about":[{"href":"https:\/\/www.human-rights-year.com\/de\/wp-json\/wp\/v2\/types\/post"}],"author":[{"embeddable":true,"href":"https:\/\/www.human-rights-year.com\/de\/wp-json\/wp\/v2\/users\/33"}],"replies":[{"embeddable":true,"href":"https:\/\/www.human-rights-year.com\/de\/wp-json\/wp\/v2\/comments?post=3521"}],"version-history":[{"count":0,"href":"https:\/\/www.human-rights-year.com\/de\/wp-json\/wp\/v2\/posts\/3521\/revisions"}],"wp:featuredmedia":[{"embeddable":true,"href":"https:\/\/www.human-rights-year.com\/de\/wp-json\/wp\/v2\/media\/3522"}],"wp:attachment":[{"href":"https:\/\/www.human-rights-year.com\/de\/wp-json\/wp\/v2\/media?parent=3521"}],"wp:term":[{"taxonomy":"category","embeddable":true,"href":"https:\/\/www.human-rights-year.com\/de\/wp-json\/wp\/v2\/categories?post=3521"},{"taxonomy":"post_tag","embeddable":true,"href":"https:\/\/www.human-rights-year.com\/de\/wp-json\/wp\/v2\/tags?post=3521"}],"curies":[{"name":"wp","href":"https:\/\/api.w.org\/{rel}","templated":true}]}}