{"id":3420,"date":"2020-05-20T15:18:04","date_gmt":"2020-05-20T13:18:04","guid":{"rendered":"https:\/\/www.human-rights-year.com\/?p=3420"},"modified":"2020-05-20T15:18:04","modified_gmt":"2020-05-20T13:18:04","slug":"rechte-von-trans-und-intersexuellen-menschen-eingeschraenkt","status":"publish","type":"post","link":"https:\/\/www.human-rights-year.com\/de\/2020\/05\/20\/rechte-von-trans-und-intersexuellen-menschen-eingeschraenkt\/","title":{"rendered":"Rechte von trans- und intersexuellen Menschen eingeschr\u00e4nkt"},"content":{"rendered":"<p class=\"kicker\">Das ungarische Parlament hat die M\u00f6glichkeit der rechtlichen Anerkennung von trans- und intersexuellen Menschen abgeschafft.<\/p>\n<p>Mit den Stimmen der rechtsnationalen Regierungsmehrheit wurde in Budapest ein Gesetzentwurf verabschiedet, wonach das im standesamtlichen Personenregister bei der Geburt eingetragene biologische Geschlecht eines Menschen sp\u00e4ter nicht mehr ver\u00e4ndert werden darf. Bisher war es trans- und intersexuellen Menschen rechtlich m\u00f6glich, einen Antrag auf Geschlechts\u00e4nderung zu stellen.<\/p>\n<p>Die Menschenrechtsorganisation Amnesty International kritisierte, damit w\u00fcrden die Betroffenen weiterer Diskriminierung ausgesetzt. Die Menschenrechtskommissarin des Europarats, Mijatovic, erkl\u00e4rte, das Gesetz widerspreche der Rechtsprechung des Europ\u00e4ischen Gerichtshofs f\u00fcr Menschenrechte. Sie sprach von einem Schlag gegen die Menschenw\u00fcrde von Trans-Personen.<\/p>\n<p><a href=\"https:\/\/www.deutschlandfunk.de\/ungarn-rechte-von-trans-und-intersexuellen-menschen.1939.de.html?drn:news_id=1132323\">Quelle<\/a><\/p>\n<p><a href=\"https:\/\/hpd.de\/artikel\/ungarn-will-ngos-kontrolle-bringen-14526\">Bild<\/a><\/p>\n","protected":false},"excerpt":{"rendered":"<p>Das ungarische Parlament hat die M\u00f6glichkeit der rechtlichen Anerkennung von trans- und intersexuellen Menschen abgeschafft. Mit den Stimmen der rechtsnationalen Regierungsmehrheit wurde in Budapest ein<\/p>\n","protected":false},"author":33,"featured_media":3421,"comment_status":"closed","ping_status":"open","sticky":false,"template":"","format":"standard","meta":[],"categories":[19,12],"tags":[],"yoast_head":"<!-- This site is optimized with the Yoast SEO plugin v19.4 - https:\/\/yoast.com\/wordpress\/plugins\/seo\/ -->\n<title>Rechte von trans- und intersexuellen Menschen eingeschr\u00e4nkt - Europ\u00e4ischer Menschenrechtsdialog<\/title>\n<meta name=\"robots\" content=\"index, follow, max-snippet:-1, max-image-preview:large, max-video-preview:-1\" \/>\n<link rel=\"canonical\" href=\"https:\/\/www.human-rights-year.com\/de\/2020\/05\/20\/rechte-von-trans-und-intersexuellen-menschen-eingeschraenkt\/\" \/>\n<meta property=\"og:locale\" content=\"de_DE\" \/>\n<meta property=\"og:type\" content=\"article\" \/>\n<meta property=\"og:title\" content=\"Rechte von trans- und intersexuellen Menschen eingeschr\u00e4nkt - Europ\u00e4ischer Menschenrechtsdialog\" \/>\n<meta property=\"og:description\" content=\"Das ungarische Parlament hat die M\u00f6glichkeit der rechtlichen Anerkennung von trans- und intersexuellen Menschen abgeschafft. Mit den Stimmen der rechtsnationalen Regierungsmehrheit wurde in Budapest ein\" \/>\n<meta property=\"og:url\" content=\"https:\/\/www.human-rights-year.com\/de\/2020\/05\/20\/rechte-von-trans-und-intersexuellen-menschen-eingeschraenkt\/\" \/>\n<meta property=\"og:site_name\" content=\"Europ\u00e4ischer Menschenrechtsdialog\" \/>\n<meta property=\"article:published_time\" content=\"2020-05-20T13:18:04+00:00\" \/>\n<meta property=\"og:image\" content=\"https:\/\/www.human-rights-year.com\/wp-content\/uploads\/2020\/05\/parlamentsgebaude_budapest.jpg\" \/>\n\t<meta property=\"og:image:width\" content=\"1600\" \/>\n\t<meta property=\"og:image:height\" content=\"1000\" \/>\n\t<meta property=\"og:image:type\" content=\"image\/jpeg\" \/>\n<meta name=\"author\" content=\"Europ\u00e4ischer Menschenrechtedialog\" \/>\n<meta name=\"twitter:card\" content=\"summary_large_image\" \/>\n<meta name=\"twitter:label1\" content=\"Verfasst von\" \/>\n\t<meta name=\"twitter:data1\" content=\"Europ\u00e4ischer Menschenrechtedialog\" \/>\n\t<meta name=\"twitter:label2\" content=\"Gesch\u00e4tzte Lesezeit\" \/>\n\t<meta name=\"twitter:data2\" content=\"1\u00a0Minute\" \/>\n<script type=\"application\/ld+json\" class=\"yoast-schema-graph\">{\"@context\":\"https:\/\/schema.org\",\"@graph\":[{\"@type\":\"WebSite\",\"@id\":\"https:\/\/www.human-rights-year.com\/#website\",\"url\":\"https:\/\/www.human-rights-year.com\/\",\"name\":\"\u0415\u0432\u0440\u043e\u043f\u0435\u0439\u0441\u043a\u0438\u0439 \u043f\u0440\u0430\u0432\u043e\u0437\u0430\u0449\u0438\u0442\u043d\u044b\u0439 \u0434\u0438\u0430\u043b\u043e\u0433\",\"description\":\" \",\"potentialAction\":[{\"@type\":\"SearchAction\",\"target\":{\"@type\":\"EntryPoint\",\"urlTemplate\":\"https:\/\/www.human-rights-year.com\/?s={search_term_string}\"},\"query-input\":\"required name=search_term_string\"}],\"inLanguage\":\"de\"},{\"@type\":\"WebPage\",\"@id\":\"https:\/\/www.human-rights-year.com\/de\/2020\/05\/20\/rechte-von-trans-und-intersexuellen-menschen-eingeschraenkt\/\",\"url\":\"https:\/\/www.human-rights-year.com\/de\/2020\/05\/20\/rechte-von-trans-und-intersexuellen-menschen-eingeschraenkt\/\",\"name\":\"Rechte von trans- und intersexuellen Menschen eingeschr\u00e4nkt - Europ\u00e4ischer Menschenrechtsdialog\",\"isPartOf\":{\"@id\":\"https:\/\/www.human-rights-year.com\/#website\"},\"datePublished\":\"2020-05-20T13:18:04+00:00\",\"dateModified\":\"2020-05-20T13:18:04+00:00\",\"author\":{\"@id\":\"https:\/\/www.human-rights-year.com\/#\/schema\/person\/c61a685c41e5101f9ea8f886f7ff8867\"},\"breadcrumb\":{\"@id\":\"https:\/\/www.human-rights-year.com\/de\/2020\/05\/20\/rechte-von-trans-und-intersexuellen-menschen-eingeschraenkt\/#breadcrumb\"},\"inLanguage\":\"de\",\"potentialAction\":[{\"@type\":\"ReadAction\",\"target\":[\"https:\/\/www.human-rights-year.com\/de\/2020\/05\/20\/rechte-von-trans-und-intersexuellen-menschen-eingeschraenkt\/\"]}]},{\"@type\":\"BreadcrumbList\",\"@id\":\"https:\/\/www.human-rights-year.com\/de\/2020\/05\/20\/rechte-von-trans-und-intersexuellen-menschen-eingeschraenkt\/#breadcrumb\",\"itemListElement\":[{\"@type\":\"ListItem\",\"position\":1,\"name\":\"\u0413\u043b\u0430\u0432\u043d\u0430\u044f \u0441\u0442\u0440\u0430\u043d\u0438\u0446\u0430\",\"item\":\"https:\/\/www.human-rights-year.com\/de\/\"},{\"@type\":\"ListItem\",\"position\":2,\"name\":\"Rechte von trans- und intersexuellen Menschen eingeschr\u00e4nkt\"}]},{\"@type\":\"Person\",\"@id\":\"https:\/\/www.human-rights-year.com\/#\/schema\/person\/c61a685c41e5101f9ea8f886f7ff8867\",\"name\":\"Europ\u00e4ischer Menschenrechtedialog\",\"image\":{\"@type\":\"ImageObject\",\"inLanguage\":\"de\",\"@id\":\"https:\/\/www.human-rights-year.com\/#\/schema\/person\/image\/\",\"url\":\"https:\/\/secure.gravatar.com\/avatar\/b8079c67933c0da74d24da6410334e70?s=96&d=mm&r=g\",\"contentUrl\":\"https:\/\/secure.gravatar.com\/avatar\/b8079c67933c0da74d24da6410334e70?s=96&d=mm&r=g\",\"caption\":\"Europ\u00e4ischer Menschenrechtedialog\"},\"description\":\"\u041f\u0440\u043e\u0435\u043a\u0442\u00a0\u00ab\u0415\u0432\u0440\u043e\u043f\u0435\u0439\u0441\u043a\u0438\u0439 \u043f\u0440\u0430\u0432\u043e\u0437\u0430\u0449\u0438\u0442\u043d\u044b\u0439 \u0434\u0438\u0430\u043b\u043e\u0433\u00bb \u0440\u0435\u0430\u043b\u0438\u0437\u0443\u0435\u0442\u0441\u044f \u043f\u0440\u0438\u00a0\u043f\u043e\u0434\u0434\u0435\u0440\u0436\u043a\u0435 \u0433\u0435\u0440\u043c\u0430\u043d\u0441\u043a\u043e\u0433\u043e \u041c\u0418\u0414\u0430. \u0421\u0438\u0442\u0443\u0430\u0446\u0438\u044f \u0441 \u043f\u043e\u043b\u0438\u0442\u0437\u0430\u043a\u043b\u044e\u0447\u0435\u043d\u043d\u044b\u043c\u0438 \u0438 \u0434\u0440\u0443\u0433\u0438\u0435 \u043f\u0440\u0430\u0432\u043e\u0437\u0430\u0449\u0438\u0442\u043d\u044b\u0435 \u043f\u0440\u043e\u0431\u043b\u0435\u043c\u044b \u0432 \u0420\u043e\u0441\u0441\u0438\u0438 \u0438 \u0411\u0435\u043b\u0430\u0440\u0443\u0441\u0438 \u0441\u0442\u0430\u043d\u043e\u0432\u044f\u0442\u0441\u044f \u0433\u043e\u0434 \u043e\u0442 \u0433\u043e\u0434\u0430 \u0432\u0441\u0435 \u043e\u0441\u0442\u0440\u0435\u0435. \u041c\u044b \u043e\u0436\u0438\u0432\u043b\u044f\u0435\u043c \u0434\u0438\u0430\u043b\u043e\u0433 \u043c\u0435\u0436\u0434\u0443 \u0440\u043e\u0441\u0441\u0438\u0439\u0441\u043a\u0438\u043c, \u0431\u0435\u043b\u0430\u0440\u0443\u0441\u0441\u043a\u0438\u043c, \u043f\u043e\u043b\u044c\u0441\u043a\u0438\u043c \u0438 \u043d\u0435\u043c\u0435\u0446\u043a\u0438\u043c \u043f\u0440\u0430\u0432\u043e\u0437\u0430\u0449\u0438\u0442\u043d\u044b\u043c \u0441\u043e\u043e\u0431\u0449\u0435\u0441\u0442\u0432\u043e\u043c \u0438 \u043d\u0430\u043b\u0430\u0436\u0438\u0432\u0430\u0435\u043c \u0438\u0445 \u043a\u043e\u043d\u0441\u0442\u0440\u0443\u043a\u0442\u0438\u0432\u043d\u043e\u0435 \u0432\u0437\u0430\u0438\u043c\u043e\u0434\u0435\u0439\u0441\u0442\u0432\u0438\u0435, \u0432\u0437\u0430\u0438\u043c\u043d\u043e\u0435 \u0438\u043d\u0444\u043e\u0440\u043c\u0438\u0440\u043e\u0432\u0430\u043d\u0438\u0435 \u0438 \u043f\u043e\u0434\u0434\u0435\u0440\u0436\u043a\u0443. \u041c\u044b \u0438\u043d\u0444\u043e\u0440\u043c\u0438\u0440\u0443\u0435\u043c \u043d\u0435\u043c\u0435\u0446\u043a\u0443\u044e \u043e\u0431\u0449\u0435\u0441\u0442\u0432\u0435\u043d\u043d\u043e\u0441\u0442\u044c \u043e \u0441\u0438\u0442\u0443\u0430\u0446\u0438\u0438 \u0441 \u0437\u0430\u0449\u0438\u0442\u043e\u0439 \u043f\u0440\u0430\u0432 \u0447\u0435\u043b\u043e\u0432\u0435\u043a\u0430 \u0432 \u0420\u043e\u0441\u0441\u0438\u0438 \u0438 \u0411\u0435\u043b\u0430\u0440\u0443\u0441\u0438, \u0430 \u0440\u043e\u0441\u0441\u0438\u0439\u0441\u043a\u0443\u044e \u0438 \u0431\u0435\u043b\u0430\u0440\u0443\u0441\u0441\u043a\u0443\u044e \u2014 \u043e \u043f\u043e\u043b\u043e\u0436\u0435\u043d\u0438\u0438 \u0432 \u044d\u0442\u043e\u0439 \u043e\u0431\u043b\u0430\u0441\u0442\u0438 \u0432 \u0413\u0435\u0440\u043c\u0430\u043d\u0438\u0438; \u0441\u043e\u0437\u0434\u0430\u0435\u043c \u043c\u0435\u0445\u0430\u043d\u0438\u0437\u043c \u043f\u043e\u0434\u0434\u0435\u0440\u0436\u043a\u0438 \u0440\u043e\u0441\u0441\u0438\u0439\u0441\u043a\u0438\u0445 \u0438 \u0431\u0435\u043b\u0430\u0440\u0443\u0441\u0441\u043a\u0438\u0445 \u043f\u0440\u0430\u0432\u043e\u0437\u0430\u0449\u0438\u0442\u043d\u0438\u043a\u043e\u0432, \u0436\u0435\u0440\u0442\u0432 \u043f\u043e\u043b\u0438\u0442\u0438\u0447\u0435\u0441\u043a\u0438\u0445 \u0440\u0435\u043f\u0440\u0435\u0441\u0441\u0438\u0439 \u0438 \u043f\u043e\u043b\u0438\u0442\u0437\u0430\u043a\u043b\u044e\u0447\u0435\u043d\u043d\u044b\u0445. \u0411\u0443\u0434\u0435\u043c \u0440\u0430\u0434\u044b \u0432\u0430\u0448\u0435\u043c\u0443 \u0443\u0447\u0430\u0441\u0442\u0438\u044e \u0432 \u0435\u0432\u0440\u043e\u043f\u0435\u0439\u0441\u043a\u043e\u043c \u043f\u0440\u0430\u0432\u043e\u0437\u0430\u0449\u0438\u0442\u043d\u043e\u043c \u0434\u0438\u0430\u043b\u043e\u0433\u0435 \u043d\u0430 \u043d\u0430\u0448\u0435\u043c \u0441\u0430\u0439\u0442\u0435 \u0438 \u0430\u043a\u043a\u0430\u0443\u043d\u0442\u0430\u0445 \u0432 \u0441\u043e\u0446\u0438\u0430\u043b\u044c\u043d\u044b\u0445 \u0441\u0435\u0442\u044f\u0445, \u0430 \u0442\u0430\u043a\u0436\u0435 \u043f\u0440\u0438\u0433\u043b\u0430\u0448\u0430\u0435\u043c \u0432\u0430\u0441 \u043f\u043e\u0434\u043f\u0438\u0441\u0430\u0442\u044c\u0441\u044f \u043d\u0430 \u0440\u0430\u0441\u0441\u044b\u043b\u043a\u0443 \u043e \u043f\u0440\u0430\u0432\u043e\u0437\u0430\u0449\u0438\u0442\u043d\u044b\u0445 \u043f\u0440\u043e\u0431\u043b\u0435\u043c\u0430\u0445\u00a0\u043f\u043e \u0441\u0441\u044b\u043b\u043a\u0435 (\u043d\u0430 \u043d\u0435\u043c\u0435\u0446\u043a\u043e\u043c \u044f\u0437\u044b\u043a\u0435).\u00a0\",\"url\":\"https:\/\/www.human-rights-year.com\/de\/author\/anna-andrievskaja\/\"}]}<\/script>\n<!-- \/ Yoast SEO plugin. -->","yoast_head_json":{"title":"Rechte von trans- und intersexuellen Menschen eingeschr\u00e4nkt - Europ\u00e4ischer Menschenrechtsdialog","robots":{"index":"index","follow":"follow","max-snippet":"max-snippet:-1","max-image-preview":"max-image-preview:large","max-video-preview":"max-video-preview:-1"},"canonical":"https:\/\/www.human-rights-year.com\/de\/2020\/05\/20\/rechte-von-trans-und-intersexuellen-menschen-eingeschraenkt\/","og_locale":"de_DE","og_type":"article","og_title":"Rechte von trans- und intersexuellen Menschen eingeschr\u00e4nkt - Europ\u00e4ischer Menschenrechtsdialog","og_description":"Das ungarische Parlament hat die M\u00f6glichkeit der rechtlichen Anerkennung von trans- und intersexuellen Menschen abgeschafft. Mit den Stimmen der rechtsnationalen Regierungsmehrheit wurde in Budapest ein","og_url":"https:\/\/www.human-rights-year.com\/de\/2020\/05\/20\/rechte-von-trans-und-intersexuellen-menschen-eingeschraenkt\/","og_site_name":"Europ\u00e4ischer Menschenrechtsdialog","article_published_time":"2020-05-20T13:18:04+00:00","og_image":[{"width":1600,"height":1000,"url":"https:\/\/www.human-rights-year.com\/wp-content\/uploads\/2020\/05\/parlamentsgebaude_budapest.jpg","type":"image\/jpeg"}],"author":"Europ\u00e4ischer Menschenrechtedialog","twitter_card":"summary_large_image","twitter_misc":{"Verfasst von":"Europ\u00e4ischer Menschenrechtedialog","Gesch\u00e4tzte Lesezeit":"1\u00a0Minute"},"schema":{"@context":"https:\/\/schema.org","@graph":[{"@type":"WebSite","@id":"https:\/\/www.human-rights-year.com\/#website","url":"https:\/\/www.human-rights-year.com\/","name":"\u0415\u0432\u0440\u043e\u043f\u0435\u0439\u0441\u043a\u0438\u0439 \u043f\u0440\u0430\u0432\u043e\u0437\u0430\u0449\u0438\u0442\u043d\u044b\u0439 \u0434\u0438\u0430\u043b\u043e\u0433","description":" ","potentialAction":[{"@type":"SearchAction","target":{"@type":"EntryPoint","urlTemplate":"https:\/\/www.human-rights-year.com\/?s={search_term_string}"},"query-input":"required name=search_term_string"}],"inLanguage":"de"},{"@type":"WebPage","@id":"https:\/\/www.human-rights-year.com\/de\/2020\/05\/20\/rechte-von-trans-und-intersexuellen-menschen-eingeschraenkt\/","url":"https:\/\/www.human-rights-year.com\/de\/2020\/05\/20\/rechte-von-trans-und-intersexuellen-menschen-eingeschraenkt\/","name":"Rechte von trans- und intersexuellen Menschen eingeschr\u00e4nkt - Europ\u00e4ischer Menschenrechtsdialog","isPartOf":{"@id":"https:\/\/www.human-rights-year.com\/#website"},"datePublished":"2020-05-20T13:18:04+00:00","dateModified":"2020-05-20T13:18:04+00:00","author":{"@id":"https:\/\/www.human-rights-year.com\/#\/schema\/person\/c61a685c41e5101f9ea8f886f7ff8867"},"breadcrumb":{"@id":"https:\/\/www.human-rights-year.com\/de\/2020\/05\/20\/rechte-von-trans-und-intersexuellen-menschen-eingeschraenkt\/#breadcrumb"},"inLanguage":"de","potentialAction":[{"@type":"ReadAction","target":["https:\/\/www.human-rights-year.com\/de\/2020\/05\/20\/rechte-von-trans-und-intersexuellen-menschen-eingeschraenkt\/"]}]},{"@type":"BreadcrumbList","@id":"https:\/\/www.human-rights-year.com\/de\/2020\/05\/20\/rechte-von-trans-und-intersexuellen-menschen-eingeschraenkt\/#breadcrumb","itemListElement":[{"@type":"ListItem","position":1,"name":"\u0413\u043b\u0430\u0432\u043d\u0430\u044f \u0441\u0442\u0440\u0430\u043d\u0438\u0446\u0430","item":"https:\/\/www.human-rights-year.com\/de\/"},{"@type":"ListItem","position":2,"name":"Rechte von trans- und intersexuellen Menschen eingeschr\u00e4nkt"}]},{"@type":"Person","@id":"https:\/\/www.human-rights-year.com\/#\/schema\/person\/c61a685c41e5101f9ea8f886f7ff8867","name":"Europ\u00e4ischer Menschenrechtedialog","image":{"@type":"ImageObject","inLanguage":"de","@id":"https:\/\/www.human-rights-year.com\/#\/schema\/person\/image\/","url":"https:\/\/secure.gravatar.com\/avatar\/b8079c67933c0da74d24da6410334e70?s=96&d=mm&r=g","contentUrl":"https:\/\/secure.gravatar.com\/avatar\/b8079c67933c0da74d24da6410334e70?s=96&d=mm&r=g","caption":"Europ\u00e4ischer Menschenrechtedialog"},"description":"\u041f\u0440\u043e\u0435\u043a\u0442\u00a0\u00ab\u0415\u0432\u0440\u043e\u043f\u0435\u0439\u0441\u043a\u0438\u0439 \u043f\u0440\u0430\u0432\u043e\u0437\u0430\u0449\u0438\u0442\u043d\u044b\u0439 \u0434\u0438\u0430\u043b\u043e\u0433\u00bb \u0440\u0435\u0430\u043b\u0438\u0437\u0443\u0435\u0442\u0441\u044f \u043f\u0440\u0438\u00a0\u043f\u043e\u0434\u0434\u0435\u0440\u0436\u043a\u0435 \u0433\u0435\u0440\u043c\u0430\u043d\u0441\u043a\u043e\u0433\u043e \u041c\u0418\u0414\u0430. \u0421\u0438\u0442\u0443\u0430\u0446\u0438\u044f \u0441 \u043f\u043e\u043b\u0438\u0442\u0437\u0430\u043a\u043b\u044e\u0447\u0435\u043d\u043d\u044b\u043c\u0438 \u0438 \u0434\u0440\u0443\u0433\u0438\u0435 \u043f\u0440\u0430\u0432\u043e\u0437\u0430\u0449\u0438\u0442\u043d\u044b\u0435 \u043f\u0440\u043e\u0431\u043b\u0435\u043c\u044b \u0432 \u0420\u043e\u0441\u0441\u0438\u0438 \u0438 \u0411\u0435\u043b\u0430\u0440\u0443\u0441\u0438 \u0441\u0442\u0430\u043d\u043e\u0432\u044f\u0442\u0441\u044f \u0433\u043e\u0434 \u043e\u0442 \u0433\u043e\u0434\u0430 \u0432\u0441\u0435 \u043e\u0441\u0442\u0440\u0435\u0435. \u041c\u044b \u043e\u0436\u0438\u0432\u043b\u044f\u0435\u043c \u0434\u0438\u0430\u043b\u043e\u0433 \u043c\u0435\u0436\u0434\u0443 \u0440\u043e\u0441\u0441\u0438\u0439\u0441\u043a\u0438\u043c, \u0431\u0435\u043b\u0430\u0440\u0443\u0441\u0441\u043a\u0438\u043c, \u043f\u043e\u043b\u044c\u0441\u043a\u0438\u043c \u0438 \u043d\u0435\u043c\u0435\u0446\u043a\u0438\u043c \u043f\u0440\u0430\u0432\u043e\u0437\u0430\u0449\u0438\u0442\u043d\u044b\u043c \u0441\u043e\u043e\u0431\u0449\u0435\u0441\u0442\u0432\u043e\u043c \u0438 \u043d\u0430\u043b\u0430\u0436\u0438\u0432\u0430\u0435\u043c \u0438\u0445 \u043a\u043e\u043d\u0441\u0442\u0440\u0443\u043a\u0442\u0438\u0432\u043d\u043e\u0435 \u0432\u0437\u0430\u0438\u043c\u043e\u0434\u0435\u0439\u0441\u0442\u0432\u0438\u0435, \u0432\u0437\u0430\u0438\u043c\u043d\u043e\u0435 \u0438\u043d\u0444\u043e\u0440\u043c\u0438\u0440\u043e\u0432\u0430\u043d\u0438\u0435 \u0438 \u043f\u043e\u0434\u0434\u0435\u0440\u0436\u043a\u0443. \u041c\u044b \u0438\u043d\u0444\u043e\u0440\u043c\u0438\u0440\u0443\u0435\u043c \u043d\u0435\u043c\u0435\u0446\u043a\u0443\u044e \u043e\u0431\u0449\u0435\u0441\u0442\u0432\u0435\u043d\u043d\u043e\u0441\u0442\u044c \u043e \u0441\u0438\u0442\u0443\u0430\u0446\u0438\u0438 \u0441 \u0437\u0430\u0449\u0438\u0442\u043e\u0439 \u043f\u0440\u0430\u0432 \u0447\u0435\u043b\u043e\u0432\u0435\u043a\u0430 \u0432 \u0420\u043e\u0441\u0441\u0438\u0438 \u0438 \u0411\u0435\u043b\u0430\u0440\u0443\u0441\u0438, \u0430 \u0440\u043e\u0441\u0441\u0438\u0439\u0441\u043a\u0443\u044e \u0438 \u0431\u0435\u043b\u0430\u0440\u0443\u0441\u0441\u043a\u0443\u044e \u2014 \u043e \u043f\u043e\u043b\u043e\u0436\u0435\u043d\u0438\u0438 \u0432 \u044d\u0442\u043e\u0439 \u043e\u0431\u043b\u0430\u0441\u0442\u0438 \u0432 \u0413\u0435\u0440\u043c\u0430\u043d\u0438\u0438; \u0441\u043e\u0437\u0434\u0430\u0435\u043c \u043c\u0435\u0445\u0430\u043d\u0438\u0437\u043c \u043f\u043e\u0434\u0434\u0435\u0440\u0436\u043a\u0438 \u0440\u043e\u0441\u0441\u0438\u0439\u0441\u043a\u0438\u0445 \u0438 \u0431\u0435\u043b\u0430\u0440\u0443\u0441\u0441\u043a\u0438\u0445 \u043f\u0440\u0430\u0432\u043e\u0437\u0430\u0449\u0438\u0442\u043d\u0438\u043a\u043e\u0432, \u0436\u0435\u0440\u0442\u0432 \u043f\u043e\u043b\u0438\u0442\u0438\u0447\u0435\u0441\u043a\u0438\u0445 \u0440\u0435\u043f\u0440\u0435\u0441\u0441\u0438\u0439 \u0438 \u043f\u043e\u043b\u0438\u0442\u0437\u0430\u043a\u043b\u044e\u0447\u0435\u043d\u043d\u044b\u0445. \u0411\u0443\u0434\u0435\u043c \u0440\u0430\u0434\u044b \u0432\u0430\u0448\u0435\u043c\u0443 \u0443\u0447\u0430\u0441\u0442\u0438\u044e \u0432 \u0435\u0432\u0440\u043e\u043f\u0435\u0439\u0441\u043a\u043e\u043c \u043f\u0440\u0430\u0432\u043e\u0437\u0430\u0449\u0438\u0442\u043d\u043e\u043c \u0434\u0438\u0430\u043b\u043e\u0433\u0435 \u043d\u0430 \u043d\u0430\u0448\u0435\u043c \u0441\u0430\u0439\u0442\u0435 \u0438 \u0430\u043a\u043a\u0430\u0443\u043d\u0442\u0430\u0445 \u0432 \u0441\u043e\u0446\u0438\u0430\u043b\u044c\u043d\u044b\u0445 \u0441\u0435\u0442\u044f\u0445, \u0430 \u0442\u0430\u043a\u0436\u0435 \u043f\u0440\u0438\u0433\u043b\u0430\u0448\u0430\u0435\u043c \u0432\u0430\u0441 \u043f\u043e\u0434\u043f\u0438\u0441\u0430\u0442\u044c\u0441\u044f \u043d\u0430 \u0440\u0430\u0441\u0441\u044b\u043b\u043a\u0443 \u043e \u043f\u0440\u0430\u0432\u043e\u0437\u0430\u0449\u0438\u0442\u043d\u044b\u0445 \u043f\u0440\u043e\u0431\u043b\u0435\u043c\u0430\u0445\u00a0\u043f\u043e \u0441\u0441\u044b\u043b\u043a\u0435 (\u043d\u0430 \u043d\u0435\u043c\u0435\u0446\u043a\u043e\u043c \u044f\u0437\u044b\u043a\u0435).\u00a0","url":"https:\/\/www.human-rights-year.com\/de\/author\/anna-andrievskaja\/"}]}},"_links":{"self":[{"href":"https:\/\/www.human-rights-year.com\/de\/wp-json\/wp\/v2\/posts\/3420"}],"collection":[{"href":"https:\/\/www.human-rights-year.com\/de\/wp-json\/wp\/v2\/posts"}],"about":[{"href":"https:\/\/www.human-rights-year.com\/de\/wp-json\/wp\/v2\/types\/post"}],"author":[{"embeddable":true,"href":"https:\/\/www.human-rights-year.com\/de\/wp-json\/wp\/v2\/users\/33"}],"replies":[{"embeddable":true,"href":"https:\/\/www.human-rights-year.com\/de\/wp-json\/wp\/v2\/comments?post=3420"}],"version-history":[{"count":0,"href":"https:\/\/www.human-rights-year.com\/de\/wp-json\/wp\/v2\/posts\/3420\/revisions"}],"wp:featuredmedia":[{"embeddable":true,"href":"https:\/\/www.human-rights-year.com\/de\/wp-json\/wp\/v2\/media\/3421"}],"wp:attachment":[{"href":"https:\/\/www.human-rights-year.com\/de\/wp-json\/wp\/v2\/media?parent=3420"}],"wp:term":[{"taxonomy":"category","embeddable":true,"href":"https:\/\/www.human-rights-year.com\/de\/wp-json\/wp\/v2\/categories?post=3420"},{"taxonomy":"post_tag","embeddable":true,"href":"https:\/\/www.human-rights-year.com\/de\/wp-json\/wp\/v2\/tags?post=3420"}],"curies":[{"name":"wp","href":"https:\/\/api.w.org\/{rel}","templated":true}]}}