{"id":3410,"date":"2020-05-19T16:39:44","date_gmt":"2020-05-19T14:39:44","guid":{"rendered":"https:\/\/www.human-rights-year.com\/?p=3410"},"modified":"2020-05-19T16:39:44","modified_gmt":"2020-05-19T14:39:44","slug":"two-sevastopol-residents-convicted-of-preparing-acts-of-sabotage-on-behalf-of-ukraine-are-political-prisoners-memorial-says","status":"publish","type":"post","link":"https:\/\/www.human-rights-year.com\/de\/2020\/05\/19\/two-sevastopol-residents-convicted-of-preparing-acts-of-sabotage-on-behalf-of-ukraine-are-political-prisoners-memorial-says\/","title":{"rendered":"Two Sevastopol residents convicted of preparing acts of sabotage on behalf of Ukraine are political prisoners, Memorial says"},"content":{"rendered":"<p><strong>Memorial Human Rights Centre considers Aleksei Bessarabov and Vladimir Dudka political prisoners in\u00a0line with\u00a0<a href=\"https:\/\/memohrc.us6.list-manage.com\/track\/click?u=0beb3097c1&amp;id=87f8fd7c2a&amp;e=339ca062ef\" target=\"_blank\" rel=\"noopener noreferrer\" data-saferedirecturl=\"https:\/\/www.google.com\/url?q=https:\/\/memohrc.us6.list-manage.com\/track\/click?u%3D0beb3097c1%26id%3D87f8fd7c2a%26e%3D339ca062ef&amp;source=gmail&amp;ust=1589984263152000&amp;usg=AFQjCNFw8tcYHkjVN2Mk6o0JA8tdRJyY6Q\">international guidelines<\/a>\u00a0defining the term. We\u00a0believe the two men were criminally prosecuted because of\u00a0their professions (both were retired Ukrainian naval officers) and because they both had strong continuing links with Ukraine. The prosecution was based on\u00a0torture and the fabrication of\u00a0evidence of\u00a0a\u00a0non-existent offence in\u00a0violation of\u00a0the rights to\u00a0legal representation and a\u00a0fair trial. Memorial Human Rights Centre calls for the immediate release of\u00a0Bessarabov and Dudka.<\/strong><\/p>\n<p><strong>Who are Vladimir Dudka and Aleksei Bessarabov<\/strong><\/p>\n<p>Aleksei Bessarabov is\u00a0a\u00a0journalist and Vladimir Dudka is\u00a0an\u00a0engineer with the Russian Emergencies Ministry, both residents of\u00a0Sevastopol and former Ukrainian naval officers who retired several years before Russia annexed the Crimea.<\/p>\n<p>On\u00a09 November 2016 the two were detained by\u00a0FSB officers. Both were charged with preparing acts of\u00a0sabotage in\u00a0Sevastopol on\u00a0the instructions of\u00a0Ukraine.<\/p>\n<p>On\u00a04 April 2019 Sevastopol City Court sentenced Bessarabov and Dudka to\u00a014\u00a0years in\u00a0a\u00a0strict-regime prison colony and fines of\u00a0300,000 roubles and 350,000\u00a0roubles, respectively, for offences under Article\u00a030, Section\u00a01, of\u00a0the Russian Criminal Code in\u00a0association with Article 281, Section\u00a02, Part\u00a0a, of\u00a0the Russian Criminal Code (preparing acts of\u00a0sabotage as\u00a0part of\u00a0an\u00a0organised group) and Article 222.1, Section\u00a03, of\u00a0the Russian Criminal Code (illegal possession of\u00a0improvised explosive devices as\u00a0part of\u00a0an\u00a0organised group).<\/p>\n<p><strong>The charges<\/strong><\/p>\n<p>According to\u00a0the FSB, at\u00a0the behest of\u00a0Ukrainian military intelligence Bessarabov and Dudka made preparations to\u00a0blow up\u00a0TV and radio transmitters and fuel warehouses belonging to\u00a0the Black Sea Fleet in\u00a0Sevastopol.<\/p>\n<p><strong>Why Memorial Human Rights Centre considers Bessarabov and Dudka political prisoners<\/strong><\/p>\n<p>The authorities did not allow the suspects to\u00a0see either their family or\u00a0lawyers for more than a\u00a0week after they were arrested.<\/p>\n<p>Subsequently, they related in\u00a0detail how during that time FSB officers tortured them with electric shocks and forced them to\u00a0incriminate themselves in\u00a0front of\u00a0a\u00a0video camera.<\/p>\n<p>The main federal\u00a0TV channels\u00a0<a href=\"https:\/\/memohrc.us6.list-manage.com\/track\/click?u=0beb3097c1&amp;id=1bf69045bc&amp;e=339ca062ef\" target=\"_blank\" rel=\"noopener noreferrer\" data-saferedirecturl=\"https:\/\/www.google.com\/url?q=https:\/\/memohrc.us6.list-manage.com\/track\/click?u%3D0beb3097c1%26id%3D1bf69045bc%26e%3D339ca062ef&amp;source=gmail&amp;ust=1589984263152000&amp;usg=AFQjCNHcy_5D7Xu-KeSEFAW4SQPmLKLiDA\">used<\/a>\u00a0cuts from these \u2018video confessions\u2019 as\u00a0proof of\u00a0the crimes of\u00a0the \u2018Kiev Junta.\u2019 The FSB was subsequently forced to\u00a0withdraw the charges laid in\u00a0many similar cases in\u00a0Crimea that were accompanied by\u00a0such video confessions (see, for example, the cases of\u00a0<a href=\"https:\/\/memohrc.us6.list-manage.com\/track\/click?u=0beb3097c1&amp;id=46ad0debf0&amp;e=339ca062ef\" target=\"_blank\" rel=\"noopener noreferrer\" data-saferedirecturl=\"https:\/\/www.google.com\/url?q=https:\/\/memohrc.us6.list-manage.com\/track\/click?u%3D0beb3097c1%26id%3D46ad0debf0%26e%3D339ca062ef&amp;source=gmail&amp;ust=1589984263152000&amp;usg=AFQjCNF9iK10mhvQqC52C-Bt6IMM7ua-bQ\">Vladimir Prisich<\/a>\u00a0and\u00a0<a href=\"https:\/\/memohrc.us6.list-manage.com\/track\/click?u=0beb3097c1&amp;id=eac2354a4f&amp;e=339ca062ef\" target=\"_blank\" rel=\"noopener noreferrer\" data-saferedirecturl=\"https:\/\/www.google.com\/url?q=https:\/\/memohrc.us6.list-manage.com\/track\/click?u%3D0beb3097c1%26id%3Deac2354a4f%26e%3D339ca062ef&amp;source=gmail&amp;ust=1589984263152000&amp;usg=AFQjCNHXySsHeuwu3cUJ60lHGLrQDem_Bg\">Redvan Suleimanov<\/a>). It\u00a0is\u00a0therefore impossible to\u00a0consider them as\u00a0confirmation of\u00a0the guilt of\u00a0the defendants.<\/p>\n<p>In\u00a0our opinion, the FSB failed to\u00a0present significant evidence of\u00a0the alleged offences. For example, the explosive devices \u2018found\u2019 in\u00a0a\u00a0hidden cache bear no\u00a0traces of\u00a0the DNA of\u00a0the defendants.<\/p>\n<p>Despite the fact that the two men were under video surveillance and their phones were tapped, the authorities were unable to\u00a0catch them \u2018red-handed.\u2019 The evidence in\u00a0the case contains no\u00a0video or\u00a0audio recordings that even tangentially confirm the preparation of\u00a0acts of\u00a0sabotage.<\/p>\n<p>There are also strong grounds to\u00a0suggest that the correspondence on\u00a0the Viber messenger app cited as\u00a0evidence was fabricated, and the special phones, allegedly used to\u00a0conduct this correspondence, were planted.<\/p>\n<p>We\u00a0believe that the Russian authorities fabricated the case against Bessarabov and Dudka for the purpose of\u00a0propaganda as\u00a0part of\u00a0a\u00a0long-term campaign to\u00a0depict Ukraine and its citizens as\u00a0enemies.<\/p>\n<p><em>Recognition of\u00a0an\u00a0individual as\u00a0a\u00a0political prisoner, or\u00a0of\u00a0a\u00a0prosecution as\u00a0politically motivated, does not imply Memorial Human Rights Centre shares or\u00a0approves the individual\u2019s views, statements or\u00a0actions.<\/em><\/p>\n<p>You can support all political prisoners by\u00a0donating to\u00a0the\u00a0<a href=\"https:\/\/memohrc.us6.list-manage.com\/track\/click?u=0beb3097c1&amp;id=4eddaaf628&amp;e=339ca062ef\" target=\"_blank\" rel=\"noopener noreferrer\" data-saferedirecturl=\"https:\/\/www.google.com\/url?q=https:\/\/memohrc.us6.list-manage.com\/track\/click?u%3D0beb3097c1%26id%3D4eddaaf628%26e%3D339ca062ef&amp;source=gmail&amp;ust=1589984263152000&amp;usg=AFQjCNH_w9jQ-xPCCM11ec8sYe6xegHKHQ\">Fund to\u00a0Support Political Prisoners<\/a>\u00a0of\u00a0the Union of\u00a0Solidarity with Political Prisoners via PayPal, using the e-wallet at\u00a0<a href=\"mailto:helppoliticalprisoners@gmail.com\" target=\"_blank\" rel=\"noopener noreferrer\">helppoliticalprisoners@<wbr \/>gmail.com<\/a>.<\/p>\n<p><a href=\"https:\/\/memohrc.us6.list-manage.com\/track\/click?u=0beb3097c1&amp;id=f1979c6f14&amp;e=339ca062ef\" target=\"_blank\" rel=\"noopener noreferrer\" data-saferedirecturl=\"https:\/\/www.google.com\/url?q=https:\/\/memohrc.us6.list-manage.com\/track\/click?u%3D0beb3097c1%26id%3Df1979c6f14%26e%3D339ca062ef&amp;source=gmail&amp;ust=1589984263152000&amp;usg=AFQjCNHcwT2xP3mYYBDUUrIGzrQvrklrcw\">Read this statement on\u00a0Memorial\u2019s web-site<\/a><\/p>\n","protected":false},"excerpt":{"rendered":"<p>Memorial Human Rights Centre considers Aleksei Bessarabov and Vladimir Dudka political prisoners in\u00a0line with\u00a0international guidelines\u00a0defining the term. We\u00a0believe the two men were criminally prosecuted because<\/p>\n","protected":false},"author":33,"featured_media":3411,"comment_status":"closed","ping_status":"open","sticky":false,"template":"","format":"standard","meta":[],"categories":[20,12],"tags":[],"yoast_head":"<!-- This site is optimized with the Yoast SEO plugin v19.4 - https:\/\/yoast.com\/wordpress\/plugins\/seo\/ -->\n<title>Two Sevastopol residents convicted of preparing acts of sabotage on behalf of Ukraine are political prisoners, Memorial says - Europ\u00e4ischer Menschenrechtsdialog<\/title>\n<meta name=\"robots\" content=\"index, follow, max-snippet:-1, max-image-preview:large, max-video-preview:-1\" \/>\n<link rel=\"canonical\" href=\"https:\/\/www.human-rights-year.com\/de\/2020\/05\/19\/two-sevastopol-residents-convicted-of-preparing-acts-of-sabotage-on-behalf-of-ukraine-are-political-prisoners-memorial-says\/\" \/>\n<meta property=\"og:locale\" content=\"de_DE\" \/>\n<meta property=\"og:type\" content=\"article\" \/>\n<meta property=\"og:title\" content=\"Two Sevastopol residents convicted of preparing acts of sabotage on behalf of Ukraine are political prisoners, Memorial says - Europ\u00e4ischer Menschenrechtsdialog\" \/>\n<meta property=\"og:description\" content=\"Memorial Human Rights Centre considers Aleksei Bessarabov and Vladimir Dudka political prisoners in\u00a0line with\u00a0international guidelines\u00a0defining the term. We\u00a0believe the two men were criminally prosecuted because\" \/>\n<meta property=\"og:url\" content=\"https:\/\/www.human-rights-year.com\/de\/2020\/05\/19\/two-sevastopol-residents-convicted-of-preparing-acts-of-sabotage-on-behalf-of-ukraine-are-political-prisoners-memorial-says\/\" \/>\n<meta property=\"og:site_name\" content=\"Europ\u00e4ischer Menschenrechtsdialog\" \/>\n<meta property=\"article:published_time\" content=\"2020-05-19T14:39:44+00:00\" \/>\n<meta property=\"og:image\" content=\"https:\/\/www.human-rights-year.com\/wp-content\/uploads\/2020\/05\/unnamed.png\" \/>\n\t<meta property=\"og:image:width\" content=\"930\" \/>\n\t<meta property=\"og:image:height\" content=\"485\" \/>\n\t<meta property=\"og:image:type\" content=\"image\/png\" \/>\n<meta name=\"author\" content=\"Europ\u00e4ischer Menschenrechtedialog\" \/>\n<meta name=\"twitter:card\" content=\"summary_large_image\" \/>\n<meta name=\"twitter:label1\" content=\"Verfasst von\" \/>\n\t<meta name=\"twitter:data1\" content=\"Europ\u00e4ischer Menschenrechtedialog\" \/>\n\t<meta name=\"twitter:label2\" content=\"Gesch\u00e4tzte Lesezeit\" \/>\n\t<meta name=\"twitter:data2\" content=\"3\u00a0Minuten\" \/>\n<script type=\"application\/ld+json\" class=\"yoast-schema-graph\">{\"@context\":\"https:\/\/schema.org\",\"@graph\":[{\"@type\":\"WebSite\",\"@id\":\"https:\/\/www.human-rights-year.com\/#website\",\"url\":\"https:\/\/www.human-rights-year.com\/\",\"name\":\"\u0415\u0432\u0440\u043e\u043f\u0435\u0439\u0441\u043a\u0438\u0439 \u043f\u0440\u0430\u0432\u043e\u0437\u0430\u0449\u0438\u0442\u043d\u044b\u0439 \u0434\u0438\u0430\u043b\u043e\u0433\",\"description\":\" \",\"potentialAction\":[{\"@type\":\"SearchAction\",\"target\":{\"@type\":\"EntryPoint\",\"urlTemplate\":\"https:\/\/www.human-rights-year.com\/?s={search_term_string}\"},\"query-input\":\"required name=search_term_string\"}],\"inLanguage\":\"de\"},{\"@type\":\"WebPage\",\"@id\":\"https:\/\/www.human-rights-year.com\/de\/2020\/05\/19\/two-sevastopol-residents-convicted-of-preparing-acts-of-sabotage-on-behalf-of-ukraine-are-political-prisoners-memorial-says\/\",\"url\":\"https:\/\/www.human-rights-year.com\/de\/2020\/05\/19\/two-sevastopol-residents-convicted-of-preparing-acts-of-sabotage-on-behalf-of-ukraine-are-political-prisoners-memorial-says\/\",\"name\":\"Two Sevastopol residents convicted of preparing acts of sabotage on behalf of Ukraine are political prisoners, Memorial says - Europ\u00e4ischer Menschenrechtsdialog\",\"isPartOf\":{\"@id\":\"https:\/\/www.human-rights-year.com\/#website\"},\"datePublished\":\"2020-05-19T14:39:44+00:00\",\"dateModified\":\"2020-05-19T14:39:44+00:00\",\"author\":{\"@id\":\"https:\/\/www.human-rights-year.com\/#\/schema\/person\/c61a685c41e5101f9ea8f886f7ff8867\"},\"breadcrumb\":{\"@id\":\"https:\/\/www.human-rights-year.com\/de\/2020\/05\/19\/two-sevastopol-residents-convicted-of-preparing-acts-of-sabotage-on-behalf-of-ukraine-are-political-prisoners-memorial-says\/#breadcrumb\"},\"inLanguage\":\"de\",\"potentialAction\":[{\"@type\":\"ReadAction\",\"target\":[\"https:\/\/www.human-rights-year.com\/de\/2020\/05\/19\/two-sevastopol-residents-convicted-of-preparing-acts-of-sabotage-on-behalf-of-ukraine-are-political-prisoners-memorial-says\/\"]}]},{\"@type\":\"BreadcrumbList\",\"@id\":\"https:\/\/www.human-rights-year.com\/de\/2020\/05\/19\/two-sevastopol-residents-convicted-of-preparing-acts-of-sabotage-on-behalf-of-ukraine-are-political-prisoners-memorial-says\/#breadcrumb\",\"itemListElement\":[{\"@type\":\"ListItem\",\"position\":1,\"name\":\"\u0413\u043b\u0430\u0432\u043d\u0430\u044f \u0441\u0442\u0440\u0430\u043d\u0438\u0446\u0430\",\"item\":\"https:\/\/www.human-rights-year.com\/de\/\"},{\"@type\":\"ListItem\",\"position\":2,\"name\":\"Two Sevastopol residents convicted of preparing acts of sabotage on behalf of Ukraine are political prisoners, Memorial says\"}]},{\"@type\":\"Person\",\"@id\":\"https:\/\/www.human-rights-year.com\/#\/schema\/person\/c61a685c41e5101f9ea8f886f7ff8867\",\"name\":\"Europ\u00e4ischer Menschenrechtedialog\",\"image\":{\"@type\":\"ImageObject\",\"inLanguage\":\"de\",\"@id\":\"https:\/\/www.human-rights-year.com\/#\/schema\/person\/image\/\",\"url\":\"https:\/\/secure.gravatar.com\/avatar\/b8079c67933c0da74d24da6410334e70?s=96&d=mm&r=g\",\"contentUrl\":\"https:\/\/secure.gravatar.com\/avatar\/b8079c67933c0da74d24da6410334e70?s=96&d=mm&r=g\",\"caption\":\"Europ\u00e4ischer Menschenrechtedialog\"},\"description\":\"\u041f\u0440\u043e\u0435\u043a\u0442\u00a0\u00ab\u0415\u0432\u0440\u043e\u043f\u0435\u0439\u0441\u043a\u0438\u0439 \u043f\u0440\u0430\u0432\u043e\u0437\u0430\u0449\u0438\u0442\u043d\u044b\u0439 \u0434\u0438\u0430\u043b\u043e\u0433\u00bb \u0440\u0435\u0430\u043b\u0438\u0437\u0443\u0435\u0442\u0441\u044f \u043f\u0440\u0438\u00a0\u043f\u043e\u0434\u0434\u0435\u0440\u0436\u043a\u0435 \u0433\u0435\u0440\u043c\u0430\u043d\u0441\u043a\u043e\u0433\u043e \u041c\u0418\u0414\u0430. \u0421\u0438\u0442\u0443\u0430\u0446\u0438\u044f \u0441 \u043f\u043e\u043b\u0438\u0442\u0437\u0430\u043a\u043b\u044e\u0447\u0435\u043d\u043d\u044b\u043c\u0438 \u0438 \u0434\u0440\u0443\u0433\u0438\u0435 \u043f\u0440\u0430\u0432\u043e\u0437\u0430\u0449\u0438\u0442\u043d\u044b\u0435 \u043f\u0440\u043e\u0431\u043b\u0435\u043c\u044b \u0432 \u0420\u043e\u0441\u0441\u0438\u0438 \u0438 \u0411\u0435\u043b\u0430\u0440\u0443\u0441\u0438 \u0441\u0442\u0430\u043d\u043e\u0432\u044f\u0442\u0441\u044f \u0433\u043e\u0434 \u043e\u0442 \u0433\u043e\u0434\u0430 \u0432\u0441\u0435 \u043e\u0441\u0442\u0440\u0435\u0435. \u041c\u044b \u043e\u0436\u0438\u0432\u043b\u044f\u0435\u043c \u0434\u0438\u0430\u043b\u043e\u0433 \u043c\u0435\u0436\u0434\u0443 \u0440\u043e\u0441\u0441\u0438\u0439\u0441\u043a\u0438\u043c, \u0431\u0435\u043b\u0430\u0440\u0443\u0441\u0441\u043a\u0438\u043c, \u043f\u043e\u043b\u044c\u0441\u043a\u0438\u043c \u0438 \u043d\u0435\u043c\u0435\u0446\u043a\u0438\u043c \u043f\u0440\u0430\u0432\u043e\u0437\u0430\u0449\u0438\u0442\u043d\u044b\u043c \u0441\u043e\u043e\u0431\u0449\u0435\u0441\u0442\u0432\u043e\u043c \u0438 \u043d\u0430\u043b\u0430\u0436\u0438\u0432\u0430\u0435\u043c \u0438\u0445 \u043a\u043e\u043d\u0441\u0442\u0440\u0443\u043a\u0442\u0438\u0432\u043d\u043e\u0435 \u0432\u0437\u0430\u0438\u043c\u043e\u0434\u0435\u0439\u0441\u0442\u0432\u0438\u0435, \u0432\u0437\u0430\u0438\u043c\u043d\u043e\u0435 \u0438\u043d\u0444\u043e\u0440\u043c\u0438\u0440\u043e\u0432\u0430\u043d\u0438\u0435 \u0438 \u043f\u043e\u0434\u0434\u0435\u0440\u0436\u043a\u0443. \u041c\u044b \u0438\u043d\u0444\u043e\u0440\u043c\u0438\u0440\u0443\u0435\u043c \u043d\u0435\u043c\u0435\u0446\u043a\u0443\u044e \u043e\u0431\u0449\u0435\u0441\u0442\u0432\u0435\u043d\u043d\u043e\u0441\u0442\u044c \u043e \u0441\u0438\u0442\u0443\u0430\u0446\u0438\u0438 \u0441 \u0437\u0430\u0449\u0438\u0442\u043e\u0439 \u043f\u0440\u0430\u0432 \u0447\u0435\u043b\u043e\u0432\u0435\u043a\u0430 \u0432 \u0420\u043e\u0441\u0441\u0438\u0438 \u0438 \u0411\u0435\u043b\u0430\u0440\u0443\u0441\u0438, \u0430 \u0440\u043e\u0441\u0441\u0438\u0439\u0441\u043a\u0443\u044e \u0438 \u0431\u0435\u043b\u0430\u0440\u0443\u0441\u0441\u043a\u0443\u044e \u2014 \u043e \u043f\u043e\u043b\u043e\u0436\u0435\u043d\u0438\u0438 \u0432 \u044d\u0442\u043e\u0439 \u043e\u0431\u043b\u0430\u0441\u0442\u0438 \u0432 \u0413\u0435\u0440\u043c\u0430\u043d\u0438\u0438; \u0441\u043e\u0437\u0434\u0430\u0435\u043c \u043c\u0435\u0445\u0430\u043d\u0438\u0437\u043c \u043f\u043e\u0434\u0434\u0435\u0440\u0436\u043a\u0438 \u0440\u043e\u0441\u0441\u0438\u0439\u0441\u043a\u0438\u0445 \u0438 \u0431\u0435\u043b\u0430\u0440\u0443\u0441\u0441\u043a\u0438\u0445 \u043f\u0440\u0430\u0432\u043e\u0437\u0430\u0449\u0438\u0442\u043d\u0438\u043a\u043e\u0432, \u0436\u0435\u0440\u0442\u0432 \u043f\u043e\u043b\u0438\u0442\u0438\u0447\u0435\u0441\u043a\u0438\u0445 \u0440\u0435\u043f\u0440\u0435\u0441\u0441\u0438\u0439 \u0438 \u043f\u043e\u043b\u0438\u0442\u0437\u0430\u043a\u043b\u044e\u0447\u0435\u043d\u043d\u044b\u0445. \u0411\u0443\u0434\u0435\u043c \u0440\u0430\u0434\u044b \u0432\u0430\u0448\u0435\u043c\u0443 \u0443\u0447\u0430\u0441\u0442\u0438\u044e \u0432 \u0435\u0432\u0440\u043e\u043f\u0435\u0439\u0441\u043a\u043e\u043c \u043f\u0440\u0430\u0432\u043e\u0437\u0430\u0449\u0438\u0442\u043d\u043e\u043c \u0434\u0438\u0430\u043b\u043e\u0433\u0435 \u043d\u0430 \u043d\u0430\u0448\u0435\u043c \u0441\u0430\u0439\u0442\u0435 \u0438 \u0430\u043a\u043a\u0430\u0443\u043d\u0442\u0430\u0445 \u0432 \u0441\u043e\u0446\u0438\u0430\u043b\u044c\u043d\u044b\u0445 \u0441\u0435\u0442\u044f\u0445, \u0430 \u0442\u0430\u043a\u0436\u0435 \u043f\u0440\u0438\u0433\u043b\u0430\u0448\u0430\u0435\u043c \u0432\u0430\u0441 \u043f\u043e\u0434\u043f\u0438\u0441\u0430\u0442\u044c\u0441\u044f \u043d\u0430 \u0440\u0430\u0441\u0441\u044b\u043b\u043a\u0443 \u043e \u043f\u0440\u0430\u0432\u043e\u0437\u0430\u0449\u0438\u0442\u043d\u044b\u0445 \u043f\u0440\u043e\u0431\u043b\u0435\u043c\u0430\u0445\u00a0\u043f\u043e \u0441\u0441\u044b\u043b\u043a\u0435 (\u043d\u0430 \u043d\u0435\u043c\u0435\u0446\u043a\u043e\u043c \u044f\u0437\u044b\u043a\u0435).\u00a0\",\"url\":\"https:\/\/www.human-rights-year.com\/de\/author\/anna-andrievskaja\/\"}]}<\/script>\n<!-- \/ Yoast SEO plugin. -->","yoast_head_json":{"title":"Two Sevastopol residents convicted of preparing acts of sabotage on behalf of Ukraine are political prisoners, Memorial says - Europ\u00e4ischer Menschenrechtsdialog","robots":{"index":"index","follow":"follow","max-snippet":"max-snippet:-1","max-image-preview":"max-image-preview:large","max-video-preview":"max-video-preview:-1"},"canonical":"https:\/\/www.human-rights-year.com\/de\/2020\/05\/19\/two-sevastopol-residents-convicted-of-preparing-acts-of-sabotage-on-behalf-of-ukraine-are-political-prisoners-memorial-says\/","og_locale":"de_DE","og_type":"article","og_title":"Two Sevastopol residents convicted of preparing acts of sabotage on behalf of Ukraine are political prisoners, Memorial says - Europ\u00e4ischer Menschenrechtsdialog","og_description":"Memorial Human Rights Centre considers Aleksei Bessarabov and Vladimir Dudka political prisoners in\u00a0line with\u00a0international guidelines\u00a0defining the term. We\u00a0believe the two men were criminally prosecuted because","og_url":"https:\/\/www.human-rights-year.com\/de\/2020\/05\/19\/two-sevastopol-residents-convicted-of-preparing-acts-of-sabotage-on-behalf-of-ukraine-are-political-prisoners-memorial-says\/","og_site_name":"Europ\u00e4ischer Menschenrechtsdialog","article_published_time":"2020-05-19T14:39:44+00:00","og_image":[{"width":930,"height":485,"url":"https:\/\/www.human-rights-year.com\/wp-content\/uploads\/2020\/05\/unnamed.png","type":"image\/png"}],"author":"Europ\u00e4ischer Menschenrechtedialog","twitter_card":"summary_large_image","twitter_misc":{"Verfasst von":"Europ\u00e4ischer Menschenrechtedialog","Gesch\u00e4tzte Lesezeit":"3\u00a0Minuten"},"schema":{"@context":"https:\/\/schema.org","@graph":[{"@type":"WebSite","@id":"https:\/\/www.human-rights-year.com\/#website","url":"https:\/\/www.human-rights-year.com\/","name":"\u0415\u0432\u0440\u043e\u043f\u0435\u0439\u0441\u043a\u0438\u0439 \u043f\u0440\u0430\u0432\u043e\u0437\u0430\u0449\u0438\u0442\u043d\u044b\u0439 \u0434\u0438\u0430\u043b\u043e\u0433","description":" ","potentialAction":[{"@type":"SearchAction","target":{"@type":"EntryPoint","urlTemplate":"https:\/\/www.human-rights-year.com\/?s={search_term_string}"},"query-input":"required name=search_term_string"}],"inLanguage":"de"},{"@type":"WebPage","@id":"https:\/\/www.human-rights-year.com\/de\/2020\/05\/19\/two-sevastopol-residents-convicted-of-preparing-acts-of-sabotage-on-behalf-of-ukraine-are-political-prisoners-memorial-says\/","url":"https:\/\/www.human-rights-year.com\/de\/2020\/05\/19\/two-sevastopol-residents-convicted-of-preparing-acts-of-sabotage-on-behalf-of-ukraine-are-political-prisoners-memorial-says\/","name":"Two Sevastopol residents convicted of preparing acts of sabotage on behalf of Ukraine are political prisoners, Memorial says - Europ\u00e4ischer Menschenrechtsdialog","isPartOf":{"@id":"https:\/\/www.human-rights-year.com\/#website"},"datePublished":"2020-05-19T14:39:44+00:00","dateModified":"2020-05-19T14:39:44+00:00","author":{"@id":"https:\/\/www.human-rights-year.com\/#\/schema\/person\/c61a685c41e5101f9ea8f886f7ff8867"},"breadcrumb":{"@id":"https:\/\/www.human-rights-year.com\/de\/2020\/05\/19\/two-sevastopol-residents-convicted-of-preparing-acts-of-sabotage-on-behalf-of-ukraine-are-political-prisoners-memorial-says\/#breadcrumb"},"inLanguage":"de","potentialAction":[{"@type":"ReadAction","target":["https:\/\/www.human-rights-year.com\/de\/2020\/05\/19\/two-sevastopol-residents-convicted-of-preparing-acts-of-sabotage-on-behalf-of-ukraine-are-political-prisoners-memorial-says\/"]}]},{"@type":"BreadcrumbList","@id":"https:\/\/www.human-rights-year.com\/de\/2020\/05\/19\/two-sevastopol-residents-convicted-of-preparing-acts-of-sabotage-on-behalf-of-ukraine-are-political-prisoners-memorial-says\/#breadcrumb","itemListElement":[{"@type":"ListItem","position":1,"name":"\u0413\u043b\u0430\u0432\u043d\u0430\u044f \u0441\u0442\u0440\u0430\u043d\u0438\u0446\u0430","item":"https:\/\/www.human-rights-year.com\/de\/"},{"@type":"ListItem","position":2,"name":"Two Sevastopol residents convicted of preparing acts of sabotage on behalf of Ukraine are political prisoners, Memorial says"}]},{"@type":"Person","@id":"https:\/\/www.human-rights-year.com\/#\/schema\/person\/c61a685c41e5101f9ea8f886f7ff8867","name":"Europ\u00e4ischer Menschenrechtedialog","image":{"@type":"ImageObject","inLanguage":"de","@id":"https:\/\/www.human-rights-year.com\/#\/schema\/person\/image\/","url":"https:\/\/secure.gravatar.com\/avatar\/b8079c67933c0da74d24da6410334e70?s=96&d=mm&r=g","contentUrl":"https:\/\/secure.gravatar.com\/avatar\/b8079c67933c0da74d24da6410334e70?s=96&d=mm&r=g","caption":"Europ\u00e4ischer Menschenrechtedialog"},"description":"\u041f\u0440\u043e\u0435\u043a\u0442\u00a0\u00ab\u0415\u0432\u0440\u043e\u043f\u0435\u0439\u0441\u043a\u0438\u0439 \u043f\u0440\u0430\u0432\u043e\u0437\u0430\u0449\u0438\u0442\u043d\u044b\u0439 \u0434\u0438\u0430\u043b\u043e\u0433\u00bb \u0440\u0435\u0430\u043b\u0438\u0437\u0443\u0435\u0442\u0441\u044f \u043f\u0440\u0438\u00a0\u043f\u043e\u0434\u0434\u0435\u0440\u0436\u043a\u0435 \u0433\u0435\u0440\u043c\u0430\u043d\u0441\u043a\u043e\u0433\u043e \u041c\u0418\u0414\u0430. \u0421\u0438\u0442\u0443\u0430\u0446\u0438\u044f \u0441 \u043f\u043e\u043b\u0438\u0442\u0437\u0430\u043a\u043b\u044e\u0447\u0435\u043d\u043d\u044b\u043c\u0438 \u0438 \u0434\u0440\u0443\u0433\u0438\u0435 \u043f\u0440\u0430\u0432\u043e\u0437\u0430\u0449\u0438\u0442\u043d\u044b\u0435 \u043f\u0440\u043e\u0431\u043b\u0435\u043c\u044b \u0432 \u0420\u043e\u0441\u0441\u0438\u0438 \u0438 \u0411\u0435\u043b\u0430\u0440\u0443\u0441\u0438 \u0441\u0442\u0430\u043d\u043e\u0432\u044f\u0442\u0441\u044f \u0433\u043e\u0434 \u043e\u0442 \u0433\u043e\u0434\u0430 \u0432\u0441\u0435 \u043e\u0441\u0442\u0440\u0435\u0435. \u041c\u044b \u043e\u0436\u0438\u0432\u043b\u044f\u0435\u043c \u0434\u0438\u0430\u043b\u043e\u0433 \u043c\u0435\u0436\u0434\u0443 \u0440\u043e\u0441\u0441\u0438\u0439\u0441\u043a\u0438\u043c, \u0431\u0435\u043b\u0430\u0440\u0443\u0441\u0441\u043a\u0438\u043c, \u043f\u043e\u043b\u044c\u0441\u043a\u0438\u043c \u0438 \u043d\u0435\u043c\u0435\u0446\u043a\u0438\u043c \u043f\u0440\u0430\u0432\u043e\u0437\u0430\u0449\u0438\u0442\u043d\u044b\u043c \u0441\u043e\u043e\u0431\u0449\u0435\u0441\u0442\u0432\u043e\u043c \u0438 \u043d\u0430\u043b\u0430\u0436\u0438\u0432\u0430\u0435\u043c \u0438\u0445 \u043a\u043e\u043d\u0441\u0442\u0440\u0443\u043a\u0442\u0438\u0432\u043d\u043e\u0435 \u0432\u0437\u0430\u0438\u043c\u043e\u0434\u0435\u0439\u0441\u0442\u0432\u0438\u0435, \u0432\u0437\u0430\u0438\u043c\u043d\u043e\u0435 \u0438\u043d\u0444\u043e\u0440\u043c\u0438\u0440\u043e\u0432\u0430\u043d\u0438\u0435 \u0438 \u043f\u043e\u0434\u0434\u0435\u0440\u0436\u043a\u0443. \u041c\u044b \u0438\u043d\u0444\u043e\u0440\u043c\u0438\u0440\u0443\u0435\u043c \u043d\u0435\u043c\u0435\u0446\u043a\u0443\u044e \u043e\u0431\u0449\u0435\u0441\u0442\u0432\u0435\u043d\u043d\u043e\u0441\u0442\u044c \u043e \u0441\u0438\u0442\u0443\u0430\u0446\u0438\u0438 \u0441 \u0437\u0430\u0449\u0438\u0442\u043e\u0439 \u043f\u0440\u0430\u0432 \u0447\u0435\u043b\u043e\u0432\u0435\u043a\u0430 \u0432 \u0420\u043e\u0441\u0441\u0438\u0438 \u0438 \u0411\u0435\u043b\u0430\u0440\u0443\u0441\u0438, \u0430 \u0440\u043e\u0441\u0441\u0438\u0439\u0441\u043a\u0443\u044e \u0438 \u0431\u0435\u043b\u0430\u0440\u0443\u0441\u0441\u043a\u0443\u044e \u2014 \u043e \u043f\u043e\u043b\u043e\u0436\u0435\u043d\u0438\u0438 \u0432 \u044d\u0442\u043e\u0439 \u043e\u0431\u043b\u0430\u0441\u0442\u0438 \u0432 \u0413\u0435\u0440\u043c\u0430\u043d\u0438\u0438; \u0441\u043e\u0437\u0434\u0430\u0435\u043c \u043c\u0435\u0445\u0430\u043d\u0438\u0437\u043c \u043f\u043e\u0434\u0434\u0435\u0440\u0436\u043a\u0438 \u0440\u043e\u0441\u0441\u0438\u0439\u0441\u043a\u0438\u0445 \u0438 \u0431\u0435\u043b\u0430\u0440\u0443\u0441\u0441\u043a\u0438\u0445 \u043f\u0440\u0430\u0432\u043e\u0437\u0430\u0449\u0438\u0442\u043d\u0438\u043a\u043e\u0432, \u0436\u0435\u0440\u0442\u0432 \u043f\u043e\u043b\u0438\u0442\u0438\u0447\u0435\u0441\u043a\u0438\u0445 \u0440\u0435\u043f\u0440\u0435\u0441\u0441\u0438\u0439 \u0438 \u043f\u043e\u043b\u0438\u0442\u0437\u0430\u043a\u043b\u044e\u0447\u0435\u043d\u043d\u044b\u0445. \u0411\u0443\u0434\u0435\u043c \u0440\u0430\u0434\u044b \u0432\u0430\u0448\u0435\u043c\u0443 \u0443\u0447\u0430\u0441\u0442\u0438\u044e \u0432 \u0435\u0432\u0440\u043e\u043f\u0435\u0439\u0441\u043a\u043e\u043c \u043f\u0440\u0430\u0432\u043e\u0437\u0430\u0449\u0438\u0442\u043d\u043e\u043c \u0434\u0438\u0430\u043b\u043e\u0433\u0435 \u043d\u0430 \u043d\u0430\u0448\u0435\u043c \u0441\u0430\u0439\u0442\u0435 \u0438 \u0430\u043a\u043a\u0430\u0443\u043d\u0442\u0430\u0445 \u0432 \u0441\u043e\u0446\u0438\u0430\u043b\u044c\u043d\u044b\u0445 \u0441\u0435\u0442\u044f\u0445, \u0430 \u0442\u0430\u043a\u0436\u0435 \u043f\u0440\u0438\u0433\u043b\u0430\u0448\u0430\u0435\u043c \u0432\u0430\u0441 \u043f\u043e\u0434\u043f\u0438\u0441\u0430\u0442\u044c\u0441\u044f \u043d\u0430 \u0440\u0430\u0441\u0441\u044b\u043b\u043a\u0443 \u043e \u043f\u0440\u0430\u0432\u043e\u0437\u0430\u0449\u0438\u0442\u043d\u044b\u0445 \u043f\u0440\u043e\u0431\u043b\u0435\u043c\u0430\u0445\u00a0\u043f\u043e \u0441\u0441\u044b\u043b\u043a\u0435 (\u043d\u0430 \u043d\u0435\u043c\u0435\u0446\u043a\u043e\u043c \u044f\u0437\u044b\u043a\u0435).\u00a0","url":"https:\/\/www.human-rights-year.com\/de\/author\/anna-andrievskaja\/"}]}},"_links":{"self":[{"href":"https:\/\/www.human-rights-year.com\/de\/wp-json\/wp\/v2\/posts\/3410"}],"collection":[{"href":"https:\/\/www.human-rights-year.com\/de\/wp-json\/wp\/v2\/posts"}],"about":[{"href":"https:\/\/www.human-rights-year.com\/de\/wp-json\/wp\/v2\/types\/post"}],"author":[{"embeddable":true,"href":"https:\/\/www.human-rights-year.com\/de\/wp-json\/wp\/v2\/users\/33"}],"replies":[{"embeddable":true,"href":"https:\/\/www.human-rights-year.com\/de\/wp-json\/wp\/v2\/comments?post=3410"}],"version-history":[{"count":0,"href":"https:\/\/www.human-rights-year.com\/de\/wp-json\/wp\/v2\/posts\/3410\/revisions"}],"wp:featuredmedia":[{"embeddable":true,"href":"https:\/\/www.human-rights-year.com\/de\/wp-json\/wp\/v2\/media\/3411"}],"wp:attachment":[{"href":"https:\/\/www.human-rights-year.com\/de\/wp-json\/wp\/v2\/media?parent=3410"}],"wp:term":[{"taxonomy":"category","embeddable":true,"href":"https:\/\/www.human-rights-year.com\/de\/wp-json\/wp\/v2\/categories?post=3410"},{"taxonomy":"post_tag","embeddable":true,"href":"https:\/\/www.human-rights-year.com\/de\/wp-json\/wp\/v2\/tags?post=3410"}],"curies":[{"name":"wp","href":"https:\/\/api.w.org\/{rel}","templated":true}]}}