{"id":3399,"date":"2020-05-18T13:27:29","date_gmt":"2020-05-18T11:27:29","guid":{"rendered":"https:\/\/www.human-rights-year.com\/?p=3399"},"modified":"2020-05-18T13:27:29","modified_gmt":"2020-05-18T11:27:29","slug":"maas-corona-krise-befoerdert-autoritaere-tendenzen","status":"publish","type":"post","link":"https:\/\/www.human-rights-year.com\/de\/2020\/05\/18\/maas-corona-krise-befoerdert-autoritaere-tendenzen\/","title":{"rendered":"Maas: Corona-Krise bef\u00f6rdert autorit\u00e4re Tendenzen"},"content":{"rendered":"<p>Bundesau\u00dfenminister Heiko Maas (SPD) bef\u00fcrchtet durch die Corona-Pandemie eine Ausbreitung autokratischer Tendenzen.<\/p>\n<p>Bundesau\u00dfenminister Heiko Maas (SPD) bef\u00fcrchtet durch die Corona-Pandemie eine Ausbreitung autokratischer Tendenzen. &#8222;Wir sehen mit gro\u00dfer Sorge, wie die Krise das Autorit\u00e4re bef\u00f6rdert &#8211; mit vielfach dramatischen Folgen f\u00fcr die Menschenrechte&#8220;, sagte er am Freitag in einer Bundestagsdebatte \u00fcber weltweite Folgen der Pandemie. Auch in Europa w\u00fcrden Notstandsma\u00dfnahmen benutzt, &#8222;um den Rechtsstaat zu beschneiden&#8220;.<\/p>\n<p>Eine Auspr\u00e4gung seien &#8222;zunehmende Repressalien gegen Journalisten&#8220;, sagte Maas. Als Beispiele nannte er &#8222;strafrechtliche Ermittlungen und Todesdrohungen in Russland, Verhaftungen in Venezuela oder dem Iran, Einsch\u00fcchterungsversuche in der T\u00fcrkei, Inhaftierungen, Ausweisungen oder das Verschwinden von Journalisten in China.&#8220; Maas erw\u00e4hnte auch &#8222;Gesetzes\u00e4nderungen, die angebliche Fehlinformationen unter Strafe stellen&#8220; &#8211; dies war etwa in Ungarn geschehen.<\/p>\n<p>Eigentlich wirke das neuartige Coronavirus &#8222;in mancher Hinsicht demokratisch&#8220;, urteilte Maas, denn die Einschr\u00e4nkungen wegen der Pandemie betr\u00e4fen jeden. Auch sei die Gefahr der Ansteckung f\u00fcr alle gleich &#8211; &#8222;egal ob brasilianischer Pr\u00e4sident, britischer Prinz, deutscher Fu\u00dfballstar &#8211; weder Geld noch Macht\u00a0<span class=\"vm-hook-outer\"><span class=\"vm-hook\">sch\u00fctzen<\/span><\/span>\u00a0vor dem Virus&#8220;.<\/p>\n<p>Dennoch gebe es auch Unterschiede. &#8222;Wie sollen Menschen in \u00fcberlaufenen Fl\u00fcchtlingscamps oder dicht bebauten Favelas Abstand halten?&#8220;, fragte der Au\u00dfenminister.&#8220;Wie sollen sich Menschen die H\u00e4nde waschen, wo es nicht einmal Wasser gibt, geschweige denn Seife?&#8220; Zugleich erlebten viele Menschen weltweit, wie Lebensmittelpreise kletterten, w\u00e4hrend die eigene wirtschaftliche Existenzgrundlage wegbreche.<\/p>\n<p>Es gebe daher eine &#8222;moralische Verpflichtung, zu helfen&#8220;. Dies liege zugleich &#8222;in unserem ureigenstem Interesse&#8220;, betonte Maas: &#8222;Denn erst, wenn das Virus weltweit einged\u00e4mmt ist, sind wir alle sicher.&#8220;<\/p>\n<p>Menschen br\u00e4uchten jetzt, &#8222;und zwar weltweit, Solidarit\u00e4t, die genauso wenig unterscheidet zwischen Arm und Reich, Mann und Frau, Wei\u00df oder Schwarz wie das Virus selbst&#8220;, befand Maas. International abgestimmtes Handeln sei &#8222;\u00fcberlebenswichtig&#8220;.<\/p>\n<p>Deutschland habe bereits zus\u00e4tzlich 300 Millionen Euro f\u00fcr humanit\u00e4re Hilfe in der Corona-Pandemie bereitgestellt, berichtete Maas. Der Bedarf sei aber deutlich gestiegen. &#8222;Deshalb werden wir nicht umhin kommen, auch noch einmal nachzulegen.&#8220;<\/p>\n<p><a href=\"https:\/\/www.stern.de\/news\/maas--corona-krise-befoerdert-autoritaere-tendenzen-9265274.html\">Quelle<\/a><\/p>\n<p><a href=\"https:\/\/www.br.de\/nachrichten\/wirtschaft\/maas-warnt-vor-europaeischem-tourismus-wettlauf,RxEzx7C\">Illustration<\/a><\/p>\n","protected":false},"excerpt":{"rendered":"<p>Bundesau\u00dfenminister Heiko Maas (SPD) bef\u00fcrchtet durch die Corona-Pandemie eine Ausbreitung autokratischer Tendenzen. Bundesau\u00dfenminister Heiko Maas (SPD) bef\u00fcrchtet durch die Corona-Pandemie eine Ausbreitung autokratischer Tendenzen. &#8222;Wir<\/p>\n","protected":false},"author":33,"featured_media":3400,"comment_status":"closed","ping_status":"open","sticky":false,"template":"","format":"standard","meta":[],"categories":[20,12],"tags":[],"yoast_head":"<!-- This site is optimized with the Yoast SEO plugin v19.4 - https:\/\/yoast.com\/wordpress\/plugins\/seo\/ -->\n<title>Maas: Corona-Krise bef\u00f6rdert autorit\u00e4re Tendenzen - Europ\u00e4ischer Menschenrechtsdialog<\/title>\n<meta name=\"robots\" content=\"index, follow, max-snippet:-1, max-image-preview:large, max-video-preview:-1\" \/>\n<link rel=\"canonical\" href=\"https:\/\/www.human-rights-year.com\/de\/2020\/05\/18\/maas-corona-krise-befoerdert-autoritaere-tendenzen\/\" \/>\n<meta property=\"og:locale\" content=\"de_DE\" \/>\n<meta property=\"og:type\" content=\"article\" \/>\n<meta property=\"og:title\" content=\"Maas: Corona-Krise bef\u00f6rdert autorit\u00e4re Tendenzen - Europ\u00e4ischer Menschenrechtsdialog\" \/>\n<meta property=\"og:description\" content=\"Bundesau\u00dfenminister Heiko Maas (SPD) bef\u00fcrchtet durch die Corona-Pandemie eine Ausbreitung autokratischer Tendenzen. Bundesau\u00dfenminister Heiko Maas (SPD) bef\u00fcrchtet durch die Corona-Pandemie eine Ausbreitung autokratischer Tendenzen. &#8222;Wir\" \/>\n<meta property=\"og:url\" content=\"https:\/\/www.human-rights-year.com\/de\/2020\/05\/18\/maas-corona-krise-befoerdert-autoritaere-tendenzen\/\" \/>\n<meta property=\"og:site_name\" content=\"Europ\u00e4ischer Menschenrechtsdialog\" \/>\n<meta property=\"article:published_time\" content=\"2020-05-18T11:27:29+00:00\" \/>\n<meta property=\"og:image\" content=\"https:\/\/www.human-rights-year.com\/wp-content\/uploads\/2020\/05\/eb780355-0553-4446-b04c-7ab433b178ca.jpeg\" \/>\n\t<meta property=\"og:image:width\" content=\"4408\" \/>\n\t<meta property=\"og:image:height\" content=\"2480\" \/>\n\t<meta property=\"og:image:type\" content=\"image\/jpeg\" \/>\n<meta name=\"author\" content=\"Europ\u00e4ischer Menschenrechtedialog\" \/>\n<meta name=\"twitter:card\" content=\"summary_large_image\" \/>\n<meta name=\"twitter:label1\" content=\"Verfasst von\" \/>\n\t<meta name=\"twitter:data1\" content=\"Europ\u00e4ischer Menschenrechtedialog\" \/>\n\t<meta name=\"twitter:label2\" content=\"Gesch\u00e4tzte Lesezeit\" \/>\n\t<meta name=\"twitter:data2\" content=\"2\u00a0Minuten\" \/>\n<script type=\"application\/ld+json\" class=\"yoast-schema-graph\">{\"@context\":\"https:\/\/schema.org\",\"@graph\":[{\"@type\":\"WebSite\",\"@id\":\"https:\/\/www.human-rights-year.com\/#website\",\"url\":\"https:\/\/www.human-rights-year.com\/\",\"name\":\"\u0415\u0432\u0440\u043e\u043f\u0435\u0439\u0441\u043a\u0438\u0439 \u043f\u0440\u0430\u0432\u043e\u0437\u0430\u0449\u0438\u0442\u043d\u044b\u0439 \u0434\u0438\u0430\u043b\u043e\u0433\",\"description\":\" \",\"potentialAction\":[{\"@type\":\"SearchAction\",\"target\":{\"@type\":\"EntryPoint\",\"urlTemplate\":\"https:\/\/www.human-rights-year.com\/?s={search_term_string}\"},\"query-input\":\"required name=search_term_string\"}],\"inLanguage\":\"de\"},{\"@type\":\"WebPage\",\"@id\":\"https:\/\/www.human-rights-year.com\/de\/2020\/05\/18\/maas-corona-krise-befoerdert-autoritaere-tendenzen\/\",\"url\":\"https:\/\/www.human-rights-year.com\/de\/2020\/05\/18\/maas-corona-krise-befoerdert-autoritaere-tendenzen\/\",\"name\":\"Maas: Corona-Krise bef\u00f6rdert autorit\u00e4re Tendenzen - Europ\u00e4ischer Menschenrechtsdialog\",\"isPartOf\":{\"@id\":\"https:\/\/www.human-rights-year.com\/#website\"},\"datePublished\":\"2020-05-18T11:27:29+00:00\",\"dateModified\":\"2020-05-18T11:27:29+00:00\",\"author\":{\"@id\":\"https:\/\/www.human-rights-year.com\/#\/schema\/person\/c61a685c41e5101f9ea8f886f7ff8867\"},\"breadcrumb\":{\"@id\":\"https:\/\/www.human-rights-year.com\/de\/2020\/05\/18\/maas-corona-krise-befoerdert-autoritaere-tendenzen\/#breadcrumb\"},\"inLanguage\":\"de\",\"potentialAction\":[{\"@type\":\"ReadAction\",\"target\":[\"https:\/\/www.human-rights-year.com\/de\/2020\/05\/18\/maas-corona-krise-befoerdert-autoritaere-tendenzen\/\"]}]},{\"@type\":\"BreadcrumbList\",\"@id\":\"https:\/\/www.human-rights-year.com\/de\/2020\/05\/18\/maas-corona-krise-befoerdert-autoritaere-tendenzen\/#breadcrumb\",\"itemListElement\":[{\"@type\":\"ListItem\",\"position\":1,\"name\":\"\u0413\u043b\u0430\u0432\u043d\u0430\u044f \u0441\u0442\u0440\u0430\u043d\u0438\u0446\u0430\",\"item\":\"https:\/\/www.human-rights-year.com\/de\/\"},{\"@type\":\"ListItem\",\"position\":2,\"name\":\"Maas: Corona-Krise bef\u00f6rdert autorit\u00e4re Tendenzen\"}]},{\"@type\":\"Person\",\"@id\":\"https:\/\/www.human-rights-year.com\/#\/schema\/person\/c61a685c41e5101f9ea8f886f7ff8867\",\"name\":\"Europ\u00e4ischer Menschenrechtedialog\",\"image\":{\"@type\":\"ImageObject\",\"inLanguage\":\"de\",\"@id\":\"https:\/\/www.human-rights-year.com\/#\/schema\/person\/image\/\",\"url\":\"https:\/\/secure.gravatar.com\/avatar\/b8079c67933c0da74d24da6410334e70?s=96&d=mm&r=g\",\"contentUrl\":\"https:\/\/secure.gravatar.com\/avatar\/b8079c67933c0da74d24da6410334e70?s=96&d=mm&r=g\",\"caption\":\"Europ\u00e4ischer Menschenrechtedialog\"},\"description\":\"\u041f\u0440\u043e\u0435\u043a\u0442\u00a0\u00ab\u0415\u0432\u0440\u043e\u043f\u0435\u0439\u0441\u043a\u0438\u0439 \u043f\u0440\u0430\u0432\u043e\u0437\u0430\u0449\u0438\u0442\u043d\u044b\u0439 \u0434\u0438\u0430\u043b\u043e\u0433\u00bb \u0440\u0435\u0430\u043b\u0438\u0437\u0443\u0435\u0442\u0441\u044f \u043f\u0440\u0438\u00a0\u043f\u043e\u0434\u0434\u0435\u0440\u0436\u043a\u0435 \u0433\u0435\u0440\u043c\u0430\u043d\u0441\u043a\u043e\u0433\u043e \u041c\u0418\u0414\u0430. \u0421\u0438\u0442\u0443\u0430\u0446\u0438\u044f \u0441 \u043f\u043e\u043b\u0438\u0442\u0437\u0430\u043a\u043b\u044e\u0447\u0435\u043d\u043d\u044b\u043c\u0438 \u0438 \u0434\u0440\u0443\u0433\u0438\u0435 \u043f\u0440\u0430\u0432\u043e\u0437\u0430\u0449\u0438\u0442\u043d\u044b\u0435 \u043f\u0440\u043e\u0431\u043b\u0435\u043c\u044b \u0432 \u0420\u043e\u0441\u0441\u0438\u0438 \u0438 \u0411\u0435\u043b\u0430\u0440\u0443\u0441\u0438 \u0441\u0442\u0430\u043d\u043e\u0432\u044f\u0442\u0441\u044f \u0433\u043e\u0434 \u043e\u0442 \u0433\u043e\u0434\u0430 \u0432\u0441\u0435 \u043e\u0441\u0442\u0440\u0435\u0435. \u041c\u044b \u043e\u0436\u0438\u0432\u043b\u044f\u0435\u043c \u0434\u0438\u0430\u043b\u043e\u0433 \u043c\u0435\u0436\u0434\u0443 \u0440\u043e\u0441\u0441\u0438\u0439\u0441\u043a\u0438\u043c, \u0431\u0435\u043b\u0430\u0440\u0443\u0441\u0441\u043a\u0438\u043c, \u043f\u043e\u043b\u044c\u0441\u043a\u0438\u043c \u0438 \u043d\u0435\u043c\u0435\u0446\u043a\u0438\u043c \u043f\u0440\u0430\u0432\u043e\u0437\u0430\u0449\u0438\u0442\u043d\u044b\u043c \u0441\u043e\u043e\u0431\u0449\u0435\u0441\u0442\u0432\u043e\u043c \u0438 \u043d\u0430\u043b\u0430\u0436\u0438\u0432\u0430\u0435\u043c \u0438\u0445 \u043a\u043e\u043d\u0441\u0442\u0440\u0443\u043a\u0442\u0438\u0432\u043d\u043e\u0435 \u0432\u0437\u0430\u0438\u043c\u043e\u0434\u0435\u0439\u0441\u0442\u0432\u0438\u0435, \u0432\u0437\u0430\u0438\u043c\u043d\u043e\u0435 \u0438\u043d\u0444\u043e\u0440\u043c\u0438\u0440\u043e\u0432\u0430\u043d\u0438\u0435 \u0438 \u043f\u043e\u0434\u0434\u0435\u0440\u0436\u043a\u0443. \u041c\u044b \u0438\u043d\u0444\u043e\u0440\u043c\u0438\u0440\u0443\u0435\u043c \u043d\u0435\u043c\u0435\u0446\u043a\u0443\u044e \u043e\u0431\u0449\u0435\u0441\u0442\u0432\u0435\u043d\u043d\u043e\u0441\u0442\u044c \u043e \u0441\u0438\u0442\u0443\u0430\u0446\u0438\u0438 \u0441 \u0437\u0430\u0449\u0438\u0442\u043e\u0439 \u043f\u0440\u0430\u0432 \u0447\u0435\u043b\u043e\u0432\u0435\u043a\u0430 \u0432 \u0420\u043e\u0441\u0441\u0438\u0438 \u0438 \u0411\u0435\u043b\u0430\u0440\u0443\u0441\u0438, \u0430 \u0440\u043e\u0441\u0441\u0438\u0439\u0441\u043a\u0443\u044e \u0438 \u0431\u0435\u043b\u0430\u0440\u0443\u0441\u0441\u043a\u0443\u044e \u2014 \u043e \u043f\u043e\u043b\u043e\u0436\u0435\u043d\u0438\u0438 \u0432 \u044d\u0442\u043e\u0439 \u043e\u0431\u043b\u0430\u0441\u0442\u0438 \u0432 \u0413\u0435\u0440\u043c\u0430\u043d\u0438\u0438; \u0441\u043e\u0437\u0434\u0430\u0435\u043c \u043c\u0435\u0445\u0430\u043d\u0438\u0437\u043c \u043f\u043e\u0434\u0434\u0435\u0440\u0436\u043a\u0438 \u0440\u043e\u0441\u0441\u0438\u0439\u0441\u043a\u0438\u0445 \u0438 \u0431\u0435\u043b\u0430\u0440\u0443\u0441\u0441\u043a\u0438\u0445 \u043f\u0440\u0430\u0432\u043e\u0437\u0430\u0449\u0438\u0442\u043d\u0438\u043a\u043e\u0432, \u0436\u0435\u0440\u0442\u0432 \u043f\u043e\u043b\u0438\u0442\u0438\u0447\u0435\u0441\u043a\u0438\u0445 \u0440\u0435\u043f\u0440\u0435\u0441\u0441\u0438\u0439 \u0438 \u043f\u043e\u043b\u0438\u0442\u0437\u0430\u043a\u043b\u044e\u0447\u0435\u043d\u043d\u044b\u0445. \u0411\u0443\u0434\u0435\u043c \u0440\u0430\u0434\u044b \u0432\u0430\u0448\u0435\u043c\u0443 \u0443\u0447\u0430\u0441\u0442\u0438\u044e \u0432 \u0435\u0432\u0440\u043e\u043f\u0435\u0439\u0441\u043a\u043e\u043c \u043f\u0440\u0430\u0432\u043e\u0437\u0430\u0449\u0438\u0442\u043d\u043e\u043c \u0434\u0438\u0430\u043b\u043e\u0433\u0435 \u043d\u0430 \u043d\u0430\u0448\u0435\u043c \u0441\u0430\u0439\u0442\u0435 \u0438 \u0430\u043a\u043a\u0430\u0443\u043d\u0442\u0430\u0445 \u0432 \u0441\u043e\u0446\u0438\u0430\u043b\u044c\u043d\u044b\u0445 \u0441\u0435\u0442\u044f\u0445, \u0430 \u0442\u0430\u043a\u0436\u0435 \u043f\u0440\u0438\u0433\u043b\u0430\u0448\u0430\u0435\u043c \u0432\u0430\u0441 \u043f\u043e\u0434\u043f\u0438\u0441\u0430\u0442\u044c\u0441\u044f \u043d\u0430 \u0440\u0430\u0441\u0441\u044b\u043b\u043a\u0443 \u043e \u043f\u0440\u0430\u0432\u043e\u0437\u0430\u0449\u0438\u0442\u043d\u044b\u0445 \u043f\u0440\u043e\u0431\u043b\u0435\u043c\u0430\u0445\u00a0\u043f\u043e \u0441\u0441\u044b\u043b\u043a\u0435 (\u043d\u0430 \u043d\u0435\u043c\u0435\u0446\u043a\u043e\u043c \u044f\u0437\u044b\u043a\u0435).\u00a0\",\"url\":\"https:\/\/www.human-rights-year.com\/de\/author\/anna-andrievskaja\/\"}]}<\/script>\n<!-- \/ Yoast SEO plugin. -->","yoast_head_json":{"title":"Maas: Corona-Krise bef\u00f6rdert autorit\u00e4re Tendenzen - Europ\u00e4ischer Menschenrechtsdialog","robots":{"index":"index","follow":"follow","max-snippet":"max-snippet:-1","max-image-preview":"max-image-preview:large","max-video-preview":"max-video-preview:-1"},"canonical":"https:\/\/www.human-rights-year.com\/de\/2020\/05\/18\/maas-corona-krise-befoerdert-autoritaere-tendenzen\/","og_locale":"de_DE","og_type":"article","og_title":"Maas: Corona-Krise bef\u00f6rdert autorit\u00e4re Tendenzen - Europ\u00e4ischer Menschenrechtsdialog","og_description":"Bundesau\u00dfenminister Heiko Maas (SPD) bef\u00fcrchtet durch die Corona-Pandemie eine Ausbreitung autokratischer Tendenzen. Bundesau\u00dfenminister Heiko Maas (SPD) bef\u00fcrchtet durch die Corona-Pandemie eine Ausbreitung autokratischer Tendenzen. &#8222;Wir","og_url":"https:\/\/www.human-rights-year.com\/de\/2020\/05\/18\/maas-corona-krise-befoerdert-autoritaere-tendenzen\/","og_site_name":"Europ\u00e4ischer Menschenrechtsdialog","article_published_time":"2020-05-18T11:27:29+00:00","og_image":[{"width":4408,"height":2480,"url":"https:\/\/www.human-rights-year.com\/wp-content\/uploads\/2020\/05\/eb780355-0553-4446-b04c-7ab433b178ca.jpeg","type":"image\/jpeg"}],"author":"Europ\u00e4ischer Menschenrechtedialog","twitter_card":"summary_large_image","twitter_misc":{"Verfasst von":"Europ\u00e4ischer Menschenrechtedialog","Gesch\u00e4tzte Lesezeit":"2\u00a0Minuten"},"schema":{"@context":"https:\/\/schema.org","@graph":[{"@type":"WebSite","@id":"https:\/\/www.human-rights-year.com\/#website","url":"https:\/\/www.human-rights-year.com\/","name":"\u0415\u0432\u0440\u043e\u043f\u0435\u0439\u0441\u043a\u0438\u0439 \u043f\u0440\u0430\u0432\u043e\u0437\u0430\u0449\u0438\u0442\u043d\u044b\u0439 \u0434\u0438\u0430\u043b\u043e\u0433","description":" ","potentialAction":[{"@type":"SearchAction","target":{"@type":"EntryPoint","urlTemplate":"https:\/\/www.human-rights-year.com\/?s={search_term_string}"},"query-input":"required name=search_term_string"}],"inLanguage":"de"},{"@type":"WebPage","@id":"https:\/\/www.human-rights-year.com\/de\/2020\/05\/18\/maas-corona-krise-befoerdert-autoritaere-tendenzen\/","url":"https:\/\/www.human-rights-year.com\/de\/2020\/05\/18\/maas-corona-krise-befoerdert-autoritaere-tendenzen\/","name":"Maas: Corona-Krise bef\u00f6rdert autorit\u00e4re Tendenzen - Europ\u00e4ischer Menschenrechtsdialog","isPartOf":{"@id":"https:\/\/www.human-rights-year.com\/#website"},"datePublished":"2020-05-18T11:27:29+00:00","dateModified":"2020-05-18T11:27:29+00:00","author":{"@id":"https:\/\/www.human-rights-year.com\/#\/schema\/person\/c61a685c41e5101f9ea8f886f7ff8867"},"breadcrumb":{"@id":"https:\/\/www.human-rights-year.com\/de\/2020\/05\/18\/maas-corona-krise-befoerdert-autoritaere-tendenzen\/#breadcrumb"},"inLanguage":"de","potentialAction":[{"@type":"ReadAction","target":["https:\/\/www.human-rights-year.com\/de\/2020\/05\/18\/maas-corona-krise-befoerdert-autoritaere-tendenzen\/"]}]},{"@type":"BreadcrumbList","@id":"https:\/\/www.human-rights-year.com\/de\/2020\/05\/18\/maas-corona-krise-befoerdert-autoritaere-tendenzen\/#breadcrumb","itemListElement":[{"@type":"ListItem","position":1,"name":"\u0413\u043b\u0430\u0432\u043d\u0430\u044f \u0441\u0442\u0440\u0430\u043d\u0438\u0446\u0430","item":"https:\/\/www.human-rights-year.com\/de\/"},{"@type":"ListItem","position":2,"name":"Maas: Corona-Krise bef\u00f6rdert autorit\u00e4re Tendenzen"}]},{"@type":"Person","@id":"https:\/\/www.human-rights-year.com\/#\/schema\/person\/c61a685c41e5101f9ea8f886f7ff8867","name":"Europ\u00e4ischer Menschenrechtedialog","image":{"@type":"ImageObject","inLanguage":"de","@id":"https:\/\/www.human-rights-year.com\/#\/schema\/person\/image\/","url":"https:\/\/secure.gravatar.com\/avatar\/b8079c67933c0da74d24da6410334e70?s=96&d=mm&r=g","contentUrl":"https:\/\/secure.gravatar.com\/avatar\/b8079c67933c0da74d24da6410334e70?s=96&d=mm&r=g","caption":"Europ\u00e4ischer Menschenrechtedialog"},"description":"\u041f\u0440\u043e\u0435\u043a\u0442\u00a0\u00ab\u0415\u0432\u0440\u043e\u043f\u0435\u0439\u0441\u043a\u0438\u0439 \u043f\u0440\u0430\u0432\u043e\u0437\u0430\u0449\u0438\u0442\u043d\u044b\u0439 \u0434\u0438\u0430\u043b\u043e\u0433\u00bb \u0440\u0435\u0430\u043b\u0438\u0437\u0443\u0435\u0442\u0441\u044f \u043f\u0440\u0438\u00a0\u043f\u043e\u0434\u0434\u0435\u0440\u0436\u043a\u0435 \u0433\u0435\u0440\u043c\u0430\u043d\u0441\u043a\u043e\u0433\u043e \u041c\u0418\u0414\u0430. \u0421\u0438\u0442\u0443\u0430\u0446\u0438\u044f \u0441 \u043f\u043e\u043b\u0438\u0442\u0437\u0430\u043a\u043b\u044e\u0447\u0435\u043d\u043d\u044b\u043c\u0438 \u0438 \u0434\u0440\u0443\u0433\u0438\u0435 \u043f\u0440\u0430\u0432\u043e\u0437\u0430\u0449\u0438\u0442\u043d\u044b\u0435 \u043f\u0440\u043e\u0431\u043b\u0435\u043c\u044b \u0432 \u0420\u043e\u0441\u0441\u0438\u0438 \u0438 \u0411\u0435\u043b\u0430\u0440\u0443\u0441\u0438 \u0441\u0442\u0430\u043d\u043e\u0432\u044f\u0442\u0441\u044f \u0433\u043e\u0434 \u043e\u0442 \u0433\u043e\u0434\u0430 \u0432\u0441\u0435 \u043e\u0441\u0442\u0440\u0435\u0435. \u041c\u044b \u043e\u0436\u0438\u0432\u043b\u044f\u0435\u043c \u0434\u0438\u0430\u043b\u043e\u0433 \u043c\u0435\u0436\u0434\u0443 \u0440\u043e\u0441\u0441\u0438\u0439\u0441\u043a\u0438\u043c, \u0431\u0435\u043b\u0430\u0440\u0443\u0441\u0441\u043a\u0438\u043c, \u043f\u043e\u043b\u044c\u0441\u043a\u0438\u043c \u0438 \u043d\u0435\u043c\u0435\u0446\u043a\u0438\u043c \u043f\u0440\u0430\u0432\u043e\u0437\u0430\u0449\u0438\u0442\u043d\u044b\u043c \u0441\u043e\u043e\u0431\u0449\u0435\u0441\u0442\u0432\u043e\u043c \u0438 \u043d\u0430\u043b\u0430\u0436\u0438\u0432\u0430\u0435\u043c \u0438\u0445 \u043a\u043e\u043d\u0441\u0442\u0440\u0443\u043a\u0442\u0438\u0432\u043d\u043e\u0435 \u0432\u0437\u0430\u0438\u043c\u043e\u0434\u0435\u0439\u0441\u0442\u0432\u0438\u0435, \u0432\u0437\u0430\u0438\u043c\u043d\u043e\u0435 \u0438\u043d\u0444\u043e\u0440\u043c\u0438\u0440\u043e\u0432\u0430\u043d\u0438\u0435 \u0438 \u043f\u043e\u0434\u0434\u0435\u0440\u0436\u043a\u0443. \u041c\u044b \u0438\u043d\u0444\u043e\u0440\u043c\u0438\u0440\u0443\u0435\u043c \u043d\u0435\u043c\u0435\u0446\u043a\u0443\u044e \u043e\u0431\u0449\u0435\u0441\u0442\u0432\u0435\u043d\u043d\u043e\u0441\u0442\u044c \u043e \u0441\u0438\u0442\u0443\u0430\u0446\u0438\u0438 \u0441 \u0437\u0430\u0449\u0438\u0442\u043e\u0439 \u043f\u0440\u0430\u0432 \u0447\u0435\u043b\u043e\u0432\u0435\u043a\u0430 \u0432 \u0420\u043e\u0441\u0441\u0438\u0438 \u0438 \u0411\u0435\u043b\u0430\u0440\u0443\u0441\u0438, \u0430 \u0440\u043e\u0441\u0441\u0438\u0439\u0441\u043a\u0443\u044e \u0438 \u0431\u0435\u043b\u0430\u0440\u0443\u0441\u0441\u043a\u0443\u044e \u2014 \u043e \u043f\u043e\u043b\u043e\u0436\u0435\u043d\u0438\u0438 \u0432 \u044d\u0442\u043e\u0439 \u043e\u0431\u043b\u0430\u0441\u0442\u0438 \u0432 \u0413\u0435\u0440\u043c\u0430\u043d\u0438\u0438; \u0441\u043e\u0437\u0434\u0430\u0435\u043c \u043c\u0435\u0445\u0430\u043d\u0438\u0437\u043c \u043f\u043e\u0434\u0434\u0435\u0440\u0436\u043a\u0438 \u0440\u043e\u0441\u0441\u0438\u0439\u0441\u043a\u0438\u0445 \u0438 \u0431\u0435\u043b\u0430\u0440\u0443\u0441\u0441\u043a\u0438\u0445 \u043f\u0440\u0430\u0432\u043e\u0437\u0430\u0449\u0438\u0442\u043d\u0438\u043a\u043e\u0432, \u0436\u0435\u0440\u0442\u0432 \u043f\u043e\u043b\u0438\u0442\u0438\u0447\u0435\u0441\u043a\u0438\u0445 \u0440\u0435\u043f\u0440\u0435\u0441\u0441\u0438\u0439 \u0438 \u043f\u043e\u043b\u0438\u0442\u0437\u0430\u043a\u043b\u044e\u0447\u0435\u043d\u043d\u044b\u0445. \u0411\u0443\u0434\u0435\u043c \u0440\u0430\u0434\u044b \u0432\u0430\u0448\u0435\u043c\u0443 \u0443\u0447\u0430\u0441\u0442\u0438\u044e \u0432 \u0435\u0432\u0440\u043e\u043f\u0435\u0439\u0441\u043a\u043e\u043c \u043f\u0440\u0430\u0432\u043e\u0437\u0430\u0449\u0438\u0442\u043d\u043e\u043c \u0434\u0438\u0430\u043b\u043e\u0433\u0435 \u043d\u0430 \u043d\u0430\u0448\u0435\u043c \u0441\u0430\u0439\u0442\u0435 \u0438 \u0430\u043a\u043a\u0430\u0443\u043d\u0442\u0430\u0445 \u0432 \u0441\u043e\u0446\u0438\u0430\u043b\u044c\u043d\u044b\u0445 \u0441\u0435\u0442\u044f\u0445, \u0430 \u0442\u0430\u043a\u0436\u0435 \u043f\u0440\u0438\u0433\u043b\u0430\u0448\u0430\u0435\u043c \u0432\u0430\u0441 \u043f\u043e\u0434\u043f\u0438\u0441\u0430\u0442\u044c\u0441\u044f \u043d\u0430 \u0440\u0430\u0441\u0441\u044b\u043b\u043a\u0443 \u043e \u043f\u0440\u0430\u0432\u043e\u0437\u0430\u0449\u0438\u0442\u043d\u044b\u0445 \u043f\u0440\u043e\u0431\u043b\u0435\u043c\u0430\u0445\u00a0\u043f\u043e \u0441\u0441\u044b\u043b\u043a\u0435 (\u043d\u0430 \u043d\u0435\u043c\u0435\u0446\u043a\u043e\u043c \u044f\u0437\u044b\u043a\u0435).\u00a0","url":"https:\/\/www.human-rights-year.com\/de\/author\/anna-andrievskaja\/"}]}},"_links":{"self":[{"href":"https:\/\/www.human-rights-year.com\/de\/wp-json\/wp\/v2\/posts\/3399"}],"collection":[{"href":"https:\/\/www.human-rights-year.com\/de\/wp-json\/wp\/v2\/posts"}],"about":[{"href":"https:\/\/www.human-rights-year.com\/de\/wp-json\/wp\/v2\/types\/post"}],"author":[{"embeddable":true,"href":"https:\/\/www.human-rights-year.com\/de\/wp-json\/wp\/v2\/users\/33"}],"replies":[{"embeddable":true,"href":"https:\/\/www.human-rights-year.com\/de\/wp-json\/wp\/v2\/comments?post=3399"}],"version-history":[{"count":0,"href":"https:\/\/www.human-rights-year.com\/de\/wp-json\/wp\/v2\/posts\/3399\/revisions"}],"wp:featuredmedia":[{"embeddable":true,"href":"https:\/\/www.human-rights-year.com\/de\/wp-json\/wp\/v2\/media\/3400"}],"wp:attachment":[{"href":"https:\/\/www.human-rights-year.com\/de\/wp-json\/wp\/v2\/media?parent=3399"}],"wp:term":[{"taxonomy":"category","embeddable":true,"href":"https:\/\/www.human-rights-year.com\/de\/wp-json\/wp\/v2\/categories?post=3399"},{"taxonomy":"post_tag","embeddable":true,"href":"https:\/\/www.human-rights-year.com\/de\/wp-json\/wp\/v2\/tags?post=3399"}],"curies":[{"name":"wp","href":"https:\/\/api.w.org\/{rel}","templated":true}]}}