{"id":3311,"date":"2019-11-23T13:21:37","date_gmt":"2019-11-23T12:21:37","guid":{"rendered":"https:\/\/www.human-rights-year.com\/?p=3311"},"modified":"2019-12-02T13:32:25","modified_gmt":"2019-12-02T12:32:25","slug":"in-nischni-nowgorod-fand-eine-diskussion-ueber-menschenrechte-in-deutschland-und-russland-statt","status":"publish","type":"post","link":"https:\/\/www.human-rights-year.com\/de\/2019\/11\/23\/in-nischni-nowgorod-fand-eine-diskussion-ueber-menschenrechte-in-deutschland-und-russland-statt\/","title":{"rendered":"In Nischni Nowgorod fand eine Diskussion \u00fcber Menschenrechte in Deutschland und Russland statt"},"content":{"rendered":"<p>Am 23. November 2019 wurde in der Zentralen Stadtbibliothek Nischni Nowgorod ein vergleichender Vortrag \u00fcber Menschenrechte in Deutschland und der Russischen F\u00f6deration veranstaltet.<\/p>\n<p>VertreterInnen des Bundesbildungsministeriums, Politik und NGOs aus Deutschland sprachen \u00fcber die aktuelle Situation in Deutschland und beantworteten die Fragen.<\/p>\n<p>Olaf K\u00fchl, Mitglied des Berliner Senats, der als Experte da war, <a href=\"https:\/\/www.facebook.com\/permalink.php?story_fbid=829340520854563&amp;id=100013358680836\" target=\"_blank\" rel=\"noopener noreferrer\">schrieb<\/a> aufgrund nach der Sitzung in seinem Facebook: &#8222;<em>Wunderbar aufgeschlossenes und weltl\u00e4ufiges Publikum in Nischni Nowgorod! Ich beginne wieder Freude an Russland zu haben.<\/em>&#8220;<\/p>\n<p>Juri Shaposhnikov, ein Aktivist und Blogger aus Nischni Nowgorod, der im Saal anwesend war, <a href=\"https:\/\/www.facebook.com\/permalink.php?story_fbid=165737601182808&amp;id=100032397078445\" target=\"_blank\" rel=\"noopener noreferrer\">sprach<\/a> \u00fcber das Treffen aus der Sicht des Zuh\u00f6rers:<\/p>\n<p>&#8222;<em>Die G\u00e4ste waren wirklich interessant. Kein Witz.<\/em><\/p>\n<p><em>Ein Mitglied des Berliner Senats sagte, dass in Berlin j\u00e4hrlich bis zu 5.000 Kundgebungen, M\u00e4rsche und Streikposten stattfinden und dass es f\u00fcr eine unkoordinierte Veranstaltung notwendig sei, ein \u00e4u\u00dferst abscheuliches Thema zu deklarieren (z.B. &#8222;Marsch zur Wiederbelebung des Dritten Reiches&#8220; oder &#8222;Prozession zur Unterst\u00fctzung der Mudschaheddin des ISIS&#8220;), damit es nicht zugelassen wird.)<\/em><\/p>\n<p><em>Die Leiterin der Abteilung des Berliner Kulturministeriums berichtete \u00fcber den Nutzen von Jugendstrafrecht und gewaltfreier P\u00e4dagogik.<\/em>&#8220;<\/p>\n<p>Juri erz\u00e4hlte in einem etwas sarkastischen Stil, wie einige Besucher zehn Fragen hintereinander aus dem Saal stellten, was bei anderen Zuh\u00f6rern Unzufriedenheit hervorrief. Zur Veranstaltung selbst hatte der Aktivist jedoch noch diese Meinung:<\/p>\n<p>&#8222;<em>Hat diese Veranstaltung das Problem der Aufdeckung von &#8222;Spekulationen&#8220; \u00fcber Menschenrechte in Deutschland gel\u00f6st? Ich glaube nicht. Da die Zuschauer von RT und den &#8222;Wochen-News&#8220; nicht gekommen sind. Und die Oppositionellen, die auf westliche L\u00e4nder beten, m\u00fcssen einfach von nichts \u00fcberzeugt werden.<\/em><\/p>\n<p><em>Aber diese Veranstaltung bot die Gelegenheit, mit interessanten Menschen aus anderen Kulturen und Zivilisationen zu kommunizieren. Und meiner Meinung nach war der Kontakt recht erfolgreich, obwohl er nicht ohne Reibungen war (Und was f\u00fcr eine Veranstaltung, au\u00dfer dem Kongress des &#8222;Einheitlichen Russlands&#8220;, schafft es ohne Reibungen zu verlaufen?). Ich war zufrieden. Wenn man mich einladen wird, werde ich wiederkommen.&#8220;<\/em><\/p>\n","protected":false},"excerpt":{"rendered":"<p>Am 23. November 2019 wurde in der Zentralen Stadtbibliothek Nischni Nowgorod ein vergleichender Vortrag \u00fcber Menschenrechte in Deutschland und der Russischen F\u00f6deration veranstaltet. VertreterInnen des<\/p>\n","protected":false},"author":1,"featured_media":3299,"comment_status":"closed","ping_status":"open","sticky":false,"template":"","format":"standard","meta":[],"categories":[17,20,12],"tags":[],"yoast_head":"<!-- This site is optimized with the Yoast SEO plugin v19.4 - https:\/\/yoast.com\/wordpress\/plugins\/seo\/ -->\n<title>In Nischni Nowgorod fand eine Diskussion \u00fcber Menschenrechte in Deutschland und Russland statt - Europ\u00e4ischer Menschenrechtsdialog<\/title>\n<meta name=\"description\" content=\"Am 23. November 2019 wurde in der Zentralen Stadtbibliothek Nischni Nowgorod ein vergleichender Vortrag \u00fcber Menschenrechte in Deutschland und der Russischen F\u00f6deration veranstaltet.\" \/>\n<meta name=\"robots\" content=\"index, follow, max-snippet:-1, max-image-preview:large, max-video-preview:-1\" \/>\n<link rel=\"canonical\" href=\"https:\/\/www.human-rights-year.com\/de\/2019\/11\/23\/in-nischni-nowgorod-fand-eine-diskussion-ueber-menschenrechte-in-deutschland-und-russland-statt\/\" \/>\n<meta property=\"og:locale\" content=\"de_DE\" \/>\n<meta property=\"og:type\" content=\"article\" \/>\n<meta property=\"og:title\" content=\"In Nischni Nowgorod fand eine Diskussion \u00fcber Menschenrechte in Deutschland und Russland statt - Europ\u00e4ischer Menschenrechtsdialog\" \/>\n<meta property=\"og:description\" content=\"Am 23. November 2019 wurde in der Zentralen Stadtbibliothek Nischni Nowgorod ein vergleichender Vortrag \u00fcber Menschenrechte in Deutschland und der Russischen F\u00f6deration veranstaltet.\" \/>\n<meta property=\"og:url\" content=\"https:\/\/www.human-rights-year.com\/de\/2019\/11\/23\/in-nischni-nowgorod-fand-eine-diskussion-ueber-menschenrechte-in-deutschland-und-russland-statt\/\" \/>\n<meta property=\"og:site_name\" content=\"Europ\u00e4ischer Menschenrechtsdialog\" \/>\n<meta property=\"article:published_time\" content=\"2019-11-23T12:21:37+00:00\" \/>\n<meta property=\"article:modified_time\" content=\"2019-12-02T12:32:25+00:00\" \/>\n<meta property=\"og:image\" content=\"https:\/\/www.human-rights-year.com\/wp-content\/uploads\/2019\/11\/bibbib.jpg\" \/>\n\t<meta property=\"og:image:width\" content=\"1920\" \/>\n\t<meta property=\"og:image:height\" content=\"1280\" \/>\n\t<meta property=\"og:image:type\" content=\"image\/jpeg\" \/>\n<meta name=\"author\" content=\"Human Rights Year\" \/>\n<meta name=\"twitter:card\" content=\"summary_large_image\" \/>\n<meta name=\"twitter:label1\" content=\"Verfasst von\" \/>\n\t<meta name=\"twitter:data1\" content=\"Human Rights Year\" \/>\n\t<meta name=\"twitter:label2\" content=\"Gesch\u00e4tzte Lesezeit\" \/>\n\t<meta name=\"twitter:data2\" content=\"2\u00a0Minuten\" \/>\n<script type=\"application\/ld+json\" class=\"yoast-schema-graph\">{\"@context\":\"https:\/\/schema.org\",\"@graph\":[{\"@type\":\"WebSite\",\"@id\":\"https:\/\/www.human-rights-year.com\/#website\",\"url\":\"https:\/\/www.human-rights-year.com\/\",\"name\":\"\u0415\u0432\u0440\u043e\u043f\u0435\u0439\u0441\u043a\u0438\u0439 \u043f\u0440\u0430\u0432\u043e\u0437\u0430\u0449\u0438\u0442\u043d\u044b\u0439 \u0434\u0438\u0430\u043b\u043e\u0433\",\"description\":\" \",\"potentialAction\":[{\"@type\":\"SearchAction\",\"target\":{\"@type\":\"EntryPoint\",\"urlTemplate\":\"https:\/\/www.human-rights-year.com\/?s={search_term_string}\"},\"query-input\":\"required name=search_term_string\"}],\"inLanguage\":\"de\"},{\"@type\":\"WebPage\",\"@id\":\"https:\/\/www.human-rights-year.com\/de\/2019\/11\/23\/in-nischni-nowgorod-fand-eine-diskussion-ueber-menschenrechte-in-deutschland-und-russland-statt\/\",\"url\":\"https:\/\/www.human-rights-year.com\/de\/2019\/11\/23\/in-nischni-nowgorod-fand-eine-diskussion-ueber-menschenrechte-in-deutschland-und-russland-statt\/\",\"name\":\"In Nischni Nowgorod fand eine Diskussion \u00fcber Menschenrechte in Deutschland und Russland statt - Europ\u00e4ischer Menschenrechtsdialog\",\"isPartOf\":{\"@id\":\"https:\/\/www.human-rights-year.com\/#website\"},\"datePublished\":\"2019-11-23T12:21:37+00:00\",\"dateModified\":\"2019-12-02T12:32:25+00:00\",\"author\":{\"@id\":\"https:\/\/www.human-rights-year.com\/#\/schema\/person\/54d85daa1545786aba6f5320df79bb4c\"},\"description\":\"Am 23. November 2019 wurde in der Zentralen Stadtbibliothek Nischni Nowgorod ein vergleichender Vortrag \u00fcber Menschenrechte in Deutschland und der Russischen F\u00f6deration veranstaltet.\",\"breadcrumb\":{\"@id\":\"https:\/\/www.human-rights-year.com\/de\/2019\/11\/23\/in-nischni-nowgorod-fand-eine-diskussion-ueber-menschenrechte-in-deutschland-und-russland-statt\/#breadcrumb\"},\"inLanguage\":\"de\",\"potentialAction\":[{\"@type\":\"ReadAction\",\"target\":[\"https:\/\/www.human-rights-year.com\/de\/2019\/11\/23\/in-nischni-nowgorod-fand-eine-diskussion-ueber-menschenrechte-in-deutschland-und-russland-statt\/\"]}]},{\"@type\":\"BreadcrumbList\",\"@id\":\"https:\/\/www.human-rights-year.com\/de\/2019\/11\/23\/in-nischni-nowgorod-fand-eine-diskussion-ueber-menschenrechte-in-deutschland-und-russland-statt\/#breadcrumb\",\"itemListElement\":[{\"@type\":\"ListItem\",\"position\":1,\"name\":\"\u0413\u043b\u0430\u0432\u043d\u0430\u044f \u0441\u0442\u0440\u0430\u043d\u0438\u0446\u0430\",\"item\":\"https:\/\/www.human-rights-year.com\/de\/\"},{\"@type\":\"ListItem\",\"position\":2,\"name\":\"In Nischni Nowgorod fand eine Diskussion \u00fcber Menschenrechte in Deutschland und Russland statt\"}]},{\"@type\":\"Person\",\"@id\":\"https:\/\/www.human-rights-year.com\/#\/schema\/person\/54d85daa1545786aba6f5320df79bb4c\",\"name\":\"Human Rights Year\",\"image\":{\"@type\":\"ImageObject\",\"inLanguage\":\"de\",\"@id\":\"https:\/\/www.human-rights-year.com\/#\/schema\/person\/image\/\",\"url\":\"https:\/\/secure.gravatar.com\/avatar\/685b0e722b7b569d9169f933abfd5f26?s=96&d=mm&r=g\",\"contentUrl\":\"https:\/\/secure.gravatar.com\/avatar\/685b0e722b7b569d9169f933abfd5f26?s=96&d=mm&r=g\",\"caption\":\"Human Rights Year\"},\"description\":\"\u041d\u0435\u043c\u0435\u0446\u043a\u043e - \u0440\u043e\u0441\u0441\u0438\u0439\u0441\u043a\u0438\u0439 \u0433\u043e\u0434 \u043f\u0440\u0430\u0432 \u0447\u0435\u043b\u043e\u0432\u0435\u043a\u0430 \u041f\u0440\u043e\u0435\u043a\u0442 \u0438\u043d\u0444\u043e\u0440\u043c\u0438\u0440\u0443\u0435\u0442 \u043d\u0435\u043c\u0435\u0446\u043a\u043e\u0435 \u043e\u0431\u0449\u0435\u0441\u0442\u0432\u043e,\u00a0 \u0432 \u0442\u043e\u043c \u0447\u0438\u0441\u043b\u0435 \u0435\u0433\u043e \u0440\u0443\u0441\u0441\u043a\u043e\u044f\u0437\u044b\u0447\u043d\u0443\u044e \u0447\u0430\u0441\u0442\u044c, \u043e \u0441\u0438\u0442\u0443\u0430\u0446\u0438\u0438 \u0441 \u0441\u043e\u0431\u043b\u044e\u0434\u0435\u043d\u0438\u0435\u043c \u043f\u0440\u0430\u0432 \u0447\u0435\u043b\u043e\u0432\u0435\u043a\u0430 \u0432 \u0420\u043e\u0441\u0441\u0438\u0438; \u0430 \u0440\u043e\u0441\u0441\u0438\u044f\u043d - \u043e \u0441\u0438\u0442\u0443\u0430\u0446\u0438\u0438 \u0432 \u044d\u0442\u043e\u0439 \u043e\u0431\u043b\u0430\u0441\u0442\u0438 \u0432 \u0413\u0435\u0440\u043c\u0430\u043d\u0438\u0438. \u0420\u0435\u0430\u043b\u0438\u0437\u0443\u0435\u0442\u0441\u044f \u043f\u0440\u0438 \u0443\u0447\u0430\u0441\u0442\u0438\u0438 \u0440\u043e\u0441\u0441\u0438\u0439\u0441\u043a\u043e\u0433\u043e \u043f\u0440\u0430\u0432\u043e\u0437\u0430\u0449\u0438\u0442\u043d\u043e\u0433\u043e \u0446\u0435\u043d\u0442\u0440\u0430 \u201c\u041c\u0435\u043c\u043e\u0440\u0438\u0430\u043b\u201d \u0438 \u0424\u043e\u0440\u0443\u043c\u0430 \u0440\u0443\u0441\u0441\u043a\u043e\u044f\u0437\u044b\u0447\u043d\u044b\u0445 \u0435\u0432\u0440\u043e\u043f\u0435\u0439\u0446\u0435\u0432, \u0430 \u0442\u0430\u043a\u0436\u0435 \u043f\u0440\u0438 \u043f\u043e\u0434\u0434\u0435\u0440\u0436\u043a\u0435 \u0433\u0435\u0440\u043c\u0430\u043d\u0441\u043a\u043e\u0433\u043e \u041c\u0418\u0414\u0430.\",\"sameAs\":[\"https:\/\/www.human-rights-year.com\"],\"url\":\"https:\/\/www.human-rights-year.com\/de\/author\/humanrightsyear\/\"}]}<\/script>\n<!-- \/ Yoast SEO plugin. -->","yoast_head_json":{"title":"In Nischni Nowgorod fand eine Diskussion \u00fcber Menschenrechte in Deutschland und Russland statt - Europ\u00e4ischer Menschenrechtsdialog","description":"Am 23. November 2019 wurde in der Zentralen Stadtbibliothek Nischni Nowgorod ein vergleichender Vortrag \u00fcber Menschenrechte in Deutschland und der Russischen F\u00f6deration veranstaltet.","robots":{"index":"index","follow":"follow","max-snippet":"max-snippet:-1","max-image-preview":"max-image-preview:large","max-video-preview":"max-video-preview:-1"},"canonical":"https:\/\/www.human-rights-year.com\/de\/2019\/11\/23\/in-nischni-nowgorod-fand-eine-diskussion-ueber-menschenrechte-in-deutschland-und-russland-statt\/","og_locale":"de_DE","og_type":"article","og_title":"In Nischni Nowgorod fand eine Diskussion \u00fcber Menschenrechte in Deutschland und Russland statt - Europ\u00e4ischer Menschenrechtsdialog","og_description":"Am 23. November 2019 wurde in der Zentralen Stadtbibliothek Nischni Nowgorod ein vergleichender Vortrag \u00fcber Menschenrechte in Deutschland und der Russischen F\u00f6deration veranstaltet.","og_url":"https:\/\/www.human-rights-year.com\/de\/2019\/11\/23\/in-nischni-nowgorod-fand-eine-diskussion-ueber-menschenrechte-in-deutschland-und-russland-statt\/","og_site_name":"Europ\u00e4ischer Menschenrechtsdialog","article_published_time":"2019-11-23T12:21:37+00:00","article_modified_time":"2019-12-02T12:32:25+00:00","og_image":[{"width":1920,"height":1280,"url":"https:\/\/www.human-rights-year.com\/wp-content\/uploads\/2019\/11\/bibbib.jpg","type":"image\/jpeg"}],"author":"Human Rights Year","twitter_card":"summary_large_image","twitter_misc":{"Verfasst von":"Human Rights Year","Gesch\u00e4tzte Lesezeit":"2\u00a0Minuten"},"schema":{"@context":"https:\/\/schema.org","@graph":[{"@type":"WebSite","@id":"https:\/\/www.human-rights-year.com\/#website","url":"https:\/\/www.human-rights-year.com\/","name":"\u0415\u0432\u0440\u043e\u043f\u0435\u0439\u0441\u043a\u0438\u0439 \u043f\u0440\u0430\u0432\u043e\u0437\u0430\u0449\u0438\u0442\u043d\u044b\u0439 \u0434\u0438\u0430\u043b\u043e\u0433","description":" ","potentialAction":[{"@type":"SearchAction","target":{"@type":"EntryPoint","urlTemplate":"https:\/\/www.human-rights-year.com\/?s={search_term_string}"},"query-input":"required name=search_term_string"}],"inLanguage":"de"},{"@type":"WebPage","@id":"https:\/\/www.human-rights-year.com\/de\/2019\/11\/23\/in-nischni-nowgorod-fand-eine-diskussion-ueber-menschenrechte-in-deutschland-und-russland-statt\/","url":"https:\/\/www.human-rights-year.com\/de\/2019\/11\/23\/in-nischni-nowgorod-fand-eine-diskussion-ueber-menschenrechte-in-deutschland-und-russland-statt\/","name":"In Nischni Nowgorod fand eine Diskussion \u00fcber Menschenrechte in Deutschland und Russland statt - Europ\u00e4ischer Menschenrechtsdialog","isPartOf":{"@id":"https:\/\/www.human-rights-year.com\/#website"},"datePublished":"2019-11-23T12:21:37+00:00","dateModified":"2019-12-02T12:32:25+00:00","author":{"@id":"https:\/\/www.human-rights-year.com\/#\/schema\/person\/54d85daa1545786aba6f5320df79bb4c"},"description":"Am 23. November 2019 wurde in der Zentralen Stadtbibliothek Nischni Nowgorod ein vergleichender Vortrag \u00fcber Menschenrechte in Deutschland und der Russischen F\u00f6deration veranstaltet.","breadcrumb":{"@id":"https:\/\/www.human-rights-year.com\/de\/2019\/11\/23\/in-nischni-nowgorod-fand-eine-diskussion-ueber-menschenrechte-in-deutschland-und-russland-statt\/#breadcrumb"},"inLanguage":"de","potentialAction":[{"@type":"ReadAction","target":["https:\/\/www.human-rights-year.com\/de\/2019\/11\/23\/in-nischni-nowgorod-fand-eine-diskussion-ueber-menschenrechte-in-deutschland-und-russland-statt\/"]}]},{"@type":"BreadcrumbList","@id":"https:\/\/www.human-rights-year.com\/de\/2019\/11\/23\/in-nischni-nowgorod-fand-eine-diskussion-ueber-menschenrechte-in-deutschland-und-russland-statt\/#breadcrumb","itemListElement":[{"@type":"ListItem","position":1,"name":"\u0413\u043b\u0430\u0432\u043d\u0430\u044f \u0441\u0442\u0440\u0430\u043d\u0438\u0446\u0430","item":"https:\/\/www.human-rights-year.com\/de\/"},{"@type":"ListItem","position":2,"name":"In Nischni Nowgorod fand eine Diskussion \u00fcber Menschenrechte in Deutschland und Russland statt"}]},{"@type":"Person","@id":"https:\/\/www.human-rights-year.com\/#\/schema\/person\/54d85daa1545786aba6f5320df79bb4c","name":"Human Rights Year","image":{"@type":"ImageObject","inLanguage":"de","@id":"https:\/\/www.human-rights-year.com\/#\/schema\/person\/image\/","url":"https:\/\/secure.gravatar.com\/avatar\/685b0e722b7b569d9169f933abfd5f26?s=96&d=mm&r=g","contentUrl":"https:\/\/secure.gravatar.com\/avatar\/685b0e722b7b569d9169f933abfd5f26?s=96&d=mm&r=g","caption":"Human Rights Year"},"description":"\u041d\u0435\u043c\u0435\u0446\u043a\u043e - \u0440\u043e\u0441\u0441\u0438\u0439\u0441\u043a\u0438\u0439 \u0433\u043e\u0434 \u043f\u0440\u0430\u0432 \u0447\u0435\u043b\u043e\u0432\u0435\u043a\u0430 \u041f\u0440\u043e\u0435\u043a\u0442 \u0438\u043d\u0444\u043e\u0440\u043c\u0438\u0440\u0443\u0435\u0442 \u043d\u0435\u043c\u0435\u0446\u043a\u043e\u0435 \u043e\u0431\u0449\u0435\u0441\u0442\u0432\u043e,\u00a0 \u0432 \u0442\u043e\u043c \u0447\u0438\u0441\u043b\u0435 \u0435\u0433\u043e \u0440\u0443\u0441\u0441\u043a\u043e\u044f\u0437\u044b\u0447\u043d\u0443\u044e \u0447\u0430\u0441\u0442\u044c, \u043e \u0441\u0438\u0442\u0443\u0430\u0446\u0438\u0438 \u0441 \u0441\u043e\u0431\u043b\u044e\u0434\u0435\u043d\u0438\u0435\u043c \u043f\u0440\u0430\u0432 \u0447\u0435\u043b\u043e\u0432\u0435\u043a\u0430 \u0432 \u0420\u043e\u0441\u0441\u0438\u0438; \u0430 \u0440\u043e\u0441\u0441\u0438\u044f\u043d - \u043e \u0441\u0438\u0442\u0443\u0430\u0446\u0438\u0438 \u0432 \u044d\u0442\u043e\u0439 \u043e\u0431\u043b\u0430\u0441\u0442\u0438 \u0432 \u0413\u0435\u0440\u043c\u0430\u043d\u0438\u0438. \u0420\u0435\u0430\u043b\u0438\u0437\u0443\u0435\u0442\u0441\u044f \u043f\u0440\u0438 \u0443\u0447\u0430\u0441\u0442\u0438\u0438 \u0440\u043e\u0441\u0441\u0438\u0439\u0441\u043a\u043e\u0433\u043e \u043f\u0440\u0430\u0432\u043e\u0437\u0430\u0449\u0438\u0442\u043d\u043e\u0433\u043e \u0446\u0435\u043d\u0442\u0440\u0430 \u201c\u041c\u0435\u043c\u043e\u0440\u0438\u0430\u043b\u201d \u0438 \u0424\u043e\u0440\u0443\u043c\u0430 \u0440\u0443\u0441\u0441\u043a\u043e\u044f\u0437\u044b\u0447\u043d\u044b\u0445 \u0435\u0432\u0440\u043e\u043f\u0435\u0439\u0446\u0435\u0432, \u0430 \u0442\u0430\u043a\u0436\u0435 \u043f\u0440\u0438 \u043f\u043e\u0434\u0434\u0435\u0440\u0436\u043a\u0435 \u0433\u0435\u0440\u043c\u0430\u043d\u0441\u043a\u043e\u0433\u043e \u041c\u0418\u0414\u0430.","sameAs":["https:\/\/www.human-rights-year.com"],"url":"https:\/\/www.human-rights-year.com\/de\/author\/humanrightsyear\/"}]}},"_links":{"self":[{"href":"https:\/\/www.human-rights-year.com\/de\/wp-json\/wp\/v2\/posts\/3311"}],"collection":[{"href":"https:\/\/www.human-rights-year.com\/de\/wp-json\/wp\/v2\/posts"}],"about":[{"href":"https:\/\/www.human-rights-year.com\/de\/wp-json\/wp\/v2\/types\/post"}],"author":[{"embeddable":true,"href":"https:\/\/www.human-rights-year.com\/de\/wp-json\/wp\/v2\/users\/1"}],"replies":[{"embeddable":true,"href":"https:\/\/www.human-rights-year.com\/de\/wp-json\/wp\/v2\/comments?post=3311"}],"version-history":[{"count":0,"href":"https:\/\/www.human-rights-year.com\/de\/wp-json\/wp\/v2\/posts\/3311\/revisions"}],"wp:featuredmedia":[{"embeddable":true,"href":"https:\/\/www.human-rights-year.com\/de\/wp-json\/wp\/v2\/media\/3299"}],"wp:attachment":[{"href":"https:\/\/www.human-rights-year.com\/de\/wp-json\/wp\/v2\/media?parent=3311"}],"wp:term":[{"taxonomy":"category","embeddable":true,"href":"https:\/\/www.human-rights-year.com\/de\/wp-json\/wp\/v2\/categories?post=3311"},{"taxonomy":"post_tag","embeddable":true,"href":"https:\/\/www.human-rights-year.com\/de\/wp-json\/wp\/v2\/tags?post=3311"}],"curies":[{"name":"wp","href":"https:\/\/api.w.org\/{rel}","templated":true}]}}