{"id":3104,"date":"2019-11-21T20:00:43","date_gmt":"2019-11-21T19:00:43","guid":{"rendered":"https:\/\/www.human-rights-year.com\/?p=3104"},"modified":"2019-11-22T11:23:59","modified_gmt":"2019-11-22T10:23:59","slug":"es-gibt-immer-noch-normale-maenner-die-im-justizministerium-arbeiten","status":"publish","type":"post","link":"https:\/\/www.human-rights-year.com\/de\/2019\/11\/21\/es-gibt-immer-noch-normale-maenner-die-im-justizministerium-arbeiten\/","title":{"rendered":"&#8222;Es gibt immer noch normale M\u00e4nner, die im Justizministerium arbeiten.&#8220;"},"content":{"rendered":"<p>Ich kann nicht aufh\u00f6ren, \u00fcber die Aktivit\u00e4ten der Bewegung zu lesen, die am Wochenende eine Kundgebung gegen (!) das Gesetz \u00fcber h\u00e4usliche Gewalt veranstaltet.<\/p>\n<p>Heute schrieben sie, dass &#8222;normale M\u00e4nner und kompetente Anw\u00e4lte noch im Justizministerium arbeiten&#8220;.<\/p>\n<p>Come on!\u00a0Normale M\u00e4nner sind f\u00fcr Liebe und Sicherheit, Gleichberechtigung und gegenseitige Unterst\u00fctzung.<br \/>\nUnd ich schweige lieber \u00fcber &#8222;kompetente Anw\u00e4lte&#8220;.<\/p>\n<p><a href=\"https:\/\/www.facebook.com\/gnezdilova.org\/posts\/10205898038725513\" target=\"_blank\" rel=\"noopener noreferrer\">Quelle<\/a><br \/>\nIllustration (\u0421\u0421) <a href=\"https:\/\/flickr.com\/photos\/jaysoncarter\/31589649195\/\" target=\"_blank\" rel=\"noopener noreferrer\">Jayson Carter<\/a><\/p>\n","protected":false},"excerpt":{"rendered":"<p>Ich kann nicht aufh\u00f6ren, \u00fcber die Aktivit\u00e4ten der Bewegung zu lesen, die am Wochenende eine Kundgebung gegen (!) das Gesetz \u00fcber h\u00e4usliche Gewalt veranstaltet. Heute<\/p>\n","protected":false},"author":30,"featured_media":3079,"comment_status":"closed","ping_status":"open","sticky":false,"template":"","format":"standard","meta":[],"categories":[18],"tags":[],"yoast_head":"<!-- This site is optimized with the Yoast SEO plugin v19.4 - https:\/\/yoast.com\/wordpress\/plugins\/seo\/ -->\n<title>&quot;Es gibt immer noch normale M\u00e4nner, die im Justizministerium arbeiten.&quot; - Europ\u00e4ischer Menschenrechtsdialog<\/title>\n<meta name=\"description\" content=\"Ich kann nicht aufh\u00f6ren, \u00fcber die Aktivit\u00e4ten der Bewegung zu lesen, die am Wochenende eine Kundgebung gegen (!) das Gesetz \u00fcber h\u00e4usliche Gewalt veranstaltet.\" \/>\n<meta name=\"robots\" content=\"index, follow, max-snippet:-1, max-image-preview:large, max-video-preview:-1\" \/>\n<link rel=\"canonical\" href=\"https:\/\/www.human-rights-year.com\/de\/2019\/11\/21\/es-gibt-immer-noch-normale-maenner-die-im-justizministerium-arbeiten\/\" \/>\n<meta property=\"og:locale\" content=\"de_DE\" \/>\n<meta property=\"og:type\" content=\"article\" \/>\n<meta property=\"og:title\" content=\"&quot;Es gibt immer noch normale M\u00e4nner, die im Justizministerium arbeiten.&quot; - Europ\u00e4ischer Menschenrechtsdialog\" \/>\n<meta property=\"og:description\" content=\"Ich kann nicht aufh\u00f6ren, \u00fcber die Aktivit\u00e4ten der Bewegung zu lesen, die am Wochenende eine Kundgebung gegen (!) das Gesetz \u00fcber h\u00e4usliche Gewalt veranstaltet.\" \/>\n<meta property=\"og:url\" content=\"https:\/\/www.human-rights-year.com\/de\/2019\/11\/21\/es-gibt-immer-noch-normale-maenner-die-im-justizministerium-arbeiten\/\" \/>\n<meta property=\"og:site_name\" content=\"Europ\u00e4ischer Menschenrechtsdialog\" \/>\n<meta property=\"article:author\" content=\"https:\/\/www.facebook.com\/gnezdilova.org\" \/>\n<meta property=\"article:published_time\" content=\"2019-11-21T19:00:43+00:00\" \/>\n<meta property=\"article:modified_time\" content=\"2019-11-22T10:23:59+00:00\" \/>\n<meta property=\"og:image\" content=\"https:\/\/www.human-rights-year.com\/wp-content\/uploads\/2019\/11\/31589649195_64e43b59c2_c.jpg\" \/>\n\t<meta property=\"og:image:width\" content=\"799\" \/>\n\t<meta property=\"og:image:height\" content=\"640\" \/>\n\t<meta property=\"og:image:type\" content=\"image\/jpeg\" \/>\n<meta name=\"author\" content=\"\u041e\u043b\u044c\u0433\u0430 \u0413\u043d\u0435\u0437\u0434\u0438\u043b\u043e\u0432\u0430\" \/>\n<meta name=\"twitter:card\" content=\"summary_large_image\" \/>\n<meta name=\"twitter:label1\" content=\"Verfasst von\" \/>\n\t<meta name=\"twitter:data1\" content=\"Olga Gnezdilova\" \/>\n<script type=\"application\/ld+json\" class=\"yoast-schema-graph\">{\"@context\":\"https:\/\/schema.org\",\"@graph\":[{\"@type\":\"WebSite\",\"@id\":\"https:\/\/www.human-rights-year.com\/#website\",\"url\":\"https:\/\/www.human-rights-year.com\/\",\"name\":\"\u0415\u0432\u0440\u043e\u043f\u0435\u0439\u0441\u043a\u0438\u0439 \u043f\u0440\u0430\u0432\u043e\u0437\u0430\u0449\u0438\u0442\u043d\u044b\u0439 \u0434\u0438\u0430\u043b\u043e\u0433\",\"description\":\" \",\"potentialAction\":[{\"@type\":\"SearchAction\",\"target\":{\"@type\":\"EntryPoint\",\"urlTemplate\":\"https:\/\/www.human-rights-year.com\/?s={search_term_string}\"},\"query-input\":\"required name=search_term_string\"}],\"inLanguage\":\"de\"},{\"@type\":\"WebPage\",\"@id\":\"https:\/\/www.human-rights-year.com\/de\/2019\/11\/21\/es-gibt-immer-noch-normale-maenner-die-im-justizministerium-arbeiten\/\",\"url\":\"https:\/\/www.human-rights-year.com\/de\/2019\/11\/21\/es-gibt-immer-noch-normale-maenner-die-im-justizministerium-arbeiten\/\",\"name\":\"\\\"Es gibt immer noch normale M\u00e4nner, die im Justizministerium arbeiten.\\\" - Europ\u00e4ischer Menschenrechtsdialog\",\"isPartOf\":{\"@id\":\"https:\/\/www.human-rights-year.com\/#website\"},\"datePublished\":\"2019-11-21T19:00:43+00:00\",\"dateModified\":\"2019-11-22T10:23:59+00:00\",\"author\":{\"@id\":\"https:\/\/www.human-rights-year.com\/#\/schema\/person\/b2481e86ea16c69942eb9cc56ce31396\"},\"description\":\"Ich kann nicht aufh\u00f6ren, \u00fcber die Aktivit\u00e4ten der Bewegung zu lesen, die am Wochenende eine Kundgebung gegen (!) das Gesetz \u00fcber h\u00e4usliche Gewalt veranstaltet.\",\"breadcrumb\":{\"@id\":\"https:\/\/www.human-rights-year.com\/de\/2019\/11\/21\/es-gibt-immer-noch-normale-maenner-die-im-justizministerium-arbeiten\/#breadcrumb\"},\"inLanguage\":\"de\",\"potentialAction\":[{\"@type\":\"ReadAction\",\"target\":[\"https:\/\/www.human-rights-year.com\/de\/2019\/11\/21\/es-gibt-immer-noch-normale-maenner-die-im-justizministerium-arbeiten\/\"]}]},{\"@type\":\"BreadcrumbList\",\"@id\":\"https:\/\/www.human-rights-year.com\/de\/2019\/11\/21\/es-gibt-immer-noch-normale-maenner-die-im-justizministerium-arbeiten\/#breadcrumb\",\"itemListElement\":[{\"@type\":\"ListItem\",\"position\":1,\"name\":\"\u0413\u043b\u0430\u0432\u043d\u0430\u044f \u0441\u0442\u0440\u0430\u043d\u0438\u0446\u0430\",\"item\":\"https:\/\/www.human-rights-year.com\/de\/\"},{\"@type\":\"ListItem\",\"position\":2,\"name\":\"&#8222;Es gibt immer noch normale M\u00e4nner, die im Justizministerium arbeiten.&#8220;\"}]},{\"@type\":\"Person\",\"@id\":\"https:\/\/www.human-rights-year.com\/#\/schema\/person\/b2481e86ea16c69942eb9cc56ce31396\",\"name\":\"\u041e\u043b\u044c\u0433\u0430 \u0413\u043d\u0435\u0437\u0434\u0438\u043b\u043e\u0432\u0430\",\"image\":{\"@type\":\"ImageObject\",\"inLanguage\":\"de\",\"@id\":\"https:\/\/www.human-rights-year.com\/#\/schema\/person\/image\/\",\"url\":\"https:\/\/secure.gravatar.com\/avatar\/014329f6616bd65ede8a22ed2b92d48e?s=96&d=mm&r=g\",\"contentUrl\":\"https:\/\/secure.gravatar.com\/avatar\/014329f6616bd65ede8a22ed2b92d48e?s=96&d=mm&r=g\",\"caption\":\"\u041e\u043b\u044c\u0433\u0430 \u0413\u043d\u0435\u0437\u0434\u0438\u043b\u043e\u0432\u0430\"},\"description\":\"\u041f\u0440\u043e\u0435\u043a\u0442 \u00ab\u041f\u0440\u0430\u0432\u043e\u0432\u0430\u044f \u0438\u043d\u0438\u0446\u0438\u0430\u0442\u0438\u0432\u0430\u00bb\",\"sameAs\":[\"https:\/\/www.facebook.com\/gnezdilova.org\"],\"url\":\"https:\/\/www.human-rights-year.com\/de\/author\/o-gnezdilova\/\"}]}<\/script>\n<!-- \/ Yoast SEO plugin. -->","yoast_head_json":{"title":"\"Es gibt immer noch normale M\u00e4nner, die im Justizministerium arbeiten.\" - Europ\u00e4ischer Menschenrechtsdialog","description":"Ich kann nicht aufh\u00f6ren, \u00fcber die Aktivit\u00e4ten der Bewegung zu lesen, die am Wochenende eine Kundgebung gegen (!) das Gesetz \u00fcber h\u00e4usliche Gewalt veranstaltet.","robots":{"index":"index","follow":"follow","max-snippet":"max-snippet:-1","max-image-preview":"max-image-preview:large","max-video-preview":"max-video-preview:-1"},"canonical":"https:\/\/www.human-rights-year.com\/de\/2019\/11\/21\/es-gibt-immer-noch-normale-maenner-die-im-justizministerium-arbeiten\/","og_locale":"de_DE","og_type":"article","og_title":"\"Es gibt immer noch normale M\u00e4nner, die im Justizministerium arbeiten.\" - Europ\u00e4ischer Menschenrechtsdialog","og_description":"Ich kann nicht aufh\u00f6ren, \u00fcber die Aktivit\u00e4ten der Bewegung zu lesen, die am Wochenende eine Kundgebung gegen (!) das Gesetz \u00fcber h\u00e4usliche Gewalt veranstaltet.","og_url":"https:\/\/www.human-rights-year.com\/de\/2019\/11\/21\/es-gibt-immer-noch-normale-maenner-die-im-justizministerium-arbeiten\/","og_site_name":"Europ\u00e4ischer Menschenrechtsdialog","article_author":"https:\/\/www.facebook.com\/gnezdilova.org","article_published_time":"2019-11-21T19:00:43+00:00","article_modified_time":"2019-11-22T10:23:59+00:00","og_image":[{"width":799,"height":640,"url":"https:\/\/www.human-rights-year.com\/wp-content\/uploads\/2019\/11\/31589649195_64e43b59c2_c.jpg","type":"image\/jpeg"}],"author":"\u041e\u043b\u044c\u0433\u0430 \u0413\u043d\u0435\u0437\u0434\u0438\u043b\u043e\u0432\u0430","twitter_card":"summary_large_image","twitter_misc":{"Verfasst von":"Olga Gnezdilova"},"schema":{"@context":"https:\/\/schema.org","@graph":[{"@type":"WebSite","@id":"https:\/\/www.human-rights-year.com\/#website","url":"https:\/\/www.human-rights-year.com\/","name":"\u0415\u0432\u0440\u043e\u043f\u0435\u0439\u0441\u043a\u0438\u0439 \u043f\u0440\u0430\u0432\u043e\u0437\u0430\u0449\u0438\u0442\u043d\u044b\u0439 \u0434\u0438\u0430\u043b\u043e\u0433","description":" ","potentialAction":[{"@type":"SearchAction","target":{"@type":"EntryPoint","urlTemplate":"https:\/\/www.human-rights-year.com\/?s={search_term_string}"},"query-input":"required name=search_term_string"}],"inLanguage":"de"},{"@type":"WebPage","@id":"https:\/\/www.human-rights-year.com\/de\/2019\/11\/21\/es-gibt-immer-noch-normale-maenner-die-im-justizministerium-arbeiten\/","url":"https:\/\/www.human-rights-year.com\/de\/2019\/11\/21\/es-gibt-immer-noch-normale-maenner-die-im-justizministerium-arbeiten\/","name":"\"Es gibt immer noch normale M\u00e4nner, die im Justizministerium arbeiten.\" - Europ\u00e4ischer Menschenrechtsdialog","isPartOf":{"@id":"https:\/\/www.human-rights-year.com\/#website"},"datePublished":"2019-11-21T19:00:43+00:00","dateModified":"2019-11-22T10:23:59+00:00","author":{"@id":"https:\/\/www.human-rights-year.com\/#\/schema\/person\/b2481e86ea16c69942eb9cc56ce31396"},"description":"Ich kann nicht aufh\u00f6ren, \u00fcber die Aktivit\u00e4ten der Bewegung zu lesen, die am Wochenende eine Kundgebung gegen (!) das Gesetz \u00fcber h\u00e4usliche Gewalt veranstaltet.","breadcrumb":{"@id":"https:\/\/www.human-rights-year.com\/de\/2019\/11\/21\/es-gibt-immer-noch-normale-maenner-die-im-justizministerium-arbeiten\/#breadcrumb"},"inLanguage":"de","potentialAction":[{"@type":"ReadAction","target":["https:\/\/www.human-rights-year.com\/de\/2019\/11\/21\/es-gibt-immer-noch-normale-maenner-die-im-justizministerium-arbeiten\/"]}]},{"@type":"BreadcrumbList","@id":"https:\/\/www.human-rights-year.com\/de\/2019\/11\/21\/es-gibt-immer-noch-normale-maenner-die-im-justizministerium-arbeiten\/#breadcrumb","itemListElement":[{"@type":"ListItem","position":1,"name":"\u0413\u043b\u0430\u0432\u043d\u0430\u044f \u0441\u0442\u0440\u0430\u043d\u0438\u0446\u0430","item":"https:\/\/www.human-rights-year.com\/de\/"},{"@type":"ListItem","position":2,"name":"&#8222;Es gibt immer noch normale M\u00e4nner, die im Justizministerium arbeiten.&#8220;"}]},{"@type":"Person","@id":"https:\/\/www.human-rights-year.com\/#\/schema\/person\/b2481e86ea16c69942eb9cc56ce31396","name":"\u041e\u043b\u044c\u0433\u0430 \u0413\u043d\u0435\u0437\u0434\u0438\u043b\u043e\u0432\u0430","image":{"@type":"ImageObject","inLanguage":"de","@id":"https:\/\/www.human-rights-year.com\/#\/schema\/person\/image\/","url":"https:\/\/secure.gravatar.com\/avatar\/014329f6616bd65ede8a22ed2b92d48e?s=96&d=mm&r=g","contentUrl":"https:\/\/secure.gravatar.com\/avatar\/014329f6616bd65ede8a22ed2b92d48e?s=96&d=mm&r=g","caption":"\u041e\u043b\u044c\u0433\u0430 \u0413\u043d\u0435\u0437\u0434\u0438\u043b\u043e\u0432\u0430"},"description":"\u041f\u0440\u043e\u0435\u043a\u0442 \u00ab\u041f\u0440\u0430\u0432\u043e\u0432\u0430\u044f \u0438\u043d\u0438\u0446\u0438\u0430\u0442\u0438\u0432\u0430\u00bb","sameAs":["https:\/\/www.facebook.com\/gnezdilova.org"],"url":"https:\/\/www.human-rights-year.com\/de\/author\/o-gnezdilova\/"}]}},"_links":{"self":[{"href":"https:\/\/www.human-rights-year.com\/de\/wp-json\/wp\/v2\/posts\/3104"}],"collection":[{"href":"https:\/\/www.human-rights-year.com\/de\/wp-json\/wp\/v2\/posts"}],"about":[{"href":"https:\/\/www.human-rights-year.com\/de\/wp-json\/wp\/v2\/types\/post"}],"author":[{"embeddable":true,"href":"https:\/\/www.human-rights-year.com\/de\/wp-json\/wp\/v2\/users\/30"}],"replies":[{"embeddable":true,"href":"https:\/\/www.human-rights-year.com\/de\/wp-json\/wp\/v2\/comments?post=3104"}],"version-history":[{"count":0,"href":"https:\/\/www.human-rights-year.com\/de\/wp-json\/wp\/v2\/posts\/3104\/revisions"}],"wp:featuredmedia":[{"embeddable":true,"href":"https:\/\/www.human-rights-year.com\/de\/wp-json\/wp\/v2\/media\/3079"}],"wp:attachment":[{"href":"https:\/\/www.human-rights-year.com\/de\/wp-json\/wp\/v2\/media?parent=3104"}],"wp:term":[{"taxonomy":"category","embeddable":true,"href":"https:\/\/www.human-rights-year.com\/de\/wp-json\/wp\/v2\/categories?post=3104"},{"taxonomy":"post_tag","embeddable":true,"href":"https:\/\/www.human-rights-year.com\/de\/wp-json\/wp\/v2\/tags?post=3104"}],"curies":[{"name":"wp","href":"https:\/\/api.w.org\/{rel}","templated":true}]}}