{"id":3014,"date":"2019-11-19T14:02:25","date_gmt":"2019-11-19T13:02:25","guid":{"rendered":"https:\/\/www.human-rights-year.com\/?p=3014"},"modified":"2019-11-19T14:02:25","modified_gmt":"2019-11-19T13:02:25","slug":"freiheit-fuer-nastja-schewtschenko","status":"publish","type":"post","link":"https:\/\/www.human-rights-year.com\/de\/2019\/11\/19\/freiheit-fuer-nastja-schewtschenko\/","title":{"rendered":"Freiheit f\u00fcr Nastja Schewtschenko!"},"content":{"rendered":"<p>Meine geliebte Freundin steht seit fast einem Jahr unter Hausarrest.<br \/>\nAnastassia Schewtschenko, ich vermisse dich sehr, unsere Abende und Gespr\u00e4che.<\/p>\n<p>#FreiheitF\u00fcrNastjaSchewtschenko<\/p>\n<p>&nbsp;<\/p>\n<p><strong>Informationen von <a href=\"https:\/\/www.svoboda.org\/a\/30058454.html\" target=\"_blank\" rel=\"noopener noreferrer\">Radio Liberty<\/a>:<\/strong><\/p>\n<p><em>Ein Strafverfahren gegen Anastassia Schewtschenko wurde im Januar 2019 eingeleitet und war das erste in Russland, das im Rahmen eines Artikels \u00fcber die Aktivit\u00e4ten einer in Russland als unerw\u00fcnscht anerkannten Organisation (Open Russia) eingeleitet wurde. Die Aktivistin steht unter Hausarrest. Schewtschenko wird zweifach beschuldigt: der Teilnahme an politischen Debatten und der Organisation eines Seminars f\u00fcr Abgeordneten-Kandidaten.<\/em><\/p>\n<p><em>Amnesty International erkannte Anastassia Schewtschenko als Gefangene aus Gewissensgr\u00fcnden an und forderte die Beh\u00f6rden auf, sie unverz\u00fcglich freizulassen. Eine \u00e4hnliche Aussage machten Menschenrechtsaktivisten von Human Rights Watch, die die Verhaftung der Aktivistin als &#8222;grobe Verletzung&#8220; der Freiheit der B\u00fcrger, Gewerkschaften und Vereinigungen zu gr\u00fcnden, bezeichneten.<\/em><\/p>\n<p>&nbsp;<\/p>\n<p><a href=\"https:\/\/www.facebook.com\/yanagoncharova\/posts\/10220903429681648\" target=\"_blank\" rel=\"noopener noreferrer\">Quelle<\/a><\/p>\n<p><a href=\"https:\/\/www.facebook.com\/photo.php?fbid=2024350760925255&amp;set=p.2024350760925255&amp;type=3&amp;theater\" target=\"_blank\" rel=\"noopener noreferrer\">Foto<\/a><\/p>\n<p>&nbsp;<\/p>\n","protected":false},"excerpt":{"rendered":"<p>Meine geliebte Freundin steht seit fast einem Jahr unter Hausarrest. Anastassia Schewtschenko, ich vermisse dich sehr, unsere Abende und Gespr\u00e4che. #FreiheitF\u00fcrNastjaSchewtschenko &nbsp; Informationen von Radio<\/p>\n","protected":false},"author":12,"featured_media":3010,"comment_status":"closed","ping_status":"open","sticky":false,"template":"","format":"standard","meta":[],"categories":[18],"tags":[],"yoast_head":"<!-- This site is optimized with the Yoast SEO plugin v19.4 - https:\/\/yoast.com\/wordpress\/plugins\/seo\/ -->\n<title>Freiheit f\u00fcr Nastja Schewtschenko! - Europ\u00e4ischer Menschenrechtsdialog<\/title>\n<meta name=\"description\" content=\"Meine geliebte Freundin steht seit fast einem Jahr unter Hausarrest.Anastassia Schewtschenko ich vermisse dich sehr, unsere Abende und Gespr\u00e4che.\" \/>\n<meta name=\"robots\" content=\"index, follow, max-snippet:-1, max-image-preview:large, max-video-preview:-1\" \/>\n<link rel=\"canonical\" href=\"https:\/\/www.human-rights-year.com\/de\/2019\/11\/19\/freiheit-fuer-nastja-schewtschenko\/\" \/>\n<meta property=\"og:locale\" content=\"de_DE\" \/>\n<meta property=\"og:type\" content=\"article\" \/>\n<meta property=\"og:title\" content=\"Freiheit f\u00fcr Nastja Schewtschenko! - Europ\u00e4ischer Menschenrechtsdialog\" \/>\n<meta property=\"og:description\" content=\"Meine geliebte Freundin steht seit fast einem Jahr unter Hausarrest.Anastassia Schewtschenko ich vermisse dich sehr, unsere Abende und Gespr\u00e4che.\" \/>\n<meta property=\"og:url\" content=\"https:\/\/www.human-rights-year.com\/de\/2019\/11\/19\/freiheit-fuer-nastja-schewtschenko\/\" \/>\n<meta property=\"og:site_name\" content=\"Europ\u00e4ischer Menschenrechtsdialog\" \/>\n<meta property=\"article:published_time\" content=\"2019-11-19T13:02:25+00:00\" \/>\n<meta property=\"og:image\" content=\"https:\/\/www.human-rights-year.com\/wp-content\/uploads\/2019\/11\/Schewch.jpg\" \/>\n\t<meta property=\"og:image:width\" content=\"1080\" \/>\n\t<meta property=\"og:image:height\" content=\"867\" \/>\n\t<meta property=\"og:image:type\" content=\"image\/jpeg\" \/>\n<meta name=\"author\" content=\"\u042f\u043d\u0430 \u0413\u043e\u043d\u0447\u0430\u0440\u043e\u0432\u0430\" \/>\n<meta name=\"twitter:card\" content=\"summary_large_image\" \/>\n<meta name=\"twitter:label1\" content=\"Verfasst von\" \/>\n\t<meta name=\"twitter:data1\" content=\"Yana Goncharova\" \/>\n\t<meta name=\"twitter:label2\" content=\"Gesch\u00e4tzte Lesezeit\" \/>\n\t<meta name=\"twitter:data2\" content=\"1\u00a0Minute\" \/>\n<script type=\"application\/ld+json\" class=\"yoast-schema-graph\">{\"@context\":\"https:\/\/schema.org\",\"@graph\":[{\"@type\":\"WebSite\",\"@id\":\"https:\/\/www.human-rights-year.com\/#website\",\"url\":\"https:\/\/www.human-rights-year.com\/\",\"name\":\"\u0415\u0432\u0440\u043e\u043f\u0435\u0439\u0441\u043a\u0438\u0439 \u043f\u0440\u0430\u0432\u043e\u0437\u0430\u0449\u0438\u0442\u043d\u044b\u0439 \u0434\u0438\u0430\u043b\u043e\u0433\",\"description\":\" \",\"potentialAction\":[{\"@type\":\"SearchAction\",\"target\":{\"@type\":\"EntryPoint\",\"urlTemplate\":\"https:\/\/www.human-rights-year.com\/?s={search_term_string}\"},\"query-input\":\"required name=search_term_string\"}],\"inLanguage\":\"de\"},{\"@type\":\"WebPage\",\"@id\":\"https:\/\/www.human-rights-year.com\/de\/2019\/11\/19\/freiheit-fuer-nastja-schewtschenko\/\",\"url\":\"https:\/\/www.human-rights-year.com\/de\/2019\/11\/19\/freiheit-fuer-nastja-schewtschenko\/\",\"name\":\"Freiheit f\u00fcr Nastja Schewtschenko! - Europ\u00e4ischer Menschenrechtsdialog\",\"isPartOf\":{\"@id\":\"https:\/\/www.human-rights-year.com\/#website\"},\"datePublished\":\"2019-11-19T13:02:25+00:00\",\"dateModified\":\"2019-11-19T13:02:25+00:00\",\"author\":{\"@id\":\"https:\/\/www.human-rights-year.com\/#\/schema\/person\/9cabb5c67b28b15a58d3683e9cc693d5\"},\"description\":\"Meine geliebte Freundin steht seit fast einem Jahr unter Hausarrest.Anastassia Schewtschenko ich vermisse dich sehr, unsere Abende und Gespr\u00e4che.\",\"breadcrumb\":{\"@id\":\"https:\/\/www.human-rights-year.com\/de\/2019\/11\/19\/freiheit-fuer-nastja-schewtschenko\/#breadcrumb\"},\"inLanguage\":\"de\",\"potentialAction\":[{\"@type\":\"ReadAction\",\"target\":[\"https:\/\/www.human-rights-year.com\/de\/2019\/11\/19\/freiheit-fuer-nastja-schewtschenko\/\"]}]},{\"@type\":\"BreadcrumbList\",\"@id\":\"https:\/\/www.human-rights-year.com\/de\/2019\/11\/19\/freiheit-fuer-nastja-schewtschenko\/#breadcrumb\",\"itemListElement\":[{\"@type\":\"ListItem\",\"position\":1,\"name\":\"\u0413\u043b\u0430\u0432\u043d\u0430\u044f \u0441\u0442\u0440\u0430\u043d\u0438\u0446\u0430\",\"item\":\"https:\/\/www.human-rights-year.com\/de\/\"},{\"@type\":\"ListItem\",\"position\":2,\"name\":\"Freiheit f\u00fcr Nastja Schewtschenko!\"}]},{\"@type\":\"Person\",\"@id\":\"https:\/\/www.human-rights-year.com\/#\/schema\/person\/9cabb5c67b28b15a58d3683e9cc693d5\",\"name\":\"\u042f\u043d\u0430 \u0413\u043e\u043d\u0447\u0430\u0440\u043e\u0432\u0430\",\"image\":{\"@type\":\"ImageObject\",\"inLanguage\":\"de\",\"@id\":\"https:\/\/www.human-rights-year.com\/#\/schema\/person\/image\/\",\"url\":\"https:\/\/secure.gravatar.com\/avatar\/3f3ae0abb016065b00f8cb259c4a2958?s=96&d=mm&r=g\",\"contentUrl\":\"https:\/\/secure.gravatar.com\/avatar\/3f3ae0abb016065b00f8cb259c4a2958?s=96&d=mm&r=g\",\"caption\":\"\u042f\u043d\u0430 \u0413\u043e\u043d\u0447\u0430\u0440\u043e\u0432\u0430\"},\"description\":\"\u041f\u043e\u0447\u0442\u043e\u0432\u0430\u044f \u0441\u043b\u0443\u0436\u0431\u0430 \u0434\u043b\u044f \u0441\u0432\u044f\u0437\u0438 \u0441 \u0437\u0430\u043a\u043b\u044e\u0447\u0451\u043d\u043d\u044b\u043c\u0438 \u00ab\u0420\u043e\u0441\u0423\u0437\u043d\u0438\u043a\u00bb\",\"url\":\"https:\/\/www.human-rights-year.com\/de\/author\/y-goncharova\/\"}]}<\/script>\n<!-- \/ Yoast SEO plugin. -->","yoast_head_json":{"title":"Freiheit f\u00fcr Nastja Schewtschenko! - Europ\u00e4ischer Menschenrechtsdialog","description":"Meine geliebte Freundin steht seit fast einem Jahr unter Hausarrest.Anastassia Schewtschenko ich vermisse dich sehr, unsere Abende und Gespr\u00e4che.","robots":{"index":"index","follow":"follow","max-snippet":"max-snippet:-1","max-image-preview":"max-image-preview:large","max-video-preview":"max-video-preview:-1"},"canonical":"https:\/\/www.human-rights-year.com\/de\/2019\/11\/19\/freiheit-fuer-nastja-schewtschenko\/","og_locale":"de_DE","og_type":"article","og_title":"Freiheit f\u00fcr Nastja Schewtschenko! - Europ\u00e4ischer Menschenrechtsdialog","og_description":"Meine geliebte Freundin steht seit fast einem Jahr unter Hausarrest.Anastassia Schewtschenko ich vermisse dich sehr, unsere Abende und Gespr\u00e4che.","og_url":"https:\/\/www.human-rights-year.com\/de\/2019\/11\/19\/freiheit-fuer-nastja-schewtschenko\/","og_site_name":"Europ\u00e4ischer Menschenrechtsdialog","article_published_time":"2019-11-19T13:02:25+00:00","og_image":[{"width":1080,"height":867,"url":"https:\/\/www.human-rights-year.com\/wp-content\/uploads\/2019\/11\/Schewch.jpg","type":"image\/jpeg"}],"author":"\u042f\u043d\u0430 \u0413\u043e\u043d\u0447\u0430\u0440\u043e\u0432\u0430","twitter_card":"summary_large_image","twitter_misc":{"Verfasst von":"Yana Goncharova","Gesch\u00e4tzte Lesezeit":"1\u00a0Minute"},"schema":{"@context":"https:\/\/schema.org","@graph":[{"@type":"WebSite","@id":"https:\/\/www.human-rights-year.com\/#website","url":"https:\/\/www.human-rights-year.com\/","name":"\u0415\u0432\u0440\u043e\u043f\u0435\u0439\u0441\u043a\u0438\u0439 \u043f\u0440\u0430\u0432\u043e\u0437\u0430\u0449\u0438\u0442\u043d\u044b\u0439 \u0434\u0438\u0430\u043b\u043e\u0433","description":" ","potentialAction":[{"@type":"SearchAction","target":{"@type":"EntryPoint","urlTemplate":"https:\/\/www.human-rights-year.com\/?s={search_term_string}"},"query-input":"required name=search_term_string"}],"inLanguage":"de"},{"@type":"WebPage","@id":"https:\/\/www.human-rights-year.com\/de\/2019\/11\/19\/freiheit-fuer-nastja-schewtschenko\/","url":"https:\/\/www.human-rights-year.com\/de\/2019\/11\/19\/freiheit-fuer-nastja-schewtschenko\/","name":"Freiheit f\u00fcr Nastja Schewtschenko! - Europ\u00e4ischer Menschenrechtsdialog","isPartOf":{"@id":"https:\/\/www.human-rights-year.com\/#website"},"datePublished":"2019-11-19T13:02:25+00:00","dateModified":"2019-11-19T13:02:25+00:00","author":{"@id":"https:\/\/www.human-rights-year.com\/#\/schema\/person\/9cabb5c67b28b15a58d3683e9cc693d5"},"description":"Meine geliebte Freundin steht seit fast einem Jahr unter Hausarrest.Anastassia Schewtschenko ich vermisse dich sehr, unsere Abende und Gespr\u00e4che.","breadcrumb":{"@id":"https:\/\/www.human-rights-year.com\/de\/2019\/11\/19\/freiheit-fuer-nastja-schewtschenko\/#breadcrumb"},"inLanguage":"de","potentialAction":[{"@type":"ReadAction","target":["https:\/\/www.human-rights-year.com\/de\/2019\/11\/19\/freiheit-fuer-nastja-schewtschenko\/"]}]},{"@type":"BreadcrumbList","@id":"https:\/\/www.human-rights-year.com\/de\/2019\/11\/19\/freiheit-fuer-nastja-schewtschenko\/#breadcrumb","itemListElement":[{"@type":"ListItem","position":1,"name":"\u0413\u043b\u0430\u0432\u043d\u0430\u044f \u0441\u0442\u0440\u0430\u043d\u0438\u0446\u0430","item":"https:\/\/www.human-rights-year.com\/de\/"},{"@type":"ListItem","position":2,"name":"Freiheit f\u00fcr Nastja Schewtschenko!"}]},{"@type":"Person","@id":"https:\/\/www.human-rights-year.com\/#\/schema\/person\/9cabb5c67b28b15a58d3683e9cc693d5","name":"\u042f\u043d\u0430 \u0413\u043e\u043d\u0447\u0430\u0440\u043e\u0432\u0430","image":{"@type":"ImageObject","inLanguage":"de","@id":"https:\/\/www.human-rights-year.com\/#\/schema\/person\/image\/","url":"https:\/\/secure.gravatar.com\/avatar\/3f3ae0abb016065b00f8cb259c4a2958?s=96&d=mm&r=g","contentUrl":"https:\/\/secure.gravatar.com\/avatar\/3f3ae0abb016065b00f8cb259c4a2958?s=96&d=mm&r=g","caption":"\u042f\u043d\u0430 \u0413\u043e\u043d\u0447\u0430\u0440\u043e\u0432\u0430"},"description":"\u041f\u043e\u0447\u0442\u043e\u0432\u0430\u044f \u0441\u043b\u0443\u0436\u0431\u0430 \u0434\u043b\u044f \u0441\u0432\u044f\u0437\u0438 \u0441 \u0437\u0430\u043a\u043b\u044e\u0447\u0451\u043d\u043d\u044b\u043c\u0438 \u00ab\u0420\u043e\u0441\u0423\u0437\u043d\u0438\u043a\u00bb","url":"https:\/\/www.human-rights-year.com\/de\/author\/y-goncharova\/"}]}},"_links":{"self":[{"href":"https:\/\/www.human-rights-year.com\/de\/wp-json\/wp\/v2\/posts\/3014"}],"collection":[{"href":"https:\/\/www.human-rights-year.com\/de\/wp-json\/wp\/v2\/posts"}],"about":[{"href":"https:\/\/www.human-rights-year.com\/de\/wp-json\/wp\/v2\/types\/post"}],"author":[{"embeddable":true,"href":"https:\/\/www.human-rights-year.com\/de\/wp-json\/wp\/v2\/users\/12"}],"replies":[{"embeddable":true,"href":"https:\/\/www.human-rights-year.com\/de\/wp-json\/wp\/v2\/comments?post=3014"}],"version-history":[{"count":0,"href":"https:\/\/www.human-rights-year.com\/de\/wp-json\/wp\/v2\/posts\/3014\/revisions"}],"wp:featuredmedia":[{"embeddable":true,"href":"https:\/\/www.human-rights-year.com\/de\/wp-json\/wp\/v2\/media\/3010"}],"wp:attachment":[{"href":"https:\/\/www.human-rights-year.com\/de\/wp-json\/wp\/v2\/media?parent=3014"}],"wp:term":[{"taxonomy":"category","embeddable":true,"href":"https:\/\/www.human-rights-year.com\/de\/wp-json\/wp\/v2\/categories?post=3014"},{"taxonomy":"post_tag","embeddable":true,"href":"https:\/\/www.human-rights-year.com\/de\/wp-json\/wp\/v2\/tags?post=3014"}],"curies":[{"name":"wp","href":"https:\/\/api.w.org\/{rel}","templated":true}]}}