{"id":2810,"date":"2019-11-19T09:27:55","date_gmt":"2019-11-19T08:27:55","guid":{"rendered":"https:\/\/www.human-rights-year.com\/?p=2810"},"modified":"2019-11-19T10:31:43","modified_gmt":"2019-11-19T09:31:43","slug":"in-jekaterinburg-picket-opa-wurde-mit-einer-geldstrafe-von-20-tausend-rubel-nach-den-proteste-gegen-den-kirchenbau-im-park-bestraft","status":"publish","type":"post","link":"https:\/\/www.human-rights-year.com\/de\/2019\/11\/19\/in-jekaterinburg-picket-opa-wurde-mit-einer-geldstrafe-von-20-tausend-rubel-nach-den-proteste-gegen-den-kirchenbau-im-park-bestraft\/","title":{"rendered":"In Jekaterinburg Picket-Opa wurde mit einer Geldstrafe von 20 Tausend Rubel nach den Proteste gegen den Kirchenbau im Park bestraft"},"content":{"rendered":"<p>Das Gericht Werch-Isetskiy in Jekaterinburg hat Wladimir Pankratow, bekannt als Picket-Opa, f\u00fcr die Anwendung von ungef\u00e4hrlicher Gewalt gegen einen Polizisten \u00a0mit 20.000 Rubel bestraft (Teil 1, Artikel 318 des Strafgesetzbuches). Der Fall wurde nach der Protestaktion gegen den Bau einer Kirche in einem \u00f6ffentlichen Park eingeleitet. Dies berichtet der Telegrammkanal &#8222;Apologia of Protest&#8220;.<\/p>\n<p>Nach Angaben der Staatsanwaltschaft schlug Pankratov in der Nacht vom 13. auf den 14. Mai w\u00e4hrend der Proteste einen Polizisten mit einer Zeitung. Dieser Moment kam auf Video. Es zeigt Pankratov, wie er mit einer zusammengefalteten Zeitung richtung einen Polizisten schl\u00e4gt. Ob er getroffen hat, ist nicht klar.<\/p>\n<p>Vadim Pankratov ist in Jekaterinburg als &#8222;Picket-Opa&#8220; (\u0434\u0435\u0434-\u043f\u0438\u043a\u0435\u0442) bekannt: Er kommt regelm\u00e4\u00dfig zu \u00f6ffentlichen Veranstaltungen, nimmt aber nicht daran teil und steht in der N\u00e4he als Einzeldemonstrant.<\/p>\n<p><a href=\"https:\/\/ovdinfo.org\/express-news\/2019\/11\/19\/v-ekaterinburge-deda-piketa-oshtrafovali-na-10-tysyach-rubley-po-sledam\" target=\"_blank\" rel=\"noopener noreferrer\">Quelle<\/a><\/p>\n","protected":false},"excerpt":{"rendered":"<p>Das Gericht Werch-Isetskiy in Jekaterinburg hat Wladimir Pankratow, bekannt als Picket-Opa, f\u00fcr die Anwendung von ungef\u00e4hrlicher Gewalt gegen einen Polizisten \u00a0mit 20.000 Rubel bestraft (Teil<\/p>\n","protected":false},"author":1,"featured_media":2795,"comment_status":"closed","ping_status":"open","sticky":false,"template":"","format":"standard","meta":[],"categories":[20,12],"tags":[],"yoast_head":"<!-- This site is optimized with the Yoast SEO plugin v19.4 - https:\/\/yoast.com\/wordpress\/plugins\/seo\/ -->\n<title>In Jekaterinburg Picket-Opa wurde mit einer Geldstrafe von 20 Tausend Rubel nach den Proteste gegen den Kirchenbau im Park bestraft - Europ\u00e4ischer Menschenrechtsdialog<\/title>\n<meta name=\"description\" content=\"Das Gericht Werch-Isetskiy in Jekaterinburg hat Wladimir Pankratow, bekannt als Picket-Opa, f\u00fcr die Anwendung von ungef\u00e4hrlicher Gewalt gegen einen Polizisten \u00a0mit 20.000 Rubel bestraft.\" \/>\n<meta name=\"robots\" content=\"index, follow, max-snippet:-1, max-image-preview:large, max-video-preview:-1\" \/>\n<link rel=\"canonical\" href=\"https:\/\/www.human-rights-year.com\/de\/2019\/11\/19\/in-jekaterinburg-picket-opa-wurde-mit-einer-geldstrafe-von-20-tausend-rubel-nach-den-proteste-gegen-den-kirchenbau-im-park-bestraft\/\" \/>\n<meta property=\"og:locale\" content=\"de_DE\" \/>\n<meta property=\"og:type\" content=\"article\" \/>\n<meta property=\"og:title\" content=\"In Jekaterinburg Picket-Opa wurde mit einer Geldstrafe von 20 Tausend Rubel nach den Proteste gegen den Kirchenbau im Park bestraft - Europ\u00e4ischer Menschenrechtsdialog\" \/>\n<meta property=\"og:description\" content=\"Das Gericht Werch-Isetskiy in Jekaterinburg hat Wladimir Pankratow, bekannt als Picket-Opa, f\u00fcr die Anwendung von ungef\u00e4hrlicher Gewalt gegen einen Polizisten \u00a0mit 20.000 Rubel bestraft.\" \/>\n<meta property=\"og:url\" content=\"https:\/\/www.human-rights-year.com\/de\/2019\/11\/19\/in-jekaterinburg-picket-opa-wurde-mit-einer-geldstrafe-von-20-tausend-rubel-nach-den-proteste-gegen-den-kirchenbau-im-park-bestraft\/\" \/>\n<meta property=\"og:site_name\" content=\"Europ\u00e4ischer Menschenrechtsdialog\" \/>\n<meta property=\"article:published_time\" content=\"2019-11-19T08:27:55+00:00\" \/>\n<meta property=\"article:modified_time\" content=\"2019-11-19T09:31:43+00:00\" \/>\n<meta property=\"og:image\" content=\"https:\/\/www.human-rights-year.com\/wp-content\/uploads\/2019\/11\/ded.jpg\" \/>\n\t<meta property=\"og:image:width\" content=\"985\" \/>\n\t<meta property=\"og:image:height\" content=\"660\" \/>\n\t<meta property=\"og:image:type\" content=\"image\/jpeg\" \/>\n<meta name=\"author\" content=\"Human Rights Year\" \/>\n<meta name=\"twitter:card\" content=\"summary_large_image\" \/>\n<meta name=\"twitter:label1\" content=\"Verfasst von\" \/>\n\t<meta name=\"twitter:data1\" content=\"Human Rights Year\" \/>\n\t<meta name=\"twitter:label2\" content=\"Gesch\u00e4tzte Lesezeit\" \/>\n\t<meta name=\"twitter:data2\" content=\"1\u00a0Minute\" \/>\n<script type=\"application\/ld+json\" class=\"yoast-schema-graph\">{\"@context\":\"https:\/\/schema.org\",\"@graph\":[{\"@type\":\"WebSite\",\"@id\":\"https:\/\/www.human-rights-year.com\/#website\",\"url\":\"https:\/\/www.human-rights-year.com\/\",\"name\":\"\u0415\u0432\u0440\u043e\u043f\u0435\u0439\u0441\u043a\u0438\u0439 \u043f\u0440\u0430\u0432\u043e\u0437\u0430\u0449\u0438\u0442\u043d\u044b\u0439 \u0434\u0438\u0430\u043b\u043e\u0433\",\"description\":\" \",\"potentialAction\":[{\"@type\":\"SearchAction\",\"target\":{\"@type\":\"EntryPoint\",\"urlTemplate\":\"https:\/\/www.human-rights-year.com\/?s={search_term_string}\"},\"query-input\":\"required name=search_term_string\"}],\"inLanguage\":\"de\"},{\"@type\":\"WebPage\",\"@id\":\"https:\/\/www.human-rights-year.com\/de\/2019\/11\/19\/in-jekaterinburg-picket-opa-wurde-mit-einer-geldstrafe-von-20-tausend-rubel-nach-den-proteste-gegen-den-kirchenbau-im-park-bestraft\/\",\"url\":\"https:\/\/www.human-rights-year.com\/de\/2019\/11\/19\/in-jekaterinburg-picket-opa-wurde-mit-einer-geldstrafe-von-20-tausend-rubel-nach-den-proteste-gegen-den-kirchenbau-im-park-bestraft\/\",\"name\":\"In Jekaterinburg Picket-Opa wurde mit einer Geldstrafe von 20 Tausend Rubel nach den Proteste gegen den Kirchenbau im Park bestraft - Europ\u00e4ischer Menschenrechtsdialog\",\"isPartOf\":{\"@id\":\"https:\/\/www.human-rights-year.com\/#website\"},\"datePublished\":\"2019-11-19T08:27:55+00:00\",\"dateModified\":\"2019-11-19T09:31:43+00:00\",\"author\":{\"@id\":\"https:\/\/www.human-rights-year.com\/#\/schema\/person\/54d85daa1545786aba6f5320df79bb4c\"},\"description\":\"Das Gericht Werch-Isetskiy in Jekaterinburg hat Wladimir Pankratow, bekannt als Picket-Opa, f\u00fcr die Anwendung von ungef\u00e4hrlicher Gewalt gegen einen Polizisten \u00a0mit 20.000 Rubel bestraft.\",\"breadcrumb\":{\"@id\":\"https:\/\/www.human-rights-year.com\/de\/2019\/11\/19\/in-jekaterinburg-picket-opa-wurde-mit-einer-geldstrafe-von-20-tausend-rubel-nach-den-proteste-gegen-den-kirchenbau-im-park-bestraft\/#breadcrumb\"},\"inLanguage\":\"de\",\"potentialAction\":[{\"@type\":\"ReadAction\",\"target\":[\"https:\/\/www.human-rights-year.com\/de\/2019\/11\/19\/in-jekaterinburg-picket-opa-wurde-mit-einer-geldstrafe-von-20-tausend-rubel-nach-den-proteste-gegen-den-kirchenbau-im-park-bestraft\/\"]}]},{\"@type\":\"BreadcrumbList\",\"@id\":\"https:\/\/www.human-rights-year.com\/de\/2019\/11\/19\/in-jekaterinburg-picket-opa-wurde-mit-einer-geldstrafe-von-20-tausend-rubel-nach-den-proteste-gegen-den-kirchenbau-im-park-bestraft\/#breadcrumb\",\"itemListElement\":[{\"@type\":\"ListItem\",\"position\":1,\"name\":\"\u0413\u043b\u0430\u0432\u043d\u0430\u044f \u0441\u0442\u0440\u0430\u043d\u0438\u0446\u0430\",\"item\":\"https:\/\/www.human-rights-year.com\/de\/\"},{\"@type\":\"ListItem\",\"position\":2,\"name\":\"In Jekaterinburg Picket-Opa wurde mit einer Geldstrafe von 20 Tausend Rubel nach den Proteste gegen den Kirchenbau im Park bestraft\"}]},{\"@type\":\"Person\",\"@id\":\"https:\/\/www.human-rights-year.com\/#\/schema\/person\/54d85daa1545786aba6f5320df79bb4c\",\"name\":\"Human Rights Year\",\"image\":{\"@type\":\"ImageObject\",\"inLanguage\":\"de\",\"@id\":\"https:\/\/www.human-rights-year.com\/#\/schema\/person\/image\/\",\"url\":\"https:\/\/secure.gravatar.com\/avatar\/685b0e722b7b569d9169f933abfd5f26?s=96&d=mm&r=g\",\"contentUrl\":\"https:\/\/secure.gravatar.com\/avatar\/685b0e722b7b569d9169f933abfd5f26?s=96&d=mm&r=g\",\"caption\":\"Human Rights Year\"},\"description\":\"\u041d\u0435\u043c\u0435\u0446\u043a\u043e - \u0440\u043e\u0441\u0441\u0438\u0439\u0441\u043a\u0438\u0439 \u0433\u043e\u0434 \u043f\u0440\u0430\u0432 \u0447\u0435\u043b\u043e\u0432\u0435\u043a\u0430 \u041f\u0440\u043e\u0435\u043a\u0442 \u0438\u043d\u0444\u043e\u0440\u043c\u0438\u0440\u0443\u0435\u0442 \u043d\u0435\u043c\u0435\u0446\u043a\u043e\u0435 \u043e\u0431\u0449\u0435\u0441\u0442\u0432\u043e,\u00a0 \u0432 \u0442\u043e\u043c \u0447\u0438\u0441\u043b\u0435 \u0435\u0433\u043e \u0440\u0443\u0441\u0441\u043a\u043e\u044f\u0437\u044b\u0447\u043d\u0443\u044e \u0447\u0430\u0441\u0442\u044c, \u043e \u0441\u0438\u0442\u0443\u0430\u0446\u0438\u0438 \u0441 \u0441\u043e\u0431\u043b\u044e\u0434\u0435\u043d\u0438\u0435\u043c \u043f\u0440\u0430\u0432 \u0447\u0435\u043b\u043e\u0432\u0435\u043a\u0430 \u0432 \u0420\u043e\u0441\u0441\u0438\u0438; \u0430 \u0440\u043e\u0441\u0441\u0438\u044f\u043d - \u043e \u0441\u0438\u0442\u0443\u0430\u0446\u0438\u0438 \u0432 \u044d\u0442\u043e\u0439 \u043e\u0431\u043b\u0430\u0441\u0442\u0438 \u0432 \u0413\u0435\u0440\u043c\u0430\u043d\u0438\u0438. \u0420\u0435\u0430\u043b\u0438\u0437\u0443\u0435\u0442\u0441\u044f \u043f\u0440\u0438 \u0443\u0447\u0430\u0441\u0442\u0438\u0438 \u0440\u043e\u0441\u0441\u0438\u0439\u0441\u043a\u043e\u0433\u043e \u043f\u0440\u0430\u0432\u043e\u0437\u0430\u0449\u0438\u0442\u043d\u043e\u0433\u043e \u0446\u0435\u043d\u0442\u0440\u0430 \u201c\u041c\u0435\u043c\u043e\u0440\u0438\u0430\u043b\u201d \u0438 \u0424\u043e\u0440\u0443\u043c\u0430 \u0440\u0443\u0441\u0441\u043a\u043e\u044f\u0437\u044b\u0447\u043d\u044b\u0445 \u0435\u0432\u0440\u043e\u043f\u0435\u0439\u0446\u0435\u0432, \u0430 \u0442\u0430\u043a\u0436\u0435 \u043f\u0440\u0438 \u043f\u043e\u0434\u0434\u0435\u0440\u0436\u043a\u0435 \u0433\u0435\u0440\u043c\u0430\u043d\u0441\u043a\u043e\u0433\u043e \u041c\u0418\u0414\u0430.\",\"sameAs\":[\"https:\/\/www.human-rights-year.com\"],\"url\":\"https:\/\/www.human-rights-year.com\/de\/author\/humanrightsyear\/\"}]}<\/script>\n<!-- \/ Yoast SEO plugin. -->","yoast_head_json":{"title":"In Jekaterinburg Picket-Opa wurde mit einer Geldstrafe von 20 Tausend Rubel nach den Proteste gegen den Kirchenbau im Park bestraft - Europ\u00e4ischer Menschenrechtsdialog","description":"Das Gericht Werch-Isetskiy in Jekaterinburg hat Wladimir Pankratow, bekannt als Picket-Opa, f\u00fcr die Anwendung von ungef\u00e4hrlicher Gewalt gegen einen Polizisten \u00a0mit 20.000 Rubel bestraft.","robots":{"index":"index","follow":"follow","max-snippet":"max-snippet:-1","max-image-preview":"max-image-preview:large","max-video-preview":"max-video-preview:-1"},"canonical":"https:\/\/www.human-rights-year.com\/de\/2019\/11\/19\/in-jekaterinburg-picket-opa-wurde-mit-einer-geldstrafe-von-20-tausend-rubel-nach-den-proteste-gegen-den-kirchenbau-im-park-bestraft\/","og_locale":"de_DE","og_type":"article","og_title":"In Jekaterinburg Picket-Opa wurde mit einer Geldstrafe von 20 Tausend Rubel nach den Proteste gegen den Kirchenbau im Park bestraft - Europ\u00e4ischer Menschenrechtsdialog","og_description":"Das Gericht Werch-Isetskiy in Jekaterinburg hat Wladimir Pankratow, bekannt als Picket-Opa, f\u00fcr die Anwendung von ungef\u00e4hrlicher Gewalt gegen einen Polizisten \u00a0mit 20.000 Rubel bestraft.","og_url":"https:\/\/www.human-rights-year.com\/de\/2019\/11\/19\/in-jekaterinburg-picket-opa-wurde-mit-einer-geldstrafe-von-20-tausend-rubel-nach-den-proteste-gegen-den-kirchenbau-im-park-bestraft\/","og_site_name":"Europ\u00e4ischer Menschenrechtsdialog","article_published_time":"2019-11-19T08:27:55+00:00","article_modified_time":"2019-11-19T09:31:43+00:00","og_image":[{"width":985,"height":660,"url":"https:\/\/www.human-rights-year.com\/wp-content\/uploads\/2019\/11\/ded.jpg","type":"image\/jpeg"}],"author":"Human Rights Year","twitter_card":"summary_large_image","twitter_misc":{"Verfasst von":"Human Rights Year","Gesch\u00e4tzte Lesezeit":"1\u00a0Minute"},"schema":{"@context":"https:\/\/schema.org","@graph":[{"@type":"WebSite","@id":"https:\/\/www.human-rights-year.com\/#website","url":"https:\/\/www.human-rights-year.com\/","name":"\u0415\u0432\u0440\u043e\u043f\u0435\u0439\u0441\u043a\u0438\u0439 \u043f\u0440\u0430\u0432\u043e\u0437\u0430\u0449\u0438\u0442\u043d\u044b\u0439 \u0434\u0438\u0430\u043b\u043e\u0433","description":" ","potentialAction":[{"@type":"SearchAction","target":{"@type":"EntryPoint","urlTemplate":"https:\/\/www.human-rights-year.com\/?s={search_term_string}"},"query-input":"required name=search_term_string"}],"inLanguage":"de"},{"@type":"WebPage","@id":"https:\/\/www.human-rights-year.com\/de\/2019\/11\/19\/in-jekaterinburg-picket-opa-wurde-mit-einer-geldstrafe-von-20-tausend-rubel-nach-den-proteste-gegen-den-kirchenbau-im-park-bestraft\/","url":"https:\/\/www.human-rights-year.com\/de\/2019\/11\/19\/in-jekaterinburg-picket-opa-wurde-mit-einer-geldstrafe-von-20-tausend-rubel-nach-den-proteste-gegen-den-kirchenbau-im-park-bestraft\/","name":"In Jekaterinburg Picket-Opa wurde mit einer Geldstrafe von 20 Tausend Rubel nach den Proteste gegen den Kirchenbau im Park bestraft - Europ\u00e4ischer Menschenrechtsdialog","isPartOf":{"@id":"https:\/\/www.human-rights-year.com\/#website"},"datePublished":"2019-11-19T08:27:55+00:00","dateModified":"2019-11-19T09:31:43+00:00","author":{"@id":"https:\/\/www.human-rights-year.com\/#\/schema\/person\/54d85daa1545786aba6f5320df79bb4c"},"description":"Das Gericht Werch-Isetskiy in Jekaterinburg hat Wladimir Pankratow, bekannt als Picket-Opa, f\u00fcr die Anwendung von ungef\u00e4hrlicher Gewalt gegen einen Polizisten \u00a0mit 20.000 Rubel bestraft.","breadcrumb":{"@id":"https:\/\/www.human-rights-year.com\/de\/2019\/11\/19\/in-jekaterinburg-picket-opa-wurde-mit-einer-geldstrafe-von-20-tausend-rubel-nach-den-proteste-gegen-den-kirchenbau-im-park-bestraft\/#breadcrumb"},"inLanguage":"de","potentialAction":[{"@type":"ReadAction","target":["https:\/\/www.human-rights-year.com\/de\/2019\/11\/19\/in-jekaterinburg-picket-opa-wurde-mit-einer-geldstrafe-von-20-tausend-rubel-nach-den-proteste-gegen-den-kirchenbau-im-park-bestraft\/"]}]},{"@type":"BreadcrumbList","@id":"https:\/\/www.human-rights-year.com\/de\/2019\/11\/19\/in-jekaterinburg-picket-opa-wurde-mit-einer-geldstrafe-von-20-tausend-rubel-nach-den-proteste-gegen-den-kirchenbau-im-park-bestraft\/#breadcrumb","itemListElement":[{"@type":"ListItem","position":1,"name":"\u0413\u043b\u0430\u0432\u043d\u0430\u044f \u0441\u0442\u0440\u0430\u043d\u0438\u0446\u0430","item":"https:\/\/www.human-rights-year.com\/de\/"},{"@type":"ListItem","position":2,"name":"In Jekaterinburg Picket-Opa wurde mit einer Geldstrafe von 20 Tausend Rubel nach den Proteste gegen den Kirchenbau im Park bestraft"}]},{"@type":"Person","@id":"https:\/\/www.human-rights-year.com\/#\/schema\/person\/54d85daa1545786aba6f5320df79bb4c","name":"Human Rights Year","image":{"@type":"ImageObject","inLanguage":"de","@id":"https:\/\/www.human-rights-year.com\/#\/schema\/person\/image\/","url":"https:\/\/secure.gravatar.com\/avatar\/685b0e722b7b569d9169f933abfd5f26?s=96&d=mm&r=g","contentUrl":"https:\/\/secure.gravatar.com\/avatar\/685b0e722b7b569d9169f933abfd5f26?s=96&d=mm&r=g","caption":"Human Rights Year"},"description":"\u041d\u0435\u043c\u0435\u0446\u043a\u043e - \u0440\u043e\u0441\u0441\u0438\u0439\u0441\u043a\u0438\u0439 \u0433\u043e\u0434 \u043f\u0440\u0430\u0432 \u0447\u0435\u043b\u043e\u0432\u0435\u043a\u0430 \u041f\u0440\u043e\u0435\u043a\u0442 \u0438\u043d\u0444\u043e\u0440\u043c\u0438\u0440\u0443\u0435\u0442 \u043d\u0435\u043c\u0435\u0446\u043a\u043e\u0435 \u043e\u0431\u0449\u0435\u0441\u0442\u0432\u043e,\u00a0 \u0432 \u0442\u043e\u043c \u0447\u0438\u0441\u043b\u0435 \u0435\u0433\u043e \u0440\u0443\u0441\u0441\u043a\u043e\u044f\u0437\u044b\u0447\u043d\u0443\u044e \u0447\u0430\u0441\u0442\u044c, \u043e \u0441\u0438\u0442\u0443\u0430\u0446\u0438\u0438 \u0441 \u0441\u043e\u0431\u043b\u044e\u0434\u0435\u043d\u0438\u0435\u043c \u043f\u0440\u0430\u0432 \u0447\u0435\u043b\u043e\u0432\u0435\u043a\u0430 \u0432 \u0420\u043e\u0441\u0441\u0438\u0438; \u0430 \u0440\u043e\u0441\u0441\u0438\u044f\u043d - \u043e \u0441\u0438\u0442\u0443\u0430\u0446\u0438\u0438 \u0432 \u044d\u0442\u043e\u0439 \u043e\u0431\u043b\u0430\u0441\u0442\u0438 \u0432 \u0413\u0435\u0440\u043c\u0430\u043d\u0438\u0438. \u0420\u0435\u0430\u043b\u0438\u0437\u0443\u0435\u0442\u0441\u044f \u043f\u0440\u0438 \u0443\u0447\u0430\u0441\u0442\u0438\u0438 \u0440\u043e\u0441\u0441\u0438\u0439\u0441\u043a\u043e\u0433\u043e \u043f\u0440\u0430\u0432\u043e\u0437\u0430\u0449\u0438\u0442\u043d\u043e\u0433\u043e \u0446\u0435\u043d\u0442\u0440\u0430 \u201c\u041c\u0435\u043c\u043e\u0440\u0438\u0430\u043b\u201d \u0438 \u0424\u043e\u0440\u0443\u043c\u0430 \u0440\u0443\u0441\u0441\u043a\u043e\u044f\u0437\u044b\u0447\u043d\u044b\u0445 \u0435\u0432\u0440\u043e\u043f\u0435\u0439\u0446\u0435\u0432, \u0430 \u0442\u0430\u043a\u0436\u0435 \u043f\u0440\u0438 \u043f\u043e\u0434\u0434\u0435\u0440\u0436\u043a\u0435 \u0433\u0435\u0440\u043c\u0430\u043d\u0441\u043a\u043e\u0433\u043e \u041c\u0418\u0414\u0430.","sameAs":["https:\/\/www.human-rights-year.com"],"url":"https:\/\/www.human-rights-year.com\/de\/author\/humanrightsyear\/"}]}},"_links":{"self":[{"href":"https:\/\/www.human-rights-year.com\/de\/wp-json\/wp\/v2\/posts\/2810"}],"collection":[{"href":"https:\/\/www.human-rights-year.com\/de\/wp-json\/wp\/v2\/posts"}],"about":[{"href":"https:\/\/www.human-rights-year.com\/de\/wp-json\/wp\/v2\/types\/post"}],"author":[{"embeddable":true,"href":"https:\/\/www.human-rights-year.com\/de\/wp-json\/wp\/v2\/users\/1"}],"replies":[{"embeddable":true,"href":"https:\/\/www.human-rights-year.com\/de\/wp-json\/wp\/v2\/comments?post=2810"}],"version-history":[{"count":0,"href":"https:\/\/www.human-rights-year.com\/de\/wp-json\/wp\/v2\/posts\/2810\/revisions"}],"wp:featuredmedia":[{"embeddable":true,"href":"https:\/\/www.human-rights-year.com\/de\/wp-json\/wp\/v2\/media\/2795"}],"wp:attachment":[{"href":"https:\/\/www.human-rights-year.com\/de\/wp-json\/wp\/v2\/media?parent=2810"}],"wp:term":[{"taxonomy":"category","embeddable":true,"href":"https:\/\/www.human-rights-year.com\/de\/wp-json\/wp\/v2\/categories?post=2810"},{"taxonomy":"post_tag","embeddable":true,"href":"https:\/\/www.human-rights-year.com\/de\/wp-json\/wp\/v2\/tags?post=2810"}],"curies":[{"name":"wp","href":"https:\/\/api.w.org\/{rel}","templated":true}]}}