{"id":2678,"date":"2019-11-15T10:00:00","date_gmt":"2019-11-15T09:00:00","guid":{"rendered":"https:\/\/www.human-rights-year.com\/?p=2678"},"modified":"2019-11-15T11:07:23","modified_gmt":"2019-11-15T10:07:23","slug":"in-irkutsk-wurde-ein-navalny-mitarbeiter-wegen-der-einzeldemo-festgehalten","status":"publish","type":"post","link":"https:\/\/www.human-rights-year.com\/de\/2019\/11\/15\/in-irkutsk-wurde-ein-navalny-mitarbeiter-wegen-der-einzeldemo-festgehalten\/","title":{"rendered":"In Irkutsk wurde ein Navalny-Mitarbeiter wegen der Einzeldemo festgehalten"},"content":{"rendered":"<p>Die Polizei verhaftete Sachar Sarapulow, ein Mitglied der Libertarischen Partei und des B\u00fcros von Navalny in Irkustok, wegen seiner Einzeldemonstration am 10. August, sagte Anton Zhukovets, B\u00fcrokoordinator, gegen\u00fcber den MBH-Medien.<\/p>\n<p>&#8222;Sie brachten ihn vom Hauptquartier weg und beschuldigen ihn mit der Organisation einer Massenveranstaltung, Teil 2 des Artikels 20.2 des Kodex der Verwaltungsrechtsverletzungen. Sachar hielt eine Einzeldemo, als es eine gesamtrussische Aktion &#8222;Zulassen!&#8220; gab, sagte er.<\/p>\n<p>Die Sprecherin der Libertarischen Partei, Darya Petruschenko, sagte gegen\u00fcber den MBH-Medien, dass Sarapulov vor einem Vortrag \u00fcber private Forstwirtschaft in der Zentrale festgehalten wurde. Der Aktivist wurde zur Polizei gebracht, und er wird \u00fcber Nacht bis zum Prozess festgehalten.<\/p>\n<p>Am 10. August veranstalteten Moskau und andere Regionen Kundgebungen f\u00fcr die Zulassung unabh\u00e4ngiger Kandidaten zu den Wahlen der Moskauer Stadtduma. Etwa 150 Personen wurden in Moskau festgehalten, insgesamt 245 Personen in Russland w\u00e4hrend der Aktionen.<\/p>\n<div class=\"mistape_caption\"><a href=\"https:\/\/mbk-news.appspot.com\/news\/v-irkutske-sotrudnika\/\" target=\"_blank\" rel=\"noopener noreferrer\">Quelle<\/a><br \/>\nIllustration (\u0421\u0421) <a href=\"https:\/\/flickr.com\/photos\/felibrilu\/38024827601\/in\/photolist-ZW8btT-CQ5Dy1-FZwByv-FZwK8Z-CQ5BqJ-FZwCut-ZW8g7a-ZW8f8M-ZW8fPg-ZW8fWk-ZW8fGH-FZwMkz-ZW8gar-ZW8fAa-ZW8fig-ZW8dpM-ZW8duB-ZW8aN4-ZW8fmn-ZW8eDa-ZW8fdr-ZW8ePR-ZW8d96-CQ5AME-ZW8fgc-ZW8eYD-FZwKkx-ZW8d46-YRtpjo-YRtoLu-ZW8bdn-CQ5JtS-ZW8f74-ZW8dDK-YRtpUb-FZwJJ2-ZW8cTg-FZwK3D-YRtmdJ-FZwBKx-ZW8eLV-ZW8dT2-ZW8dJK-ZW8dxx-ZW8doz-FZwJQV-YRtoYo-YRtjdb-YRtixo-ZTpoP1\" target=\"_blank\" rel=\"noopener noreferrer\">felibrilu<\/a><\/div>\n","protected":false},"excerpt":{"rendered":"<p>Die Polizei verhaftete Sachar Sarapulow, ein Mitglied der Libertarischen Partei und des B\u00fcros von Navalny in Irkustok, wegen seiner Einzeldemonstration am 10. August, sagte Anton<\/p>\n","protected":false},"author":1,"featured_media":2664,"comment_status":"closed","ping_status":"open","sticky":false,"template":"","format":"standard","meta":[],"categories":[20,12],"tags":[],"yoast_head":"<!-- This site is optimized with the Yoast SEO plugin v19.4 - https:\/\/yoast.com\/wordpress\/plugins\/seo\/ -->\n<title>In Irkutsk wurde ein Navalny-Mitarbeiter wegen der Einzeldemo festgehalten - Europ\u00e4ischer Menschenrechtsdialog<\/title>\n<meta name=\"description\" content=\"Die Polizei verhaftete Sachar Sarapulow, ein Mitglied der Libertarischen Partei und des B\u00fcros von Navalny in Irkustok, wegen seiner Einzeldemonstration am 10. August, sagte Anton Zhukovets, B\u00fcrokoordinator.\" \/>\n<meta name=\"robots\" content=\"index, follow, max-snippet:-1, max-image-preview:large, max-video-preview:-1\" \/>\n<link rel=\"canonical\" href=\"https:\/\/www.human-rights-year.com\/de\/2019\/11\/15\/in-irkutsk-wurde-ein-navalny-mitarbeiter-wegen-der-einzeldemo-festgehalten\/\" \/>\n<meta property=\"og:locale\" content=\"de_DE\" \/>\n<meta property=\"og:type\" content=\"article\" \/>\n<meta property=\"og:title\" content=\"In Irkutsk wurde ein Navalny-Mitarbeiter wegen der Einzeldemo festgehalten - Europ\u00e4ischer Menschenrechtsdialog\" \/>\n<meta property=\"og:description\" content=\"Die Polizei verhaftete Sachar Sarapulow, ein Mitglied der Libertarischen Partei und des B\u00fcros von Navalny in Irkustok, wegen seiner Einzeldemonstration am 10. August, sagte Anton Zhukovets, B\u00fcrokoordinator.\" \/>\n<meta property=\"og:url\" content=\"https:\/\/www.human-rights-year.com\/de\/2019\/11\/15\/in-irkutsk-wurde-ein-navalny-mitarbeiter-wegen-der-einzeldemo-festgehalten\/\" \/>\n<meta property=\"og:site_name\" content=\"Europ\u00e4ischer Menschenrechtsdialog\" \/>\n<meta property=\"article:published_time\" content=\"2019-11-15T09:00:00+00:00\" \/>\n<meta property=\"article:modified_time\" content=\"2019-11-15T10:07:23+00:00\" \/>\n<meta property=\"og:image\" content=\"https:\/\/www.human-rights-year.com\/wp-content\/uploads\/2019\/11\/38024827601_c8abe310a9_c.jpg\" \/>\n\t<meta property=\"og:image:width\" content=\"800\" \/>\n\t<meta property=\"og:image:height\" content=\"600\" \/>\n\t<meta property=\"og:image:type\" content=\"image\/jpeg\" \/>\n<meta name=\"author\" content=\"Human Rights Year\" \/>\n<meta name=\"twitter:card\" content=\"summary_large_image\" \/>\n<meta name=\"twitter:label1\" content=\"Verfasst von\" \/>\n\t<meta name=\"twitter:data1\" content=\"Human Rights Year\" \/>\n\t<meta name=\"twitter:label2\" content=\"Gesch\u00e4tzte Lesezeit\" \/>\n\t<meta name=\"twitter:data2\" content=\"1\u00a0Minute\" \/>\n<script type=\"application\/ld+json\" class=\"yoast-schema-graph\">{\"@context\":\"https:\/\/schema.org\",\"@graph\":[{\"@type\":\"WebSite\",\"@id\":\"https:\/\/www.human-rights-year.com\/#website\",\"url\":\"https:\/\/www.human-rights-year.com\/\",\"name\":\"\u0415\u0432\u0440\u043e\u043f\u0435\u0439\u0441\u043a\u0438\u0439 \u043f\u0440\u0430\u0432\u043e\u0437\u0430\u0449\u0438\u0442\u043d\u044b\u0439 \u0434\u0438\u0430\u043b\u043e\u0433\",\"description\":\" \",\"potentialAction\":[{\"@type\":\"SearchAction\",\"target\":{\"@type\":\"EntryPoint\",\"urlTemplate\":\"https:\/\/www.human-rights-year.com\/?s={search_term_string}\"},\"query-input\":\"required name=search_term_string\"}],\"inLanguage\":\"de\"},{\"@type\":\"WebPage\",\"@id\":\"https:\/\/www.human-rights-year.com\/de\/2019\/11\/15\/in-irkutsk-wurde-ein-navalny-mitarbeiter-wegen-der-einzeldemo-festgehalten\/\",\"url\":\"https:\/\/www.human-rights-year.com\/de\/2019\/11\/15\/in-irkutsk-wurde-ein-navalny-mitarbeiter-wegen-der-einzeldemo-festgehalten\/\",\"name\":\"In Irkutsk wurde ein Navalny-Mitarbeiter wegen der Einzeldemo festgehalten - Europ\u00e4ischer Menschenrechtsdialog\",\"isPartOf\":{\"@id\":\"https:\/\/www.human-rights-year.com\/#website\"},\"datePublished\":\"2019-11-15T09:00:00+00:00\",\"dateModified\":\"2019-11-15T10:07:23+00:00\",\"author\":{\"@id\":\"https:\/\/www.human-rights-year.com\/#\/schema\/person\/54d85daa1545786aba6f5320df79bb4c\"},\"description\":\"Die Polizei verhaftete Sachar Sarapulow, ein Mitglied der Libertarischen Partei und des B\u00fcros von Navalny in Irkustok, wegen seiner Einzeldemonstration am 10. August, sagte Anton Zhukovets, B\u00fcrokoordinator.\",\"breadcrumb\":{\"@id\":\"https:\/\/www.human-rights-year.com\/de\/2019\/11\/15\/in-irkutsk-wurde-ein-navalny-mitarbeiter-wegen-der-einzeldemo-festgehalten\/#breadcrumb\"},\"inLanguage\":\"de\",\"potentialAction\":[{\"@type\":\"ReadAction\",\"target\":[\"https:\/\/www.human-rights-year.com\/de\/2019\/11\/15\/in-irkutsk-wurde-ein-navalny-mitarbeiter-wegen-der-einzeldemo-festgehalten\/\"]}]},{\"@type\":\"BreadcrumbList\",\"@id\":\"https:\/\/www.human-rights-year.com\/de\/2019\/11\/15\/in-irkutsk-wurde-ein-navalny-mitarbeiter-wegen-der-einzeldemo-festgehalten\/#breadcrumb\",\"itemListElement\":[{\"@type\":\"ListItem\",\"position\":1,\"name\":\"\u0413\u043b\u0430\u0432\u043d\u0430\u044f \u0441\u0442\u0440\u0430\u043d\u0438\u0446\u0430\",\"item\":\"https:\/\/www.human-rights-year.com\/de\/\"},{\"@type\":\"ListItem\",\"position\":2,\"name\":\"In Irkutsk wurde ein Navalny-Mitarbeiter wegen der Einzeldemo festgehalten\"}]},{\"@type\":\"Person\",\"@id\":\"https:\/\/www.human-rights-year.com\/#\/schema\/person\/54d85daa1545786aba6f5320df79bb4c\",\"name\":\"Human Rights Year\",\"image\":{\"@type\":\"ImageObject\",\"inLanguage\":\"de\",\"@id\":\"https:\/\/www.human-rights-year.com\/#\/schema\/person\/image\/\",\"url\":\"https:\/\/secure.gravatar.com\/avatar\/685b0e722b7b569d9169f933abfd5f26?s=96&d=mm&r=g\",\"contentUrl\":\"https:\/\/secure.gravatar.com\/avatar\/685b0e722b7b569d9169f933abfd5f26?s=96&d=mm&r=g\",\"caption\":\"Human Rights Year\"},\"description\":\"\u041d\u0435\u043c\u0435\u0446\u043a\u043e - \u0440\u043e\u0441\u0441\u0438\u0439\u0441\u043a\u0438\u0439 \u0433\u043e\u0434 \u043f\u0440\u0430\u0432 \u0447\u0435\u043b\u043e\u0432\u0435\u043a\u0430 \u041f\u0440\u043e\u0435\u043a\u0442 \u0438\u043d\u0444\u043e\u0440\u043c\u0438\u0440\u0443\u0435\u0442 \u043d\u0435\u043c\u0435\u0446\u043a\u043e\u0435 \u043e\u0431\u0449\u0435\u0441\u0442\u0432\u043e,\u00a0 \u0432 \u0442\u043e\u043c \u0447\u0438\u0441\u043b\u0435 \u0435\u0433\u043e \u0440\u0443\u0441\u0441\u043a\u043e\u044f\u0437\u044b\u0447\u043d\u0443\u044e \u0447\u0430\u0441\u0442\u044c, \u043e \u0441\u0438\u0442\u0443\u0430\u0446\u0438\u0438 \u0441 \u0441\u043e\u0431\u043b\u044e\u0434\u0435\u043d\u0438\u0435\u043c \u043f\u0440\u0430\u0432 \u0447\u0435\u043b\u043e\u0432\u0435\u043a\u0430 \u0432 \u0420\u043e\u0441\u0441\u0438\u0438; \u0430 \u0440\u043e\u0441\u0441\u0438\u044f\u043d - \u043e \u0441\u0438\u0442\u0443\u0430\u0446\u0438\u0438 \u0432 \u044d\u0442\u043e\u0439 \u043e\u0431\u043b\u0430\u0441\u0442\u0438 \u0432 \u0413\u0435\u0440\u043c\u0430\u043d\u0438\u0438. \u0420\u0435\u0430\u043b\u0438\u0437\u0443\u0435\u0442\u0441\u044f \u043f\u0440\u0438 \u0443\u0447\u0430\u0441\u0442\u0438\u0438 \u0440\u043e\u0441\u0441\u0438\u0439\u0441\u043a\u043e\u0433\u043e \u043f\u0440\u0430\u0432\u043e\u0437\u0430\u0449\u0438\u0442\u043d\u043e\u0433\u043e \u0446\u0435\u043d\u0442\u0440\u0430 \u201c\u041c\u0435\u043c\u043e\u0440\u0438\u0430\u043b\u201d \u0438 \u0424\u043e\u0440\u0443\u043c\u0430 \u0440\u0443\u0441\u0441\u043a\u043e\u044f\u0437\u044b\u0447\u043d\u044b\u0445 \u0435\u0432\u0440\u043e\u043f\u0435\u0439\u0446\u0435\u0432, \u0430 \u0442\u0430\u043a\u0436\u0435 \u043f\u0440\u0438 \u043f\u043e\u0434\u0434\u0435\u0440\u0436\u043a\u0435 \u0433\u0435\u0440\u043c\u0430\u043d\u0441\u043a\u043e\u0433\u043e \u041c\u0418\u0414\u0430.\",\"sameAs\":[\"https:\/\/www.human-rights-year.com\"],\"url\":\"https:\/\/www.human-rights-year.com\/de\/author\/humanrightsyear\/\"}]}<\/script>\n<!-- \/ Yoast SEO plugin. -->","yoast_head_json":{"title":"In Irkutsk wurde ein Navalny-Mitarbeiter wegen der Einzeldemo festgehalten - Europ\u00e4ischer Menschenrechtsdialog","description":"Die Polizei verhaftete Sachar Sarapulow, ein Mitglied der Libertarischen Partei und des B\u00fcros von Navalny in Irkustok, wegen seiner Einzeldemonstration am 10. August, sagte Anton Zhukovets, B\u00fcrokoordinator.","robots":{"index":"index","follow":"follow","max-snippet":"max-snippet:-1","max-image-preview":"max-image-preview:large","max-video-preview":"max-video-preview:-1"},"canonical":"https:\/\/www.human-rights-year.com\/de\/2019\/11\/15\/in-irkutsk-wurde-ein-navalny-mitarbeiter-wegen-der-einzeldemo-festgehalten\/","og_locale":"de_DE","og_type":"article","og_title":"In Irkutsk wurde ein Navalny-Mitarbeiter wegen der Einzeldemo festgehalten - Europ\u00e4ischer Menschenrechtsdialog","og_description":"Die Polizei verhaftete Sachar Sarapulow, ein Mitglied der Libertarischen Partei und des B\u00fcros von Navalny in Irkustok, wegen seiner Einzeldemonstration am 10. August, sagte Anton Zhukovets, B\u00fcrokoordinator.","og_url":"https:\/\/www.human-rights-year.com\/de\/2019\/11\/15\/in-irkutsk-wurde-ein-navalny-mitarbeiter-wegen-der-einzeldemo-festgehalten\/","og_site_name":"Europ\u00e4ischer Menschenrechtsdialog","article_published_time":"2019-11-15T09:00:00+00:00","article_modified_time":"2019-11-15T10:07:23+00:00","og_image":[{"width":800,"height":600,"url":"https:\/\/www.human-rights-year.com\/wp-content\/uploads\/2019\/11\/38024827601_c8abe310a9_c.jpg","type":"image\/jpeg"}],"author":"Human Rights Year","twitter_card":"summary_large_image","twitter_misc":{"Verfasst von":"Human Rights Year","Gesch\u00e4tzte Lesezeit":"1\u00a0Minute"},"schema":{"@context":"https:\/\/schema.org","@graph":[{"@type":"WebSite","@id":"https:\/\/www.human-rights-year.com\/#website","url":"https:\/\/www.human-rights-year.com\/","name":"\u0415\u0432\u0440\u043e\u043f\u0435\u0439\u0441\u043a\u0438\u0439 \u043f\u0440\u0430\u0432\u043e\u0437\u0430\u0449\u0438\u0442\u043d\u044b\u0439 \u0434\u0438\u0430\u043b\u043e\u0433","description":" ","potentialAction":[{"@type":"SearchAction","target":{"@type":"EntryPoint","urlTemplate":"https:\/\/www.human-rights-year.com\/?s={search_term_string}"},"query-input":"required name=search_term_string"}],"inLanguage":"de"},{"@type":"WebPage","@id":"https:\/\/www.human-rights-year.com\/de\/2019\/11\/15\/in-irkutsk-wurde-ein-navalny-mitarbeiter-wegen-der-einzeldemo-festgehalten\/","url":"https:\/\/www.human-rights-year.com\/de\/2019\/11\/15\/in-irkutsk-wurde-ein-navalny-mitarbeiter-wegen-der-einzeldemo-festgehalten\/","name":"In Irkutsk wurde ein Navalny-Mitarbeiter wegen der Einzeldemo festgehalten - Europ\u00e4ischer Menschenrechtsdialog","isPartOf":{"@id":"https:\/\/www.human-rights-year.com\/#website"},"datePublished":"2019-11-15T09:00:00+00:00","dateModified":"2019-11-15T10:07:23+00:00","author":{"@id":"https:\/\/www.human-rights-year.com\/#\/schema\/person\/54d85daa1545786aba6f5320df79bb4c"},"description":"Die Polizei verhaftete Sachar Sarapulow, ein Mitglied der Libertarischen Partei und des B\u00fcros von Navalny in Irkustok, wegen seiner Einzeldemonstration am 10. August, sagte Anton Zhukovets, B\u00fcrokoordinator.","breadcrumb":{"@id":"https:\/\/www.human-rights-year.com\/de\/2019\/11\/15\/in-irkutsk-wurde-ein-navalny-mitarbeiter-wegen-der-einzeldemo-festgehalten\/#breadcrumb"},"inLanguage":"de","potentialAction":[{"@type":"ReadAction","target":["https:\/\/www.human-rights-year.com\/de\/2019\/11\/15\/in-irkutsk-wurde-ein-navalny-mitarbeiter-wegen-der-einzeldemo-festgehalten\/"]}]},{"@type":"BreadcrumbList","@id":"https:\/\/www.human-rights-year.com\/de\/2019\/11\/15\/in-irkutsk-wurde-ein-navalny-mitarbeiter-wegen-der-einzeldemo-festgehalten\/#breadcrumb","itemListElement":[{"@type":"ListItem","position":1,"name":"\u0413\u043b\u0430\u0432\u043d\u0430\u044f \u0441\u0442\u0440\u0430\u043d\u0438\u0446\u0430","item":"https:\/\/www.human-rights-year.com\/de\/"},{"@type":"ListItem","position":2,"name":"In Irkutsk wurde ein Navalny-Mitarbeiter wegen der Einzeldemo festgehalten"}]},{"@type":"Person","@id":"https:\/\/www.human-rights-year.com\/#\/schema\/person\/54d85daa1545786aba6f5320df79bb4c","name":"Human Rights Year","image":{"@type":"ImageObject","inLanguage":"de","@id":"https:\/\/www.human-rights-year.com\/#\/schema\/person\/image\/","url":"https:\/\/secure.gravatar.com\/avatar\/685b0e722b7b569d9169f933abfd5f26?s=96&d=mm&r=g","contentUrl":"https:\/\/secure.gravatar.com\/avatar\/685b0e722b7b569d9169f933abfd5f26?s=96&d=mm&r=g","caption":"Human Rights Year"},"description":"\u041d\u0435\u043c\u0435\u0446\u043a\u043e - \u0440\u043e\u0441\u0441\u0438\u0439\u0441\u043a\u0438\u0439 \u0433\u043e\u0434 \u043f\u0440\u0430\u0432 \u0447\u0435\u043b\u043e\u0432\u0435\u043a\u0430 \u041f\u0440\u043e\u0435\u043a\u0442 \u0438\u043d\u0444\u043e\u0440\u043c\u0438\u0440\u0443\u0435\u0442 \u043d\u0435\u043c\u0435\u0446\u043a\u043e\u0435 \u043e\u0431\u0449\u0435\u0441\u0442\u0432\u043e,\u00a0 \u0432 \u0442\u043e\u043c \u0447\u0438\u0441\u043b\u0435 \u0435\u0433\u043e \u0440\u0443\u0441\u0441\u043a\u043e\u044f\u0437\u044b\u0447\u043d\u0443\u044e \u0447\u0430\u0441\u0442\u044c, \u043e \u0441\u0438\u0442\u0443\u0430\u0446\u0438\u0438 \u0441 \u0441\u043e\u0431\u043b\u044e\u0434\u0435\u043d\u0438\u0435\u043c \u043f\u0440\u0430\u0432 \u0447\u0435\u043b\u043e\u0432\u0435\u043a\u0430 \u0432 \u0420\u043e\u0441\u0441\u0438\u0438; \u0430 \u0440\u043e\u0441\u0441\u0438\u044f\u043d - \u043e \u0441\u0438\u0442\u0443\u0430\u0446\u0438\u0438 \u0432 \u044d\u0442\u043e\u0439 \u043e\u0431\u043b\u0430\u0441\u0442\u0438 \u0432 \u0413\u0435\u0440\u043c\u0430\u043d\u0438\u0438. \u0420\u0435\u0430\u043b\u0438\u0437\u0443\u0435\u0442\u0441\u044f \u043f\u0440\u0438 \u0443\u0447\u0430\u0441\u0442\u0438\u0438 \u0440\u043e\u0441\u0441\u0438\u0439\u0441\u043a\u043e\u0433\u043e \u043f\u0440\u0430\u0432\u043e\u0437\u0430\u0449\u0438\u0442\u043d\u043e\u0433\u043e \u0446\u0435\u043d\u0442\u0440\u0430 \u201c\u041c\u0435\u043c\u043e\u0440\u0438\u0430\u043b\u201d \u0438 \u0424\u043e\u0440\u0443\u043c\u0430 \u0440\u0443\u0441\u0441\u043a\u043e\u044f\u0437\u044b\u0447\u043d\u044b\u0445 \u0435\u0432\u0440\u043e\u043f\u0435\u0439\u0446\u0435\u0432, \u0430 \u0442\u0430\u043a\u0436\u0435 \u043f\u0440\u0438 \u043f\u043e\u0434\u0434\u0435\u0440\u0436\u043a\u0435 \u0433\u0435\u0440\u043c\u0430\u043d\u0441\u043a\u043e\u0433\u043e \u041c\u0418\u0414\u0430.","sameAs":["https:\/\/www.human-rights-year.com"],"url":"https:\/\/www.human-rights-year.com\/de\/author\/humanrightsyear\/"}]}},"_links":{"self":[{"href":"https:\/\/www.human-rights-year.com\/de\/wp-json\/wp\/v2\/posts\/2678"}],"collection":[{"href":"https:\/\/www.human-rights-year.com\/de\/wp-json\/wp\/v2\/posts"}],"about":[{"href":"https:\/\/www.human-rights-year.com\/de\/wp-json\/wp\/v2\/types\/post"}],"author":[{"embeddable":true,"href":"https:\/\/www.human-rights-year.com\/de\/wp-json\/wp\/v2\/users\/1"}],"replies":[{"embeddable":true,"href":"https:\/\/www.human-rights-year.com\/de\/wp-json\/wp\/v2\/comments?post=2678"}],"version-history":[{"count":0,"href":"https:\/\/www.human-rights-year.com\/de\/wp-json\/wp\/v2\/posts\/2678\/revisions"}],"wp:featuredmedia":[{"embeddable":true,"href":"https:\/\/www.human-rights-year.com\/de\/wp-json\/wp\/v2\/media\/2664"}],"wp:attachment":[{"href":"https:\/\/www.human-rights-year.com\/de\/wp-json\/wp\/v2\/media?parent=2678"}],"wp:term":[{"taxonomy":"category","embeddable":true,"href":"https:\/\/www.human-rights-year.com\/de\/wp-json\/wp\/v2\/categories?post=2678"},{"taxonomy":"post_tag","embeddable":true,"href":"https:\/\/www.human-rights-year.com\/de\/wp-json\/wp\/v2\/tags?post=2678"}],"curies":[{"name":"wp","href":"https:\/\/api.w.org\/{rel}","templated":true}]}}