{"id":2557,"date":"2019-11-12T08:00:46","date_gmt":"2019-11-12T07:00:46","guid":{"rendered":"https:\/\/www.human-rights-year.com\/?p=2557"},"modified":"2019-11-12T15:59:40","modified_gmt":"2019-11-12T14:59:40","slug":"das-moskauer-stadtgericht-wies-berufungen-von-denen-zurueck-die-waehrend-der-sommerproteste-verpruegelt-worden-waren","status":"publish","type":"post","link":"https:\/\/www.human-rights-year.com\/de\/2019\/11\/12\/das-moskauer-stadtgericht-wies-berufungen-von-denen-zurueck-die-waehrend-der-sommerproteste-verpruegelt-worden-waren\/","title":{"rendered":"Das Moskauer Stadtgericht wies Berufungen von denen zur\u00fcck, die w\u00e4hrend der Sommerproteste verpr\u00fcgelt worden waren"},"content":{"rendered":"<p>Das Moskauer Stadtgericht wies die Berufungen von Andrej Kurgin und Alexej Semenow gegen die Entscheidung des Gerichts erster Instanz zur\u00fcck. Kurgin und Semenow wurden w\u00e4hrend der Sommerproteste geschlagen.<\/p>\n<p>Jetzt haben sie Rechtsgrundlage, um sich an den EGMR zu wenden.<\/p>\n<p>Am 27. Juli 2019 traf ein OMON-Mitarbeiter den Demonstranten Alexei Semenov mit einem Schlagstock. Der Mann hatte eine stumpfe Bauchverletzung und ein H\u00e4matom an der Bauchdecke.<\/p>\n<p>Andrei Kurgin ist der Radfahrer, der am 3. August 2019 vom OMON-Team mit Schlagst\u00f6cken, H\u00e4nden und F\u00fc\u00dfen geschlagen und getreten wurde. Bei ihm wurden Prellungen und Sch\u00fcrfwunden an beiden Armen, Quetschungen und Prellungen am rechten Oberschenkel diagnostiziert.<\/p>\n<p>Im September weigerte sich Aleksei Krivoruchko, Richter am Moskauer Bezirksgericht Tversky, die Beschwerde von Semenov und Kurgin \u00fcber die Unt\u00e4tigkeit des Untersuchungsausschusses anzunehmen.<\/p>\n<p><a href=\"https:\/\/www.facebook.com\/zzzonaprava\/posts\/2191421510957904?__tn__=-R\" target=\"_blank\" rel=\"noopener noreferrer\">Quelle<\/a><\/p>\n<p>Illustration (CC)\u00a0<a href=\"https:\/\/flickr.com\/photos\/brainbitch\/15962448605\/\" target=\"_blank\" rel=\"noopener noreferrer\">Brainbitch<\/a><\/p>\n","protected":false},"excerpt":{"rendered":"<p>Das Moskauer Stadtgericht wies die Berufungen von Andrej Kurgin und Alexej Semenow gegen die Entscheidung des Gerichts erster Instanz zur\u00fcck. Kurgin und Semenow wurden w\u00e4hrend<\/p>\n","protected":false},"author":1,"featured_media":2544,"comment_status":"closed","ping_status":"open","sticky":false,"template":"","format":"standard","meta":[],"categories":[20,12],"tags":[],"yoast_head":"<!-- This site is optimized with the Yoast SEO plugin v19.4 - https:\/\/yoast.com\/wordpress\/plugins\/seo\/ -->\n<title>Das Moskauer Stadtgericht wies Berufungen von denen zur\u00fcck, die w\u00e4hrend der Sommerproteste verpr\u00fcgelt worden waren - Europ\u00e4ischer Menschenrechtsdialog<\/title>\n<meta name=\"description\" content=\"Das Moskauer Stadtgericht wies die Berufungen von Andrej Kurgin und Alexej Semenow gegen die Entscheidung des Gerichts erster Instanz zur\u00fcck. Kurgin und Semenow wurden w\u00e4hrend der Sommerproteste geschlagen.\" \/>\n<meta name=\"robots\" content=\"index, follow, max-snippet:-1, max-image-preview:large, max-video-preview:-1\" \/>\n<link rel=\"canonical\" href=\"https:\/\/www.human-rights-year.com\/de\/2019\/11\/12\/das-moskauer-stadtgericht-wies-berufungen-von-denen-zurueck-die-waehrend-der-sommerproteste-verpruegelt-worden-waren\/\" \/>\n<meta property=\"og:locale\" content=\"de_DE\" \/>\n<meta property=\"og:type\" content=\"article\" \/>\n<meta property=\"og:title\" content=\"Das Moskauer Stadtgericht wies Berufungen von denen zur\u00fcck, die w\u00e4hrend der Sommerproteste verpr\u00fcgelt worden waren - Europ\u00e4ischer Menschenrechtsdialog\" \/>\n<meta property=\"og:description\" content=\"Das Moskauer Stadtgericht wies die Berufungen von Andrej Kurgin und Alexej Semenow gegen die Entscheidung des Gerichts erster Instanz zur\u00fcck. Kurgin und Semenow wurden w\u00e4hrend der Sommerproteste geschlagen.\" \/>\n<meta property=\"og:url\" content=\"https:\/\/www.human-rights-year.com\/de\/2019\/11\/12\/das-moskauer-stadtgericht-wies-berufungen-von-denen-zurueck-die-waehrend-der-sommerproteste-verpruegelt-worden-waren\/\" \/>\n<meta property=\"og:site_name\" content=\"Europ\u00e4ischer Menschenrechtsdialog\" \/>\n<meta property=\"article:published_time\" content=\"2019-11-12T07:00:46+00:00\" \/>\n<meta property=\"article:modified_time\" content=\"2019-11-12T14:59:40+00:00\" \/>\n<meta property=\"og:image\" content=\"https:\/\/www.human-rights-year.com\/wp-content\/uploads\/2019\/11\/15962448605_cb17bbc295_c-1.jpg\" \/>\n\t<meta property=\"og:image:width\" content=\"800\" \/>\n\t<meta property=\"og:image:height\" content=\"552\" \/>\n\t<meta property=\"og:image:type\" content=\"image\/jpeg\" \/>\n<meta name=\"author\" content=\"Human Rights Year\" \/>\n<meta name=\"twitter:card\" content=\"summary_large_image\" \/>\n<meta name=\"twitter:label1\" content=\"Verfasst von\" \/>\n\t<meta name=\"twitter:data1\" content=\"Human Rights Year\" \/>\n\t<meta name=\"twitter:label2\" content=\"Gesch\u00e4tzte Lesezeit\" \/>\n\t<meta name=\"twitter:data2\" content=\"1\u00a0Minute\" \/>\n<script type=\"application\/ld+json\" class=\"yoast-schema-graph\">{\"@context\":\"https:\/\/schema.org\",\"@graph\":[{\"@type\":\"WebSite\",\"@id\":\"https:\/\/www.human-rights-year.com\/#website\",\"url\":\"https:\/\/www.human-rights-year.com\/\",\"name\":\"\u0415\u0432\u0440\u043e\u043f\u0435\u0439\u0441\u043a\u0438\u0439 \u043f\u0440\u0430\u0432\u043e\u0437\u0430\u0449\u0438\u0442\u043d\u044b\u0439 \u0434\u0438\u0430\u043b\u043e\u0433\",\"description\":\" \",\"potentialAction\":[{\"@type\":\"SearchAction\",\"target\":{\"@type\":\"EntryPoint\",\"urlTemplate\":\"https:\/\/www.human-rights-year.com\/?s={search_term_string}\"},\"query-input\":\"required name=search_term_string\"}],\"inLanguage\":\"de\"},{\"@type\":\"WebPage\",\"@id\":\"https:\/\/www.human-rights-year.com\/de\/2019\/11\/12\/das-moskauer-stadtgericht-wies-berufungen-von-denen-zurueck-die-waehrend-der-sommerproteste-verpruegelt-worden-waren\/\",\"url\":\"https:\/\/www.human-rights-year.com\/de\/2019\/11\/12\/das-moskauer-stadtgericht-wies-berufungen-von-denen-zurueck-die-waehrend-der-sommerproteste-verpruegelt-worden-waren\/\",\"name\":\"Das Moskauer Stadtgericht wies Berufungen von denen zur\u00fcck, die w\u00e4hrend der Sommerproteste verpr\u00fcgelt worden waren - Europ\u00e4ischer Menschenrechtsdialog\",\"isPartOf\":{\"@id\":\"https:\/\/www.human-rights-year.com\/#website\"},\"datePublished\":\"2019-11-12T07:00:46+00:00\",\"dateModified\":\"2019-11-12T14:59:40+00:00\",\"author\":{\"@id\":\"https:\/\/www.human-rights-year.com\/#\/schema\/person\/54d85daa1545786aba6f5320df79bb4c\"},\"description\":\"Das Moskauer Stadtgericht wies die Berufungen von Andrej Kurgin und Alexej Semenow gegen die Entscheidung des Gerichts erster Instanz zur\u00fcck. Kurgin und Semenow wurden w\u00e4hrend der Sommerproteste geschlagen.\",\"breadcrumb\":{\"@id\":\"https:\/\/www.human-rights-year.com\/de\/2019\/11\/12\/das-moskauer-stadtgericht-wies-berufungen-von-denen-zurueck-die-waehrend-der-sommerproteste-verpruegelt-worden-waren\/#breadcrumb\"},\"inLanguage\":\"de\",\"potentialAction\":[{\"@type\":\"ReadAction\",\"target\":[\"https:\/\/www.human-rights-year.com\/de\/2019\/11\/12\/das-moskauer-stadtgericht-wies-berufungen-von-denen-zurueck-die-waehrend-der-sommerproteste-verpruegelt-worden-waren\/\"]}]},{\"@type\":\"BreadcrumbList\",\"@id\":\"https:\/\/www.human-rights-year.com\/de\/2019\/11\/12\/das-moskauer-stadtgericht-wies-berufungen-von-denen-zurueck-die-waehrend-der-sommerproteste-verpruegelt-worden-waren\/#breadcrumb\",\"itemListElement\":[{\"@type\":\"ListItem\",\"position\":1,\"name\":\"\u0413\u043b\u0430\u0432\u043d\u0430\u044f \u0441\u0442\u0440\u0430\u043d\u0438\u0446\u0430\",\"item\":\"https:\/\/www.human-rights-year.com\/de\/\"},{\"@type\":\"ListItem\",\"position\":2,\"name\":\"Das Moskauer Stadtgericht wies Berufungen von denen zur\u00fcck, die w\u00e4hrend der Sommerproteste verpr\u00fcgelt worden waren\"}]},{\"@type\":\"Person\",\"@id\":\"https:\/\/www.human-rights-year.com\/#\/schema\/person\/54d85daa1545786aba6f5320df79bb4c\",\"name\":\"Human Rights Year\",\"image\":{\"@type\":\"ImageObject\",\"inLanguage\":\"de\",\"@id\":\"https:\/\/www.human-rights-year.com\/#\/schema\/person\/image\/\",\"url\":\"https:\/\/secure.gravatar.com\/avatar\/685b0e722b7b569d9169f933abfd5f26?s=96&d=mm&r=g\",\"contentUrl\":\"https:\/\/secure.gravatar.com\/avatar\/685b0e722b7b569d9169f933abfd5f26?s=96&d=mm&r=g\",\"caption\":\"Human Rights Year\"},\"description\":\"\u041d\u0435\u043c\u0435\u0446\u043a\u043e - \u0440\u043e\u0441\u0441\u0438\u0439\u0441\u043a\u0438\u0439 \u0433\u043e\u0434 \u043f\u0440\u0430\u0432 \u0447\u0435\u043b\u043e\u0432\u0435\u043a\u0430 \u041f\u0440\u043e\u0435\u043a\u0442 \u0438\u043d\u0444\u043e\u0440\u043c\u0438\u0440\u0443\u0435\u0442 \u043d\u0435\u043c\u0435\u0446\u043a\u043e\u0435 \u043e\u0431\u0449\u0435\u0441\u0442\u0432\u043e,\u00a0 \u0432 \u0442\u043e\u043c \u0447\u0438\u0441\u043b\u0435 \u0435\u0433\u043e \u0440\u0443\u0441\u0441\u043a\u043e\u044f\u0437\u044b\u0447\u043d\u0443\u044e \u0447\u0430\u0441\u0442\u044c, \u043e \u0441\u0438\u0442\u0443\u0430\u0446\u0438\u0438 \u0441 \u0441\u043e\u0431\u043b\u044e\u0434\u0435\u043d\u0438\u0435\u043c \u043f\u0440\u0430\u0432 \u0447\u0435\u043b\u043e\u0432\u0435\u043a\u0430 \u0432 \u0420\u043e\u0441\u0441\u0438\u0438; \u0430 \u0440\u043e\u0441\u0441\u0438\u044f\u043d - \u043e \u0441\u0438\u0442\u0443\u0430\u0446\u0438\u0438 \u0432 \u044d\u0442\u043e\u0439 \u043e\u0431\u043b\u0430\u0441\u0442\u0438 \u0432 \u0413\u0435\u0440\u043c\u0430\u043d\u0438\u0438. \u0420\u0435\u0430\u043b\u0438\u0437\u0443\u0435\u0442\u0441\u044f \u043f\u0440\u0438 \u0443\u0447\u0430\u0441\u0442\u0438\u0438 \u0440\u043e\u0441\u0441\u0438\u0439\u0441\u043a\u043e\u0433\u043e \u043f\u0440\u0430\u0432\u043e\u0437\u0430\u0449\u0438\u0442\u043d\u043e\u0433\u043e \u0446\u0435\u043d\u0442\u0440\u0430 \u201c\u041c\u0435\u043c\u043e\u0440\u0438\u0430\u043b\u201d \u0438 \u0424\u043e\u0440\u0443\u043c\u0430 \u0440\u0443\u0441\u0441\u043a\u043e\u044f\u0437\u044b\u0447\u043d\u044b\u0445 \u0435\u0432\u0440\u043e\u043f\u0435\u0439\u0446\u0435\u0432, \u0430 \u0442\u0430\u043a\u0436\u0435 \u043f\u0440\u0438 \u043f\u043e\u0434\u0434\u0435\u0440\u0436\u043a\u0435 \u0433\u0435\u0440\u043c\u0430\u043d\u0441\u043a\u043e\u0433\u043e \u041c\u0418\u0414\u0430.\",\"sameAs\":[\"https:\/\/www.human-rights-year.com\"],\"url\":\"https:\/\/www.human-rights-year.com\/de\/author\/humanrightsyear\/\"}]}<\/script>\n<!-- \/ Yoast SEO plugin. -->","yoast_head_json":{"title":"Das Moskauer Stadtgericht wies Berufungen von denen zur\u00fcck, die w\u00e4hrend der Sommerproteste verpr\u00fcgelt worden waren - Europ\u00e4ischer Menschenrechtsdialog","description":"Das Moskauer Stadtgericht wies die Berufungen von Andrej Kurgin und Alexej Semenow gegen die Entscheidung des Gerichts erster Instanz zur\u00fcck. Kurgin und Semenow wurden w\u00e4hrend der Sommerproteste geschlagen.","robots":{"index":"index","follow":"follow","max-snippet":"max-snippet:-1","max-image-preview":"max-image-preview:large","max-video-preview":"max-video-preview:-1"},"canonical":"https:\/\/www.human-rights-year.com\/de\/2019\/11\/12\/das-moskauer-stadtgericht-wies-berufungen-von-denen-zurueck-die-waehrend-der-sommerproteste-verpruegelt-worden-waren\/","og_locale":"de_DE","og_type":"article","og_title":"Das Moskauer Stadtgericht wies Berufungen von denen zur\u00fcck, die w\u00e4hrend der Sommerproteste verpr\u00fcgelt worden waren - Europ\u00e4ischer Menschenrechtsdialog","og_description":"Das Moskauer Stadtgericht wies die Berufungen von Andrej Kurgin und Alexej Semenow gegen die Entscheidung des Gerichts erster Instanz zur\u00fcck. Kurgin und Semenow wurden w\u00e4hrend der Sommerproteste geschlagen.","og_url":"https:\/\/www.human-rights-year.com\/de\/2019\/11\/12\/das-moskauer-stadtgericht-wies-berufungen-von-denen-zurueck-die-waehrend-der-sommerproteste-verpruegelt-worden-waren\/","og_site_name":"Europ\u00e4ischer Menschenrechtsdialog","article_published_time":"2019-11-12T07:00:46+00:00","article_modified_time":"2019-11-12T14:59:40+00:00","og_image":[{"width":800,"height":552,"url":"https:\/\/www.human-rights-year.com\/wp-content\/uploads\/2019\/11\/15962448605_cb17bbc295_c-1.jpg","type":"image\/jpeg"}],"author":"Human Rights Year","twitter_card":"summary_large_image","twitter_misc":{"Verfasst von":"Human Rights Year","Gesch\u00e4tzte Lesezeit":"1\u00a0Minute"},"schema":{"@context":"https:\/\/schema.org","@graph":[{"@type":"WebSite","@id":"https:\/\/www.human-rights-year.com\/#website","url":"https:\/\/www.human-rights-year.com\/","name":"\u0415\u0432\u0440\u043e\u043f\u0435\u0439\u0441\u043a\u0438\u0439 \u043f\u0440\u0430\u0432\u043e\u0437\u0430\u0449\u0438\u0442\u043d\u044b\u0439 \u0434\u0438\u0430\u043b\u043e\u0433","description":" ","potentialAction":[{"@type":"SearchAction","target":{"@type":"EntryPoint","urlTemplate":"https:\/\/www.human-rights-year.com\/?s={search_term_string}"},"query-input":"required name=search_term_string"}],"inLanguage":"de"},{"@type":"WebPage","@id":"https:\/\/www.human-rights-year.com\/de\/2019\/11\/12\/das-moskauer-stadtgericht-wies-berufungen-von-denen-zurueck-die-waehrend-der-sommerproteste-verpruegelt-worden-waren\/","url":"https:\/\/www.human-rights-year.com\/de\/2019\/11\/12\/das-moskauer-stadtgericht-wies-berufungen-von-denen-zurueck-die-waehrend-der-sommerproteste-verpruegelt-worden-waren\/","name":"Das Moskauer Stadtgericht wies Berufungen von denen zur\u00fcck, die w\u00e4hrend der Sommerproteste verpr\u00fcgelt worden waren - Europ\u00e4ischer Menschenrechtsdialog","isPartOf":{"@id":"https:\/\/www.human-rights-year.com\/#website"},"datePublished":"2019-11-12T07:00:46+00:00","dateModified":"2019-11-12T14:59:40+00:00","author":{"@id":"https:\/\/www.human-rights-year.com\/#\/schema\/person\/54d85daa1545786aba6f5320df79bb4c"},"description":"Das Moskauer Stadtgericht wies die Berufungen von Andrej Kurgin und Alexej Semenow gegen die Entscheidung des Gerichts erster Instanz zur\u00fcck. Kurgin und Semenow wurden w\u00e4hrend der Sommerproteste geschlagen.","breadcrumb":{"@id":"https:\/\/www.human-rights-year.com\/de\/2019\/11\/12\/das-moskauer-stadtgericht-wies-berufungen-von-denen-zurueck-die-waehrend-der-sommerproteste-verpruegelt-worden-waren\/#breadcrumb"},"inLanguage":"de","potentialAction":[{"@type":"ReadAction","target":["https:\/\/www.human-rights-year.com\/de\/2019\/11\/12\/das-moskauer-stadtgericht-wies-berufungen-von-denen-zurueck-die-waehrend-der-sommerproteste-verpruegelt-worden-waren\/"]}]},{"@type":"BreadcrumbList","@id":"https:\/\/www.human-rights-year.com\/de\/2019\/11\/12\/das-moskauer-stadtgericht-wies-berufungen-von-denen-zurueck-die-waehrend-der-sommerproteste-verpruegelt-worden-waren\/#breadcrumb","itemListElement":[{"@type":"ListItem","position":1,"name":"\u0413\u043b\u0430\u0432\u043d\u0430\u044f \u0441\u0442\u0440\u0430\u043d\u0438\u0446\u0430","item":"https:\/\/www.human-rights-year.com\/de\/"},{"@type":"ListItem","position":2,"name":"Das Moskauer Stadtgericht wies Berufungen von denen zur\u00fcck, die w\u00e4hrend der Sommerproteste verpr\u00fcgelt worden waren"}]},{"@type":"Person","@id":"https:\/\/www.human-rights-year.com\/#\/schema\/person\/54d85daa1545786aba6f5320df79bb4c","name":"Human Rights Year","image":{"@type":"ImageObject","inLanguage":"de","@id":"https:\/\/www.human-rights-year.com\/#\/schema\/person\/image\/","url":"https:\/\/secure.gravatar.com\/avatar\/685b0e722b7b569d9169f933abfd5f26?s=96&d=mm&r=g","contentUrl":"https:\/\/secure.gravatar.com\/avatar\/685b0e722b7b569d9169f933abfd5f26?s=96&d=mm&r=g","caption":"Human Rights Year"},"description":"\u041d\u0435\u043c\u0435\u0446\u043a\u043e - \u0440\u043e\u0441\u0441\u0438\u0439\u0441\u043a\u0438\u0439 \u0433\u043e\u0434 \u043f\u0440\u0430\u0432 \u0447\u0435\u043b\u043e\u0432\u0435\u043a\u0430 \u041f\u0440\u043e\u0435\u043a\u0442 \u0438\u043d\u0444\u043e\u0440\u043c\u0438\u0440\u0443\u0435\u0442 \u043d\u0435\u043c\u0435\u0446\u043a\u043e\u0435 \u043e\u0431\u0449\u0435\u0441\u0442\u0432\u043e,\u00a0 \u0432 \u0442\u043e\u043c \u0447\u0438\u0441\u043b\u0435 \u0435\u0433\u043e \u0440\u0443\u0441\u0441\u043a\u043e\u044f\u0437\u044b\u0447\u043d\u0443\u044e \u0447\u0430\u0441\u0442\u044c, \u043e \u0441\u0438\u0442\u0443\u0430\u0446\u0438\u0438 \u0441 \u0441\u043e\u0431\u043b\u044e\u0434\u0435\u043d\u0438\u0435\u043c \u043f\u0440\u0430\u0432 \u0447\u0435\u043b\u043e\u0432\u0435\u043a\u0430 \u0432 \u0420\u043e\u0441\u0441\u0438\u0438; \u0430 \u0440\u043e\u0441\u0441\u0438\u044f\u043d - \u043e \u0441\u0438\u0442\u0443\u0430\u0446\u0438\u0438 \u0432 \u044d\u0442\u043e\u0439 \u043e\u0431\u043b\u0430\u0441\u0442\u0438 \u0432 \u0413\u0435\u0440\u043c\u0430\u043d\u0438\u0438. \u0420\u0435\u0430\u043b\u0438\u0437\u0443\u0435\u0442\u0441\u044f \u043f\u0440\u0438 \u0443\u0447\u0430\u0441\u0442\u0438\u0438 \u0440\u043e\u0441\u0441\u0438\u0439\u0441\u043a\u043e\u0433\u043e \u043f\u0440\u0430\u0432\u043e\u0437\u0430\u0449\u0438\u0442\u043d\u043e\u0433\u043e \u0446\u0435\u043d\u0442\u0440\u0430 \u201c\u041c\u0435\u043c\u043e\u0440\u0438\u0430\u043b\u201d \u0438 \u0424\u043e\u0440\u0443\u043c\u0430 \u0440\u0443\u0441\u0441\u043a\u043e\u044f\u0437\u044b\u0447\u043d\u044b\u0445 \u0435\u0432\u0440\u043e\u043f\u0435\u0439\u0446\u0435\u0432, \u0430 \u0442\u0430\u043a\u0436\u0435 \u043f\u0440\u0438 \u043f\u043e\u0434\u0434\u0435\u0440\u0436\u043a\u0435 \u0433\u0435\u0440\u043c\u0430\u043d\u0441\u043a\u043e\u0433\u043e \u041c\u0418\u0414\u0430.","sameAs":["https:\/\/www.human-rights-year.com"],"url":"https:\/\/www.human-rights-year.com\/de\/author\/humanrightsyear\/"}]}},"_links":{"self":[{"href":"https:\/\/www.human-rights-year.com\/de\/wp-json\/wp\/v2\/posts\/2557"}],"collection":[{"href":"https:\/\/www.human-rights-year.com\/de\/wp-json\/wp\/v2\/posts"}],"about":[{"href":"https:\/\/www.human-rights-year.com\/de\/wp-json\/wp\/v2\/types\/post"}],"author":[{"embeddable":true,"href":"https:\/\/www.human-rights-year.com\/de\/wp-json\/wp\/v2\/users\/1"}],"replies":[{"embeddable":true,"href":"https:\/\/www.human-rights-year.com\/de\/wp-json\/wp\/v2\/comments?post=2557"}],"version-history":[{"count":0,"href":"https:\/\/www.human-rights-year.com\/de\/wp-json\/wp\/v2\/posts\/2557\/revisions"}],"wp:featuredmedia":[{"embeddable":true,"href":"https:\/\/www.human-rights-year.com\/de\/wp-json\/wp\/v2\/media\/2544"}],"wp:attachment":[{"href":"https:\/\/www.human-rights-year.com\/de\/wp-json\/wp\/v2\/media?parent=2557"}],"wp:term":[{"taxonomy":"category","embeddable":true,"href":"https:\/\/www.human-rights-year.com\/de\/wp-json\/wp\/v2\/categories?post=2557"},{"taxonomy":"post_tag","embeddable":true,"href":"https:\/\/www.human-rights-year.com\/de\/wp-json\/wp\/v2\/tags?post=2557"}],"curies":[{"name":"wp","href":"https:\/\/api.w.org\/{rel}","templated":true}]}}