{"id":2430,"date":"2019-11-08T09:00:06","date_gmt":"2019-11-08T08:00:06","guid":{"rendered":"https:\/\/www.human-rights-year.com\/?p=2430"},"modified":"2019-11-07T19:52:37","modified_gmt":"2019-11-07T18:52:37","slug":"die-schwarze-ballerina-precious-adams-sprach-vom-rassismus-im-bolschoi-theater","status":"publish","type":"post","link":"https:\/\/www.human-rights-year.com\/de\/2019\/11\/08\/die-schwarze-ballerina-precious-adams-sprach-vom-rassismus-im-bolschoi-theater\/","title":{"rendered":"Die schwarze Ballerina Precious Adams sprach vom Rassismus im Bolschoi-Theater"},"content":{"rendered":"<p>Precious Adams, eine farbige Ballettt\u00e4nzerin des English National Ballet, die als eine der 100 einflussreichsten Frauen aufgef\u00fchrt ist, sagte, dass sie w\u00e4hrend eines Praktikums am Bolschoi-Theater von Ballerinen und Lehrern bel\u00e4stigt und diskriminiert wurde, die ihr beispielsweise rieten, ihre Haut zu bleichen. Nach dieser Erfahrung initiierte sie eine Diskussion \u00fcber Spitzenschuhe, die f\u00fcr die Farbe der Haut der Ballerinas geeignet sind, und wurde in die Liste der 100 einflussreichsten Frauen der BBC aufgenommen.<\/p>\n<article class=\"evo-post evo-single-post evo-post-centered post-131136 post type-post status-publish format-video has-post-thumbnail hentry category-video category-otkrytyj-mir tag-video tag-otkrytyj-mir post_format-post-format-video\">\n<div class=\"evo-single-header\">\n<div class=\"evo-post-meta center\">\n<div class=\"evo-post-comment\"><\/div>\n<\/div>\n<\/div>\n<figure class=\"evo-post-video\">\n<div class=\"plyr plyr--facebook plyr--video\" tabindex=\"0\">\n<div class=\"plyr__video-wrapper plyr__video-embed facebook-iframe\" data-fb_type=\"square\" data-fb_width=\"\" data-fb_height=\"\">\n<div><iframe src=\"https:\/\/www.facebook.com\/plugins\/video.php?href=https%3A%2F%2Fwww.facebook.com%2Ffacebook%2Fvideos%2F545782429590693%2F&amp;show_text=0\" frameborder=\"0\" scrolling=\"no\" allowfullscreen=\"allowfullscreen\" data-mce-fragment=\"1\"><\/iframe><\/div>\n<\/div>\n<\/div>\n<\/figure>\n<\/article>\n<div class=\"row\">\n<div class=\"col-md-12 col-sm-12 col-xs-12\">\n<div class=\"evo-center-column\">\n<article class=\"evo-post evo-single-post post-131136 post type-post status-publish format-video has-post-thumbnail hentry category-video category-otkrytyj-mir tag-video tag-otkrytyj-mir post_format-post-format-video\">\n<div class=\"evo-entry-content entry-content\">\n<p>&nbsp;<\/p>\n<\/div>\n<\/article>\n<\/div>\n<\/div>\n<\/div>\n<p>&nbsp;<\/p>\n<p><a href=\"https:\/\/mbk-news.appspot.com\/video\/preshes-adams-rasizm-v-bolshom-teatre\/\" target=\"_blank\" rel=\"noopener noreferrer\">Quelle<\/a><\/p>\n<p>Illustration (CC) <a href=\"https:\/\/flickr.com\/photos\/limaoscarjuliet\/4731663887\/\" target=\"_blank\" rel=\"noopener noreferrer\">Pawel Loj<\/a><\/p>\n","protected":false},"excerpt":{"rendered":"<p>Precious Adams, eine farbige Ballettt\u00e4nzerin des English National Ballet, die als eine der 100 einflussreichsten Frauen aufgef\u00fchrt ist, sagte, dass sie w\u00e4hrend eines Praktikums am<\/p>\n","protected":false},"author":1,"featured_media":2404,"comment_status":"closed","ping_status":"open","sticky":false,"template":"","format":"standard","meta":[],"categories":[19,12],"tags":[],"yoast_head":"<!-- This site is optimized with the Yoast SEO plugin v19.4 - https:\/\/yoast.com\/wordpress\/plugins\/seo\/ -->\n<title>Die schwarze Ballerina Precious Adams sprach vom Rassismus im Bolschoi-Theater - Europ\u00e4ischer Menschenrechtsdialog<\/title>\n<meta name=\"description\" content=\"Precious Adams, eine farbige Ballettt\u00e4nzerin des English National Ballet, die als eine der 100 einflussreichsten Frauen aufgef\u00fchrt ist, sagte, dass sie w\u00e4hrend eines Praktikums am Bolschoi-Theater von Ballerinen und Lehrern bel\u00e4stigt und diskriminiert wurde, die ihr beispielsweise rieten, ihre Haut zu bleichen.\" \/>\n<meta name=\"robots\" content=\"index, follow, max-snippet:-1, max-image-preview:large, max-video-preview:-1\" \/>\n<link rel=\"canonical\" href=\"https:\/\/www.human-rights-year.com\/de\/2019\/11\/08\/die-schwarze-ballerina-precious-adams-sprach-vom-rassismus-im-bolschoi-theater\/\" \/>\n<meta property=\"og:locale\" content=\"de_DE\" \/>\n<meta property=\"og:type\" content=\"article\" \/>\n<meta property=\"og:title\" content=\"Die schwarze Ballerina Precious Adams sprach vom Rassismus im Bolschoi-Theater - Europ\u00e4ischer Menschenrechtsdialog\" \/>\n<meta property=\"og:description\" content=\"Precious Adams, eine farbige Ballettt\u00e4nzerin des English National Ballet, die als eine der 100 einflussreichsten Frauen aufgef\u00fchrt ist, sagte, dass sie w\u00e4hrend eines Praktikums am Bolschoi-Theater von Ballerinen und Lehrern bel\u00e4stigt und diskriminiert wurde, die ihr beispielsweise rieten, ihre Haut zu bleichen.\" \/>\n<meta property=\"og:url\" content=\"https:\/\/www.human-rights-year.com\/de\/2019\/11\/08\/die-schwarze-ballerina-precious-adams-sprach-vom-rassismus-im-bolschoi-theater\/\" \/>\n<meta property=\"og:site_name\" content=\"Europ\u00e4ischer Menschenrechtsdialog\" \/>\n<meta property=\"article:published_time\" content=\"2019-11-08T08:00:06+00:00\" \/>\n<meta property=\"article:modified_time\" content=\"2019-11-07T18:52:37+00:00\" \/>\n<meta property=\"og:image\" content=\"https:\/\/www.human-rights-year.com\/wp-content\/uploads\/2019\/11\/4731663887_c503641f57_c.jpg\" \/>\n\t<meta property=\"og:image:width\" content=\"799\" \/>\n\t<meta property=\"og:image:height\" content=\"533\" \/>\n\t<meta property=\"og:image:type\" content=\"image\/jpeg\" \/>\n<meta name=\"author\" content=\"Human Rights Year\" \/>\n<meta name=\"twitter:card\" content=\"summary_large_image\" \/>\n<meta name=\"twitter:label1\" content=\"Verfasst von\" \/>\n\t<meta name=\"twitter:data1\" content=\"Human Rights Year\" \/>\n<script type=\"application\/ld+json\" class=\"yoast-schema-graph\">{\"@context\":\"https:\/\/schema.org\",\"@graph\":[{\"@type\":\"WebSite\",\"@id\":\"https:\/\/www.human-rights-year.com\/#website\",\"url\":\"https:\/\/www.human-rights-year.com\/\",\"name\":\"\u0415\u0432\u0440\u043e\u043f\u0435\u0439\u0441\u043a\u0438\u0439 \u043f\u0440\u0430\u0432\u043e\u0437\u0430\u0449\u0438\u0442\u043d\u044b\u0439 \u0434\u0438\u0430\u043b\u043e\u0433\",\"description\":\" \",\"potentialAction\":[{\"@type\":\"SearchAction\",\"target\":{\"@type\":\"EntryPoint\",\"urlTemplate\":\"https:\/\/www.human-rights-year.com\/?s={search_term_string}\"},\"query-input\":\"required name=search_term_string\"}],\"inLanguage\":\"de\"},{\"@type\":\"WebPage\",\"@id\":\"https:\/\/www.human-rights-year.com\/de\/2019\/11\/08\/die-schwarze-ballerina-precious-adams-sprach-vom-rassismus-im-bolschoi-theater\/\",\"url\":\"https:\/\/www.human-rights-year.com\/de\/2019\/11\/08\/die-schwarze-ballerina-precious-adams-sprach-vom-rassismus-im-bolschoi-theater\/\",\"name\":\"Die schwarze Ballerina Precious Adams sprach vom Rassismus im Bolschoi-Theater - Europ\u00e4ischer Menschenrechtsdialog\",\"isPartOf\":{\"@id\":\"https:\/\/www.human-rights-year.com\/#website\"},\"datePublished\":\"2019-11-08T08:00:06+00:00\",\"dateModified\":\"2019-11-07T18:52:37+00:00\",\"author\":{\"@id\":\"https:\/\/www.human-rights-year.com\/#\/schema\/person\/54d85daa1545786aba6f5320df79bb4c\"},\"description\":\"Precious Adams, eine farbige Ballettt\u00e4nzerin des English National Ballet, die als eine der 100 einflussreichsten Frauen aufgef\u00fchrt ist, sagte, dass sie w\u00e4hrend eines Praktikums am Bolschoi-Theater von Ballerinen und Lehrern bel\u00e4stigt und diskriminiert wurde, die ihr beispielsweise rieten, ihre Haut zu bleichen.\",\"breadcrumb\":{\"@id\":\"https:\/\/www.human-rights-year.com\/de\/2019\/11\/08\/die-schwarze-ballerina-precious-adams-sprach-vom-rassismus-im-bolschoi-theater\/#breadcrumb\"},\"inLanguage\":\"de\",\"potentialAction\":[{\"@type\":\"ReadAction\",\"target\":[\"https:\/\/www.human-rights-year.com\/de\/2019\/11\/08\/die-schwarze-ballerina-precious-adams-sprach-vom-rassismus-im-bolschoi-theater\/\"]}]},{\"@type\":\"BreadcrumbList\",\"@id\":\"https:\/\/www.human-rights-year.com\/de\/2019\/11\/08\/die-schwarze-ballerina-precious-adams-sprach-vom-rassismus-im-bolschoi-theater\/#breadcrumb\",\"itemListElement\":[{\"@type\":\"ListItem\",\"position\":1,\"name\":\"\u0413\u043b\u0430\u0432\u043d\u0430\u044f \u0441\u0442\u0440\u0430\u043d\u0438\u0446\u0430\",\"item\":\"https:\/\/www.human-rights-year.com\/de\/\"},{\"@type\":\"ListItem\",\"position\":2,\"name\":\"Die schwarze Ballerina Precious Adams sprach vom Rassismus im Bolschoi-Theater\"}]},{\"@type\":\"Person\",\"@id\":\"https:\/\/www.human-rights-year.com\/#\/schema\/person\/54d85daa1545786aba6f5320df79bb4c\",\"name\":\"Human Rights Year\",\"image\":{\"@type\":\"ImageObject\",\"inLanguage\":\"de\",\"@id\":\"https:\/\/www.human-rights-year.com\/#\/schema\/person\/image\/\",\"url\":\"https:\/\/secure.gravatar.com\/avatar\/685b0e722b7b569d9169f933abfd5f26?s=96&d=mm&r=g\",\"contentUrl\":\"https:\/\/secure.gravatar.com\/avatar\/685b0e722b7b569d9169f933abfd5f26?s=96&d=mm&r=g\",\"caption\":\"Human Rights Year\"},\"description\":\"\u041d\u0435\u043c\u0435\u0446\u043a\u043e - \u0440\u043e\u0441\u0441\u0438\u0439\u0441\u043a\u0438\u0439 \u0433\u043e\u0434 \u043f\u0440\u0430\u0432 \u0447\u0435\u043b\u043e\u0432\u0435\u043a\u0430 \u041f\u0440\u043e\u0435\u043a\u0442 \u0438\u043d\u0444\u043e\u0440\u043c\u0438\u0440\u0443\u0435\u0442 \u043d\u0435\u043c\u0435\u0446\u043a\u043e\u0435 \u043e\u0431\u0449\u0435\u0441\u0442\u0432\u043e,\u00a0 \u0432 \u0442\u043e\u043c \u0447\u0438\u0441\u043b\u0435 \u0435\u0433\u043e \u0440\u0443\u0441\u0441\u043a\u043e\u044f\u0437\u044b\u0447\u043d\u0443\u044e \u0447\u0430\u0441\u0442\u044c, \u043e \u0441\u0438\u0442\u0443\u0430\u0446\u0438\u0438 \u0441 \u0441\u043e\u0431\u043b\u044e\u0434\u0435\u043d\u0438\u0435\u043c \u043f\u0440\u0430\u0432 \u0447\u0435\u043b\u043e\u0432\u0435\u043a\u0430 \u0432 \u0420\u043e\u0441\u0441\u0438\u0438; \u0430 \u0440\u043e\u0441\u0441\u0438\u044f\u043d - \u043e \u0441\u0438\u0442\u0443\u0430\u0446\u0438\u0438 \u0432 \u044d\u0442\u043e\u0439 \u043e\u0431\u043b\u0430\u0441\u0442\u0438 \u0432 \u0413\u0435\u0440\u043c\u0430\u043d\u0438\u0438. \u0420\u0435\u0430\u043b\u0438\u0437\u0443\u0435\u0442\u0441\u044f \u043f\u0440\u0438 \u0443\u0447\u0430\u0441\u0442\u0438\u0438 \u0440\u043e\u0441\u0441\u0438\u0439\u0441\u043a\u043e\u0433\u043e \u043f\u0440\u0430\u0432\u043e\u0437\u0430\u0449\u0438\u0442\u043d\u043e\u0433\u043e \u0446\u0435\u043d\u0442\u0440\u0430 \u201c\u041c\u0435\u043c\u043e\u0440\u0438\u0430\u043b\u201d \u0438 \u0424\u043e\u0440\u0443\u043c\u0430 \u0440\u0443\u0441\u0441\u043a\u043e\u044f\u0437\u044b\u0447\u043d\u044b\u0445 \u0435\u0432\u0440\u043e\u043f\u0435\u0439\u0446\u0435\u0432, \u0430 \u0442\u0430\u043a\u0436\u0435 \u043f\u0440\u0438 \u043f\u043e\u0434\u0434\u0435\u0440\u0436\u043a\u0435 \u0433\u0435\u0440\u043c\u0430\u043d\u0441\u043a\u043e\u0433\u043e \u041c\u0418\u0414\u0430.\",\"sameAs\":[\"https:\/\/www.human-rights-year.com\"],\"url\":\"https:\/\/www.human-rights-year.com\/de\/author\/humanrightsyear\/\"}]}<\/script>\n<!-- \/ Yoast SEO plugin. -->","yoast_head_json":{"title":"Die schwarze Ballerina Precious Adams sprach vom Rassismus im Bolschoi-Theater - Europ\u00e4ischer Menschenrechtsdialog","description":"Precious Adams, eine farbige Ballettt\u00e4nzerin des English National Ballet, die als eine der 100 einflussreichsten Frauen aufgef\u00fchrt ist, sagte, dass sie w\u00e4hrend eines Praktikums am Bolschoi-Theater von Ballerinen und Lehrern bel\u00e4stigt und diskriminiert wurde, die ihr beispielsweise rieten, ihre Haut zu bleichen.","robots":{"index":"index","follow":"follow","max-snippet":"max-snippet:-1","max-image-preview":"max-image-preview:large","max-video-preview":"max-video-preview:-1"},"canonical":"https:\/\/www.human-rights-year.com\/de\/2019\/11\/08\/die-schwarze-ballerina-precious-adams-sprach-vom-rassismus-im-bolschoi-theater\/","og_locale":"de_DE","og_type":"article","og_title":"Die schwarze Ballerina Precious Adams sprach vom Rassismus im Bolschoi-Theater - Europ\u00e4ischer Menschenrechtsdialog","og_description":"Precious Adams, eine farbige Ballettt\u00e4nzerin des English National Ballet, die als eine der 100 einflussreichsten Frauen aufgef\u00fchrt ist, sagte, dass sie w\u00e4hrend eines Praktikums am Bolschoi-Theater von Ballerinen und Lehrern bel\u00e4stigt und diskriminiert wurde, die ihr beispielsweise rieten, ihre Haut zu bleichen.","og_url":"https:\/\/www.human-rights-year.com\/de\/2019\/11\/08\/die-schwarze-ballerina-precious-adams-sprach-vom-rassismus-im-bolschoi-theater\/","og_site_name":"Europ\u00e4ischer Menschenrechtsdialog","article_published_time":"2019-11-08T08:00:06+00:00","article_modified_time":"2019-11-07T18:52:37+00:00","og_image":[{"width":799,"height":533,"url":"https:\/\/www.human-rights-year.com\/wp-content\/uploads\/2019\/11\/4731663887_c503641f57_c.jpg","type":"image\/jpeg"}],"author":"Human Rights Year","twitter_card":"summary_large_image","twitter_misc":{"Verfasst von":"Human Rights Year"},"schema":{"@context":"https:\/\/schema.org","@graph":[{"@type":"WebSite","@id":"https:\/\/www.human-rights-year.com\/#website","url":"https:\/\/www.human-rights-year.com\/","name":"\u0415\u0432\u0440\u043e\u043f\u0435\u0439\u0441\u043a\u0438\u0439 \u043f\u0440\u0430\u0432\u043e\u0437\u0430\u0449\u0438\u0442\u043d\u044b\u0439 \u0434\u0438\u0430\u043b\u043e\u0433","description":" ","potentialAction":[{"@type":"SearchAction","target":{"@type":"EntryPoint","urlTemplate":"https:\/\/www.human-rights-year.com\/?s={search_term_string}"},"query-input":"required name=search_term_string"}],"inLanguage":"de"},{"@type":"WebPage","@id":"https:\/\/www.human-rights-year.com\/de\/2019\/11\/08\/die-schwarze-ballerina-precious-adams-sprach-vom-rassismus-im-bolschoi-theater\/","url":"https:\/\/www.human-rights-year.com\/de\/2019\/11\/08\/die-schwarze-ballerina-precious-adams-sprach-vom-rassismus-im-bolschoi-theater\/","name":"Die schwarze Ballerina Precious Adams sprach vom Rassismus im Bolschoi-Theater - Europ\u00e4ischer Menschenrechtsdialog","isPartOf":{"@id":"https:\/\/www.human-rights-year.com\/#website"},"datePublished":"2019-11-08T08:00:06+00:00","dateModified":"2019-11-07T18:52:37+00:00","author":{"@id":"https:\/\/www.human-rights-year.com\/#\/schema\/person\/54d85daa1545786aba6f5320df79bb4c"},"description":"Precious Adams, eine farbige Ballettt\u00e4nzerin des English National Ballet, die als eine der 100 einflussreichsten Frauen aufgef\u00fchrt ist, sagte, dass sie w\u00e4hrend eines Praktikums am Bolschoi-Theater von Ballerinen und Lehrern bel\u00e4stigt und diskriminiert wurde, die ihr beispielsweise rieten, ihre Haut zu bleichen.","breadcrumb":{"@id":"https:\/\/www.human-rights-year.com\/de\/2019\/11\/08\/die-schwarze-ballerina-precious-adams-sprach-vom-rassismus-im-bolschoi-theater\/#breadcrumb"},"inLanguage":"de","potentialAction":[{"@type":"ReadAction","target":["https:\/\/www.human-rights-year.com\/de\/2019\/11\/08\/die-schwarze-ballerina-precious-adams-sprach-vom-rassismus-im-bolschoi-theater\/"]}]},{"@type":"BreadcrumbList","@id":"https:\/\/www.human-rights-year.com\/de\/2019\/11\/08\/die-schwarze-ballerina-precious-adams-sprach-vom-rassismus-im-bolschoi-theater\/#breadcrumb","itemListElement":[{"@type":"ListItem","position":1,"name":"\u0413\u043b\u0430\u0432\u043d\u0430\u044f \u0441\u0442\u0440\u0430\u043d\u0438\u0446\u0430","item":"https:\/\/www.human-rights-year.com\/de\/"},{"@type":"ListItem","position":2,"name":"Die schwarze Ballerina Precious Adams sprach vom Rassismus im Bolschoi-Theater"}]},{"@type":"Person","@id":"https:\/\/www.human-rights-year.com\/#\/schema\/person\/54d85daa1545786aba6f5320df79bb4c","name":"Human Rights Year","image":{"@type":"ImageObject","inLanguage":"de","@id":"https:\/\/www.human-rights-year.com\/#\/schema\/person\/image\/","url":"https:\/\/secure.gravatar.com\/avatar\/685b0e722b7b569d9169f933abfd5f26?s=96&d=mm&r=g","contentUrl":"https:\/\/secure.gravatar.com\/avatar\/685b0e722b7b569d9169f933abfd5f26?s=96&d=mm&r=g","caption":"Human Rights Year"},"description":"\u041d\u0435\u043c\u0435\u0446\u043a\u043e - \u0440\u043e\u0441\u0441\u0438\u0439\u0441\u043a\u0438\u0439 \u0433\u043e\u0434 \u043f\u0440\u0430\u0432 \u0447\u0435\u043b\u043e\u0432\u0435\u043a\u0430 \u041f\u0440\u043e\u0435\u043a\u0442 \u0438\u043d\u0444\u043e\u0440\u043c\u0438\u0440\u0443\u0435\u0442 \u043d\u0435\u043c\u0435\u0446\u043a\u043e\u0435 \u043e\u0431\u0449\u0435\u0441\u0442\u0432\u043e,\u00a0 \u0432 \u0442\u043e\u043c \u0447\u0438\u0441\u043b\u0435 \u0435\u0433\u043e \u0440\u0443\u0441\u0441\u043a\u043e\u044f\u0437\u044b\u0447\u043d\u0443\u044e \u0447\u0430\u0441\u0442\u044c, \u043e \u0441\u0438\u0442\u0443\u0430\u0446\u0438\u0438 \u0441 \u0441\u043e\u0431\u043b\u044e\u0434\u0435\u043d\u0438\u0435\u043c \u043f\u0440\u0430\u0432 \u0447\u0435\u043b\u043e\u0432\u0435\u043a\u0430 \u0432 \u0420\u043e\u0441\u0441\u0438\u0438; \u0430 \u0440\u043e\u0441\u0441\u0438\u044f\u043d - \u043e \u0441\u0438\u0442\u0443\u0430\u0446\u0438\u0438 \u0432 \u044d\u0442\u043e\u0439 \u043e\u0431\u043b\u0430\u0441\u0442\u0438 \u0432 \u0413\u0435\u0440\u043c\u0430\u043d\u0438\u0438. \u0420\u0435\u0430\u043b\u0438\u0437\u0443\u0435\u0442\u0441\u044f \u043f\u0440\u0438 \u0443\u0447\u0430\u0441\u0442\u0438\u0438 \u0440\u043e\u0441\u0441\u0438\u0439\u0441\u043a\u043e\u0433\u043e \u043f\u0440\u0430\u0432\u043e\u0437\u0430\u0449\u0438\u0442\u043d\u043e\u0433\u043e \u0446\u0435\u043d\u0442\u0440\u0430 \u201c\u041c\u0435\u043c\u043e\u0440\u0438\u0430\u043b\u201d \u0438 \u0424\u043e\u0440\u0443\u043c\u0430 \u0440\u0443\u0441\u0441\u043a\u043e\u044f\u0437\u044b\u0447\u043d\u044b\u0445 \u0435\u0432\u0440\u043e\u043f\u0435\u0439\u0446\u0435\u0432, \u0430 \u0442\u0430\u043a\u0436\u0435 \u043f\u0440\u0438 \u043f\u043e\u0434\u0434\u0435\u0440\u0436\u043a\u0435 \u0433\u0435\u0440\u043c\u0430\u043d\u0441\u043a\u043e\u0433\u043e \u041c\u0418\u0414\u0430.","sameAs":["https:\/\/www.human-rights-year.com"],"url":"https:\/\/www.human-rights-year.com\/de\/author\/humanrightsyear\/"}]}},"_links":{"self":[{"href":"https:\/\/www.human-rights-year.com\/de\/wp-json\/wp\/v2\/posts\/2430"}],"collection":[{"href":"https:\/\/www.human-rights-year.com\/de\/wp-json\/wp\/v2\/posts"}],"about":[{"href":"https:\/\/www.human-rights-year.com\/de\/wp-json\/wp\/v2\/types\/post"}],"author":[{"embeddable":true,"href":"https:\/\/www.human-rights-year.com\/de\/wp-json\/wp\/v2\/users\/1"}],"replies":[{"embeddable":true,"href":"https:\/\/www.human-rights-year.com\/de\/wp-json\/wp\/v2\/comments?post=2430"}],"version-history":[{"count":0,"href":"https:\/\/www.human-rights-year.com\/de\/wp-json\/wp\/v2\/posts\/2430\/revisions"}],"wp:featuredmedia":[{"embeddable":true,"href":"https:\/\/www.human-rights-year.com\/de\/wp-json\/wp\/v2\/media\/2404"}],"wp:attachment":[{"href":"https:\/\/www.human-rights-year.com\/de\/wp-json\/wp\/v2\/media?parent=2430"}],"wp:term":[{"taxonomy":"category","embeddable":true,"href":"https:\/\/www.human-rights-year.com\/de\/wp-json\/wp\/v2\/categories?post=2430"},{"taxonomy":"post_tag","embeddable":true,"href":"https:\/\/www.human-rights-year.com\/de\/wp-json\/wp\/v2\/tags?post=2430"}],"curies":[{"name":"wp","href":"https:\/\/api.w.org\/{rel}","templated":true}]}}