{"id":2397,"date":"2019-11-07T12:00:20","date_gmt":"2019-11-07T11:00:20","guid":{"rendered":"https:\/\/www.human-rights-year.com\/?p=2397"},"modified":"2019-11-06T21:23:02","modified_gmt":"2019-11-06T20:23:02","slug":"verdaechtiger-im-falle-der-ermordung-des-leiters-des-zentrums-e-in-inguschetien-wurde-festgenommen","status":"publish","type":"post","link":"https:\/\/www.human-rights-year.com\/de\/2019\/11\/07\/verdaechtiger-im-falle-der-ermordung-des-leiters-des-zentrums-e-in-inguschetien-wurde-festgenommen\/","title":{"rendered":"Verd\u00e4chtiger im Falle der Ermordung des Leiters des Zentrums \u201eE\u201c in Inguschetien wurde festgenommen"},"content":{"rendered":"<p>Die Untersuchung best\u00e4tigte nicht die Beteiligung des in Moskau inhaftierten Mannes an der Ermordung von Ibrahim Eldzherkiev, dem Leiter des Zentrums &#8222;E&#8220; von Inguschetien, berichtet <a href=\"https:\/\/tass.ru\/\" target=\"_blank\" rel=\"noopener noreferrer\">TASS<\/a> unter Berufung auf eine Quelle.<\/p>\n<p>Alikhan Oskanov, ein 52-j\u00e4hriger Einwohner von Inguschetien, wurde festgenommen, berichtet Mash. Gegen ihn werden aber nur Verst\u00f6\u00dfe gegen das Einwanderungsgesetz festgestellt. Die Strafverfolgungsbeh\u00f6rden fanden heraus, dass er nichts mit dem Angriff zu tun hatte und lie\u00dfen ihn nach Pr\u00fcfung seiner Dokumente frei.<\/p>\n<p>&nbsp;<\/p>\n<p><a href=\"https:\/\/mbk-news.appspot.com\/news\/zaderzhan-centra-e\/\" target=\"_blank\" rel=\"noopener noreferrer\">Quelle<\/a><\/p>\n<p><a href=\"https:\/\/flickr.com\/photos\/laughingsquid\/2103814710\/\" target=\"_blank\" rel=\"noopener noreferrer\">Illustation (CC)\u00a0Scott Beale<\/a><\/p>\n","protected":false},"excerpt":{"rendered":"<p>Die Untersuchung best\u00e4tigte nicht die Beteiligung des in Moskau inhaftierten Mannes an der Ermordung von Ibrahim Eldzherkiev, dem Leiter des Zentrums &#8222;E&#8220; von Inguschetien, berichtet<\/p>\n","protected":false},"author":1,"featured_media":2391,"comment_status":"closed","ping_status":"open","sticky":false,"template":"","format":"standard","meta":[],"categories":[20,12],"tags":[],"yoast_head":"<!-- This site is optimized with the Yoast SEO plugin v19.4 - https:\/\/yoast.com\/wordpress\/plugins\/seo\/ -->\n<title>Verd\u00e4chtiger im Falle der Ermordung des Leiters des Zentrums \u201eE\u201c in Inguschetien wurde festgenommen - Europ\u00e4ischer Menschenrechtsdialog<\/title>\n<meta name=\"description\" content=\"Die Untersuchung best\u00e4tigte nicht die Beteiligung des in Moskau inhaftierten Mannes an der Ermordung von Ibrahim Eldzherkiev, dem Leiter des Zentrums &quot;E&quot; von Inguschetien.\" \/>\n<meta name=\"robots\" content=\"index, follow, max-snippet:-1, max-image-preview:large, max-video-preview:-1\" \/>\n<link rel=\"canonical\" href=\"https:\/\/www.human-rights-year.com\/de\/2019\/11\/07\/verdaechtiger-im-falle-der-ermordung-des-leiters-des-zentrums-e-in-inguschetien-wurde-festgenommen\/\" \/>\n<meta property=\"og:locale\" content=\"de_DE\" \/>\n<meta property=\"og:type\" content=\"article\" \/>\n<meta property=\"og:title\" content=\"Verd\u00e4chtiger im Falle der Ermordung des Leiters des Zentrums \u201eE\u201c in Inguschetien wurde festgenommen - Europ\u00e4ischer Menschenrechtsdialog\" \/>\n<meta property=\"og:description\" content=\"Die Untersuchung best\u00e4tigte nicht die Beteiligung des in Moskau inhaftierten Mannes an der Ermordung von Ibrahim Eldzherkiev, dem Leiter des Zentrums &quot;E&quot; von Inguschetien.\" \/>\n<meta property=\"og:url\" content=\"https:\/\/www.human-rights-year.com\/de\/2019\/11\/07\/verdaechtiger-im-falle-der-ermordung-des-leiters-des-zentrums-e-in-inguschetien-wurde-festgenommen\/\" \/>\n<meta property=\"og:site_name\" content=\"Europ\u00e4ischer Menschenrechtsdialog\" \/>\n<meta property=\"article:published_time\" content=\"2019-11-07T11:00:20+00:00\" \/>\n<meta property=\"article:modified_time\" content=\"2019-11-06T20:23:02+00:00\" \/>\n<meta property=\"og:image\" content=\"https:\/\/www.human-rights-year.com\/wp-content\/uploads\/2019\/11\/2103814710_fc09b10ebc_c.jpg\" \/>\n\t<meta property=\"og:image:width\" content=\"800\" \/>\n\t<meta property=\"og:image:height\" content=\"600\" \/>\n\t<meta property=\"og:image:type\" content=\"image\/jpeg\" \/>\n<meta name=\"author\" content=\"Human Rights Year\" \/>\n<meta name=\"twitter:card\" content=\"summary_large_image\" \/>\n<meta name=\"twitter:label1\" content=\"Verfasst von\" \/>\n\t<meta name=\"twitter:data1\" content=\"Human Rights Year\" \/>\n<script type=\"application\/ld+json\" class=\"yoast-schema-graph\">{\"@context\":\"https:\/\/schema.org\",\"@graph\":[{\"@type\":\"WebSite\",\"@id\":\"https:\/\/www.human-rights-year.com\/#website\",\"url\":\"https:\/\/www.human-rights-year.com\/\",\"name\":\"\u0415\u0432\u0440\u043e\u043f\u0435\u0439\u0441\u043a\u0438\u0439 \u043f\u0440\u0430\u0432\u043e\u0437\u0430\u0449\u0438\u0442\u043d\u044b\u0439 \u0434\u0438\u0430\u043b\u043e\u0433\",\"description\":\" \",\"potentialAction\":[{\"@type\":\"SearchAction\",\"target\":{\"@type\":\"EntryPoint\",\"urlTemplate\":\"https:\/\/www.human-rights-year.com\/?s={search_term_string}\"},\"query-input\":\"required name=search_term_string\"}],\"inLanguage\":\"de\"},{\"@type\":\"WebPage\",\"@id\":\"https:\/\/www.human-rights-year.com\/de\/2019\/11\/07\/verdaechtiger-im-falle-der-ermordung-des-leiters-des-zentrums-e-in-inguschetien-wurde-festgenommen\/\",\"url\":\"https:\/\/www.human-rights-year.com\/de\/2019\/11\/07\/verdaechtiger-im-falle-der-ermordung-des-leiters-des-zentrums-e-in-inguschetien-wurde-festgenommen\/\",\"name\":\"Verd\u00e4chtiger im Falle der Ermordung des Leiters des Zentrums \u201eE\u201c in Inguschetien wurde festgenommen - Europ\u00e4ischer Menschenrechtsdialog\",\"isPartOf\":{\"@id\":\"https:\/\/www.human-rights-year.com\/#website\"},\"datePublished\":\"2019-11-07T11:00:20+00:00\",\"dateModified\":\"2019-11-06T20:23:02+00:00\",\"author\":{\"@id\":\"https:\/\/www.human-rights-year.com\/#\/schema\/person\/54d85daa1545786aba6f5320df79bb4c\"},\"description\":\"Die Untersuchung best\u00e4tigte nicht die Beteiligung des in Moskau inhaftierten Mannes an der Ermordung von Ibrahim Eldzherkiev, dem Leiter des Zentrums \\\"E\\\" von Inguschetien.\",\"breadcrumb\":{\"@id\":\"https:\/\/www.human-rights-year.com\/de\/2019\/11\/07\/verdaechtiger-im-falle-der-ermordung-des-leiters-des-zentrums-e-in-inguschetien-wurde-festgenommen\/#breadcrumb\"},\"inLanguage\":\"de\",\"potentialAction\":[{\"@type\":\"ReadAction\",\"target\":[\"https:\/\/www.human-rights-year.com\/de\/2019\/11\/07\/verdaechtiger-im-falle-der-ermordung-des-leiters-des-zentrums-e-in-inguschetien-wurde-festgenommen\/\"]}]},{\"@type\":\"BreadcrumbList\",\"@id\":\"https:\/\/www.human-rights-year.com\/de\/2019\/11\/07\/verdaechtiger-im-falle-der-ermordung-des-leiters-des-zentrums-e-in-inguschetien-wurde-festgenommen\/#breadcrumb\",\"itemListElement\":[{\"@type\":\"ListItem\",\"position\":1,\"name\":\"\u0413\u043b\u0430\u0432\u043d\u0430\u044f \u0441\u0442\u0440\u0430\u043d\u0438\u0446\u0430\",\"item\":\"https:\/\/www.human-rights-year.com\/de\/\"},{\"@type\":\"ListItem\",\"position\":2,\"name\":\"Verd\u00e4chtiger im Falle der Ermordung des Leiters des Zentrums \u201eE\u201c in Inguschetien wurde festgenommen\"}]},{\"@type\":\"Person\",\"@id\":\"https:\/\/www.human-rights-year.com\/#\/schema\/person\/54d85daa1545786aba6f5320df79bb4c\",\"name\":\"Human Rights Year\",\"image\":{\"@type\":\"ImageObject\",\"inLanguage\":\"de\",\"@id\":\"https:\/\/www.human-rights-year.com\/#\/schema\/person\/image\/\",\"url\":\"https:\/\/secure.gravatar.com\/avatar\/685b0e722b7b569d9169f933abfd5f26?s=96&d=mm&r=g\",\"contentUrl\":\"https:\/\/secure.gravatar.com\/avatar\/685b0e722b7b569d9169f933abfd5f26?s=96&d=mm&r=g\",\"caption\":\"Human Rights Year\"},\"description\":\"\u041d\u0435\u043c\u0435\u0446\u043a\u043e - \u0440\u043e\u0441\u0441\u0438\u0439\u0441\u043a\u0438\u0439 \u0433\u043e\u0434 \u043f\u0440\u0430\u0432 \u0447\u0435\u043b\u043e\u0432\u0435\u043a\u0430 \u041f\u0440\u043e\u0435\u043a\u0442 \u0438\u043d\u0444\u043e\u0440\u043c\u0438\u0440\u0443\u0435\u0442 \u043d\u0435\u043c\u0435\u0446\u043a\u043e\u0435 \u043e\u0431\u0449\u0435\u0441\u0442\u0432\u043e,\u00a0 \u0432 \u0442\u043e\u043c \u0447\u0438\u0441\u043b\u0435 \u0435\u0433\u043e \u0440\u0443\u0441\u0441\u043a\u043e\u044f\u0437\u044b\u0447\u043d\u0443\u044e \u0447\u0430\u0441\u0442\u044c, \u043e \u0441\u0438\u0442\u0443\u0430\u0446\u0438\u0438 \u0441 \u0441\u043e\u0431\u043b\u044e\u0434\u0435\u043d\u0438\u0435\u043c \u043f\u0440\u0430\u0432 \u0447\u0435\u043b\u043e\u0432\u0435\u043a\u0430 \u0432 \u0420\u043e\u0441\u0441\u0438\u0438; \u0430 \u0440\u043e\u0441\u0441\u0438\u044f\u043d - \u043e \u0441\u0438\u0442\u0443\u0430\u0446\u0438\u0438 \u0432 \u044d\u0442\u043e\u0439 \u043e\u0431\u043b\u0430\u0441\u0442\u0438 \u0432 \u0413\u0435\u0440\u043c\u0430\u043d\u0438\u0438. \u0420\u0435\u0430\u043b\u0438\u0437\u0443\u0435\u0442\u0441\u044f \u043f\u0440\u0438 \u0443\u0447\u0430\u0441\u0442\u0438\u0438 \u0440\u043e\u0441\u0441\u0438\u0439\u0441\u043a\u043e\u0433\u043e \u043f\u0440\u0430\u0432\u043e\u0437\u0430\u0449\u0438\u0442\u043d\u043e\u0433\u043e \u0446\u0435\u043d\u0442\u0440\u0430 \u201c\u041c\u0435\u043c\u043e\u0440\u0438\u0430\u043b\u201d \u0438 \u0424\u043e\u0440\u0443\u043c\u0430 \u0440\u0443\u0441\u0441\u043a\u043e\u044f\u0437\u044b\u0447\u043d\u044b\u0445 \u0435\u0432\u0440\u043e\u043f\u0435\u0439\u0446\u0435\u0432, \u0430 \u0442\u0430\u043a\u0436\u0435 \u043f\u0440\u0438 \u043f\u043e\u0434\u0434\u0435\u0440\u0436\u043a\u0435 \u0433\u0435\u0440\u043c\u0430\u043d\u0441\u043a\u043e\u0433\u043e \u041c\u0418\u0414\u0430.\",\"sameAs\":[\"https:\/\/www.human-rights-year.com\"],\"url\":\"https:\/\/www.human-rights-year.com\/de\/author\/humanrightsyear\/\"}]}<\/script>\n<!-- \/ Yoast SEO plugin. -->","yoast_head_json":{"title":"Verd\u00e4chtiger im Falle der Ermordung des Leiters des Zentrums \u201eE\u201c in Inguschetien wurde festgenommen - Europ\u00e4ischer Menschenrechtsdialog","description":"Die Untersuchung best\u00e4tigte nicht die Beteiligung des in Moskau inhaftierten Mannes an der Ermordung von Ibrahim Eldzherkiev, dem Leiter des Zentrums \"E\" von Inguschetien.","robots":{"index":"index","follow":"follow","max-snippet":"max-snippet:-1","max-image-preview":"max-image-preview:large","max-video-preview":"max-video-preview:-1"},"canonical":"https:\/\/www.human-rights-year.com\/de\/2019\/11\/07\/verdaechtiger-im-falle-der-ermordung-des-leiters-des-zentrums-e-in-inguschetien-wurde-festgenommen\/","og_locale":"de_DE","og_type":"article","og_title":"Verd\u00e4chtiger im Falle der Ermordung des Leiters des Zentrums \u201eE\u201c in Inguschetien wurde festgenommen - Europ\u00e4ischer Menschenrechtsdialog","og_description":"Die Untersuchung best\u00e4tigte nicht die Beteiligung des in Moskau inhaftierten Mannes an der Ermordung von Ibrahim Eldzherkiev, dem Leiter des Zentrums \"E\" von Inguschetien.","og_url":"https:\/\/www.human-rights-year.com\/de\/2019\/11\/07\/verdaechtiger-im-falle-der-ermordung-des-leiters-des-zentrums-e-in-inguschetien-wurde-festgenommen\/","og_site_name":"Europ\u00e4ischer Menschenrechtsdialog","article_published_time":"2019-11-07T11:00:20+00:00","article_modified_time":"2019-11-06T20:23:02+00:00","og_image":[{"width":800,"height":600,"url":"https:\/\/www.human-rights-year.com\/wp-content\/uploads\/2019\/11\/2103814710_fc09b10ebc_c.jpg","type":"image\/jpeg"}],"author":"Human Rights Year","twitter_card":"summary_large_image","twitter_misc":{"Verfasst von":"Human Rights Year"},"schema":{"@context":"https:\/\/schema.org","@graph":[{"@type":"WebSite","@id":"https:\/\/www.human-rights-year.com\/#website","url":"https:\/\/www.human-rights-year.com\/","name":"\u0415\u0432\u0440\u043e\u043f\u0435\u0439\u0441\u043a\u0438\u0439 \u043f\u0440\u0430\u0432\u043e\u0437\u0430\u0449\u0438\u0442\u043d\u044b\u0439 \u0434\u0438\u0430\u043b\u043e\u0433","description":" ","potentialAction":[{"@type":"SearchAction","target":{"@type":"EntryPoint","urlTemplate":"https:\/\/www.human-rights-year.com\/?s={search_term_string}"},"query-input":"required name=search_term_string"}],"inLanguage":"de"},{"@type":"WebPage","@id":"https:\/\/www.human-rights-year.com\/de\/2019\/11\/07\/verdaechtiger-im-falle-der-ermordung-des-leiters-des-zentrums-e-in-inguschetien-wurde-festgenommen\/","url":"https:\/\/www.human-rights-year.com\/de\/2019\/11\/07\/verdaechtiger-im-falle-der-ermordung-des-leiters-des-zentrums-e-in-inguschetien-wurde-festgenommen\/","name":"Verd\u00e4chtiger im Falle der Ermordung des Leiters des Zentrums \u201eE\u201c in Inguschetien wurde festgenommen - Europ\u00e4ischer Menschenrechtsdialog","isPartOf":{"@id":"https:\/\/www.human-rights-year.com\/#website"},"datePublished":"2019-11-07T11:00:20+00:00","dateModified":"2019-11-06T20:23:02+00:00","author":{"@id":"https:\/\/www.human-rights-year.com\/#\/schema\/person\/54d85daa1545786aba6f5320df79bb4c"},"description":"Die Untersuchung best\u00e4tigte nicht die Beteiligung des in Moskau inhaftierten Mannes an der Ermordung von Ibrahim Eldzherkiev, dem Leiter des Zentrums \"E\" von Inguschetien.","breadcrumb":{"@id":"https:\/\/www.human-rights-year.com\/de\/2019\/11\/07\/verdaechtiger-im-falle-der-ermordung-des-leiters-des-zentrums-e-in-inguschetien-wurde-festgenommen\/#breadcrumb"},"inLanguage":"de","potentialAction":[{"@type":"ReadAction","target":["https:\/\/www.human-rights-year.com\/de\/2019\/11\/07\/verdaechtiger-im-falle-der-ermordung-des-leiters-des-zentrums-e-in-inguschetien-wurde-festgenommen\/"]}]},{"@type":"BreadcrumbList","@id":"https:\/\/www.human-rights-year.com\/de\/2019\/11\/07\/verdaechtiger-im-falle-der-ermordung-des-leiters-des-zentrums-e-in-inguschetien-wurde-festgenommen\/#breadcrumb","itemListElement":[{"@type":"ListItem","position":1,"name":"\u0413\u043b\u0430\u0432\u043d\u0430\u044f \u0441\u0442\u0440\u0430\u043d\u0438\u0446\u0430","item":"https:\/\/www.human-rights-year.com\/de\/"},{"@type":"ListItem","position":2,"name":"Verd\u00e4chtiger im Falle der Ermordung des Leiters des Zentrums \u201eE\u201c in Inguschetien wurde festgenommen"}]},{"@type":"Person","@id":"https:\/\/www.human-rights-year.com\/#\/schema\/person\/54d85daa1545786aba6f5320df79bb4c","name":"Human Rights Year","image":{"@type":"ImageObject","inLanguage":"de","@id":"https:\/\/www.human-rights-year.com\/#\/schema\/person\/image\/","url":"https:\/\/secure.gravatar.com\/avatar\/685b0e722b7b569d9169f933abfd5f26?s=96&d=mm&r=g","contentUrl":"https:\/\/secure.gravatar.com\/avatar\/685b0e722b7b569d9169f933abfd5f26?s=96&d=mm&r=g","caption":"Human Rights Year"},"description":"\u041d\u0435\u043c\u0435\u0446\u043a\u043e - \u0440\u043e\u0441\u0441\u0438\u0439\u0441\u043a\u0438\u0439 \u0433\u043e\u0434 \u043f\u0440\u0430\u0432 \u0447\u0435\u043b\u043e\u0432\u0435\u043a\u0430 \u041f\u0440\u043e\u0435\u043a\u0442 \u0438\u043d\u0444\u043e\u0440\u043c\u0438\u0440\u0443\u0435\u0442 \u043d\u0435\u043c\u0435\u0446\u043a\u043e\u0435 \u043e\u0431\u0449\u0435\u0441\u0442\u0432\u043e,\u00a0 \u0432 \u0442\u043e\u043c \u0447\u0438\u0441\u043b\u0435 \u0435\u0433\u043e \u0440\u0443\u0441\u0441\u043a\u043e\u044f\u0437\u044b\u0447\u043d\u0443\u044e \u0447\u0430\u0441\u0442\u044c, \u043e \u0441\u0438\u0442\u0443\u0430\u0446\u0438\u0438 \u0441 \u0441\u043e\u0431\u043b\u044e\u0434\u0435\u043d\u0438\u0435\u043c \u043f\u0440\u0430\u0432 \u0447\u0435\u043b\u043e\u0432\u0435\u043a\u0430 \u0432 \u0420\u043e\u0441\u0441\u0438\u0438; \u0430 \u0440\u043e\u0441\u0441\u0438\u044f\u043d - \u043e \u0441\u0438\u0442\u0443\u0430\u0446\u0438\u0438 \u0432 \u044d\u0442\u043e\u0439 \u043e\u0431\u043b\u0430\u0441\u0442\u0438 \u0432 \u0413\u0435\u0440\u043c\u0430\u043d\u0438\u0438. \u0420\u0435\u0430\u043b\u0438\u0437\u0443\u0435\u0442\u0441\u044f \u043f\u0440\u0438 \u0443\u0447\u0430\u0441\u0442\u0438\u0438 \u0440\u043e\u0441\u0441\u0438\u0439\u0441\u043a\u043e\u0433\u043e \u043f\u0440\u0430\u0432\u043e\u0437\u0430\u0449\u0438\u0442\u043d\u043e\u0433\u043e \u0446\u0435\u043d\u0442\u0440\u0430 \u201c\u041c\u0435\u043c\u043e\u0440\u0438\u0430\u043b\u201d \u0438 \u0424\u043e\u0440\u0443\u043c\u0430 \u0440\u0443\u0441\u0441\u043a\u043e\u044f\u0437\u044b\u0447\u043d\u044b\u0445 \u0435\u0432\u0440\u043e\u043f\u0435\u0439\u0446\u0435\u0432, \u0430 \u0442\u0430\u043a\u0436\u0435 \u043f\u0440\u0438 \u043f\u043e\u0434\u0434\u0435\u0440\u0436\u043a\u0435 \u0433\u0435\u0440\u043c\u0430\u043d\u0441\u043a\u043e\u0433\u043e \u041c\u0418\u0414\u0430.","sameAs":["https:\/\/www.human-rights-year.com"],"url":"https:\/\/www.human-rights-year.com\/de\/author\/humanrightsyear\/"}]}},"_links":{"self":[{"href":"https:\/\/www.human-rights-year.com\/de\/wp-json\/wp\/v2\/posts\/2397"}],"collection":[{"href":"https:\/\/www.human-rights-year.com\/de\/wp-json\/wp\/v2\/posts"}],"about":[{"href":"https:\/\/www.human-rights-year.com\/de\/wp-json\/wp\/v2\/types\/post"}],"author":[{"embeddable":true,"href":"https:\/\/www.human-rights-year.com\/de\/wp-json\/wp\/v2\/users\/1"}],"replies":[{"embeddable":true,"href":"https:\/\/www.human-rights-year.com\/de\/wp-json\/wp\/v2\/comments?post=2397"}],"version-history":[{"count":0,"href":"https:\/\/www.human-rights-year.com\/de\/wp-json\/wp\/v2\/posts\/2397\/revisions"}],"wp:featuredmedia":[{"embeddable":true,"href":"https:\/\/www.human-rights-year.com\/de\/wp-json\/wp\/v2\/media\/2391"}],"wp:attachment":[{"href":"https:\/\/www.human-rights-year.com\/de\/wp-json\/wp\/v2\/media?parent=2397"}],"wp:term":[{"taxonomy":"category","embeddable":true,"href":"https:\/\/www.human-rights-year.com\/de\/wp-json\/wp\/v2\/categories?post=2397"},{"taxonomy":"post_tag","embeddable":true,"href":"https:\/\/www.human-rights-year.com\/de\/wp-json\/wp\/v2\/tags?post=2397"}],"curies":[{"name":"wp","href":"https:\/\/api.w.org\/{rel}","templated":true}]}}