{"id":2376,"date":"2019-11-07T09:00:25","date_gmt":"2019-11-07T08:00:25","guid":{"rendered":"https:\/\/www.human-rights-year.com\/?p=2376"},"modified":"2019-11-06T17:45:59","modified_gmt":"2019-11-06T16:45:59","slug":"anwalt-dzhemil-gafarov-bekommt-keine-lebenswichtigen-medikamente","status":"publish","type":"post","link":"https:\/\/www.human-rights-year.com\/de\/2019\/11\/07\/anwalt-dzhemil-gafarov-bekommt-keine-lebenswichtigen-medikamente\/","title":{"rendered":"Anwalt: Dzhemil Gafarov bekommt keine lebenswichtigen Medikamente"},"content":{"rendered":"<p>Dzhemil Gafarov ist ein politischer Gefangener aus Krim und auch ein pr\u00e4dialytischer Patient, was seine Inhaftierung nach russischem Recht eigentlich unm\u00f6glich macht. Die ganze Zeit \u00fcber wurde er jedoch in einer Untersuchungshaftanstalt festgehalten. Unter solchen Bedingungen wird jeder Tag seiner Inhaftierung mit Folter gleichgesetzt, und sein Leben ist st\u00e4ndig in Gefahr. Sein Anwalt Rifat Yakhin berichtet \u00fcber seinen letzten Besuch in der Untersuchungshaftanstalt Simferopol:<\/p>\n<p>&#8222;Gafarovs Gesundheitszustand verschlechtert sich und er f\u00fchlt sich nach der \u00dcberstellung auf die Krim schlechter, trotz der Rostower Medizin, die im Sommer zu dem Schluss kam, dass eine Person mit so schweren Nieren- und Herzerkrankungen, deren Vorliegen durch eine \u00e4rztliche Untersuchung best\u00e4tigt wurde, in einer Untersuchungshaftanstalt untergebracht werden kann.<\/p>\n<p>Gleichzeitig wird D.A. Gafarov immer noch nicht von der Verabreichung des Untersuchungsisolators mit lebenswichtigen Medikamenten versorgt, die von nahen Verwandten zur K\u00f6rpervergiftung und zur Aufrechterhaltung der Herzarbeit wiederholt verschickt wurden&#8220;, sagte der Rechtsanwalt von Dzhemil Gafarov, der am 27. M\u00e4rz 2019 bei den gr\u00f6\u00dften Massendurchsuchungen in der modernen Geschichte der Krim-Tataren verhaftet wurde.<\/p>\n<p>&nbsp;<\/p>\n<p>Dzhemil Gafarov. Foto: Familienarchiv vor der Verhaftung.<\/p>\n<p><a href=\"https:\/\/www.facebook.com\/crimeansolidarity\/posts\/968339176866872\" target=\"_blank\" rel=\"noopener noreferrer\">\u0418\u0441\u0442\u043e\u0447\u043d\u0438\u043a<\/a><\/p>\n","protected":false},"excerpt":{"rendered":"<p>Dzhemil Gafarov ist ein politischer Gefangener aus Krim und auch ein pr\u00e4dialytischer Patient, was seine Inhaftierung nach russischem Recht eigentlich unm\u00f6glich macht. Die ganze Zeit<\/p>\n","protected":false},"author":5,"featured_media":2375,"comment_status":"closed","ping_status":"open","sticky":false,"template":"","format":"standard","meta":[],"categories":[20,12],"tags":[],"yoast_head":"<!-- This site is optimized with the Yoast SEO plugin v19.4 - https:\/\/yoast.com\/wordpress\/plugins\/seo\/ -->\n<title>Anwalt: Dzhemil Gafarov bekommt keine lebenswichtigen Medikamente - Europ\u00e4ischer Menschenrechtsdialog<\/title>\n<meta name=\"robots\" content=\"index, follow, max-snippet:-1, max-image-preview:large, max-video-preview:-1\" \/>\n<link rel=\"canonical\" href=\"https:\/\/www.human-rights-year.com\/de\/2019\/11\/07\/anwalt-dzhemil-gafarov-bekommt-keine-lebenswichtigen-medikamente\/\" \/>\n<meta property=\"og:locale\" content=\"de_DE\" \/>\n<meta property=\"og:type\" content=\"article\" \/>\n<meta property=\"og:title\" content=\"Anwalt: Dzhemil Gafarov bekommt keine lebenswichtigen Medikamente - Europ\u00e4ischer Menschenrechtsdialog\" \/>\n<meta property=\"og:description\" content=\"Dzhemil Gafarov ist ein politischer Gefangener aus Krim und auch ein pr\u00e4dialytischer Patient, was seine Inhaftierung nach russischem Recht eigentlich unm\u00f6glich macht. Die ganze Zeit\" \/>\n<meta property=\"og:url\" content=\"https:\/\/www.human-rights-year.com\/de\/2019\/11\/07\/anwalt-dzhemil-gafarov-bekommt-keine-lebenswichtigen-medikamente\/\" \/>\n<meta property=\"og:site_name\" content=\"Europ\u00e4ischer Menschenrechtsdialog\" \/>\n<meta property=\"article:published_time\" content=\"2019-11-07T08:00:25+00:00\" \/>\n<meta property=\"article:modified_time\" content=\"2019-11-06T16:45:59+00:00\" \/>\n<meta property=\"og:image\" content=\"https:\/\/www.human-rights-year.com\/wp-content\/uploads\/2019\/11\/dzh-1.jpg\" \/>\n\t<meta property=\"og:image:width\" content=\"1000\" \/>\n\t<meta property=\"og:image:height\" content=\"960\" \/>\n\t<meta property=\"og:image:type\" content=\"image\/jpeg\" \/>\n<meta name=\"author\" content=\"Jeanna Kr\u00f6mer\" \/>\n<meta name=\"twitter:card\" content=\"summary_large_image\" \/>\n<meta name=\"twitter:label1\" content=\"Verfasst von\" \/>\n\t<meta name=\"twitter:data1\" content=\"Jeanna Kr\u00f6mer\" \/>\n\t<meta name=\"twitter:label2\" content=\"Gesch\u00e4tzte Lesezeit\" \/>\n\t<meta name=\"twitter:data2\" content=\"1\u00a0Minute\" \/>\n<script type=\"application\/ld+json\" class=\"yoast-schema-graph\">{\"@context\":\"https:\/\/schema.org\",\"@graph\":[{\"@type\":\"WebSite\",\"@id\":\"https:\/\/www.human-rights-year.com\/#website\",\"url\":\"https:\/\/www.human-rights-year.com\/\",\"name\":\"\u0415\u0432\u0440\u043e\u043f\u0435\u0439\u0441\u043a\u0438\u0439 \u043f\u0440\u0430\u0432\u043e\u0437\u0430\u0449\u0438\u0442\u043d\u044b\u0439 \u0434\u0438\u0430\u043b\u043e\u0433\",\"description\":\" \",\"potentialAction\":[{\"@type\":\"SearchAction\",\"target\":{\"@type\":\"EntryPoint\",\"urlTemplate\":\"https:\/\/www.human-rights-year.com\/?s={search_term_string}\"},\"query-input\":\"required name=search_term_string\"}],\"inLanguage\":\"de\"},{\"@type\":\"WebPage\",\"@id\":\"https:\/\/www.human-rights-year.com\/de\/2019\/11\/07\/anwalt-dzhemil-gafarov-bekommt-keine-lebenswichtigen-medikamente\/\",\"url\":\"https:\/\/www.human-rights-year.com\/de\/2019\/11\/07\/anwalt-dzhemil-gafarov-bekommt-keine-lebenswichtigen-medikamente\/\",\"name\":\"Anwalt: Dzhemil Gafarov bekommt keine lebenswichtigen Medikamente - Europ\u00e4ischer Menschenrechtsdialog\",\"isPartOf\":{\"@id\":\"https:\/\/www.human-rights-year.com\/#website\"},\"datePublished\":\"2019-11-07T08:00:25+00:00\",\"dateModified\":\"2019-11-06T16:45:59+00:00\",\"author\":{\"@id\":\"https:\/\/www.human-rights-year.com\/#\/schema\/person\/1c06fb0e639bcf476e5b123399573609\"},\"breadcrumb\":{\"@id\":\"https:\/\/www.human-rights-year.com\/de\/2019\/11\/07\/anwalt-dzhemil-gafarov-bekommt-keine-lebenswichtigen-medikamente\/#breadcrumb\"},\"inLanguage\":\"de\",\"potentialAction\":[{\"@type\":\"ReadAction\",\"target\":[\"https:\/\/www.human-rights-year.com\/de\/2019\/11\/07\/anwalt-dzhemil-gafarov-bekommt-keine-lebenswichtigen-medikamente\/\"]}]},{\"@type\":\"BreadcrumbList\",\"@id\":\"https:\/\/www.human-rights-year.com\/de\/2019\/11\/07\/anwalt-dzhemil-gafarov-bekommt-keine-lebenswichtigen-medikamente\/#breadcrumb\",\"itemListElement\":[{\"@type\":\"ListItem\",\"position\":1,\"name\":\"\u0413\u043b\u0430\u0432\u043d\u0430\u044f \u0441\u0442\u0440\u0430\u043d\u0438\u0446\u0430\",\"item\":\"https:\/\/www.human-rights-year.com\/de\/\"},{\"@type\":\"ListItem\",\"position\":2,\"name\":\"Anwalt: Dzhemil Gafarov bekommt keine lebenswichtigen Medikamente\"}]},{\"@type\":\"Person\",\"@id\":\"https:\/\/www.human-rights-year.com\/#\/schema\/person\/1c06fb0e639bcf476e5b123399573609\",\"name\":\"Jeanna Kr\u00f6mer\",\"image\":{\"@type\":\"ImageObject\",\"inLanguage\":\"de\",\"@id\":\"https:\/\/www.human-rights-year.com\/#\/schema\/person\/image\/\",\"url\":\"https:\/\/secure.gravatar.com\/avatar\/94a68f06ff6dcb0ae82db3e779506c6c?s=96&d=mm&r=g\",\"contentUrl\":\"https:\/\/secure.gravatar.com\/avatar\/94a68f06ff6dcb0ae82db3e779506c6c?s=96&d=mm&r=g\",\"caption\":\"Jeanna Kr\u00f6mer\"},\"url\":\"https:\/\/www.human-rights-year.com\/de\/author\/jakroemer\/\"}]}<\/script>\n<!-- \/ Yoast SEO plugin. -->","yoast_head_json":{"title":"Anwalt: Dzhemil Gafarov bekommt keine lebenswichtigen Medikamente - Europ\u00e4ischer Menschenrechtsdialog","robots":{"index":"index","follow":"follow","max-snippet":"max-snippet:-1","max-image-preview":"max-image-preview:large","max-video-preview":"max-video-preview:-1"},"canonical":"https:\/\/www.human-rights-year.com\/de\/2019\/11\/07\/anwalt-dzhemil-gafarov-bekommt-keine-lebenswichtigen-medikamente\/","og_locale":"de_DE","og_type":"article","og_title":"Anwalt: Dzhemil Gafarov bekommt keine lebenswichtigen Medikamente - Europ\u00e4ischer Menschenrechtsdialog","og_description":"Dzhemil Gafarov ist ein politischer Gefangener aus Krim und auch ein pr\u00e4dialytischer Patient, was seine Inhaftierung nach russischem Recht eigentlich unm\u00f6glich macht. Die ganze Zeit","og_url":"https:\/\/www.human-rights-year.com\/de\/2019\/11\/07\/anwalt-dzhemil-gafarov-bekommt-keine-lebenswichtigen-medikamente\/","og_site_name":"Europ\u00e4ischer Menschenrechtsdialog","article_published_time":"2019-11-07T08:00:25+00:00","article_modified_time":"2019-11-06T16:45:59+00:00","og_image":[{"width":1000,"height":960,"url":"https:\/\/www.human-rights-year.com\/wp-content\/uploads\/2019\/11\/dzh-1.jpg","type":"image\/jpeg"}],"author":"Jeanna Kr\u00f6mer","twitter_card":"summary_large_image","twitter_misc":{"Verfasst von":"Jeanna Kr\u00f6mer","Gesch\u00e4tzte Lesezeit":"1\u00a0Minute"},"schema":{"@context":"https:\/\/schema.org","@graph":[{"@type":"WebSite","@id":"https:\/\/www.human-rights-year.com\/#website","url":"https:\/\/www.human-rights-year.com\/","name":"\u0415\u0432\u0440\u043e\u043f\u0435\u0439\u0441\u043a\u0438\u0439 \u043f\u0440\u0430\u0432\u043e\u0437\u0430\u0449\u0438\u0442\u043d\u044b\u0439 \u0434\u0438\u0430\u043b\u043e\u0433","description":" ","potentialAction":[{"@type":"SearchAction","target":{"@type":"EntryPoint","urlTemplate":"https:\/\/www.human-rights-year.com\/?s={search_term_string}"},"query-input":"required name=search_term_string"}],"inLanguage":"de"},{"@type":"WebPage","@id":"https:\/\/www.human-rights-year.com\/de\/2019\/11\/07\/anwalt-dzhemil-gafarov-bekommt-keine-lebenswichtigen-medikamente\/","url":"https:\/\/www.human-rights-year.com\/de\/2019\/11\/07\/anwalt-dzhemil-gafarov-bekommt-keine-lebenswichtigen-medikamente\/","name":"Anwalt: Dzhemil Gafarov bekommt keine lebenswichtigen Medikamente - Europ\u00e4ischer Menschenrechtsdialog","isPartOf":{"@id":"https:\/\/www.human-rights-year.com\/#website"},"datePublished":"2019-11-07T08:00:25+00:00","dateModified":"2019-11-06T16:45:59+00:00","author":{"@id":"https:\/\/www.human-rights-year.com\/#\/schema\/person\/1c06fb0e639bcf476e5b123399573609"},"breadcrumb":{"@id":"https:\/\/www.human-rights-year.com\/de\/2019\/11\/07\/anwalt-dzhemil-gafarov-bekommt-keine-lebenswichtigen-medikamente\/#breadcrumb"},"inLanguage":"de","potentialAction":[{"@type":"ReadAction","target":["https:\/\/www.human-rights-year.com\/de\/2019\/11\/07\/anwalt-dzhemil-gafarov-bekommt-keine-lebenswichtigen-medikamente\/"]}]},{"@type":"BreadcrumbList","@id":"https:\/\/www.human-rights-year.com\/de\/2019\/11\/07\/anwalt-dzhemil-gafarov-bekommt-keine-lebenswichtigen-medikamente\/#breadcrumb","itemListElement":[{"@type":"ListItem","position":1,"name":"\u0413\u043b\u0430\u0432\u043d\u0430\u044f \u0441\u0442\u0440\u0430\u043d\u0438\u0446\u0430","item":"https:\/\/www.human-rights-year.com\/de\/"},{"@type":"ListItem","position":2,"name":"Anwalt: Dzhemil Gafarov bekommt keine lebenswichtigen Medikamente"}]},{"@type":"Person","@id":"https:\/\/www.human-rights-year.com\/#\/schema\/person\/1c06fb0e639bcf476e5b123399573609","name":"Jeanna Kr\u00f6mer","image":{"@type":"ImageObject","inLanguage":"de","@id":"https:\/\/www.human-rights-year.com\/#\/schema\/person\/image\/","url":"https:\/\/secure.gravatar.com\/avatar\/94a68f06ff6dcb0ae82db3e779506c6c?s=96&d=mm&r=g","contentUrl":"https:\/\/secure.gravatar.com\/avatar\/94a68f06ff6dcb0ae82db3e779506c6c?s=96&d=mm&r=g","caption":"Jeanna Kr\u00f6mer"},"url":"https:\/\/www.human-rights-year.com\/de\/author\/jakroemer\/"}]}},"_links":{"self":[{"href":"https:\/\/www.human-rights-year.com\/de\/wp-json\/wp\/v2\/posts\/2376"}],"collection":[{"href":"https:\/\/www.human-rights-year.com\/de\/wp-json\/wp\/v2\/posts"}],"about":[{"href":"https:\/\/www.human-rights-year.com\/de\/wp-json\/wp\/v2\/types\/post"}],"author":[{"embeddable":true,"href":"https:\/\/www.human-rights-year.com\/de\/wp-json\/wp\/v2\/users\/5"}],"replies":[{"embeddable":true,"href":"https:\/\/www.human-rights-year.com\/de\/wp-json\/wp\/v2\/comments?post=2376"}],"version-history":[{"count":0,"href":"https:\/\/www.human-rights-year.com\/de\/wp-json\/wp\/v2\/posts\/2376\/revisions"}],"wp:featuredmedia":[{"embeddable":true,"href":"https:\/\/www.human-rights-year.com\/de\/wp-json\/wp\/v2\/media\/2375"}],"wp:attachment":[{"href":"https:\/\/www.human-rights-year.com\/de\/wp-json\/wp\/v2\/media?parent=2376"}],"wp:term":[{"taxonomy":"category","embeddable":true,"href":"https:\/\/www.human-rights-year.com\/de\/wp-json\/wp\/v2\/categories?post=2376"},{"taxonomy":"post_tag","embeddable":true,"href":"https:\/\/www.human-rights-year.com\/de\/wp-json\/wp\/v2\/tags?post=2376"}],"curies":[{"name":"wp","href":"https:\/\/api.w.org\/{rel}","templated":true}]}}