{"id":2372,"date":"2019-11-06T16:48:44","date_gmt":"2019-11-06T15:48:44","guid":{"rendered":"https:\/\/www.human-rights-year.com\/?p=2372"},"modified":"2019-11-06T17:09:55","modified_gmt":"2019-11-06T16:09:55","slug":"archangelsk-aktivistinnen-bitten-um-hilfe","status":"publish","type":"post","link":"https:\/\/www.human-rights-year.com\/de\/2019\/11\/06\/archangelsk-aktivistinnen-bitten-um-hilfe\/","title":{"rendered":"Archangelsk-AktivistInnen bitten um Hilfe"},"content":{"rendered":"<p>In der FB-Community &#8222;<a href=\"https:\/\/www.facebook.com\/ALEKSANDR.IITag\/photos\/a.713693065655259\/988255598199003\/?type=3&amp;theater\" target=\"_blank\" rel=\"noopener noreferrer\">Russland &#8211; Politik, Wirtschaft<\/a>&#8220; erschien am 5. November 2019 folgender Text:<br \/>\n&#8222;Wir sind mitten in einem B\u00fcrgerkrieg. Wenn die Deponie mit M\u00fchl aus Moskau hier ist, werden nicht nur unsere Fl\u00fcsse infiziert, sondern auch die \u00d6kologie der n\u00e4chstgelegenen Regionen.&#8220;<\/p>\n<p>&#8222;Rosgvardia wurde in Shies um 4 Uhr morgens eingef\u00fchrt. In der benachbarten Siedlung Urdoma herrscht Kriegsrecht.<br \/>\nDie Stra\u00dfen sind blockiert. Kommunikation, Internet, Strom sind unterbrochen.&#8220;<\/p>\n<p>&#8222;Der Pr\u00e4sident schickte seinen Mann, um die Gr\u00fcnde f\u00fcr die &#8222;Stillegung&#8220; des Deponiebaus zu untersuchen. Er zwang den Leiter des Innenministeriums im B\u00fcro des Leiters der Region, die Eskorte von Benzinfahrzeugen aus der Republik Komi durch die Siedlungen der Region Archangelsk zu organisieren. Nachdem der Innenminister seine Befugnisse \u00fcberschritten hatte, organisierte er eine &#8222;Sonderaktion&#8220; zum Schutz der PRIVATEN Ladung, die f\u00fcr die PRIVATE kommerzielle Organisation bestimmt war. Treffen Sie Ihre eigenen Schl\u00fcsse. Wir brauchen eure Hilfe, Freunde, mit einer maximalen Verbreitung von Informationen.&#8220;<\/p>\n<p><a href=\"https:\/\/www.facebook.com\/ALEKSANDR.IITag\/photos\/a.713693065655259\/988255598199003\/?type=3&amp;__xts__%5B0%5D=68.ARAE-qaUjr_SoLJ1PE1BRJmoRmXGYX1V2KCcV1bVegqblDSmCmXTwxUOYAMFONy-1UKC3sTRashbhKZDbat7e17uPoJzrm0GI7BaHDvEY1yP0uOJ9Yx0IVRQ40FF-8SV4AfkzJIVIAjtVE86eJ6ZFbGoUKdb9RQDN5Oqonhf59mYVoHB8Gwf-N7bqUE-K9PKGhR7SaTow4I0baVILO40Fs8kl7js94n6lAf27p5G_4QkYAOb7ISkhO757YYN2X7o3nuuLyo8kKhECdHLipIwmKlzMUvH9QtXyEMlANZ0tpu88fASvWbkYxme-D-6KsG0IQbJPZfmXJZwQZ8wWticFlc&amp;__tn__=-R\" target=\"_blank\" rel=\"noopener noreferrer\">Quelle \/ Foto<\/a><\/p>\n","protected":false},"excerpt":{"rendered":"<p>In der FB-Community &#8222;Russland &#8211; Politik, Wirtschaft&#8220; erschien am 5. November 2019 folgender Text: &#8222;Wir sind mitten in einem B\u00fcrgerkrieg. Wenn die Deponie mit M\u00fchl<\/p>\n","protected":false},"author":1,"featured_media":2370,"comment_status":"closed","ping_status":"open","sticky":false,"template":"","format":"standard","meta":[],"categories":[20,12],"tags":[],"yoast_head":"<!-- This site is optimized with the Yoast SEO plugin v19.4 - https:\/\/yoast.com\/wordpress\/plugins\/seo\/ -->\n<title>Archangelsk-AktivistInnen bitten um Hilfe - Europ\u00e4ischer Menschenrechtsdialog<\/title>\n<meta name=\"description\" content=\"&quot;Wir sind mitten in einem B\u00fcrgerkrieg. Wenn die Deponie mit M\u00fchl aus Moskau hier ist, werden nicht nur unsere Fl\u00fcsse infiziert, sondern auch die \u00d6kologie der n\u00e4chstgelegenen Regionen.&quot;\" \/>\n<meta name=\"robots\" content=\"index, follow, max-snippet:-1, max-image-preview:large, max-video-preview:-1\" \/>\n<link rel=\"canonical\" href=\"https:\/\/www.human-rights-year.com\/de\/2019\/11\/06\/archangelsk-aktivistinnen-bitten-um-hilfe\/\" \/>\n<meta property=\"og:locale\" content=\"de_DE\" \/>\n<meta property=\"og:type\" content=\"article\" \/>\n<meta property=\"og:title\" content=\"Archangelsk-AktivistInnen bitten um Hilfe - Europ\u00e4ischer Menschenrechtsdialog\" \/>\n<meta property=\"og:description\" content=\"&quot;Wir sind mitten in einem B\u00fcrgerkrieg. Wenn die Deponie mit M\u00fchl aus Moskau hier ist, werden nicht nur unsere Fl\u00fcsse infiziert, sondern auch die \u00d6kologie der n\u00e4chstgelegenen Regionen.&quot;\" \/>\n<meta property=\"og:url\" content=\"https:\/\/www.human-rights-year.com\/de\/2019\/11\/06\/archangelsk-aktivistinnen-bitten-um-hilfe\/\" \/>\n<meta property=\"og:site_name\" content=\"Europ\u00e4ischer Menschenrechtsdialog\" \/>\n<meta property=\"article:published_time\" content=\"2019-11-06T15:48:44+00:00\" \/>\n<meta property=\"article:modified_time\" content=\"2019-11-06T16:09:55+00:00\" \/>\n<meta property=\"og:image\" content=\"https:\/\/www.human-rights-year.com\/wp-content\/uploads\/2019\/11\/shiess.jpg\" \/>\n\t<meta property=\"og:image:width\" content=\"1200\" \/>\n\t<meta property=\"og:image:height\" content=\"750\" \/>\n\t<meta property=\"og:image:type\" content=\"image\/jpeg\" \/>\n<meta name=\"author\" content=\"Human Rights Year\" \/>\n<meta name=\"twitter:card\" content=\"summary_large_image\" \/>\n<meta name=\"twitter:label1\" content=\"Verfasst von\" \/>\n\t<meta name=\"twitter:data1\" content=\"Human Rights Year\" \/>\n\t<meta name=\"twitter:label2\" content=\"Gesch\u00e4tzte Lesezeit\" \/>\n\t<meta name=\"twitter:data2\" content=\"1\u00a0Minute\" \/>\n<script type=\"application\/ld+json\" class=\"yoast-schema-graph\">{\"@context\":\"https:\/\/schema.org\",\"@graph\":[{\"@type\":\"WebSite\",\"@id\":\"https:\/\/www.human-rights-year.com\/#website\",\"url\":\"https:\/\/www.human-rights-year.com\/\",\"name\":\"\u0415\u0432\u0440\u043e\u043f\u0435\u0439\u0441\u043a\u0438\u0439 \u043f\u0440\u0430\u0432\u043e\u0437\u0430\u0449\u0438\u0442\u043d\u044b\u0439 \u0434\u0438\u0430\u043b\u043e\u0433\",\"description\":\" \",\"potentialAction\":[{\"@type\":\"SearchAction\",\"target\":{\"@type\":\"EntryPoint\",\"urlTemplate\":\"https:\/\/www.human-rights-year.com\/?s={search_term_string}\"},\"query-input\":\"required name=search_term_string\"}],\"inLanguage\":\"de\"},{\"@type\":\"WebPage\",\"@id\":\"https:\/\/www.human-rights-year.com\/de\/2019\/11\/06\/archangelsk-aktivistinnen-bitten-um-hilfe\/\",\"url\":\"https:\/\/www.human-rights-year.com\/de\/2019\/11\/06\/archangelsk-aktivistinnen-bitten-um-hilfe\/\",\"name\":\"Archangelsk-AktivistInnen bitten um Hilfe - Europ\u00e4ischer Menschenrechtsdialog\",\"isPartOf\":{\"@id\":\"https:\/\/www.human-rights-year.com\/#website\"},\"datePublished\":\"2019-11-06T15:48:44+00:00\",\"dateModified\":\"2019-11-06T16:09:55+00:00\",\"author\":{\"@id\":\"https:\/\/www.human-rights-year.com\/#\/schema\/person\/54d85daa1545786aba6f5320df79bb4c\"},\"description\":\"\\\"Wir sind mitten in einem B\u00fcrgerkrieg. Wenn die Deponie mit M\u00fchl aus Moskau hier ist, werden nicht nur unsere Fl\u00fcsse infiziert, sondern auch die \u00d6kologie der n\u00e4chstgelegenen Regionen.\\\"\",\"breadcrumb\":{\"@id\":\"https:\/\/www.human-rights-year.com\/de\/2019\/11\/06\/archangelsk-aktivistinnen-bitten-um-hilfe\/#breadcrumb\"},\"inLanguage\":\"de\",\"potentialAction\":[{\"@type\":\"ReadAction\",\"target\":[\"https:\/\/www.human-rights-year.com\/de\/2019\/11\/06\/archangelsk-aktivistinnen-bitten-um-hilfe\/\"]}]},{\"@type\":\"BreadcrumbList\",\"@id\":\"https:\/\/www.human-rights-year.com\/de\/2019\/11\/06\/archangelsk-aktivistinnen-bitten-um-hilfe\/#breadcrumb\",\"itemListElement\":[{\"@type\":\"ListItem\",\"position\":1,\"name\":\"\u0413\u043b\u0430\u0432\u043d\u0430\u044f \u0441\u0442\u0440\u0430\u043d\u0438\u0446\u0430\",\"item\":\"https:\/\/www.human-rights-year.com\/de\/\"},{\"@type\":\"ListItem\",\"position\":2,\"name\":\"Archangelsk-AktivistInnen bitten um Hilfe\"}]},{\"@type\":\"Person\",\"@id\":\"https:\/\/www.human-rights-year.com\/#\/schema\/person\/54d85daa1545786aba6f5320df79bb4c\",\"name\":\"Human Rights Year\",\"image\":{\"@type\":\"ImageObject\",\"inLanguage\":\"de\",\"@id\":\"https:\/\/www.human-rights-year.com\/#\/schema\/person\/image\/\",\"url\":\"https:\/\/secure.gravatar.com\/avatar\/685b0e722b7b569d9169f933abfd5f26?s=96&d=mm&r=g\",\"contentUrl\":\"https:\/\/secure.gravatar.com\/avatar\/685b0e722b7b569d9169f933abfd5f26?s=96&d=mm&r=g\",\"caption\":\"Human Rights Year\"},\"description\":\"\u041d\u0435\u043c\u0435\u0446\u043a\u043e - \u0440\u043e\u0441\u0441\u0438\u0439\u0441\u043a\u0438\u0439 \u0433\u043e\u0434 \u043f\u0440\u0430\u0432 \u0447\u0435\u043b\u043e\u0432\u0435\u043a\u0430 \u041f\u0440\u043e\u0435\u043a\u0442 \u0438\u043d\u0444\u043e\u0440\u043c\u0438\u0440\u0443\u0435\u0442 \u043d\u0435\u043c\u0435\u0446\u043a\u043e\u0435 \u043e\u0431\u0449\u0435\u0441\u0442\u0432\u043e,\u00a0 \u0432 \u0442\u043e\u043c \u0447\u0438\u0441\u043b\u0435 \u0435\u0433\u043e \u0440\u0443\u0441\u0441\u043a\u043e\u044f\u0437\u044b\u0447\u043d\u0443\u044e \u0447\u0430\u0441\u0442\u044c, \u043e \u0441\u0438\u0442\u0443\u0430\u0446\u0438\u0438 \u0441 \u0441\u043e\u0431\u043b\u044e\u0434\u0435\u043d\u0438\u0435\u043c \u043f\u0440\u0430\u0432 \u0447\u0435\u043b\u043e\u0432\u0435\u043a\u0430 \u0432 \u0420\u043e\u0441\u0441\u0438\u0438; \u0430 \u0440\u043e\u0441\u0441\u0438\u044f\u043d - \u043e \u0441\u0438\u0442\u0443\u0430\u0446\u0438\u0438 \u0432 \u044d\u0442\u043e\u0439 \u043e\u0431\u043b\u0430\u0441\u0442\u0438 \u0432 \u0413\u0435\u0440\u043c\u0430\u043d\u0438\u0438. \u0420\u0435\u0430\u043b\u0438\u0437\u0443\u0435\u0442\u0441\u044f \u043f\u0440\u0438 \u0443\u0447\u0430\u0441\u0442\u0438\u0438 \u0440\u043e\u0441\u0441\u0438\u0439\u0441\u043a\u043e\u0433\u043e \u043f\u0440\u0430\u0432\u043e\u0437\u0430\u0449\u0438\u0442\u043d\u043e\u0433\u043e \u0446\u0435\u043d\u0442\u0440\u0430 \u201c\u041c\u0435\u043c\u043e\u0440\u0438\u0430\u043b\u201d \u0438 \u0424\u043e\u0440\u0443\u043c\u0430 \u0440\u0443\u0441\u0441\u043a\u043e\u044f\u0437\u044b\u0447\u043d\u044b\u0445 \u0435\u0432\u0440\u043e\u043f\u0435\u0439\u0446\u0435\u0432, \u0430 \u0442\u0430\u043a\u0436\u0435 \u043f\u0440\u0438 \u043f\u043e\u0434\u0434\u0435\u0440\u0436\u043a\u0435 \u0433\u0435\u0440\u043c\u0430\u043d\u0441\u043a\u043e\u0433\u043e \u041c\u0418\u0414\u0430.\",\"sameAs\":[\"https:\/\/www.human-rights-year.com\"],\"url\":\"https:\/\/www.human-rights-year.com\/de\/author\/humanrightsyear\/\"}]}<\/script>\n<!-- \/ Yoast SEO plugin. -->","yoast_head_json":{"title":"Archangelsk-AktivistInnen bitten um Hilfe - Europ\u00e4ischer Menschenrechtsdialog","description":"\"Wir sind mitten in einem B\u00fcrgerkrieg. Wenn die Deponie mit M\u00fchl aus Moskau hier ist, werden nicht nur unsere Fl\u00fcsse infiziert, sondern auch die \u00d6kologie der n\u00e4chstgelegenen Regionen.\"","robots":{"index":"index","follow":"follow","max-snippet":"max-snippet:-1","max-image-preview":"max-image-preview:large","max-video-preview":"max-video-preview:-1"},"canonical":"https:\/\/www.human-rights-year.com\/de\/2019\/11\/06\/archangelsk-aktivistinnen-bitten-um-hilfe\/","og_locale":"de_DE","og_type":"article","og_title":"Archangelsk-AktivistInnen bitten um Hilfe - Europ\u00e4ischer Menschenrechtsdialog","og_description":"\"Wir sind mitten in einem B\u00fcrgerkrieg. Wenn die Deponie mit M\u00fchl aus Moskau hier ist, werden nicht nur unsere Fl\u00fcsse infiziert, sondern auch die \u00d6kologie der n\u00e4chstgelegenen Regionen.\"","og_url":"https:\/\/www.human-rights-year.com\/de\/2019\/11\/06\/archangelsk-aktivistinnen-bitten-um-hilfe\/","og_site_name":"Europ\u00e4ischer Menschenrechtsdialog","article_published_time":"2019-11-06T15:48:44+00:00","article_modified_time":"2019-11-06T16:09:55+00:00","og_image":[{"width":1200,"height":750,"url":"https:\/\/www.human-rights-year.com\/wp-content\/uploads\/2019\/11\/shiess.jpg","type":"image\/jpeg"}],"author":"Human Rights Year","twitter_card":"summary_large_image","twitter_misc":{"Verfasst von":"Human Rights Year","Gesch\u00e4tzte Lesezeit":"1\u00a0Minute"},"schema":{"@context":"https:\/\/schema.org","@graph":[{"@type":"WebSite","@id":"https:\/\/www.human-rights-year.com\/#website","url":"https:\/\/www.human-rights-year.com\/","name":"\u0415\u0432\u0440\u043e\u043f\u0435\u0439\u0441\u043a\u0438\u0439 \u043f\u0440\u0430\u0432\u043e\u0437\u0430\u0449\u0438\u0442\u043d\u044b\u0439 \u0434\u0438\u0430\u043b\u043e\u0433","description":" ","potentialAction":[{"@type":"SearchAction","target":{"@type":"EntryPoint","urlTemplate":"https:\/\/www.human-rights-year.com\/?s={search_term_string}"},"query-input":"required name=search_term_string"}],"inLanguage":"de"},{"@type":"WebPage","@id":"https:\/\/www.human-rights-year.com\/de\/2019\/11\/06\/archangelsk-aktivistinnen-bitten-um-hilfe\/","url":"https:\/\/www.human-rights-year.com\/de\/2019\/11\/06\/archangelsk-aktivistinnen-bitten-um-hilfe\/","name":"Archangelsk-AktivistInnen bitten um Hilfe - Europ\u00e4ischer Menschenrechtsdialog","isPartOf":{"@id":"https:\/\/www.human-rights-year.com\/#website"},"datePublished":"2019-11-06T15:48:44+00:00","dateModified":"2019-11-06T16:09:55+00:00","author":{"@id":"https:\/\/www.human-rights-year.com\/#\/schema\/person\/54d85daa1545786aba6f5320df79bb4c"},"description":"\"Wir sind mitten in einem B\u00fcrgerkrieg. Wenn die Deponie mit M\u00fchl aus Moskau hier ist, werden nicht nur unsere Fl\u00fcsse infiziert, sondern auch die \u00d6kologie der n\u00e4chstgelegenen Regionen.\"","breadcrumb":{"@id":"https:\/\/www.human-rights-year.com\/de\/2019\/11\/06\/archangelsk-aktivistinnen-bitten-um-hilfe\/#breadcrumb"},"inLanguage":"de","potentialAction":[{"@type":"ReadAction","target":["https:\/\/www.human-rights-year.com\/de\/2019\/11\/06\/archangelsk-aktivistinnen-bitten-um-hilfe\/"]}]},{"@type":"BreadcrumbList","@id":"https:\/\/www.human-rights-year.com\/de\/2019\/11\/06\/archangelsk-aktivistinnen-bitten-um-hilfe\/#breadcrumb","itemListElement":[{"@type":"ListItem","position":1,"name":"\u0413\u043b\u0430\u0432\u043d\u0430\u044f \u0441\u0442\u0440\u0430\u043d\u0438\u0446\u0430","item":"https:\/\/www.human-rights-year.com\/de\/"},{"@type":"ListItem","position":2,"name":"Archangelsk-AktivistInnen bitten um Hilfe"}]},{"@type":"Person","@id":"https:\/\/www.human-rights-year.com\/#\/schema\/person\/54d85daa1545786aba6f5320df79bb4c","name":"Human Rights Year","image":{"@type":"ImageObject","inLanguage":"de","@id":"https:\/\/www.human-rights-year.com\/#\/schema\/person\/image\/","url":"https:\/\/secure.gravatar.com\/avatar\/685b0e722b7b569d9169f933abfd5f26?s=96&d=mm&r=g","contentUrl":"https:\/\/secure.gravatar.com\/avatar\/685b0e722b7b569d9169f933abfd5f26?s=96&d=mm&r=g","caption":"Human Rights Year"},"description":"\u041d\u0435\u043c\u0435\u0446\u043a\u043e - \u0440\u043e\u0441\u0441\u0438\u0439\u0441\u043a\u0438\u0439 \u0433\u043e\u0434 \u043f\u0440\u0430\u0432 \u0447\u0435\u043b\u043e\u0432\u0435\u043a\u0430 \u041f\u0440\u043e\u0435\u043a\u0442 \u0438\u043d\u0444\u043e\u0440\u043c\u0438\u0440\u0443\u0435\u0442 \u043d\u0435\u043c\u0435\u0446\u043a\u043e\u0435 \u043e\u0431\u0449\u0435\u0441\u0442\u0432\u043e,\u00a0 \u0432 \u0442\u043e\u043c \u0447\u0438\u0441\u043b\u0435 \u0435\u0433\u043e \u0440\u0443\u0441\u0441\u043a\u043e\u044f\u0437\u044b\u0447\u043d\u0443\u044e \u0447\u0430\u0441\u0442\u044c, \u043e \u0441\u0438\u0442\u0443\u0430\u0446\u0438\u0438 \u0441 \u0441\u043e\u0431\u043b\u044e\u0434\u0435\u043d\u0438\u0435\u043c \u043f\u0440\u0430\u0432 \u0447\u0435\u043b\u043e\u0432\u0435\u043a\u0430 \u0432 \u0420\u043e\u0441\u0441\u0438\u0438; \u0430 \u0440\u043e\u0441\u0441\u0438\u044f\u043d - \u043e \u0441\u0438\u0442\u0443\u0430\u0446\u0438\u0438 \u0432 \u044d\u0442\u043e\u0439 \u043e\u0431\u043b\u0430\u0441\u0442\u0438 \u0432 \u0413\u0435\u0440\u043c\u0430\u043d\u0438\u0438. \u0420\u0435\u0430\u043b\u0438\u0437\u0443\u0435\u0442\u0441\u044f \u043f\u0440\u0438 \u0443\u0447\u0430\u0441\u0442\u0438\u0438 \u0440\u043e\u0441\u0441\u0438\u0439\u0441\u043a\u043e\u0433\u043e \u043f\u0440\u0430\u0432\u043e\u0437\u0430\u0449\u0438\u0442\u043d\u043e\u0433\u043e \u0446\u0435\u043d\u0442\u0440\u0430 \u201c\u041c\u0435\u043c\u043e\u0440\u0438\u0430\u043b\u201d \u0438 \u0424\u043e\u0440\u0443\u043c\u0430 \u0440\u0443\u0441\u0441\u043a\u043e\u044f\u0437\u044b\u0447\u043d\u044b\u0445 \u0435\u0432\u0440\u043e\u043f\u0435\u0439\u0446\u0435\u0432, \u0430 \u0442\u0430\u043a\u0436\u0435 \u043f\u0440\u0438 \u043f\u043e\u0434\u0434\u0435\u0440\u0436\u043a\u0435 \u0433\u0435\u0440\u043c\u0430\u043d\u0441\u043a\u043e\u0433\u043e \u041c\u0418\u0414\u0430.","sameAs":["https:\/\/www.human-rights-year.com"],"url":"https:\/\/www.human-rights-year.com\/de\/author\/humanrightsyear\/"}]}},"_links":{"self":[{"href":"https:\/\/www.human-rights-year.com\/de\/wp-json\/wp\/v2\/posts\/2372"}],"collection":[{"href":"https:\/\/www.human-rights-year.com\/de\/wp-json\/wp\/v2\/posts"}],"about":[{"href":"https:\/\/www.human-rights-year.com\/de\/wp-json\/wp\/v2\/types\/post"}],"author":[{"embeddable":true,"href":"https:\/\/www.human-rights-year.com\/de\/wp-json\/wp\/v2\/users\/1"}],"replies":[{"embeddable":true,"href":"https:\/\/www.human-rights-year.com\/de\/wp-json\/wp\/v2\/comments?post=2372"}],"version-history":[{"count":0,"href":"https:\/\/www.human-rights-year.com\/de\/wp-json\/wp\/v2\/posts\/2372\/revisions"}],"wp:featuredmedia":[{"embeddable":true,"href":"https:\/\/www.human-rights-year.com\/de\/wp-json\/wp\/v2\/media\/2370"}],"wp:attachment":[{"href":"https:\/\/www.human-rights-year.com\/de\/wp-json\/wp\/v2\/media?parent=2372"}],"wp:term":[{"taxonomy":"category","embeddable":true,"href":"https:\/\/www.human-rights-year.com\/de\/wp-json\/wp\/v2\/categories?post=2372"},{"taxonomy":"post_tag","embeddable":true,"href":"https:\/\/www.human-rights-year.com\/de\/wp-json\/wp\/v2\/tags?post=2372"}],"curies":[{"name":"wp","href":"https:\/\/api.w.org\/{rel}","templated":true}]}}