{"id":2334,"date":"2019-11-06T17:30:29","date_gmt":"2019-11-06T16:30:29","guid":{"rendered":"https:\/\/www.human-rights-year.com\/?p=2334"},"modified":"2019-11-19T08:53:19","modified_gmt":"2019-11-19T07:53:19","slug":"das-siebte-treffen-in-einer-reihe-der-vortraege-ueber-menschenrechte-in-russland-findet-in-leipzig-statt","status":"publish","type":"post","link":"https:\/\/www.human-rights-year.com\/de\/2019\/11\/06\/das-siebte-treffen-in-einer-reihe-der-vortraege-ueber-menschenrechte-in-russland-findet-in-leipzig-statt\/","title":{"rendered":"Das siebte Treffen in einer Reihe der Vortr\u00e4ge \u00fcber Menschenrechte in Russland fand in Leipzig statt"},"content":{"rendered":"<p>Das siebte Treffen in einer Reihe der Vortr\u00e4ge \u00fcber Menschenrechte in Russland fand am 6. November 2019 in Leipzig statt.<\/p>\n<p>In der &#8222;Alten B\u00f6rse&#8220; trafen sich MenschenrechtsaktivistInnen, JournalistInnen und Kulturschaffende. Der Soziologe Igor Eidman moderierte den Abend. Die Sitzung fand in Russisch statt.<\/p>\n<p>Die Fragen der Anwesenden im Saal beantworteten der Historiker und Menschenrechtsaktivist Sergej Davydis, die Politikerin Julia Galyamina, der Journalist Nikolai Rudensky, der Menschenrechtsaktivist Dmitri Piskunow, der Dichter und Publizist Lev Rubinstein und der ehemalige politische Gefangene Alexej Polichowitsch.<\/p>\n<p>&nbsp;<\/p>\n<p><strong>Politik und Propaganda<\/strong><\/p>\n<p>Die Politikerin Yulia Galyamina sprach dar\u00fcber, wie sie Unterschriften f\u00fcr ihre Kandidatur sammelte und welche Intrigen die Beh\u00f6rden aufbauten, um diese Unterschriften nicht zu erkennen. Sie sagte auch, dass nach den Ergebnissen des &#8222;Smart Voting&#8220; die Zahl der Oppositionsabgeordneten in ihrem Gebiet von 1 auf 17 gestiegen sei und es eine wichtige Gelegenheit sei, viel Einfluss zu nehmen, wie beispielsweise auf den Regionalhaushalt.<\/p>\n<p>Der Journalist Nikolai Rudensky, Experte f\u00fcr Propagandastudien, erz\u00e4hlte \u00fcber die Geschichte der unabh\u00e4ngigen Medienentwicklung nach dem Zusammenbruch der UdSSR und den umgekehrten Prozess &#8211; Unterdr\u00fcckung freier Medien und Auferstehung der Propaganda mit dem Machtantritt Putins in Russland. Er beschrieb die Werkzeuge der modernen Informationsrepression, z.B. erw\u00e4hnte er das Blockieren von Websites. Der Experte stellte auch fest, dass die wichtigste Propagandastimme in der Russischen F\u00f6deration immer noch das Fernsehen ist. Allerdings haben junge und Menschen mittleren Alters in Russland schon darauf umgestellt, Informationen aus dem Internet zu erhalten.<\/p>\n<p>&nbsp;<\/p>\n<p><strong>Strafkolonie f\u00fcr Ber\u00fchren und nichts f\u00fcr Foltern<\/strong><\/p>\n<p>Der Mitarbeiter der Ressource OVD-Info und der ehemalige politische Gefangene Alexej Polichowitsch berichtete \u00fcber den &#8222;Fall Bolotnaja&#8220;, in dem er verurteilt wurde und wegen Teilnahme an den Protesten 2013 ins Gef\u00e4ngnis kam. Alexej besch\u00fctzte einen Mann, der von einem Polizisten geschlagen worden war, und packte den Polizisten an dem Arm. F\u00fcr das &#8222;Leiden&#8220; des Polizisten erhielt der junge Mann 3,5 Jahre Gef\u00e4ngnis. Herr Polichowitsch erkl\u00e4rte, dass noch heute die Tendenz zunimmt, die DemonstrantInnen f\u00fcr die unbedeutendsten Dinge ins Gef\u00e4ngnis zu stecken (den Helm des Polizisten ber\u00fchrt, seine Hand ber\u00fchrt, eine leere Plastikflasche geworfen und niemanden getroffen).<\/p>\n<p>Der im Nordkaukasus t\u00e4tige Menschenrechtsaktivist Dmitri Piskunow sagte, dass Foltern im Mittelalter nicht geblieben sei, es werde in allen Regionen Russlands aktiv eingesetzt und f\u00fcr verschiedene Zwecke verwendet. Normalerweise wird Folter verwendet, um Menschen dazu zu bringen, Verbrechen zu gestehen. Etwa 70% der Folterungen sind &#8222;normale&#8220; Schl\u00e4ge mit H\u00e4nden und F\u00fc\u00dfen, Bindung und Verwendung von elektrischem Strom. In den restlichen 30 Prozent der F\u00e4lle sind die Strafverfolgungsbeamten jedoch einfallsreich und foltern B\u00fcrger mit ausgefeilteren Methoden, wie der so genannten &#8222;Die pal\u00e4stinensische Erh\u00e4ngung&#8220;. Es gibt auch eine &#8222;Folter-Mode&#8220;, die bei den russischen Sicherheitskr\u00e4ften beobachtet wird. Zum Beispiel sagte Herr Piskunow, dass es F\u00e4lle gab, in denen Krasnodar-Polizisten Folterungen aus dem Gef\u00e4ngnis von Abu Ghraib wiederholten, von denen sie in den Nachrichten aus Amerika h\u00f6rten.<\/p>\n<p>Der Menschenrechtsverteidiger sprach auch dar\u00fcber, wie seine Arbeit im Kampf gegen polizeiliche Gewalt durchgef\u00fchrt wird, wie die Aussagen der Opfer verarbeitet werden, wie Verwandte befragt werden und wie lange und oft sie f\u00fcr die Abschaffung der Verweigerung der Er\u00f6ffnung von Strafverfahren ohne Erfolg k\u00e4mpfen m\u00fcssen. H\u00e4ufig schreiben Anw\u00e4lte 20-30 Antr\u00e4ge, bevor das Strafverfahren l\u00e4uft.<\/p>\n<p>&nbsp;<\/p>\n<p><strong>Respektieren Sie Ihre Verfassung<\/strong><\/p>\n<p>Sergej Davydis, ein Anwalt und Menschenrechtsaktivist bei &#8222;Memorial&#8220;, sagte, dass die Existenz politischer Unterdr\u00fcckung eine unvermeidliche Folge des autorit\u00e4ren Systems sei. Der Menschenrechtsverteidiger erz\u00e4hlte \u00fcber m\u00f6gliche Arten von Repressalien, \u00fcber die Wirksamkeit von &#8222;Stich&#8220;-Repressionen sowie \u00fcber die Verfolgung bestimmter Personen, nur um bestimmte Propagandathesen des Staates zu unterst\u00fctzen. Als Beispiel gab es F\u00e4lle gegen Ukrainer, die wegen angeblicher Beteiligung am Krieg in Tschetschenien verfolgt wurden, den Fall eines Vertreters des &#8222;rechten Sektors&#8220; sowie den Fall gegen einen Ukrainer, der etwas gegen einen Mitarbeiter von Berkut warf, der sp\u00e4ter auf die Krim zog und B\u00fcrger Russlands wurde. Herr Davydis sprach auch \u00fcber andere hochkar\u00e4tige F\u00e4lle und Trends bei der Anwendung repressiver Gesetzesartikel im modernen Russland. Die F\u00e4lle von Eldar Dadin und Konstantin Kotov wurden erw\u00e4hnt.<\/p>\n<p>Sergej Davydis erw\u00e4hnte auch die Kriminalisierung von Diskussionen und Forderungen, die Integrit\u00e4t der Russischen F\u00f6deration zu verletzen, auch wenn es sich um eine Diskussion \u00fcber friedliche politische Ver\u00e4nderungen handelt. Der baschkirische Publizist Arap Delmukhametov zum Beispiel befindet sich nach einem solchen Artikel in Haft. Er schlug nur vor, f\u00f6derale Vereinbarungen mit den Republiken Russlands \u00fcber mehr demokratische Grunds\u00e4tze neu zu verhandeln und wurde verhaftet.<\/p>\n<p>Der Dichter und Publizist Lev Rubinstein sagte, dass die sowjetischen Dessidente ihre Menschenrechtsbewegung nicht f\u00fcr politisch, sondern ausschlie\u00dflich f\u00fcr moralisch halten. Er erinnerte an den Hauptslogan der damaligen Menschenrechtsverteidiger &#8222;Respektieren Sie Ihre Verfassung!&#8220;<\/p>\n<p>Herr Rubinstein betonte, dass er noch nie ein Menschenrechtsverteidiger im wahrsten Sinne des Wortes gewesen sei. Er nannte sich &#8222;kein K\u00e4mpfer, sondern ein Zeuge und Diagnostiker&#8220; der sozialen und kulturellen Pathologie der heutigen Zeit.<\/p>\n<p>&nbsp;<\/p>\n<p>Es wurde gestreamt<\/p>\n<p>&nbsp;<\/p>\n<p><iframe loading=\"lazy\" src=\"https:\/\/www.youtube.com\/embed\/b6ALekw3haU\" width=\"560\" height=\"315\" frameborder=\"0\" allowfullscreen=\"allowfullscreen\" data-mce-fragment=\"1\"><\/iframe><\/p>\n<p>&nbsp;<\/p>\n<p>&nbsp;<\/p>\n<p>&nbsp;<\/p>\n","protected":false},"excerpt":{"rendered":"<p>Das siebte Treffen in einer Reihe der Vortr\u00e4ge \u00fcber Menschenrechte in Russland fand am 6. November 2019 in Leipzig statt. In der &#8222;Alten B\u00f6rse&#8220; trafen<\/p>\n","protected":false},"author":1,"featured_media":2379,"comment_status":"closed","ping_status":"open","sticky":false,"template":"","format":"standard","meta":[],"categories":[17],"tags":[],"yoast_head":"<!-- This site is optimized with the Yoast SEO plugin v19.4 - https:\/\/yoast.com\/wordpress\/plugins\/seo\/ -->\n<title>Das siebte Treffen in einer Reihe der Vortr\u00e4ge \u00fcber Menschenrechte in Russland fand in Leipzig statt - Europ\u00e4ischer Menschenrechtsdialog<\/title>\n<meta name=\"description\" content=\"Das siebte Treffen in einer Reihe der Vortr\u00e4ge \u00fcber Menschenrechte in Russland findet am 6. November 2019 in Leipzig statt.\" \/>\n<meta name=\"robots\" content=\"index, follow, max-snippet:-1, max-image-preview:large, max-video-preview:-1\" \/>\n<link rel=\"canonical\" href=\"https:\/\/www.human-rights-year.com\/de\/2019\/11\/06\/das-siebte-treffen-in-einer-reihe-der-vortraege-ueber-menschenrechte-in-russland-findet-in-leipzig-statt\/\" \/>\n<meta property=\"og:locale\" content=\"de_DE\" \/>\n<meta property=\"og:type\" content=\"article\" \/>\n<meta property=\"og:title\" content=\"Das siebte Treffen in einer Reihe der Vortr\u00e4ge \u00fcber Menschenrechte in Russland fand in Leipzig statt - Europ\u00e4ischer Menschenrechtsdialog\" \/>\n<meta property=\"og:description\" content=\"Das siebte Treffen in einer Reihe der Vortr\u00e4ge \u00fcber Menschenrechte in Russland findet am 6. November 2019 in Leipzig statt.\" \/>\n<meta property=\"og:url\" content=\"https:\/\/www.human-rights-year.com\/de\/2019\/11\/06\/das-siebte-treffen-in-einer-reihe-der-vortraege-ueber-menschenrechte-in-russland-findet-in-leipzig-statt\/\" \/>\n<meta property=\"og:site_name\" content=\"Europ\u00e4ischer Menschenrechtsdialog\" \/>\n<meta property=\"article:published_time\" content=\"2019-11-06T16:30:29+00:00\" \/>\n<meta property=\"article:modified_time\" content=\"2019-11-19T07:53:19+00:00\" \/>\n<meta property=\"og:image\" content=\"https:\/\/www.human-rights-year.com\/wp-content\/uploads\/2019\/11\/ggt.jpg\" \/>\n\t<meta property=\"og:image:width\" content=\"1920\" \/>\n\t<meta property=\"og:image:height\" content=\"1440\" \/>\n\t<meta property=\"og:image:type\" content=\"image\/jpeg\" \/>\n<meta name=\"author\" content=\"Human Rights Year\" \/>\n<meta name=\"twitter:card\" content=\"summary_large_image\" \/>\n<meta name=\"twitter:label1\" content=\"Verfasst von\" \/>\n\t<meta name=\"twitter:data1\" content=\"Human Rights Year\" \/>\n\t<meta name=\"twitter:label2\" content=\"Gesch\u00e4tzte Lesezeit\" \/>\n\t<meta name=\"twitter:data2\" content=\"4\u00a0Minuten\" \/>\n<script type=\"application\/ld+json\" class=\"yoast-schema-graph\">{\"@context\":\"https:\/\/schema.org\",\"@graph\":[{\"@type\":\"WebSite\",\"@id\":\"https:\/\/www.human-rights-year.com\/#website\",\"url\":\"https:\/\/www.human-rights-year.com\/\",\"name\":\"\u0415\u0432\u0440\u043e\u043f\u0435\u0439\u0441\u043a\u0438\u0439 \u043f\u0440\u0430\u0432\u043e\u0437\u0430\u0449\u0438\u0442\u043d\u044b\u0439 \u0434\u0438\u0430\u043b\u043e\u0433\",\"description\":\" \",\"potentialAction\":[{\"@type\":\"SearchAction\",\"target\":{\"@type\":\"EntryPoint\",\"urlTemplate\":\"https:\/\/www.human-rights-year.com\/?s={search_term_string}\"},\"query-input\":\"required name=search_term_string\"}],\"inLanguage\":\"de\"},{\"@type\":\"WebPage\",\"@id\":\"https:\/\/www.human-rights-year.com\/de\/2019\/11\/06\/das-siebte-treffen-in-einer-reihe-der-vortraege-ueber-menschenrechte-in-russland-findet-in-leipzig-statt\/\",\"url\":\"https:\/\/www.human-rights-year.com\/de\/2019\/11\/06\/das-siebte-treffen-in-einer-reihe-der-vortraege-ueber-menschenrechte-in-russland-findet-in-leipzig-statt\/\",\"name\":\"Das siebte Treffen in einer Reihe der Vortr\u00e4ge \u00fcber Menschenrechte in Russland fand in Leipzig statt - Europ\u00e4ischer Menschenrechtsdialog\",\"isPartOf\":{\"@id\":\"https:\/\/www.human-rights-year.com\/#website\"},\"datePublished\":\"2019-11-06T16:30:29+00:00\",\"dateModified\":\"2019-11-19T07:53:19+00:00\",\"author\":{\"@id\":\"https:\/\/www.human-rights-year.com\/#\/schema\/person\/54d85daa1545786aba6f5320df79bb4c\"},\"description\":\"Das siebte Treffen in einer Reihe der Vortr\u00e4ge \u00fcber Menschenrechte in Russland findet am 6. November 2019 in Leipzig statt.\",\"breadcrumb\":{\"@id\":\"https:\/\/www.human-rights-year.com\/de\/2019\/11\/06\/das-siebte-treffen-in-einer-reihe-der-vortraege-ueber-menschenrechte-in-russland-findet-in-leipzig-statt\/#breadcrumb\"},\"inLanguage\":\"de\",\"potentialAction\":[{\"@type\":\"ReadAction\",\"target\":[\"https:\/\/www.human-rights-year.com\/de\/2019\/11\/06\/das-siebte-treffen-in-einer-reihe-der-vortraege-ueber-menschenrechte-in-russland-findet-in-leipzig-statt\/\"]}]},{\"@type\":\"BreadcrumbList\",\"@id\":\"https:\/\/www.human-rights-year.com\/de\/2019\/11\/06\/das-siebte-treffen-in-einer-reihe-der-vortraege-ueber-menschenrechte-in-russland-findet-in-leipzig-statt\/#breadcrumb\",\"itemListElement\":[{\"@type\":\"ListItem\",\"position\":1,\"name\":\"\u0413\u043b\u0430\u0432\u043d\u0430\u044f \u0441\u0442\u0440\u0430\u043d\u0438\u0446\u0430\",\"item\":\"https:\/\/www.human-rights-year.com\/de\/\"},{\"@type\":\"ListItem\",\"position\":2,\"name\":\"Das siebte Treffen in einer Reihe der Vortr\u00e4ge \u00fcber Menschenrechte in Russland fand in Leipzig statt\"}]},{\"@type\":\"Person\",\"@id\":\"https:\/\/www.human-rights-year.com\/#\/schema\/person\/54d85daa1545786aba6f5320df79bb4c\",\"name\":\"Human Rights Year\",\"image\":{\"@type\":\"ImageObject\",\"inLanguage\":\"de\",\"@id\":\"https:\/\/www.human-rights-year.com\/#\/schema\/person\/image\/\",\"url\":\"https:\/\/secure.gravatar.com\/avatar\/685b0e722b7b569d9169f933abfd5f26?s=96&d=mm&r=g\",\"contentUrl\":\"https:\/\/secure.gravatar.com\/avatar\/685b0e722b7b569d9169f933abfd5f26?s=96&d=mm&r=g\",\"caption\":\"Human Rights Year\"},\"description\":\"\u041d\u0435\u043c\u0435\u0446\u043a\u043e - \u0440\u043e\u0441\u0441\u0438\u0439\u0441\u043a\u0438\u0439 \u0433\u043e\u0434 \u043f\u0440\u0430\u0432 \u0447\u0435\u043b\u043e\u0432\u0435\u043a\u0430 \u041f\u0440\u043e\u0435\u043a\u0442 \u0438\u043d\u0444\u043e\u0440\u043c\u0438\u0440\u0443\u0435\u0442 \u043d\u0435\u043c\u0435\u0446\u043a\u043e\u0435 \u043e\u0431\u0449\u0435\u0441\u0442\u0432\u043e,\u00a0 \u0432 \u0442\u043e\u043c \u0447\u0438\u0441\u043b\u0435 \u0435\u0433\u043e \u0440\u0443\u0441\u0441\u043a\u043e\u044f\u0437\u044b\u0447\u043d\u0443\u044e \u0447\u0430\u0441\u0442\u044c, \u043e \u0441\u0438\u0442\u0443\u0430\u0446\u0438\u0438 \u0441 \u0441\u043e\u0431\u043b\u044e\u0434\u0435\u043d\u0438\u0435\u043c \u043f\u0440\u0430\u0432 \u0447\u0435\u043b\u043e\u0432\u0435\u043a\u0430 \u0432 \u0420\u043e\u0441\u0441\u0438\u0438; \u0430 \u0440\u043e\u0441\u0441\u0438\u044f\u043d - \u043e \u0441\u0438\u0442\u0443\u0430\u0446\u0438\u0438 \u0432 \u044d\u0442\u043e\u0439 \u043e\u0431\u043b\u0430\u0441\u0442\u0438 \u0432 \u0413\u0435\u0440\u043c\u0430\u043d\u0438\u0438. \u0420\u0435\u0430\u043b\u0438\u0437\u0443\u0435\u0442\u0441\u044f \u043f\u0440\u0438 \u0443\u0447\u0430\u0441\u0442\u0438\u0438 \u0440\u043e\u0441\u0441\u0438\u0439\u0441\u043a\u043e\u0433\u043e \u043f\u0440\u0430\u0432\u043e\u0437\u0430\u0449\u0438\u0442\u043d\u043e\u0433\u043e \u0446\u0435\u043d\u0442\u0440\u0430 \u201c\u041c\u0435\u043c\u043e\u0440\u0438\u0430\u043b\u201d \u0438 \u0424\u043e\u0440\u0443\u043c\u0430 \u0440\u0443\u0441\u0441\u043a\u043e\u044f\u0437\u044b\u0447\u043d\u044b\u0445 \u0435\u0432\u0440\u043e\u043f\u0435\u0439\u0446\u0435\u0432, \u0430 \u0442\u0430\u043a\u0436\u0435 \u043f\u0440\u0438 \u043f\u043e\u0434\u0434\u0435\u0440\u0436\u043a\u0435 \u0433\u0435\u0440\u043c\u0430\u043d\u0441\u043a\u043e\u0433\u043e \u041c\u0418\u0414\u0430.\",\"sameAs\":[\"https:\/\/www.human-rights-year.com\"],\"url\":\"https:\/\/www.human-rights-year.com\/de\/author\/humanrightsyear\/\"}]}<\/script>\n<!-- \/ Yoast SEO plugin. -->","yoast_head_json":{"title":"Das siebte Treffen in einer Reihe der Vortr\u00e4ge \u00fcber Menschenrechte in Russland fand in Leipzig statt - Europ\u00e4ischer Menschenrechtsdialog","description":"Das siebte Treffen in einer Reihe der Vortr\u00e4ge \u00fcber Menschenrechte in Russland findet am 6. November 2019 in Leipzig statt.","robots":{"index":"index","follow":"follow","max-snippet":"max-snippet:-1","max-image-preview":"max-image-preview:large","max-video-preview":"max-video-preview:-1"},"canonical":"https:\/\/www.human-rights-year.com\/de\/2019\/11\/06\/das-siebte-treffen-in-einer-reihe-der-vortraege-ueber-menschenrechte-in-russland-findet-in-leipzig-statt\/","og_locale":"de_DE","og_type":"article","og_title":"Das siebte Treffen in einer Reihe der Vortr\u00e4ge \u00fcber Menschenrechte in Russland fand in Leipzig statt - Europ\u00e4ischer Menschenrechtsdialog","og_description":"Das siebte Treffen in einer Reihe der Vortr\u00e4ge \u00fcber Menschenrechte in Russland findet am 6. November 2019 in Leipzig statt.","og_url":"https:\/\/www.human-rights-year.com\/de\/2019\/11\/06\/das-siebte-treffen-in-einer-reihe-der-vortraege-ueber-menschenrechte-in-russland-findet-in-leipzig-statt\/","og_site_name":"Europ\u00e4ischer Menschenrechtsdialog","article_published_time":"2019-11-06T16:30:29+00:00","article_modified_time":"2019-11-19T07:53:19+00:00","og_image":[{"width":1920,"height":1440,"url":"https:\/\/www.human-rights-year.com\/wp-content\/uploads\/2019\/11\/ggt.jpg","type":"image\/jpeg"}],"author":"Human Rights Year","twitter_card":"summary_large_image","twitter_misc":{"Verfasst von":"Human Rights Year","Gesch\u00e4tzte Lesezeit":"4\u00a0Minuten"},"schema":{"@context":"https:\/\/schema.org","@graph":[{"@type":"WebSite","@id":"https:\/\/www.human-rights-year.com\/#website","url":"https:\/\/www.human-rights-year.com\/","name":"\u0415\u0432\u0440\u043e\u043f\u0435\u0439\u0441\u043a\u0438\u0439 \u043f\u0440\u0430\u0432\u043e\u0437\u0430\u0449\u0438\u0442\u043d\u044b\u0439 \u0434\u0438\u0430\u043b\u043e\u0433","description":" ","potentialAction":[{"@type":"SearchAction","target":{"@type":"EntryPoint","urlTemplate":"https:\/\/www.human-rights-year.com\/?s={search_term_string}"},"query-input":"required name=search_term_string"}],"inLanguage":"de"},{"@type":"WebPage","@id":"https:\/\/www.human-rights-year.com\/de\/2019\/11\/06\/das-siebte-treffen-in-einer-reihe-der-vortraege-ueber-menschenrechte-in-russland-findet-in-leipzig-statt\/","url":"https:\/\/www.human-rights-year.com\/de\/2019\/11\/06\/das-siebte-treffen-in-einer-reihe-der-vortraege-ueber-menschenrechte-in-russland-findet-in-leipzig-statt\/","name":"Das siebte Treffen in einer Reihe der Vortr\u00e4ge \u00fcber Menschenrechte in Russland fand in Leipzig statt - Europ\u00e4ischer Menschenrechtsdialog","isPartOf":{"@id":"https:\/\/www.human-rights-year.com\/#website"},"datePublished":"2019-11-06T16:30:29+00:00","dateModified":"2019-11-19T07:53:19+00:00","author":{"@id":"https:\/\/www.human-rights-year.com\/#\/schema\/person\/54d85daa1545786aba6f5320df79bb4c"},"description":"Das siebte Treffen in einer Reihe der Vortr\u00e4ge \u00fcber Menschenrechte in Russland findet am 6. November 2019 in Leipzig statt.","breadcrumb":{"@id":"https:\/\/www.human-rights-year.com\/de\/2019\/11\/06\/das-siebte-treffen-in-einer-reihe-der-vortraege-ueber-menschenrechte-in-russland-findet-in-leipzig-statt\/#breadcrumb"},"inLanguage":"de","potentialAction":[{"@type":"ReadAction","target":["https:\/\/www.human-rights-year.com\/de\/2019\/11\/06\/das-siebte-treffen-in-einer-reihe-der-vortraege-ueber-menschenrechte-in-russland-findet-in-leipzig-statt\/"]}]},{"@type":"BreadcrumbList","@id":"https:\/\/www.human-rights-year.com\/de\/2019\/11\/06\/das-siebte-treffen-in-einer-reihe-der-vortraege-ueber-menschenrechte-in-russland-findet-in-leipzig-statt\/#breadcrumb","itemListElement":[{"@type":"ListItem","position":1,"name":"\u0413\u043b\u0430\u0432\u043d\u0430\u044f \u0441\u0442\u0440\u0430\u043d\u0438\u0446\u0430","item":"https:\/\/www.human-rights-year.com\/de\/"},{"@type":"ListItem","position":2,"name":"Das siebte Treffen in einer Reihe der Vortr\u00e4ge \u00fcber Menschenrechte in Russland fand in Leipzig statt"}]},{"@type":"Person","@id":"https:\/\/www.human-rights-year.com\/#\/schema\/person\/54d85daa1545786aba6f5320df79bb4c","name":"Human Rights Year","image":{"@type":"ImageObject","inLanguage":"de","@id":"https:\/\/www.human-rights-year.com\/#\/schema\/person\/image\/","url":"https:\/\/secure.gravatar.com\/avatar\/685b0e722b7b569d9169f933abfd5f26?s=96&d=mm&r=g","contentUrl":"https:\/\/secure.gravatar.com\/avatar\/685b0e722b7b569d9169f933abfd5f26?s=96&d=mm&r=g","caption":"Human Rights Year"},"description":"\u041d\u0435\u043c\u0435\u0446\u043a\u043e - \u0440\u043e\u0441\u0441\u0438\u0439\u0441\u043a\u0438\u0439 \u0433\u043e\u0434 \u043f\u0440\u0430\u0432 \u0447\u0435\u043b\u043e\u0432\u0435\u043a\u0430 \u041f\u0440\u043e\u0435\u043a\u0442 \u0438\u043d\u0444\u043e\u0440\u043c\u0438\u0440\u0443\u0435\u0442 \u043d\u0435\u043c\u0435\u0446\u043a\u043e\u0435 \u043e\u0431\u0449\u0435\u0441\u0442\u0432\u043e,\u00a0 \u0432 \u0442\u043e\u043c \u0447\u0438\u0441\u043b\u0435 \u0435\u0433\u043e \u0440\u0443\u0441\u0441\u043a\u043e\u044f\u0437\u044b\u0447\u043d\u0443\u044e \u0447\u0430\u0441\u0442\u044c, \u043e \u0441\u0438\u0442\u0443\u0430\u0446\u0438\u0438 \u0441 \u0441\u043e\u0431\u043b\u044e\u0434\u0435\u043d\u0438\u0435\u043c \u043f\u0440\u0430\u0432 \u0447\u0435\u043b\u043e\u0432\u0435\u043a\u0430 \u0432 \u0420\u043e\u0441\u0441\u0438\u0438; \u0430 \u0440\u043e\u0441\u0441\u0438\u044f\u043d - \u043e \u0441\u0438\u0442\u0443\u0430\u0446\u0438\u0438 \u0432 \u044d\u0442\u043e\u0439 \u043e\u0431\u043b\u0430\u0441\u0442\u0438 \u0432 \u0413\u0435\u0440\u043c\u0430\u043d\u0438\u0438. \u0420\u0435\u0430\u043b\u0438\u0437\u0443\u0435\u0442\u0441\u044f \u043f\u0440\u0438 \u0443\u0447\u0430\u0441\u0442\u0438\u0438 \u0440\u043e\u0441\u0441\u0438\u0439\u0441\u043a\u043e\u0433\u043e \u043f\u0440\u0430\u0432\u043e\u0437\u0430\u0449\u0438\u0442\u043d\u043e\u0433\u043e \u0446\u0435\u043d\u0442\u0440\u0430 \u201c\u041c\u0435\u043c\u043e\u0440\u0438\u0430\u043b\u201d \u0438 \u0424\u043e\u0440\u0443\u043c\u0430 \u0440\u0443\u0441\u0441\u043a\u043e\u044f\u0437\u044b\u0447\u043d\u044b\u0445 \u0435\u0432\u0440\u043e\u043f\u0435\u0439\u0446\u0435\u0432, \u0430 \u0442\u0430\u043a\u0436\u0435 \u043f\u0440\u0438 \u043f\u043e\u0434\u0434\u0435\u0440\u0436\u043a\u0435 \u0433\u0435\u0440\u043c\u0430\u043d\u0441\u043a\u043e\u0433\u043e \u041c\u0418\u0414\u0430.","sameAs":["https:\/\/www.human-rights-year.com"],"url":"https:\/\/www.human-rights-year.com\/de\/author\/humanrightsyear\/"}]}},"_links":{"self":[{"href":"https:\/\/www.human-rights-year.com\/de\/wp-json\/wp\/v2\/posts\/2334"}],"collection":[{"href":"https:\/\/www.human-rights-year.com\/de\/wp-json\/wp\/v2\/posts"}],"about":[{"href":"https:\/\/www.human-rights-year.com\/de\/wp-json\/wp\/v2\/types\/post"}],"author":[{"embeddable":true,"href":"https:\/\/www.human-rights-year.com\/de\/wp-json\/wp\/v2\/users\/1"}],"replies":[{"embeddable":true,"href":"https:\/\/www.human-rights-year.com\/de\/wp-json\/wp\/v2\/comments?post=2334"}],"version-history":[{"count":0,"href":"https:\/\/www.human-rights-year.com\/de\/wp-json\/wp\/v2\/posts\/2334\/revisions"}],"wp:featuredmedia":[{"embeddable":true,"href":"https:\/\/www.human-rights-year.com\/de\/wp-json\/wp\/v2\/media\/2379"}],"wp:attachment":[{"href":"https:\/\/www.human-rights-year.com\/de\/wp-json\/wp\/v2\/media?parent=2334"}],"wp:term":[{"taxonomy":"category","embeddable":true,"href":"https:\/\/www.human-rights-year.com\/de\/wp-json\/wp\/v2\/categories?post=2334"},{"taxonomy":"post_tag","embeddable":true,"href":"https:\/\/www.human-rights-year.com\/de\/wp-json\/wp\/v2\/tags?post=2334"}],"curies":[{"name":"wp","href":"https:\/\/api.w.org\/{rel}","templated":true}]}}