{"id":2261,"date":"2019-11-02T17:20:19","date_gmt":"2019-11-02T16:20:19","guid":{"rendered":"https:\/\/www.human-rights-year.com\/?p=2261"},"modified":"2019-11-13T08:39:41","modified_gmt":"2019-11-13T07:39:41","slug":"in-koeln-wird-ein-vortrag-ueber-die-menschenrechte-in-russland-gehalten","status":"publish","type":"post","link":"https:\/\/www.human-rights-year.com\/de\/2019\/11\/02\/in-koeln-wird-ein-vortrag-ueber-die-menschenrechte-in-russland-gehalten\/","title":{"rendered":"In K\u00f6ln wurde ein Vortrag \u00fcber die Menschenrechte in Russland gehalten"},"content":{"rendered":"<p>Das vierte Treffen aus der Reihe der Vortr\u00e4ge zum Thema Menschenrechte in Russland fand am 2. November 2019 in K\u00f6ln statt.<br \/>\nIn &#8222;Lew Kopelew Forum&#8220; sind MenschenrechtsaktivistInnen, JournalistInnen und Kulturschaffende zusammengekommen.<br \/>\nDie Sitzung wurde ins Deutsch \u00fcbersetzt.<br \/>\nDen Abend moderierte der Politologe Igor Eidman.<\/p>\n<p>Die Fragen der Anwesenden wurden von dem Menschenrechtler Sergej Davidis, der Politikerin Julia Galyamina, dem Historiker und Journalisten Nikolai Rudensky, dem Menschenrechtsaktivisten Dmitri Piskunov, dem Dichter und Publizisten Lev Rubinstein und dem ehemaligen politischen Gefangenen Alexei Polikhovitsch beantwortet.<\/p>\n<p>Julia Galyamina sagte, dass ihrer Meinung nach die Nichtbeteiligung der Opposition an realen politischen Aktivit\u00e4ten, n\u00e4mlich an den Wahlen, negative Auswirkungen auf die Situation in Russland hatte und sogar zur St\u00e4rkung autorit\u00e4rer Tendenzen f\u00fchrte. In den letzten 5-6 Jahren hat sich dies jedoch ge\u00e4ndert, da sich eine &#8222;neue Opposition&#8220; herausgebildet hat, die in die Regionalwahlen eingetreten ist und es geschafft hat, wenn auch nicht immer, in die reale Politik einzudringen und anf\u00e4ngt sie zu beeinflussen.<\/p>\n<p>Der ehemalige politische Gefangene, Alexej Polichowitsch, als er sich vorgestelt hat, hat zugegeben, dass obwohl er seit 4 Jahren auf freiem Fu\u00df ist, sich erst jetzt an das Pr\u00e4fix &#8222;ehemalig&#8220; f\u00fcr die Wortverbindung &#8222;politischer Gefangener&#8220; zu gew\u00f6hnen beginnt. Dann hat er die Details des &#8222;Bolotnaya Falls&#8220; mitgetgeteilt, in dem er vor Gericht gestanden hatte. Er hat z.B. die Tatsache erw\u00e4hnt, dass jedes Anfassen des Polizisten ein Grund sein k\u00f6nnte, eine Person ins Gef\u00e4ngnis zu stecken. In seinem Fall ergriff er die Hand eines Polizisten, der eine andere Person mit einem Kn\u00fcppel geschlagen hatte, woraufhin dieser vor Gericht bezeugte, dass er Schmerzen erlitten hatte und sein Arm davon rot wurde. Er &#8222;gestand&#8220; auch, dass er so viel gelitten hatte, dass er drei aufeinanderfolgende N\u00e4chte lang nicht mit seiner Frau schlafen konnte.<\/p>\n<p>Solche Details des Leidens des Polizisten verursachten Gel\u00e4chter im Raum, da F\u00e4lle von Gewalt gegen DemonstrantInnen, einschlie\u00dflich Knochenbr\u00fcche und Kopfverletzungen, \u00fcberhaupt nicht untersucht wurden. Es gab eine scherzhafte Klarstellung dar\u00fcber, &#8222;was der Aktivist eigentlich beim Polizisten angefasst hatte?&#8220;<\/p>\n<p>Der Historiker, Ethnograph und Journalist Nikolai Rudensky erz\u00e4hlte von den Zeiten, als er in den 90er Jahren Assistent der prominenten russischen Politikerin Galina Starowoitowa war, und sp\u00e4ter von seiner Arbeit in dem Medium Grani.ru. Er stellte fest, dass der Trend in Russland, unerw\u00fcnschte Medien im Internet zu blockieren, etwa 2014 mit dem Anschluss der Krim angefangen hat. Grani.ru scheint eine der ersten Medien gewesen zu sein, die im Internet verfolgt wurden.<\/p>\n<p>Herr Rudensky bemerkte, dass die Popularit\u00e4t des Fernsehens in Russland r\u00fcckl\u00e4ufig ist, vor allem bei jungen Menschen, aber das Internet ist keine v\u00f6llig freie Informationsquelle mehr, wie es fr\u00fcher war.<\/p>\n<p>Der Menschenrechtsverteidiger Dmitri Piskunov, der sich mit dem Thema Gewalt, Folter und Entf\u00fchrung im Kaukasus besch\u00e4ftigt, sprach \u00fcber das Format des &#8222;Integrierten mobilen Teams&#8220;, in der MenschenrechtsverteidigerInnen in der Region arbeiten. Das Format legt nahe, dass eine kleine Gruppe zum Arbeitsplatz kommt, dort etwa einen Monat verbringt und dann geht. Sie werden durch andere Menschen ersetzt. Mit dieser Form der Arbeit ist es schwieriger, Druck auf MenschenrechtsverteidigerInnen auszu\u00fcben, obwohl es immer noch unm\u00f6glich ist, Inhaftierungen, Drohungen und andere Druckmittel vollst\u00e4ndig zu vermeiden.<\/p>\n<p>Der Dichter und Publizist Lev Rubinstein hat seine Gef\u00fchle f\u00fcr das moderne Moskau beschrieben und es mit &#8222;Paris in den Jahren der Besatzung&#8220; verglichen: Die Caf\u00e9s funktionieren, das Abendleben hat nicht aufgeh\u00f6rt, die Menschen haben Spa\u00df, aber &#8222;die Besatzungstruppen laufen durch die Stadt&#8220;.<\/p>\n<p>Die ReferentInnen beantworteten zahlreiche Fragen zum Thema aus dem Publikum, sowohl von russischsprachigen als auch von deutschsprachigen ZuschauerInnen.<\/p>\n<p>&nbsp;<\/p>\n<p><iframe loading=\"lazy\" src=\"https:\/\/www.youtube.com\/embed\/05h_1n-iY2o\" width=\"560\" height=\"315\" frameborder=\"0\" allowfullscreen=\"allowfullscreen\" data-mce-fragment=\"1\"><\/iframe><\/p>\n<p>&nbsp;<\/p>\n<p><iframe loading=\"lazy\" src=\"https:\/\/www.youtube.com\/embed\/1a4Auup7-0Q\" width=\"560\" height=\"315\" frameborder=\"0\" allowfullscreen=\"allowfullscreen\" data-mce-fragment=\"1\"><\/iframe><\/p>\n<p>&nbsp;<\/p>\n<p><iframe loading=\"lazy\" src=\"https:\/\/www.youtube.com\/embed\/R4YvnxoC3wc\" width=\"560\" height=\"315\" frameborder=\"0\" allowfullscreen=\"allowfullscreen\" data-mce-fragment=\"1\"><\/iframe><\/p>\n<p>&nbsp;<\/p>\n<p><iframe loading=\"lazy\" src=\"https:\/\/www.youtube.com\/embed\/7ZCcfi0x3SE\" width=\"560\" height=\"315\" frameborder=\"0\" allowfullscreen=\"allowfullscreen\" data-mce-fragment=\"1\"><\/iframe><\/p>\n<p>&nbsp;<\/p>\n<p><iframe loading=\"lazy\" src=\"https:\/\/www.youtube.com\/embed\/DgAtbJibFSc\" width=\"560\" height=\"315\" frameborder=\"0\" allowfullscreen=\"allowfullscreen\" data-mce-fragment=\"1\"><\/iframe><\/p>\n<p>&nbsp;<\/p>\n<p><iframe loading=\"lazy\" src=\"https:\/\/www.youtube.com\/embed\/7nTQ3ydn00k\" width=\"560\" height=\"315\" frameborder=\"0\" allowfullscreen=\"allowfullscreen\" data-mce-fragment=\"1\"><\/iframe><\/p>\n<p>&nbsp;<\/p>\n<p><iframe loading=\"lazy\" src=\"https:\/\/www.youtube.com\/embed\/4DBQ7yP6Nj4\" width=\"560\" height=\"315\" frameborder=\"0\" allowfullscreen=\"allowfullscreen\" data-mce-fragment=\"1\"><\/iframe><\/p>\n<p>&nbsp;<\/p>\n<p><iframe loading=\"lazy\" src=\"https:\/\/www.youtube.com\/embed\/iutdj3A6R2U\" width=\"560\" height=\"315\" frameborder=\"0\" allowfullscreen=\"allowfullscreen\" data-mce-fragment=\"1\"><\/iframe><\/p>\n<p>&nbsp;<\/p>\n<p>Foto \u00a9 Lew Kopelew Forum e.V.<\/p>\n","protected":false},"excerpt":{"rendered":"<p>Das vierte Treffen aus der Reihe der Vortr\u00e4ge zum Thema Menschenrechte in Russland fand am 2. November 2019 in K\u00f6ln statt. In &#8222;Lew Kopelew Forum&#8220;<\/p>\n","protected":false},"author":1,"featured_media":2266,"comment_status":"closed","ping_status":"open","sticky":false,"template":"","format":"standard","meta":[],"categories":[17],"tags":[],"yoast_head":"<!-- This site is optimized with the Yoast SEO plugin v19.4 - https:\/\/yoast.com\/wordpress\/plugins\/seo\/ -->\n<title>In K\u00f6ln wurde ein Vortrag \u00fcber die Menschenrechte in Russland gehalten - Europ\u00e4ischer Menschenrechtsdialog<\/title>\n<meta name=\"description\" content=\"Das vierte Treffen aus der Reihe der Vortr\u00e4ge zum Thema Menschenrechte in Russland findet am 2. November 2019 in K\u00f6ln statt.In &quot;Lew Kopelew Forum&quot; kamen MenschenrechtsaktivistInnen, JournalistInnen und Kulturschaffende zusammen.\" \/>\n<meta name=\"robots\" content=\"index, follow, max-snippet:-1, max-image-preview:large, max-video-preview:-1\" \/>\n<link rel=\"canonical\" href=\"https:\/\/www.human-rights-year.com\/de\/2019\/11\/02\/in-koeln-wird-ein-vortrag-ueber-die-menschenrechte-in-russland-gehalten\/\" \/>\n<meta property=\"og:locale\" content=\"de_DE\" \/>\n<meta property=\"og:type\" content=\"article\" \/>\n<meta property=\"og:title\" content=\"In K\u00f6ln wurde ein Vortrag \u00fcber die Menschenrechte in Russland gehalten - Europ\u00e4ischer Menschenrechtsdialog\" \/>\n<meta property=\"og:description\" content=\"Das vierte Treffen aus der Reihe der Vortr\u00e4ge zum Thema Menschenrechte in Russland findet am 2. November 2019 in K\u00f6ln statt.In &quot;Lew Kopelew Forum&quot; kamen MenschenrechtsaktivistInnen, JournalistInnen und Kulturschaffende zusammen.\" \/>\n<meta property=\"og:url\" content=\"https:\/\/www.human-rights-year.com\/de\/2019\/11\/02\/in-koeln-wird-ein-vortrag-ueber-die-menschenrechte-in-russland-gehalten\/\" \/>\n<meta property=\"og:site_name\" content=\"Europ\u00e4ischer Menschenrechtsdialog\" \/>\n<meta property=\"article:published_time\" content=\"2019-11-02T16:20:19+00:00\" \/>\n<meta property=\"article:modified_time\" content=\"2019-11-13T07:39:41+00:00\" \/>\n<meta property=\"og:image\" content=\"https:\/\/www.human-rights-year.com\/wp-content\/uploads\/2019\/11\/kopelew.jpg\" \/>\n\t<meta property=\"og:image:width\" content=\"960\" \/>\n\t<meta property=\"og:image:height\" content=\"720\" \/>\n\t<meta property=\"og:image:type\" content=\"image\/jpeg\" \/>\n<meta name=\"author\" content=\"Human Rights Year\" \/>\n<meta name=\"twitter:card\" content=\"summary_large_image\" \/>\n<meta name=\"twitter:label1\" content=\"Verfasst von\" \/>\n\t<meta name=\"twitter:data1\" content=\"Human Rights Year\" \/>\n\t<meta name=\"twitter:label2\" content=\"Gesch\u00e4tzte Lesezeit\" \/>\n\t<meta name=\"twitter:data2\" content=\"3\u00a0Minuten\" \/>\n<script type=\"application\/ld+json\" class=\"yoast-schema-graph\">{\"@context\":\"https:\/\/schema.org\",\"@graph\":[{\"@type\":\"WebSite\",\"@id\":\"https:\/\/www.human-rights-year.com\/#website\",\"url\":\"https:\/\/www.human-rights-year.com\/\",\"name\":\"\u0415\u0432\u0440\u043e\u043f\u0435\u0439\u0441\u043a\u0438\u0439 \u043f\u0440\u0430\u0432\u043e\u0437\u0430\u0449\u0438\u0442\u043d\u044b\u0439 \u0434\u0438\u0430\u043b\u043e\u0433\",\"description\":\" \",\"potentialAction\":[{\"@type\":\"SearchAction\",\"target\":{\"@type\":\"EntryPoint\",\"urlTemplate\":\"https:\/\/www.human-rights-year.com\/?s={search_term_string}\"},\"query-input\":\"required name=search_term_string\"}],\"inLanguage\":\"de\"},{\"@type\":\"WebPage\",\"@id\":\"https:\/\/www.human-rights-year.com\/de\/2019\/11\/02\/in-koeln-wird-ein-vortrag-ueber-die-menschenrechte-in-russland-gehalten\/\",\"url\":\"https:\/\/www.human-rights-year.com\/de\/2019\/11\/02\/in-koeln-wird-ein-vortrag-ueber-die-menschenrechte-in-russland-gehalten\/\",\"name\":\"In K\u00f6ln wurde ein Vortrag \u00fcber die Menschenrechte in Russland gehalten - Europ\u00e4ischer Menschenrechtsdialog\",\"isPartOf\":{\"@id\":\"https:\/\/www.human-rights-year.com\/#website\"},\"datePublished\":\"2019-11-02T16:20:19+00:00\",\"dateModified\":\"2019-11-13T07:39:41+00:00\",\"author\":{\"@id\":\"https:\/\/www.human-rights-year.com\/#\/schema\/person\/54d85daa1545786aba6f5320df79bb4c\"},\"description\":\"Das vierte Treffen aus der Reihe der Vortr\u00e4ge zum Thema Menschenrechte in Russland findet am 2. November 2019 in K\u00f6ln statt.In \\\"Lew Kopelew Forum\\\" kamen MenschenrechtsaktivistInnen, JournalistInnen und Kulturschaffende zusammen.\",\"breadcrumb\":{\"@id\":\"https:\/\/www.human-rights-year.com\/de\/2019\/11\/02\/in-koeln-wird-ein-vortrag-ueber-die-menschenrechte-in-russland-gehalten\/#breadcrumb\"},\"inLanguage\":\"de\",\"potentialAction\":[{\"@type\":\"ReadAction\",\"target\":[\"https:\/\/www.human-rights-year.com\/de\/2019\/11\/02\/in-koeln-wird-ein-vortrag-ueber-die-menschenrechte-in-russland-gehalten\/\"]}]},{\"@type\":\"BreadcrumbList\",\"@id\":\"https:\/\/www.human-rights-year.com\/de\/2019\/11\/02\/in-koeln-wird-ein-vortrag-ueber-die-menschenrechte-in-russland-gehalten\/#breadcrumb\",\"itemListElement\":[{\"@type\":\"ListItem\",\"position\":1,\"name\":\"\u0413\u043b\u0430\u0432\u043d\u0430\u044f \u0441\u0442\u0440\u0430\u043d\u0438\u0446\u0430\",\"item\":\"https:\/\/www.human-rights-year.com\/de\/\"},{\"@type\":\"ListItem\",\"position\":2,\"name\":\"In K\u00f6ln wurde ein Vortrag \u00fcber die Menschenrechte in Russland gehalten\"}]},{\"@type\":\"Person\",\"@id\":\"https:\/\/www.human-rights-year.com\/#\/schema\/person\/54d85daa1545786aba6f5320df79bb4c\",\"name\":\"Human Rights Year\",\"image\":{\"@type\":\"ImageObject\",\"inLanguage\":\"de\",\"@id\":\"https:\/\/www.human-rights-year.com\/#\/schema\/person\/image\/\",\"url\":\"https:\/\/secure.gravatar.com\/avatar\/685b0e722b7b569d9169f933abfd5f26?s=96&d=mm&r=g\",\"contentUrl\":\"https:\/\/secure.gravatar.com\/avatar\/685b0e722b7b569d9169f933abfd5f26?s=96&d=mm&r=g\",\"caption\":\"Human Rights Year\"},\"description\":\"\u041d\u0435\u043c\u0435\u0446\u043a\u043e - \u0440\u043e\u0441\u0441\u0438\u0439\u0441\u043a\u0438\u0439 \u0433\u043e\u0434 \u043f\u0440\u0430\u0432 \u0447\u0435\u043b\u043e\u0432\u0435\u043a\u0430 \u041f\u0440\u043e\u0435\u043a\u0442 \u0438\u043d\u0444\u043e\u0440\u043c\u0438\u0440\u0443\u0435\u0442 \u043d\u0435\u043c\u0435\u0446\u043a\u043e\u0435 \u043e\u0431\u0449\u0435\u0441\u0442\u0432\u043e,\u00a0 \u0432 \u0442\u043e\u043c \u0447\u0438\u0441\u043b\u0435 \u0435\u0433\u043e \u0440\u0443\u0441\u0441\u043a\u043e\u044f\u0437\u044b\u0447\u043d\u0443\u044e \u0447\u0430\u0441\u0442\u044c, \u043e \u0441\u0438\u0442\u0443\u0430\u0446\u0438\u0438 \u0441 \u0441\u043e\u0431\u043b\u044e\u0434\u0435\u043d\u0438\u0435\u043c \u043f\u0440\u0430\u0432 \u0447\u0435\u043b\u043e\u0432\u0435\u043a\u0430 \u0432 \u0420\u043e\u0441\u0441\u0438\u0438; \u0430 \u0440\u043e\u0441\u0441\u0438\u044f\u043d - \u043e \u0441\u0438\u0442\u0443\u0430\u0446\u0438\u0438 \u0432 \u044d\u0442\u043e\u0439 \u043e\u0431\u043b\u0430\u0441\u0442\u0438 \u0432 \u0413\u0435\u0440\u043c\u0430\u043d\u0438\u0438. \u0420\u0435\u0430\u043b\u0438\u0437\u0443\u0435\u0442\u0441\u044f \u043f\u0440\u0438 \u0443\u0447\u0430\u0441\u0442\u0438\u0438 \u0440\u043e\u0441\u0441\u0438\u0439\u0441\u043a\u043e\u0433\u043e \u043f\u0440\u0430\u0432\u043e\u0437\u0430\u0449\u0438\u0442\u043d\u043e\u0433\u043e \u0446\u0435\u043d\u0442\u0440\u0430 \u201c\u041c\u0435\u043c\u043e\u0440\u0438\u0430\u043b\u201d \u0438 \u0424\u043e\u0440\u0443\u043c\u0430 \u0440\u0443\u0441\u0441\u043a\u043e\u044f\u0437\u044b\u0447\u043d\u044b\u0445 \u0435\u0432\u0440\u043e\u043f\u0435\u0439\u0446\u0435\u0432, \u0430 \u0442\u0430\u043a\u0436\u0435 \u043f\u0440\u0438 \u043f\u043e\u0434\u0434\u0435\u0440\u0436\u043a\u0435 \u0433\u0435\u0440\u043c\u0430\u043d\u0441\u043a\u043e\u0433\u043e \u041c\u0418\u0414\u0430.\",\"sameAs\":[\"https:\/\/www.human-rights-year.com\"],\"url\":\"https:\/\/www.human-rights-year.com\/de\/author\/humanrightsyear\/\"}]}<\/script>\n<!-- \/ Yoast SEO plugin. -->","yoast_head_json":{"title":"In K\u00f6ln wurde ein Vortrag \u00fcber die Menschenrechte in Russland gehalten - Europ\u00e4ischer Menschenrechtsdialog","description":"Das vierte Treffen aus der Reihe der Vortr\u00e4ge zum Thema Menschenrechte in Russland findet am 2. November 2019 in K\u00f6ln statt.In \"Lew Kopelew Forum\" kamen MenschenrechtsaktivistInnen, JournalistInnen und Kulturschaffende zusammen.","robots":{"index":"index","follow":"follow","max-snippet":"max-snippet:-1","max-image-preview":"max-image-preview:large","max-video-preview":"max-video-preview:-1"},"canonical":"https:\/\/www.human-rights-year.com\/de\/2019\/11\/02\/in-koeln-wird-ein-vortrag-ueber-die-menschenrechte-in-russland-gehalten\/","og_locale":"de_DE","og_type":"article","og_title":"In K\u00f6ln wurde ein Vortrag \u00fcber die Menschenrechte in Russland gehalten - Europ\u00e4ischer Menschenrechtsdialog","og_description":"Das vierte Treffen aus der Reihe der Vortr\u00e4ge zum Thema Menschenrechte in Russland findet am 2. November 2019 in K\u00f6ln statt.In \"Lew Kopelew Forum\" kamen MenschenrechtsaktivistInnen, JournalistInnen und Kulturschaffende zusammen.","og_url":"https:\/\/www.human-rights-year.com\/de\/2019\/11\/02\/in-koeln-wird-ein-vortrag-ueber-die-menschenrechte-in-russland-gehalten\/","og_site_name":"Europ\u00e4ischer Menschenrechtsdialog","article_published_time":"2019-11-02T16:20:19+00:00","article_modified_time":"2019-11-13T07:39:41+00:00","og_image":[{"width":960,"height":720,"url":"https:\/\/www.human-rights-year.com\/wp-content\/uploads\/2019\/11\/kopelew.jpg","type":"image\/jpeg"}],"author":"Human Rights Year","twitter_card":"summary_large_image","twitter_misc":{"Verfasst von":"Human Rights Year","Gesch\u00e4tzte Lesezeit":"3\u00a0Minuten"},"schema":{"@context":"https:\/\/schema.org","@graph":[{"@type":"WebSite","@id":"https:\/\/www.human-rights-year.com\/#website","url":"https:\/\/www.human-rights-year.com\/","name":"\u0415\u0432\u0440\u043e\u043f\u0435\u0439\u0441\u043a\u0438\u0439 \u043f\u0440\u0430\u0432\u043e\u0437\u0430\u0449\u0438\u0442\u043d\u044b\u0439 \u0434\u0438\u0430\u043b\u043e\u0433","description":" ","potentialAction":[{"@type":"SearchAction","target":{"@type":"EntryPoint","urlTemplate":"https:\/\/www.human-rights-year.com\/?s={search_term_string}"},"query-input":"required name=search_term_string"}],"inLanguage":"de"},{"@type":"WebPage","@id":"https:\/\/www.human-rights-year.com\/de\/2019\/11\/02\/in-koeln-wird-ein-vortrag-ueber-die-menschenrechte-in-russland-gehalten\/","url":"https:\/\/www.human-rights-year.com\/de\/2019\/11\/02\/in-koeln-wird-ein-vortrag-ueber-die-menschenrechte-in-russland-gehalten\/","name":"In K\u00f6ln wurde ein Vortrag \u00fcber die Menschenrechte in Russland gehalten - Europ\u00e4ischer Menschenrechtsdialog","isPartOf":{"@id":"https:\/\/www.human-rights-year.com\/#website"},"datePublished":"2019-11-02T16:20:19+00:00","dateModified":"2019-11-13T07:39:41+00:00","author":{"@id":"https:\/\/www.human-rights-year.com\/#\/schema\/person\/54d85daa1545786aba6f5320df79bb4c"},"description":"Das vierte Treffen aus der Reihe der Vortr\u00e4ge zum Thema Menschenrechte in Russland findet am 2. November 2019 in K\u00f6ln statt.In \"Lew Kopelew Forum\" kamen MenschenrechtsaktivistInnen, JournalistInnen und Kulturschaffende zusammen.","breadcrumb":{"@id":"https:\/\/www.human-rights-year.com\/de\/2019\/11\/02\/in-koeln-wird-ein-vortrag-ueber-die-menschenrechte-in-russland-gehalten\/#breadcrumb"},"inLanguage":"de","potentialAction":[{"@type":"ReadAction","target":["https:\/\/www.human-rights-year.com\/de\/2019\/11\/02\/in-koeln-wird-ein-vortrag-ueber-die-menschenrechte-in-russland-gehalten\/"]}]},{"@type":"BreadcrumbList","@id":"https:\/\/www.human-rights-year.com\/de\/2019\/11\/02\/in-koeln-wird-ein-vortrag-ueber-die-menschenrechte-in-russland-gehalten\/#breadcrumb","itemListElement":[{"@type":"ListItem","position":1,"name":"\u0413\u043b\u0430\u0432\u043d\u0430\u044f \u0441\u0442\u0440\u0430\u043d\u0438\u0446\u0430","item":"https:\/\/www.human-rights-year.com\/de\/"},{"@type":"ListItem","position":2,"name":"In K\u00f6ln wurde ein Vortrag \u00fcber die Menschenrechte in Russland gehalten"}]},{"@type":"Person","@id":"https:\/\/www.human-rights-year.com\/#\/schema\/person\/54d85daa1545786aba6f5320df79bb4c","name":"Human Rights Year","image":{"@type":"ImageObject","inLanguage":"de","@id":"https:\/\/www.human-rights-year.com\/#\/schema\/person\/image\/","url":"https:\/\/secure.gravatar.com\/avatar\/685b0e722b7b569d9169f933abfd5f26?s=96&d=mm&r=g","contentUrl":"https:\/\/secure.gravatar.com\/avatar\/685b0e722b7b569d9169f933abfd5f26?s=96&d=mm&r=g","caption":"Human Rights Year"},"description":"\u041d\u0435\u043c\u0435\u0446\u043a\u043e - \u0440\u043e\u0441\u0441\u0438\u0439\u0441\u043a\u0438\u0439 \u0433\u043e\u0434 \u043f\u0440\u0430\u0432 \u0447\u0435\u043b\u043e\u0432\u0435\u043a\u0430 \u041f\u0440\u043e\u0435\u043a\u0442 \u0438\u043d\u0444\u043e\u0440\u043c\u0438\u0440\u0443\u0435\u0442 \u043d\u0435\u043c\u0435\u0446\u043a\u043e\u0435 \u043e\u0431\u0449\u0435\u0441\u0442\u0432\u043e,\u00a0 \u0432 \u0442\u043e\u043c \u0447\u0438\u0441\u043b\u0435 \u0435\u0433\u043e \u0440\u0443\u0441\u0441\u043a\u043e\u044f\u0437\u044b\u0447\u043d\u0443\u044e \u0447\u0430\u0441\u0442\u044c, \u043e \u0441\u0438\u0442\u0443\u0430\u0446\u0438\u0438 \u0441 \u0441\u043e\u0431\u043b\u044e\u0434\u0435\u043d\u0438\u0435\u043c \u043f\u0440\u0430\u0432 \u0447\u0435\u043b\u043e\u0432\u0435\u043a\u0430 \u0432 \u0420\u043e\u0441\u0441\u0438\u0438; \u0430 \u0440\u043e\u0441\u0441\u0438\u044f\u043d - \u043e \u0441\u0438\u0442\u0443\u0430\u0446\u0438\u0438 \u0432 \u044d\u0442\u043e\u0439 \u043e\u0431\u043b\u0430\u0441\u0442\u0438 \u0432 \u0413\u0435\u0440\u043c\u0430\u043d\u0438\u0438. \u0420\u0435\u0430\u043b\u0438\u0437\u0443\u0435\u0442\u0441\u044f \u043f\u0440\u0438 \u0443\u0447\u0430\u0441\u0442\u0438\u0438 \u0440\u043e\u0441\u0441\u0438\u0439\u0441\u043a\u043e\u0433\u043e \u043f\u0440\u0430\u0432\u043e\u0437\u0430\u0449\u0438\u0442\u043d\u043e\u0433\u043e \u0446\u0435\u043d\u0442\u0440\u0430 \u201c\u041c\u0435\u043c\u043e\u0440\u0438\u0430\u043b\u201d \u0438 \u0424\u043e\u0440\u0443\u043c\u0430 \u0440\u0443\u0441\u0441\u043a\u043e\u044f\u0437\u044b\u0447\u043d\u044b\u0445 \u0435\u0432\u0440\u043e\u043f\u0435\u0439\u0446\u0435\u0432, \u0430 \u0442\u0430\u043a\u0436\u0435 \u043f\u0440\u0438 \u043f\u043e\u0434\u0434\u0435\u0440\u0436\u043a\u0435 \u0433\u0435\u0440\u043c\u0430\u043d\u0441\u043a\u043e\u0433\u043e \u041c\u0418\u0414\u0430.","sameAs":["https:\/\/www.human-rights-year.com"],"url":"https:\/\/www.human-rights-year.com\/de\/author\/humanrightsyear\/"}]}},"_links":{"self":[{"href":"https:\/\/www.human-rights-year.com\/de\/wp-json\/wp\/v2\/posts\/2261"}],"collection":[{"href":"https:\/\/www.human-rights-year.com\/de\/wp-json\/wp\/v2\/posts"}],"about":[{"href":"https:\/\/www.human-rights-year.com\/de\/wp-json\/wp\/v2\/types\/post"}],"author":[{"embeddable":true,"href":"https:\/\/www.human-rights-year.com\/de\/wp-json\/wp\/v2\/users\/1"}],"replies":[{"embeddable":true,"href":"https:\/\/www.human-rights-year.com\/de\/wp-json\/wp\/v2\/comments?post=2261"}],"version-history":[{"count":0,"href":"https:\/\/www.human-rights-year.com\/de\/wp-json\/wp\/v2\/posts\/2261\/revisions"}],"wp:featuredmedia":[{"embeddable":true,"href":"https:\/\/www.human-rights-year.com\/de\/wp-json\/wp\/v2\/media\/2266"}],"wp:attachment":[{"href":"https:\/\/www.human-rights-year.com\/de\/wp-json\/wp\/v2\/media?parent=2261"}],"wp:term":[{"taxonomy":"category","embeddable":true,"href":"https:\/\/www.human-rights-year.com\/de\/wp-json\/wp\/v2\/categories?post=2261"},{"taxonomy":"post_tag","embeddable":true,"href":"https:\/\/www.human-rights-year.com\/de\/wp-json\/wp\/v2\/tags?post=2261"}],"curies":[{"name":"wp","href":"https:\/\/api.w.org\/{rel}","templated":true}]}}