{"id":2162,"date":"2019-10-30T09:00:43","date_gmt":"2019-10-30T08:00:43","guid":{"rendered":"https:\/\/www.human-rights-year.com\/?p=2162"},"modified":"2019-10-30T21:25:51","modified_gmt":"2019-10-30T20:25:51","slug":"auf-der-station-schies-wurde-der-wohnwagen-in-dem-die-oeko-aktivisinnen-wohnten-von-der-polizei-evakuiert","status":"publish","type":"post","link":"https:\/\/www.human-rights-year.com\/de\/2019\/10\/30\/auf-der-station-schies-wurde-der-wohnwagen-in-dem-die-oeko-aktivisinnen-wohnten-von-der-polizei-evakuiert\/","title":{"rendered":"Auf der Station Schies wurde der Wohnwagen, in dem die \u00d6ko-AktivisInnen wohnten, von der Polizei evakuiert"},"content":{"rendered":"<p>Die Polizei kam auf den Posten der \u00d6ko-AktivistInen &#8222;Pereprava&#8220;, die die Station Schies vor dem Eindringen von Benzintankern bewachten. Sie haben den Wohnwagen, in dem die \u00d6ko-AktivistInen wohnten, evakuiert und deren Gew\u00e4chshaus demontiert, berichtet &#8222;Nordwesten. MBK-Medien&#8220;.<\/p>\n<p>Am 23. Oktober sperrten Soldaten der Nationalgarde der Republik Komi die Station Schies ab, um Treibstoff an die Baustelle der M\u00fcllhalde zu liefern. Im benachbarten Dorf wurden Stra\u00dfen blockiert und der Strom abgeschaltet, niemand durfte rein oder raus. Offiziell wurden die Bauarbeiten an der Deponie bis zum Fr\u00fchjahr ausgesetzt, dann wird den Bewohnern der endg\u00fcltige Entwurf vorgelegt. Den Anwohnern wurde mitgeteilt, dass Rosgarde f\u00fcr die \u00dcbungen angekommen sei.<\/p>\n<p>Seit Februar 2019 blockieren AktivistInnen den Zugang zum Bau der Deponie. Sie haben einen Rund-um-die-Uhr-Wache auf einer Stra\u00dfe organisiert, die nicht auf den Karten markiert ist und von den Benzinlastern benutzt wurde, um die Baustelle mit Kraftstoff zu versorgen.<\/p>\n<p><a href=\"https:\/\/takiedela.ru\/news\/2019\/10\/29\/na-stancii-shies\/\" target=\"_blank\" rel=\"noopener noreferrer\">Quelle<\/a><br \/>\nIllustration (CC) <a href=\"https:\/\/flickr.com\/photos\/dtsang\/3686469131\/\" target=\"_blank\" rel=\"noopener noreferrer\">detsang<\/a><\/p>\n","protected":false},"excerpt":{"rendered":"<p>Die Polizei kam auf den Posten der \u00d6ko-AktivistInen &#8222;Pereprava&#8220;, die die Station Schies vor dem Eindringen von Benzintankern bewachten. Sie haben den Wohnwagen, in dem<\/p>\n","protected":false},"author":1,"featured_media":2141,"comment_status":"closed","ping_status":"open","sticky":false,"template":"","format":"standard","meta":[],"categories":[20,12],"tags":[],"yoast_head":"<!-- This site is optimized with the Yoast SEO plugin v19.4 - https:\/\/yoast.com\/wordpress\/plugins\/seo\/ -->\n<title>Auf der Station Schies wurde der Wohnwagen, in dem die \u00d6ko-AktivisInnen wohnten, von der Polizei evakuiert - Europ\u00e4ischer Menschenrechtsdialog<\/title>\n<meta name=\"description\" content=\"Die Polizei kam auf den Posten der \u00d6ko-AktivistInen &quot;Pereprava&quot;, die die Station Schies vor dem Eindringen von Benzintankern bewachten. Sie haben den Wohnwagen, in der die \u00d6ko-AktivistInen wohnten, evakuiert und deren Gew\u00e4chshaus demontiert, berichtet &quot;Nordwesten. MBK-Medien&quot;.\" \/>\n<meta name=\"robots\" content=\"index, follow, max-snippet:-1, max-image-preview:large, max-video-preview:-1\" \/>\n<link rel=\"canonical\" href=\"https:\/\/www.human-rights-year.com\/de\/2019\/10\/30\/auf-der-station-schies-wurde-der-wohnwagen-in-dem-die-oeko-aktivisinnen-wohnten-von-der-polizei-evakuiert\/\" \/>\n<meta property=\"og:locale\" content=\"de_DE\" \/>\n<meta property=\"og:type\" content=\"article\" \/>\n<meta property=\"og:title\" content=\"Auf der Station Schies wurde der Wohnwagen, in dem die \u00d6ko-AktivisInnen wohnten, von der Polizei evakuiert - Europ\u00e4ischer Menschenrechtsdialog\" \/>\n<meta property=\"og:description\" content=\"Die Polizei kam auf den Posten der \u00d6ko-AktivistInen &quot;Pereprava&quot;, die die Station Schies vor dem Eindringen von Benzintankern bewachten. Sie haben den Wohnwagen, in der die \u00d6ko-AktivistInen wohnten, evakuiert und deren Gew\u00e4chshaus demontiert, berichtet &quot;Nordwesten. MBK-Medien&quot;.\" \/>\n<meta property=\"og:url\" content=\"https:\/\/www.human-rights-year.com\/de\/2019\/10\/30\/auf-der-station-schies-wurde-der-wohnwagen-in-dem-die-oeko-aktivisinnen-wohnten-von-der-polizei-evakuiert\/\" \/>\n<meta property=\"og:site_name\" content=\"Europ\u00e4ischer Menschenrechtsdialog\" \/>\n<meta property=\"article:published_time\" content=\"2019-10-30T08:00:43+00:00\" \/>\n<meta property=\"article:modified_time\" content=\"2019-10-30T20:25:51+00:00\" \/>\n<meta property=\"og:image\" content=\"https:\/\/www.human-rights-year.com\/wp-content\/uploads\/2019\/10\/3686469131_eaf757c483_c.jpg\" \/>\n\t<meta property=\"og:image:width\" content=\"800\" \/>\n\t<meta property=\"og:image:height\" content=\"411\" \/>\n\t<meta property=\"og:image:type\" content=\"image\/jpeg\" \/>\n<meta name=\"author\" content=\"Human Rights Year\" \/>\n<meta name=\"twitter:card\" content=\"summary_large_image\" \/>\n<meta name=\"twitter:label1\" content=\"Verfasst von\" \/>\n\t<meta name=\"twitter:data1\" content=\"Human Rights Year\" \/>\n\t<meta name=\"twitter:label2\" content=\"Gesch\u00e4tzte Lesezeit\" \/>\n\t<meta name=\"twitter:data2\" content=\"1\u00a0Minute\" \/>\n<script type=\"application\/ld+json\" class=\"yoast-schema-graph\">{\"@context\":\"https:\/\/schema.org\",\"@graph\":[{\"@type\":\"WebSite\",\"@id\":\"https:\/\/www.human-rights-year.com\/#website\",\"url\":\"https:\/\/www.human-rights-year.com\/\",\"name\":\"\u0415\u0432\u0440\u043e\u043f\u0435\u0439\u0441\u043a\u0438\u0439 \u043f\u0440\u0430\u0432\u043e\u0437\u0430\u0449\u0438\u0442\u043d\u044b\u0439 \u0434\u0438\u0430\u043b\u043e\u0433\",\"description\":\" \",\"potentialAction\":[{\"@type\":\"SearchAction\",\"target\":{\"@type\":\"EntryPoint\",\"urlTemplate\":\"https:\/\/www.human-rights-year.com\/?s={search_term_string}\"},\"query-input\":\"required name=search_term_string\"}],\"inLanguage\":\"de\"},{\"@type\":\"WebPage\",\"@id\":\"https:\/\/www.human-rights-year.com\/de\/2019\/10\/30\/auf-der-station-schies-wurde-der-wohnwagen-in-dem-die-oeko-aktivisinnen-wohnten-von-der-polizei-evakuiert\/\",\"url\":\"https:\/\/www.human-rights-year.com\/de\/2019\/10\/30\/auf-der-station-schies-wurde-der-wohnwagen-in-dem-die-oeko-aktivisinnen-wohnten-von-der-polizei-evakuiert\/\",\"name\":\"Auf der Station Schies wurde der Wohnwagen, in dem die \u00d6ko-AktivisInnen wohnten, von der Polizei evakuiert - Europ\u00e4ischer Menschenrechtsdialog\",\"isPartOf\":{\"@id\":\"https:\/\/www.human-rights-year.com\/#website\"},\"datePublished\":\"2019-10-30T08:00:43+00:00\",\"dateModified\":\"2019-10-30T20:25:51+00:00\",\"author\":{\"@id\":\"https:\/\/www.human-rights-year.com\/#\/schema\/person\/54d85daa1545786aba6f5320df79bb4c\"},\"description\":\"Die Polizei kam auf den Posten der \u00d6ko-AktivistInen \\\"Pereprava\\\", die die Station Schies vor dem Eindringen von Benzintankern bewachten. Sie haben den Wohnwagen, in der die \u00d6ko-AktivistInen wohnten, evakuiert und deren Gew\u00e4chshaus demontiert, berichtet \\\"Nordwesten. MBK-Medien\\\".\",\"breadcrumb\":{\"@id\":\"https:\/\/www.human-rights-year.com\/de\/2019\/10\/30\/auf-der-station-schies-wurde-der-wohnwagen-in-dem-die-oeko-aktivisinnen-wohnten-von-der-polizei-evakuiert\/#breadcrumb\"},\"inLanguage\":\"de\",\"potentialAction\":[{\"@type\":\"ReadAction\",\"target\":[\"https:\/\/www.human-rights-year.com\/de\/2019\/10\/30\/auf-der-station-schies-wurde-der-wohnwagen-in-dem-die-oeko-aktivisinnen-wohnten-von-der-polizei-evakuiert\/\"]}]},{\"@type\":\"BreadcrumbList\",\"@id\":\"https:\/\/www.human-rights-year.com\/de\/2019\/10\/30\/auf-der-station-schies-wurde-der-wohnwagen-in-dem-die-oeko-aktivisinnen-wohnten-von-der-polizei-evakuiert\/#breadcrumb\",\"itemListElement\":[{\"@type\":\"ListItem\",\"position\":1,\"name\":\"\u0413\u043b\u0430\u0432\u043d\u0430\u044f \u0441\u0442\u0440\u0430\u043d\u0438\u0446\u0430\",\"item\":\"https:\/\/www.human-rights-year.com\/de\/\"},{\"@type\":\"ListItem\",\"position\":2,\"name\":\"Auf der Station Schies wurde der Wohnwagen, in dem die \u00d6ko-AktivisInnen wohnten, von der Polizei evakuiert\"}]},{\"@type\":\"Person\",\"@id\":\"https:\/\/www.human-rights-year.com\/#\/schema\/person\/54d85daa1545786aba6f5320df79bb4c\",\"name\":\"Human Rights Year\",\"image\":{\"@type\":\"ImageObject\",\"inLanguage\":\"de\",\"@id\":\"https:\/\/www.human-rights-year.com\/#\/schema\/person\/image\/\",\"url\":\"https:\/\/secure.gravatar.com\/avatar\/685b0e722b7b569d9169f933abfd5f26?s=96&d=mm&r=g\",\"contentUrl\":\"https:\/\/secure.gravatar.com\/avatar\/685b0e722b7b569d9169f933abfd5f26?s=96&d=mm&r=g\",\"caption\":\"Human Rights Year\"},\"description\":\"\u041d\u0435\u043c\u0435\u0446\u043a\u043e - \u0440\u043e\u0441\u0441\u0438\u0439\u0441\u043a\u0438\u0439 \u0433\u043e\u0434 \u043f\u0440\u0430\u0432 \u0447\u0435\u043b\u043e\u0432\u0435\u043a\u0430 \u041f\u0440\u043e\u0435\u043a\u0442 \u0438\u043d\u0444\u043e\u0440\u043c\u0438\u0440\u0443\u0435\u0442 \u043d\u0435\u043c\u0435\u0446\u043a\u043e\u0435 \u043e\u0431\u0449\u0435\u0441\u0442\u0432\u043e,\u00a0 \u0432 \u0442\u043e\u043c \u0447\u0438\u0441\u043b\u0435 \u0435\u0433\u043e \u0440\u0443\u0441\u0441\u043a\u043e\u044f\u0437\u044b\u0447\u043d\u0443\u044e \u0447\u0430\u0441\u0442\u044c, \u043e \u0441\u0438\u0442\u0443\u0430\u0446\u0438\u0438 \u0441 \u0441\u043e\u0431\u043b\u044e\u0434\u0435\u043d\u0438\u0435\u043c \u043f\u0440\u0430\u0432 \u0447\u0435\u043b\u043e\u0432\u0435\u043a\u0430 \u0432 \u0420\u043e\u0441\u0441\u0438\u0438; \u0430 \u0440\u043e\u0441\u0441\u0438\u044f\u043d - \u043e \u0441\u0438\u0442\u0443\u0430\u0446\u0438\u0438 \u0432 \u044d\u0442\u043e\u0439 \u043e\u0431\u043b\u0430\u0441\u0442\u0438 \u0432 \u0413\u0435\u0440\u043c\u0430\u043d\u0438\u0438. \u0420\u0435\u0430\u043b\u0438\u0437\u0443\u0435\u0442\u0441\u044f \u043f\u0440\u0438 \u0443\u0447\u0430\u0441\u0442\u0438\u0438 \u0440\u043e\u0441\u0441\u0438\u0439\u0441\u043a\u043e\u0433\u043e \u043f\u0440\u0430\u0432\u043e\u0437\u0430\u0449\u0438\u0442\u043d\u043e\u0433\u043e \u0446\u0435\u043d\u0442\u0440\u0430 \u201c\u041c\u0435\u043c\u043e\u0440\u0438\u0430\u043b\u201d \u0438 \u0424\u043e\u0440\u0443\u043c\u0430 \u0440\u0443\u0441\u0441\u043a\u043e\u044f\u0437\u044b\u0447\u043d\u044b\u0445 \u0435\u0432\u0440\u043e\u043f\u0435\u0439\u0446\u0435\u0432, \u0430 \u0442\u0430\u043a\u0436\u0435 \u043f\u0440\u0438 \u043f\u043e\u0434\u0434\u0435\u0440\u0436\u043a\u0435 \u0433\u0435\u0440\u043c\u0430\u043d\u0441\u043a\u043e\u0433\u043e \u041c\u0418\u0414\u0430.\",\"sameAs\":[\"https:\/\/www.human-rights-year.com\"],\"url\":\"https:\/\/www.human-rights-year.com\/de\/author\/humanrightsyear\/\"}]}<\/script>\n<!-- \/ Yoast SEO plugin. -->","yoast_head_json":{"title":"Auf der Station Schies wurde der Wohnwagen, in dem die \u00d6ko-AktivisInnen wohnten, von der Polizei evakuiert - Europ\u00e4ischer Menschenrechtsdialog","description":"Die Polizei kam auf den Posten der \u00d6ko-AktivistInen \"Pereprava\", die die Station Schies vor dem Eindringen von Benzintankern bewachten. Sie haben den Wohnwagen, in der die \u00d6ko-AktivistInen wohnten, evakuiert und deren Gew\u00e4chshaus demontiert, berichtet \"Nordwesten. MBK-Medien\".","robots":{"index":"index","follow":"follow","max-snippet":"max-snippet:-1","max-image-preview":"max-image-preview:large","max-video-preview":"max-video-preview:-1"},"canonical":"https:\/\/www.human-rights-year.com\/de\/2019\/10\/30\/auf-der-station-schies-wurde-der-wohnwagen-in-dem-die-oeko-aktivisinnen-wohnten-von-der-polizei-evakuiert\/","og_locale":"de_DE","og_type":"article","og_title":"Auf der Station Schies wurde der Wohnwagen, in dem die \u00d6ko-AktivisInnen wohnten, von der Polizei evakuiert - Europ\u00e4ischer Menschenrechtsdialog","og_description":"Die Polizei kam auf den Posten der \u00d6ko-AktivistInen \"Pereprava\", die die Station Schies vor dem Eindringen von Benzintankern bewachten. Sie haben den Wohnwagen, in der die \u00d6ko-AktivistInen wohnten, evakuiert und deren Gew\u00e4chshaus demontiert, berichtet \"Nordwesten. MBK-Medien\".","og_url":"https:\/\/www.human-rights-year.com\/de\/2019\/10\/30\/auf-der-station-schies-wurde-der-wohnwagen-in-dem-die-oeko-aktivisinnen-wohnten-von-der-polizei-evakuiert\/","og_site_name":"Europ\u00e4ischer Menschenrechtsdialog","article_published_time":"2019-10-30T08:00:43+00:00","article_modified_time":"2019-10-30T20:25:51+00:00","og_image":[{"width":800,"height":411,"url":"https:\/\/www.human-rights-year.com\/wp-content\/uploads\/2019\/10\/3686469131_eaf757c483_c.jpg","type":"image\/jpeg"}],"author":"Human Rights Year","twitter_card":"summary_large_image","twitter_misc":{"Verfasst von":"Human Rights Year","Gesch\u00e4tzte Lesezeit":"1\u00a0Minute"},"schema":{"@context":"https:\/\/schema.org","@graph":[{"@type":"WebSite","@id":"https:\/\/www.human-rights-year.com\/#website","url":"https:\/\/www.human-rights-year.com\/","name":"\u0415\u0432\u0440\u043e\u043f\u0435\u0439\u0441\u043a\u0438\u0439 \u043f\u0440\u0430\u0432\u043e\u0437\u0430\u0449\u0438\u0442\u043d\u044b\u0439 \u0434\u0438\u0430\u043b\u043e\u0433","description":" ","potentialAction":[{"@type":"SearchAction","target":{"@type":"EntryPoint","urlTemplate":"https:\/\/www.human-rights-year.com\/?s={search_term_string}"},"query-input":"required name=search_term_string"}],"inLanguage":"de"},{"@type":"WebPage","@id":"https:\/\/www.human-rights-year.com\/de\/2019\/10\/30\/auf-der-station-schies-wurde-der-wohnwagen-in-dem-die-oeko-aktivisinnen-wohnten-von-der-polizei-evakuiert\/","url":"https:\/\/www.human-rights-year.com\/de\/2019\/10\/30\/auf-der-station-schies-wurde-der-wohnwagen-in-dem-die-oeko-aktivisinnen-wohnten-von-der-polizei-evakuiert\/","name":"Auf der Station Schies wurde der Wohnwagen, in dem die \u00d6ko-AktivisInnen wohnten, von der Polizei evakuiert - Europ\u00e4ischer Menschenrechtsdialog","isPartOf":{"@id":"https:\/\/www.human-rights-year.com\/#website"},"datePublished":"2019-10-30T08:00:43+00:00","dateModified":"2019-10-30T20:25:51+00:00","author":{"@id":"https:\/\/www.human-rights-year.com\/#\/schema\/person\/54d85daa1545786aba6f5320df79bb4c"},"description":"Die Polizei kam auf den Posten der \u00d6ko-AktivistInen \"Pereprava\", die die Station Schies vor dem Eindringen von Benzintankern bewachten. Sie haben den Wohnwagen, in der die \u00d6ko-AktivistInen wohnten, evakuiert und deren Gew\u00e4chshaus demontiert, berichtet \"Nordwesten. MBK-Medien\".","breadcrumb":{"@id":"https:\/\/www.human-rights-year.com\/de\/2019\/10\/30\/auf-der-station-schies-wurde-der-wohnwagen-in-dem-die-oeko-aktivisinnen-wohnten-von-der-polizei-evakuiert\/#breadcrumb"},"inLanguage":"de","potentialAction":[{"@type":"ReadAction","target":["https:\/\/www.human-rights-year.com\/de\/2019\/10\/30\/auf-der-station-schies-wurde-der-wohnwagen-in-dem-die-oeko-aktivisinnen-wohnten-von-der-polizei-evakuiert\/"]}]},{"@type":"BreadcrumbList","@id":"https:\/\/www.human-rights-year.com\/de\/2019\/10\/30\/auf-der-station-schies-wurde-der-wohnwagen-in-dem-die-oeko-aktivisinnen-wohnten-von-der-polizei-evakuiert\/#breadcrumb","itemListElement":[{"@type":"ListItem","position":1,"name":"\u0413\u043b\u0430\u0432\u043d\u0430\u044f \u0441\u0442\u0440\u0430\u043d\u0438\u0446\u0430","item":"https:\/\/www.human-rights-year.com\/de\/"},{"@type":"ListItem","position":2,"name":"Auf der Station Schies wurde der Wohnwagen, in dem die \u00d6ko-AktivisInnen wohnten, von der Polizei evakuiert"}]},{"@type":"Person","@id":"https:\/\/www.human-rights-year.com\/#\/schema\/person\/54d85daa1545786aba6f5320df79bb4c","name":"Human Rights Year","image":{"@type":"ImageObject","inLanguage":"de","@id":"https:\/\/www.human-rights-year.com\/#\/schema\/person\/image\/","url":"https:\/\/secure.gravatar.com\/avatar\/685b0e722b7b569d9169f933abfd5f26?s=96&d=mm&r=g","contentUrl":"https:\/\/secure.gravatar.com\/avatar\/685b0e722b7b569d9169f933abfd5f26?s=96&d=mm&r=g","caption":"Human Rights Year"},"description":"\u041d\u0435\u043c\u0435\u0446\u043a\u043e - \u0440\u043e\u0441\u0441\u0438\u0439\u0441\u043a\u0438\u0439 \u0433\u043e\u0434 \u043f\u0440\u0430\u0432 \u0447\u0435\u043b\u043e\u0432\u0435\u043a\u0430 \u041f\u0440\u043e\u0435\u043a\u0442 \u0438\u043d\u0444\u043e\u0440\u043c\u0438\u0440\u0443\u0435\u0442 \u043d\u0435\u043c\u0435\u0446\u043a\u043e\u0435 \u043e\u0431\u0449\u0435\u0441\u0442\u0432\u043e,\u00a0 \u0432 \u0442\u043e\u043c \u0447\u0438\u0441\u043b\u0435 \u0435\u0433\u043e \u0440\u0443\u0441\u0441\u043a\u043e\u044f\u0437\u044b\u0447\u043d\u0443\u044e \u0447\u0430\u0441\u0442\u044c, \u043e \u0441\u0438\u0442\u0443\u0430\u0446\u0438\u0438 \u0441 \u0441\u043e\u0431\u043b\u044e\u0434\u0435\u043d\u0438\u0435\u043c \u043f\u0440\u0430\u0432 \u0447\u0435\u043b\u043e\u0432\u0435\u043a\u0430 \u0432 \u0420\u043e\u0441\u0441\u0438\u0438; \u0430 \u0440\u043e\u0441\u0441\u0438\u044f\u043d - \u043e \u0441\u0438\u0442\u0443\u0430\u0446\u0438\u0438 \u0432 \u044d\u0442\u043e\u0439 \u043e\u0431\u043b\u0430\u0441\u0442\u0438 \u0432 \u0413\u0435\u0440\u043c\u0430\u043d\u0438\u0438. \u0420\u0435\u0430\u043b\u0438\u0437\u0443\u0435\u0442\u0441\u044f \u043f\u0440\u0438 \u0443\u0447\u0430\u0441\u0442\u0438\u0438 \u0440\u043e\u0441\u0441\u0438\u0439\u0441\u043a\u043e\u0433\u043e \u043f\u0440\u0430\u0432\u043e\u0437\u0430\u0449\u0438\u0442\u043d\u043e\u0433\u043e \u0446\u0435\u043d\u0442\u0440\u0430 \u201c\u041c\u0435\u043c\u043e\u0440\u0438\u0430\u043b\u201d \u0438 \u0424\u043e\u0440\u0443\u043c\u0430 \u0440\u0443\u0441\u0441\u043a\u043e\u044f\u0437\u044b\u0447\u043d\u044b\u0445 \u0435\u0432\u0440\u043e\u043f\u0435\u0439\u0446\u0435\u0432, \u0430 \u0442\u0430\u043a\u0436\u0435 \u043f\u0440\u0438 \u043f\u043e\u0434\u0434\u0435\u0440\u0436\u043a\u0435 \u0433\u0435\u0440\u043c\u0430\u043d\u0441\u043a\u043e\u0433\u043e \u041c\u0418\u0414\u0430.","sameAs":["https:\/\/www.human-rights-year.com"],"url":"https:\/\/www.human-rights-year.com\/de\/author\/humanrightsyear\/"}]}},"_links":{"self":[{"href":"https:\/\/www.human-rights-year.com\/de\/wp-json\/wp\/v2\/posts\/2162"}],"collection":[{"href":"https:\/\/www.human-rights-year.com\/de\/wp-json\/wp\/v2\/posts"}],"about":[{"href":"https:\/\/www.human-rights-year.com\/de\/wp-json\/wp\/v2\/types\/post"}],"author":[{"embeddable":true,"href":"https:\/\/www.human-rights-year.com\/de\/wp-json\/wp\/v2\/users\/1"}],"replies":[{"embeddable":true,"href":"https:\/\/www.human-rights-year.com\/de\/wp-json\/wp\/v2\/comments?post=2162"}],"version-history":[{"count":0,"href":"https:\/\/www.human-rights-year.com\/de\/wp-json\/wp\/v2\/posts\/2162\/revisions"}],"wp:featuredmedia":[{"embeddable":true,"href":"https:\/\/www.human-rights-year.com\/de\/wp-json\/wp\/v2\/media\/2141"}],"wp:attachment":[{"href":"https:\/\/www.human-rights-year.com\/de\/wp-json\/wp\/v2\/media?parent=2162"}],"wp:term":[{"taxonomy":"category","embeddable":true,"href":"https:\/\/www.human-rights-year.com\/de\/wp-json\/wp\/v2\/categories?post=2162"},{"taxonomy":"post_tag","embeddable":true,"href":"https:\/\/www.human-rights-year.com\/de\/wp-json\/wp\/v2\/tags?post=2162"}],"curies":[{"name":"wp","href":"https:\/\/api.w.org\/{rel}","templated":true}]}}