{"id":2156,"date":"2019-10-30T17:00:35","date_gmt":"2019-10-30T16:00:35","guid":{"rendered":"https:\/\/www.human-rights-year.com\/?p=2156"},"modified":"2019-11-01T14:36:35","modified_gmt":"2019-11-01T13:36:35","slug":"unsere-vortragsreihe-begann-am-tag-des-russischen-politischen-gefangenen-in-stuttgart-online-uebertragung","status":"publish","type":"post","link":"https:\/\/www.human-rights-year.com\/de\/2019\/10\/30\/unsere-vortragsreihe-begann-am-tag-des-russischen-politischen-gefangenen-in-stuttgart-online-uebertragung\/","title":{"rendered":"Unsere Vortragsreihe begann am Tag des russischen politischen Gefangenen in Stuttgart (Online-\u00dcbertragung)"},"content":{"rendered":"<p>Der Politologe Igor Eidman <a href=\"https:\/\/www.facebook.com\/100001589654713\/videos\/2703709939691968\/\" target=\"_blank\" rel=\"noopener noreferrer\">sendete live<\/a> aus Stuttgart von dem Treffen mit russischen MenschenrechtsaktivistInnen und Pers\u00f6nlichkeiten des \u00f6ffentlichen Lebens.<\/p>\n<p>Lev Rubinstein, Yulia Galyamina, Alexey Polikhovich und andere Redner hielten Vortr\u00e4ge und beantworteten Fragen. Sie beschrieben die Situation mit den Freiheiten und Menschenrechten, berichteten \u00fcber ihre Erfahrungen mit Verfolgung und Kommunikation mit den Sicherheitsdiensten der Russischen F\u00f6deration.<\/p>\n<p>Der Historiker und Journalist Nikolai Rudensky f\u00fchrte eine detaillierte &#8222;chemische&#8220; Analyse der russischen Fernsehpropaganda durch und betonte die \u00c4hnlichkeiten und Unterschiede zwischen dem modernen Russland und der UdSSR in diesem Bereich.<\/p>\n<p>Der Dichter Lev Rubinstein reflektierte von der B\u00fchne aus, wie die moderne russische Kultur versucht, eine religi\u00f6s-patriotische Verbindung herzustellen.<\/p>\n<p>Der ehemalige politische Gefangene Alexej Polichowitsch erz\u00e4hlte seine pers\u00f6nliche Geschichte des Widerstands.<\/p>\n<p>Der Menschenrechtsaktivist Dmitri Piskunov sprach \u00fcber den Kampf gegen Folter und Willk\u00fcr im Nordkaukasus.<\/p>\n<p>Die Politikerin Yulia Galyamina erz\u00e4hlte von ihren pers\u00f6nlichen Erfahrungen mit dem politischen Kampf bei den russischen Wahlen und wie sie in einer Polizeizelle statt in der Moskauer Stadtduma landete. Die Bemerkung von Frau Galyamina, dass das gegenw\u00e4rtige Regime in Russland nicht als Totalitarismus bezeichnet werden kann, wurde zu einer hitzigen Diskussion auf der B\u00fchne und im Saal \u00fcber die Feinheiten der politischen Klassifizierung und dar\u00fcber, dass das Regime doch autorit\u00e4r ist.<\/p>\n<p>Im zweiten Teil der Sitzung wurden Fragen aus dem Publikum gestellt, ebenso wie Fragen, die vom Online-Publikum \u00fcber Facebook gesendet wurden.<\/p>\n<p>Die Fragen betrafen Prognosen zum russisch-ukrainischen Konflikt, zur Situation im Kaukasus sowie zu Trends in der russischen Zivilgesellschaft.<\/p>\n<p>Sowohl dramatische Geschichten von gew\u00f6hnlichen demokratischen AktivistInnen als auch lustige F\u00e4lle wurden von der B\u00fchne erz\u00e4hlt. Yulia Galyamina beschrieb z.B., wie ein Ermittler mit Maschinengewehrsch\u00fctzen bei ihrer \u00e4lteren Mutter zu Besuch war.<\/p>\n<p>Alexej Polichowitsch erz\u00e4hlte die Geschichte einer jungen Frau, die in einem Leopardenkost\u00fcm festgenommen, aber in dem Polizeibericht als eine Festgehaltene in Jeans und Jacke beschrieben wurde. Und kein Selfie in einem Leopardenkost\u00fcm aus dem Gef\u00e4ngnistransporter, die Zeugenaussage \u00fcber das Leopardenkost\u00fcm und selbst die Anwesenheit der Angeklagten beim Prozess in dem Leopardenkost\u00fcm lie\u00dfen die Richter den Polizeibericht in Zweifel ziehen. Yulia Galyamina nannte Russland dabei &#8222;ein Land der vereinfachten Absurdit\u00e4t&#8220;.<\/p>\n<p>Die Simultan\u00fcbersetzung erfolgte in deutscher Sprache.<\/p>\n<p><iframe loading=\"lazy\" src=\"https:\/\/www.youtube.com\/embed\/ezQDdfrRhug\" width=\"560\" height=\"315\" frameborder=\"0\" allowfullscreen=\"allowfullscreen\"><\/iframe><\/p>\n<p><iframe loading=\"lazy\" src=\"https:\/\/www.youtube.com\/embed\/KuCaxlWPo1I\" width=\"560\" height=\"315\" frameborder=\"0\" allowfullscreen=\"allowfullscreen\"><\/iframe><\/p>\n<p><iframe loading=\"lazy\" src=\"https:\/\/www.youtube.com\/embed\/9i9OTmEOYH4\" width=\"560\" height=\"315\" frameborder=\"0\" allowfullscreen=\"allowfullscreen\"><\/iframe><\/p>\n","protected":false},"excerpt":{"rendered":"<p>Der Politologe Igor Eidman sendete live aus Stuttgart von dem Treffen mit russischen MenschenrechtsaktivistInnen und Pers\u00f6nlichkeiten des \u00f6ffentlichen Lebens. Lev Rubinstein, Yulia Galyamina, Alexey Polikhovich<\/p>\n","protected":false},"author":1,"featured_media":2153,"comment_status":"closed","ping_status":"open","sticky":false,"template":"","format":"standard","meta":[],"categories":[17],"tags":[],"yoast_head":"<!-- This site is optimized with the Yoast SEO plugin v19.4 - https:\/\/yoast.com\/wordpress\/plugins\/seo\/ -->\n<title>Unsere Vortragsreihe begann am Tag des russischen politischen Gefangenen in Stuttgart (Online-\u00dcbertragung) - Europ\u00e4ischer Menschenrechtsdialog<\/title>\n<meta name=\"description\" content=\"Der Politologe Igor Eidman sendete live aus Stuttgart von dem Treffen mit russischen MenschenrechtsaktivistInnen und Pers\u00f6nlichkeiten des \u00f6ffentlichen Lebens.\" \/>\n<meta name=\"robots\" content=\"index, follow, max-snippet:-1, max-image-preview:large, max-video-preview:-1\" \/>\n<link rel=\"canonical\" href=\"https:\/\/www.human-rights-year.com\/de\/2019\/10\/30\/unsere-vortragsreihe-begann-am-tag-des-russischen-politischen-gefangenen-in-stuttgart-online-uebertragung\/\" \/>\n<meta property=\"og:locale\" content=\"de_DE\" \/>\n<meta property=\"og:type\" content=\"article\" \/>\n<meta property=\"og:title\" content=\"Unsere Vortragsreihe begann am Tag des russischen politischen Gefangenen in Stuttgart (Online-\u00dcbertragung) - Europ\u00e4ischer Menschenrechtsdialog\" \/>\n<meta property=\"og:description\" content=\"Der Politologe Igor Eidman sendete live aus Stuttgart von dem Treffen mit russischen MenschenrechtsaktivistInnen und Pers\u00f6nlichkeiten des \u00f6ffentlichen Lebens.\" \/>\n<meta property=\"og:url\" content=\"https:\/\/www.human-rights-year.com\/de\/2019\/10\/30\/unsere-vortragsreihe-begann-am-tag-des-russischen-politischen-gefangenen-in-stuttgart-online-uebertragung\/\" \/>\n<meta property=\"og:site_name\" content=\"Europ\u00e4ischer Menschenrechtsdialog\" \/>\n<meta property=\"article:published_time\" content=\"2019-10-30T16:00:35+00:00\" \/>\n<meta property=\"article:modified_time\" content=\"2019-11-01T13:36:35+00:00\" \/>\n<meta property=\"og:image\" content=\"https:\/\/www.human-rights-year.com\/wp-content\/uploads\/2019\/10\/rrrr.jpg\" \/>\n\t<meta property=\"og:image:width\" content=\"2048\" \/>\n\t<meta property=\"og:image:height\" content=\"1536\" \/>\n\t<meta property=\"og:image:type\" content=\"image\/jpeg\" \/>\n<meta name=\"author\" content=\"Human Rights Year\" \/>\n<meta name=\"twitter:card\" content=\"summary_large_image\" \/>\n<meta name=\"twitter:label1\" content=\"Verfasst von\" \/>\n\t<meta name=\"twitter:data1\" content=\"Human Rights Year\" \/>\n\t<meta name=\"twitter:label2\" content=\"Gesch\u00e4tzte Lesezeit\" \/>\n\t<meta name=\"twitter:data2\" content=\"2\u00a0Minuten\" \/>\n<script type=\"application\/ld+json\" class=\"yoast-schema-graph\">{\"@context\":\"https:\/\/schema.org\",\"@graph\":[{\"@type\":\"WebSite\",\"@id\":\"https:\/\/www.human-rights-year.com\/#website\",\"url\":\"https:\/\/www.human-rights-year.com\/\",\"name\":\"\u0415\u0432\u0440\u043e\u043f\u0435\u0439\u0441\u043a\u0438\u0439 \u043f\u0440\u0430\u0432\u043e\u0437\u0430\u0449\u0438\u0442\u043d\u044b\u0439 \u0434\u0438\u0430\u043b\u043e\u0433\",\"description\":\" \",\"potentialAction\":[{\"@type\":\"SearchAction\",\"target\":{\"@type\":\"EntryPoint\",\"urlTemplate\":\"https:\/\/www.human-rights-year.com\/?s={search_term_string}\"},\"query-input\":\"required name=search_term_string\"}],\"inLanguage\":\"de\"},{\"@type\":\"WebPage\",\"@id\":\"https:\/\/www.human-rights-year.com\/de\/2019\/10\/30\/unsere-vortragsreihe-begann-am-tag-des-russischen-politischen-gefangenen-in-stuttgart-online-uebertragung\/\",\"url\":\"https:\/\/www.human-rights-year.com\/de\/2019\/10\/30\/unsere-vortragsreihe-begann-am-tag-des-russischen-politischen-gefangenen-in-stuttgart-online-uebertragung\/\",\"name\":\"Unsere Vortragsreihe begann am Tag des russischen politischen Gefangenen in Stuttgart (Online-\u00dcbertragung) - Europ\u00e4ischer Menschenrechtsdialog\",\"isPartOf\":{\"@id\":\"https:\/\/www.human-rights-year.com\/#website\"},\"datePublished\":\"2019-10-30T16:00:35+00:00\",\"dateModified\":\"2019-11-01T13:36:35+00:00\",\"author\":{\"@id\":\"https:\/\/www.human-rights-year.com\/#\/schema\/person\/54d85daa1545786aba6f5320df79bb4c\"},\"description\":\"Der Politologe Igor Eidman sendete live aus Stuttgart von dem Treffen mit russischen MenschenrechtsaktivistInnen und Pers\u00f6nlichkeiten des \u00f6ffentlichen Lebens.\",\"breadcrumb\":{\"@id\":\"https:\/\/www.human-rights-year.com\/de\/2019\/10\/30\/unsere-vortragsreihe-begann-am-tag-des-russischen-politischen-gefangenen-in-stuttgart-online-uebertragung\/#breadcrumb\"},\"inLanguage\":\"de\",\"potentialAction\":[{\"@type\":\"ReadAction\",\"target\":[\"https:\/\/www.human-rights-year.com\/de\/2019\/10\/30\/unsere-vortragsreihe-begann-am-tag-des-russischen-politischen-gefangenen-in-stuttgart-online-uebertragung\/\"]}]},{\"@type\":\"BreadcrumbList\",\"@id\":\"https:\/\/www.human-rights-year.com\/de\/2019\/10\/30\/unsere-vortragsreihe-begann-am-tag-des-russischen-politischen-gefangenen-in-stuttgart-online-uebertragung\/#breadcrumb\",\"itemListElement\":[{\"@type\":\"ListItem\",\"position\":1,\"name\":\"\u0413\u043b\u0430\u0432\u043d\u0430\u044f \u0441\u0442\u0440\u0430\u043d\u0438\u0446\u0430\",\"item\":\"https:\/\/www.human-rights-year.com\/de\/\"},{\"@type\":\"ListItem\",\"position\":2,\"name\":\"Unsere Vortragsreihe begann am Tag des russischen politischen Gefangenen in Stuttgart (Online-\u00dcbertragung)\"}]},{\"@type\":\"Person\",\"@id\":\"https:\/\/www.human-rights-year.com\/#\/schema\/person\/54d85daa1545786aba6f5320df79bb4c\",\"name\":\"Human Rights Year\",\"image\":{\"@type\":\"ImageObject\",\"inLanguage\":\"de\",\"@id\":\"https:\/\/www.human-rights-year.com\/#\/schema\/person\/image\/\",\"url\":\"https:\/\/secure.gravatar.com\/avatar\/685b0e722b7b569d9169f933abfd5f26?s=96&d=mm&r=g\",\"contentUrl\":\"https:\/\/secure.gravatar.com\/avatar\/685b0e722b7b569d9169f933abfd5f26?s=96&d=mm&r=g\",\"caption\":\"Human Rights Year\"},\"description\":\"\u041d\u0435\u043c\u0435\u0446\u043a\u043e - \u0440\u043e\u0441\u0441\u0438\u0439\u0441\u043a\u0438\u0439 \u0433\u043e\u0434 \u043f\u0440\u0430\u0432 \u0447\u0435\u043b\u043e\u0432\u0435\u043a\u0430 \u041f\u0440\u043e\u0435\u043a\u0442 \u0438\u043d\u0444\u043e\u0440\u043c\u0438\u0440\u0443\u0435\u0442 \u043d\u0435\u043c\u0435\u0446\u043a\u043e\u0435 \u043e\u0431\u0449\u0435\u0441\u0442\u0432\u043e,\u00a0 \u0432 \u0442\u043e\u043c \u0447\u0438\u0441\u043b\u0435 \u0435\u0433\u043e \u0440\u0443\u0441\u0441\u043a\u043e\u044f\u0437\u044b\u0447\u043d\u0443\u044e \u0447\u0430\u0441\u0442\u044c, \u043e \u0441\u0438\u0442\u0443\u0430\u0446\u0438\u0438 \u0441 \u0441\u043e\u0431\u043b\u044e\u0434\u0435\u043d\u0438\u0435\u043c \u043f\u0440\u0430\u0432 \u0447\u0435\u043b\u043e\u0432\u0435\u043a\u0430 \u0432 \u0420\u043e\u0441\u0441\u0438\u0438; \u0430 \u0440\u043e\u0441\u0441\u0438\u044f\u043d - \u043e \u0441\u0438\u0442\u0443\u0430\u0446\u0438\u0438 \u0432 \u044d\u0442\u043e\u0439 \u043e\u0431\u043b\u0430\u0441\u0442\u0438 \u0432 \u0413\u0435\u0440\u043c\u0430\u043d\u0438\u0438. \u0420\u0435\u0430\u043b\u0438\u0437\u0443\u0435\u0442\u0441\u044f \u043f\u0440\u0438 \u0443\u0447\u0430\u0441\u0442\u0438\u0438 \u0440\u043e\u0441\u0441\u0438\u0439\u0441\u043a\u043e\u0433\u043e \u043f\u0440\u0430\u0432\u043e\u0437\u0430\u0449\u0438\u0442\u043d\u043e\u0433\u043e \u0446\u0435\u043d\u0442\u0440\u0430 \u201c\u041c\u0435\u043c\u043e\u0440\u0438\u0430\u043b\u201d \u0438 \u0424\u043e\u0440\u0443\u043c\u0430 \u0440\u0443\u0441\u0441\u043a\u043e\u044f\u0437\u044b\u0447\u043d\u044b\u0445 \u0435\u0432\u0440\u043e\u043f\u0435\u0439\u0446\u0435\u0432, \u0430 \u0442\u0430\u043a\u0436\u0435 \u043f\u0440\u0438 \u043f\u043e\u0434\u0434\u0435\u0440\u0436\u043a\u0435 \u0433\u0435\u0440\u043c\u0430\u043d\u0441\u043a\u043e\u0433\u043e \u041c\u0418\u0414\u0430.\",\"sameAs\":[\"https:\/\/www.human-rights-year.com\"],\"url\":\"https:\/\/www.human-rights-year.com\/de\/author\/humanrightsyear\/\"}]}<\/script>\n<!-- \/ Yoast SEO plugin. -->","yoast_head_json":{"title":"Unsere Vortragsreihe begann am Tag des russischen politischen Gefangenen in Stuttgart (Online-\u00dcbertragung) - Europ\u00e4ischer Menschenrechtsdialog","description":"Der Politologe Igor Eidman sendete live aus Stuttgart von dem Treffen mit russischen MenschenrechtsaktivistInnen und Pers\u00f6nlichkeiten des \u00f6ffentlichen Lebens.","robots":{"index":"index","follow":"follow","max-snippet":"max-snippet:-1","max-image-preview":"max-image-preview:large","max-video-preview":"max-video-preview:-1"},"canonical":"https:\/\/www.human-rights-year.com\/de\/2019\/10\/30\/unsere-vortragsreihe-begann-am-tag-des-russischen-politischen-gefangenen-in-stuttgart-online-uebertragung\/","og_locale":"de_DE","og_type":"article","og_title":"Unsere Vortragsreihe begann am Tag des russischen politischen Gefangenen in Stuttgart (Online-\u00dcbertragung) - Europ\u00e4ischer Menschenrechtsdialog","og_description":"Der Politologe Igor Eidman sendete live aus Stuttgart von dem Treffen mit russischen MenschenrechtsaktivistInnen und Pers\u00f6nlichkeiten des \u00f6ffentlichen Lebens.","og_url":"https:\/\/www.human-rights-year.com\/de\/2019\/10\/30\/unsere-vortragsreihe-begann-am-tag-des-russischen-politischen-gefangenen-in-stuttgart-online-uebertragung\/","og_site_name":"Europ\u00e4ischer Menschenrechtsdialog","article_published_time":"2019-10-30T16:00:35+00:00","article_modified_time":"2019-11-01T13:36:35+00:00","og_image":[{"width":2048,"height":1536,"url":"https:\/\/www.human-rights-year.com\/wp-content\/uploads\/2019\/10\/rrrr.jpg","type":"image\/jpeg"}],"author":"Human Rights Year","twitter_card":"summary_large_image","twitter_misc":{"Verfasst von":"Human Rights Year","Gesch\u00e4tzte Lesezeit":"2\u00a0Minuten"},"schema":{"@context":"https:\/\/schema.org","@graph":[{"@type":"WebSite","@id":"https:\/\/www.human-rights-year.com\/#website","url":"https:\/\/www.human-rights-year.com\/","name":"\u0415\u0432\u0440\u043e\u043f\u0435\u0439\u0441\u043a\u0438\u0439 \u043f\u0440\u0430\u0432\u043e\u0437\u0430\u0449\u0438\u0442\u043d\u044b\u0439 \u0434\u0438\u0430\u043b\u043e\u0433","description":" ","potentialAction":[{"@type":"SearchAction","target":{"@type":"EntryPoint","urlTemplate":"https:\/\/www.human-rights-year.com\/?s={search_term_string}"},"query-input":"required name=search_term_string"}],"inLanguage":"de"},{"@type":"WebPage","@id":"https:\/\/www.human-rights-year.com\/de\/2019\/10\/30\/unsere-vortragsreihe-begann-am-tag-des-russischen-politischen-gefangenen-in-stuttgart-online-uebertragung\/","url":"https:\/\/www.human-rights-year.com\/de\/2019\/10\/30\/unsere-vortragsreihe-begann-am-tag-des-russischen-politischen-gefangenen-in-stuttgart-online-uebertragung\/","name":"Unsere Vortragsreihe begann am Tag des russischen politischen Gefangenen in Stuttgart (Online-\u00dcbertragung) - Europ\u00e4ischer Menschenrechtsdialog","isPartOf":{"@id":"https:\/\/www.human-rights-year.com\/#website"},"datePublished":"2019-10-30T16:00:35+00:00","dateModified":"2019-11-01T13:36:35+00:00","author":{"@id":"https:\/\/www.human-rights-year.com\/#\/schema\/person\/54d85daa1545786aba6f5320df79bb4c"},"description":"Der Politologe Igor Eidman sendete live aus Stuttgart von dem Treffen mit russischen MenschenrechtsaktivistInnen und Pers\u00f6nlichkeiten des \u00f6ffentlichen Lebens.","breadcrumb":{"@id":"https:\/\/www.human-rights-year.com\/de\/2019\/10\/30\/unsere-vortragsreihe-begann-am-tag-des-russischen-politischen-gefangenen-in-stuttgart-online-uebertragung\/#breadcrumb"},"inLanguage":"de","potentialAction":[{"@type":"ReadAction","target":["https:\/\/www.human-rights-year.com\/de\/2019\/10\/30\/unsere-vortragsreihe-begann-am-tag-des-russischen-politischen-gefangenen-in-stuttgart-online-uebertragung\/"]}]},{"@type":"BreadcrumbList","@id":"https:\/\/www.human-rights-year.com\/de\/2019\/10\/30\/unsere-vortragsreihe-begann-am-tag-des-russischen-politischen-gefangenen-in-stuttgart-online-uebertragung\/#breadcrumb","itemListElement":[{"@type":"ListItem","position":1,"name":"\u0413\u043b\u0430\u0432\u043d\u0430\u044f \u0441\u0442\u0440\u0430\u043d\u0438\u0446\u0430","item":"https:\/\/www.human-rights-year.com\/de\/"},{"@type":"ListItem","position":2,"name":"Unsere Vortragsreihe begann am Tag des russischen politischen Gefangenen in Stuttgart (Online-\u00dcbertragung)"}]},{"@type":"Person","@id":"https:\/\/www.human-rights-year.com\/#\/schema\/person\/54d85daa1545786aba6f5320df79bb4c","name":"Human Rights Year","image":{"@type":"ImageObject","inLanguage":"de","@id":"https:\/\/www.human-rights-year.com\/#\/schema\/person\/image\/","url":"https:\/\/secure.gravatar.com\/avatar\/685b0e722b7b569d9169f933abfd5f26?s=96&d=mm&r=g","contentUrl":"https:\/\/secure.gravatar.com\/avatar\/685b0e722b7b569d9169f933abfd5f26?s=96&d=mm&r=g","caption":"Human Rights Year"},"description":"\u041d\u0435\u043c\u0435\u0446\u043a\u043e - \u0440\u043e\u0441\u0441\u0438\u0439\u0441\u043a\u0438\u0439 \u0433\u043e\u0434 \u043f\u0440\u0430\u0432 \u0447\u0435\u043b\u043e\u0432\u0435\u043a\u0430 \u041f\u0440\u043e\u0435\u043a\u0442 \u0438\u043d\u0444\u043e\u0440\u043c\u0438\u0440\u0443\u0435\u0442 \u043d\u0435\u043c\u0435\u0446\u043a\u043e\u0435 \u043e\u0431\u0449\u0435\u0441\u0442\u0432\u043e,\u00a0 \u0432 \u0442\u043e\u043c \u0447\u0438\u0441\u043b\u0435 \u0435\u0433\u043e \u0440\u0443\u0441\u0441\u043a\u043e\u044f\u0437\u044b\u0447\u043d\u0443\u044e \u0447\u0430\u0441\u0442\u044c, \u043e \u0441\u0438\u0442\u0443\u0430\u0446\u0438\u0438 \u0441 \u0441\u043e\u0431\u043b\u044e\u0434\u0435\u043d\u0438\u0435\u043c \u043f\u0440\u0430\u0432 \u0447\u0435\u043b\u043e\u0432\u0435\u043a\u0430 \u0432 \u0420\u043e\u0441\u0441\u0438\u0438; \u0430 \u0440\u043e\u0441\u0441\u0438\u044f\u043d - \u043e \u0441\u0438\u0442\u0443\u0430\u0446\u0438\u0438 \u0432 \u044d\u0442\u043e\u0439 \u043e\u0431\u043b\u0430\u0441\u0442\u0438 \u0432 \u0413\u0435\u0440\u043c\u0430\u043d\u0438\u0438. \u0420\u0435\u0430\u043b\u0438\u0437\u0443\u0435\u0442\u0441\u044f \u043f\u0440\u0438 \u0443\u0447\u0430\u0441\u0442\u0438\u0438 \u0440\u043e\u0441\u0441\u0438\u0439\u0441\u043a\u043e\u0433\u043e \u043f\u0440\u0430\u0432\u043e\u0437\u0430\u0449\u0438\u0442\u043d\u043e\u0433\u043e \u0446\u0435\u043d\u0442\u0440\u0430 \u201c\u041c\u0435\u043c\u043e\u0440\u0438\u0430\u043b\u201d \u0438 \u0424\u043e\u0440\u0443\u043c\u0430 \u0440\u0443\u0441\u0441\u043a\u043e\u044f\u0437\u044b\u0447\u043d\u044b\u0445 \u0435\u0432\u0440\u043e\u043f\u0435\u0439\u0446\u0435\u0432, \u0430 \u0442\u0430\u043a\u0436\u0435 \u043f\u0440\u0438 \u043f\u043e\u0434\u0434\u0435\u0440\u0436\u043a\u0435 \u0433\u0435\u0440\u043c\u0430\u043d\u0441\u043a\u043e\u0433\u043e \u041c\u0418\u0414\u0430.","sameAs":["https:\/\/www.human-rights-year.com"],"url":"https:\/\/www.human-rights-year.com\/de\/author\/humanrightsyear\/"}]}},"_links":{"self":[{"href":"https:\/\/www.human-rights-year.com\/de\/wp-json\/wp\/v2\/posts\/2156"}],"collection":[{"href":"https:\/\/www.human-rights-year.com\/de\/wp-json\/wp\/v2\/posts"}],"about":[{"href":"https:\/\/www.human-rights-year.com\/de\/wp-json\/wp\/v2\/types\/post"}],"author":[{"embeddable":true,"href":"https:\/\/www.human-rights-year.com\/de\/wp-json\/wp\/v2\/users\/1"}],"replies":[{"embeddable":true,"href":"https:\/\/www.human-rights-year.com\/de\/wp-json\/wp\/v2\/comments?post=2156"}],"version-history":[{"count":0,"href":"https:\/\/www.human-rights-year.com\/de\/wp-json\/wp\/v2\/posts\/2156\/revisions"}],"wp:featuredmedia":[{"embeddable":true,"href":"https:\/\/www.human-rights-year.com\/de\/wp-json\/wp\/v2\/media\/2153"}],"wp:attachment":[{"href":"https:\/\/www.human-rights-year.com\/de\/wp-json\/wp\/v2\/media?parent=2156"}],"wp:term":[{"taxonomy":"category","embeddable":true,"href":"https:\/\/www.human-rights-year.com\/de\/wp-json\/wp\/v2\/categories?post=2156"},{"taxonomy":"post_tag","embeddable":true,"href":"https:\/\/www.human-rights-year.com\/de\/wp-json\/wp\/v2\/tags?post=2156"}],"curies":[{"name":"wp","href":"https:\/\/api.w.org\/{rel}","templated":true}]}}