{"id":2119,"date":"2019-10-29T11:01:41","date_gmt":"2019-10-29T10:01:41","guid":{"rendered":"https:\/\/www.human-rights-year.com\/?p=2119"},"modified":"2019-10-29T11:01:41","modified_gmt":"2019-10-29T10:01:41","slug":"der-zug-mit-radioaktiven-abfaellen-ging-nach-russland-unter-dem-protest-deutscher-umweltschuetzerinnen","status":"publish","type":"post","link":"https:\/\/www.human-rights-year.com\/de\/2019\/10\/29\/der-zug-mit-radioaktiven-abfaellen-ging-nach-russland-unter-dem-protest-deutscher-umweltschuetzerinnen\/","title":{"rendered":"Der Zug mit radioaktiven Abf\u00e4llen ging nach Russland unter dem Protest deutscher Umweltsch\u00fctzerInnen"},"content":{"rendered":"<p>Am Montag, den 28. Oktober 2019, verlie\u00df der &#8222;radioaktive&#8220; Zug der Firma Urenco den Bahnhof von M\u00fcnster. Der Abfahrtsprozess des Zuges aus dem Werk Gronau wurde von deutschen Aktivisten und Journalisten gefilmt.<\/p>\n<p>Es wird davon ausgegangen, dass die &#8222;Uranschweife&#8220; in den Hafen von Amsterdam gelangen, von wo aus sie auf dem Seeweg nach St. Petersburg geliefert werden, und dann mit dem Zug nach Nowouralsk, wo sie auch unter freiem Himmel begraben werden, mit einem st\u00e4ndigen Risiko von Ausl\u00e4ufen, radioaktiver und chemischer Kontamination der Umwelt.<\/p>\n<p>Im Bahnhof M\u00fcnster wurde der Abfahrtsprozess des Zuges mit gef\u00e4hrlichem Inhalt von einer Protestaktion der Teilnehmer der Deutschen Anti-Atombewegung begleitet.<\/p>\n<p>Deutsche Umweltsch\u00fctzer fordern die Schlie\u00dfung des Kernkraftwerks in Deutschland und die Einstellung des Exports radioaktiver Abf\u00e4lle nach Russland &#8211; auch wenn sie nicht als Abf\u00e4lle, sondern als Rohstoffe zur Verarbeitung bezeichnet werden. Tats\u00e4chlich werden, wie deutsche \u00d6koaktivisten herausgefunden haben, mindestens 90% dieser &#8222;Rohstoffe&#8220; in Russland einfach auf &#8222;nuklearen Gr\u00e4berfeldern&#8220; vergraben.<\/p>\n<p>Russische Umweltorganisationen &#8211; Greenpeace, Bellona, Eco-protection &#8211; sind ebenfalls kategorisch gegen die Einfuhr radioaktiver Abf\u00e4lle, zumal sie gesetzlich verboten sind.<\/p>\n<p>Der Vertreter von &#8222;Ecozaschita&#8220; Vladimir Slivyak sagte: &#8222;Rosatom kann es als Rohstoff bezeichnen, sogar als Rosen oder Kuchen, aber in Wirklichkeit sind es Abf\u00e4lle des Urananreicherungsprozesses. Sie sammeln sich in Gronau in gro\u00dfen Mengen an und werden auf dem billigsten Weg entsorgt. Mehr als 90% dieser Abf\u00e4lle werden im Freien verbleiben und auf den Bestattungsplan in Russland warten. Dieses kriminelle Gesch\u00e4ft muss sofort gestoppt werden!<\/p>\n<p><a href=\"http:\/\/activatica.org\/blogs\/view\/id\/8340\/title\/sostav-s-radioaktivnymi-othodami-otpravilsya-v-rossiyu-pod-protesty-nemeckih-jekologov\" target=\"_blank\" rel=\"noopener noreferrer\">Quelle<\/a><\/p>\n<p><a href=\"https:\/\/twitter.com\/urantransport\" target=\"_blank\" rel=\"noopener noreferrer\">Illustration<\/a><\/p>\n","protected":false},"excerpt":{"rendered":"<p>Am Montag, den 28. Oktober 2019, verlie\u00df der &#8222;radioaktive&#8220; Zug der Firma Urenco den Bahnhof von M\u00fcnster. Der Abfahrtsprozess des Zuges aus dem Werk Gronau<\/p>\n","protected":false},"author":1,"featured_media":2118,"comment_status":"closed","ping_status":"open","sticky":false,"template":"","format":"standard","meta":[],"categories":[15,12],"tags":[],"yoast_head":"<!-- This site is optimized with the Yoast SEO plugin v19.4 - https:\/\/yoast.com\/wordpress\/plugins\/seo\/ -->\n<title>Der Zug mit radioaktiven Abf\u00e4llen ging nach Russland unter dem Protest deutscher Umweltsch\u00fctzerInnen - Europ\u00e4ischer Menschenrechtsdialog<\/title>\n<meta name=\"description\" content=\"Am Montag, den 28. Oktober 2019, verlie\u00df der &quot;radioaktive&quot; Zug der Firma Urenco den Bahnhof von M\u00fcnster. Der Abfahrtsprozess des Zuges aus dem Werk Gronau wurde von deutschen Aktivisten und Journalisten gefilmt.\" \/>\n<meta name=\"robots\" content=\"index, follow, max-snippet:-1, max-image-preview:large, max-video-preview:-1\" \/>\n<link rel=\"canonical\" href=\"https:\/\/www.human-rights-year.com\/de\/2019\/10\/29\/der-zug-mit-radioaktiven-abfaellen-ging-nach-russland-unter-dem-protest-deutscher-umweltschuetzerinnen\/\" \/>\n<meta property=\"og:locale\" content=\"de_DE\" \/>\n<meta property=\"og:type\" content=\"article\" \/>\n<meta property=\"og:title\" content=\"Der Zug mit radioaktiven Abf\u00e4llen ging nach Russland unter dem Protest deutscher Umweltsch\u00fctzerInnen - Europ\u00e4ischer Menschenrechtsdialog\" \/>\n<meta property=\"og:description\" content=\"Am Montag, den 28. Oktober 2019, verlie\u00df der &quot;radioaktive&quot; Zug der Firma Urenco den Bahnhof von M\u00fcnster. Der Abfahrtsprozess des Zuges aus dem Werk Gronau wurde von deutschen Aktivisten und Journalisten gefilmt.\" \/>\n<meta property=\"og:url\" content=\"https:\/\/www.human-rights-year.com\/de\/2019\/10\/29\/der-zug-mit-radioaktiven-abfaellen-ging-nach-russland-unter-dem-protest-deutscher-umweltschuetzerinnen\/\" \/>\n<meta property=\"og:site_name\" content=\"Europ\u00e4ischer Menschenrechtsdialog\" \/>\n<meta property=\"article:published_time\" content=\"2019-10-29T10:01:41+00:00\" \/>\n<meta property=\"og:image\" content=\"https:\/\/www.human-rights-year.com\/wp-content\/uploads\/2019\/10\/oeko.jpg\" \/>\n\t<meta property=\"og:image:width\" content=\"2048\" \/>\n\t<meta property=\"og:image:height\" content=\"1536\" \/>\n\t<meta property=\"og:image:type\" content=\"image\/jpeg\" \/>\n<meta name=\"author\" content=\"Human Rights Year\" \/>\n<meta name=\"twitter:card\" content=\"summary_large_image\" \/>\n<meta name=\"twitter:label1\" content=\"Verfasst von\" \/>\n\t<meta name=\"twitter:data1\" content=\"Human Rights Year\" \/>\n\t<meta name=\"twitter:label2\" content=\"Gesch\u00e4tzte Lesezeit\" \/>\n\t<meta name=\"twitter:data2\" content=\"1\u00a0Minute\" \/>\n<script type=\"application\/ld+json\" class=\"yoast-schema-graph\">{\"@context\":\"https:\/\/schema.org\",\"@graph\":[{\"@type\":\"WebSite\",\"@id\":\"https:\/\/www.human-rights-year.com\/#website\",\"url\":\"https:\/\/www.human-rights-year.com\/\",\"name\":\"\u0415\u0432\u0440\u043e\u043f\u0435\u0439\u0441\u043a\u0438\u0439 \u043f\u0440\u0430\u0432\u043e\u0437\u0430\u0449\u0438\u0442\u043d\u044b\u0439 \u0434\u0438\u0430\u043b\u043e\u0433\",\"description\":\" \",\"potentialAction\":[{\"@type\":\"SearchAction\",\"target\":{\"@type\":\"EntryPoint\",\"urlTemplate\":\"https:\/\/www.human-rights-year.com\/?s={search_term_string}\"},\"query-input\":\"required name=search_term_string\"}],\"inLanguage\":\"de\"},{\"@type\":\"WebPage\",\"@id\":\"https:\/\/www.human-rights-year.com\/de\/2019\/10\/29\/der-zug-mit-radioaktiven-abfaellen-ging-nach-russland-unter-dem-protest-deutscher-umweltschuetzerinnen\/\",\"url\":\"https:\/\/www.human-rights-year.com\/de\/2019\/10\/29\/der-zug-mit-radioaktiven-abfaellen-ging-nach-russland-unter-dem-protest-deutscher-umweltschuetzerinnen\/\",\"name\":\"Der Zug mit radioaktiven Abf\u00e4llen ging nach Russland unter dem Protest deutscher Umweltsch\u00fctzerInnen - Europ\u00e4ischer Menschenrechtsdialog\",\"isPartOf\":{\"@id\":\"https:\/\/www.human-rights-year.com\/#website\"},\"datePublished\":\"2019-10-29T10:01:41+00:00\",\"dateModified\":\"2019-10-29T10:01:41+00:00\",\"author\":{\"@id\":\"https:\/\/www.human-rights-year.com\/#\/schema\/person\/54d85daa1545786aba6f5320df79bb4c\"},\"description\":\"Am Montag, den 28. Oktober 2019, verlie\u00df der \\\"radioaktive\\\" Zug der Firma Urenco den Bahnhof von M\u00fcnster. Der Abfahrtsprozess des Zuges aus dem Werk Gronau wurde von deutschen Aktivisten und Journalisten gefilmt.\",\"breadcrumb\":{\"@id\":\"https:\/\/www.human-rights-year.com\/de\/2019\/10\/29\/der-zug-mit-radioaktiven-abfaellen-ging-nach-russland-unter-dem-protest-deutscher-umweltschuetzerinnen\/#breadcrumb\"},\"inLanguage\":\"de\",\"potentialAction\":[{\"@type\":\"ReadAction\",\"target\":[\"https:\/\/www.human-rights-year.com\/de\/2019\/10\/29\/der-zug-mit-radioaktiven-abfaellen-ging-nach-russland-unter-dem-protest-deutscher-umweltschuetzerinnen\/\"]}]},{\"@type\":\"BreadcrumbList\",\"@id\":\"https:\/\/www.human-rights-year.com\/de\/2019\/10\/29\/der-zug-mit-radioaktiven-abfaellen-ging-nach-russland-unter-dem-protest-deutscher-umweltschuetzerinnen\/#breadcrumb\",\"itemListElement\":[{\"@type\":\"ListItem\",\"position\":1,\"name\":\"\u0413\u043b\u0430\u0432\u043d\u0430\u044f \u0441\u0442\u0440\u0430\u043d\u0438\u0446\u0430\",\"item\":\"https:\/\/www.human-rights-year.com\/de\/\"},{\"@type\":\"ListItem\",\"position\":2,\"name\":\"Der Zug mit radioaktiven Abf\u00e4llen ging nach Russland unter dem Protest deutscher Umweltsch\u00fctzerInnen\"}]},{\"@type\":\"Person\",\"@id\":\"https:\/\/www.human-rights-year.com\/#\/schema\/person\/54d85daa1545786aba6f5320df79bb4c\",\"name\":\"Human Rights Year\",\"image\":{\"@type\":\"ImageObject\",\"inLanguage\":\"de\",\"@id\":\"https:\/\/www.human-rights-year.com\/#\/schema\/person\/image\/\",\"url\":\"https:\/\/secure.gravatar.com\/avatar\/685b0e722b7b569d9169f933abfd5f26?s=96&d=mm&r=g\",\"contentUrl\":\"https:\/\/secure.gravatar.com\/avatar\/685b0e722b7b569d9169f933abfd5f26?s=96&d=mm&r=g\",\"caption\":\"Human Rights Year\"},\"description\":\"\u041d\u0435\u043c\u0435\u0446\u043a\u043e - \u0440\u043e\u0441\u0441\u0438\u0439\u0441\u043a\u0438\u0439 \u0433\u043e\u0434 \u043f\u0440\u0430\u0432 \u0447\u0435\u043b\u043e\u0432\u0435\u043a\u0430 \u041f\u0440\u043e\u0435\u043a\u0442 \u0438\u043d\u0444\u043e\u0440\u043c\u0438\u0440\u0443\u0435\u0442 \u043d\u0435\u043c\u0435\u0446\u043a\u043e\u0435 \u043e\u0431\u0449\u0435\u0441\u0442\u0432\u043e,\u00a0 \u0432 \u0442\u043e\u043c \u0447\u0438\u0441\u043b\u0435 \u0435\u0433\u043e \u0440\u0443\u0441\u0441\u043a\u043e\u044f\u0437\u044b\u0447\u043d\u0443\u044e \u0447\u0430\u0441\u0442\u044c, \u043e \u0441\u0438\u0442\u0443\u0430\u0446\u0438\u0438 \u0441 \u0441\u043e\u0431\u043b\u044e\u0434\u0435\u043d\u0438\u0435\u043c \u043f\u0440\u0430\u0432 \u0447\u0435\u043b\u043e\u0432\u0435\u043a\u0430 \u0432 \u0420\u043e\u0441\u0441\u0438\u0438; \u0430 \u0440\u043e\u0441\u0441\u0438\u044f\u043d - \u043e \u0441\u0438\u0442\u0443\u0430\u0446\u0438\u0438 \u0432 \u044d\u0442\u043e\u0439 \u043e\u0431\u043b\u0430\u0441\u0442\u0438 \u0432 \u0413\u0435\u0440\u043c\u0430\u043d\u0438\u0438. \u0420\u0435\u0430\u043b\u0438\u0437\u0443\u0435\u0442\u0441\u044f \u043f\u0440\u0438 \u0443\u0447\u0430\u0441\u0442\u0438\u0438 \u0440\u043e\u0441\u0441\u0438\u0439\u0441\u043a\u043e\u0433\u043e \u043f\u0440\u0430\u0432\u043e\u0437\u0430\u0449\u0438\u0442\u043d\u043e\u0433\u043e \u0446\u0435\u043d\u0442\u0440\u0430 \u201c\u041c\u0435\u043c\u043e\u0440\u0438\u0430\u043b\u201d \u0438 \u0424\u043e\u0440\u0443\u043c\u0430 \u0440\u0443\u0441\u0441\u043a\u043e\u044f\u0437\u044b\u0447\u043d\u044b\u0445 \u0435\u0432\u0440\u043e\u043f\u0435\u0439\u0446\u0435\u0432, \u0430 \u0442\u0430\u043a\u0436\u0435 \u043f\u0440\u0438 \u043f\u043e\u0434\u0434\u0435\u0440\u0436\u043a\u0435 \u0433\u0435\u0440\u043c\u0430\u043d\u0441\u043a\u043e\u0433\u043e \u041c\u0418\u0414\u0430.\",\"sameAs\":[\"https:\/\/www.human-rights-year.com\"],\"url\":\"https:\/\/www.human-rights-year.com\/de\/author\/humanrightsyear\/\"}]}<\/script>\n<!-- \/ Yoast SEO plugin. -->","yoast_head_json":{"title":"Der Zug mit radioaktiven Abf\u00e4llen ging nach Russland unter dem Protest deutscher Umweltsch\u00fctzerInnen - Europ\u00e4ischer Menschenrechtsdialog","description":"Am Montag, den 28. Oktober 2019, verlie\u00df der \"radioaktive\" Zug der Firma Urenco den Bahnhof von M\u00fcnster. Der Abfahrtsprozess des Zuges aus dem Werk Gronau wurde von deutschen Aktivisten und Journalisten gefilmt.","robots":{"index":"index","follow":"follow","max-snippet":"max-snippet:-1","max-image-preview":"max-image-preview:large","max-video-preview":"max-video-preview:-1"},"canonical":"https:\/\/www.human-rights-year.com\/de\/2019\/10\/29\/der-zug-mit-radioaktiven-abfaellen-ging-nach-russland-unter-dem-protest-deutscher-umweltschuetzerinnen\/","og_locale":"de_DE","og_type":"article","og_title":"Der Zug mit radioaktiven Abf\u00e4llen ging nach Russland unter dem Protest deutscher Umweltsch\u00fctzerInnen - Europ\u00e4ischer Menschenrechtsdialog","og_description":"Am Montag, den 28. Oktober 2019, verlie\u00df der \"radioaktive\" Zug der Firma Urenco den Bahnhof von M\u00fcnster. Der Abfahrtsprozess des Zuges aus dem Werk Gronau wurde von deutschen Aktivisten und Journalisten gefilmt.","og_url":"https:\/\/www.human-rights-year.com\/de\/2019\/10\/29\/der-zug-mit-radioaktiven-abfaellen-ging-nach-russland-unter-dem-protest-deutscher-umweltschuetzerinnen\/","og_site_name":"Europ\u00e4ischer Menschenrechtsdialog","article_published_time":"2019-10-29T10:01:41+00:00","og_image":[{"width":2048,"height":1536,"url":"https:\/\/www.human-rights-year.com\/wp-content\/uploads\/2019\/10\/oeko.jpg","type":"image\/jpeg"}],"author":"Human Rights Year","twitter_card":"summary_large_image","twitter_misc":{"Verfasst von":"Human Rights Year","Gesch\u00e4tzte Lesezeit":"1\u00a0Minute"},"schema":{"@context":"https:\/\/schema.org","@graph":[{"@type":"WebSite","@id":"https:\/\/www.human-rights-year.com\/#website","url":"https:\/\/www.human-rights-year.com\/","name":"\u0415\u0432\u0440\u043e\u043f\u0435\u0439\u0441\u043a\u0438\u0439 \u043f\u0440\u0430\u0432\u043e\u0437\u0430\u0449\u0438\u0442\u043d\u044b\u0439 \u0434\u0438\u0430\u043b\u043e\u0433","description":" ","potentialAction":[{"@type":"SearchAction","target":{"@type":"EntryPoint","urlTemplate":"https:\/\/www.human-rights-year.com\/?s={search_term_string}"},"query-input":"required name=search_term_string"}],"inLanguage":"de"},{"@type":"WebPage","@id":"https:\/\/www.human-rights-year.com\/de\/2019\/10\/29\/der-zug-mit-radioaktiven-abfaellen-ging-nach-russland-unter-dem-protest-deutscher-umweltschuetzerinnen\/","url":"https:\/\/www.human-rights-year.com\/de\/2019\/10\/29\/der-zug-mit-radioaktiven-abfaellen-ging-nach-russland-unter-dem-protest-deutscher-umweltschuetzerinnen\/","name":"Der Zug mit radioaktiven Abf\u00e4llen ging nach Russland unter dem Protest deutscher Umweltsch\u00fctzerInnen - Europ\u00e4ischer Menschenrechtsdialog","isPartOf":{"@id":"https:\/\/www.human-rights-year.com\/#website"},"datePublished":"2019-10-29T10:01:41+00:00","dateModified":"2019-10-29T10:01:41+00:00","author":{"@id":"https:\/\/www.human-rights-year.com\/#\/schema\/person\/54d85daa1545786aba6f5320df79bb4c"},"description":"Am Montag, den 28. Oktober 2019, verlie\u00df der \"radioaktive\" Zug der Firma Urenco den Bahnhof von M\u00fcnster. Der Abfahrtsprozess des Zuges aus dem Werk Gronau wurde von deutschen Aktivisten und Journalisten gefilmt.","breadcrumb":{"@id":"https:\/\/www.human-rights-year.com\/de\/2019\/10\/29\/der-zug-mit-radioaktiven-abfaellen-ging-nach-russland-unter-dem-protest-deutscher-umweltschuetzerinnen\/#breadcrumb"},"inLanguage":"de","potentialAction":[{"@type":"ReadAction","target":["https:\/\/www.human-rights-year.com\/de\/2019\/10\/29\/der-zug-mit-radioaktiven-abfaellen-ging-nach-russland-unter-dem-protest-deutscher-umweltschuetzerinnen\/"]}]},{"@type":"BreadcrumbList","@id":"https:\/\/www.human-rights-year.com\/de\/2019\/10\/29\/der-zug-mit-radioaktiven-abfaellen-ging-nach-russland-unter-dem-protest-deutscher-umweltschuetzerinnen\/#breadcrumb","itemListElement":[{"@type":"ListItem","position":1,"name":"\u0413\u043b\u0430\u0432\u043d\u0430\u044f \u0441\u0442\u0440\u0430\u043d\u0438\u0446\u0430","item":"https:\/\/www.human-rights-year.com\/de\/"},{"@type":"ListItem","position":2,"name":"Der Zug mit radioaktiven Abf\u00e4llen ging nach Russland unter dem Protest deutscher Umweltsch\u00fctzerInnen"}]},{"@type":"Person","@id":"https:\/\/www.human-rights-year.com\/#\/schema\/person\/54d85daa1545786aba6f5320df79bb4c","name":"Human Rights Year","image":{"@type":"ImageObject","inLanguage":"de","@id":"https:\/\/www.human-rights-year.com\/#\/schema\/person\/image\/","url":"https:\/\/secure.gravatar.com\/avatar\/685b0e722b7b569d9169f933abfd5f26?s=96&d=mm&r=g","contentUrl":"https:\/\/secure.gravatar.com\/avatar\/685b0e722b7b569d9169f933abfd5f26?s=96&d=mm&r=g","caption":"Human Rights Year"},"description":"\u041d\u0435\u043c\u0435\u0446\u043a\u043e - \u0440\u043e\u0441\u0441\u0438\u0439\u0441\u043a\u0438\u0439 \u0433\u043e\u0434 \u043f\u0440\u0430\u0432 \u0447\u0435\u043b\u043e\u0432\u0435\u043a\u0430 \u041f\u0440\u043e\u0435\u043a\u0442 \u0438\u043d\u0444\u043e\u0440\u043c\u0438\u0440\u0443\u0435\u0442 \u043d\u0435\u043c\u0435\u0446\u043a\u043e\u0435 \u043e\u0431\u0449\u0435\u0441\u0442\u0432\u043e,\u00a0 \u0432 \u0442\u043e\u043c \u0447\u0438\u0441\u043b\u0435 \u0435\u0433\u043e \u0440\u0443\u0441\u0441\u043a\u043e\u044f\u0437\u044b\u0447\u043d\u0443\u044e \u0447\u0430\u0441\u0442\u044c, \u043e \u0441\u0438\u0442\u0443\u0430\u0446\u0438\u0438 \u0441 \u0441\u043e\u0431\u043b\u044e\u0434\u0435\u043d\u0438\u0435\u043c \u043f\u0440\u0430\u0432 \u0447\u0435\u043b\u043e\u0432\u0435\u043a\u0430 \u0432 \u0420\u043e\u0441\u0441\u0438\u0438; \u0430 \u0440\u043e\u0441\u0441\u0438\u044f\u043d - \u043e \u0441\u0438\u0442\u0443\u0430\u0446\u0438\u0438 \u0432 \u044d\u0442\u043e\u0439 \u043e\u0431\u043b\u0430\u0441\u0442\u0438 \u0432 \u0413\u0435\u0440\u043c\u0430\u043d\u0438\u0438. \u0420\u0435\u0430\u043b\u0438\u0437\u0443\u0435\u0442\u0441\u044f \u043f\u0440\u0438 \u0443\u0447\u0430\u0441\u0442\u0438\u0438 \u0440\u043e\u0441\u0441\u0438\u0439\u0441\u043a\u043e\u0433\u043e \u043f\u0440\u0430\u0432\u043e\u0437\u0430\u0449\u0438\u0442\u043d\u043e\u0433\u043e \u0446\u0435\u043d\u0442\u0440\u0430 \u201c\u041c\u0435\u043c\u043e\u0440\u0438\u0430\u043b\u201d \u0438 \u0424\u043e\u0440\u0443\u043c\u0430 \u0440\u0443\u0441\u0441\u043a\u043e\u044f\u0437\u044b\u0447\u043d\u044b\u0445 \u0435\u0432\u0440\u043e\u043f\u0435\u0439\u0446\u0435\u0432, \u0430 \u0442\u0430\u043a\u0436\u0435 \u043f\u0440\u0438 \u043f\u043e\u0434\u0434\u0435\u0440\u0436\u043a\u0435 \u0433\u0435\u0440\u043c\u0430\u043d\u0441\u043a\u043e\u0433\u043e \u041c\u0418\u0414\u0430.","sameAs":["https:\/\/www.human-rights-year.com"],"url":"https:\/\/www.human-rights-year.com\/de\/author\/humanrightsyear\/"}]}},"_links":{"self":[{"href":"https:\/\/www.human-rights-year.com\/de\/wp-json\/wp\/v2\/posts\/2119"}],"collection":[{"href":"https:\/\/www.human-rights-year.com\/de\/wp-json\/wp\/v2\/posts"}],"about":[{"href":"https:\/\/www.human-rights-year.com\/de\/wp-json\/wp\/v2\/types\/post"}],"author":[{"embeddable":true,"href":"https:\/\/www.human-rights-year.com\/de\/wp-json\/wp\/v2\/users\/1"}],"replies":[{"embeddable":true,"href":"https:\/\/www.human-rights-year.com\/de\/wp-json\/wp\/v2\/comments?post=2119"}],"version-history":[{"count":0,"href":"https:\/\/www.human-rights-year.com\/de\/wp-json\/wp\/v2\/posts\/2119\/revisions"}],"wp:featuredmedia":[{"embeddable":true,"href":"https:\/\/www.human-rights-year.com\/de\/wp-json\/wp\/v2\/media\/2118"}],"wp:attachment":[{"href":"https:\/\/www.human-rights-year.com\/de\/wp-json\/wp\/v2\/media?parent=2119"}],"wp:term":[{"taxonomy":"category","embeddable":true,"href":"https:\/\/www.human-rights-year.com\/de\/wp-json\/wp\/v2\/categories?post=2119"},{"taxonomy":"post_tag","embeddable":true,"href":"https:\/\/www.human-rights-year.com\/de\/wp-json\/wp\/v2\/tags?post=2119"}],"curies":[{"name":"wp","href":"https:\/\/api.w.org\/{rel}","templated":true}]}}