{"id":2114,"date":"2019-10-29T10:05:00","date_gmt":"2019-10-29T09:05:00","guid":{"rendered":"https:\/\/www.human-rights-year.com\/?p=2114"},"modified":"2019-10-29T10:06:23","modified_gmt":"2019-10-29T09:06:23","slug":"fsb-mitarbeiter-brachten-einen-bewohner-kalugas-der-wegen-seiner-posts-in-sozialen-netzwerke-angeklagt-war-in-den-wald-und-schlugen-ihn-zusammen-experte-schlaege-haben-keine-gesundheitlichen-schaeden","status":"publish","type":"post","link":"https:\/\/www.human-rights-year.com\/de\/2019\/10\/29\/fsb-mitarbeiter-brachten-einen-bewohner-kalugas-der-wegen-seiner-posts-in-sozialen-netzwerke-angeklagt-war-in-den-wald-und-schlugen-ihn-zusammen-experte-schlaege-haben-keine-gesundheitlichen-schaeden\/","title":{"rendered":"FSB-Mitarbeiter brachten einen Bewohner Kalugas, der wegen seiner Posts in sozialen Netzwerken angeklagt war, in den Wald und schlugen ihn zusammen. Experte: Schl\u00e4ge haben keine gesundheitlichen Sch\u00e4den verursachten"},"content":{"rendered":"<h5><em>Foto: Ivan Lyubshin zwei Tage nachdem die FSB-Mitarbeiter ihn in den Wald gebracht und verpr\u00fcgelt hatten. Kaluga, 17. Oktober 2019<\/em><br \/>\n<em>Archiv von Ivan Lyubshin<\/em><\/h5>\n<p>Am 15. Oktober wurde in Kaluga ein Anwohner &#8211; der 36-j\u00e4hrige Ivan Lyubshin &#8211; festgenommen. Ihm wurde vorgeworfen, wegen eines Kommentars in &#8222;VKontakte&#8220; den Terrorismus zu rechtfertigen, er wurde f\u00fcr zwei Monate unter Hausarrest gestellt. Lyubshin wurde wegen seiner sozialen Netzwerkposten bereits verfolgt: 2017 wurde ihm vorgeworfen, Pornografie, Extremismus und die Rehabilitierung des Nationalsozialismus verbreitet zu haben &#8211; in fast allen F\u00e4llen endete es mit Geldstrafen. Ivans Vater, Viktor Lyubshin, erz\u00e4hlte, dass sein Sohn w\u00e4hrend seiner Verhaftung im Oktober in den Wald gebracht und von FSB-Mitarbeitern schwer geschlagen wurde. Die Verletzungen wurden registriert, aber die Experten behaupten, dass &#8222;sie der Gesundheit keinen Schaden zugef\u00fcgt haben.&#8220;<\/p>\n<p><a href=\"https:\/\/meduza.io\/feature\/2019\/10\/29\/sotrudniki-fsb-vyvezli-zhitelya-kalugi-obvinyaemogo-iz-za-postov-v-sotssetyah-v-les-i-izbili-eksperty-reshili-chto-poboi-ne-prichinili-vreda-zdorovyu?utm_source=facebook&amp;utm_medium=main&amp;fbclid=IwAR103iPks6lTKmLarw0lqt9kK3plLLZjqQKw91lmoI2GZNd0wcjOJBOJdDA\" target=\"_blank\" rel=\"noopener noreferrer\">Quelle<\/a><\/p>\n","protected":false},"excerpt":{"rendered":"<p>Foto: Ivan Lyubshin zwei Tage nachdem die FSB-Mitarbeiter ihn in den Wald gebracht und verpr\u00fcgelt hatten. Kaluga, 17. Oktober 2019 Archiv von Ivan Lyubshin Am<\/p>\n","protected":false},"author":1,"featured_media":2113,"comment_status":"closed","ping_status":"open","sticky":false,"template":"","format":"standard","meta":[],"categories":[20,12],"tags":[],"yoast_head":"<!-- This site is optimized with the Yoast SEO plugin v19.4 - https:\/\/yoast.com\/wordpress\/plugins\/seo\/ -->\n<title>FSB-Mitarbeiter brachten einen Bewohner Kalugas, der wegen seiner Posts in sozialen Netzwerken angeklagt war, in den Wald und schlugen ihn zusammen. Experte: Schl\u00e4ge haben keine gesundheitlichen Sch\u00e4den verursachten - Europ\u00e4ischer Menschenrechtsdialog<\/title>\n<meta name=\"description\" content=\"Am 15. Oktober wurde in Kaluga ein Anwohner - der 36-j\u00e4hrige Ivan Lyubshin - festgenommen. Ihm wurde vorgeworfen, wegen eines Kommentars in &quot;VKontakte&quot; den Terrorismus zu rechtfertigen, er wurde f\u00fcr zwei Monate unter Hausarrest gestellt.\" \/>\n<meta name=\"robots\" content=\"index, follow, max-snippet:-1, max-image-preview:large, max-video-preview:-1\" \/>\n<link rel=\"canonical\" href=\"https:\/\/www.human-rights-year.com\/de\/2019\/10\/29\/fsb-mitarbeiter-brachten-einen-bewohner-kalugas-der-wegen-seiner-posts-in-sozialen-netzwerke-angeklagt-war-in-den-wald-und-schlugen-ihn-zusammen-experte-schlaege-haben-keine-gesundheitlichen-schaeden\/\" \/>\n<meta property=\"og:locale\" content=\"de_DE\" \/>\n<meta property=\"og:type\" content=\"article\" \/>\n<meta property=\"og:title\" content=\"FSB-Mitarbeiter brachten einen Bewohner Kalugas, der wegen seiner Posts in sozialen Netzwerken angeklagt war, in den Wald und schlugen ihn zusammen. Experte: Schl\u00e4ge haben keine gesundheitlichen Sch\u00e4den verursachten - Europ\u00e4ischer Menschenrechtsdialog\" \/>\n<meta property=\"og:description\" content=\"Am 15. Oktober wurde in Kaluga ein Anwohner - der 36-j\u00e4hrige Ivan Lyubshin - festgenommen. Ihm wurde vorgeworfen, wegen eines Kommentars in &quot;VKontakte&quot; den Terrorismus zu rechtfertigen, er wurde f\u00fcr zwei Monate unter Hausarrest gestellt.\" \/>\n<meta property=\"og:url\" content=\"https:\/\/www.human-rights-year.com\/de\/2019\/10\/29\/fsb-mitarbeiter-brachten-einen-bewohner-kalugas-der-wegen-seiner-posts-in-sozialen-netzwerke-angeklagt-war-in-den-wald-und-schlugen-ihn-zusammen-experte-schlaege-haben-keine-gesundheitlichen-schaeden\/\" \/>\n<meta property=\"og:site_name\" content=\"Europ\u00e4ischer Menschenrechtsdialog\" \/>\n<meta property=\"article:published_time\" content=\"2019-10-29T09:05:00+00:00\" \/>\n<meta property=\"article:modified_time\" content=\"2019-10-29T09:06:23+00:00\" \/>\n<meta property=\"og:image\" content=\"https:\/\/www.human-rights-year.com\/wp-content\/uploads\/2019\/10\/kaluga.jpg\" \/>\n\t<meta property=\"og:image:width\" content=\"1130\" \/>\n\t<meta property=\"og:image:height\" content=\"749\" \/>\n\t<meta property=\"og:image:type\" content=\"image\/jpeg\" \/>\n<meta name=\"author\" content=\"Human Rights Year\" \/>\n<meta name=\"twitter:card\" content=\"summary_large_image\" \/>\n<meta name=\"twitter:label1\" content=\"Verfasst von\" \/>\n\t<meta name=\"twitter:data1\" content=\"Human Rights Year\" \/>\n\t<meta name=\"twitter:label2\" content=\"Gesch\u00e4tzte Lesezeit\" \/>\n\t<meta name=\"twitter:data2\" content=\"1\u00a0Minute\" \/>\n<script type=\"application\/ld+json\" class=\"yoast-schema-graph\">{\"@context\":\"https:\/\/schema.org\",\"@graph\":[{\"@type\":\"WebSite\",\"@id\":\"https:\/\/www.human-rights-year.com\/#website\",\"url\":\"https:\/\/www.human-rights-year.com\/\",\"name\":\"\u0415\u0432\u0440\u043e\u043f\u0435\u0439\u0441\u043a\u0438\u0439 \u043f\u0440\u0430\u0432\u043e\u0437\u0430\u0449\u0438\u0442\u043d\u044b\u0439 \u0434\u0438\u0430\u043b\u043e\u0433\",\"description\":\" \",\"potentialAction\":[{\"@type\":\"SearchAction\",\"target\":{\"@type\":\"EntryPoint\",\"urlTemplate\":\"https:\/\/www.human-rights-year.com\/?s={search_term_string}\"},\"query-input\":\"required name=search_term_string\"}],\"inLanguage\":\"de\"},{\"@type\":\"WebPage\",\"@id\":\"https:\/\/www.human-rights-year.com\/de\/2019\/10\/29\/fsb-mitarbeiter-brachten-einen-bewohner-kalugas-der-wegen-seiner-posts-in-sozialen-netzwerke-angeklagt-war-in-den-wald-und-schlugen-ihn-zusammen-experte-schlaege-haben-keine-gesundheitlichen-schaeden\/\",\"url\":\"https:\/\/www.human-rights-year.com\/de\/2019\/10\/29\/fsb-mitarbeiter-brachten-einen-bewohner-kalugas-der-wegen-seiner-posts-in-sozialen-netzwerke-angeklagt-war-in-den-wald-und-schlugen-ihn-zusammen-experte-schlaege-haben-keine-gesundheitlichen-schaeden\/\",\"name\":\"FSB-Mitarbeiter brachten einen Bewohner Kalugas, der wegen seiner Posts in sozialen Netzwerken angeklagt war, in den Wald und schlugen ihn zusammen. Experte: Schl\u00e4ge haben keine gesundheitlichen Sch\u00e4den verursachten - Europ\u00e4ischer Menschenrechtsdialog\",\"isPartOf\":{\"@id\":\"https:\/\/www.human-rights-year.com\/#website\"},\"datePublished\":\"2019-10-29T09:05:00+00:00\",\"dateModified\":\"2019-10-29T09:06:23+00:00\",\"author\":{\"@id\":\"https:\/\/www.human-rights-year.com\/#\/schema\/person\/54d85daa1545786aba6f5320df79bb4c\"},\"description\":\"Am 15. Oktober wurde in Kaluga ein Anwohner - der 36-j\u00e4hrige Ivan Lyubshin - festgenommen. Ihm wurde vorgeworfen, wegen eines Kommentars in \\\"VKontakte\\\" den Terrorismus zu rechtfertigen, er wurde f\u00fcr zwei Monate unter Hausarrest gestellt.\",\"breadcrumb\":{\"@id\":\"https:\/\/www.human-rights-year.com\/de\/2019\/10\/29\/fsb-mitarbeiter-brachten-einen-bewohner-kalugas-der-wegen-seiner-posts-in-sozialen-netzwerke-angeklagt-war-in-den-wald-und-schlugen-ihn-zusammen-experte-schlaege-haben-keine-gesundheitlichen-schaeden\/#breadcrumb\"},\"inLanguage\":\"de\",\"potentialAction\":[{\"@type\":\"ReadAction\",\"target\":[\"https:\/\/www.human-rights-year.com\/de\/2019\/10\/29\/fsb-mitarbeiter-brachten-einen-bewohner-kalugas-der-wegen-seiner-posts-in-sozialen-netzwerke-angeklagt-war-in-den-wald-und-schlugen-ihn-zusammen-experte-schlaege-haben-keine-gesundheitlichen-schaeden\/\"]}]},{\"@type\":\"BreadcrumbList\",\"@id\":\"https:\/\/www.human-rights-year.com\/de\/2019\/10\/29\/fsb-mitarbeiter-brachten-einen-bewohner-kalugas-der-wegen-seiner-posts-in-sozialen-netzwerke-angeklagt-war-in-den-wald-und-schlugen-ihn-zusammen-experte-schlaege-haben-keine-gesundheitlichen-schaeden\/#breadcrumb\",\"itemListElement\":[{\"@type\":\"ListItem\",\"position\":1,\"name\":\"\u0413\u043b\u0430\u0432\u043d\u0430\u044f \u0441\u0442\u0440\u0430\u043d\u0438\u0446\u0430\",\"item\":\"https:\/\/www.human-rights-year.com\/de\/\"},{\"@type\":\"ListItem\",\"position\":2,\"name\":\"FSB-Mitarbeiter brachten einen Bewohner Kalugas, der wegen seiner Posts in sozialen Netzwerken angeklagt war, in den Wald und schlugen ihn zusammen. Experte: Schl\u00e4ge haben keine gesundheitlichen Sch\u00e4den verursachten\"}]},{\"@type\":\"Person\",\"@id\":\"https:\/\/www.human-rights-year.com\/#\/schema\/person\/54d85daa1545786aba6f5320df79bb4c\",\"name\":\"Human Rights Year\",\"image\":{\"@type\":\"ImageObject\",\"inLanguage\":\"de\",\"@id\":\"https:\/\/www.human-rights-year.com\/#\/schema\/person\/image\/\",\"url\":\"https:\/\/secure.gravatar.com\/avatar\/685b0e722b7b569d9169f933abfd5f26?s=96&d=mm&r=g\",\"contentUrl\":\"https:\/\/secure.gravatar.com\/avatar\/685b0e722b7b569d9169f933abfd5f26?s=96&d=mm&r=g\",\"caption\":\"Human Rights Year\"},\"description\":\"\u041d\u0435\u043c\u0435\u0446\u043a\u043e - \u0440\u043e\u0441\u0441\u0438\u0439\u0441\u043a\u0438\u0439 \u0433\u043e\u0434 \u043f\u0440\u0430\u0432 \u0447\u0435\u043b\u043e\u0432\u0435\u043a\u0430 \u041f\u0440\u043e\u0435\u043a\u0442 \u0438\u043d\u0444\u043e\u0440\u043c\u0438\u0440\u0443\u0435\u0442 \u043d\u0435\u043c\u0435\u0446\u043a\u043e\u0435 \u043e\u0431\u0449\u0435\u0441\u0442\u0432\u043e,\u00a0 \u0432 \u0442\u043e\u043c \u0447\u0438\u0441\u043b\u0435 \u0435\u0433\u043e \u0440\u0443\u0441\u0441\u043a\u043e\u044f\u0437\u044b\u0447\u043d\u0443\u044e \u0447\u0430\u0441\u0442\u044c, \u043e \u0441\u0438\u0442\u0443\u0430\u0446\u0438\u0438 \u0441 \u0441\u043e\u0431\u043b\u044e\u0434\u0435\u043d\u0438\u0435\u043c \u043f\u0440\u0430\u0432 \u0447\u0435\u043b\u043e\u0432\u0435\u043a\u0430 \u0432 \u0420\u043e\u0441\u0441\u0438\u0438; \u0430 \u0440\u043e\u0441\u0441\u0438\u044f\u043d - \u043e \u0441\u0438\u0442\u0443\u0430\u0446\u0438\u0438 \u0432 \u044d\u0442\u043e\u0439 \u043e\u0431\u043b\u0430\u0441\u0442\u0438 \u0432 \u0413\u0435\u0440\u043c\u0430\u043d\u0438\u0438. \u0420\u0435\u0430\u043b\u0438\u0437\u0443\u0435\u0442\u0441\u044f \u043f\u0440\u0438 \u0443\u0447\u0430\u0441\u0442\u0438\u0438 \u0440\u043e\u0441\u0441\u0438\u0439\u0441\u043a\u043e\u0433\u043e \u043f\u0440\u0430\u0432\u043e\u0437\u0430\u0449\u0438\u0442\u043d\u043e\u0433\u043e \u0446\u0435\u043d\u0442\u0440\u0430 \u201c\u041c\u0435\u043c\u043e\u0440\u0438\u0430\u043b\u201d \u0438 \u0424\u043e\u0440\u0443\u043c\u0430 \u0440\u0443\u0441\u0441\u043a\u043e\u044f\u0437\u044b\u0447\u043d\u044b\u0445 \u0435\u0432\u0440\u043e\u043f\u0435\u0439\u0446\u0435\u0432, \u0430 \u0442\u0430\u043a\u0436\u0435 \u043f\u0440\u0438 \u043f\u043e\u0434\u0434\u0435\u0440\u0436\u043a\u0435 \u0433\u0435\u0440\u043c\u0430\u043d\u0441\u043a\u043e\u0433\u043e \u041c\u0418\u0414\u0430.\",\"sameAs\":[\"https:\/\/www.human-rights-year.com\"],\"url\":\"https:\/\/www.human-rights-year.com\/de\/author\/humanrightsyear\/\"}]}<\/script>\n<!-- \/ Yoast SEO plugin. -->","yoast_head_json":{"title":"FSB-Mitarbeiter brachten einen Bewohner Kalugas, der wegen seiner Posts in sozialen Netzwerken angeklagt war, in den Wald und schlugen ihn zusammen. Experte: Schl\u00e4ge haben keine gesundheitlichen Sch\u00e4den verursachten - Europ\u00e4ischer Menschenrechtsdialog","description":"Am 15. Oktober wurde in Kaluga ein Anwohner - der 36-j\u00e4hrige Ivan Lyubshin - festgenommen. Ihm wurde vorgeworfen, wegen eines Kommentars in \"VKontakte\" den Terrorismus zu rechtfertigen, er wurde f\u00fcr zwei Monate unter Hausarrest gestellt.","robots":{"index":"index","follow":"follow","max-snippet":"max-snippet:-1","max-image-preview":"max-image-preview:large","max-video-preview":"max-video-preview:-1"},"canonical":"https:\/\/www.human-rights-year.com\/de\/2019\/10\/29\/fsb-mitarbeiter-brachten-einen-bewohner-kalugas-der-wegen-seiner-posts-in-sozialen-netzwerke-angeklagt-war-in-den-wald-und-schlugen-ihn-zusammen-experte-schlaege-haben-keine-gesundheitlichen-schaeden\/","og_locale":"de_DE","og_type":"article","og_title":"FSB-Mitarbeiter brachten einen Bewohner Kalugas, der wegen seiner Posts in sozialen Netzwerken angeklagt war, in den Wald und schlugen ihn zusammen. Experte: Schl\u00e4ge haben keine gesundheitlichen Sch\u00e4den verursachten - Europ\u00e4ischer Menschenrechtsdialog","og_description":"Am 15. Oktober wurde in Kaluga ein Anwohner - der 36-j\u00e4hrige Ivan Lyubshin - festgenommen. Ihm wurde vorgeworfen, wegen eines Kommentars in \"VKontakte\" den Terrorismus zu rechtfertigen, er wurde f\u00fcr zwei Monate unter Hausarrest gestellt.","og_url":"https:\/\/www.human-rights-year.com\/de\/2019\/10\/29\/fsb-mitarbeiter-brachten-einen-bewohner-kalugas-der-wegen-seiner-posts-in-sozialen-netzwerke-angeklagt-war-in-den-wald-und-schlugen-ihn-zusammen-experte-schlaege-haben-keine-gesundheitlichen-schaeden\/","og_site_name":"Europ\u00e4ischer Menschenrechtsdialog","article_published_time":"2019-10-29T09:05:00+00:00","article_modified_time":"2019-10-29T09:06:23+00:00","og_image":[{"width":1130,"height":749,"url":"https:\/\/www.human-rights-year.com\/wp-content\/uploads\/2019\/10\/kaluga.jpg","type":"image\/jpeg"}],"author":"Human Rights Year","twitter_card":"summary_large_image","twitter_misc":{"Verfasst von":"Human Rights Year","Gesch\u00e4tzte Lesezeit":"1\u00a0Minute"},"schema":{"@context":"https:\/\/schema.org","@graph":[{"@type":"WebSite","@id":"https:\/\/www.human-rights-year.com\/#website","url":"https:\/\/www.human-rights-year.com\/","name":"\u0415\u0432\u0440\u043e\u043f\u0435\u0439\u0441\u043a\u0438\u0439 \u043f\u0440\u0430\u0432\u043e\u0437\u0430\u0449\u0438\u0442\u043d\u044b\u0439 \u0434\u0438\u0430\u043b\u043e\u0433","description":" ","potentialAction":[{"@type":"SearchAction","target":{"@type":"EntryPoint","urlTemplate":"https:\/\/www.human-rights-year.com\/?s={search_term_string}"},"query-input":"required name=search_term_string"}],"inLanguage":"de"},{"@type":"WebPage","@id":"https:\/\/www.human-rights-year.com\/de\/2019\/10\/29\/fsb-mitarbeiter-brachten-einen-bewohner-kalugas-der-wegen-seiner-posts-in-sozialen-netzwerke-angeklagt-war-in-den-wald-und-schlugen-ihn-zusammen-experte-schlaege-haben-keine-gesundheitlichen-schaeden\/","url":"https:\/\/www.human-rights-year.com\/de\/2019\/10\/29\/fsb-mitarbeiter-brachten-einen-bewohner-kalugas-der-wegen-seiner-posts-in-sozialen-netzwerke-angeklagt-war-in-den-wald-und-schlugen-ihn-zusammen-experte-schlaege-haben-keine-gesundheitlichen-schaeden\/","name":"FSB-Mitarbeiter brachten einen Bewohner Kalugas, der wegen seiner Posts in sozialen Netzwerken angeklagt war, in den Wald und schlugen ihn zusammen. Experte: Schl\u00e4ge haben keine gesundheitlichen Sch\u00e4den verursachten - Europ\u00e4ischer Menschenrechtsdialog","isPartOf":{"@id":"https:\/\/www.human-rights-year.com\/#website"},"datePublished":"2019-10-29T09:05:00+00:00","dateModified":"2019-10-29T09:06:23+00:00","author":{"@id":"https:\/\/www.human-rights-year.com\/#\/schema\/person\/54d85daa1545786aba6f5320df79bb4c"},"description":"Am 15. Oktober wurde in Kaluga ein Anwohner - der 36-j\u00e4hrige Ivan Lyubshin - festgenommen. Ihm wurde vorgeworfen, wegen eines Kommentars in \"VKontakte\" den Terrorismus zu rechtfertigen, er wurde f\u00fcr zwei Monate unter Hausarrest gestellt.","breadcrumb":{"@id":"https:\/\/www.human-rights-year.com\/de\/2019\/10\/29\/fsb-mitarbeiter-brachten-einen-bewohner-kalugas-der-wegen-seiner-posts-in-sozialen-netzwerke-angeklagt-war-in-den-wald-und-schlugen-ihn-zusammen-experte-schlaege-haben-keine-gesundheitlichen-schaeden\/#breadcrumb"},"inLanguage":"de","potentialAction":[{"@type":"ReadAction","target":["https:\/\/www.human-rights-year.com\/de\/2019\/10\/29\/fsb-mitarbeiter-brachten-einen-bewohner-kalugas-der-wegen-seiner-posts-in-sozialen-netzwerke-angeklagt-war-in-den-wald-und-schlugen-ihn-zusammen-experte-schlaege-haben-keine-gesundheitlichen-schaeden\/"]}]},{"@type":"BreadcrumbList","@id":"https:\/\/www.human-rights-year.com\/de\/2019\/10\/29\/fsb-mitarbeiter-brachten-einen-bewohner-kalugas-der-wegen-seiner-posts-in-sozialen-netzwerke-angeklagt-war-in-den-wald-und-schlugen-ihn-zusammen-experte-schlaege-haben-keine-gesundheitlichen-schaeden\/#breadcrumb","itemListElement":[{"@type":"ListItem","position":1,"name":"\u0413\u043b\u0430\u0432\u043d\u0430\u044f \u0441\u0442\u0440\u0430\u043d\u0438\u0446\u0430","item":"https:\/\/www.human-rights-year.com\/de\/"},{"@type":"ListItem","position":2,"name":"FSB-Mitarbeiter brachten einen Bewohner Kalugas, der wegen seiner Posts in sozialen Netzwerken angeklagt war, in den Wald und schlugen ihn zusammen. Experte: Schl\u00e4ge haben keine gesundheitlichen Sch\u00e4den verursachten"}]},{"@type":"Person","@id":"https:\/\/www.human-rights-year.com\/#\/schema\/person\/54d85daa1545786aba6f5320df79bb4c","name":"Human Rights Year","image":{"@type":"ImageObject","inLanguage":"de","@id":"https:\/\/www.human-rights-year.com\/#\/schema\/person\/image\/","url":"https:\/\/secure.gravatar.com\/avatar\/685b0e722b7b569d9169f933abfd5f26?s=96&d=mm&r=g","contentUrl":"https:\/\/secure.gravatar.com\/avatar\/685b0e722b7b569d9169f933abfd5f26?s=96&d=mm&r=g","caption":"Human Rights Year"},"description":"\u041d\u0435\u043c\u0435\u0446\u043a\u043e - \u0440\u043e\u0441\u0441\u0438\u0439\u0441\u043a\u0438\u0439 \u0433\u043e\u0434 \u043f\u0440\u0430\u0432 \u0447\u0435\u043b\u043e\u0432\u0435\u043a\u0430 \u041f\u0440\u043e\u0435\u043a\u0442 \u0438\u043d\u0444\u043e\u0440\u043c\u0438\u0440\u0443\u0435\u0442 \u043d\u0435\u043c\u0435\u0446\u043a\u043e\u0435 \u043e\u0431\u0449\u0435\u0441\u0442\u0432\u043e,\u00a0 \u0432 \u0442\u043e\u043c \u0447\u0438\u0441\u043b\u0435 \u0435\u0433\u043e \u0440\u0443\u0441\u0441\u043a\u043e\u044f\u0437\u044b\u0447\u043d\u0443\u044e \u0447\u0430\u0441\u0442\u044c, \u043e \u0441\u0438\u0442\u0443\u0430\u0446\u0438\u0438 \u0441 \u0441\u043e\u0431\u043b\u044e\u0434\u0435\u043d\u0438\u0435\u043c \u043f\u0440\u0430\u0432 \u0447\u0435\u043b\u043e\u0432\u0435\u043a\u0430 \u0432 \u0420\u043e\u0441\u0441\u0438\u0438; \u0430 \u0440\u043e\u0441\u0441\u0438\u044f\u043d - \u043e \u0441\u0438\u0442\u0443\u0430\u0446\u0438\u0438 \u0432 \u044d\u0442\u043e\u0439 \u043e\u0431\u043b\u0430\u0441\u0442\u0438 \u0432 \u0413\u0435\u0440\u043c\u0430\u043d\u0438\u0438. \u0420\u0435\u0430\u043b\u0438\u0437\u0443\u0435\u0442\u0441\u044f \u043f\u0440\u0438 \u0443\u0447\u0430\u0441\u0442\u0438\u0438 \u0440\u043e\u0441\u0441\u0438\u0439\u0441\u043a\u043e\u0433\u043e \u043f\u0440\u0430\u0432\u043e\u0437\u0430\u0449\u0438\u0442\u043d\u043e\u0433\u043e \u0446\u0435\u043d\u0442\u0440\u0430 \u201c\u041c\u0435\u043c\u043e\u0440\u0438\u0430\u043b\u201d \u0438 \u0424\u043e\u0440\u0443\u043c\u0430 \u0440\u0443\u0441\u0441\u043a\u043e\u044f\u0437\u044b\u0447\u043d\u044b\u0445 \u0435\u0432\u0440\u043e\u043f\u0435\u0439\u0446\u0435\u0432, \u0430 \u0442\u0430\u043a\u0436\u0435 \u043f\u0440\u0438 \u043f\u043e\u0434\u0434\u0435\u0440\u0436\u043a\u0435 \u0433\u0435\u0440\u043c\u0430\u043d\u0441\u043a\u043e\u0433\u043e \u041c\u0418\u0414\u0430.","sameAs":["https:\/\/www.human-rights-year.com"],"url":"https:\/\/www.human-rights-year.com\/de\/author\/humanrightsyear\/"}]}},"_links":{"self":[{"href":"https:\/\/www.human-rights-year.com\/de\/wp-json\/wp\/v2\/posts\/2114"}],"collection":[{"href":"https:\/\/www.human-rights-year.com\/de\/wp-json\/wp\/v2\/posts"}],"about":[{"href":"https:\/\/www.human-rights-year.com\/de\/wp-json\/wp\/v2\/types\/post"}],"author":[{"embeddable":true,"href":"https:\/\/www.human-rights-year.com\/de\/wp-json\/wp\/v2\/users\/1"}],"replies":[{"embeddable":true,"href":"https:\/\/www.human-rights-year.com\/de\/wp-json\/wp\/v2\/comments?post=2114"}],"version-history":[{"count":0,"href":"https:\/\/www.human-rights-year.com\/de\/wp-json\/wp\/v2\/posts\/2114\/revisions"}],"wp:featuredmedia":[{"embeddable":true,"href":"https:\/\/www.human-rights-year.com\/de\/wp-json\/wp\/v2\/media\/2113"}],"wp:attachment":[{"href":"https:\/\/www.human-rights-year.com\/de\/wp-json\/wp\/v2\/media?parent=2114"}],"wp:term":[{"taxonomy":"category","embeddable":true,"href":"https:\/\/www.human-rights-year.com\/de\/wp-json\/wp\/v2\/categories?post=2114"},{"taxonomy":"post_tag","embeddable":true,"href":"https:\/\/www.human-rights-year.com\/de\/wp-json\/wp\/v2\/tags?post=2114"}],"curies":[{"name":"wp","href":"https:\/\/api.w.org\/{rel}","templated":true}]}}