{"id":1914,"date":"2019-10-18T10:00:29","date_gmt":"2019-10-18T08:00:29","guid":{"rendered":"https:\/\/www.human-rights-year.com\/?p=1914"},"modified":"2019-10-17T12:39:29","modified_gmt":"2019-10-17T10:39:29","slug":"in-samara-wurde-ein-journalist-entlassen-der-ueber-die-zensur-durch-die-stadtverwaltung-gesprochen-hat","status":"publish","type":"post","link":"https:\/\/www.human-rights-year.com\/de\/2019\/10\/18\/in-samara-wurde-ein-journalist-entlassen-der-ueber-die-zensur-durch-die-stadtverwaltung-gesprochen-hat\/","title":{"rendered":"In Samara wurde ein Journalist entlassen, der \u00fcber die Zensur durch die Stadtverwaltung gesprochen hat"},"content":{"rendered":"<p>Maxim Melnikov, ein Journalist der Zeitung Samarskaya Gazeta, musste nach einer Rede, in der er \u00fcber die Zensur durch die Stadtverwaltung gesprochen hat, k\u00fcndigen. Melnikov hat dar\u00fcber auf Facebook geschrieben.<\/p>\n<p>Laut Melnikov ver\u00f6ffentlichte er in dem auf VKontakte-Kanal der Zeitung Samarskaya Gazeta einen Comicbeitrag dar\u00fcber, dass die \u00f6rtlichen Kommunaldienste nicht f\u00fcr den Winter bereit waren, weshalb die Einwohner der Stadt im Januar ohne W\u00e4rme geblieben sind.<\/p>\n<p>&#8222;Eine halbe Stunde nach der Ver\u00f6ffentlichung hat mein Chefredakteur einen Anruf aus dem Rathaus und einen Befehl erhalten diesen Beitrag zu l\u00f6schen. Sie hatten einen wunderbaren Dialog, der zu folgendem Kompromiss f\u00fchrte: Wir lassen diesen Beitrag, aber in den n\u00e4chsten zwei oder drei Tagen schreiben wir ausschlie\u00dflich positive Nachrichten \u00fcber dieses Ereignis\u201c, teilte der Journalist mit.<\/p>\n<p>Melnikov f\u00fcgte hinzu: &#8222;Nach einem solchen externen Druck k\u00f6nnen mutigere Entscheidungen nicht in Frage kommen.&#8220; Einige Tage sp\u00e4ter bestand die Leitung des Mediums darauf, dass Melnikov &#8222;auf eigenen Wunsch&#8220; k\u00fcndigte.<\/p>\n<p>&nbsp;<\/p>\n<p><a href=\"https:\/\/zona.media\/news\/2019\/10\/17\/mlnkv?fbclid=IwAR3hA_-qr4FQ__Xy7By_yHCzxLRfDM7QNZvmih3itc4DbUVJdPEkJMXCWVk\" target=\"_blank\" rel=\"noopener noreferrer\">Quelle \/ Illustration<\/a><\/p>\n","protected":false},"excerpt":{"rendered":"<p>Maxim Melnikov, ein Journalist der Zeitung Samarskaya Gazeta, musste nach einer Rede, in der er \u00fcber die Zensur durch die Stadtverwaltung gesprochen hat, k\u00fcndigen. Melnikov<\/p>\n","protected":false},"author":1,"featured_media":1913,"comment_status":"closed","ping_status":"open","sticky":false,"template":"","format":"standard","meta":[],"categories":[20,12],"tags":[328,391,392],"yoast_head":"<!-- This site is optimized with the Yoast SEO plugin v19.4 - https:\/\/yoast.com\/wordpress\/plugins\/seo\/ -->\n<title>In Samara wurde ein Journalist entlassen, der \u00fcber die Zensur durch die Stadtverwaltung gesprochen hat - Europ\u00e4ischer Menschenrechtsdialog<\/title>\n<meta name=\"description\" content=\"Maxim Melnikov, ein Journalist der Zeitung Samarskaya Gazeta, musste nach einer Rede, in der er \u00fcber die Zensur durch die Stadtverwaltung gesprochen hat, k\u00fcndigen. Melnikov hat dar\u00fcber auf Facebook geschrieben.\" \/>\n<meta name=\"robots\" content=\"index, follow, max-snippet:-1, max-image-preview:large, max-video-preview:-1\" \/>\n<link rel=\"canonical\" href=\"https:\/\/www.human-rights-year.com\/de\/2019\/10\/18\/in-samara-wurde-ein-journalist-entlassen-der-ueber-die-zensur-durch-die-stadtverwaltung-gesprochen-hat\/\" \/>\n<meta property=\"og:locale\" content=\"de_DE\" \/>\n<meta property=\"og:type\" content=\"article\" \/>\n<meta property=\"og:title\" content=\"In Samara wurde ein Journalist entlassen, der \u00fcber die Zensur durch die Stadtverwaltung gesprochen hat - Europ\u00e4ischer Menschenrechtsdialog\" \/>\n<meta property=\"og:description\" content=\"Maxim Melnikov, ein Journalist der Zeitung Samarskaya Gazeta, musste nach einer Rede, in der er \u00fcber die Zensur durch die Stadtverwaltung gesprochen hat, k\u00fcndigen. Melnikov hat dar\u00fcber auf Facebook geschrieben.\" \/>\n<meta property=\"og:url\" content=\"https:\/\/www.human-rights-year.com\/de\/2019\/10\/18\/in-samara-wurde-ein-journalist-entlassen-der-ueber-die-zensur-durch-die-stadtverwaltung-gesprochen-hat\/\" \/>\n<meta property=\"og:site_name\" content=\"Europ\u00e4ischer Menschenrechtsdialog\" \/>\n<meta property=\"article:published_time\" content=\"2019-10-18T08:00:29+00:00\" \/>\n<meta property=\"article:modified_time\" content=\"2019-10-17T10:39:29+00:00\" \/>\n<meta property=\"og:image\" content=\"https:\/\/www.human-rights-year.com\/wp-content\/uploads\/2019\/10\/balet.jpg\" \/>\n\t<meta property=\"og:image:width\" content=\"1077\" \/>\n\t<meta property=\"og:image:height\" content=\"713\" \/>\n\t<meta property=\"og:image:type\" content=\"image\/jpeg\" \/>\n<meta name=\"author\" content=\"Human Rights Year\" \/>\n<meta name=\"twitter:card\" content=\"summary_large_image\" \/>\n<meta name=\"twitter:label1\" content=\"Verfasst von\" \/>\n\t<meta name=\"twitter:data1\" content=\"Human Rights Year\" \/>\n\t<meta name=\"twitter:label2\" content=\"Gesch\u00e4tzte Lesezeit\" \/>\n\t<meta name=\"twitter:data2\" content=\"1\u00a0Minute\" \/>\n<script type=\"application\/ld+json\" class=\"yoast-schema-graph\">{\"@context\":\"https:\/\/schema.org\",\"@graph\":[{\"@type\":\"WebSite\",\"@id\":\"https:\/\/www.human-rights-year.com\/#website\",\"url\":\"https:\/\/www.human-rights-year.com\/\",\"name\":\"\u0415\u0432\u0440\u043e\u043f\u0435\u0439\u0441\u043a\u0438\u0439 \u043f\u0440\u0430\u0432\u043e\u0437\u0430\u0449\u0438\u0442\u043d\u044b\u0439 \u0434\u0438\u0430\u043b\u043e\u0433\",\"description\":\" \",\"potentialAction\":[{\"@type\":\"SearchAction\",\"target\":{\"@type\":\"EntryPoint\",\"urlTemplate\":\"https:\/\/www.human-rights-year.com\/?s={search_term_string}\"},\"query-input\":\"required name=search_term_string\"}],\"inLanguage\":\"de\"},{\"@type\":\"WebPage\",\"@id\":\"https:\/\/www.human-rights-year.com\/de\/2019\/10\/18\/in-samara-wurde-ein-journalist-entlassen-der-ueber-die-zensur-durch-die-stadtverwaltung-gesprochen-hat\/\",\"url\":\"https:\/\/www.human-rights-year.com\/de\/2019\/10\/18\/in-samara-wurde-ein-journalist-entlassen-der-ueber-die-zensur-durch-die-stadtverwaltung-gesprochen-hat\/\",\"name\":\"In Samara wurde ein Journalist entlassen, der \u00fcber die Zensur durch die Stadtverwaltung gesprochen hat - Europ\u00e4ischer Menschenrechtsdialog\",\"isPartOf\":{\"@id\":\"https:\/\/www.human-rights-year.com\/#website\"},\"datePublished\":\"2019-10-18T08:00:29+00:00\",\"dateModified\":\"2019-10-17T10:39:29+00:00\",\"author\":{\"@id\":\"https:\/\/www.human-rights-year.com\/#\/schema\/person\/54d85daa1545786aba6f5320df79bb4c\"},\"description\":\"Maxim Melnikov, ein Journalist der Zeitung Samarskaya Gazeta, musste nach einer Rede, in der er \u00fcber die Zensur durch die Stadtverwaltung gesprochen hat, k\u00fcndigen. Melnikov hat dar\u00fcber auf Facebook geschrieben.\",\"breadcrumb\":{\"@id\":\"https:\/\/www.human-rights-year.com\/de\/2019\/10\/18\/in-samara-wurde-ein-journalist-entlassen-der-ueber-die-zensur-durch-die-stadtverwaltung-gesprochen-hat\/#breadcrumb\"},\"inLanguage\":\"de\",\"potentialAction\":[{\"@type\":\"ReadAction\",\"target\":[\"https:\/\/www.human-rights-year.com\/de\/2019\/10\/18\/in-samara-wurde-ein-journalist-entlassen-der-ueber-die-zensur-durch-die-stadtverwaltung-gesprochen-hat\/\"]}]},{\"@type\":\"BreadcrumbList\",\"@id\":\"https:\/\/www.human-rights-year.com\/de\/2019\/10\/18\/in-samara-wurde-ein-journalist-entlassen-der-ueber-die-zensur-durch-die-stadtverwaltung-gesprochen-hat\/#breadcrumb\",\"itemListElement\":[{\"@type\":\"ListItem\",\"position\":1,\"name\":\"\u0413\u043b\u0430\u0432\u043d\u0430\u044f \u0441\u0442\u0440\u0430\u043d\u0438\u0446\u0430\",\"item\":\"https:\/\/www.human-rights-year.com\/de\/\"},{\"@type\":\"ListItem\",\"position\":2,\"name\":\"In Samara wurde ein Journalist entlassen, der \u00fcber die Zensur durch die Stadtverwaltung gesprochen hat\"}]},{\"@type\":\"Person\",\"@id\":\"https:\/\/www.human-rights-year.com\/#\/schema\/person\/54d85daa1545786aba6f5320df79bb4c\",\"name\":\"Human Rights Year\",\"image\":{\"@type\":\"ImageObject\",\"inLanguage\":\"de\",\"@id\":\"https:\/\/www.human-rights-year.com\/#\/schema\/person\/image\/\",\"url\":\"https:\/\/secure.gravatar.com\/avatar\/685b0e722b7b569d9169f933abfd5f26?s=96&d=mm&r=g\",\"contentUrl\":\"https:\/\/secure.gravatar.com\/avatar\/685b0e722b7b569d9169f933abfd5f26?s=96&d=mm&r=g\",\"caption\":\"Human Rights Year\"},\"description\":\"\u041d\u0435\u043c\u0435\u0446\u043a\u043e - \u0440\u043e\u0441\u0441\u0438\u0439\u0441\u043a\u0438\u0439 \u0433\u043e\u0434 \u043f\u0440\u0430\u0432 \u0447\u0435\u043b\u043e\u0432\u0435\u043a\u0430 \u041f\u0440\u043e\u0435\u043a\u0442 \u0438\u043d\u0444\u043e\u0440\u043c\u0438\u0440\u0443\u0435\u0442 \u043d\u0435\u043c\u0435\u0446\u043a\u043e\u0435 \u043e\u0431\u0449\u0435\u0441\u0442\u0432\u043e,\u00a0 \u0432 \u0442\u043e\u043c \u0447\u0438\u0441\u043b\u0435 \u0435\u0433\u043e \u0440\u0443\u0441\u0441\u043a\u043e\u044f\u0437\u044b\u0447\u043d\u0443\u044e \u0447\u0430\u0441\u0442\u044c, \u043e \u0441\u0438\u0442\u0443\u0430\u0446\u0438\u0438 \u0441 \u0441\u043e\u0431\u043b\u044e\u0434\u0435\u043d\u0438\u0435\u043c \u043f\u0440\u0430\u0432 \u0447\u0435\u043b\u043e\u0432\u0435\u043a\u0430 \u0432 \u0420\u043e\u0441\u0441\u0438\u0438; \u0430 \u0440\u043e\u0441\u0441\u0438\u044f\u043d - \u043e \u0441\u0438\u0442\u0443\u0430\u0446\u0438\u0438 \u0432 \u044d\u0442\u043e\u0439 \u043e\u0431\u043b\u0430\u0441\u0442\u0438 \u0432 \u0413\u0435\u0440\u043c\u0430\u043d\u0438\u0438. \u0420\u0435\u0430\u043b\u0438\u0437\u0443\u0435\u0442\u0441\u044f \u043f\u0440\u0438 \u0443\u0447\u0430\u0441\u0442\u0438\u0438 \u0440\u043e\u0441\u0441\u0438\u0439\u0441\u043a\u043e\u0433\u043e \u043f\u0440\u0430\u0432\u043e\u0437\u0430\u0449\u0438\u0442\u043d\u043e\u0433\u043e \u0446\u0435\u043d\u0442\u0440\u0430 \u201c\u041c\u0435\u043c\u043e\u0440\u0438\u0430\u043b\u201d \u0438 \u0424\u043e\u0440\u0443\u043c\u0430 \u0440\u0443\u0441\u0441\u043a\u043e\u044f\u0437\u044b\u0447\u043d\u044b\u0445 \u0435\u0432\u0440\u043e\u043f\u0435\u0439\u0446\u0435\u0432, \u0430 \u0442\u0430\u043a\u0436\u0435 \u043f\u0440\u0438 \u043f\u043e\u0434\u0434\u0435\u0440\u0436\u043a\u0435 \u0433\u0435\u0440\u043c\u0430\u043d\u0441\u043a\u043e\u0433\u043e \u041c\u0418\u0414\u0430.\",\"sameAs\":[\"https:\/\/www.human-rights-year.com\"],\"url\":\"https:\/\/www.human-rights-year.com\/de\/author\/humanrightsyear\/\"}]}<\/script>\n<!-- \/ Yoast SEO plugin. -->","yoast_head_json":{"title":"In Samara wurde ein Journalist entlassen, der \u00fcber die Zensur durch die Stadtverwaltung gesprochen hat - Europ\u00e4ischer Menschenrechtsdialog","description":"Maxim Melnikov, ein Journalist der Zeitung Samarskaya Gazeta, musste nach einer Rede, in der er \u00fcber die Zensur durch die Stadtverwaltung gesprochen hat, k\u00fcndigen. Melnikov hat dar\u00fcber auf Facebook geschrieben.","robots":{"index":"index","follow":"follow","max-snippet":"max-snippet:-1","max-image-preview":"max-image-preview:large","max-video-preview":"max-video-preview:-1"},"canonical":"https:\/\/www.human-rights-year.com\/de\/2019\/10\/18\/in-samara-wurde-ein-journalist-entlassen-der-ueber-die-zensur-durch-die-stadtverwaltung-gesprochen-hat\/","og_locale":"de_DE","og_type":"article","og_title":"In Samara wurde ein Journalist entlassen, der \u00fcber die Zensur durch die Stadtverwaltung gesprochen hat - Europ\u00e4ischer Menschenrechtsdialog","og_description":"Maxim Melnikov, ein Journalist der Zeitung Samarskaya Gazeta, musste nach einer Rede, in der er \u00fcber die Zensur durch die Stadtverwaltung gesprochen hat, k\u00fcndigen. Melnikov hat dar\u00fcber auf Facebook geschrieben.","og_url":"https:\/\/www.human-rights-year.com\/de\/2019\/10\/18\/in-samara-wurde-ein-journalist-entlassen-der-ueber-die-zensur-durch-die-stadtverwaltung-gesprochen-hat\/","og_site_name":"Europ\u00e4ischer Menschenrechtsdialog","article_published_time":"2019-10-18T08:00:29+00:00","article_modified_time":"2019-10-17T10:39:29+00:00","og_image":[{"width":1077,"height":713,"url":"https:\/\/www.human-rights-year.com\/wp-content\/uploads\/2019\/10\/balet.jpg","type":"image\/jpeg"}],"author":"Human Rights Year","twitter_card":"summary_large_image","twitter_misc":{"Verfasst von":"Human Rights Year","Gesch\u00e4tzte Lesezeit":"1\u00a0Minute"},"schema":{"@context":"https:\/\/schema.org","@graph":[{"@type":"WebSite","@id":"https:\/\/www.human-rights-year.com\/#website","url":"https:\/\/www.human-rights-year.com\/","name":"\u0415\u0432\u0440\u043e\u043f\u0435\u0439\u0441\u043a\u0438\u0439 \u043f\u0440\u0430\u0432\u043e\u0437\u0430\u0449\u0438\u0442\u043d\u044b\u0439 \u0434\u0438\u0430\u043b\u043e\u0433","description":" ","potentialAction":[{"@type":"SearchAction","target":{"@type":"EntryPoint","urlTemplate":"https:\/\/www.human-rights-year.com\/?s={search_term_string}"},"query-input":"required name=search_term_string"}],"inLanguage":"de"},{"@type":"WebPage","@id":"https:\/\/www.human-rights-year.com\/de\/2019\/10\/18\/in-samara-wurde-ein-journalist-entlassen-der-ueber-die-zensur-durch-die-stadtverwaltung-gesprochen-hat\/","url":"https:\/\/www.human-rights-year.com\/de\/2019\/10\/18\/in-samara-wurde-ein-journalist-entlassen-der-ueber-die-zensur-durch-die-stadtverwaltung-gesprochen-hat\/","name":"In Samara wurde ein Journalist entlassen, der \u00fcber die Zensur durch die Stadtverwaltung gesprochen hat - Europ\u00e4ischer Menschenrechtsdialog","isPartOf":{"@id":"https:\/\/www.human-rights-year.com\/#website"},"datePublished":"2019-10-18T08:00:29+00:00","dateModified":"2019-10-17T10:39:29+00:00","author":{"@id":"https:\/\/www.human-rights-year.com\/#\/schema\/person\/54d85daa1545786aba6f5320df79bb4c"},"description":"Maxim Melnikov, ein Journalist der Zeitung Samarskaya Gazeta, musste nach einer Rede, in der er \u00fcber die Zensur durch die Stadtverwaltung gesprochen hat, k\u00fcndigen. Melnikov hat dar\u00fcber auf Facebook geschrieben.","breadcrumb":{"@id":"https:\/\/www.human-rights-year.com\/de\/2019\/10\/18\/in-samara-wurde-ein-journalist-entlassen-der-ueber-die-zensur-durch-die-stadtverwaltung-gesprochen-hat\/#breadcrumb"},"inLanguage":"de","potentialAction":[{"@type":"ReadAction","target":["https:\/\/www.human-rights-year.com\/de\/2019\/10\/18\/in-samara-wurde-ein-journalist-entlassen-der-ueber-die-zensur-durch-die-stadtverwaltung-gesprochen-hat\/"]}]},{"@type":"BreadcrumbList","@id":"https:\/\/www.human-rights-year.com\/de\/2019\/10\/18\/in-samara-wurde-ein-journalist-entlassen-der-ueber-die-zensur-durch-die-stadtverwaltung-gesprochen-hat\/#breadcrumb","itemListElement":[{"@type":"ListItem","position":1,"name":"\u0413\u043b\u0430\u0432\u043d\u0430\u044f \u0441\u0442\u0440\u0430\u043d\u0438\u0446\u0430","item":"https:\/\/www.human-rights-year.com\/de\/"},{"@type":"ListItem","position":2,"name":"In Samara wurde ein Journalist entlassen, der \u00fcber die Zensur durch die Stadtverwaltung gesprochen hat"}]},{"@type":"Person","@id":"https:\/\/www.human-rights-year.com\/#\/schema\/person\/54d85daa1545786aba6f5320df79bb4c","name":"Human Rights Year","image":{"@type":"ImageObject","inLanguage":"de","@id":"https:\/\/www.human-rights-year.com\/#\/schema\/person\/image\/","url":"https:\/\/secure.gravatar.com\/avatar\/685b0e722b7b569d9169f933abfd5f26?s=96&d=mm&r=g","contentUrl":"https:\/\/secure.gravatar.com\/avatar\/685b0e722b7b569d9169f933abfd5f26?s=96&d=mm&r=g","caption":"Human Rights Year"},"description":"\u041d\u0435\u043c\u0435\u0446\u043a\u043e - \u0440\u043e\u0441\u0441\u0438\u0439\u0441\u043a\u0438\u0439 \u0433\u043e\u0434 \u043f\u0440\u0430\u0432 \u0447\u0435\u043b\u043e\u0432\u0435\u043a\u0430 \u041f\u0440\u043e\u0435\u043a\u0442 \u0438\u043d\u0444\u043e\u0440\u043c\u0438\u0440\u0443\u0435\u0442 \u043d\u0435\u043c\u0435\u0446\u043a\u043e\u0435 \u043e\u0431\u0449\u0435\u0441\u0442\u0432\u043e,\u00a0 \u0432 \u0442\u043e\u043c \u0447\u0438\u0441\u043b\u0435 \u0435\u0433\u043e \u0440\u0443\u0441\u0441\u043a\u043e\u044f\u0437\u044b\u0447\u043d\u0443\u044e \u0447\u0430\u0441\u0442\u044c, \u043e \u0441\u0438\u0442\u0443\u0430\u0446\u0438\u0438 \u0441 \u0441\u043e\u0431\u043b\u044e\u0434\u0435\u043d\u0438\u0435\u043c \u043f\u0440\u0430\u0432 \u0447\u0435\u043b\u043e\u0432\u0435\u043a\u0430 \u0432 \u0420\u043e\u0441\u0441\u0438\u0438; \u0430 \u0440\u043e\u0441\u0441\u0438\u044f\u043d - \u043e \u0441\u0438\u0442\u0443\u0430\u0446\u0438\u0438 \u0432 \u044d\u0442\u043e\u0439 \u043e\u0431\u043b\u0430\u0441\u0442\u0438 \u0432 \u0413\u0435\u0440\u043c\u0430\u043d\u0438\u0438. \u0420\u0435\u0430\u043b\u0438\u0437\u0443\u0435\u0442\u0441\u044f \u043f\u0440\u0438 \u0443\u0447\u0430\u0441\u0442\u0438\u0438 \u0440\u043e\u0441\u0441\u0438\u0439\u0441\u043a\u043e\u0433\u043e \u043f\u0440\u0430\u0432\u043e\u0437\u0430\u0449\u0438\u0442\u043d\u043e\u0433\u043e \u0446\u0435\u043d\u0442\u0440\u0430 \u201c\u041c\u0435\u043c\u043e\u0440\u0438\u0430\u043b\u201d \u0438 \u0424\u043e\u0440\u0443\u043c\u0430 \u0440\u0443\u0441\u0441\u043a\u043e\u044f\u0437\u044b\u0447\u043d\u044b\u0445 \u0435\u0432\u0440\u043e\u043f\u0435\u0439\u0446\u0435\u0432, \u0430 \u0442\u0430\u043a\u0436\u0435 \u043f\u0440\u0438 \u043f\u043e\u0434\u0434\u0435\u0440\u0436\u043a\u0435 \u0433\u0435\u0440\u043c\u0430\u043d\u0441\u043a\u043e\u0433\u043e \u041c\u0418\u0414\u0430.","sameAs":["https:\/\/www.human-rights-year.com"],"url":"https:\/\/www.human-rights-year.com\/de\/author\/humanrightsyear\/"}]}},"_links":{"self":[{"href":"https:\/\/www.human-rights-year.com\/de\/wp-json\/wp\/v2\/posts\/1914"}],"collection":[{"href":"https:\/\/www.human-rights-year.com\/de\/wp-json\/wp\/v2\/posts"}],"about":[{"href":"https:\/\/www.human-rights-year.com\/de\/wp-json\/wp\/v2\/types\/post"}],"author":[{"embeddable":true,"href":"https:\/\/www.human-rights-year.com\/de\/wp-json\/wp\/v2\/users\/1"}],"replies":[{"embeddable":true,"href":"https:\/\/www.human-rights-year.com\/de\/wp-json\/wp\/v2\/comments?post=1914"}],"version-history":[{"count":0,"href":"https:\/\/www.human-rights-year.com\/de\/wp-json\/wp\/v2\/posts\/1914\/revisions"}],"wp:featuredmedia":[{"embeddable":true,"href":"https:\/\/www.human-rights-year.com\/de\/wp-json\/wp\/v2\/media\/1913"}],"wp:attachment":[{"href":"https:\/\/www.human-rights-year.com\/de\/wp-json\/wp\/v2\/media?parent=1914"}],"wp:term":[{"taxonomy":"category","embeddable":true,"href":"https:\/\/www.human-rights-year.com\/de\/wp-json\/wp\/v2\/categories?post=1914"},{"taxonomy":"post_tag","embeddable":true,"href":"https:\/\/www.human-rights-year.com\/de\/wp-json\/wp\/v2\/tags?post=1914"}],"curies":[{"name":"wp","href":"https:\/\/api.w.org\/{rel}","templated":true}]}}