{"id":1854,"date":"2019-10-15T12:12:19","date_gmt":"2019-10-15T10:12:19","guid":{"rendered":"https:\/\/www.human-rights-year.com\/?p=1854"},"modified":"2019-10-15T14:49:09","modified_gmt":"2019-10-15T12:49:09","slug":"kasan-feierte-den-internationalen-tag-des-weissen-stockes","status":"publish","type":"post","link":"https:\/\/www.human-rights-year.com\/de\/2019\/10\/15\/kasan-feierte-den-internationalen-tag-des-weissen-stockes\/","title":{"rendered":"Kasan feierte den internationalen Tag des &#8222;Wei\u00dfen Stockes&#8220;"},"content":{"rendered":"<p>Weltweit nutzen Blindenverb\u00e4nde den 15. Oktober als Tag des wei\u00dfen Stockes, um auf die Situation blinder und sehbehinderter Menschen aufmerksam zu machen. Am 15. Oktober 1964 \u00fcbergab US-Pr\u00e4sident Lyndon B. Johnson in einem symbolischen Akt Langst\u00f6cke an Menschen mit Blindheit und starker Sehbehinderung, was als Beginn des systematischen Orientierungs- und Mobilit\u00e4tstrainings gilt.<\/p>\n<p>Die Idee, die blinden Menschen mit einem wei\u00dfen Stock als Schutz- und Erkennungszeichen zu versehen, entstand 1930 in Paris und wurde 1931 in die Tat umgesetzt.<\/p>\n<p>Laut <a href=\"http:\/\/m.activatica.org\/blogs\/view\/id\/8209\/title\/mir-na-oshchup-den-beloy-trosti-proshjol-v-kazani?fbclid=IwAR3Q9ng4OSbx4zkhoqknuR837zmGOA5JSdIoNEXbIpWwRRrrAS2VfI99Spo\" target=\"_blank\" rel=\"noopener noreferrer\">Activatica<\/a> gab es kurz zuvor in Kasan eine Aktion, die dem Tag des Wei\u00dfen Stocks gewidmet war und von der Organisation &#8222;Andere Menschen&#8220; organisiert wurde. Die Veranstaltung fand im Zentrum der Hauptstadt von Tatarstan in der Bauman-Stra\u00dfe statt.<\/p>\n<p><span class=\"redactor-invisible-space\"><img src=\"http:\/\/m.activatica.org\/uploads\/files\/cf\/29c0da6fe037e0f6a22a2bd3e1ab8194.jpg\" alt=\"29c0da6fe037e0f6a22a2bd3e1ab8194.jpg\" \/><\/span><\/p>\n<p>Freiwillige schlugen vor, dass Passanten und Touristen \u201ePr\u00fcfungen\u201c durchzulaufen: mit verbundenen Augen Dinge paarweise zu sortieren, den Geruch von Gew\u00fcrzen und Gew\u00fcrzen zu bestimmen und Obst und Gem\u00fcse anzufassen und zu erkennen.<\/p>\n<p><img src=\"http:\/\/m.activatica.org\/uploads\/files\/f7\/609cc9e2c57292dab0c0f89042f06a25.jpg\" alt=\"609cc9e2c57292dab0c0f89042f06a25.jpg\" \/><\/p>\n<p>Freiwillige verteilten auch Visitenkarten und erz\u00e4hlten \u00fcber die Merkmale und Mittel zur Rehabilitation blinder Menschen. Man konnte auch Braille-Schrift lernen und versuchen, damit etwas zu schreiben.<\/p>\n<p><img src=\"http:\/\/m.activatica.org\/uploads\/files\/97\/64e74db346686a31b1631088e0118ecc.jpg\" alt=\"64e74db346686a31b1631088e0118ecc.jpg\" \/><\/p>\n<p>Au\u00dferdem konnte man mit einem wei\u00dfen Stock entlang der Bauman-Stra\u00dfe in Begleitung der Person, die ihn t\u00e4glich benutzt, und eines sehenden Begleiters spazieren gehen.<\/p>\n<p><img src=\"http:\/\/m.activatica.org\/uploads\/files\/d8\/d16af992290d86d87bf33b734c2719b0.jpg\" alt=\"d16af992290d86d87bf33b734c2719b0.jpg\" \/><\/p>\n<p>Fahrer und Fu\u00dfg\u00e4nger, Verk\u00e4ufer, Polizisten, Stadtplaner &#8211; oft verstehen sie einfach nicht, wie sich ein Blinder f\u00fchlt, wenn er auf der Stra\u00dfe, in einem Gesch\u00e4ft, im Treppenhaus ist &#8230; Diese Veranstaltung sollte der Gesellschaft helfen, aufzuh\u00f6ren blind gegen\u00fcber Blinden und ihren Bed\u00fcrfnissen zu sein.<\/p>\n<p><img src=\"http:\/\/m.activatica.org\/uploads\/files\/6d\/6e569cb7593d49ffc174cc7e8c717165.jpg\" alt=\"6e569cb7593d49ffc174cc7e8c717165.jpg\" \/><\/p>\n<p>Mehr \u00fcber die Probleme blinder und geh\u00f6rloser Menschen in Russland erfahren Sie auf dem <a href=\"https:\/\/www.youtube.com\/user\/nuzhina?fbclid=IwAR1VwK7TP6cHN96uXwwIzShtGps4b_UFnz43d4APQwFM7AVtLdTqAuKTUFo\" target=\"_blank\" rel=\"noopener noreferrer\">Youtube-Kanal<\/a> von Tatyana Nuzhina.<\/p>\n<p>Quellen: <a href=\"http:\/\/www.kleiner-kalender.de\/\" target=\"_blank\" rel=\"noopener noreferrer\">kleiner-kalender<\/a>, <a href=\"http:\/\/m.activatica.org\/blogs\/view\/id\/8209\/title\/mir-na-oshchup-den-beloy-trosti-proshjol-v-kazani?fbclid=IwAR3Q9ng4OSbx4zkhoqknuR837zmGOA5JSdIoNEXbIpWwRRrrAS2VfI99Spo\" target=\"_blank\" rel=\"noopener noreferrer\">Activatica<\/a><br \/>\nFotos: <a href=\"https:\/\/www.facebook.com\/profile.php?id=100000627324205&amp;__tn__=%2CdC-R-R&amp;eid=ARAgTG0p5KDyy5q7IkidueHKG1ubSsjQ-One8ED02gqCr0dHJICK0qYFzALKI4GYvQtEbfR1jh9JNH5o&amp;hc_ref=ARRP55JIcUtkDE_V0xpA5iPo3Ulv78WK9lNtJCnH6ptoWE26VO6bspbLOaz_zwM2pcQ&amp;fref=nf\" target=\"_blank\" rel=\"noopener noreferrer\">Tatyana Nuzhina<\/a><br \/>\nTitelillustration (CC) <a href=\"https:\/\/flickr.com\/photos\/kirberich\/3490746991\/\" target=\"_blank\" rel=\"noopener noreferrer\">Robert Kirberich<\/a><\/p>\n","protected":false},"excerpt":{"rendered":"<p>Weltweit nutzen Blindenverb\u00e4nde den 15. Oktober als Tag des wei\u00dfen Stockes, um auf die Situation blinder und sehbehinderter Menschen aufmerksam zu machen. Am 15. Oktober<\/p>\n","protected":false},"author":1,"featured_media":1853,"comment_status":"closed","ping_status":"open","sticky":false,"template":"","format":"standard","meta":[],"categories":[19,12],"tags":[379],"yoast_head":"<!-- This site is optimized with the Yoast SEO plugin v19.4 - https:\/\/yoast.com\/wordpress\/plugins\/seo\/ -->\n<title>Kasan feierte den internationalen Tag des &quot;Wei\u00dfen Stockes&quot; - Europ\u00e4ischer Menschenrechtsdialog<\/title>\n<meta name=\"description\" content=\"Weltweit nutzen Blindenverb\u00e4nde den 15. Oktober als Tag des wei\u00dfen Stockes, um auf die Situation blinder und sehbehinderter Menschen aufmerksam zu machen. Am 15. Oktober 1964 \u00fcbergab US-Pr\u00e4sident Lyndon B. Johnson in einem symbolischen Akt Langst\u00f6cke an Menschen mit Blindheit und starker Sehbehinderung, was als Beginn des systematischen Orientierungs- und Mobilit\u00e4tstrainings gilt.\" \/>\n<meta name=\"robots\" content=\"index, follow, max-snippet:-1, max-image-preview:large, max-video-preview:-1\" \/>\n<link rel=\"canonical\" href=\"https:\/\/www.human-rights-year.com\/de\/2019\/10\/15\/kasan-feierte-den-internationalen-tag-des-weissen-stockes\/\" \/>\n<meta property=\"og:locale\" content=\"de_DE\" \/>\n<meta property=\"og:type\" content=\"article\" \/>\n<meta property=\"og:title\" content=\"Kasan feierte den internationalen Tag des &quot;Wei\u00dfen Stockes&quot; - Europ\u00e4ischer Menschenrechtsdialog\" \/>\n<meta property=\"og:description\" content=\"Weltweit nutzen Blindenverb\u00e4nde den 15. Oktober als Tag des wei\u00dfen Stockes, um auf die Situation blinder und sehbehinderter Menschen aufmerksam zu machen. Am 15. Oktober 1964 \u00fcbergab US-Pr\u00e4sident Lyndon B. Johnson in einem symbolischen Akt Langst\u00f6cke an Menschen mit Blindheit und starker Sehbehinderung, was als Beginn des systematischen Orientierungs- und Mobilit\u00e4tstrainings gilt.\" \/>\n<meta property=\"og:url\" content=\"https:\/\/www.human-rights-year.com\/de\/2019\/10\/15\/kasan-feierte-den-internationalen-tag-des-weissen-stockes\/\" \/>\n<meta property=\"og:site_name\" content=\"Europ\u00e4ischer Menschenrechtsdialog\" \/>\n<meta property=\"article:published_time\" content=\"2019-10-15T10:12:19+00:00\" \/>\n<meta property=\"article:modified_time\" content=\"2019-10-15T12:49:09+00:00\" \/>\n<meta property=\"og:image\" content=\"https:\/\/www.human-rights-year.com\/wp-content\/uploads\/2019\/10\/3490746991_294eaecdc7_c.jpg\" \/>\n\t<meta property=\"og:image:width\" content=\"799\" \/>\n\t<meta property=\"og:image:height\" content=\"527\" \/>\n\t<meta property=\"og:image:type\" content=\"image\/jpeg\" \/>\n<meta name=\"author\" content=\"Human Rights Year\" \/>\n<meta name=\"twitter:card\" content=\"summary_large_image\" \/>\n<meta name=\"twitter:label1\" content=\"Verfasst von\" \/>\n\t<meta name=\"twitter:data1\" content=\"Human Rights Year\" \/>\n\t<meta name=\"twitter:label2\" content=\"Gesch\u00e4tzte Lesezeit\" \/>\n\t<meta name=\"twitter:data2\" content=\"1\u00a0Minute\" \/>\n<script type=\"application\/ld+json\" class=\"yoast-schema-graph\">{\"@context\":\"https:\/\/schema.org\",\"@graph\":[{\"@type\":\"WebSite\",\"@id\":\"https:\/\/www.human-rights-year.com\/#website\",\"url\":\"https:\/\/www.human-rights-year.com\/\",\"name\":\"\u0415\u0432\u0440\u043e\u043f\u0435\u0439\u0441\u043a\u0438\u0439 \u043f\u0440\u0430\u0432\u043e\u0437\u0430\u0449\u0438\u0442\u043d\u044b\u0439 \u0434\u0438\u0430\u043b\u043e\u0433\",\"description\":\" \",\"potentialAction\":[{\"@type\":\"SearchAction\",\"target\":{\"@type\":\"EntryPoint\",\"urlTemplate\":\"https:\/\/www.human-rights-year.com\/?s={search_term_string}\"},\"query-input\":\"required name=search_term_string\"}],\"inLanguage\":\"de\"},{\"@type\":\"WebPage\",\"@id\":\"https:\/\/www.human-rights-year.com\/de\/2019\/10\/15\/kasan-feierte-den-internationalen-tag-des-weissen-stockes\/\",\"url\":\"https:\/\/www.human-rights-year.com\/de\/2019\/10\/15\/kasan-feierte-den-internationalen-tag-des-weissen-stockes\/\",\"name\":\"Kasan feierte den internationalen Tag des \\\"Wei\u00dfen Stockes\\\" - Europ\u00e4ischer Menschenrechtsdialog\",\"isPartOf\":{\"@id\":\"https:\/\/www.human-rights-year.com\/#website\"},\"datePublished\":\"2019-10-15T10:12:19+00:00\",\"dateModified\":\"2019-10-15T12:49:09+00:00\",\"author\":{\"@id\":\"https:\/\/www.human-rights-year.com\/#\/schema\/person\/54d85daa1545786aba6f5320df79bb4c\"},\"description\":\"Weltweit nutzen Blindenverb\u00e4nde den 15. Oktober als Tag des wei\u00dfen Stockes, um auf die Situation blinder und sehbehinderter Menschen aufmerksam zu machen. Am 15. Oktober 1964 \u00fcbergab US-Pr\u00e4sident Lyndon B. Johnson in einem symbolischen Akt Langst\u00f6cke an Menschen mit Blindheit und starker Sehbehinderung, was als Beginn des systematischen Orientierungs- und Mobilit\u00e4tstrainings gilt.\",\"breadcrumb\":{\"@id\":\"https:\/\/www.human-rights-year.com\/de\/2019\/10\/15\/kasan-feierte-den-internationalen-tag-des-weissen-stockes\/#breadcrumb\"},\"inLanguage\":\"de\",\"potentialAction\":[{\"@type\":\"ReadAction\",\"target\":[\"https:\/\/www.human-rights-year.com\/de\/2019\/10\/15\/kasan-feierte-den-internationalen-tag-des-weissen-stockes\/\"]}]},{\"@type\":\"BreadcrumbList\",\"@id\":\"https:\/\/www.human-rights-year.com\/de\/2019\/10\/15\/kasan-feierte-den-internationalen-tag-des-weissen-stockes\/#breadcrumb\",\"itemListElement\":[{\"@type\":\"ListItem\",\"position\":1,\"name\":\"\u0413\u043b\u0430\u0432\u043d\u0430\u044f \u0441\u0442\u0440\u0430\u043d\u0438\u0446\u0430\",\"item\":\"https:\/\/www.human-rights-year.com\/de\/\"},{\"@type\":\"ListItem\",\"position\":2,\"name\":\"Kasan feierte den internationalen Tag des &#8222;Wei\u00dfen Stockes&#8220;\"}]},{\"@type\":\"Person\",\"@id\":\"https:\/\/www.human-rights-year.com\/#\/schema\/person\/54d85daa1545786aba6f5320df79bb4c\",\"name\":\"Human Rights Year\",\"image\":{\"@type\":\"ImageObject\",\"inLanguage\":\"de\",\"@id\":\"https:\/\/www.human-rights-year.com\/#\/schema\/person\/image\/\",\"url\":\"https:\/\/secure.gravatar.com\/avatar\/685b0e722b7b569d9169f933abfd5f26?s=96&d=mm&r=g\",\"contentUrl\":\"https:\/\/secure.gravatar.com\/avatar\/685b0e722b7b569d9169f933abfd5f26?s=96&d=mm&r=g\",\"caption\":\"Human Rights Year\"},\"description\":\"\u041d\u0435\u043c\u0435\u0446\u043a\u043e - \u0440\u043e\u0441\u0441\u0438\u0439\u0441\u043a\u0438\u0439 \u0433\u043e\u0434 \u043f\u0440\u0430\u0432 \u0447\u0435\u043b\u043e\u0432\u0435\u043a\u0430 \u041f\u0440\u043e\u0435\u043a\u0442 \u0438\u043d\u0444\u043e\u0440\u043c\u0438\u0440\u0443\u0435\u0442 \u043d\u0435\u043c\u0435\u0446\u043a\u043e\u0435 \u043e\u0431\u0449\u0435\u0441\u0442\u0432\u043e,\u00a0 \u0432 \u0442\u043e\u043c \u0447\u0438\u0441\u043b\u0435 \u0435\u0433\u043e \u0440\u0443\u0441\u0441\u043a\u043e\u044f\u0437\u044b\u0447\u043d\u0443\u044e \u0447\u0430\u0441\u0442\u044c, \u043e \u0441\u0438\u0442\u0443\u0430\u0446\u0438\u0438 \u0441 \u0441\u043e\u0431\u043b\u044e\u0434\u0435\u043d\u0438\u0435\u043c \u043f\u0440\u0430\u0432 \u0447\u0435\u043b\u043e\u0432\u0435\u043a\u0430 \u0432 \u0420\u043e\u0441\u0441\u0438\u0438; \u0430 \u0440\u043e\u0441\u0441\u0438\u044f\u043d - \u043e \u0441\u0438\u0442\u0443\u0430\u0446\u0438\u0438 \u0432 \u044d\u0442\u043e\u0439 \u043e\u0431\u043b\u0430\u0441\u0442\u0438 \u0432 \u0413\u0435\u0440\u043c\u0430\u043d\u0438\u0438. \u0420\u0435\u0430\u043b\u0438\u0437\u0443\u0435\u0442\u0441\u044f \u043f\u0440\u0438 \u0443\u0447\u0430\u0441\u0442\u0438\u0438 \u0440\u043e\u0441\u0441\u0438\u0439\u0441\u043a\u043e\u0433\u043e \u043f\u0440\u0430\u0432\u043e\u0437\u0430\u0449\u0438\u0442\u043d\u043e\u0433\u043e \u0446\u0435\u043d\u0442\u0440\u0430 \u201c\u041c\u0435\u043c\u043e\u0440\u0438\u0430\u043b\u201d \u0438 \u0424\u043e\u0440\u0443\u043c\u0430 \u0440\u0443\u0441\u0441\u043a\u043e\u044f\u0437\u044b\u0447\u043d\u044b\u0445 \u0435\u0432\u0440\u043e\u043f\u0435\u0439\u0446\u0435\u0432, \u0430 \u0442\u0430\u043a\u0436\u0435 \u043f\u0440\u0438 \u043f\u043e\u0434\u0434\u0435\u0440\u0436\u043a\u0435 \u0433\u0435\u0440\u043c\u0430\u043d\u0441\u043a\u043e\u0433\u043e \u041c\u0418\u0414\u0430.\",\"sameAs\":[\"https:\/\/www.human-rights-year.com\"],\"url\":\"https:\/\/www.human-rights-year.com\/de\/author\/humanrightsyear\/\"}]}<\/script>\n<!-- \/ Yoast SEO plugin. -->","yoast_head_json":{"title":"Kasan feierte den internationalen Tag des \"Wei\u00dfen Stockes\" - Europ\u00e4ischer Menschenrechtsdialog","description":"Weltweit nutzen Blindenverb\u00e4nde den 15. Oktober als Tag des wei\u00dfen Stockes, um auf die Situation blinder und sehbehinderter Menschen aufmerksam zu machen. Am 15. Oktober 1964 \u00fcbergab US-Pr\u00e4sident Lyndon B. Johnson in einem symbolischen Akt Langst\u00f6cke an Menschen mit Blindheit und starker Sehbehinderung, was als Beginn des systematischen Orientierungs- und Mobilit\u00e4tstrainings gilt.","robots":{"index":"index","follow":"follow","max-snippet":"max-snippet:-1","max-image-preview":"max-image-preview:large","max-video-preview":"max-video-preview:-1"},"canonical":"https:\/\/www.human-rights-year.com\/de\/2019\/10\/15\/kasan-feierte-den-internationalen-tag-des-weissen-stockes\/","og_locale":"de_DE","og_type":"article","og_title":"Kasan feierte den internationalen Tag des \"Wei\u00dfen Stockes\" - Europ\u00e4ischer Menschenrechtsdialog","og_description":"Weltweit nutzen Blindenverb\u00e4nde den 15. Oktober als Tag des wei\u00dfen Stockes, um auf die Situation blinder und sehbehinderter Menschen aufmerksam zu machen. Am 15. Oktober 1964 \u00fcbergab US-Pr\u00e4sident Lyndon B. Johnson in einem symbolischen Akt Langst\u00f6cke an Menschen mit Blindheit und starker Sehbehinderung, was als Beginn des systematischen Orientierungs- und Mobilit\u00e4tstrainings gilt.","og_url":"https:\/\/www.human-rights-year.com\/de\/2019\/10\/15\/kasan-feierte-den-internationalen-tag-des-weissen-stockes\/","og_site_name":"Europ\u00e4ischer Menschenrechtsdialog","article_published_time":"2019-10-15T10:12:19+00:00","article_modified_time":"2019-10-15T12:49:09+00:00","og_image":[{"width":799,"height":527,"url":"https:\/\/www.human-rights-year.com\/wp-content\/uploads\/2019\/10\/3490746991_294eaecdc7_c.jpg","type":"image\/jpeg"}],"author":"Human Rights Year","twitter_card":"summary_large_image","twitter_misc":{"Verfasst von":"Human Rights Year","Gesch\u00e4tzte Lesezeit":"1\u00a0Minute"},"schema":{"@context":"https:\/\/schema.org","@graph":[{"@type":"WebSite","@id":"https:\/\/www.human-rights-year.com\/#website","url":"https:\/\/www.human-rights-year.com\/","name":"\u0415\u0432\u0440\u043e\u043f\u0435\u0439\u0441\u043a\u0438\u0439 \u043f\u0440\u0430\u0432\u043e\u0437\u0430\u0449\u0438\u0442\u043d\u044b\u0439 \u0434\u0438\u0430\u043b\u043e\u0433","description":" ","potentialAction":[{"@type":"SearchAction","target":{"@type":"EntryPoint","urlTemplate":"https:\/\/www.human-rights-year.com\/?s={search_term_string}"},"query-input":"required name=search_term_string"}],"inLanguage":"de"},{"@type":"WebPage","@id":"https:\/\/www.human-rights-year.com\/de\/2019\/10\/15\/kasan-feierte-den-internationalen-tag-des-weissen-stockes\/","url":"https:\/\/www.human-rights-year.com\/de\/2019\/10\/15\/kasan-feierte-den-internationalen-tag-des-weissen-stockes\/","name":"Kasan feierte den internationalen Tag des \"Wei\u00dfen Stockes\" - Europ\u00e4ischer Menschenrechtsdialog","isPartOf":{"@id":"https:\/\/www.human-rights-year.com\/#website"},"datePublished":"2019-10-15T10:12:19+00:00","dateModified":"2019-10-15T12:49:09+00:00","author":{"@id":"https:\/\/www.human-rights-year.com\/#\/schema\/person\/54d85daa1545786aba6f5320df79bb4c"},"description":"Weltweit nutzen Blindenverb\u00e4nde den 15. Oktober als Tag des wei\u00dfen Stockes, um auf die Situation blinder und sehbehinderter Menschen aufmerksam zu machen. Am 15. Oktober 1964 \u00fcbergab US-Pr\u00e4sident Lyndon B. Johnson in einem symbolischen Akt Langst\u00f6cke an Menschen mit Blindheit und starker Sehbehinderung, was als Beginn des systematischen Orientierungs- und Mobilit\u00e4tstrainings gilt.","breadcrumb":{"@id":"https:\/\/www.human-rights-year.com\/de\/2019\/10\/15\/kasan-feierte-den-internationalen-tag-des-weissen-stockes\/#breadcrumb"},"inLanguage":"de","potentialAction":[{"@type":"ReadAction","target":["https:\/\/www.human-rights-year.com\/de\/2019\/10\/15\/kasan-feierte-den-internationalen-tag-des-weissen-stockes\/"]}]},{"@type":"BreadcrumbList","@id":"https:\/\/www.human-rights-year.com\/de\/2019\/10\/15\/kasan-feierte-den-internationalen-tag-des-weissen-stockes\/#breadcrumb","itemListElement":[{"@type":"ListItem","position":1,"name":"\u0413\u043b\u0430\u0432\u043d\u0430\u044f \u0441\u0442\u0440\u0430\u043d\u0438\u0446\u0430","item":"https:\/\/www.human-rights-year.com\/de\/"},{"@type":"ListItem","position":2,"name":"Kasan feierte den internationalen Tag des &#8222;Wei\u00dfen Stockes&#8220;"}]},{"@type":"Person","@id":"https:\/\/www.human-rights-year.com\/#\/schema\/person\/54d85daa1545786aba6f5320df79bb4c","name":"Human Rights Year","image":{"@type":"ImageObject","inLanguage":"de","@id":"https:\/\/www.human-rights-year.com\/#\/schema\/person\/image\/","url":"https:\/\/secure.gravatar.com\/avatar\/685b0e722b7b569d9169f933abfd5f26?s=96&d=mm&r=g","contentUrl":"https:\/\/secure.gravatar.com\/avatar\/685b0e722b7b569d9169f933abfd5f26?s=96&d=mm&r=g","caption":"Human Rights Year"},"description":"\u041d\u0435\u043c\u0435\u0446\u043a\u043e - \u0440\u043e\u0441\u0441\u0438\u0439\u0441\u043a\u0438\u0439 \u0433\u043e\u0434 \u043f\u0440\u0430\u0432 \u0447\u0435\u043b\u043e\u0432\u0435\u043a\u0430 \u041f\u0440\u043e\u0435\u043a\u0442 \u0438\u043d\u0444\u043e\u0440\u043c\u0438\u0440\u0443\u0435\u0442 \u043d\u0435\u043c\u0435\u0446\u043a\u043e\u0435 \u043e\u0431\u0449\u0435\u0441\u0442\u0432\u043e,\u00a0 \u0432 \u0442\u043e\u043c \u0447\u0438\u0441\u043b\u0435 \u0435\u0433\u043e \u0440\u0443\u0441\u0441\u043a\u043e\u044f\u0437\u044b\u0447\u043d\u0443\u044e \u0447\u0430\u0441\u0442\u044c, \u043e \u0441\u0438\u0442\u0443\u0430\u0446\u0438\u0438 \u0441 \u0441\u043e\u0431\u043b\u044e\u0434\u0435\u043d\u0438\u0435\u043c \u043f\u0440\u0430\u0432 \u0447\u0435\u043b\u043e\u0432\u0435\u043a\u0430 \u0432 \u0420\u043e\u0441\u0441\u0438\u0438; \u0430 \u0440\u043e\u0441\u0441\u0438\u044f\u043d - \u043e \u0441\u0438\u0442\u0443\u0430\u0446\u0438\u0438 \u0432 \u044d\u0442\u043e\u0439 \u043e\u0431\u043b\u0430\u0441\u0442\u0438 \u0432 \u0413\u0435\u0440\u043c\u0430\u043d\u0438\u0438. \u0420\u0435\u0430\u043b\u0438\u0437\u0443\u0435\u0442\u0441\u044f \u043f\u0440\u0438 \u0443\u0447\u0430\u0441\u0442\u0438\u0438 \u0440\u043e\u0441\u0441\u0438\u0439\u0441\u043a\u043e\u0433\u043e \u043f\u0440\u0430\u0432\u043e\u0437\u0430\u0449\u0438\u0442\u043d\u043e\u0433\u043e \u0446\u0435\u043d\u0442\u0440\u0430 \u201c\u041c\u0435\u043c\u043e\u0440\u0438\u0430\u043b\u201d \u0438 \u0424\u043e\u0440\u0443\u043c\u0430 \u0440\u0443\u0441\u0441\u043a\u043e\u044f\u0437\u044b\u0447\u043d\u044b\u0445 \u0435\u0432\u0440\u043e\u043f\u0435\u0439\u0446\u0435\u0432, \u0430 \u0442\u0430\u043a\u0436\u0435 \u043f\u0440\u0438 \u043f\u043e\u0434\u0434\u0435\u0440\u0436\u043a\u0435 \u0433\u0435\u0440\u043c\u0430\u043d\u0441\u043a\u043e\u0433\u043e \u041c\u0418\u0414\u0430.","sameAs":["https:\/\/www.human-rights-year.com"],"url":"https:\/\/www.human-rights-year.com\/de\/author\/humanrightsyear\/"}]}},"_links":{"self":[{"href":"https:\/\/www.human-rights-year.com\/de\/wp-json\/wp\/v2\/posts\/1854"}],"collection":[{"href":"https:\/\/www.human-rights-year.com\/de\/wp-json\/wp\/v2\/posts"}],"about":[{"href":"https:\/\/www.human-rights-year.com\/de\/wp-json\/wp\/v2\/types\/post"}],"author":[{"embeddable":true,"href":"https:\/\/www.human-rights-year.com\/de\/wp-json\/wp\/v2\/users\/1"}],"replies":[{"embeddable":true,"href":"https:\/\/www.human-rights-year.com\/de\/wp-json\/wp\/v2\/comments?post=1854"}],"version-history":[{"count":0,"href":"https:\/\/www.human-rights-year.com\/de\/wp-json\/wp\/v2\/posts\/1854\/revisions"}],"wp:featuredmedia":[{"embeddable":true,"href":"https:\/\/www.human-rights-year.com\/de\/wp-json\/wp\/v2\/media\/1853"}],"wp:attachment":[{"href":"https:\/\/www.human-rights-year.com\/de\/wp-json\/wp\/v2\/media?parent=1854"}],"wp:term":[{"taxonomy":"category","embeddable":true,"href":"https:\/\/www.human-rights-year.com\/de\/wp-json\/wp\/v2\/categories?post=1854"},{"taxonomy":"post_tag","embeddable":true,"href":"https:\/\/www.human-rights-year.com\/de\/wp-json\/wp\/v2\/tags?post=1854"}],"curies":[{"name":"wp","href":"https:\/\/api.w.org\/{rel}","templated":true}]}}