{"id":1844,"date":"2019-10-15T10:52:47","date_gmt":"2019-10-15T08:52:47","guid":{"rendered":"https:\/\/www.human-rights-year.com\/?p=1844"},"modified":"2019-10-15T10:52:47","modified_gmt":"2019-10-15T08:52:47","slug":"der-im-moskauer-fall-beteiligte-konstantin-kotov-und-anna-pavlikova-die-im-fall-der-neuen-groesse-verfolgt-wird-planen-diesen-mittwoch-zu-heiraten","status":"publish","type":"post","link":"https:\/\/www.human-rights-year.com\/de\/2019\/10\/15\/der-im-moskauer-fall-beteiligte-konstantin-kotov-und-anna-pavlikova-die-im-fall-der-neuen-groesse-verfolgt-wird-planen-diesen-mittwoch-zu-heiraten\/","title":{"rendered":"Der im &#8222;Moskauer Fall&#8220; beteiligte Konstantin Kotov und Anna Pavlikova, die im Fall der &#8222;Neuen Gr\u00f6\u00dfe&#8220; verfolgt wird, planen diesen Mittwoch zu heiraten"},"content":{"rendered":"<p><a href=\"https:\/\/www.facebook.com\/Ekaterina.Schulmann?hc_location=ufi\" target=\"_blank\" rel=\"noopener noreferrer\">Ekaterina Shulman<\/a> schreibt: \u201eDas hatte die Richterin also im Sinn, als sie Kotov zu Beginn des Prozesses fragte, ob er ledig sei:\u201eEin Antrag wurde wohl schon eingereicht?\u201c<\/p>\n<p>\u201eAnna Pavlikovas Mutter best\u00e4tigte den Journalisten von Mediazona, Medusa und BBC w\u00e4hrend einer Pause im Gericht, dass ihre Tochter und Kotov einen Heiratsantrag gestellt hatten.<br \/>\n\u201eEr war einer der Ersten, der Anya sehr unterst\u00fctzte, Briefe an sie schrieb und Packete gebracht hat, er kam, um mir zu helfen. Fast die ganze Zeit waren sie zusammen \u201c, sagte Pavlikovas Mutter. Sie f\u00fcgte hinzu, dass ihre Tochter unter Hausarrest ausgehen darf &#8211; in dieser Zeit hat sie sich mit Kotov unterhalten. Um heute zum Gericht zu kommen, erhielt Pavlikova die Erlaubnis. \u201c<\/p>\n<p>M<a href=\"https:\/\/zona.media\/online\/2019\/10\/14\/kotov-appeal\" target=\"_blank\" rel=\"noopener noreferrer\">edienzona<\/a> berichtet: Das Moskauer Stadtgericht lehnte den Einspruch der Verteidigung gegen das Urteil gegen den Programmierer Konstantin Kotov ab. Anfang September <a href=\"https:\/\/zona.media\/online\/2019\/09\/05\/kotov-prigovor\" target=\"_blank\" rel=\"noopener noreferrer\">verurteilt<\/a>e ihn der Richter des Bezirksgerichts Twer, Stanislaw Minin, zu vier Jahren Gef\u00e4ngnis, weil er an vier friedlichen Protesten teilgenommen und zur Teilnahme an einer Kundgebung zur Unterst\u00fctzung unabh\u00e4ngiger Kandidaten der Moskauer Stadtduma aufgerufen hatte.<\/p>\n<p>&nbsp;<\/p>\n<p><a href=\"https:\/\/yandex.ru\/maps\/org\/ring_studio\/1313946010\/?ll=30.366382%2C59.931202&amp;z=18\" target=\"_blank\" rel=\"noopener noreferrer\">Illustration<\/a><\/p>\n","protected":false},"excerpt":{"rendered":"<p>Ekaterina Shulman schreibt: \u201eDas hatte die Richterin also im Sinn, als sie Kotov zu Beginn des Prozesses fragte, ob er ledig sei:\u201eEin Antrag wurde wohl<\/p>\n","protected":false},"author":1,"featured_media":1843,"comment_status":"closed","ping_status":"open","sticky":false,"template":"","format":"standard","meta":[],"categories":[20,12],"tags":[377],"yoast_head":"<!-- This site is optimized with the Yoast SEO plugin v19.4 - https:\/\/yoast.com\/wordpress\/plugins\/seo\/ -->\n<title>Der im &quot;Moskauer Fall&quot; beteiligte Konstantin Kotov und Anna Pavlikova, die im Fall der &quot;Neuen Gr\u00f6\u00dfe&quot; verfolgt wird, planen diesen Mittwoch zu heiraten - Europ\u00e4ischer Menschenrechtsdialog<\/title>\n<meta name=\"description\" content=\"\u201eAnna Pavlikovas Mutter best\u00e4tigte den Journalisten von Mediazona, Medusa und BBC w\u00e4hrend einer Pause im Gericht, dass ihre Tochter und Kotov einen Heiratsantrag gestellt hatten.\" \/>\n<meta name=\"robots\" content=\"index, follow, max-snippet:-1, max-image-preview:large, max-video-preview:-1\" \/>\n<link rel=\"canonical\" href=\"https:\/\/www.human-rights-year.com\/de\/2019\/10\/15\/der-im-moskauer-fall-beteiligte-konstantin-kotov-und-anna-pavlikova-die-im-fall-der-neuen-groesse-verfolgt-wird-planen-diesen-mittwoch-zu-heiraten\/\" \/>\n<meta property=\"og:locale\" content=\"de_DE\" \/>\n<meta property=\"og:type\" content=\"article\" \/>\n<meta property=\"og:title\" content=\"Der im &quot;Moskauer Fall&quot; beteiligte Konstantin Kotov und Anna Pavlikova, die im Fall der &quot;Neuen Gr\u00f6\u00dfe&quot; verfolgt wird, planen diesen Mittwoch zu heiraten - Europ\u00e4ischer Menschenrechtsdialog\" \/>\n<meta property=\"og:description\" content=\"\u201eAnna Pavlikovas Mutter best\u00e4tigte den Journalisten von Mediazona, Medusa und BBC w\u00e4hrend einer Pause im Gericht, dass ihre Tochter und Kotov einen Heiratsantrag gestellt hatten.\" \/>\n<meta property=\"og:url\" content=\"https:\/\/www.human-rights-year.com\/de\/2019\/10\/15\/der-im-moskauer-fall-beteiligte-konstantin-kotov-und-anna-pavlikova-die-im-fall-der-neuen-groesse-verfolgt-wird-planen-diesen-mittwoch-zu-heiraten\/\" \/>\n<meta property=\"og:site_name\" content=\"Europ\u00e4ischer Menschenrechtsdialog\" \/>\n<meta property=\"article:published_time\" content=\"2019-10-15T08:52:47+00:00\" \/>\n<meta property=\"og:image\" content=\"https:\/\/www.human-rights-year.com\/wp-content\/uploads\/2019\/10\/h-1.jpg\" \/>\n\t<meta property=\"og:image:width\" content=\"960\" \/>\n\t<meta property=\"og:image:height\" content=\"954\" \/>\n\t<meta property=\"og:image:type\" content=\"image\/jpeg\" \/>\n<meta name=\"author\" content=\"Human Rights Year\" \/>\n<meta name=\"twitter:card\" content=\"summary_large_image\" \/>\n<meta name=\"twitter:label1\" content=\"Verfasst von\" \/>\n\t<meta name=\"twitter:data1\" content=\"Human Rights Year\" \/>\n\t<meta name=\"twitter:label2\" content=\"Gesch\u00e4tzte Lesezeit\" \/>\n\t<meta name=\"twitter:data2\" content=\"1\u00a0Minute\" \/>\n<script type=\"application\/ld+json\" class=\"yoast-schema-graph\">{\"@context\":\"https:\/\/schema.org\",\"@graph\":[{\"@type\":\"WebSite\",\"@id\":\"https:\/\/www.human-rights-year.com\/#website\",\"url\":\"https:\/\/www.human-rights-year.com\/\",\"name\":\"\u0415\u0432\u0440\u043e\u043f\u0435\u0439\u0441\u043a\u0438\u0439 \u043f\u0440\u0430\u0432\u043e\u0437\u0430\u0449\u0438\u0442\u043d\u044b\u0439 \u0434\u0438\u0430\u043b\u043e\u0433\",\"description\":\" \",\"potentialAction\":[{\"@type\":\"SearchAction\",\"target\":{\"@type\":\"EntryPoint\",\"urlTemplate\":\"https:\/\/www.human-rights-year.com\/?s={search_term_string}\"},\"query-input\":\"required name=search_term_string\"}],\"inLanguage\":\"de\"},{\"@type\":\"WebPage\",\"@id\":\"https:\/\/www.human-rights-year.com\/de\/2019\/10\/15\/der-im-moskauer-fall-beteiligte-konstantin-kotov-und-anna-pavlikova-die-im-fall-der-neuen-groesse-verfolgt-wird-planen-diesen-mittwoch-zu-heiraten\/\",\"url\":\"https:\/\/www.human-rights-year.com\/de\/2019\/10\/15\/der-im-moskauer-fall-beteiligte-konstantin-kotov-und-anna-pavlikova-die-im-fall-der-neuen-groesse-verfolgt-wird-planen-diesen-mittwoch-zu-heiraten\/\",\"name\":\"Der im \\\"Moskauer Fall\\\" beteiligte Konstantin Kotov und Anna Pavlikova, die im Fall der \\\"Neuen Gr\u00f6\u00dfe\\\" verfolgt wird, planen diesen Mittwoch zu heiraten - Europ\u00e4ischer Menschenrechtsdialog\",\"isPartOf\":{\"@id\":\"https:\/\/www.human-rights-year.com\/#website\"},\"datePublished\":\"2019-10-15T08:52:47+00:00\",\"dateModified\":\"2019-10-15T08:52:47+00:00\",\"author\":{\"@id\":\"https:\/\/www.human-rights-year.com\/#\/schema\/person\/54d85daa1545786aba6f5320df79bb4c\"},\"description\":\"\u201eAnna Pavlikovas Mutter best\u00e4tigte den Journalisten von Mediazona, Medusa und BBC w\u00e4hrend einer Pause im Gericht, dass ihre Tochter und Kotov einen Heiratsantrag gestellt hatten.\",\"breadcrumb\":{\"@id\":\"https:\/\/www.human-rights-year.com\/de\/2019\/10\/15\/der-im-moskauer-fall-beteiligte-konstantin-kotov-und-anna-pavlikova-die-im-fall-der-neuen-groesse-verfolgt-wird-planen-diesen-mittwoch-zu-heiraten\/#breadcrumb\"},\"inLanguage\":\"de\",\"potentialAction\":[{\"@type\":\"ReadAction\",\"target\":[\"https:\/\/www.human-rights-year.com\/de\/2019\/10\/15\/der-im-moskauer-fall-beteiligte-konstantin-kotov-und-anna-pavlikova-die-im-fall-der-neuen-groesse-verfolgt-wird-planen-diesen-mittwoch-zu-heiraten\/\"]}]},{\"@type\":\"BreadcrumbList\",\"@id\":\"https:\/\/www.human-rights-year.com\/de\/2019\/10\/15\/der-im-moskauer-fall-beteiligte-konstantin-kotov-und-anna-pavlikova-die-im-fall-der-neuen-groesse-verfolgt-wird-planen-diesen-mittwoch-zu-heiraten\/#breadcrumb\",\"itemListElement\":[{\"@type\":\"ListItem\",\"position\":1,\"name\":\"\u0413\u043b\u0430\u0432\u043d\u0430\u044f \u0441\u0442\u0440\u0430\u043d\u0438\u0446\u0430\",\"item\":\"https:\/\/www.human-rights-year.com\/de\/\"},{\"@type\":\"ListItem\",\"position\":2,\"name\":\"Der im &#8222;Moskauer Fall&#8220; beteiligte Konstantin Kotov und Anna Pavlikova, die im Fall der &#8222;Neuen Gr\u00f6\u00dfe&#8220; verfolgt wird, planen diesen Mittwoch zu heiraten\"}]},{\"@type\":\"Person\",\"@id\":\"https:\/\/www.human-rights-year.com\/#\/schema\/person\/54d85daa1545786aba6f5320df79bb4c\",\"name\":\"Human Rights Year\",\"image\":{\"@type\":\"ImageObject\",\"inLanguage\":\"de\",\"@id\":\"https:\/\/www.human-rights-year.com\/#\/schema\/person\/image\/\",\"url\":\"https:\/\/secure.gravatar.com\/avatar\/685b0e722b7b569d9169f933abfd5f26?s=96&d=mm&r=g\",\"contentUrl\":\"https:\/\/secure.gravatar.com\/avatar\/685b0e722b7b569d9169f933abfd5f26?s=96&d=mm&r=g\",\"caption\":\"Human Rights Year\"},\"description\":\"\u041d\u0435\u043c\u0435\u0446\u043a\u043e - \u0440\u043e\u0441\u0441\u0438\u0439\u0441\u043a\u0438\u0439 \u0433\u043e\u0434 \u043f\u0440\u0430\u0432 \u0447\u0435\u043b\u043e\u0432\u0435\u043a\u0430 \u041f\u0440\u043e\u0435\u043a\u0442 \u0438\u043d\u0444\u043e\u0440\u043c\u0438\u0440\u0443\u0435\u0442 \u043d\u0435\u043c\u0435\u0446\u043a\u043e\u0435 \u043e\u0431\u0449\u0435\u0441\u0442\u0432\u043e,\u00a0 \u0432 \u0442\u043e\u043c \u0447\u0438\u0441\u043b\u0435 \u0435\u0433\u043e \u0440\u0443\u0441\u0441\u043a\u043e\u044f\u0437\u044b\u0447\u043d\u0443\u044e \u0447\u0430\u0441\u0442\u044c, \u043e \u0441\u0438\u0442\u0443\u0430\u0446\u0438\u0438 \u0441 \u0441\u043e\u0431\u043b\u044e\u0434\u0435\u043d\u0438\u0435\u043c \u043f\u0440\u0430\u0432 \u0447\u0435\u043b\u043e\u0432\u0435\u043a\u0430 \u0432 \u0420\u043e\u0441\u0441\u0438\u0438; \u0430 \u0440\u043e\u0441\u0441\u0438\u044f\u043d - \u043e \u0441\u0438\u0442\u0443\u0430\u0446\u0438\u0438 \u0432 \u044d\u0442\u043e\u0439 \u043e\u0431\u043b\u0430\u0441\u0442\u0438 \u0432 \u0413\u0435\u0440\u043c\u0430\u043d\u0438\u0438. \u0420\u0435\u0430\u043b\u0438\u0437\u0443\u0435\u0442\u0441\u044f \u043f\u0440\u0438 \u0443\u0447\u0430\u0441\u0442\u0438\u0438 \u0440\u043e\u0441\u0441\u0438\u0439\u0441\u043a\u043e\u0433\u043e \u043f\u0440\u0430\u0432\u043e\u0437\u0430\u0449\u0438\u0442\u043d\u043e\u0433\u043e \u0446\u0435\u043d\u0442\u0440\u0430 \u201c\u041c\u0435\u043c\u043e\u0440\u0438\u0430\u043b\u201d \u0438 \u0424\u043e\u0440\u0443\u043c\u0430 \u0440\u0443\u0441\u0441\u043a\u043e\u044f\u0437\u044b\u0447\u043d\u044b\u0445 \u0435\u0432\u0440\u043e\u043f\u0435\u0439\u0446\u0435\u0432, \u0430 \u0442\u0430\u043a\u0436\u0435 \u043f\u0440\u0438 \u043f\u043e\u0434\u0434\u0435\u0440\u0436\u043a\u0435 \u0433\u0435\u0440\u043c\u0430\u043d\u0441\u043a\u043e\u0433\u043e \u041c\u0418\u0414\u0430.\",\"sameAs\":[\"https:\/\/www.human-rights-year.com\"],\"url\":\"https:\/\/www.human-rights-year.com\/de\/author\/humanrightsyear\/\"}]}<\/script>\n<!-- \/ Yoast SEO plugin. -->","yoast_head_json":{"title":"Der im \"Moskauer Fall\" beteiligte Konstantin Kotov und Anna Pavlikova, die im Fall der \"Neuen Gr\u00f6\u00dfe\" verfolgt wird, planen diesen Mittwoch zu heiraten - Europ\u00e4ischer Menschenrechtsdialog","description":"\u201eAnna Pavlikovas Mutter best\u00e4tigte den Journalisten von Mediazona, Medusa und BBC w\u00e4hrend einer Pause im Gericht, dass ihre Tochter und Kotov einen Heiratsantrag gestellt hatten.","robots":{"index":"index","follow":"follow","max-snippet":"max-snippet:-1","max-image-preview":"max-image-preview:large","max-video-preview":"max-video-preview:-1"},"canonical":"https:\/\/www.human-rights-year.com\/de\/2019\/10\/15\/der-im-moskauer-fall-beteiligte-konstantin-kotov-und-anna-pavlikova-die-im-fall-der-neuen-groesse-verfolgt-wird-planen-diesen-mittwoch-zu-heiraten\/","og_locale":"de_DE","og_type":"article","og_title":"Der im \"Moskauer Fall\" beteiligte Konstantin Kotov und Anna Pavlikova, die im Fall der \"Neuen Gr\u00f6\u00dfe\" verfolgt wird, planen diesen Mittwoch zu heiraten - Europ\u00e4ischer Menschenrechtsdialog","og_description":"\u201eAnna Pavlikovas Mutter best\u00e4tigte den Journalisten von Mediazona, Medusa und BBC w\u00e4hrend einer Pause im Gericht, dass ihre Tochter und Kotov einen Heiratsantrag gestellt hatten.","og_url":"https:\/\/www.human-rights-year.com\/de\/2019\/10\/15\/der-im-moskauer-fall-beteiligte-konstantin-kotov-und-anna-pavlikova-die-im-fall-der-neuen-groesse-verfolgt-wird-planen-diesen-mittwoch-zu-heiraten\/","og_site_name":"Europ\u00e4ischer Menschenrechtsdialog","article_published_time":"2019-10-15T08:52:47+00:00","og_image":[{"width":960,"height":954,"url":"https:\/\/www.human-rights-year.com\/wp-content\/uploads\/2019\/10\/h-1.jpg","type":"image\/jpeg"}],"author":"Human Rights Year","twitter_card":"summary_large_image","twitter_misc":{"Verfasst von":"Human Rights Year","Gesch\u00e4tzte Lesezeit":"1\u00a0Minute"},"schema":{"@context":"https:\/\/schema.org","@graph":[{"@type":"WebSite","@id":"https:\/\/www.human-rights-year.com\/#website","url":"https:\/\/www.human-rights-year.com\/","name":"\u0415\u0432\u0440\u043e\u043f\u0435\u0439\u0441\u043a\u0438\u0439 \u043f\u0440\u0430\u0432\u043e\u0437\u0430\u0449\u0438\u0442\u043d\u044b\u0439 \u0434\u0438\u0430\u043b\u043e\u0433","description":" ","potentialAction":[{"@type":"SearchAction","target":{"@type":"EntryPoint","urlTemplate":"https:\/\/www.human-rights-year.com\/?s={search_term_string}"},"query-input":"required name=search_term_string"}],"inLanguage":"de"},{"@type":"WebPage","@id":"https:\/\/www.human-rights-year.com\/de\/2019\/10\/15\/der-im-moskauer-fall-beteiligte-konstantin-kotov-und-anna-pavlikova-die-im-fall-der-neuen-groesse-verfolgt-wird-planen-diesen-mittwoch-zu-heiraten\/","url":"https:\/\/www.human-rights-year.com\/de\/2019\/10\/15\/der-im-moskauer-fall-beteiligte-konstantin-kotov-und-anna-pavlikova-die-im-fall-der-neuen-groesse-verfolgt-wird-planen-diesen-mittwoch-zu-heiraten\/","name":"Der im \"Moskauer Fall\" beteiligte Konstantin Kotov und Anna Pavlikova, die im Fall der \"Neuen Gr\u00f6\u00dfe\" verfolgt wird, planen diesen Mittwoch zu heiraten - Europ\u00e4ischer Menschenrechtsdialog","isPartOf":{"@id":"https:\/\/www.human-rights-year.com\/#website"},"datePublished":"2019-10-15T08:52:47+00:00","dateModified":"2019-10-15T08:52:47+00:00","author":{"@id":"https:\/\/www.human-rights-year.com\/#\/schema\/person\/54d85daa1545786aba6f5320df79bb4c"},"description":"\u201eAnna Pavlikovas Mutter best\u00e4tigte den Journalisten von Mediazona, Medusa und BBC w\u00e4hrend einer Pause im Gericht, dass ihre Tochter und Kotov einen Heiratsantrag gestellt hatten.","breadcrumb":{"@id":"https:\/\/www.human-rights-year.com\/de\/2019\/10\/15\/der-im-moskauer-fall-beteiligte-konstantin-kotov-und-anna-pavlikova-die-im-fall-der-neuen-groesse-verfolgt-wird-planen-diesen-mittwoch-zu-heiraten\/#breadcrumb"},"inLanguage":"de","potentialAction":[{"@type":"ReadAction","target":["https:\/\/www.human-rights-year.com\/de\/2019\/10\/15\/der-im-moskauer-fall-beteiligte-konstantin-kotov-und-anna-pavlikova-die-im-fall-der-neuen-groesse-verfolgt-wird-planen-diesen-mittwoch-zu-heiraten\/"]}]},{"@type":"BreadcrumbList","@id":"https:\/\/www.human-rights-year.com\/de\/2019\/10\/15\/der-im-moskauer-fall-beteiligte-konstantin-kotov-und-anna-pavlikova-die-im-fall-der-neuen-groesse-verfolgt-wird-planen-diesen-mittwoch-zu-heiraten\/#breadcrumb","itemListElement":[{"@type":"ListItem","position":1,"name":"\u0413\u043b\u0430\u0432\u043d\u0430\u044f \u0441\u0442\u0440\u0430\u043d\u0438\u0446\u0430","item":"https:\/\/www.human-rights-year.com\/de\/"},{"@type":"ListItem","position":2,"name":"Der im &#8222;Moskauer Fall&#8220; beteiligte Konstantin Kotov und Anna Pavlikova, die im Fall der &#8222;Neuen Gr\u00f6\u00dfe&#8220; verfolgt wird, planen diesen Mittwoch zu heiraten"}]},{"@type":"Person","@id":"https:\/\/www.human-rights-year.com\/#\/schema\/person\/54d85daa1545786aba6f5320df79bb4c","name":"Human Rights Year","image":{"@type":"ImageObject","inLanguage":"de","@id":"https:\/\/www.human-rights-year.com\/#\/schema\/person\/image\/","url":"https:\/\/secure.gravatar.com\/avatar\/685b0e722b7b569d9169f933abfd5f26?s=96&d=mm&r=g","contentUrl":"https:\/\/secure.gravatar.com\/avatar\/685b0e722b7b569d9169f933abfd5f26?s=96&d=mm&r=g","caption":"Human Rights Year"},"description":"\u041d\u0435\u043c\u0435\u0446\u043a\u043e - \u0440\u043e\u0441\u0441\u0438\u0439\u0441\u043a\u0438\u0439 \u0433\u043e\u0434 \u043f\u0440\u0430\u0432 \u0447\u0435\u043b\u043e\u0432\u0435\u043a\u0430 \u041f\u0440\u043e\u0435\u043a\u0442 \u0438\u043d\u0444\u043e\u0440\u043c\u0438\u0440\u0443\u0435\u0442 \u043d\u0435\u043c\u0435\u0446\u043a\u043e\u0435 \u043e\u0431\u0449\u0435\u0441\u0442\u0432\u043e,\u00a0 \u0432 \u0442\u043e\u043c \u0447\u0438\u0441\u043b\u0435 \u0435\u0433\u043e \u0440\u0443\u0441\u0441\u043a\u043e\u044f\u0437\u044b\u0447\u043d\u0443\u044e \u0447\u0430\u0441\u0442\u044c, \u043e \u0441\u0438\u0442\u0443\u0430\u0446\u0438\u0438 \u0441 \u0441\u043e\u0431\u043b\u044e\u0434\u0435\u043d\u0438\u0435\u043c \u043f\u0440\u0430\u0432 \u0447\u0435\u043b\u043e\u0432\u0435\u043a\u0430 \u0432 \u0420\u043e\u0441\u0441\u0438\u0438; \u0430 \u0440\u043e\u0441\u0441\u0438\u044f\u043d - \u043e \u0441\u0438\u0442\u0443\u0430\u0446\u0438\u0438 \u0432 \u044d\u0442\u043e\u0439 \u043e\u0431\u043b\u0430\u0441\u0442\u0438 \u0432 \u0413\u0435\u0440\u043c\u0430\u043d\u0438\u0438. \u0420\u0435\u0430\u043b\u0438\u0437\u0443\u0435\u0442\u0441\u044f \u043f\u0440\u0438 \u0443\u0447\u0430\u0441\u0442\u0438\u0438 \u0440\u043e\u0441\u0441\u0438\u0439\u0441\u043a\u043e\u0433\u043e \u043f\u0440\u0430\u0432\u043e\u0437\u0430\u0449\u0438\u0442\u043d\u043e\u0433\u043e \u0446\u0435\u043d\u0442\u0440\u0430 \u201c\u041c\u0435\u043c\u043e\u0440\u0438\u0430\u043b\u201d \u0438 \u0424\u043e\u0440\u0443\u043c\u0430 \u0440\u0443\u0441\u0441\u043a\u043e\u044f\u0437\u044b\u0447\u043d\u044b\u0445 \u0435\u0432\u0440\u043e\u043f\u0435\u0439\u0446\u0435\u0432, \u0430 \u0442\u0430\u043a\u0436\u0435 \u043f\u0440\u0438 \u043f\u043e\u0434\u0434\u0435\u0440\u0436\u043a\u0435 \u0433\u0435\u0440\u043c\u0430\u043d\u0441\u043a\u043e\u0433\u043e \u041c\u0418\u0414\u0430.","sameAs":["https:\/\/www.human-rights-year.com"],"url":"https:\/\/www.human-rights-year.com\/de\/author\/humanrightsyear\/"}]}},"_links":{"self":[{"href":"https:\/\/www.human-rights-year.com\/de\/wp-json\/wp\/v2\/posts\/1844"}],"collection":[{"href":"https:\/\/www.human-rights-year.com\/de\/wp-json\/wp\/v2\/posts"}],"about":[{"href":"https:\/\/www.human-rights-year.com\/de\/wp-json\/wp\/v2\/types\/post"}],"author":[{"embeddable":true,"href":"https:\/\/www.human-rights-year.com\/de\/wp-json\/wp\/v2\/users\/1"}],"replies":[{"embeddable":true,"href":"https:\/\/www.human-rights-year.com\/de\/wp-json\/wp\/v2\/comments?post=1844"}],"version-history":[{"count":0,"href":"https:\/\/www.human-rights-year.com\/de\/wp-json\/wp\/v2\/posts\/1844\/revisions"}],"wp:featuredmedia":[{"embeddable":true,"href":"https:\/\/www.human-rights-year.com\/de\/wp-json\/wp\/v2\/media\/1843"}],"wp:attachment":[{"href":"https:\/\/www.human-rights-year.com\/de\/wp-json\/wp\/v2\/media?parent=1844"}],"wp:term":[{"taxonomy":"category","embeddable":true,"href":"https:\/\/www.human-rights-year.com\/de\/wp-json\/wp\/v2\/categories?post=1844"},{"taxonomy":"post_tag","embeddable":true,"href":"https:\/\/www.human-rights-year.com\/de\/wp-json\/wp\/v2\/tags?post=1844"}],"curies":[{"name":"wp","href":"https:\/\/api.w.org\/{rel}","templated":true}]}}