{"id":1830,"date":"2019-10-14T12:00:03","date_gmt":"2019-10-14T10:00:03","guid":{"rendered":"https:\/\/www.human-rights-year.com\/?p=1830"},"modified":"2019-10-14T12:42:04","modified_gmt":"2019-10-14T10:42:04","slug":"restaurant-in-einem-hinrichtungshaus","status":"publish","type":"post","link":"https:\/\/www.human-rights-year.com\/de\/2019\/10\/14\/restaurant-in-einem-hinrichtungshaus\/","title":{"rendered":"Restaurant in einem Hinrichtungshaus"},"content":{"rendered":"<p>Nachrichten \u00fcber das &#8222;Hinrichtungshaus&#8220;<\/p>\n<p>Auf der offiziellen Website des B\u00fcrgermeisters von Moskau folgendes zur Diskussion erschienen:<\/p>\n<p>Akt der staatlichen historischen und kulturellen Expertise der wissenschaftlichen und gestalterischen Dokumentation zur Anpassung an die moderne Nutzung eines Kulturguts von regionaler Bedeutung \u201eDas Geb\u00e4ude des Moskauer Handwerksrates (nach den Kammern von I. N. Khovansky, 2. H\u00e4lfte des 17. Jahrhunderts, und das Sheremetyevs-Haus, 1790er Jahre .) 1866, arch. Sheyasov, 1895 J.. V.E. Sretensky. 1835 lebte hier der Schriftsteller und Philosoph N. V. Stankevich. In den 1930er Jahren befand sich das Milit\u00e4rkolleg des Obersten Gerichtshofs der UdSSR.<\/p>\n<p>Es war leicht vorhersehbar, dass nichts aus der Zeit des Milit\u00e4rkollegiums und im Allgemeinen aus dem 20. Jahrhundert mit \u201eAnpassung\u201c erhalten werden sollte.<\/p>\n<p>Dieser Teil der russischen Geschichte interessiert weder den Bauherrn noch die Stadtverwaltung. Es ist schwierig, stolz auf sie zu sein, und diese Erinnerung ist bitter.<\/p>\n<p>Aber auch ohne besondere Aufmerksamkeit f\u00fcr die Erinnerung der Opfer zu erwarten, kann man sich nur wundern, dass im Erdgeschoss ein Restaurant eingerichtet werden soll (im Untergeschoss sind ein &#8222;hei\u00dfer Fabrikationsraum mit der kalten Fabrikationsraum-Zone&#8220; und ein &#8222;Werkstatt f\u00fcr Gr\u00fcnverarbeitung&#8220; vorgesehen; die restlichen Stockwerke sind f\u00fcr den Handel reserviert). So ist der Schutz des kulturellen Erbes &#8230;<\/p>\n<p>Wenn diese Pl\u00e4ne in Erf\u00fcllung gehen, frage ich mich, wie das Gesch\u00e4ft hier verlaufen wird. Es ist unwahrscheinlich, dass regelm\u00e4\u00dfige (wenn nicht dauerhafte) Demos, die an die Geschichte des Geb\u00e4udes erinnern, zu einem aktiven Einkauf und einer guten Verdauung beitragen. Es sei denn, Kunden aus Lubjanka\u00a0&#8222;treten erneut einen Weg durch den Schnee&#8220;.<\/p>\n<p>Und es ist nat\u00fcrlich interessant, welchen Namen die Leute diesem Restaurant geben werden.<\/p>\n<p>Mit vern\u00fcnftigen Beh\u00f6rden, St\u00e4dten und Bundesbeh\u00f6rden w\u00e4re dieses Geb\u00e4ude sicherlich in ein Museum verwandelt worden &#8211; und eines Tages wird es passieren. Aber warscheinlich nicht so bald &#8230;<\/p>\n<p>&nbsp;<\/p>\n<p><a href=\"https:\/\/www.facebook.com\/permalink.php?story_fbid=495714304601573&amp;id=100024890229113\" target=\"_blank\" rel=\"noopener noreferrer\">Quelle<\/a><br \/>\n<a href=\"https:\/\/xn----7sbflbuawpe1ai2qf.xn--p1ai\/2013\/08\/27\/%D0%B1%D1%8B%D0%B2%D1%88%D0%B5%D0%B5-%D0%B7%D0%B4%D0%B0%D0%BD%D0%B8%D0%B5-%D0%BC%D0%BE%D1%81%D0%BA%D0%BE%D0%B2%D1%81%D0%BA%D0%BE%D0%B9-%D1%80%D0%B5%D0%BC%D0%B5%D1%81%D0%BB%D0%B5%D0%BD%D0%BD%D0%BE\/\" target=\"_blank\" rel=\"noopener noreferrer\">Illustration<\/a><\/p>\n","protected":false},"excerpt":{"rendered":"<p>Nachrichten \u00fcber das &#8222;Hinrichtungshaus&#8220; Auf der offiziellen Website des B\u00fcrgermeisters von Moskau folgendes zur Diskussion erschienen: Akt der staatlichen historischen und kulturellen Expertise der wissenschaftlichen<\/p>\n","protected":false},"author":31,"featured_media":1817,"comment_status":"closed","ping_status":"open","sticky":false,"template":"","format":"standard","meta":[],"categories":[18],"tags":[],"yoast_head":"<!-- This site is optimized with the Yoast SEO plugin v19.4 - https:\/\/yoast.com\/wordpress\/plugins\/seo\/ -->\n<title>Restaurant in einem Hinrichtungshaus - Europ\u00e4ischer Menschenrechtsdialog<\/title>\n<meta name=\"description\" content=\"Nachrichten \u00fcber das &quot;Hinrichtungshaus&quot;\" \/>\n<meta name=\"robots\" content=\"index, follow, max-snippet:-1, max-image-preview:large, max-video-preview:-1\" \/>\n<link rel=\"canonical\" href=\"https:\/\/www.human-rights-year.com\/de\/2019\/10\/14\/restaurant-in-einem-hinrichtungshaus\/\" \/>\n<meta property=\"og:locale\" content=\"de_DE\" \/>\n<meta property=\"og:type\" content=\"article\" \/>\n<meta property=\"og:title\" content=\"Restaurant in einem Hinrichtungshaus - Europ\u00e4ischer Menschenrechtsdialog\" \/>\n<meta property=\"og:description\" content=\"Nachrichten \u00fcber das &quot;Hinrichtungshaus&quot;\" \/>\n<meta property=\"og:url\" content=\"https:\/\/www.human-rights-year.com\/de\/2019\/10\/14\/restaurant-in-einem-hinrichtungshaus\/\" \/>\n<meta property=\"og:site_name\" content=\"Europ\u00e4ischer Menschenrechtsdialog\" \/>\n<meta property=\"article:published_time\" content=\"2019-10-14T10:00:03+00:00\" \/>\n<meta property=\"article:modified_time\" content=\"2019-10-14T10:42:04+00:00\" \/>\n<meta property=\"og:image\" content=\"https:\/\/www.human-rights-year.com\/wp-content\/uploads\/2019\/10\/rasdom.jpg\" \/>\n\t<meta property=\"og:image:width\" content=\"2048\" \/>\n\t<meta property=\"og:image:height\" content=\"1536\" \/>\n\t<meta property=\"og:image:type\" content=\"image\/jpeg\" \/>\n<meta name=\"author\" content=\"\u042f\u043d \u0420\u0430\u0447\u0438\u043d\u0441\u043a\u0438\u0439\" \/>\n<meta name=\"twitter:card\" content=\"summary_large_image\" \/>\n<meta name=\"twitter:label1\" content=\"Verfasst von\" \/>\n\t<meta name=\"twitter:data1\" content=\"Jan Ratschinskij\" \/>\n\t<meta name=\"twitter:label2\" content=\"Gesch\u00e4tzte Lesezeit\" \/>\n\t<meta name=\"twitter:data2\" content=\"2\u00a0Minuten\" \/>\n<script type=\"application\/ld+json\" class=\"yoast-schema-graph\">{\"@context\":\"https:\/\/schema.org\",\"@graph\":[{\"@type\":\"WebSite\",\"@id\":\"https:\/\/www.human-rights-year.com\/#website\",\"url\":\"https:\/\/www.human-rights-year.com\/\",\"name\":\"\u0415\u0432\u0440\u043e\u043f\u0435\u0439\u0441\u043a\u0438\u0439 \u043f\u0440\u0430\u0432\u043e\u0437\u0430\u0449\u0438\u0442\u043d\u044b\u0439 \u0434\u0438\u0430\u043b\u043e\u0433\",\"description\":\" \",\"potentialAction\":[{\"@type\":\"SearchAction\",\"target\":{\"@type\":\"EntryPoint\",\"urlTemplate\":\"https:\/\/www.human-rights-year.com\/?s={search_term_string}\"},\"query-input\":\"required name=search_term_string\"}],\"inLanguage\":\"de\"},{\"@type\":\"WebPage\",\"@id\":\"https:\/\/www.human-rights-year.com\/de\/2019\/10\/14\/restaurant-in-einem-hinrichtungshaus\/\",\"url\":\"https:\/\/www.human-rights-year.com\/de\/2019\/10\/14\/restaurant-in-einem-hinrichtungshaus\/\",\"name\":\"Restaurant in einem Hinrichtungshaus - Europ\u00e4ischer Menschenrechtsdialog\",\"isPartOf\":{\"@id\":\"https:\/\/www.human-rights-year.com\/#website\"},\"datePublished\":\"2019-10-14T10:00:03+00:00\",\"dateModified\":\"2019-10-14T10:42:04+00:00\",\"author\":{\"@id\":\"https:\/\/www.human-rights-year.com\/#\/schema\/person\/597fc0ad3aa514b2ad1d4bbd3fc9958e\"},\"description\":\"Nachrichten \u00fcber das \\\"Hinrichtungshaus\\\"\",\"breadcrumb\":{\"@id\":\"https:\/\/www.human-rights-year.com\/de\/2019\/10\/14\/restaurant-in-einem-hinrichtungshaus\/#breadcrumb\"},\"inLanguage\":\"de\",\"potentialAction\":[{\"@type\":\"ReadAction\",\"target\":[\"https:\/\/www.human-rights-year.com\/de\/2019\/10\/14\/restaurant-in-einem-hinrichtungshaus\/\"]}]},{\"@type\":\"BreadcrumbList\",\"@id\":\"https:\/\/www.human-rights-year.com\/de\/2019\/10\/14\/restaurant-in-einem-hinrichtungshaus\/#breadcrumb\",\"itemListElement\":[{\"@type\":\"ListItem\",\"position\":1,\"name\":\"\u0413\u043b\u0430\u0432\u043d\u0430\u044f \u0441\u0442\u0440\u0430\u043d\u0438\u0446\u0430\",\"item\":\"https:\/\/www.human-rights-year.com\/de\/\"},{\"@type\":\"ListItem\",\"position\":2,\"name\":\"Restaurant in einem Hinrichtungshaus\"}]},{\"@type\":\"Person\",\"@id\":\"https:\/\/www.human-rights-year.com\/#\/schema\/person\/597fc0ad3aa514b2ad1d4bbd3fc9958e\",\"name\":\"\u042f\u043d \u0420\u0430\u0447\u0438\u043d\u0441\u043a\u0438\u0439\",\"image\":{\"@type\":\"ImageObject\",\"inLanguage\":\"de\",\"@id\":\"https:\/\/www.human-rights-year.com\/#\/schema\/person\/image\/\",\"url\":\"https:\/\/secure.gravatar.com\/avatar\/530c00395d0ff1b5f1d48d9d92b3c7c1?s=96&d=mm&r=g\",\"contentUrl\":\"https:\/\/secure.gravatar.com\/avatar\/530c00395d0ff1b5f1d48d9d92b3c7c1?s=96&d=mm&r=g\",\"caption\":\"\u042f\u043d \u0420\u0430\u0447\u0438\u043d\u0441\u043a\u0438\u0439\"},\"description\":\"\u041f\u0440\u0430\u0432\u043e\u0437\u0430\u0449\u0438\u0442\u043d\u044b\u0439 \u0426\u0435\u043d\u0442\u0440 \u00ab\u041c\u0435\u043c\u043e\u0440\u0438\u0430\u043b\u00bb\",\"url\":\"https:\/\/www.human-rights-year.com\/de\/author\/j-rachinski\/\"}]}<\/script>\n<!-- \/ Yoast SEO plugin. -->","yoast_head_json":{"title":"Restaurant in einem Hinrichtungshaus - Europ\u00e4ischer Menschenrechtsdialog","description":"Nachrichten \u00fcber das \"Hinrichtungshaus\"","robots":{"index":"index","follow":"follow","max-snippet":"max-snippet:-1","max-image-preview":"max-image-preview:large","max-video-preview":"max-video-preview:-1"},"canonical":"https:\/\/www.human-rights-year.com\/de\/2019\/10\/14\/restaurant-in-einem-hinrichtungshaus\/","og_locale":"de_DE","og_type":"article","og_title":"Restaurant in einem Hinrichtungshaus - Europ\u00e4ischer Menschenrechtsdialog","og_description":"Nachrichten \u00fcber das \"Hinrichtungshaus\"","og_url":"https:\/\/www.human-rights-year.com\/de\/2019\/10\/14\/restaurant-in-einem-hinrichtungshaus\/","og_site_name":"Europ\u00e4ischer Menschenrechtsdialog","article_published_time":"2019-10-14T10:00:03+00:00","article_modified_time":"2019-10-14T10:42:04+00:00","og_image":[{"width":2048,"height":1536,"url":"https:\/\/www.human-rights-year.com\/wp-content\/uploads\/2019\/10\/rasdom.jpg","type":"image\/jpeg"}],"author":"\u042f\u043d \u0420\u0430\u0447\u0438\u043d\u0441\u043a\u0438\u0439","twitter_card":"summary_large_image","twitter_misc":{"Verfasst von":"Jan Ratschinskij","Gesch\u00e4tzte Lesezeit":"2\u00a0Minuten"},"schema":{"@context":"https:\/\/schema.org","@graph":[{"@type":"WebSite","@id":"https:\/\/www.human-rights-year.com\/#website","url":"https:\/\/www.human-rights-year.com\/","name":"\u0415\u0432\u0440\u043e\u043f\u0435\u0439\u0441\u043a\u0438\u0439 \u043f\u0440\u0430\u0432\u043e\u0437\u0430\u0449\u0438\u0442\u043d\u044b\u0439 \u0434\u0438\u0430\u043b\u043e\u0433","description":" ","potentialAction":[{"@type":"SearchAction","target":{"@type":"EntryPoint","urlTemplate":"https:\/\/www.human-rights-year.com\/?s={search_term_string}"},"query-input":"required name=search_term_string"}],"inLanguage":"de"},{"@type":"WebPage","@id":"https:\/\/www.human-rights-year.com\/de\/2019\/10\/14\/restaurant-in-einem-hinrichtungshaus\/","url":"https:\/\/www.human-rights-year.com\/de\/2019\/10\/14\/restaurant-in-einem-hinrichtungshaus\/","name":"Restaurant in einem Hinrichtungshaus - Europ\u00e4ischer Menschenrechtsdialog","isPartOf":{"@id":"https:\/\/www.human-rights-year.com\/#website"},"datePublished":"2019-10-14T10:00:03+00:00","dateModified":"2019-10-14T10:42:04+00:00","author":{"@id":"https:\/\/www.human-rights-year.com\/#\/schema\/person\/597fc0ad3aa514b2ad1d4bbd3fc9958e"},"description":"Nachrichten \u00fcber das \"Hinrichtungshaus\"","breadcrumb":{"@id":"https:\/\/www.human-rights-year.com\/de\/2019\/10\/14\/restaurant-in-einem-hinrichtungshaus\/#breadcrumb"},"inLanguage":"de","potentialAction":[{"@type":"ReadAction","target":["https:\/\/www.human-rights-year.com\/de\/2019\/10\/14\/restaurant-in-einem-hinrichtungshaus\/"]}]},{"@type":"BreadcrumbList","@id":"https:\/\/www.human-rights-year.com\/de\/2019\/10\/14\/restaurant-in-einem-hinrichtungshaus\/#breadcrumb","itemListElement":[{"@type":"ListItem","position":1,"name":"\u0413\u043b\u0430\u0432\u043d\u0430\u044f \u0441\u0442\u0440\u0430\u043d\u0438\u0446\u0430","item":"https:\/\/www.human-rights-year.com\/de\/"},{"@type":"ListItem","position":2,"name":"Restaurant in einem Hinrichtungshaus"}]},{"@type":"Person","@id":"https:\/\/www.human-rights-year.com\/#\/schema\/person\/597fc0ad3aa514b2ad1d4bbd3fc9958e","name":"\u042f\u043d \u0420\u0430\u0447\u0438\u043d\u0441\u043a\u0438\u0439","image":{"@type":"ImageObject","inLanguage":"de","@id":"https:\/\/www.human-rights-year.com\/#\/schema\/person\/image\/","url":"https:\/\/secure.gravatar.com\/avatar\/530c00395d0ff1b5f1d48d9d92b3c7c1?s=96&d=mm&r=g","contentUrl":"https:\/\/secure.gravatar.com\/avatar\/530c00395d0ff1b5f1d48d9d92b3c7c1?s=96&d=mm&r=g","caption":"\u042f\u043d \u0420\u0430\u0447\u0438\u043d\u0441\u043a\u0438\u0439"},"description":"\u041f\u0440\u0430\u0432\u043e\u0437\u0430\u0449\u0438\u0442\u043d\u044b\u0439 \u0426\u0435\u043d\u0442\u0440 \u00ab\u041c\u0435\u043c\u043e\u0440\u0438\u0430\u043b\u00bb","url":"https:\/\/www.human-rights-year.com\/de\/author\/j-rachinski\/"}]}},"_links":{"self":[{"href":"https:\/\/www.human-rights-year.com\/de\/wp-json\/wp\/v2\/posts\/1830"}],"collection":[{"href":"https:\/\/www.human-rights-year.com\/de\/wp-json\/wp\/v2\/posts"}],"about":[{"href":"https:\/\/www.human-rights-year.com\/de\/wp-json\/wp\/v2\/types\/post"}],"author":[{"embeddable":true,"href":"https:\/\/www.human-rights-year.com\/de\/wp-json\/wp\/v2\/users\/31"}],"replies":[{"embeddable":true,"href":"https:\/\/www.human-rights-year.com\/de\/wp-json\/wp\/v2\/comments?post=1830"}],"version-history":[{"count":0,"href":"https:\/\/www.human-rights-year.com\/de\/wp-json\/wp\/v2\/posts\/1830\/revisions"}],"wp:featuredmedia":[{"embeddable":true,"href":"https:\/\/www.human-rights-year.com\/de\/wp-json\/wp\/v2\/media\/1817"}],"wp:attachment":[{"href":"https:\/\/www.human-rights-year.com\/de\/wp-json\/wp\/v2\/media?parent=1830"}],"wp:term":[{"taxonomy":"category","embeddable":true,"href":"https:\/\/www.human-rights-year.com\/de\/wp-json\/wp\/v2\/categories?post=1830"},{"taxonomy":"post_tag","embeddable":true,"href":"https:\/\/www.human-rights-year.com\/de\/wp-json\/wp\/v2\/tags?post=1830"}],"curies":[{"name":"wp","href":"https:\/\/api.w.org\/{rel}","templated":true}]}}