{"id":1784,"date":"2019-10-12T09:05:12","date_gmt":"2019-10-12T07:05:12","guid":{"rendered":"https:\/\/www.human-rights-year.com\/?p=1784"},"modified":"2019-10-12T11:44:08","modified_gmt":"2019-10-12T09:44:08","slug":"komitee-muetter-von-beslan-hat-nach-mobbing-in-sozialen-netzwerken-das-spenden-konto-geschlossen","status":"publish","type":"post","link":"https:\/\/www.human-rights-year.com\/de\/2019\/10\/12\/komitee-muetter-von-beslan-hat-nach-mobbing-in-sozialen-netzwerken-das-spenden-konto-geschlossen\/","title":{"rendered":"Komitee \u00abM\u00fctter von Beslan\u00bb hat nach Mobbing in sozialen Netzwerken das Spenden-Konto geschlossen"},"content":{"rendered":"<p>Das Komitee wurde vom Verlag \u00fcberzeugt, der ein Buch \u00fcber die Geiseln von Beslan herausgegeben hatte und Gewinne zur Unterst\u00fctzung der Opfer des Angriffs \u00fcberweisen wollte, ein Spenden-Konto zu er\u00f6ffnen.<\/p>\n<p>Danach sah sich das Komitee mit Mobbing in sozialen Netzwerken konfrontiert, und am Abend des 9. September musste das Konto geschlossen werden. Journalist aus Nordossetien, Zaur Farniev, der f\u00fcr &#8222;Kommersant&#8220; schreibt, erkl\u00e4rte, dass auf Instagram in der Nachricht \u00fcber die Er\u00f6ffnung eines Kontos &#8222;Fl\u00fcche, Mobbing, Beleidigungen&#8220; geschrieben wurden. Olga Allenova zufolge wurden die \u00abM\u00fctter von Beslan\u00bb beschuldigt \u201enie satt zu werden\u201c und \u201eden Staat wie eine Kuh gemolken zu haben\u201c.<\/p>\n<p>\u201eWir haben gedacht und beschlossen, dass wir es irgendwie schaffen werden. Wir werden so arbeiten, wie wir zuvor gearbeitet haben. Soweit wir k\u00f6nnen, werden wir die Aufmerksamkeit auf das Problem dieser bed\u00fcrftigen Menschen lenken \u201c, sagte Aneta Gadieva, stellvertretende Vorsitzende der \u00f6ffentlichen Organisation, gegen\u00fcber das Medium &#8222;<a href=\"https:\/\/www.kavkaz-uzel.eu\/articles\/340037\/\" target=\"_blank\" rel=\"noopener noreferrer\">Kavkazki Uzel<\/a>&#8222;.<\/p>\n<p>Wenn es in Russland ein Gesetz \u00fcber den Status von Opfern von Terroranschl\u00e4gen gegeben h\u00e4tte, w\u00e4re dem Ausschuss nicht vorgeworfen worden, um Hilfe gebeten zu haben. &#8222;Die republikanischen Beh\u00f6rden haben diese 15 Jahre geholfen, aber ich muss die ganze Zeit fragen, die ganze Zeit mit ausgestreckten H\u00e4nden&#8220;, sagte Gadieva. Sie ist sich sicher, dass Menschen, die unter dem Terroranschlag gelitten haben, Hilfe brauchen und &#8222;mit dem gegenw\u00e4rtigen Gesundheitssystem nirgendwo mit der Hilfe rechnen k\u00f6nnen&#8220;.<\/p>\n<p>&nbsp;<\/p>\n<p><a href=\"https:\/\/www.asi.org.ru\/news\/2019\/09\/13\/beslan-sbor-pozhertvovanij\/?fbclid=IwAR2LEsZS7smQF7kVVLfDPgaBSzbZK_jtVO5_pThiD-1F6iuvhnbFtVrStUU\" target=\"_blank\" rel=\"noopener noreferrer\">Quelle<\/a><\/p>\n<p>Illustration (CC) <a href=\"https:\/\/flickr.com\/photos\/varfolomeev\/4698855145\/\" target=\"_blank\" rel=\"noopener noreferrer\">Vladimir Varfolomeev<\/a><\/p>\n","protected":false},"excerpt":{"rendered":"<p>Das Komitee wurde vom Verlag \u00fcberzeugt, der ein Buch \u00fcber die Geiseln von Beslan herausgegeben hatte und Gewinne zur Unterst\u00fctzung der Opfer des Angriffs \u00fcberweisen<\/p>\n","protected":false},"author":1,"featured_media":1787,"comment_status":"closed","ping_status":"open","sticky":false,"template":"","format":"standard","meta":[],"categories":[20,12],"tags":[365,366],"yoast_head":"<!-- This site is optimized with the Yoast SEO plugin v19.4 - https:\/\/yoast.com\/wordpress\/plugins\/seo\/ -->\n<title>Komitee \u00abM\u00fctter von Beslan\u00bb hat nach Mobbing in sozialen Netzwerken das Spenden-Konto geschlossen - Europ\u00e4ischer Menschenrechtsdialog<\/title>\n<meta name=\"description\" content=\"Das Komitee wurde vom Verlag \u00fcberzeugt, der ein Buch \u00fcber die Geiseln von Beslan herausgegeben hatte und Gewinne zur Unterst\u00fctzung der Opfer des Angriffs \u00fcberweisen wollte.\" \/>\n<meta name=\"robots\" content=\"index, follow, max-snippet:-1, max-image-preview:large, max-video-preview:-1\" \/>\n<link rel=\"canonical\" href=\"https:\/\/www.human-rights-year.com\/de\/2019\/10\/12\/komitee-muetter-von-beslan-hat-nach-mobbing-in-sozialen-netzwerken-das-spenden-konto-geschlossen\/\" \/>\n<meta property=\"og:locale\" content=\"de_DE\" \/>\n<meta property=\"og:type\" content=\"article\" \/>\n<meta property=\"og:title\" content=\"Komitee \u00abM\u00fctter von Beslan\u00bb hat nach Mobbing in sozialen Netzwerken das Spenden-Konto geschlossen - Europ\u00e4ischer Menschenrechtsdialog\" \/>\n<meta property=\"og:description\" content=\"Das Komitee wurde vom Verlag \u00fcberzeugt, der ein Buch \u00fcber die Geiseln von Beslan herausgegeben hatte und Gewinne zur Unterst\u00fctzung der Opfer des Angriffs \u00fcberweisen wollte.\" \/>\n<meta property=\"og:url\" content=\"https:\/\/www.human-rights-year.com\/de\/2019\/10\/12\/komitee-muetter-von-beslan-hat-nach-mobbing-in-sozialen-netzwerken-das-spenden-konto-geschlossen\/\" \/>\n<meta property=\"og:site_name\" content=\"Europ\u00e4ischer Menschenrechtsdialog\" \/>\n<meta property=\"article:published_time\" content=\"2019-10-12T07:05:12+00:00\" \/>\n<meta property=\"article:modified_time\" content=\"2019-10-12T09:44:08+00:00\" \/>\n<meta property=\"og:image\" content=\"https:\/\/www.human-rights-year.com\/wp-content\/uploads\/2019\/10\/beslan.jpg\" \/>\n\t<meta property=\"og:image:width\" content=\"800\" \/>\n\t<meta property=\"og:image:height\" content=\"600\" \/>\n\t<meta property=\"og:image:type\" content=\"image\/jpeg\" \/>\n<meta name=\"author\" content=\"Human Rights Year\" \/>\n<meta name=\"twitter:card\" content=\"summary_large_image\" \/>\n<meta name=\"twitter:label1\" content=\"Verfasst von\" \/>\n\t<meta name=\"twitter:data1\" content=\"Human Rights Year\" \/>\n\t<meta name=\"twitter:label2\" content=\"Gesch\u00e4tzte Lesezeit\" \/>\n\t<meta name=\"twitter:data2\" content=\"1\u00a0Minute\" \/>\n<script type=\"application\/ld+json\" class=\"yoast-schema-graph\">{\"@context\":\"https:\/\/schema.org\",\"@graph\":[{\"@type\":\"WebSite\",\"@id\":\"https:\/\/www.human-rights-year.com\/#website\",\"url\":\"https:\/\/www.human-rights-year.com\/\",\"name\":\"\u0415\u0432\u0440\u043e\u043f\u0435\u0439\u0441\u043a\u0438\u0439 \u043f\u0440\u0430\u0432\u043e\u0437\u0430\u0449\u0438\u0442\u043d\u044b\u0439 \u0434\u0438\u0430\u043b\u043e\u0433\",\"description\":\" \",\"potentialAction\":[{\"@type\":\"SearchAction\",\"target\":{\"@type\":\"EntryPoint\",\"urlTemplate\":\"https:\/\/www.human-rights-year.com\/?s={search_term_string}\"},\"query-input\":\"required name=search_term_string\"}],\"inLanguage\":\"de\"},{\"@type\":\"WebPage\",\"@id\":\"https:\/\/www.human-rights-year.com\/de\/2019\/10\/12\/komitee-muetter-von-beslan-hat-nach-mobbing-in-sozialen-netzwerken-das-spenden-konto-geschlossen\/\",\"url\":\"https:\/\/www.human-rights-year.com\/de\/2019\/10\/12\/komitee-muetter-von-beslan-hat-nach-mobbing-in-sozialen-netzwerken-das-spenden-konto-geschlossen\/\",\"name\":\"Komitee \u00abM\u00fctter von Beslan\u00bb hat nach Mobbing in sozialen Netzwerken das Spenden-Konto geschlossen - Europ\u00e4ischer Menschenrechtsdialog\",\"isPartOf\":{\"@id\":\"https:\/\/www.human-rights-year.com\/#website\"},\"datePublished\":\"2019-10-12T07:05:12+00:00\",\"dateModified\":\"2019-10-12T09:44:08+00:00\",\"author\":{\"@id\":\"https:\/\/www.human-rights-year.com\/#\/schema\/person\/54d85daa1545786aba6f5320df79bb4c\"},\"description\":\"Das Komitee wurde vom Verlag \u00fcberzeugt, der ein Buch \u00fcber die Geiseln von Beslan herausgegeben hatte und Gewinne zur Unterst\u00fctzung der Opfer des Angriffs \u00fcberweisen wollte.\",\"breadcrumb\":{\"@id\":\"https:\/\/www.human-rights-year.com\/de\/2019\/10\/12\/komitee-muetter-von-beslan-hat-nach-mobbing-in-sozialen-netzwerken-das-spenden-konto-geschlossen\/#breadcrumb\"},\"inLanguage\":\"de\",\"potentialAction\":[{\"@type\":\"ReadAction\",\"target\":[\"https:\/\/www.human-rights-year.com\/de\/2019\/10\/12\/komitee-muetter-von-beslan-hat-nach-mobbing-in-sozialen-netzwerken-das-spenden-konto-geschlossen\/\"]}]},{\"@type\":\"BreadcrumbList\",\"@id\":\"https:\/\/www.human-rights-year.com\/de\/2019\/10\/12\/komitee-muetter-von-beslan-hat-nach-mobbing-in-sozialen-netzwerken-das-spenden-konto-geschlossen\/#breadcrumb\",\"itemListElement\":[{\"@type\":\"ListItem\",\"position\":1,\"name\":\"\u0413\u043b\u0430\u0432\u043d\u0430\u044f \u0441\u0442\u0440\u0430\u043d\u0438\u0446\u0430\",\"item\":\"https:\/\/www.human-rights-year.com\/de\/\"},{\"@type\":\"ListItem\",\"position\":2,\"name\":\"Komitee \u00abM\u00fctter von Beslan\u00bb hat nach Mobbing in sozialen Netzwerken das Spenden-Konto geschlossen\"}]},{\"@type\":\"Person\",\"@id\":\"https:\/\/www.human-rights-year.com\/#\/schema\/person\/54d85daa1545786aba6f5320df79bb4c\",\"name\":\"Human Rights Year\",\"image\":{\"@type\":\"ImageObject\",\"inLanguage\":\"de\",\"@id\":\"https:\/\/www.human-rights-year.com\/#\/schema\/person\/image\/\",\"url\":\"https:\/\/secure.gravatar.com\/avatar\/685b0e722b7b569d9169f933abfd5f26?s=96&d=mm&r=g\",\"contentUrl\":\"https:\/\/secure.gravatar.com\/avatar\/685b0e722b7b569d9169f933abfd5f26?s=96&d=mm&r=g\",\"caption\":\"Human Rights Year\"},\"description\":\"\u041d\u0435\u043c\u0435\u0446\u043a\u043e - \u0440\u043e\u0441\u0441\u0438\u0439\u0441\u043a\u0438\u0439 \u0433\u043e\u0434 \u043f\u0440\u0430\u0432 \u0447\u0435\u043b\u043e\u0432\u0435\u043a\u0430 \u041f\u0440\u043e\u0435\u043a\u0442 \u0438\u043d\u0444\u043e\u0440\u043c\u0438\u0440\u0443\u0435\u0442 \u043d\u0435\u043c\u0435\u0446\u043a\u043e\u0435 \u043e\u0431\u0449\u0435\u0441\u0442\u0432\u043e,\u00a0 \u0432 \u0442\u043e\u043c \u0447\u0438\u0441\u043b\u0435 \u0435\u0433\u043e \u0440\u0443\u0441\u0441\u043a\u043e\u044f\u0437\u044b\u0447\u043d\u0443\u044e \u0447\u0430\u0441\u0442\u044c, \u043e \u0441\u0438\u0442\u0443\u0430\u0446\u0438\u0438 \u0441 \u0441\u043e\u0431\u043b\u044e\u0434\u0435\u043d\u0438\u0435\u043c \u043f\u0440\u0430\u0432 \u0447\u0435\u043b\u043e\u0432\u0435\u043a\u0430 \u0432 \u0420\u043e\u0441\u0441\u0438\u0438; \u0430 \u0440\u043e\u0441\u0441\u0438\u044f\u043d - \u043e \u0441\u0438\u0442\u0443\u0430\u0446\u0438\u0438 \u0432 \u044d\u0442\u043e\u0439 \u043e\u0431\u043b\u0430\u0441\u0442\u0438 \u0432 \u0413\u0435\u0440\u043c\u0430\u043d\u0438\u0438. \u0420\u0435\u0430\u043b\u0438\u0437\u0443\u0435\u0442\u0441\u044f \u043f\u0440\u0438 \u0443\u0447\u0430\u0441\u0442\u0438\u0438 \u0440\u043e\u0441\u0441\u0438\u0439\u0441\u043a\u043e\u0433\u043e \u043f\u0440\u0430\u0432\u043e\u0437\u0430\u0449\u0438\u0442\u043d\u043e\u0433\u043e \u0446\u0435\u043d\u0442\u0440\u0430 \u201c\u041c\u0435\u043c\u043e\u0440\u0438\u0430\u043b\u201d \u0438 \u0424\u043e\u0440\u0443\u043c\u0430 \u0440\u0443\u0441\u0441\u043a\u043e\u044f\u0437\u044b\u0447\u043d\u044b\u0445 \u0435\u0432\u0440\u043e\u043f\u0435\u0439\u0446\u0435\u0432, \u0430 \u0442\u0430\u043a\u0436\u0435 \u043f\u0440\u0438 \u043f\u043e\u0434\u0434\u0435\u0440\u0436\u043a\u0435 \u0433\u0435\u0440\u043c\u0430\u043d\u0441\u043a\u043e\u0433\u043e \u041c\u0418\u0414\u0430.\",\"sameAs\":[\"https:\/\/www.human-rights-year.com\"],\"url\":\"https:\/\/www.human-rights-year.com\/de\/author\/humanrightsyear\/\"}]}<\/script>\n<!-- \/ Yoast SEO plugin. -->","yoast_head_json":{"title":"Komitee \u00abM\u00fctter von Beslan\u00bb hat nach Mobbing in sozialen Netzwerken das Spenden-Konto geschlossen - Europ\u00e4ischer Menschenrechtsdialog","description":"Das Komitee wurde vom Verlag \u00fcberzeugt, der ein Buch \u00fcber die Geiseln von Beslan herausgegeben hatte und Gewinne zur Unterst\u00fctzung der Opfer des Angriffs \u00fcberweisen wollte.","robots":{"index":"index","follow":"follow","max-snippet":"max-snippet:-1","max-image-preview":"max-image-preview:large","max-video-preview":"max-video-preview:-1"},"canonical":"https:\/\/www.human-rights-year.com\/de\/2019\/10\/12\/komitee-muetter-von-beslan-hat-nach-mobbing-in-sozialen-netzwerken-das-spenden-konto-geschlossen\/","og_locale":"de_DE","og_type":"article","og_title":"Komitee \u00abM\u00fctter von Beslan\u00bb hat nach Mobbing in sozialen Netzwerken das Spenden-Konto geschlossen - Europ\u00e4ischer Menschenrechtsdialog","og_description":"Das Komitee wurde vom Verlag \u00fcberzeugt, der ein Buch \u00fcber die Geiseln von Beslan herausgegeben hatte und Gewinne zur Unterst\u00fctzung der Opfer des Angriffs \u00fcberweisen wollte.","og_url":"https:\/\/www.human-rights-year.com\/de\/2019\/10\/12\/komitee-muetter-von-beslan-hat-nach-mobbing-in-sozialen-netzwerken-das-spenden-konto-geschlossen\/","og_site_name":"Europ\u00e4ischer Menschenrechtsdialog","article_published_time":"2019-10-12T07:05:12+00:00","article_modified_time":"2019-10-12T09:44:08+00:00","og_image":[{"width":800,"height":600,"url":"https:\/\/www.human-rights-year.com\/wp-content\/uploads\/2019\/10\/beslan.jpg","type":"image\/jpeg"}],"author":"Human Rights Year","twitter_card":"summary_large_image","twitter_misc":{"Verfasst von":"Human Rights Year","Gesch\u00e4tzte Lesezeit":"1\u00a0Minute"},"schema":{"@context":"https:\/\/schema.org","@graph":[{"@type":"WebSite","@id":"https:\/\/www.human-rights-year.com\/#website","url":"https:\/\/www.human-rights-year.com\/","name":"\u0415\u0432\u0440\u043e\u043f\u0435\u0439\u0441\u043a\u0438\u0439 \u043f\u0440\u0430\u0432\u043e\u0437\u0430\u0449\u0438\u0442\u043d\u044b\u0439 \u0434\u0438\u0430\u043b\u043e\u0433","description":" ","potentialAction":[{"@type":"SearchAction","target":{"@type":"EntryPoint","urlTemplate":"https:\/\/www.human-rights-year.com\/?s={search_term_string}"},"query-input":"required name=search_term_string"}],"inLanguage":"de"},{"@type":"WebPage","@id":"https:\/\/www.human-rights-year.com\/de\/2019\/10\/12\/komitee-muetter-von-beslan-hat-nach-mobbing-in-sozialen-netzwerken-das-spenden-konto-geschlossen\/","url":"https:\/\/www.human-rights-year.com\/de\/2019\/10\/12\/komitee-muetter-von-beslan-hat-nach-mobbing-in-sozialen-netzwerken-das-spenden-konto-geschlossen\/","name":"Komitee \u00abM\u00fctter von Beslan\u00bb hat nach Mobbing in sozialen Netzwerken das Spenden-Konto geschlossen - Europ\u00e4ischer Menschenrechtsdialog","isPartOf":{"@id":"https:\/\/www.human-rights-year.com\/#website"},"datePublished":"2019-10-12T07:05:12+00:00","dateModified":"2019-10-12T09:44:08+00:00","author":{"@id":"https:\/\/www.human-rights-year.com\/#\/schema\/person\/54d85daa1545786aba6f5320df79bb4c"},"description":"Das Komitee wurde vom Verlag \u00fcberzeugt, der ein Buch \u00fcber die Geiseln von Beslan herausgegeben hatte und Gewinne zur Unterst\u00fctzung der Opfer des Angriffs \u00fcberweisen wollte.","breadcrumb":{"@id":"https:\/\/www.human-rights-year.com\/de\/2019\/10\/12\/komitee-muetter-von-beslan-hat-nach-mobbing-in-sozialen-netzwerken-das-spenden-konto-geschlossen\/#breadcrumb"},"inLanguage":"de","potentialAction":[{"@type":"ReadAction","target":["https:\/\/www.human-rights-year.com\/de\/2019\/10\/12\/komitee-muetter-von-beslan-hat-nach-mobbing-in-sozialen-netzwerken-das-spenden-konto-geschlossen\/"]}]},{"@type":"BreadcrumbList","@id":"https:\/\/www.human-rights-year.com\/de\/2019\/10\/12\/komitee-muetter-von-beslan-hat-nach-mobbing-in-sozialen-netzwerken-das-spenden-konto-geschlossen\/#breadcrumb","itemListElement":[{"@type":"ListItem","position":1,"name":"\u0413\u043b\u0430\u0432\u043d\u0430\u044f \u0441\u0442\u0440\u0430\u043d\u0438\u0446\u0430","item":"https:\/\/www.human-rights-year.com\/de\/"},{"@type":"ListItem","position":2,"name":"Komitee \u00abM\u00fctter von Beslan\u00bb hat nach Mobbing in sozialen Netzwerken das Spenden-Konto geschlossen"}]},{"@type":"Person","@id":"https:\/\/www.human-rights-year.com\/#\/schema\/person\/54d85daa1545786aba6f5320df79bb4c","name":"Human Rights Year","image":{"@type":"ImageObject","inLanguage":"de","@id":"https:\/\/www.human-rights-year.com\/#\/schema\/person\/image\/","url":"https:\/\/secure.gravatar.com\/avatar\/685b0e722b7b569d9169f933abfd5f26?s=96&d=mm&r=g","contentUrl":"https:\/\/secure.gravatar.com\/avatar\/685b0e722b7b569d9169f933abfd5f26?s=96&d=mm&r=g","caption":"Human Rights Year"},"description":"\u041d\u0435\u043c\u0435\u0446\u043a\u043e - \u0440\u043e\u0441\u0441\u0438\u0439\u0441\u043a\u0438\u0439 \u0433\u043e\u0434 \u043f\u0440\u0430\u0432 \u0447\u0435\u043b\u043e\u0432\u0435\u043a\u0430 \u041f\u0440\u043e\u0435\u043a\u0442 \u0438\u043d\u0444\u043e\u0440\u043c\u0438\u0440\u0443\u0435\u0442 \u043d\u0435\u043c\u0435\u0446\u043a\u043e\u0435 \u043e\u0431\u0449\u0435\u0441\u0442\u0432\u043e,\u00a0 \u0432 \u0442\u043e\u043c \u0447\u0438\u0441\u043b\u0435 \u0435\u0433\u043e \u0440\u0443\u0441\u0441\u043a\u043e\u044f\u0437\u044b\u0447\u043d\u0443\u044e \u0447\u0430\u0441\u0442\u044c, \u043e \u0441\u0438\u0442\u0443\u0430\u0446\u0438\u0438 \u0441 \u0441\u043e\u0431\u043b\u044e\u0434\u0435\u043d\u0438\u0435\u043c \u043f\u0440\u0430\u0432 \u0447\u0435\u043b\u043e\u0432\u0435\u043a\u0430 \u0432 \u0420\u043e\u0441\u0441\u0438\u0438; \u0430 \u0440\u043e\u0441\u0441\u0438\u044f\u043d - \u043e \u0441\u0438\u0442\u0443\u0430\u0446\u0438\u0438 \u0432 \u044d\u0442\u043e\u0439 \u043e\u0431\u043b\u0430\u0441\u0442\u0438 \u0432 \u0413\u0435\u0440\u043c\u0430\u043d\u0438\u0438. \u0420\u0435\u0430\u043b\u0438\u0437\u0443\u0435\u0442\u0441\u044f \u043f\u0440\u0438 \u0443\u0447\u0430\u0441\u0442\u0438\u0438 \u0440\u043e\u0441\u0441\u0438\u0439\u0441\u043a\u043e\u0433\u043e \u043f\u0440\u0430\u0432\u043e\u0437\u0430\u0449\u0438\u0442\u043d\u043e\u0433\u043e \u0446\u0435\u043d\u0442\u0440\u0430 \u201c\u041c\u0435\u043c\u043e\u0440\u0438\u0430\u043b\u201d \u0438 \u0424\u043e\u0440\u0443\u043c\u0430 \u0440\u0443\u0441\u0441\u043a\u043e\u044f\u0437\u044b\u0447\u043d\u044b\u0445 \u0435\u0432\u0440\u043e\u043f\u0435\u0439\u0446\u0435\u0432, \u0430 \u0442\u0430\u043a\u0436\u0435 \u043f\u0440\u0438 \u043f\u043e\u0434\u0434\u0435\u0440\u0436\u043a\u0435 \u0433\u0435\u0440\u043c\u0430\u043d\u0441\u043a\u043e\u0433\u043e \u041c\u0418\u0414\u0430.","sameAs":["https:\/\/www.human-rights-year.com"],"url":"https:\/\/www.human-rights-year.com\/de\/author\/humanrightsyear\/"}]}},"_links":{"self":[{"href":"https:\/\/www.human-rights-year.com\/de\/wp-json\/wp\/v2\/posts\/1784"}],"collection":[{"href":"https:\/\/www.human-rights-year.com\/de\/wp-json\/wp\/v2\/posts"}],"about":[{"href":"https:\/\/www.human-rights-year.com\/de\/wp-json\/wp\/v2\/types\/post"}],"author":[{"embeddable":true,"href":"https:\/\/www.human-rights-year.com\/de\/wp-json\/wp\/v2\/users\/1"}],"replies":[{"embeddable":true,"href":"https:\/\/www.human-rights-year.com\/de\/wp-json\/wp\/v2\/comments?post=1784"}],"version-history":[{"count":0,"href":"https:\/\/www.human-rights-year.com\/de\/wp-json\/wp\/v2\/posts\/1784\/revisions"}],"wp:featuredmedia":[{"embeddable":true,"href":"https:\/\/www.human-rights-year.com\/de\/wp-json\/wp\/v2\/media\/1787"}],"wp:attachment":[{"href":"https:\/\/www.human-rights-year.com\/de\/wp-json\/wp\/v2\/media?parent=1784"}],"wp:term":[{"taxonomy":"category","embeddable":true,"href":"https:\/\/www.human-rights-year.com\/de\/wp-json\/wp\/v2\/categories?post=1784"},{"taxonomy":"post_tag","embeddable":true,"href":"https:\/\/www.human-rights-year.com\/de\/wp-json\/wp\/v2\/tags?post=1784"}],"curies":[{"name":"wp","href":"https:\/\/api.w.org\/{rel}","templated":true}]}}