{"id":1657,"date":"2019-10-08T12:14:47","date_gmt":"2019-10-08T10:14:47","guid":{"rendered":"https:\/\/www.human-rights-year.com\/?p=1657"},"modified":"2019-10-08T12:14:47","modified_gmt":"2019-10-08T10:14:47","slug":"serbische-journalistin-wird-von-einem-mitglied-des-pro-kreml-bikerclubs-verfolgt","status":"publish","type":"post","link":"https:\/\/www.human-rights-year.com\/de\/2019\/10\/08\/serbische-journalistin-wird-von-einem-mitglied-des-pro-kreml-bikerclubs-verfolgt\/","title":{"rendered":"Serbische Journalistin wird von einem Mitglied des Pro-Kreml-Bikerclubs verfolgt"},"content":{"rendered":"<p>Gegen einen Mann aus In\u0111ija, einer Stadt in Nordserbien, l\u00e4uft ein Ermittlungsverfahren wegen des Angriffs und der Bel\u00e4stigung von Veritsa Marin\u010di\u0107, einer Journalistin des lokalen Nachrichtenportals In\u0111ija Caf\u00e9. Der als Nenada Mari\u0107 identifizierte Mann ist Mitglied der \u00f6rtlichen Zweigstelle des Bikerclubs &#8222;Nachtw\u00f6lfe&#8220;, der als Kreml-nahe Organisation bekannt ist.<\/p>\n<p>Mari\u0107 hat versucht Marin\u010di\u0107 einzusch\u00fcchtern, indem er ihr auf einem Motorrad auf der Stra\u00dfe gefolgt und sie am 19. Juni 2019 an ihrem Arbeitsplatz bel\u00e4stigt hat.<\/p>\n<p>Der Grund war, dass Marin\u010di\u0107 auf ihrem <a href=\"https:\/\/www.facebook.com\/Indjija.Cafe\/photos\/a.573289929411674\/2760613324012646\/?type=3&amp;theater\" target=\"_blank\" rel=\"noopener noreferrer\">Facebook-Account<\/a> das Foto eines Autos ver\u00f6ffentlicht hatte, das illegal \u201edreist auf dem B\u00fcrgersteig vor einem S\u00fc\u00dfwarenladen geparkt\u201c war. Mari\u0107 hatte sein Eigentum im fotografierten Auto erkannt und <a href=\"https:\/\/www.cenzolovka.rs\/pritisci-i-napadi\/poslanik-risticevic-omalovazava-novinarku-marincic-a-ne-osudjuje-napad-na-nju\/\" target=\"_blank\" rel=\"noopener noreferrer\">begann<\/a>, die Journalistin zu verfolgen. Zuerst hat er versucht, Wasser \u00fcber sie zu gie\u00dfen, dann hat er ihr nach Hause gefolgt, wo er versuchte, mit einem Motorrad sie zu \u00fcberfahren, aber im letzten Moment zur Seite drehte. Veritsa meldete den Vorfall der Polizei, aber Mari\u0107 kam in den n\u00e4chsten Tagen weiter zu ihrer Arbeit.<\/p>\n<p>Es scheint, dass Mari\u0107 mit den lokalen Beh\u00f6rden in In\u0111ija verbunden ist, da sie sein aggressives Benehmen anscheinend akzeptieren. Der Mann ist Mitglied des Motorradclubs &#8222;Nachtw\u00f6lfe&#8220;, der von der Gemeinde Zusch\u00fcsse zur Unterst\u00fctzung seiner Aktivit\u00e4ten erhalten hat.<\/p>\n<p><a href=\"https:\/\/ru.globalvoices.org\/2019\/10\/02\/85608\/?fbclid=IwAR3mbh2B6nRFtx77MM9mRcvdf08fIad-DtdVQkNdKJDKnzd_bIodF7c15wc\" target=\"_blank\" rel=\"noopener noreferrer\">Quelle<\/a><\/p>\n<p>Illustration (CC)<a href=\"https:\/\/flickr.com\/photos\/unisvienna\/8056631923\/\" target=\"_blank\" rel=\"noopener noreferrer\"> UNIS Vienna<\/a><\/p>\n","protected":false},"excerpt":{"rendered":"<p>Gegen einen Mann aus In\u0111ija, einer Stadt in Nordserbien, l\u00e4uft ein Ermittlungsverfahren wegen des Angriffs und der Bel\u00e4stigung von Veritsa Marin\u010di\u0107, einer Journalistin des lokalen<\/p>\n","protected":false},"author":1,"featured_media":1654,"comment_status":"closed","ping_status":"open","sticky":false,"template":"","format":"standard","meta":[],"categories":[19,12],"tags":[343,342],"yoast_head":"<!-- This site is optimized with the Yoast SEO plugin v19.4 - https:\/\/yoast.com\/wordpress\/plugins\/seo\/ -->\n<title>Serbische Journalistin wird von einem Mitglied des Pro-Kreml-Bikerclubs verfolgt - Europ\u00e4ischer Menschenrechtsdialog<\/title>\n<meta name=\"description\" content=\"Gegen einen Mann aus In\u0111ija, einer Stadt in Nordserbien, l\u00e4uft ein Ermittlungsverfahren wegen des Angriffs und der Bel\u00e4stigung von Veritsa Marin\u010di\u0107, einer Journalistin des lokalen Nachrichtenportals In\u0111ija Caf\u00e9. Der als Nenada Mari\u0107 identifizierte Mann ist Mitglied der \u00f6rtlichen Zweigstelle des Bikerclubs &quot;Nachtw\u00f6lfe&quot;, der als Kreml-nahe Organisation bekannt ist.\" \/>\n<meta name=\"robots\" content=\"index, follow, max-snippet:-1, max-image-preview:large, max-video-preview:-1\" \/>\n<link rel=\"canonical\" href=\"https:\/\/www.human-rights-year.com\/de\/2019\/10\/08\/serbische-journalistin-wird-von-einem-mitglied-des-pro-kreml-bikerclubs-verfolgt\/\" \/>\n<meta property=\"og:locale\" content=\"de_DE\" \/>\n<meta property=\"og:type\" content=\"article\" \/>\n<meta property=\"og:title\" content=\"Serbische Journalistin wird von einem Mitglied des Pro-Kreml-Bikerclubs verfolgt - Europ\u00e4ischer Menschenrechtsdialog\" \/>\n<meta property=\"og:description\" content=\"Gegen einen Mann aus In\u0111ija, einer Stadt in Nordserbien, l\u00e4uft ein Ermittlungsverfahren wegen des Angriffs und der Bel\u00e4stigung von Veritsa Marin\u010di\u0107, einer Journalistin des lokalen Nachrichtenportals In\u0111ija Caf\u00e9. Der als Nenada Mari\u0107 identifizierte Mann ist Mitglied der \u00f6rtlichen Zweigstelle des Bikerclubs &quot;Nachtw\u00f6lfe&quot;, der als Kreml-nahe Organisation bekannt ist.\" \/>\n<meta property=\"og:url\" content=\"https:\/\/www.human-rights-year.com\/de\/2019\/10\/08\/serbische-journalistin-wird-von-einem-mitglied-des-pro-kreml-bikerclubs-verfolgt\/\" \/>\n<meta property=\"og:site_name\" content=\"Europ\u00e4ischer Menschenrechtsdialog\" \/>\n<meta property=\"article:published_time\" content=\"2019-10-08T10:14:47+00:00\" \/>\n<meta property=\"og:image\" content=\"https:\/\/www.human-rights-year.com\/wp-content\/uploads\/2019\/10\/jour.jpg\" \/>\n\t<meta property=\"og:image:width\" content=\"800\" \/>\n\t<meta property=\"og:image:height\" content=\"531\" \/>\n\t<meta property=\"og:image:type\" content=\"image\/jpeg\" \/>\n<meta name=\"author\" content=\"Human Rights Year\" \/>\n<meta name=\"twitter:card\" content=\"summary_large_image\" \/>\n<meta name=\"twitter:label1\" content=\"Verfasst von\" \/>\n\t<meta name=\"twitter:data1\" content=\"Human Rights Year\" \/>\n\t<meta name=\"twitter:label2\" content=\"Gesch\u00e4tzte Lesezeit\" \/>\n\t<meta name=\"twitter:data2\" content=\"1\u00a0Minute\" \/>\n<script type=\"application\/ld+json\" class=\"yoast-schema-graph\">{\"@context\":\"https:\/\/schema.org\",\"@graph\":[{\"@type\":\"WebSite\",\"@id\":\"https:\/\/www.human-rights-year.com\/#website\",\"url\":\"https:\/\/www.human-rights-year.com\/\",\"name\":\"\u0415\u0432\u0440\u043e\u043f\u0435\u0439\u0441\u043a\u0438\u0439 \u043f\u0440\u0430\u0432\u043e\u0437\u0430\u0449\u0438\u0442\u043d\u044b\u0439 \u0434\u0438\u0430\u043b\u043e\u0433\",\"description\":\" \",\"potentialAction\":[{\"@type\":\"SearchAction\",\"target\":{\"@type\":\"EntryPoint\",\"urlTemplate\":\"https:\/\/www.human-rights-year.com\/?s={search_term_string}\"},\"query-input\":\"required name=search_term_string\"}],\"inLanguage\":\"de\"},{\"@type\":\"WebPage\",\"@id\":\"https:\/\/www.human-rights-year.com\/de\/2019\/10\/08\/serbische-journalistin-wird-von-einem-mitglied-des-pro-kreml-bikerclubs-verfolgt\/\",\"url\":\"https:\/\/www.human-rights-year.com\/de\/2019\/10\/08\/serbische-journalistin-wird-von-einem-mitglied-des-pro-kreml-bikerclubs-verfolgt\/\",\"name\":\"Serbische Journalistin wird von einem Mitglied des Pro-Kreml-Bikerclubs verfolgt - Europ\u00e4ischer Menschenrechtsdialog\",\"isPartOf\":{\"@id\":\"https:\/\/www.human-rights-year.com\/#website\"},\"datePublished\":\"2019-10-08T10:14:47+00:00\",\"dateModified\":\"2019-10-08T10:14:47+00:00\",\"author\":{\"@id\":\"https:\/\/www.human-rights-year.com\/#\/schema\/person\/54d85daa1545786aba6f5320df79bb4c\"},\"description\":\"Gegen einen Mann aus In\u0111ija, einer Stadt in Nordserbien, l\u00e4uft ein Ermittlungsverfahren wegen des Angriffs und der Bel\u00e4stigung von Veritsa Marin\u010di\u0107, einer Journalistin des lokalen Nachrichtenportals In\u0111ija Caf\u00e9. Der als Nenada Mari\u0107 identifizierte Mann ist Mitglied der \u00f6rtlichen Zweigstelle des Bikerclubs \\\"Nachtw\u00f6lfe\\\", der als Kreml-nahe Organisation bekannt ist.\",\"breadcrumb\":{\"@id\":\"https:\/\/www.human-rights-year.com\/de\/2019\/10\/08\/serbische-journalistin-wird-von-einem-mitglied-des-pro-kreml-bikerclubs-verfolgt\/#breadcrumb\"},\"inLanguage\":\"de\",\"potentialAction\":[{\"@type\":\"ReadAction\",\"target\":[\"https:\/\/www.human-rights-year.com\/de\/2019\/10\/08\/serbische-journalistin-wird-von-einem-mitglied-des-pro-kreml-bikerclubs-verfolgt\/\"]}]},{\"@type\":\"BreadcrumbList\",\"@id\":\"https:\/\/www.human-rights-year.com\/de\/2019\/10\/08\/serbische-journalistin-wird-von-einem-mitglied-des-pro-kreml-bikerclubs-verfolgt\/#breadcrumb\",\"itemListElement\":[{\"@type\":\"ListItem\",\"position\":1,\"name\":\"\u0413\u043b\u0430\u0432\u043d\u0430\u044f \u0441\u0442\u0440\u0430\u043d\u0438\u0446\u0430\",\"item\":\"https:\/\/www.human-rights-year.com\/de\/\"},{\"@type\":\"ListItem\",\"position\":2,\"name\":\"Serbische Journalistin wird von einem Mitglied des Pro-Kreml-Bikerclubs verfolgt\"}]},{\"@type\":\"Person\",\"@id\":\"https:\/\/www.human-rights-year.com\/#\/schema\/person\/54d85daa1545786aba6f5320df79bb4c\",\"name\":\"Human Rights Year\",\"image\":{\"@type\":\"ImageObject\",\"inLanguage\":\"de\",\"@id\":\"https:\/\/www.human-rights-year.com\/#\/schema\/person\/image\/\",\"url\":\"https:\/\/secure.gravatar.com\/avatar\/685b0e722b7b569d9169f933abfd5f26?s=96&d=mm&r=g\",\"contentUrl\":\"https:\/\/secure.gravatar.com\/avatar\/685b0e722b7b569d9169f933abfd5f26?s=96&d=mm&r=g\",\"caption\":\"Human Rights Year\"},\"description\":\"\u041d\u0435\u043c\u0435\u0446\u043a\u043e - \u0440\u043e\u0441\u0441\u0438\u0439\u0441\u043a\u0438\u0439 \u0433\u043e\u0434 \u043f\u0440\u0430\u0432 \u0447\u0435\u043b\u043e\u0432\u0435\u043a\u0430 \u041f\u0440\u043e\u0435\u043a\u0442 \u0438\u043d\u0444\u043e\u0440\u043c\u0438\u0440\u0443\u0435\u0442 \u043d\u0435\u043c\u0435\u0446\u043a\u043e\u0435 \u043e\u0431\u0449\u0435\u0441\u0442\u0432\u043e,\u00a0 \u0432 \u0442\u043e\u043c \u0447\u0438\u0441\u043b\u0435 \u0435\u0433\u043e \u0440\u0443\u0441\u0441\u043a\u043e\u044f\u0437\u044b\u0447\u043d\u0443\u044e \u0447\u0430\u0441\u0442\u044c, \u043e \u0441\u0438\u0442\u0443\u0430\u0446\u0438\u0438 \u0441 \u0441\u043e\u0431\u043b\u044e\u0434\u0435\u043d\u0438\u0435\u043c \u043f\u0440\u0430\u0432 \u0447\u0435\u043b\u043e\u0432\u0435\u043a\u0430 \u0432 \u0420\u043e\u0441\u0441\u0438\u0438; \u0430 \u0440\u043e\u0441\u0441\u0438\u044f\u043d - \u043e \u0441\u0438\u0442\u0443\u0430\u0446\u0438\u0438 \u0432 \u044d\u0442\u043e\u0439 \u043e\u0431\u043b\u0430\u0441\u0442\u0438 \u0432 \u0413\u0435\u0440\u043c\u0430\u043d\u0438\u0438. \u0420\u0435\u0430\u043b\u0438\u0437\u0443\u0435\u0442\u0441\u044f \u043f\u0440\u0438 \u0443\u0447\u0430\u0441\u0442\u0438\u0438 \u0440\u043e\u0441\u0441\u0438\u0439\u0441\u043a\u043e\u0433\u043e \u043f\u0440\u0430\u0432\u043e\u0437\u0430\u0449\u0438\u0442\u043d\u043e\u0433\u043e \u0446\u0435\u043d\u0442\u0440\u0430 \u201c\u041c\u0435\u043c\u043e\u0440\u0438\u0430\u043b\u201d \u0438 \u0424\u043e\u0440\u0443\u043c\u0430 \u0440\u0443\u0441\u0441\u043a\u043e\u044f\u0437\u044b\u0447\u043d\u044b\u0445 \u0435\u0432\u0440\u043e\u043f\u0435\u0439\u0446\u0435\u0432, \u0430 \u0442\u0430\u043a\u0436\u0435 \u043f\u0440\u0438 \u043f\u043e\u0434\u0434\u0435\u0440\u0436\u043a\u0435 \u0433\u0435\u0440\u043c\u0430\u043d\u0441\u043a\u043e\u0433\u043e \u041c\u0418\u0414\u0430.\",\"sameAs\":[\"https:\/\/www.human-rights-year.com\"],\"url\":\"https:\/\/www.human-rights-year.com\/de\/author\/humanrightsyear\/\"}]}<\/script>\n<!-- \/ Yoast SEO plugin. -->","yoast_head_json":{"title":"Serbische Journalistin wird von einem Mitglied des Pro-Kreml-Bikerclubs verfolgt - Europ\u00e4ischer Menschenrechtsdialog","description":"Gegen einen Mann aus In\u0111ija, einer Stadt in Nordserbien, l\u00e4uft ein Ermittlungsverfahren wegen des Angriffs und der Bel\u00e4stigung von Veritsa Marin\u010di\u0107, einer Journalistin des lokalen Nachrichtenportals In\u0111ija Caf\u00e9. Der als Nenada Mari\u0107 identifizierte Mann ist Mitglied der \u00f6rtlichen Zweigstelle des Bikerclubs \"Nachtw\u00f6lfe\", der als Kreml-nahe Organisation bekannt ist.","robots":{"index":"index","follow":"follow","max-snippet":"max-snippet:-1","max-image-preview":"max-image-preview:large","max-video-preview":"max-video-preview:-1"},"canonical":"https:\/\/www.human-rights-year.com\/de\/2019\/10\/08\/serbische-journalistin-wird-von-einem-mitglied-des-pro-kreml-bikerclubs-verfolgt\/","og_locale":"de_DE","og_type":"article","og_title":"Serbische Journalistin wird von einem Mitglied des Pro-Kreml-Bikerclubs verfolgt - Europ\u00e4ischer Menschenrechtsdialog","og_description":"Gegen einen Mann aus In\u0111ija, einer Stadt in Nordserbien, l\u00e4uft ein Ermittlungsverfahren wegen des Angriffs und der Bel\u00e4stigung von Veritsa Marin\u010di\u0107, einer Journalistin des lokalen Nachrichtenportals In\u0111ija Caf\u00e9. Der als Nenada Mari\u0107 identifizierte Mann ist Mitglied der \u00f6rtlichen Zweigstelle des Bikerclubs \"Nachtw\u00f6lfe\", der als Kreml-nahe Organisation bekannt ist.","og_url":"https:\/\/www.human-rights-year.com\/de\/2019\/10\/08\/serbische-journalistin-wird-von-einem-mitglied-des-pro-kreml-bikerclubs-verfolgt\/","og_site_name":"Europ\u00e4ischer Menschenrechtsdialog","article_published_time":"2019-10-08T10:14:47+00:00","og_image":[{"width":800,"height":531,"url":"https:\/\/www.human-rights-year.com\/wp-content\/uploads\/2019\/10\/jour.jpg","type":"image\/jpeg"}],"author":"Human Rights Year","twitter_card":"summary_large_image","twitter_misc":{"Verfasst von":"Human Rights Year","Gesch\u00e4tzte Lesezeit":"1\u00a0Minute"},"schema":{"@context":"https:\/\/schema.org","@graph":[{"@type":"WebSite","@id":"https:\/\/www.human-rights-year.com\/#website","url":"https:\/\/www.human-rights-year.com\/","name":"\u0415\u0432\u0440\u043e\u043f\u0435\u0439\u0441\u043a\u0438\u0439 \u043f\u0440\u0430\u0432\u043e\u0437\u0430\u0449\u0438\u0442\u043d\u044b\u0439 \u0434\u0438\u0430\u043b\u043e\u0433","description":" ","potentialAction":[{"@type":"SearchAction","target":{"@type":"EntryPoint","urlTemplate":"https:\/\/www.human-rights-year.com\/?s={search_term_string}"},"query-input":"required name=search_term_string"}],"inLanguage":"de"},{"@type":"WebPage","@id":"https:\/\/www.human-rights-year.com\/de\/2019\/10\/08\/serbische-journalistin-wird-von-einem-mitglied-des-pro-kreml-bikerclubs-verfolgt\/","url":"https:\/\/www.human-rights-year.com\/de\/2019\/10\/08\/serbische-journalistin-wird-von-einem-mitglied-des-pro-kreml-bikerclubs-verfolgt\/","name":"Serbische Journalistin wird von einem Mitglied des Pro-Kreml-Bikerclubs verfolgt - Europ\u00e4ischer Menschenrechtsdialog","isPartOf":{"@id":"https:\/\/www.human-rights-year.com\/#website"},"datePublished":"2019-10-08T10:14:47+00:00","dateModified":"2019-10-08T10:14:47+00:00","author":{"@id":"https:\/\/www.human-rights-year.com\/#\/schema\/person\/54d85daa1545786aba6f5320df79bb4c"},"description":"Gegen einen Mann aus In\u0111ija, einer Stadt in Nordserbien, l\u00e4uft ein Ermittlungsverfahren wegen des Angriffs und der Bel\u00e4stigung von Veritsa Marin\u010di\u0107, einer Journalistin des lokalen Nachrichtenportals In\u0111ija Caf\u00e9. Der als Nenada Mari\u0107 identifizierte Mann ist Mitglied der \u00f6rtlichen Zweigstelle des Bikerclubs \"Nachtw\u00f6lfe\", der als Kreml-nahe Organisation bekannt ist.","breadcrumb":{"@id":"https:\/\/www.human-rights-year.com\/de\/2019\/10\/08\/serbische-journalistin-wird-von-einem-mitglied-des-pro-kreml-bikerclubs-verfolgt\/#breadcrumb"},"inLanguage":"de","potentialAction":[{"@type":"ReadAction","target":["https:\/\/www.human-rights-year.com\/de\/2019\/10\/08\/serbische-journalistin-wird-von-einem-mitglied-des-pro-kreml-bikerclubs-verfolgt\/"]}]},{"@type":"BreadcrumbList","@id":"https:\/\/www.human-rights-year.com\/de\/2019\/10\/08\/serbische-journalistin-wird-von-einem-mitglied-des-pro-kreml-bikerclubs-verfolgt\/#breadcrumb","itemListElement":[{"@type":"ListItem","position":1,"name":"\u0413\u043b\u0430\u0432\u043d\u0430\u044f \u0441\u0442\u0440\u0430\u043d\u0438\u0446\u0430","item":"https:\/\/www.human-rights-year.com\/de\/"},{"@type":"ListItem","position":2,"name":"Serbische Journalistin wird von einem Mitglied des Pro-Kreml-Bikerclubs verfolgt"}]},{"@type":"Person","@id":"https:\/\/www.human-rights-year.com\/#\/schema\/person\/54d85daa1545786aba6f5320df79bb4c","name":"Human Rights Year","image":{"@type":"ImageObject","inLanguage":"de","@id":"https:\/\/www.human-rights-year.com\/#\/schema\/person\/image\/","url":"https:\/\/secure.gravatar.com\/avatar\/685b0e722b7b569d9169f933abfd5f26?s=96&d=mm&r=g","contentUrl":"https:\/\/secure.gravatar.com\/avatar\/685b0e722b7b569d9169f933abfd5f26?s=96&d=mm&r=g","caption":"Human Rights Year"},"description":"\u041d\u0435\u043c\u0435\u0446\u043a\u043e - \u0440\u043e\u0441\u0441\u0438\u0439\u0441\u043a\u0438\u0439 \u0433\u043e\u0434 \u043f\u0440\u0430\u0432 \u0447\u0435\u043b\u043e\u0432\u0435\u043a\u0430 \u041f\u0440\u043e\u0435\u043a\u0442 \u0438\u043d\u0444\u043e\u0440\u043c\u0438\u0440\u0443\u0435\u0442 \u043d\u0435\u043c\u0435\u0446\u043a\u043e\u0435 \u043e\u0431\u0449\u0435\u0441\u0442\u0432\u043e,\u00a0 \u0432 \u0442\u043e\u043c \u0447\u0438\u0441\u043b\u0435 \u0435\u0433\u043e \u0440\u0443\u0441\u0441\u043a\u043e\u044f\u0437\u044b\u0447\u043d\u0443\u044e \u0447\u0430\u0441\u0442\u044c, \u043e \u0441\u0438\u0442\u0443\u0430\u0446\u0438\u0438 \u0441 \u0441\u043e\u0431\u043b\u044e\u0434\u0435\u043d\u0438\u0435\u043c \u043f\u0440\u0430\u0432 \u0447\u0435\u043b\u043e\u0432\u0435\u043a\u0430 \u0432 \u0420\u043e\u0441\u0441\u0438\u0438; \u0430 \u0440\u043e\u0441\u0441\u0438\u044f\u043d - \u043e \u0441\u0438\u0442\u0443\u0430\u0446\u0438\u0438 \u0432 \u044d\u0442\u043e\u0439 \u043e\u0431\u043b\u0430\u0441\u0442\u0438 \u0432 \u0413\u0435\u0440\u043c\u0430\u043d\u0438\u0438. \u0420\u0435\u0430\u043b\u0438\u0437\u0443\u0435\u0442\u0441\u044f \u043f\u0440\u0438 \u0443\u0447\u0430\u0441\u0442\u0438\u0438 \u0440\u043e\u0441\u0441\u0438\u0439\u0441\u043a\u043e\u0433\u043e \u043f\u0440\u0430\u0432\u043e\u0437\u0430\u0449\u0438\u0442\u043d\u043e\u0433\u043e \u0446\u0435\u043d\u0442\u0440\u0430 \u201c\u041c\u0435\u043c\u043e\u0440\u0438\u0430\u043b\u201d \u0438 \u0424\u043e\u0440\u0443\u043c\u0430 \u0440\u0443\u0441\u0441\u043a\u043e\u044f\u0437\u044b\u0447\u043d\u044b\u0445 \u0435\u0432\u0440\u043e\u043f\u0435\u0439\u0446\u0435\u0432, \u0430 \u0442\u0430\u043a\u0436\u0435 \u043f\u0440\u0438 \u043f\u043e\u0434\u0434\u0435\u0440\u0436\u043a\u0435 \u0433\u0435\u0440\u043c\u0430\u043d\u0441\u043a\u043e\u0433\u043e \u041c\u0418\u0414\u0430.","sameAs":["https:\/\/www.human-rights-year.com"],"url":"https:\/\/www.human-rights-year.com\/de\/author\/humanrightsyear\/"}]}},"_links":{"self":[{"href":"https:\/\/www.human-rights-year.com\/de\/wp-json\/wp\/v2\/posts\/1657"}],"collection":[{"href":"https:\/\/www.human-rights-year.com\/de\/wp-json\/wp\/v2\/posts"}],"about":[{"href":"https:\/\/www.human-rights-year.com\/de\/wp-json\/wp\/v2\/types\/post"}],"author":[{"embeddable":true,"href":"https:\/\/www.human-rights-year.com\/de\/wp-json\/wp\/v2\/users\/1"}],"replies":[{"embeddable":true,"href":"https:\/\/www.human-rights-year.com\/de\/wp-json\/wp\/v2\/comments?post=1657"}],"version-history":[{"count":0,"href":"https:\/\/www.human-rights-year.com\/de\/wp-json\/wp\/v2\/posts\/1657\/revisions"}],"wp:featuredmedia":[{"embeddable":true,"href":"https:\/\/www.human-rights-year.com\/de\/wp-json\/wp\/v2\/media\/1654"}],"wp:attachment":[{"href":"https:\/\/www.human-rights-year.com\/de\/wp-json\/wp\/v2\/media?parent=1657"}],"wp:term":[{"taxonomy":"category","embeddable":true,"href":"https:\/\/www.human-rights-year.com\/de\/wp-json\/wp\/v2\/categories?post=1657"},{"taxonomy":"post_tag","embeddable":true,"href":"https:\/\/www.human-rights-year.com\/de\/wp-json\/wp\/v2\/tags?post=1657"}],"curies":[{"name":"wp","href":"https:\/\/api.w.org\/{rel}","templated":true}]}}