{"id":1578,"date":"2019-10-04T08:56:44","date_gmt":"2019-10-04T06:56:44","guid":{"rendered":"https:\/\/www.human-rights-year.com\/?p=1578"},"modified":"2019-10-04T09:18:05","modified_gmt":"2019-10-04T07:18:05","slug":"gericht-in-berlin-mobbing-wegen-ostdeutscher-herkunft-keine-diskriminierung","status":"publish","type":"post","link":"https:\/\/www.human-rights-year.com\/de\/2019\/10\/04\/gericht-in-berlin-mobbing-wegen-ostdeutscher-herkunft-keine-diskriminierung\/","title":{"rendered":"Gericht in Berlin: Mobbing wegen ostdeutscher Herkunft keine Diskriminierung"},"content":{"rendered":"<p><a href=\"http:\/\/www.migazin.de\/2019\/10\/04\/arbeitsgericht-berlin-herabwuerdigung-herkunft-diskriminierung\/?utm_source=wysija&amp;utm_medium=email&amp;utm_campaign=MiGAZIN+Newsletter\" target=\"_blank\" rel=\"noopener noreferrer\">Migazin<\/a> berichtet, dass das Arbeitsgericht Berlin folgendes entschieden hat: Ostdeutsche sind keine Mitglieder einer ethnischen Gruppe. Deshalb ist Mobbing aufgrund der ostdeutschen Herkunft am Arbeitsplatz keine Benachteiligung im Sinne des Allgemeinen Gleichbehandlungsgesetzes.<\/p>\n<p>Ein Berliner wurde bei einem Zeitungsverlag als stellvertretender Ressortleiter besch\u00e4ftigt. Zwei vorgesetzte Mitarbeiter haben ihn wegen seiner ostdeutschen Herkunft stigmatisiert und gedem\u00fctigt. Der Mann verklagte deswegen seinen Arbeitgeber auf Entsch\u00e4digung, Schadenersatz und Schmerzensgeld.<\/p>\n<p>Das Arbeitsgericht wies aber die Klage ab mit der Begr\u00fcndung, dass Menschen ostdeutscher Herkunft nicht Mitglieder einer ethnischen Gruppe oder Tr\u00e4ger einer einheitlichen Weltanschauung seien.<\/p>\n<p>&nbsp;<\/p>\n<p><a href=\"http:\/\/www.migazin.de\/2019\/10\/04\/arbeitsgericht-berlin-herabwuerdigung-herkunft-diskriminierung\/?utm_source=wysija&amp;utm_medium=email&amp;utm_campaign=MiGAZIN+Newsletter\" target=\"_blank\" rel=\"noopener noreferrer\">Quelle<\/a><\/p>\n<p>Illustration (CC) <a href=\"https:\/\/flickr.com\/photos\/mecklenburg\/5965267594\/\" target=\"_blank\" rel=\"noopener noreferrer\">Thomas Kohler<\/a><\/p>\n","protected":false},"excerpt":{"rendered":"<p>Migazin berichtet, dass das Arbeitsgericht Berlin folgendes entschieden hat: Ostdeutsche sind keine Mitglieder einer ethnischen Gruppe. Deshalb ist Mobbing aufgrund der ostdeutschen Herkunft am Arbeitsplatz<\/p>\n","protected":false},"author":1,"featured_media":1579,"comment_status":"closed","ping_status":"open","sticky":false,"template":"","format":"standard","meta":[],"categories":[15,12],"tags":[214,316,92],"yoast_head":"<!-- This site is optimized with the Yoast SEO plugin v19.4 - https:\/\/yoast.com\/wordpress\/plugins\/seo\/ -->\n<title>Gericht in Berlin: Mobbing wegen ostdeutscher Herkunft keine Diskriminierung - Europ\u00e4ischer Menschenrechtsdialog<\/title>\n<meta name=\"description\" content=\"Migazin berichtet, dass das Arbeitsgericht Berlin folgendes entschieden hat. Ostdeutsche sind keine Mitglieder einer ethnischen Gruppe. Deshalb ist Mobbing aufgrund der ostdeutschen Herkunft am Arbeitsplatz keine Benachteiligung im Sinne des Allgemeinen Gleichbehandlungsgesetzes.\u00a0\" \/>\n<meta name=\"robots\" content=\"index, follow, max-snippet:-1, max-image-preview:large, max-video-preview:-1\" \/>\n<link rel=\"canonical\" href=\"https:\/\/www.human-rights-year.com\/de\/2019\/10\/04\/gericht-in-berlin-mobbing-wegen-ostdeutscher-herkunft-keine-diskriminierung\/\" \/>\n<meta property=\"og:locale\" content=\"de_DE\" \/>\n<meta property=\"og:type\" content=\"article\" \/>\n<meta property=\"og:title\" content=\"Gericht in Berlin: Mobbing wegen ostdeutscher Herkunft keine Diskriminierung - Europ\u00e4ischer Menschenrechtsdialog\" \/>\n<meta property=\"og:description\" content=\"Migazin berichtet, dass das Arbeitsgericht Berlin folgendes entschieden hat. Ostdeutsche sind keine Mitglieder einer ethnischen Gruppe. Deshalb ist Mobbing aufgrund der ostdeutschen Herkunft am Arbeitsplatz keine Benachteiligung im Sinne des Allgemeinen Gleichbehandlungsgesetzes.\u00a0\" \/>\n<meta property=\"og:url\" content=\"https:\/\/www.human-rights-year.com\/de\/2019\/10\/04\/gericht-in-berlin-mobbing-wegen-ostdeutscher-herkunft-keine-diskriminierung\/\" \/>\n<meta property=\"og:site_name\" content=\"Europ\u00e4ischer Menschenrechtsdialog\" \/>\n<meta property=\"article:published_time\" content=\"2019-10-04T06:56:44+00:00\" \/>\n<meta property=\"article:modified_time\" content=\"2019-10-04T07:18:05+00:00\" \/>\n<meta property=\"og:image\" content=\"https:\/\/www.human-rights-year.com\/wp-content\/uploads\/2019\/10\/5965267594_d4093116af_b.jpg\" \/>\n\t<meta property=\"og:image:width\" content=\"1024\" \/>\n\t<meta property=\"og:image:height\" content=\"683\" \/>\n\t<meta property=\"og:image:type\" content=\"image\/jpeg\" \/>\n<meta name=\"author\" content=\"Human Rights Year\" \/>\n<meta name=\"twitter:card\" content=\"summary_large_image\" \/>\n<meta name=\"twitter:label1\" content=\"Verfasst von\" \/>\n\t<meta name=\"twitter:data1\" content=\"Human Rights Year\" \/>\n\t<meta name=\"twitter:label2\" content=\"Gesch\u00e4tzte Lesezeit\" \/>\n\t<meta name=\"twitter:data2\" content=\"1\u00a0Minute\" \/>\n<script type=\"application\/ld+json\" class=\"yoast-schema-graph\">{\"@context\":\"https:\/\/schema.org\",\"@graph\":[{\"@type\":\"WebSite\",\"@id\":\"https:\/\/www.human-rights-year.com\/#website\",\"url\":\"https:\/\/www.human-rights-year.com\/\",\"name\":\"\u0415\u0432\u0440\u043e\u043f\u0435\u0439\u0441\u043a\u0438\u0439 \u043f\u0440\u0430\u0432\u043e\u0437\u0430\u0449\u0438\u0442\u043d\u044b\u0439 \u0434\u0438\u0430\u043b\u043e\u0433\",\"description\":\" \",\"potentialAction\":[{\"@type\":\"SearchAction\",\"target\":{\"@type\":\"EntryPoint\",\"urlTemplate\":\"https:\/\/www.human-rights-year.com\/?s={search_term_string}\"},\"query-input\":\"required name=search_term_string\"}],\"inLanguage\":\"de\"},{\"@type\":\"WebPage\",\"@id\":\"https:\/\/www.human-rights-year.com\/de\/2019\/10\/04\/gericht-in-berlin-mobbing-wegen-ostdeutscher-herkunft-keine-diskriminierung\/\",\"url\":\"https:\/\/www.human-rights-year.com\/de\/2019\/10\/04\/gericht-in-berlin-mobbing-wegen-ostdeutscher-herkunft-keine-diskriminierung\/\",\"name\":\"Gericht in Berlin: Mobbing wegen ostdeutscher Herkunft keine Diskriminierung - Europ\u00e4ischer Menschenrechtsdialog\",\"isPartOf\":{\"@id\":\"https:\/\/www.human-rights-year.com\/#website\"},\"datePublished\":\"2019-10-04T06:56:44+00:00\",\"dateModified\":\"2019-10-04T07:18:05+00:00\",\"author\":{\"@id\":\"https:\/\/www.human-rights-year.com\/#\/schema\/person\/54d85daa1545786aba6f5320df79bb4c\"},\"description\":\"Migazin berichtet, dass das Arbeitsgericht Berlin folgendes entschieden hat. Ostdeutsche sind keine Mitglieder einer ethnischen Gruppe. Deshalb ist Mobbing aufgrund der ostdeutschen Herkunft am Arbeitsplatz keine Benachteiligung im Sinne des Allgemeinen Gleichbehandlungsgesetzes.\u00a0\",\"breadcrumb\":{\"@id\":\"https:\/\/www.human-rights-year.com\/de\/2019\/10\/04\/gericht-in-berlin-mobbing-wegen-ostdeutscher-herkunft-keine-diskriminierung\/#breadcrumb\"},\"inLanguage\":\"de\",\"potentialAction\":[{\"@type\":\"ReadAction\",\"target\":[\"https:\/\/www.human-rights-year.com\/de\/2019\/10\/04\/gericht-in-berlin-mobbing-wegen-ostdeutscher-herkunft-keine-diskriminierung\/\"]}]},{\"@type\":\"BreadcrumbList\",\"@id\":\"https:\/\/www.human-rights-year.com\/de\/2019\/10\/04\/gericht-in-berlin-mobbing-wegen-ostdeutscher-herkunft-keine-diskriminierung\/#breadcrumb\",\"itemListElement\":[{\"@type\":\"ListItem\",\"position\":1,\"name\":\"\u0413\u043b\u0430\u0432\u043d\u0430\u044f \u0441\u0442\u0440\u0430\u043d\u0438\u0446\u0430\",\"item\":\"https:\/\/www.human-rights-year.com\/de\/\"},{\"@type\":\"ListItem\",\"position\":2,\"name\":\"Gericht in Berlin: Mobbing wegen ostdeutscher Herkunft keine Diskriminierung\"}]},{\"@type\":\"Person\",\"@id\":\"https:\/\/www.human-rights-year.com\/#\/schema\/person\/54d85daa1545786aba6f5320df79bb4c\",\"name\":\"Human Rights Year\",\"image\":{\"@type\":\"ImageObject\",\"inLanguage\":\"de\",\"@id\":\"https:\/\/www.human-rights-year.com\/#\/schema\/person\/image\/\",\"url\":\"https:\/\/secure.gravatar.com\/avatar\/685b0e722b7b569d9169f933abfd5f26?s=96&d=mm&r=g\",\"contentUrl\":\"https:\/\/secure.gravatar.com\/avatar\/685b0e722b7b569d9169f933abfd5f26?s=96&d=mm&r=g\",\"caption\":\"Human Rights Year\"},\"description\":\"\u041d\u0435\u043c\u0435\u0446\u043a\u043e - \u0440\u043e\u0441\u0441\u0438\u0439\u0441\u043a\u0438\u0439 \u0433\u043e\u0434 \u043f\u0440\u0430\u0432 \u0447\u0435\u043b\u043e\u0432\u0435\u043a\u0430 \u041f\u0440\u043e\u0435\u043a\u0442 \u0438\u043d\u0444\u043e\u0440\u043c\u0438\u0440\u0443\u0435\u0442 \u043d\u0435\u043c\u0435\u0446\u043a\u043e\u0435 \u043e\u0431\u0449\u0435\u0441\u0442\u0432\u043e,\u00a0 \u0432 \u0442\u043e\u043c \u0447\u0438\u0441\u043b\u0435 \u0435\u0433\u043e \u0440\u0443\u0441\u0441\u043a\u043e\u044f\u0437\u044b\u0447\u043d\u0443\u044e \u0447\u0430\u0441\u0442\u044c, \u043e \u0441\u0438\u0442\u0443\u0430\u0446\u0438\u0438 \u0441 \u0441\u043e\u0431\u043b\u044e\u0434\u0435\u043d\u0438\u0435\u043c \u043f\u0440\u0430\u0432 \u0447\u0435\u043b\u043e\u0432\u0435\u043a\u0430 \u0432 \u0420\u043e\u0441\u0441\u0438\u0438; \u0430 \u0440\u043e\u0441\u0441\u0438\u044f\u043d - \u043e \u0441\u0438\u0442\u0443\u0430\u0446\u0438\u0438 \u0432 \u044d\u0442\u043e\u0439 \u043e\u0431\u043b\u0430\u0441\u0442\u0438 \u0432 \u0413\u0435\u0440\u043c\u0430\u043d\u0438\u0438. \u0420\u0435\u0430\u043b\u0438\u0437\u0443\u0435\u0442\u0441\u044f \u043f\u0440\u0438 \u0443\u0447\u0430\u0441\u0442\u0438\u0438 \u0440\u043e\u0441\u0441\u0438\u0439\u0441\u043a\u043e\u0433\u043e \u043f\u0440\u0430\u0432\u043e\u0437\u0430\u0449\u0438\u0442\u043d\u043e\u0433\u043e \u0446\u0435\u043d\u0442\u0440\u0430 \u201c\u041c\u0435\u043c\u043e\u0440\u0438\u0430\u043b\u201d \u0438 \u0424\u043e\u0440\u0443\u043c\u0430 \u0440\u0443\u0441\u0441\u043a\u043e\u044f\u0437\u044b\u0447\u043d\u044b\u0445 \u0435\u0432\u0440\u043e\u043f\u0435\u0439\u0446\u0435\u0432, \u0430 \u0442\u0430\u043a\u0436\u0435 \u043f\u0440\u0438 \u043f\u043e\u0434\u0434\u0435\u0440\u0436\u043a\u0435 \u0433\u0435\u0440\u043c\u0430\u043d\u0441\u043a\u043e\u0433\u043e \u041c\u0418\u0414\u0430.\",\"sameAs\":[\"https:\/\/www.human-rights-year.com\"],\"url\":\"https:\/\/www.human-rights-year.com\/de\/author\/humanrightsyear\/\"}]}<\/script>\n<!-- \/ Yoast SEO plugin. -->","yoast_head_json":{"title":"Gericht in Berlin: Mobbing wegen ostdeutscher Herkunft keine Diskriminierung - Europ\u00e4ischer Menschenrechtsdialog","description":"Migazin berichtet, dass das Arbeitsgericht Berlin folgendes entschieden hat. Ostdeutsche sind keine Mitglieder einer ethnischen Gruppe. Deshalb ist Mobbing aufgrund der ostdeutschen Herkunft am Arbeitsplatz keine Benachteiligung im Sinne des Allgemeinen Gleichbehandlungsgesetzes.\u00a0","robots":{"index":"index","follow":"follow","max-snippet":"max-snippet:-1","max-image-preview":"max-image-preview:large","max-video-preview":"max-video-preview:-1"},"canonical":"https:\/\/www.human-rights-year.com\/de\/2019\/10\/04\/gericht-in-berlin-mobbing-wegen-ostdeutscher-herkunft-keine-diskriminierung\/","og_locale":"de_DE","og_type":"article","og_title":"Gericht in Berlin: Mobbing wegen ostdeutscher Herkunft keine Diskriminierung - Europ\u00e4ischer Menschenrechtsdialog","og_description":"Migazin berichtet, dass das Arbeitsgericht Berlin folgendes entschieden hat. Ostdeutsche sind keine Mitglieder einer ethnischen Gruppe. Deshalb ist Mobbing aufgrund der ostdeutschen Herkunft am Arbeitsplatz keine Benachteiligung im Sinne des Allgemeinen Gleichbehandlungsgesetzes.\u00a0","og_url":"https:\/\/www.human-rights-year.com\/de\/2019\/10\/04\/gericht-in-berlin-mobbing-wegen-ostdeutscher-herkunft-keine-diskriminierung\/","og_site_name":"Europ\u00e4ischer Menschenrechtsdialog","article_published_time":"2019-10-04T06:56:44+00:00","article_modified_time":"2019-10-04T07:18:05+00:00","og_image":[{"width":1024,"height":683,"url":"https:\/\/www.human-rights-year.com\/wp-content\/uploads\/2019\/10\/5965267594_d4093116af_b.jpg","type":"image\/jpeg"}],"author":"Human Rights Year","twitter_card":"summary_large_image","twitter_misc":{"Verfasst von":"Human Rights Year","Gesch\u00e4tzte Lesezeit":"1\u00a0Minute"},"schema":{"@context":"https:\/\/schema.org","@graph":[{"@type":"WebSite","@id":"https:\/\/www.human-rights-year.com\/#website","url":"https:\/\/www.human-rights-year.com\/","name":"\u0415\u0432\u0440\u043e\u043f\u0435\u0439\u0441\u043a\u0438\u0439 \u043f\u0440\u0430\u0432\u043e\u0437\u0430\u0449\u0438\u0442\u043d\u044b\u0439 \u0434\u0438\u0430\u043b\u043e\u0433","description":" ","potentialAction":[{"@type":"SearchAction","target":{"@type":"EntryPoint","urlTemplate":"https:\/\/www.human-rights-year.com\/?s={search_term_string}"},"query-input":"required name=search_term_string"}],"inLanguage":"de"},{"@type":"WebPage","@id":"https:\/\/www.human-rights-year.com\/de\/2019\/10\/04\/gericht-in-berlin-mobbing-wegen-ostdeutscher-herkunft-keine-diskriminierung\/","url":"https:\/\/www.human-rights-year.com\/de\/2019\/10\/04\/gericht-in-berlin-mobbing-wegen-ostdeutscher-herkunft-keine-diskriminierung\/","name":"Gericht in Berlin: Mobbing wegen ostdeutscher Herkunft keine Diskriminierung - Europ\u00e4ischer Menschenrechtsdialog","isPartOf":{"@id":"https:\/\/www.human-rights-year.com\/#website"},"datePublished":"2019-10-04T06:56:44+00:00","dateModified":"2019-10-04T07:18:05+00:00","author":{"@id":"https:\/\/www.human-rights-year.com\/#\/schema\/person\/54d85daa1545786aba6f5320df79bb4c"},"description":"Migazin berichtet, dass das Arbeitsgericht Berlin folgendes entschieden hat. Ostdeutsche sind keine Mitglieder einer ethnischen Gruppe. Deshalb ist Mobbing aufgrund der ostdeutschen Herkunft am Arbeitsplatz keine Benachteiligung im Sinne des Allgemeinen Gleichbehandlungsgesetzes.\u00a0","breadcrumb":{"@id":"https:\/\/www.human-rights-year.com\/de\/2019\/10\/04\/gericht-in-berlin-mobbing-wegen-ostdeutscher-herkunft-keine-diskriminierung\/#breadcrumb"},"inLanguage":"de","potentialAction":[{"@type":"ReadAction","target":["https:\/\/www.human-rights-year.com\/de\/2019\/10\/04\/gericht-in-berlin-mobbing-wegen-ostdeutscher-herkunft-keine-diskriminierung\/"]}]},{"@type":"BreadcrumbList","@id":"https:\/\/www.human-rights-year.com\/de\/2019\/10\/04\/gericht-in-berlin-mobbing-wegen-ostdeutscher-herkunft-keine-diskriminierung\/#breadcrumb","itemListElement":[{"@type":"ListItem","position":1,"name":"\u0413\u043b\u0430\u0432\u043d\u0430\u044f \u0441\u0442\u0440\u0430\u043d\u0438\u0446\u0430","item":"https:\/\/www.human-rights-year.com\/de\/"},{"@type":"ListItem","position":2,"name":"Gericht in Berlin: Mobbing wegen ostdeutscher Herkunft keine Diskriminierung"}]},{"@type":"Person","@id":"https:\/\/www.human-rights-year.com\/#\/schema\/person\/54d85daa1545786aba6f5320df79bb4c","name":"Human Rights Year","image":{"@type":"ImageObject","inLanguage":"de","@id":"https:\/\/www.human-rights-year.com\/#\/schema\/person\/image\/","url":"https:\/\/secure.gravatar.com\/avatar\/685b0e722b7b569d9169f933abfd5f26?s=96&d=mm&r=g","contentUrl":"https:\/\/secure.gravatar.com\/avatar\/685b0e722b7b569d9169f933abfd5f26?s=96&d=mm&r=g","caption":"Human Rights Year"},"description":"\u041d\u0435\u043c\u0435\u0446\u043a\u043e - \u0440\u043e\u0441\u0441\u0438\u0439\u0441\u043a\u0438\u0439 \u0433\u043e\u0434 \u043f\u0440\u0430\u0432 \u0447\u0435\u043b\u043e\u0432\u0435\u043a\u0430 \u041f\u0440\u043e\u0435\u043a\u0442 \u0438\u043d\u0444\u043e\u0440\u043c\u0438\u0440\u0443\u0435\u0442 \u043d\u0435\u043c\u0435\u0446\u043a\u043e\u0435 \u043e\u0431\u0449\u0435\u0441\u0442\u0432\u043e,\u00a0 \u0432 \u0442\u043e\u043c \u0447\u0438\u0441\u043b\u0435 \u0435\u0433\u043e \u0440\u0443\u0441\u0441\u043a\u043e\u044f\u0437\u044b\u0447\u043d\u0443\u044e \u0447\u0430\u0441\u0442\u044c, \u043e \u0441\u0438\u0442\u0443\u0430\u0446\u0438\u0438 \u0441 \u0441\u043e\u0431\u043b\u044e\u0434\u0435\u043d\u0438\u0435\u043c \u043f\u0440\u0430\u0432 \u0447\u0435\u043b\u043e\u0432\u0435\u043a\u0430 \u0432 \u0420\u043e\u0441\u0441\u0438\u0438; \u0430 \u0440\u043e\u0441\u0441\u0438\u044f\u043d - \u043e \u0441\u0438\u0442\u0443\u0430\u0446\u0438\u0438 \u0432 \u044d\u0442\u043e\u0439 \u043e\u0431\u043b\u0430\u0441\u0442\u0438 \u0432 \u0413\u0435\u0440\u043c\u0430\u043d\u0438\u0438. \u0420\u0435\u0430\u043b\u0438\u0437\u0443\u0435\u0442\u0441\u044f \u043f\u0440\u0438 \u0443\u0447\u0430\u0441\u0442\u0438\u0438 \u0440\u043e\u0441\u0441\u0438\u0439\u0441\u043a\u043e\u0433\u043e \u043f\u0440\u0430\u0432\u043e\u0437\u0430\u0449\u0438\u0442\u043d\u043e\u0433\u043e \u0446\u0435\u043d\u0442\u0440\u0430 \u201c\u041c\u0435\u043c\u043e\u0440\u0438\u0430\u043b\u201d \u0438 \u0424\u043e\u0440\u0443\u043c\u0430 \u0440\u0443\u0441\u0441\u043a\u043e\u044f\u0437\u044b\u0447\u043d\u044b\u0445 \u0435\u0432\u0440\u043e\u043f\u0435\u0439\u0446\u0435\u0432, \u0430 \u0442\u0430\u043a\u0436\u0435 \u043f\u0440\u0438 \u043f\u043e\u0434\u0434\u0435\u0440\u0436\u043a\u0435 \u0433\u0435\u0440\u043c\u0430\u043d\u0441\u043a\u043e\u0433\u043e \u041c\u0418\u0414\u0430.","sameAs":["https:\/\/www.human-rights-year.com"],"url":"https:\/\/www.human-rights-year.com\/de\/author\/humanrightsyear\/"}]}},"_links":{"self":[{"href":"https:\/\/www.human-rights-year.com\/de\/wp-json\/wp\/v2\/posts\/1578"}],"collection":[{"href":"https:\/\/www.human-rights-year.com\/de\/wp-json\/wp\/v2\/posts"}],"about":[{"href":"https:\/\/www.human-rights-year.com\/de\/wp-json\/wp\/v2\/types\/post"}],"author":[{"embeddable":true,"href":"https:\/\/www.human-rights-year.com\/de\/wp-json\/wp\/v2\/users\/1"}],"replies":[{"embeddable":true,"href":"https:\/\/www.human-rights-year.com\/de\/wp-json\/wp\/v2\/comments?post=1578"}],"version-history":[{"count":0,"href":"https:\/\/www.human-rights-year.com\/de\/wp-json\/wp\/v2\/posts\/1578\/revisions"}],"wp:featuredmedia":[{"embeddable":true,"href":"https:\/\/www.human-rights-year.com\/de\/wp-json\/wp\/v2\/media\/1579"}],"wp:attachment":[{"href":"https:\/\/www.human-rights-year.com\/de\/wp-json\/wp\/v2\/media?parent=1578"}],"wp:term":[{"taxonomy":"category","embeddable":true,"href":"https:\/\/www.human-rights-year.com\/de\/wp-json\/wp\/v2\/categories?post=1578"},{"taxonomy":"post_tag","embeddable":true,"href":"https:\/\/www.human-rights-year.com\/de\/wp-json\/wp\/v2\/tags?post=1578"}],"curies":[{"name":"wp","href":"https:\/\/api.w.org\/{rel}","templated":true}]}}