{"id":1566,"date":"2019-10-02T13:28:25","date_gmt":"2019-10-02T11:28:25","guid":{"rendered":"https:\/\/www.human-rights-year.com\/?p=1566"},"modified":"2019-10-03T13:42:51","modified_gmt":"2019-10-03T11:42:51","slug":"warum-wird-die-schule-des-oeffentlichen-verteidigers-benoetigt","status":"publish","type":"post","link":"https:\/\/www.human-rights-year.com\/de\/2019\/10\/02\/warum-wird-die-schule-des-oeffentlichen-verteidigers-benoetigt\/","title":{"rendered":"Warum wird die Schule des \u00f6ffentlichen Verteidigers ben\u00f6tigt?"},"content":{"rendered":"<p>Fast nach jeder Schule des \u00f6ffentlichen Verteidigers (S\u00f6V) erscheinen viele Kommentatoren im Internet, die S\u00f6V-Vortr\u00e4ge auf YouTube sehen m\u00f6chten.<br \/>\nUnd jeder scheint aufrichtig \u00fcberrascht zu sein, warum wir jedes Mal fest antworten: &#8222;Nein!&#8220;<\/p>\n<p>Und dieses \u201eNein\u201c hat mindestens drei Gr\u00fcnde, von denen jeder wichtiger ist als der vorherige.<\/p>\n<p>Der erste Grund ist im Allgemeinen &#8222;technisch&#8220;. Es ist allgemein bekannt, dass der Grad der Aneignung von Ideen und Informationen in der pers\u00f6nlichen interaktiven Kommunikation am h\u00f6chsten ist, beim Lesen von Texten etwas niedriger und beim Anschauen eines Films ziemlich gering. Au\u00dferdem w\u00fcrde solcher &#8222;Film&#8220; 40 Stunden dauern. Es ist kein Zufall, dass die Vollzeitausbildung h\u00f6her bewertet wird als die Fernausbildung. Dies w\u00e4re nicht schlimm, wenn es sich nicht um ein Thema handeln w\u00fcrde: Es gibt nicht viel \u00c4rger, wenn Sie sich im Video etwas \u00fcber das Erstellen von Pl\u00e4tzchen angesehen haben &#8211; im schlimmsten Fall schmecken die Pl\u00e4tzchen nicht. Aber etwas im Kurs \u00fcber den Schutz der Menschen vor Gericht zu verpassen, ist eine Katastrophe: Hier k\u00f6nnen L\u00fccken fatal sein.<\/p>\n<p>Der zweite Grund ist viel wichtiger: Der Unterricht bei der S\u00f6V ist auch die Kommunikation mit sehr klugen Leuten, die ihr Leben dem Schutz der Rechte aller gewidmet haben. Zus\u00e4tzlich zu Wissen und Informationen vermitteln unsere wundervollen Moderatoren den Zuh\u00f6rern einen Teil ihrer Energie, ihres Glaubens, der es ihnen erm\u00f6glicht, die Menschen, ihre Zweifel und Hoffnungen immer wieder zu sch\u00fctzen. Sie ziehen die Zuh\u00f6rer in einen besonderen Modus vivendi und einen besonderen Modus operandi, von Hand zu Hand teilen sie mit ihnen eine besondere, unglaublich verantwortungsvolle Sichtweise auf das Leben, auf das Handwerk (und manchmal auch auf die Kunst) des Verteidigers, auf seine Axiomatik: &#8222;Keinen Schaden anrichten&#8220; und &#8222;Dein Mandant hat immer recht, auch wenn er im Unrecht ist&#8220; &#8211; das alles wird nicht aus der Ferne weitergeleitet.<\/p>\n<p>Zum Schluss das Letzte &#8211; und das Wichtigste. Der Unterricht der Verteidigerschule findet im Sacharow-Zentrum in der Halle statt, in der die B\u00fcsten von Pjotr \u200b\u200bGrigorenko, Julij Daniel, Juri Galanskow, Petr Marchenko und Andrej Amalrik das Publikum betrachten. \u00dcber viele von ihnen wissen die Sch\u00fcler zu Beginn des Unterrichts nichts. Daher ist eine der wichtigsten Aktivit\u00e4ten der Schule eine F\u00fchrung durch das Museum des Sacharow-Zentrums. Dies ist &#8211; egal wie pathetisch es klingt &#8211; &#8222;Erziehung der Gef\u00fchle&#8220;. Dies ist eine Art Spiegel, vor dem jeder Zuh\u00f6rer steht &#8211; und gezwungen ist, \u201ein seinem Innersten zu suchen\u201c: bist du gut oder schlecht. Dies ist eine Einladung an alle, sich denen anzuschlie\u00dfen, f\u00fcr die die Rechte der einzelnen Personen zu keiner Zeit eine leere Phrase waren. Auch dies kann nicht aus der Ferne \u00fcbertragen werden.<\/p>\n<p>Deshalb antworten wir mit \u201eNein!\u201c Auf alle Angebote, eine Online-Version, eine Art S\u00f6V-light, zu erstellen, denn wir betrachten es als mehr als nur das Erlernen der Grundlagen des Verteidigerberufs.<\/p>\n<p>&nbsp;<\/p>\n<p><a href=\"https:\/\/www.facebook.com\/photo.php?fbid=2384212208363994&amp;set=a.299567043495198&amp;type=3&amp;theater\" target=\"_blank\" rel=\"noopener noreferrer\">Quelle \/ Illustration<\/a><\/p>\n","protected":false},"excerpt":{"rendered":"<p>Fast nach jeder Schule des \u00f6ffentlichen Verteidigers (S\u00f6V) erscheinen viele Kommentatoren im Internet, die S\u00f6V-Vortr\u00e4ge auf YouTube sehen m\u00f6chten. Und jeder scheint aufrichtig \u00fcberrascht zu<\/p>\n","protected":false},"author":13,"featured_media":1508,"comment_status":"closed","ping_status":"open","sticky":false,"template":"","format":"standard","meta":[],"categories":[18],"tags":[314,313],"yoast_head":"<!-- This site is optimized with the Yoast SEO plugin v19.4 - https:\/\/yoast.com\/wordpress\/plugins\/seo\/ -->\n<title>Warum wird die Schule des \u00f6ffentlichen Verteidigers ben\u00f6tigt? - Europ\u00e4ischer Menschenrechtsdialog<\/title>\n<meta name=\"description\" content=\"Fast nach jeder Schule des \u00f6ffentlichen Verteidigers (S\u00f6V) erscheinen viele Kommentatoren im Internet, die S\u00f6V-Vortr\u00e4ge auf YouTube sehen m\u00f6chten.Und jeder scheint aufrichtig \u00fcberrascht zu sein, warum wir jedes Mal fest antworten: &quot;Nein!&quot;\" \/>\n<meta name=\"robots\" content=\"index, follow, max-snippet:-1, max-image-preview:large, max-video-preview:-1\" \/>\n<link rel=\"canonical\" href=\"https:\/\/www.human-rights-year.com\/de\/2019\/10\/02\/warum-wird-die-schule-des-oeffentlichen-verteidigers-benoetigt\/\" \/>\n<meta property=\"og:locale\" content=\"de_DE\" \/>\n<meta property=\"og:type\" content=\"article\" \/>\n<meta property=\"og:title\" content=\"Warum wird die Schule des \u00f6ffentlichen Verteidigers ben\u00f6tigt? - Europ\u00e4ischer Menschenrechtsdialog\" \/>\n<meta property=\"og:description\" content=\"Fast nach jeder Schule des \u00f6ffentlichen Verteidigers (S\u00f6V) erscheinen viele Kommentatoren im Internet, die S\u00f6V-Vortr\u00e4ge auf YouTube sehen m\u00f6chten.Und jeder scheint aufrichtig \u00fcberrascht zu sein, warum wir jedes Mal fest antworten: &quot;Nein!&quot;\" \/>\n<meta property=\"og:url\" content=\"https:\/\/www.human-rights-year.com\/de\/2019\/10\/02\/warum-wird-die-schule-des-oeffentlichen-verteidigers-benoetigt\/\" \/>\n<meta property=\"og:site_name\" content=\"Europ\u00e4ischer Menschenrechtsdialog\" \/>\n<meta property=\"article:published_time\" content=\"2019-10-02T11:28:25+00:00\" \/>\n<meta property=\"article:modified_time\" content=\"2019-10-03T11:42:51+00:00\" \/>\n<meta property=\"og:image\" content=\"https:\/\/www.human-rights-year.com\/wp-content\/uploads\/2019\/10\/shoz.jpg\" \/>\n\t<meta property=\"og:image:width\" content=\"2048\" \/>\n\t<meta property=\"og:image:height\" content=\"1536\" \/>\n\t<meta property=\"og:image:type\" content=\"image\/jpeg\" \/>\n<meta name=\"author\" content=\"\u0421\u0435\u0440\u0433\u0435\u0439 \u0428\u0430\u0440\u043e\u0432-\u0414\u0435\u043b\u043e\u043d\u0435\" \/>\n<meta name=\"twitter:card\" content=\"summary_large_image\" \/>\n<meta name=\"twitter:label1\" content=\"Verfasst von\" \/>\n\t<meta name=\"twitter:data1\" content=\" Serge Sharov-Delaunay\" \/>\n\t<meta name=\"twitter:label2\" content=\"Gesch\u00e4tzte Lesezeit\" \/>\n\t<meta name=\"twitter:data2\" content=\"2\u00a0Minuten\" \/>\n<script type=\"application\/ld+json\" class=\"yoast-schema-graph\">{\"@context\":\"https:\/\/schema.org\",\"@graph\":[{\"@type\":\"WebSite\",\"@id\":\"https:\/\/www.human-rights-year.com\/#website\",\"url\":\"https:\/\/www.human-rights-year.com\/\",\"name\":\"\u0415\u0432\u0440\u043e\u043f\u0435\u0439\u0441\u043a\u0438\u0439 \u043f\u0440\u0430\u0432\u043e\u0437\u0430\u0449\u0438\u0442\u043d\u044b\u0439 \u0434\u0438\u0430\u043b\u043e\u0433\",\"description\":\" \",\"potentialAction\":[{\"@type\":\"SearchAction\",\"target\":{\"@type\":\"EntryPoint\",\"urlTemplate\":\"https:\/\/www.human-rights-year.com\/?s={search_term_string}\"},\"query-input\":\"required name=search_term_string\"}],\"inLanguage\":\"de\"},{\"@type\":\"WebPage\",\"@id\":\"https:\/\/www.human-rights-year.com\/de\/2019\/10\/02\/warum-wird-die-schule-des-oeffentlichen-verteidigers-benoetigt\/\",\"url\":\"https:\/\/www.human-rights-year.com\/de\/2019\/10\/02\/warum-wird-die-schule-des-oeffentlichen-verteidigers-benoetigt\/\",\"name\":\"Warum wird die Schule des \u00f6ffentlichen Verteidigers ben\u00f6tigt? - Europ\u00e4ischer Menschenrechtsdialog\",\"isPartOf\":{\"@id\":\"https:\/\/www.human-rights-year.com\/#website\"},\"datePublished\":\"2019-10-02T11:28:25+00:00\",\"dateModified\":\"2019-10-03T11:42:51+00:00\",\"author\":{\"@id\":\"https:\/\/www.human-rights-year.com\/#\/schema\/person\/05bcc57c571448f8d03dc828f3314b68\"},\"description\":\"Fast nach jeder Schule des \u00f6ffentlichen Verteidigers (S\u00f6V) erscheinen viele Kommentatoren im Internet, die S\u00f6V-Vortr\u00e4ge auf YouTube sehen m\u00f6chten.Und jeder scheint aufrichtig \u00fcberrascht zu sein, warum wir jedes Mal fest antworten: \\\"Nein!\\\"\",\"breadcrumb\":{\"@id\":\"https:\/\/www.human-rights-year.com\/de\/2019\/10\/02\/warum-wird-die-schule-des-oeffentlichen-verteidigers-benoetigt\/#breadcrumb\"},\"inLanguage\":\"de\",\"potentialAction\":[{\"@type\":\"ReadAction\",\"target\":[\"https:\/\/www.human-rights-year.com\/de\/2019\/10\/02\/warum-wird-die-schule-des-oeffentlichen-verteidigers-benoetigt\/\"]}]},{\"@type\":\"BreadcrumbList\",\"@id\":\"https:\/\/www.human-rights-year.com\/de\/2019\/10\/02\/warum-wird-die-schule-des-oeffentlichen-verteidigers-benoetigt\/#breadcrumb\",\"itemListElement\":[{\"@type\":\"ListItem\",\"position\":1,\"name\":\"\u0413\u043b\u0430\u0432\u043d\u0430\u044f \u0441\u0442\u0440\u0430\u043d\u0438\u0446\u0430\",\"item\":\"https:\/\/www.human-rights-year.com\/de\/\"},{\"@type\":\"ListItem\",\"position\":2,\"name\":\"Warum wird die Schule des \u00f6ffentlichen Verteidigers ben\u00f6tigt?\"}]},{\"@type\":\"Person\",\"@id\":\"https:\/\/www.human-rights-year.com\/#\/schema\/person\/05bcc57c571448f8d03dc828f3314b68\",\"name\":\"\u0421\u0435\u0440\u0433\u0435\u0439 \u0428\u0430\u0440\u043e\u0432-\u0414\u0435\u043b\u043e\u043d\u0435\",\"image\":{\"@type\":\"ImageObject\",\"inLanguage\":\"de\",\"@id\":\"https:\/\/www.human-rights-year.com\/#\/schema\/person\/image\/\",\"url\":\"https:\/\/secure.gravatar.com\/avatar\/aa969fc2e26a18476fb4a9b833876174?s=96&d=mm&r=g\",\"contentUrl\":\"https:\/\/secure.gravatar.com\/avatar\/aa969fc2e26a18476fb4a9b833876174?s=96&d=mm&r=g\",\"caption\":\"\u0421\u0435\u0440\u0433\u0435\u0439 \u0428\u0430\u0440\u043e\u0432-\u0414\u0435\u043b\u043e\u043d\u0435\"},\"description\":\"\u041f\u0440\u043e\u0435\u043a\u0442 \u0411\u043b\u0430\u0433\u043e\u0442\u0432\u043e\u0440\u0438\u0442\u0435\u043b\u044c\u043d\u043e\u0433\u043e \u0444\u043e\u043d\u0434\u0430 \u043f\u043e\u043c\u043e\u0449\u0438 \u043e\u0441\u0443\u0436\u0434\u0435\u043d\u043d\u044b\u043c \u0438 \u0438\u0445 \u0441\u0435\u043c\u044c\u044f\u043c \u00ab\u0420\u0443\u0441\u044c \u0441\u0438\u0434\u044f\u0449\u0430\u044f\u00bb\",\"url\":\"https:\/\/www.human-rights-year.com\/de\/author\/s-delaunay\/\"}]}<\/script>\n<!-- \/ Yoast SEO plugin. -->","yoast_head_json":{"title":"Warum wird die Schule des \u00f6ffentlichen Verteidigers ben\u00f6tigt? - Europ\u00e4ischer Menschenrechtsdialog","description":"Fast nach jeder Schule des \u00f6ffentlichen Verteidigers (S\u00f6V) erscheinen viele Kommentatoren im Internet, die S\u00f6V-Vortr\u00e4ge auf YouTube sehen m\u00f6chten.Und jeder scheint aufrichtig \u00fcberrascht zu sein, warum wir jedes Mal fest antworten: \"Nein!\"","robots":{"index":"index","follow":"follow","max-snippet":"max-snippet:-1","max-image-preview":"max-image-preview:large","max-video-preview":"max-video-preview:-1"},"canonical":"https:\/\/www.human-rights-year.com\/de\/2019\/10\/02\/warum-wird-die-schule-des-oeffentlichen-verteidigers-benoetigt\/","og_locale":"de_DE","og_type":"article","og_title":"Warum wird die Schule des \u00f6ffentlichen Verteidigers ben\u00f6tigt? - Europ\u00e4ischer Menschenrechtsdialog","og_description":"Fast nach jeder Schule des \u00f6ffentlichen Verteidigers (S\u00f6V) erscheinen viele Kommentatoren im Internet, die S\u00f6V-Vortr\u00e4ge auf YouTube sehen m\u00f6chten.Und jeder scheint aufrichtig \u00fcberrascht zu sein, warum wir jedes Mal fest antworten: \"Nein!\"","og_url":"https:\/\/www.human-rights-year.com\/de\/2019\/10\/02\/warum-wird-die-schule-des-oeffentlichen-verteidigers-benoetigt\/","og_site_name":"Europ\u00e4ischer Menschenrechtsdialog","article_published_time":"2019-10-02T11:28:25+00:00","article_modified_time":"2019-10-03T11:42:51+00:00","og_image":[{"width":2048,"height":1536,"url":"https:\/\/www.human-rights-year.com\/wp-content\/uploads\/2019\/10\/shoz.jpg","type":"image\/jpeg"}],"author":"\u0421\u0435\u0440\u0433\u0435\u0439 \u0428\u0430\u0440\u043e\u0432-\u0414\u0435\u043b\u043e\u043d\u0435","twitter_card":"summary_large_image","twitter_misc":{"Verfasst von":" Serge Sharov-Delaunay","Gesch\u00e4tzte Lesezeit":"2\u00a0Minuten"},"schema":{"@context":"https:\/\/schema.org","@graph":[{"@type":"WebSite","@id":"https:\/\/www.human-rights-year.com\/#website","url":"https:\/\/www.human-rights-year.com\/","name":"\u0415\u0432\u0440\u043e\u043f\u0435\u0439\u0441\u043a\u0438\u0439 \u043f\u0440\u0430\u0432\u043e\u0437\u0430\u0449\u0438\u0442\u043d\u044b\u0439 \u0434\u0438\u0430\u043b\u043e\u0433","description":" ","potentialAction":[{"@type":"SearchAction","target":{"@type":"EntryPoint","urlTemplate":"https:\/\/www.human-rights-year.com\/?s={search_term_string}"},"query-input":"required name=search_term_string"}],"inLanguage":"de"},{"@type":"WebPage","@id":"https:\/\/www.human-rights-year.com\/de\/2019\/10\/02\/warum-wird-die-schule-des-oeffentlichen-verteidigers-benoetigt\/","url":"https:\/\/www.human-rights-year.com\/de\/2019\/10\/02\/warum-wird-die-schule-des-oeffentlichen-verteidigers-benoetigt\/","name":"Warum wird die Schule des \u00f6ffentlichen Verteidigers ben\u00f6tigt? - Europ\u00e4ischer Menschenrechtsdialog","isPartOf":{"@id":"https:\/\/www.human-rights-year.com\/#website"},"datePublished":"2019-10-02T11:28:25+00:00","dateModified":"2019-10-03T11:42:51+00:00","author":{"@id":"https:\/\/www.human-rights-year.com\/#\/schema\/person\/05bcc57c571448f8d03dc828f3314b68"},"description":"Fast nach jeder Schule des \u00f6ffentlichen Verteidigers (S\u00f6V) erscheinen viele Kommentatoren im Internet, die S\u00f6V-Vortr\u00e4ge auf YouTube sehen m\u00f6chten.Und jeder scheint aufrichtig \u00fcberrascht zu sein, warum wir jedes Mal fest antworten: \"Nein!\"","breadcrumb":{"@id":"https:\/\/www.human-rights-year.com\/de\/2019\/10\/02\/warum-wird-die-schule-des-oeffentlichen-verteidigers-benoetigt\/#breadcrumb"},"inLanguage":"de","potentialAction":[{"@type":"ReadAction","target":["https:\/\/www.human-rights-year.com\/de\/2019\/10\/02\/warum-wird-die-schule-des-oeffentlichen-verteidigers-benoetigt\/"]}]},{"@type":"BreadcrumbList","@id":"https:\/\/www.human-rights-year.com\/de\/2019\/10\/02\/warum-wird-die-schule-des-oeffentlichen-verteidigers-benoetigt\/#breadcrumb","itemListElement":[{"@type":"ListItem","position":1,"name":"\u0413\u043b\u0430\u0432\u043d\u0430\u044f \u0441\u0442\u0440\u0430\u043d\u0438\u0446\u0430","item":"https:\/\/www.human-rights-year.com\/de\/"},{"@type":"ListItem","position":2,"name":"Warum wird die Schule des \u00f6ffentlichen Verteidigers ben\u00f6tigt?"}]},{"@type":"Person","@id":"https:\/\/www.human-rights-year.com\/#\/schema\/person\/05bcc57c571448f8d03dc828f3314b68","name":"\u0421\u0435\u0440\u0433\u0435\u0439 \u0428\u0430\u0440\u043e\u0432-\u0414\u0435\u043b\u043e\u043d\u0435","image":{"@type":"ImageObject","inLanguage":"de","@id":"https:\/\/www.human-rights-year.com\/#\/schema\/person\/image\/","url":"https:\/\/secure.gravatar.com\/avatar\/aa969fc2e26a18476fb4a9b833876174?s=96&d=mm&r=g","contentUrl":"https:\/\/secure.gravatar.com\/avatar\/aa969fc2e26a18476fb4a9b833876174?s=96&d=mm&r=g","caption":"\u0421\u0435\u0440\u0433\u0435\u0439 \u0428\u0430\u0440\u043e\u0432-\u0414\u0435\u043b\u043e\u043d\u0435"},"description":"\u041f\u0440\u043e\u0435\u043a\u0442 \u0411\u043b\u0430\u0433\u043e\u0442\u0432\u043e\u0440\u0438\u0442\u0435\u043b\u044c\u043d\u043e\u0433\u043e \u0444\u043e\u043d\u0434\u0430 \u043f\u043e\u043c\u043e\u0449\u0438 \u043e\u0441\u0443\u0436\u0434\u0435\u043d\u043d\u044b\u043c \u0438 \u0438\u0445 \u0441\u0435\u043c\u044c\u044f\u043c \u00ab\u0420\u0443\u0441\u044c \u0441\u0438\u0434\u044f\u0449\u0430\u044f\u00bb","url":"https:\/\/www.human-rights-year.com\/de\/author\/s-delaunay\/"}]}},"_links":{"self":[{"href":"https:\/\/www.human-rights-year.com\/de\/wp-json\/wp\/v2\/posts\/1566"}],"collection":[{"href":"https:\/\/www.human-rights-year.com\/de\/wp-json\/wp\/v2\/posts"}],"about":[{"href":"https:\/\/www.human-rights-year.com\/de\/wp-json\/wp\/v2\/types\/post"}],"author":[{"embeddable":true,"href":"https:\/\/www.human-rights-year.com\/de\/wp-json\/wp\/v2\/users\/13"}],"replies":[{"embeddable":true,"href":"https:\/\/www.human-rights-year.com\/de\/wp-json\/wp\/v2\/comments?post=1566"}],"version-history":[{"count":0,"href":"https:\/\/www.human-rights-year.com\/de\/wp-json\/wp\/v2\/posts\/1566\/revisions"}],"wp:featuredmedia":[{"embeddable":true,"href":"https:\/\/www.human-rights-year.com\/de\/wp-json\/wp\/v2\/media\/1508"}],"wp:attachment":[{"href":"https:\/\/www.human-rights-year.com\/de\/wp-json\/wp\/v2\/media?parent=1566"}],"wp:term":[{"taxonomy":"category","embeddable":true,"href":"https:\/\/www.human-rights-year.com\/de\/wp-json\/wp\/v2\/categories?post=1566"},{"taxonomy":"post_tag","embeddable":true,"href":"https:\/\/www.human-rights-year.com\/de\/wp-json\/wp\/v2\/tags?post=1566"}],"curies":[{"name":"wp","href":"https:\/\/api.w.org\/{rel}","templated":true}]}}