{"id":1563,"date":"2019-10-03T09:30:10","date_gmt":"2019-10-03T07:30:10","guid":{"rendered":"https:\/\/www.human-rights-year.com\/?p=1563"},"modified":"2019-10-03T12:38:54","modified_gmt":"2019-10-03T10:38:54","slug":"amazon-schreibt-einen-gesetzeskodex-der-die-gesichtserkennungstechnologie-regelt-die-in-verschiedenen-laendern-auf-kritik-gestossen-ist","status":"publish","type":"post","link":"https:\/\/www.human-rights-year.com\/de\/2019\/10\/03\/amazon-schreibt-einen-gesetzeskodex-der-die-gesichtserkennungstechnologie-regelt-die-in-verschiedenen-laendern-auf-kritik-gestossen-ist\/","title":{"rendered":"Amazon schreibt einen Gesetzeskodex, der die Gesichtserkennungstechnologie regelt, die in verschiedenen L\u00e4ndern auf Kritik gesto\u00dfen ist"},"content":{"rendered":"<p>Jeff Bezos, CEO von Amazon, berichtet, dass die Anw\u00e4lte des Unternehmens einen Gesetzeskodex schreiben, der die Gesichtserkennungstechnologie regeln wird, die in verschiedenen L\u00e4ndern schon auf eine Welle der Kritik gesto\u00dfen ist.<\/p>\n<p>Seine pers\u00f6nliche Meinung ist:<br \/>\n\u201eDiese [Gesichtserkennung] kann positive Konsequenzen haben, daher m\u00f6chten wir mit der Einf\u00fchrung der Technologie nicht nachlassen. Gleichzeitig besteht jedoch die M\u00f6glichkeit eines Missbrauchs, sodass die Regeln erforderlich sind. Dies ist die klassische Dual-Use-Technologie.&#8220;<\/p>\n<p>&nbsp;<\/p>\n<p><a href=\"https:\/\/roskomsvoboda.org\/50292\/?fbclid=IwAR0Jq6tlSPWT4v8HJ85WAUPy8biR0dhKt3P6v3FMVGe0AcYS0L1beDPHvvY\" target=\"_blank\" rel=\"noopener noreferrer\">Quelle<\/a><\/p>\n","protected":false},"excerpt":{"rendered":"<p>Jeff Bezos, CEO von Amazon, berichtet, dass die Anw\u00e4lte des Unternehmens einen Gesetzeskodex schreiben, der die Gesichtserkennungstechnologie regeln wird, die in verschiedenen L\u00e4ndern schon auf<\/p>\n","protected":false},"author":1,"featured_media":1517,"comment_status":"closed","ping_status":"open","sticky":false,"template":"","format":"standard","meta":[],"categories":[19,12],"tags":[312],"yoast_head":"<!-- This site is optimized with the Yoast SEO plugin v19.4 - https:\/\/yoast.com\/wordpress\/plugins\/seo\/ -->\n<title>Amazon schreibt einen Gesetzeskodex, der die Gesichtserkennungstechnologie regelt, die in verschiedenen L\u00e4ndern auf Kritik gesto\u00dfen ist - Europ\u00e4ischer Menschenrechtsdialog<\/title>\n<meta name=\"description\" content=\"Jeff Bezos, CEO von Amazon, berichtet, dass die Anw\u00e4lte des Unternehmens einen Gesetzeskodex schreiben, der die Gesichtserkennungstechnologie regeln wird, die in verschiedenen L\u00e4ndern schon auf eine Welle der Kritik gesto\u00dfen ist.\" \/>\n<meta name=\"robots\" content=\"index, follow, max-snippet:-1, max-image-preview:large, max-video-preview:-1\" \/>\n<link rel=\"canonical\" href=\"https:\/\/www.human-rights-year.com\/de\/2019\/10\/03\/amazon-schreibt-einen-gesetzeskodex-der-die-gesichtserkennungstechnologie-regelt-die-in-verschiedenen-laendern-auf-kritik-gestossen-ist\/\" \/>\n<meta property=\"og:locale\" content=\"de_DE\" \/>\n<meta property=\"og:type\" content=\"article\" \/>\n<meta property=\"og:title\" content=\"Amazon schreibt einen Gesetzeskodex, der die Gesichtserkennungstechnologie regelt, die in verschiedenen L\u00e4ndern auf Kritik gesto\u00dfen ist - Europ\u00e4ischer Menschenrechtsdialog\" \/>\n<meta property=\"og:description\" content=\"Jeff Bezos, CEO von Amazon, berichtet, dass die Anw\u00e4lte des Unternehmens einen Gesetzeskodex schreiben, der die Gesichtserkennungstechnologie regeln wird, die in verschiedenen L\u00e4ndern schon auf eine Welle der Kritik gesto\u00dfen ist.\" \/>\n<meta property=\"og:url\" content=\"https:\/\/www.human-rights-year.com\/de\/2019\/10\/03\/amazon-schreibt-einen-gesetzeskodex-der-die-gesichtserkennungstechnologie-regelt-die-in-verschiedenen-laendern-auf-kritik-gestossen-ist\/\" \/>\n<meta property=\"og:site_name\" content=\"Europ\u00e4ischer Menschenrechtsdialog\" \/>\n<meta property=\"article:published_time\" content=\"2019-10-03T07:30:10+00:00\" \/>\n<meta property=\"article:modified_time\" content=\"2019-10-03T10:38:54+00:00\" \/>\n<meta property=\"og:image\" content=\"https:\/\/www.human-rights-year.com\/wp-content\/uploads\/2019\/10\/photo_2019-10-02_13-36-05.jpg\" \/>\n\t<meta property=\"og:image:width\" content=\"760\" \/>\n\t<meta property=\"og:image:height\" content=\"410\" \/>\n\t<meta property=\"og:image:type\" content=\"image\/jpeg\" \/>\n<meta name=\"author\" content=\"Human Rights Year\" \/>\n<meta name=\"twitter:card\" content=\"summary_large_image\" \/>\n<meta name=\"twitter:label1\" content=\"Verfasst von\" \/>\n\t<meta name=\"twitter:data1\" content=\"Human Rights Year\" \/>\n<script type=\"application\/ld+json\" class=\"yoast-schema-graph\">{\"@context\":\"https:\/\/schema.org\",\"@graph\":[{\"@type\":\"WebSite\",\"@id\":\"https:\/\/www.human-rights-year.com\/#website\",\"url\":\"https:\/\/www.human-rights-year.com\/\",\"name\":\"\u0415\u0432\u0440\u043e\u043f\u0435\u0439\u0441\u043a\u0438\u0439 \u043f\u0440\u0430\u0432\u043e\u0437\u0430\u0449\u0438\u0442\u043d\u044b\u0439 \u0434\u0438\u0430\u043b\u043e\u0433\",\"description\":\" \",\"potentialAction\":[{\"@type\":\"SearchAction\",\"target\":{\"@type\":\"EntryPoint\",\"urlTemplate\":\"https:\/\/www.human-rights-year.com\/?s={search_term_string}\"},\"query-input\":\"required name=search_term_string\"}],\"inLanguage\":\"de\"},{\"@type\":\"WebPage\",\"@id\":\"https:\/\/www.human-rights-year.com\/de\/2019\/10\/03\/amazon-schreibt-einen-gesetzeskodex-der-die-gesichtserkennungstechnologie-regelt-die-in-verschiedenen-laendern-auf-kritik-gestossen-ist\/\",\"url\":\"https:\/\/www.human-rights-year.com\/de\/2019\/10\/03\/amazon-schreibt-einen-gesetzeskodex-der-die-gesichtserkennungstechnologie-regelt-die-in-verschiedenen-laendern-auf-kritik-gestossen-ist\/\",\"name\":\"Amazon schreibt einen Gesetzeskodex, der die Gesichtserkennungstechnologie regelt, die in verschiedenen L\u00e4ndern auf Kritik gesto\u00dfen ist - Europ\u00e4ischer Menschenrechtsdialog\",\"isPartOf\":{\"@id\":\"https:\/\/www.human-rights-year.com\/#website\"},\"datePublished\":\"2019-10-03T07:30:10+00:00\",\"dateModified\":\"2019-10-03T10:38:54+00:00\",\"author\":{\"@id\":\"https:\/\/www.human-rights-year.com\/#\/schema\/person\/54d85daa1545786aba6f5320df79bb4c\"},\"description\":\"Jeff Bezos, CEO von Amazon, berichtet, dass die Anw\u00e4lte des Unternehmens einen Gesetzeskodex schreiben, der die Gesichtserkennungstechnologie regeln wird, die in verschiedenen L\u00e4ndern schon auf eine Welle der Kritik gesto\u00dfen ist.\",\"breadcrumb\":{\"@id\":\"https:\/\/www.human-rights-year.com\/de\/2019\/10\/03\/amazon-schreibt-einen-gesetzeskodex-der-die-gesichtserkennungstechnologie-regelt-die-in-verschiedenen-laendern-auf-kritik-gestossen-ist\/#breadcrumb\"},\"inLanguage\":\"de\",\"potentialAction\":[{\"@type\":\"ReadAction\",\"target\":[\"https:\/\/www.human-rights-year.com\/de\/2019\/10\/03\/amazon-schreibt-einen-gesetzeskodex-der-die-gesichtserkennungstechnologie-regelt-die-in-verschiedenen-laendern-auf-kritik-gestossen-ist\/\"]}]},{\"@type\":\"BreadcrumbList\",\"@id\":\"https:\/\/www.human-rights-year.com\/de\/2019\/10\/03\/amazon-schreibt-einen-gesetzeskodex-der-die-gesichtserkennungstechnologie-regelt-die-in-verschiedenen-laendern-auf-kritik-gestossen-ist\/#breadcrumb\",\"itemListElement\":[{\"@type\":\"ListItem\",\"position\":1,\"name\":\"\u0413\u043b\u0430\u0432\u043d\u0430\u044f \u0441\u0442\u0440\u0430\u043d\u0438\u0446\u0430\",\"item\":\"https:\/\/www.human-rights-year.com\/de\/\"},{\"@type\":\"ListItem\",\"position\":2,\"name\":\"Amazon schreibt einen Gesetzeskodex, der die Gesichtserkennungstechnologie regelt, die in verschiedenen L\u00e4ndern auf Kritik gesto\u00dfen ist\"}]},{\"@type\":\"Person\",\"@id\":\"https:\/\/www.human-rights-year.com\/#\/schema\/person\/54d85daa1545786aba6f5320df79bb4c\",\"name\":\"Human Rights Year\",\"image\":{\"@type\":\"ImageObject\",\"inLanguage\":\"de\",\"@id\":\"https:\/\/www.human-rights-year.com\/#\/schema\/person\/image\/\",\"url\":\"https:\/\/secure.gravatar.com\/avatar\/685b0e722b7b569d9169f933abfd5f26?s=96&d=mm&r=g\",\"contentUrl\":\"https:\/\/secure.gravatar.com\/avatar\/685b0e722b7b569d9169f933abfd5f26?s=96&d=mm&r=g\",\"caption\":\"Human Rights Year\"},\"description\":\"\u041d\u0435\u043c\u0435\u0446\u043a\u043e - \u0440\u043e\u0441\u0441\u0438\u0439\u0441\u043a\u0438\u0439 \u0433\u043e\u0434 \u043f\u0440\u0430\u0432 \u0447\u0435\u043b\u043e\u0432\u0435\u043a\u0430 \u041f\u0440\u043e\u0435\u043a\u0442 \u0438\u043d\u0444\u043e\u0440\u043c\u0438\u0440\u0443\u0435\u0442 \u043d\u0435\u043c\u0435\u0446\u043a\u043e\u0435 \u043e\u0431\u0449\u0435\u0441\u0442\u0432\u043e,\u00a0 \u0432 \u0442\u043e\u043c \u0447\u0438\u0441\u043b\u0435 \u0435\u0433\u043e \u0440\u0443\u0441\u0441\u043a\u043e\u044f\u0437\u044b\u0447\u043d\u0443\u044e \u0447\u0430\u0441\u0442\u044c, \u043e \u0441\u0438\u0442\u0443\u0430\u0446\u0438\u0438 \u0441 \u0441\u043e\u0431\u043b\u044e\u0434\u0435\u043d\u0438\u0435\u043c \u043f\u0440\u0430\u0432 \u0447\u0435\u043b\u043e\u0432\u0435\u043a\u0430 \u0432 \u0420\u043e\u0441\u0441\u0438\u0438; \u0430 \u0440\u043e\u0441\u0441\u0438\u044f\u043d - \u043e \u0441\u0438\u0442\u0443\u0430\u0446\u0438\u0438 \u0432 \u044d\u0442\u043e\u0439 \u043e\u0431\u043b\u0430\u0441\u0442\u0438 \u0432 \u0413\u0435\u0440\u043c\u0430\u043d\u0438\u0438. \u0420\u0435\u0430\u043b\u0438\u0437\u0443\u0435\u0442\u0441\u044f \u043f\u0440\u0438 \u0443\u0447\u0430\u0441\u0442\u0438\u0438 \u0440\u043e\u0441\u0441\u0438\u0439\u0441\u043a\u043e\u0433\u043e \u043f\u0440\u0430\u0432\u043e\u0437\u0430\u0449\u0438\u0442\u043d\u043e\u0433\u043e \u0446\u0435\u043d\u0442\u0440\u0430 \u201c\u041c\u0435\u043c\u043e\u0440\u0438\u0430\u043b\u201d \u0438 \u0424\u043e\u0440\u0443\u043c\u0430 \u0440\u0443\u0441\u0441\u043a\u043e\u044f\u0437\u044b\u0447\u043d\u044b\u0445 \u0435\u0432\u0440\u043e\u043f\u0435\u0439\u0446\u0435\u0432, \u0430 \u0442\u0430\u043a\u0436\u0435 \u043f\u0440\u0438 \u043f\u043e\u0434\u0434\u0435\u0440\u0436\u043a\u0435 \u0433\u0435\u0440\u043c\u0430\u043d\u0441\u043a\u043e\u0433\u043e \u041c\u0418\u0414\u0430.\",\"sameAs\":[\"https:\/\/www.human-rights-year.com\"],\"url\":\"https:\/\/www.human-rights-year.com\/de\/author\/humanrightsyear\/\"}]}<\/script>\n<!-- \/ Yoast SEO plugin. -->","yoast_head_json":{"title":"Amazon schreibt einen Gesetzeskodex, der die Gesichtserkennungstechnologie regelt, die in verschiedenen L\u00e4ndern auf Kritik gesto\u00dfen ist - Europ\u00e4ischer Menschenrechtsdialog","description":"Jeff Bezos, CEO von Amazon, berichtet, dass die Anw\u00e4lte des Unternehmens einen Gesetzeskodex schreiben, der die Gesichtserkennungstechnologie regeln wird, die in verschiedenen L\u00e4ndern schon auf eine Welle der Kritik gesto\u00dfen ist.","robots":{"index":"index","follow":"follow","max-snippet":"max-snippet:-1","max-image-preview":"max-image-preview:large","max-video-preview":"max-video-preview:-1"},"canonical":"https:\/\/www.human-rights-year.com\/de\/2019\/10\/03\/amazon-schreibt-einen-gesetzeskodex-der-die-gesichtserkennungstechnologie-regelt-die-in-verschiedenen-laendern-auf-kritik-gestossen-ist\/","og_locale":"de_DE","og_type":"article","og_title":"Amazon schreibt einen Gesetzeskodex, der die Gesichtserkennungstechnologie regelt, die in verschiedenen L\u00e4ndern auf Kritik gesto\u00dfen ist - Europ\u00e4ischer Menschenrechtsdialog","og_description":"Jeff Bezos, CEO von Amazon, berichtet, dass die Anw\u00e4lte des Unternehmens einen Gesetzeskodex schreiben, der die Gesichtserkennungstechnologie regeln wird, die in verschiedenen L\u00e4ndern schon auf eine Welle der Kritik gesto\u00dfen ist.","og_url":"https:\/\/www.human-rights-year.com\/de\/2019\/10\/03\/amazon-schreibt-einen-gesetzeskodex-der-die-gesichtserkennungstechnologie-regelt-die-in-verschiedenen-laendern-auf-kritik-gestossen-ist\/","og_site_name":"Europ\u00e4ischer Menschenrechtsdialog","article_published_time":"2019-10-03T07:30:10+00:00","article_modified_time":"2019-10-03T10:38:54+00:00","og_image":[{"width":760,"height":410,"url":"https:\/\/www.human-rights-year.com\/wp-content\/uploads\/2019\/10\/photo_2019-10-02_13-36-05.jpg","type":"image\/jpeg"}],"author":"Human Rights Year","twitter_card":"summary_large_image","twitter_misc":{"Verfasst von":"Human Rights Year"},"schema":{"@context":"https:\/\/schema.org","@graph":[{"@type":"WebSite","@id":"https:\/\/www.human-rights-year.com\/#website","url":"https:\/\/www.human-rights-year.com\/","name":"\u0415\u0432\u0440\u043e\u043f\u0435\u0439\u0441\u043a\u0438\u0439 \u043f\u0440\u0430\u0432\u043e\u0437\u0430\u0449\u0438\u0442\u043d\u044b\u0439 \u0434\u0438\u0430\u043b\u043e\u0433","description":" ","potentialAction":[{"@type":"SearchAction","target":{"@type":"EntryPoint","urlTemplate":"https:\/\/www.human-rights-year.com\/?s={search_term_string}"},"query-input":"required name=search_term_string"}],"inLanguage":"de"},{"@type":"WebPage","@id":"https:\/\/www.human-rights-year.com\/de\/2019\/10\/03\/amazon-schreibt-einen-gesetzeskodex-der-die-gesichtserkennungstechnologie-regelt-die-in-verschiedenen-laendern-auf-kritik-gestossen-ist\/","url":"https:\/\/www.human-rights-year.com\/de\/2019\/10\/03\/amazon-schreibt-einen-gesetzeskodex-der-die-gesichtserkennungstechnologie-regelt-die-in-verschiedenen-laendern-auf-kritik-gestossen-ist\/","name":"Amazon schreibt einen Gesetzeskodex, der die Gesichtserkennungstechnologie regelt, die in verschiedenen L\u00e4ndern auf Kritik gesto\u00dfen ist - Europ\u00e4ischer Menschenrechtsdialog","isPartOf":{"@id":"https:\/\/www.human-rights-year.com\/#website"},"datePublished":"2019-10-03T07:30:10+00:00","dateModified":"2019-10-03T10:38:54+00:00","author":{"@id":"https:\/\/www.human-rights-year.com\/#\/schema\/person\/54d85daa1545786aba6f5320df79bb4c"},"description":"Jeff Bezos, CEO von Amazon, berichtet, dass die Anw\u00e4lte des Unternehmens einen Gesetzeskodex schreiben, der die Gesichtserkennungstechnologie regeln wird, die in verschiedenen L\u00e4ndern schon auf eine Welle der Kritik gesto\u00dfen ist.","breadcrumb":{"@id":"https:\/\/www.human-rights-year.com\/de\/2019\/10\/03\/amazon-schreibt-einen-gesetzeskodex-der-die-gesichtserkennungstechnologie-regelt-die-in-verschiedenen-laendern-auf-kritik-gestossen-ist\/#breadcrumb"},"inLanguage":"de","potentialAction":[{"@type":"ReadAction","target":["https:\/\/www.human-rights-year.com\/de\/2019\/10\/03\/amazon-schreibt-einen-gesetzeskodex-der-die-gesichtserkennungstechnologie-regelt-die-in-verschiedenen-laendern-auf-kritik-gestossen-ist\/"]}]},{"@type":"BreadcrumbList","@id":"https:\/\/www.human-rights-year.com\/de\/2019\/10\/03\/amazon-schreibt-einen-gesetzeskodex-der-die-gesichtserkennungstechnologie-regelt-die-in-verschiedenen-laendern-auf-kritik-gestossen-ist\/#breadcrumb","itemListElement":[{"@type":"ListItem","position":1,"name":"\u0413\u043b\u0430\u0432\u043d\u0430\u044f \u0441\u0442\u0440\u0430\u043d\u0438\u0446\u0430","item":"https:\/\/www.human-rights-year.com\/de\/"},{"@type":"ListItem","position":2,"name":"Amazon schreibt einen Gesetzeskodex, der die Gesichtserkennungstechnologie regelt, die in verschiedenen L\u00e4ndern auf Kritik gesto\u00dfen ist"}]},{"@type":"Person","@id":"https:\/\/www.human-rights-year.com\/#\/schema\/person\/54d85daa1545786aba6f5320df79bb4c","name":"Human Rights Year","image":{"@type":"ImageObject","inLanguage":"de","@id":"https:\/\/www.human-rights-year.com\/#\/schema\/person\/image\/","url":"https:\/\/secure.gravatar.com\/avatar\/685b0e722b7b569d9169f933abfd5f26?s=96&d=mm&r=g","contentUrl":"https:\/\/secure.gravatar.com\/avatar\/685b0e722b7b569d9169f933abfd5f26?s=96&d=mm&r=g","caption":"Human Rights Year"},"description":"\u041d\u0435\u043c\u0435\u0446\u043a\u043e - \u0440\u043e\u0441\u0441\u0438\u0439\u0441\u043a\u0438\u0439 \u0433\u043e\u0434 \u043f\u0440\u0430\u0432 \u0447\u0435\u043b\u043e\u0432\u0435\u043a\u0430 \u041f\u0440\u043e\u0435\u043a\u0442 \u0438\u043d\u0444\u043e\u0440\u043c\u0438\u0440\u0443\u0435\u0442 \u043d\u0435\u043c\u0435\u0446\u043a\u043e\u0435 \u043e\u0431\u0449\u0435\u0441\u0442\u0432\u043e,\u00a0 \u0432 \u0442\u043e\u043c \u0447\u0438\u0441\u043b\u0435 \u0435\u0433\u043e \u0440\u0443\u0441\u0441\u043a\u043e\u044f\u0437\u044b\u0447\u043d\u0443\u044e \u0447\u0430\u0441\u0442\u044c, \u043e \u0441\u0438\u0442\u0443\u0430\u0446\u0438\u0438 \u0441 \u0441\u043e\u0431\u043b\u044e\u0434\u0435\u043d\u0438\u0435\u043c \u043f\u0440\u0430\u0432 \u0447\u0435\u043b\u043e\u0432\u0435\u043a\u0430 \u0432 \u0420\u043e\u0441\u0441\u0438\u0438; \u0430 \u0440\u043e\u0441\u0441\u0438\u044f\u043d - \u043e \u0441\u0438\u0442\u0443\u0430\u0446\u0438\u0438 \u0432 \u044d\u0442\u043e\u0439 \u043e\u0431\u043b\u0430\u0441\u0442\u0438 \u0432 \u0413\u0435\u0440\u043c\u0430\u043d\u0438\u0438. \u0420\u0435\u0430\u043b\u0438\u0437\u0443\u0435\u0442\u0441\u044f \u043f\u0440\u0438 \u0443\u0447\u0430\u0441\u0442\u0438\u0438 \u0440\u043e\u0441\u0441\u0438\u0439\u0441\u043a\u043e\u0433\u043e \u043f\u0440\u0430\u0432\u043e\u0437\u0430\u0449\u0438\u0442\u043d\u043e\u0433\u043e \u0446\u0435\u043d\u0442\u0440\u0430 \u201c\u041c\u0435\u043c\u043e\u0440\u0438\u0430\u043b\u201d \u0438 \u0424\u043e\u0440\u0443\u043c\u0430 \u0440\u0443\u0441\u0441\u043a\u043e\u044f\u0437\u044b\u0447\u043d\u044b\u0445 \u0435\u0432\u0440\u043e\u043f\u0435\u0439\u0446\u0435\u0432, \u0430 \u0442\u0430\u043a\u0436\u0435 \u043f\u0440\u0438 \u043f\u043e\u0434\u0434\u0435\u0440\u0436\u043a\u0435 \u0433\u0435\u0440\u043c\u0430\u043d\u0441\u043a\u043e\u0433\u043e \u041c\u0418\u0414\u0430.","sameAs":["https:\/\/www.human-rights-year.com"],"url":"https:\/\/www.human-rights-year.com\/de\/author\/humanrightsyear\/"}]}},"_links":{"self":[{"href":"https:\/\/www.human-rights-year.com\/de\/wp-json\/wp\/v2\/posts\/1563"}],"collection":[{"href":"https:\/\/www.human-rights-year.com\/de\/wp-json\/wp\/v2\/posts"}],"about":[{"href":"https:\/\/www.human-rights-year.com\/de\/wp-json\/wp\/v2\/types\/post"}],"author":[{"embeddable":true,"href":"https:\/\/www.human-rights-year.com\/de\/wp-json\/wp\/v2\/users\/1"}],"replies":[{"embeddable":true,"href":"https:\/\/www.human-rights-year.com\/de\/wp-json\/wp\/v2\/comments?post=1563"}],"version-history":[{"count":0,"href":"https:\/\/www.human-rights-year.com\/de\/wp-json\/wp\/v2\/posts\/1563\/revisions"}],"wp:featuredmedia":[{"embeddable":true,"href":"https:\/\/www.human-rights-year.com\/de\/wp-json\/wp\/v2\/media\/1517"}],"wp:attachment":[{"href":"https:\/\/www.human-rights-year.com\/de\/wp-json\/wp\/v2\/media?parent=1563"}],"wp:term":[{"taxonomy":"category","embeddable":true,"href":"https:\/\/www.human-rights-year.com\/de\/wp-json\/wp\/v2\/categories?post=1563"},{"taxonomy":"post_tag","embeddable":true,"href":"https:\/\/www.human-rights-year.com\/de\/wp-json\/wp\/v2\/tags?post=1563"}],"curies":[{"name":"wp","href":"https:\/\/api.w.org\/{rel}","templated":true}]}}