{"id":1428,"date":"2019-09-26T11:44:27","date_gmt":"2019-09-26T09:44:27","guid":{"rendered":"https:\/\/www.human-rights-year.com\/?p=1428"},"modified":"2019-10-03T13:54:13","modified_gmt":"2019-10-03T11:54:13","slug":"die-ueberpruefung-des-urteils-im-fall-von-pavel-ustinov-wurde-auf-den-30-september-verschoben","status":"publish","type":"post","link":"https:\/\/www.human-rights-year.com\/de\/2019\/09\/26\/die-ueberpruefung-des-urteils-im-fall-von-pavel-ustinov-wurde-auf-den-30-september-verschoben\/","title":{"rendered":"Die \u00dcberpr\u00fcfung des Urteils im Fall von Pavel Ustinov wurde auf den 30. September verschoben"},"content":{"rendered":"<p>Das Moskauer Stadtgericht hat mit der Pr\u00fcfung der Berufung gegen Urteil gegen den Schauspieler Pavel Ustinov begonnen. Er wurde f\u00fcr schuldig befunden, am 3. August lebensbedrohliche Gewalt gegen den Nationalgardisten (Teil 2 von Artikel 318 des Strafgesetzbuchs) angewendet zu haben, und zu 3,5 Jahren Gef\u00e4ngnis verurteilt. Das Gericht hat aber die Videoaufzeichnung von Ustinovs Inhaftierung nicht bewertet, auf dem es zu sehen ist, dass er sich nicht widersetzt und die Sicherheitskr\u00e4fte nicht schl\u00e4gt.<\/p>\n<p>Nach dem Urteil begann eine \u00f6ffentliche Kampagne zur Unterst\u00fctzung von Ustinov, und die Staatsanwaltschaft legte Berufung gegen das Urteil ein. Vor der Berufung wurde der Schauspieler aus der Untersuchungshaftanstalt entlassen.<\/p>\n<p>Die Verteidigung hat heute beantragt, dass das Gericht sich das Video von der Inhaftierung anschaut, woraufhin die Sitzung auf den 30. September verschoben wurde.<\/p>\n<p><a href=\"https:\/\/zona.media\/online\/2019\/09\/26\/ustinov-appeal?fbclid=IwAR2VW_ePj5HHN0UmSTqgT2pL8G59xfRr5g5OyoiJGMzRrCM3nughknz9y50\" target=\"_blank\" rel=\"noopener noreferrer\">Quelle<\/a><br \/>\n<a href=\"https:\/\/www.instagram.com\/p\/ByivHvdCWNG\/\" target=\"_blank\" rel=\"noopener noreferrer\">Foto<\/a><\/p>\n","protected":false},"excerpt":{"rendered":"<p>Das Moskauer Stadtgericht hat mit der Pr\u00fcfung der Berufung gegen Urteil gegen den Schauspieler Pavel Ustinov begonnen. Er wurde f\u00fcr schuldig befunden, am 3. August<\/p>\n","protected":false},"author":1,"featured_media":1427,"comment_status":"closed","ping_status":"open","sticky":false,"template":"","format":"standard","meta":[],"categories":[20,12],"tags":[],"yoast_head":"<!-- This site is optimized with the Yoast SEO plugin v19.4 - https:\/\/yoast.com\/wordpress\/plugins\/seo\/ -->\n<title>Die \u00dcberpr\u00fcfung des Urteils im Fall von Pavel Ustinov wurde auf den 30. September verschoben - Europ\u00e4ischer Menschenrechtsdialog<\/title>\n<meta name=\"description\" content=\"Die Verteidigung hat heute beantragt, dass das Gericht sich das Video von der Inhaftierung anschaut, woraufhin die Sitzung auf den 30. September verschoben wurde.\" \/>\n<meta name=\"robots\" content=\"index, follow, max-snippet:-1, max-image-preview:large, max-video-preview:-1\" \/>\n<link rel=\"canonical\" href=\"https:\/\/www.human-rights-year.com\/de\/2019\/09\/26\/die-ueberpruefung-des-urteils-im-fall-von-pavel-ustinov-wurde-auf-den-30-september-verschoben\/\" \/>\n<meta property=\"og:locale\" content=\"de_DE\" \/>\n<meta property=\"og:type\" content=\"article\" \/>\n<meta property=\"og:title\" content=\"Die \u00dcberpr\u00fcfung des Urteils im Fall von Pavel Ustinov wurde auf den 30. September verschoben - Europ\u00e4ischer Menschenrechtsdialog\" \/>\n<meta property=\"og:description\" content=\"Die Verteidigung hat heute beantragt, dass das Gericht sich das Video von der Inhaftierung anschaut, woraufhin die Sitzung auf den 30. September verschoben wurde.\" \/>\n<meta property=\"og:url\" content=\"https:\/\/www.human-rights-year.com\/de\/2019\/09\/26\/die-ueberpruefung-des-urteils-im-fall-von-pavel-ustinov-wurde-auf-den-30-september-verschoben\/\" \/>\n<meta property=\"og:site_name\" content=\"Europ\u00e4ischer Menschenrechtsdialog\" \/>\n<meta property=\"article:published_time\" content=\"2019-09-26T09:44:27+00:00\" \/>\n<meta property=\"article:modified_time\" content=\"2019-10-03T11:54:13+00:00\" \/>\n<meta property=\"og:image\" content=\"https:\/\/www.human-rights-year.com\/wp-content\/uploads\/2019\/09\/ustinov.jpg\" \/>\n\t<meta property=\"og:image:width\" content=\"957\" \/>\n\t<meta property=\"og:image:height\" content=\"693\" \/>\n\t<meta property=\"og:image:type\" content=\"image\/jpeg\" \/>\n<meta name=\"author\" content=\"Human Rights Year\" \/>\n<meta name=\"twitter:card\" content=\"summary_large_image\" \/>\n<meta name=\"twitter:label1\" content=\"Verfasst von\" \/>\n\t<meta name=\"twitter:data1\" content=\"Human Rights Year\" \/>\n\t<meta name=\"twitter:label2\" content=\"Gesch\u00e4tzte Lesezeit\" \/>\n\t<meta name=\"twitter:data2\" content=\"1\u00a0Minute\" \/>\n<script type=\"application\/ld+json\" class=\"yoast-schema-graph\">{\"@context\":\"https:\/\/schema.org\",\"@graph\":[{\"@type\":\"WebSite\",\"@id\":\"https:\/\/www.human-rights-year.com\/#website\",\"url\":\"https:\/\/www.human-rights-year.com\/\",\"name\":\"\u0415\u0432\u0440\u043e\u043f\u0435\u0439\u0441\u043a\u0438\u0439 \u043f\u0440\u0430\u0432\u043e\u0437\u0430\u0449\u0438\u0442\u043d\u044b\u0439 \u0434\u0438\u0430\u043b\u043e\u0433\",\"description\":\" \",\"potentialAction\":[{\"@type\":\"SearchAction\",\"target\":{\"@type\":\"EntryPoint\",\"urlTemplate\":\"https:\/\/www.human-rights-year.com\/?s={search_term_string}\"},\"query-input\":\"required name=search_term_string\"}],\"inLanguage\":\"de\"},{\"@type\":\"WebPage\",\"@id\":\"https:\/\/www.human-rights-year.com\/de\/2019\/09\/26\/die-ueberpruefung-des-urteils-im-fall-von-pavel-ustinov-wurde-auf-den-30-september-verschoben\/\",\"url\":\"https:\/\/www.human-rights-year.com\/de\/2019\/09\/26\/die-ueberpruefung-des-urteils-im-fall-von-pavel-ustinov-wurde-auf-den-30-september-verschoben\/\",\"name\":\"Die \u00dcberpr\u00fcfung des Urteils im Fall von Pavel Ustinov wurde auf den 30. September verschoben - Europ\u00e4ischer Menschenrechtsdialog\",\"isPartOf\":{\"@id\":\"https:\/\/www.human-rights-year.com\/#website\"},\"datePublished\":\"2019-09-26T09:44:27+00:00\",\"dateModified\":\"2019-10-03T11:54:13+00:00\",\"author\":{\"@id\":\"https:\/\/www.human-rights-year.com\/#\/schema\/person\/54d85daa1545786aba6f5320df79bb4c\"},\"description\":\"Die Verteidigung hat heute beantragt, dass das Gericht sich das Video von der Inhaftierung anschaut, woraufhin die Sitzung auf den 30. September verschoben wurde.\",\"breadcrumb\":{\"@id\":\"https:\/\/www.human-rights-year.com\/de\/2019\/09\/26\/die-ueberpruefung-des-urteils-im-fall-von-pavel-ustinov-wurde-auf-den-30-september-verschoben\/#breadcrumb\"},\"inLanguage\":\"de\",\"potentialAction\":[{\"@type\":\"ReadAction\",\"target\":[\"https:\/\/www.human-rights-year.com\/de\/2019\/09\/26\/die-ueberpruefung-des-urteils-im-fall-von-pavel-ustinov-wurde-auf-den-30-september-verschoben\/\"]}]},{\"@type\":\"BreadcrumbList\",\"@id\":\"https:\/\/www.human-rights-year.com\/de\/2019\/09\/26\/die-ueberpruefung-des-urteils-im-fall-von-pavel-ustinov-wurde-auf-den-30-september-verschoben\/#breadcrumb\",\"itemListElement\":[{\"@type\":\"ListItem\",\"position\":1,\"name\":\"\u0413\u043b\u0430\u0432\u043d\u0430\u044f \u0441\u0442\u0440\u0430\u043d\u0438\u0446\u0430\",\"item\":\"https:\/\/www.human-rights-year.com\/de\/\"},{\"@type\":\"ListItem\",\"position\":2,\"name\":\"Die \u00dcberpr\u00fcfung des Urteils im Fall von Pavel Ustinov wurde auf den 30. September verschoben\"}]},{\"@type\":\"Person\",\"@id\":\"https:\/\/www.human-rights-year.com\/#\/schema\/person\/54d85daa1545786aba6f5320df79bb4c\",\"name\":\"Human Rights Year\",\"image\":{\"@type\":\"ImageObject\",\"inLanguage\":\"de\",\"@id\":\"https:\/\/www.human-rights-year.com\/#\/schema\/person\/image\/\",\"url\":\"https:\/\/secure.gravatar.com\/avatar\/685b0e722b7b569d9169f933abfd5f26?s=96&d=mm&r=g\",\"contentUrl\":\"https:\/\/secure.gravatar.com\/avatar\/685b0e722b7b569d9169f933abfd5f26?s=96&d=mm&r=g\",\"caption\":\"Human Rights Year\"},\"description\":\"\u041d\u0435\u043c\u0435\u0446\u043a\u043e - \u0440\u043e\u0441\u0441\u0438\u0439\u0441\u043a\u0438\u0439 \u0433\u043e\u0434 \u043f\u0440\u0430\u0432 \u0447\u0435\u043b\u043e\u0432\u0435\u043a\u0430 \u041f\u0440\u043e\u0435\u043a\u0442 \u0438\u043d\u0444\u043e\u0440\u043c\u0438\u0440\u0443\u0435\u0442 \u043d\u0435\u043c\u0435\u0446\u043a\u043e\u0435 \u043e\u0431\u0449\u0435\u0441\u0442\u0432\u043e,\u00a0 \u0432 \u0442\u043e\u043c \u0447\u0438\u0441\u043b\u0435 \u0435\u0433\u043e \u0440\u0443\u0441\u0441\u043a\u043e\u044f\u0437\u044b\u0447\u043d\u0443\u044e \u0447\u0430\u0441\u0442\u044c, \u043e \u0441\u0438\u0442\u0443\u0430\u0446\u0438\u0438 \u0441 \u0441\u043e\u0431\u043b\u044e\u0434\u0435\u043d\u0438\u0435\u043c \u043f\u0440\u0430\u0432 \u0447\u0435\u043b\u043e\u0432\u0435\u043a\u0430 \u0432 \u0420\u043e\u0441\u0441\u0438\u0438; \u0430 \u0440\u043e\u0441\u0441\u0438\u044f\u043d - \u043e \u0441\u0438\u0442\u0443\u0430\u0446\u0438\u0438 \u0432 \u044d\u0442\u043e\u0439 \u043e\u0431\u043b\u0430\u0441\u0442\u0438 \u0432 \u0413\u0435\u0440\u043c\u0430\u043d\u0438\u0438. \u0420\u0435\u0430\u043b\u0438\u0437\u0443\u0435\u0442\u0441\u044f \u043f\u0440\u0438 \u0443\u0447\u0430\u0441\u0442\u0438\u0438 \u0440\u043e\u0441\u0441\u0438\u0439\u0441\u043a\u043e\u0433\u043e \u043f\u0440\u0430\u0432\u043e\u0437\u0430\u0449\u0438\u0442\u043d\u043e\u0433\u043e \u0446\u0435\u043d\u0442\u0440\u0430 \u201c\u041c\u0435\u043c\u043e\u0440\u0438\u0430\u043b\u201d \u0438 \u0424\u043e\u0440\u0443\u043c\u0430 \u0440\u0443\u0441\u0441\u043a\u043e\u044f\u0437\u044b\u0447\u043d\u044b\u0445 \u0435\u0432\u0440\u043e\u043f\u0435\u0439\u0446\u0435\u0432, \u0430 \u0442\u0430\u043a\u0436\u0435 \u043f\u0440\u0438 \u043f\u043e\u0434\u0434\u0435\u0440\u0436\u043a\u0435 \u0433\u0435\u0440\u043c\u0430\u043d\u0441\u043a\u043e\u0433\u043e \u041c\u0418\u0414\u0430.\",\"sameAs\":[\"https:\/\/www.human-rights-year.com\"],\"url\":\"https:\/\/www.human-rights-year.com\/de\/author\/humanrightsyear\/\"}]}<\/script>\n<!-- \/ Yoast SEO plugin. -->","yoast_head_json":{"title":"Die \u00dcberpr\u00fcfung des Urteils im Fall von Pavel Ustinov wurde auf den 30. September verschoben - Europ\u00e4ischer Menschenrechtsdialog","description":"Die Verteidigung hat heute beantragt, dass das Gericht sich das Video von der Inhaftierung anschaut, woraufhin die Sitzung auf den 30. September verschoben wurde.","robots":{"index":"index","follow":"follow","max-snippet":"max-snippet:-1","max-image-preview":"max-image-preview:large","max-video-preview":"max-video-preview:-1"},"canonical":"https:\/\/www.human-rights-year.com\/de\/2019\/09\/26\/die-ueberpruefung-des-urteils-im-fall-von-pavel-ustinov-wurde-auf-den-30-september-verschoben\/","og_locale":"de_DE","og_type":"article","og_title":"Die \u00dcberpr\u00fcfung des Urteils im Fall von Pavel Ustinov wurde auf den 30. September verschoben - Europ\u00e4ischer Menschenrechtsdialog","og_description":"Die Verteidigung hat heute beantragt, dass das Gericht sich das Video von der Inhaftierung anschaut, woraufhin die Sitzung auf den 30. September verschoben wurde.","og_url":"https:\/\/www.human-rights-year.com\/de\/2019\/09\/26\/die-ueberpruefung-des-urteils-im-fall-von-pavel-ustinov-wurde-auf-den-30-september-verschoben\/","og_site_name":"Europ\u00e4ischer Menschenrechtsdialog","article_published_time":"2019-09-26T09:44:27+00:00","article_modified_time":"2019-10-03T11:54:13+00:00","og_image":[{"width":957,"height":693,"url":"https:\/\/www.human-rights-year.com\/wp-content\/uploads\/2019\/09\/ustinov.jpg","type":"image\/jpeg"}],"author":"Human Rights Year","twitter_card":"summary_large_image","twitter_misc":{"Verfasst von":"Human Rights Year","Gesch\u00e4tzte Lesezeit":"1\u00a0Minute"},"schema":{"@context":"https:\/\/schema.org","@graph":[{"@type":"WebSite","@id":"https:\/\/www.human-rights-year.com\/#website","url":"https:\/\/www.human-rights-year.com\/","name":"\u0415\u0432\u0440\u043e\u043f\u0435\u0439\u0441\u043a\u0438\u0439 \u043f\u0440\u0430\u0432\u043e\u0437\u0430\u0449\u0438\u0442\u043d\u044b\u0439 \u0434\u0438\u0430\u043b\u043e\u0433","description":" ","potentialAction":[{"@type":"SearchAction","target":{"@type":"EntryPoint","urlTemplate":"https:\/\/www.human-rights-year.com\/?s={search_term_string}"},"query-input":"required name=search_term_string"}],"inLanguage":"de"},{"@type":"WebPage","@id":"https:\/\/www.human-rights-year.com\/de\/2019\/09\/26\/die-ueberpruefung-des-urteils-im-fall-von-pavel-ustinov-wurde-auf-den-30-september-verschoben\/","url":"https:\/\/www.human-rights-year.com\/de\/2019\/09\/26\/die-ueberpruefung-des-urteils-im-fall-von-pavel-ustinov-wurde-auf-den-30-september-verschoben\/","name":"Die \u00dcberpr\u00fcfung des Urteils im Fall von Pavel Ustinov wurde auf den 30. September verschoben - Europ\u00e4ischer Menschenrechtsdialog","isPartOf":{"@id":"https:\/\/www.human-rights-year.com\/#website"},"datePublished":"2019-09-26T09:44:27+00:00","dateModified":"2019-10-03T11:54:13+00:00","author":{"@id":"https:\/\/www.human-rights-year.com\/#\/schema\/person\/54d85daa1545786aba6f5320df79bb4c"},"description":"Die Verteidigung hat heute beantragt, dass das Gericht sich das Video von der Inhaftierung anschaut, woraufhin die Sitzung auf den 30. September verschoben wurde.","breadcrumb":{"@id":"https:\/\/www.human-rights-year.com\/de\/2019\/09\/26\/die-ueberpruefung-des-urteils-im-fall-von-pavel-ustinov-wurde-auf-den-30-september-verschoben\/#breadcrumb"},"inLanguage":"de","potentialAction":[{"@type":"ReadAction","target":["https:\/\/www.human-rights-year.com\/de\/2019\/09\/26\/die-ueberpruefung-des-urteils-im-fall-von-pavel-ustinov-wurde-auf-den-30-september-verschoben\/"]}]},{"@type":"BreadcrumbList","@id":"https:\/\/www.human-rights-year.com\/de\/2019\/09\/26\/die-ueberpruefung-des-urteils-im-fall-von-pavel-ustinov-wurde-auf-den-30-september-verschoben\/#breadcrumb","itemListElement":[{"@type":"ListItem","position":1,"name":"\u0413\u043b\u0430\u0432\u043d\u0430\u044f \u0441\u0442\u0440\u0430\u043d\u0438\u0446\u0430","item":"https:\/\/www.human-rights-year.com\/de\/"},{"@type":"ListItem","position":2,"name":"Die \u00dcberpr\u00fcfung des Urteils im Fall von Pavel Ustinov wurde auf den 30. September verschoben"}]},{"@type":"Person","@id":"https:\/\/www.human-rights-year.com\/#\/schema\/person\/54d85daa1545786aba6f5320df79bb4c","name":"Human Rights Year","image":{"@type":"ImageObject","inLanguage":"de","@id":"https:\/\/www.human-rights-year.com\/#\/schema\/person\/image\/","url":"https:\/\/secure.gravatar.com\/avatar\/685b0e722b7b569d9169f933abfd5f26?s=96&d=mm&r=g","contentUrl":"https:\/\/secure.gravatar.com\/avatar\/685b0e722b7b569d9169f933abfd5f26?s=96&d=mm&r=g","caption":"Human Rights Year"},"description":"\u041d\u0435\u043c\u0435\u0446\u043a\u043e - \u0440\u043e\u0441\u0441\u0438\u0439\u0441\u043a\u0438\u0439 \u0433\u043e\u0434 \u043f\u0440\u0430\u0432 \u0447\u0435\u043b\u043e\u0432\u0435\u043a\u0430 \u041f\u0440\u043e\u0435\u043a\u0442 \u0438\u043d\u0444\u043e\u0440\u043c\u0438\u0440\u0443\u0435\u0442 \u043d\u0435\u043c\u0435\u0446\u043a\u043e\u0435 \u043e\u0431\u0449\u0435\u0441\u0442\u0432\u043e,\u00a0 \u0432 \u0442\u043e\u043c \u0447\u0438\u0441\u043b\u0435 \u0435\u0433\u043e \u0440\u0443\u0441\u0441\u043a\u043e\u044f\u0437\u044b\u0447\u043d\u0443\u044e \u0447\u0430\u0441\u0442\u044c, \u043e \u0441\u0438\u0442\u0443\u0430\u0446\u0438\u0438 \u0441 \u0441\u043e\u0431\u043b\u044e\u0434\u0435\u043d\u0438\u0435\u043c \u043f\u0440\u0430\u0432 \u0447\u0435\u043b\u043e\u0432\u0435\u043a\u0430 \u0432 \u0420\u043e\u0441\u0441\u0438\u0438; \u0430 \u0440\u043e\u0441\u0441\u0438\u044f\u043d - \u043e \u0441\u0438\u0442\u0443\u0430\u0446\u0438\u0438 \u0432 \u044d\u0442\u043e\u0439 \u043e\u0431\u043b\u0430\u0441\u0442\u0438 \u0432 \u0413\u0435\u0440\u043c\u0430\u043d\u0438\u0438. \u0420\u0435\u0430\u043b\u0438\u0437\u0443\u0435\u0442\u0441\u044f \u043f\u0440\u0438 \u0443\u0447\u0430\u0441\u0442\u0438\u0438 \u0440\u043e\u0441\u0441\u0438\u0439\u0441\u043a\u043e\u0433\u043e \u043f\u0440\u0430\u0432\u043e\u0437\u0430\u0449\u0438\u0442\u043d\u043e\u0433\u043e \u0446\u0435\u043d\u0442\u0440\u0430 \u201c\u041c\u0435\u043c\u043e\u0440\u0438\u0430\u043b\u201d \u0438 \u0424\u043e\u0440\u0443\u043c\u0430 \u0440\u0443\u0441\u0441\u043a\u043e\u044f\u0437\u044b\u0447\u043d\u044b\u0445 \u0435\u0432\u0440\u043e\u043f\u0435\u0439\u0446\u0435\u0432, \u0430 \u0442\u0430\u043a\u0436\u0435 \u043f\u0440\u0438 \u043f\u043e\u0434\u0434\u0435\u0440\u0436\u043a\u0435 \u0433\u0435\u0440\u043c\u0430\u043d\u0441\u043a\u043e\u0433\u043e \u041c\u0418\u0414\u0430.","sameAs":["https:\/\/www.human-rights-year.com"],"url":"https:\/\/www.human-rights-year.com\/de\/author\/humanrightsyear\/"}]}},"_links":{"self":[{"href":"https:\/\/www.human-rights-year.com\/de\/wp-json\/wp\/v2\/posts\/1428"}],"collection":[{"href":"https:\/\/www.human-rights-year.com\/de\/wp-json\/wp\/v2\/posts"}],"about":[{"href":"https:\/\/www.human-rights-year.com\/de\/wp-json\/wp\/v2\/types\/post"}],"author":[{"embeddable":true,"href":"https:\/\/www.human-rights-year.com\/de\/wp-json\/wp\/v2\/users\/1"}],"replies":[{"embeddable":true,"href":"https:\/\/www.human-rights-year.com\/de\/wp-json\/wp\/v2\/comments?post=1428"}],"version-history":[{"count":0,"href":"https:\/\/www.human-rights-year.com\/de\/wp-json\/wp\/v2\/posts\/1428\/revisions"}],"wp:featuredmedia":[{"embeddable":true,"href":"https:\/\/www.human-rights-year.com\/de\/wp-json\/wp\/v2\/media\/1427"}],"wp:attachment":[{"href":"https:\/\/www.human-rights-year.com\/de\/wp-json\/wp\/v2\/media?parent=1428"}],"wp:term":[{"taxonomy":"category","embeddable":true,"href":"https:\/\/www.human-rights-year.com\/de\/wp-json\/wp\/v2\/categories?post=1428"},{"taxonomy":"post_tag","embeddable":true,"href":"https:\/\/www.human-rights-year.com\/de\/wp-json\/wp\/v2\/tags?post=1428"}],"curies":[{"name":"wp","href":"https:\/\/api.w.org\/{rel}","templated":true}]}}