{"id":1415,"date":"2019-09-28T10:01:14","date_gmt":"2019-09-28T08:01:14","guid":{"rendered":"https:\/\/www.human-rights-year.com\/?p=1415"},"modified":"2019-09-26T10:49:36","modified_gmt":"2019-09-26T08:49:36","slug":"in-altai-bekommen-polizeibeamte-bewaehrungsstrafen-weil-sie-maenner-geschlagen-hatten-die-um-hilfe-baten","status":"publish","type":"post","link":"https:\/\/www.human-rights-year.com\/de\/2019\/09\/28\/in-altai-bekommen-polizeibeamte-bewaehrungsstrafen-weil-sie-maenner-geschlagen-hatten-die-um-hilfe-baten\/","title":{"rendered":"In Altai bekommen Polizeibeamte Bew\u00e4hrungsstrafen, weil sie M\u00e4nner geschlagen hatten, die um Hilfe baten"},"content":{"rendered":"<p>2017 fuhren zwei M\u00e4nner mit dem Motorrad den Tschuyski-Trakt entlang, ihnen ging das Benzin aus. Sie hielten das Polizeiauto an und baten um Hilfe. Die Polizisten waren \u00fcber diese &#8222;Unversch\u00e4mtheit&#8220; emp\u00f6rt, bet\u00e4tigten Spr\u00fchgasspray gegen die Motorradfahrer, brachten sie dann zu einem verlassenen Ort und schlugen sie.<\/p>\n<p>Am 25. September 2019 best\u00e4tigte der Oberste Gerichtshof der Republik Altai das Urteil f\u00fcr die Polizisten. Jeder hat drei Jahre auf Bew\u00e4hrung bekommen.<\/p>\n<p>&nbsp;<\/p>\n<p><a href=\"https:\/\/zona.media\/news\/2019\/09\/25\/altay?fbclid=IwAR0zmft49bgk03bLxld9zEdZv7TcRDYZvYBb7ixc7Ioun3yO8b6ME8oG6vw\" target=\"_blank\" rel=\"noopener noreferrer\">Quelle<\/a><\/p>\n<p>Illustration (CC) <a href=\"https:\/\/flickr.com\/photos\/bekathwia\/21037075980\/\" target=\"_blank\" rel=\"noopener noreferrer\">Becky Stern<\/a><\/p>\n","protected":false},"excerpt":{"rendered":"<p>2017 fuhren zwei M\u00e4nner mit dem Motorrad den Tschuyski-Trakt entlang, ihnen ging das Benzin aus. Sie hielten das Polizeiauto an und baten um Hilfe. Die<\/p>\n","protected":false},"author":1,"featured_media":1414,"comment_status":"closed","ping_status":"open","sticky":false,"template":"","format":"standard","meta":[],"categories":[20,12],"tags":[290],"yoast_head":"<!-- This site is optimized with the Yoast SEO plugin v19.4 - https:\/\/yoast.com\/wordpress\/plugins\/seo\/ -->\n<title>In Altai bekommen Polizeibeamte Bew\u00e4hrungsstrafen, weil sie M\u00e4nner geschlagen hatten, die um Hilfe baten - Europ\u00e4ischer Menschenrechtsdialog<\/title>\n<meta name=\"description\" content=\"2017 fuhren M\u00e4nner mit dem Motorrad den Tschuyski-Trakt entlang, ihnen ging das Benzin aus. Sie hielten das Polizeiauto an und baten um Hilfe. Die Polizisten waren \u00fcber diese &quot;Unversch\u00e4mtheit&quot; emp\u00f6rt, bet\u00e4tigten Spr\u00fchgasspray gegen die Motorradfahrer, brachten sie dann zu einem verlassenen Ort und schlugen sie.\" \/>\n<meta name=\"robots\" content=\"index, follow, max-snippet:-1, max-image-preview:large, max-video-preview:-1\" \/>\n<link rel=\"canonical\" href=\"https:\/\/www.human-rights-year.com\/de\/2019\/09\/28\/in-altai-bekommen-polizeibeamte-bewaehrungsstrafen-weil-sie-maenner-geschlagen-hatten-die-um-hilfe-baten\/\" \/>\n<meta property=\"og:locale\" content=\"de_DE\" \/>\n<meta property=\"og:type\" content=\"article\" \/>\n<meta property=\"og:title\" content=\"In Altai bekommen Polizeibeamte Bew\u00e4hrungsstrafen, weil sie M\u00e4nner geschlagen hatten, die um Hilfe baten - Europ\u00e4ischer Menschenrechtsdialog\" \/>\n<meta property=\"og:description\" content=\"2017 fuhren M\u00e4nner mit dem Motorrad den Tschuyski-Trakt entlang, ihnen ging das Benzin aus. Sie hielten das Polizeiauto an und baten um Hilfe. Die Polizisten waren \u00fcber diese &quot;Unversch\u00e4mtheit&quot; emp\u00f6rt, bet\u00e4tigten Spr\u00fchgasspray gegen die Motorradfahrer, brachten sie dann zu einem verlassenen Ort und schlugen sie.\" \/>\n<meta property=\"og:url\" content=\"https:\/\/www.human-rights-year.com\/de\/2019\/09\/28\/in-altai-bekommen-polizeibeamte-bewaehrungsstrafen-weil-sie-maenner-geschlagen-hatten-die-um-hilfe-baten\/\" \/>\n<meta property=\"og:site_name\" content=\"Europ\u00e4ischer Menschenrechtsdialog\" \/>\n<meta property=\"article:published_time\" content=\"2019-09-28T08:01:14+00:00\" \/>\n<meta property=\"article:modified_time\" content=\"2019-09-26T08:49:36+00:00\" \/>\n<meta property=\"og:image\" content=\"https:\/\/www.human-rights-year.com\/wp-content\/uploads\/2019\/09\/21037075980_b40924c789_k.jpg\" \/>\n\t<meta property=\"og:image:width\" content=\"2048\" \/>\n\t<meta property=\"og:image:height\" content=\"1365\" \/>\n\t<meta property=\"og:image:type\" content=\"image\/jpeg\" \/>\n<meta name=\"author\" content=\"Human Rights Year\" \/>\n<meta name=\"twitter:card\" content=\"summary_large_image\" \/>\n<meta name=\"twitter:label1\" content=\"Verfasst von\" \/>\n\t<meta name=\"twitter:data1\" content=\"Human Rights Year\" \/>\n<script type=\"application\/ld+json\" class=\"yoast-schema-graph\">{\"@context\":\"https:\/\/schema.org\",\"@graph\":[{\"@type\":\"WebSite\",\"@id\":\"https:\/\/www.human-rights-year.com\/#website\",\"url\":\"https:\/\/www.human-rights-year.com\/\",\"name\":\"\u0415\u0432\u0440\u043e\u043f\u0435\u0439\u0441\u043a\u0438\u0439 \u043f\u0440\u0430\u0432\u043e\u0437\u0430\u0449\u0438\u0442\u043d\u044b\u0439 \u0434\u0438\u0430\u043b\u043e\u0433\",\"description\":\" \",\"potentialAction\":[{\"@type\":\"SearchAction\",\"target\":{\"@type\":\"EntryPoint\",\"urlTemplate\":\"https:\/\/www.human-rights-year.com\/?s={search_term_string}\"},\"query-input\":\"required name=search_term_string\"}],\"inLanguage\":\"de\"},{\"@type\":\"WebPage\",\"@id\":\"https:\/\/www.human-rights-year.com\/de\/2019\/09\/28\/in-altai-bekommen-polizeibeamte-bewaehrungsstrafen-weil-sie-maenner-geschlagen-hatten-die-um-hilfe-baten\/\",\"url\":\"https:\/\/www.human-rights-year.com\/de\/2019\/09\/28\/in-altai-bekommen-polizeibeamte-bewaehrungsstrafen-weil-sie-maenner-geschlagen-hatten-die-um-hilfe-baten\/\",\"name\":\"In Altai bekommen Polizeibeamte Bew\u00e4hrungsstrafen, weil sie M\u00e4nner geschlagen hatten, die um Hilfe baten - Europ\u00e4ischer Menschenrechtsdialog\",\"isPartOf\":{\"@id\":\"https:\/\/www.human-rights-year.com\/#website\"},\"datePublished\":\"2019-09-28T08:01:14+00:00\",\"dateModified\":\"2019-09-26T08:49:36+00:00\",\"author\":{\"@id\":\"https:\/\/www.human-rights-year.com\/#\/schema\/person\/54d85daa1545786aba6f5320df79bb4c\"},\"description\":\"2017 fuhren M\u00e4nner mit dem Motorrad den Tschuyski-Trakt entlang, ihnen ging das Benzin aus. Sie hielten das Polizeiauto an und baten um Hilfe. Die Polizisten waren \u00fcber diese \\\"Unversch\u00e4mtheit\\\" emp\u00f6rt, bet\u00e4tigten Spr\u00fchgasspray gegen die Motorradfahrer, brachten sie dann zu einem verlassenen Ort und schlugen sie.\",\"breadcrumb\":{\"@id\":\"https:\/\/www.human-rights-year.com\/de\/2019\/09\/28\/in-altai-bekommen-polizeibeamte-bewaehrungsstrafen-weil-sie-maenner-geschlagen-hatten-die-um-hilfe-baten\/#breadcrumb\"},\"inLanguage\":\"de\",\"potentialAction\":[{\"@type\":\"ReadAction\",\"target\":[\"https:\/\/www.human-rights-year.com\/de\/2019\/09\/28\/in-altai-bekommen-polizeibeamte-bewaehrungsstrafen-weil-sie-maenner-geschlagen-hatten-die-um-hilfe-baten\/\"]}]},{\"@type\":\"BreadcrumbList\",\"@id\":\"https:\/\/www.human-rights-year.com\/de\/2019\/09\/28\/in-altai-bekommen-polizeibeamte-bewaehrungsstrafen-weil-sie-maenner-geschlagen-hatten-die-um-hilfe-baten\/#breadcrumb\",\"itemListElement\":[{\"@type\":\"ListItem\",\"position\":1,\"name\":\"\u0413\u043b\u0430\u0432\u043d\u0430\u044f \u0441\u0442\u0440\u0430\u043d\u0438\u0446\u0430\",\"item\":\"https:\/\/www.human-rights-year.com\/de\/\"},{\"@type\":\"ListItem\",\"position\":2,\"name\":\"In Altai bekommen Polizeibeamte Bew\u00e4hrungsstrafen, weil sie M\u00e4nner geschlagen hatten, die um Hilfe baten\"}]},{\"@type\":\"Person\",\"@id\":\"https:\/\/www.human-rights-year.com\/#\/schema\/person\/54d85daa1545786aba6f5320df79bb4c\",\"name\":\"Human Rights Year\",\"image\":{\"@type\":\"ImageObject\",\"inLanguage\":\"de\",\"@id\":\"https:\/\/www.human-rights-year.com\/#\/schema\/person\/image\/\",\"url\":\"https:\/\/secure.gravatar.com\/avatar\/685b0e722b7b569d9169f933abfd5f26?s=96&d=mm&r=g\",\"contentUrl\":\"https:\/\/secure.gravatar.com\/avatar\/685b0e722b7b569d9169f933abfd5f26?s=96&d=mm&r=g\",\"caption\":\"Human Rights Year\"},\"description\":\"\u041d\u0435\u043c\u0435\u0446\u043a\u043e - \u0440\u043e\u0441\u0441\u0438\u0439\u0441\u043a\u0438\u0439 \u0433\u043e\u0434 \u043f\u0440\u0430\u0432 \u0447\u0435\u043b\u043e\u0432\u0435\u043a\u0430 \u041f\u0440\u043e\u0435\u043a\u0442 \u0438\u043d\u0444\u043e\u0440\u043c\u0438\u0440\u0443\u0435\u0442 \u043d\u0435\u043c\u0435\u0446\u043a\u043e\u0435 \u043e\u0431\u0449\u0435\u0441\u0442\u0432\u043e,\u00a0 \u0432 \u0442\u043e\u043c \u0447\u0438\u0441\u043b\u0435 \u0435\u0433\u043e \u0440\u0443\u0441\u0441\u043a\u043e\u044f\u0437\u044b\u0447\u043d\u0443\u044e \u0447\u0430\u0441\u0442\u044c, \u043e \u0441\u0438\u0442\u0443\u0430\u0446\u0438\u0438 \u0441 \u0441\u043e\u0431\u043b\u044e\u0434\u0435\u043d\u0438\u0435\u043c \u043f\u0440\u0430\u0432 \u0447\u0435\u043b\u043e\u0432\u0435\u043a\u0430 \u0432 \u0420\u043e\u0441\u0441\u0438\u0438; \u0430 \u0440\u043e\u0441\u0441\u0438\u044f\u043d - \u043e \u0441\u0438\u0442\u0443\u0430\u0446\u0438\u0438 \u0432 \u044d\u0442\u043e\u0439 \u043e\u0431\u043b\u0430\u0441\u0442\u0438 \u0432 \u0413\u0435\u0440\u043c\u0430\u043d\u0438\u0438. \u0420\u0435\u0430\u043b\u0438\u0437\u0443\u0435\u0442\u0441\u044f \u043f\u0440\u0438 \u0443\u0447\u0430\u0441\u0442\u0438\u0438 \u0440\u043e\u0441\u0441\u0438\u0439\u0441\u043a\u043e\u0433\u043e \u043f\u0440\u0430\u0432\u043e\u0437\u0430\u0449\u0438\u0442\u043d\u043e\u0433\u043e \u0446\u0435\u043d\u0442\u0440\u0430 \u201c\u041c\u0435\u043c\u043e\u0440\u0438\u0430\u043b\u201d \u0438 \u0424\u043e\u0440\u0443\u043c\u0430 \u0440\u0443\u0441\u0441\u043a\u043e\u044f\u0437\u044b\u0447\u043d\u044b\u0445 \u0435\u0432\u0440\u043e\u043f\u0435\u0439\u0446\u0435\u0432, \u0430 \u0442\u0430\u043a\u0436\u0435 \u043f\u0440\u0438 \u043f\u043e\u0434\u0434\u0435\u0440\u0436\u043a\u0435 \u0433\u0435\u0440\u043c\u0430\u043d\u0441\u043a\u043e\u0433\u043e \u041c\u0418\u0414\u0430.\",\"sameAs\":[\"https:\/\/www.human-rights-year.com\"],\"url\":\"https:\/\/www.human-rights-year.com\/de\/author\/humanrightsyear\/\"}]}<\/script>\n<!-- \/ Yoast SEO plugin. -->","yoast_head_json":{"title":"In Altai bekommen Polizeibeamte Bew\u00e4hrungsstrafen, weil sie M\u00e4nner geschlagen hatten, die um Hilfe baten - Europ\u00e4ischer Menschenrechtsdialog","description":"2017 fuhren M\u00e4nner mit dem Motorrad den Tschuyski-Trakt entlang, ihnen ging das Benzin aus. Sie hielten das Polizeiauto an und baten um Hilfe. Die Polizisten waren \u00fcber diese \"Unversch\u00e4mtheit\" emp\u00f6rt, bet\u00e4tigten Spr\u00fchgasspray gegen die Motorradfahrer, brachten sie dann zu einem verlassenen Ort und schlugen sie.","robots":{"index":"index","follow":"follow","max-snippet":"max-snippet:-1","max-image-preview":"max-image-preview:large","max-video-preview":"max-video-preview:-1"},"canonical":"https:\/\/www.human-rights-year.com\/de\/2019\/09\/28\/in-altai-bekommen-polizeibeamte-bewaehrungsstrafen-weil-sie-maenner-geschlagen-hatten-die-um-hilfe-baten\/","og_locale":"de_DE","og_type":"article","og_title":"In Altai bekommen Polizeibeamte Bew\u00e4hrungsstrafen, weil sie M\u00e4nner geschlagen hatten, die um Hilfe baten - Europ\u00e4ischer Menschenrechtsdialog","og_description":"2017 fuhren M\u00e4nner mit dem Motorrad den Tschuyski-Trakt entlang, ihnen ging das Benzin aus. Sie hielten das Polizeiauto an und baten um Hilfe. Die Polizisten waren \u00fcber diese \"Unversch\u00e4mtheit\" emp\u00f6rt, bet\u00e4tigten Spr\u00fchgasspray gegen die Motorradfahrer, brachten sie dann zu einem verlassenen Ort und schlugen sie.","og_url":"https:\/\/www.human-rights-year.com\/de\/2019\/09\/28\/in-altai-bekommen-polizeibeamte-bewaehrungsstrafen-weil-sie-maenner-geschlagen-hatten-die-um-hilfe-baten\/","og_site_name":"Europ\u00e4ischer Menschenrechtsdialog","article_published_time":"2019-09-28T08:01:14+00:00","article_modified_time":"2019-09-26T08:49:36+00:00","og_image":[{"width":2048,"height":1365,"url":"https:\/\/www.human-rights-year.com\/wp-content\/uploads\/2019\/09\/21037075980_b40924c789_k.jpg","type":"image\/jpeg"}],"author":"Human Rights Year","twitter_card":"summary_large_image","twitter_misc":{"Verfasst von":"Human Rights Year"},"schema":{"@context":"https:\/\/schema.org","@graph":[{"@type":"WebSite","@id":"https:\/\/www.human-rights-year.com\/#website","url":"https:\/\/www.human-rights-year.com\/","name":"\u0415\u0432\u0440\u043e\u043f\u0435\u0439\u0441\u043a\u0438\u0439 \u043f\u0440\u0430\u0432\u043e\u0437\u0430\u0449\u0438\u0442\u043d\u044b\u0439 \u0434\u0438\u0430\u043b\u043e\u0433","description":" ","potentialAction":[{"@type":"SearchAction","target":{"@type":"EntryPoint","urlTemplate":"https:\/\/www.human-rights-year.com\/?s={search_term_string}"},"query-input":"required name=search_term_string"}],"inLanguage":"de"},{"@type":"WebPage","@id":"https:\/\/www.human-rights-year.com\/de\/2019\/09\/28\/in-altai-bekommen-polizeibeamte-bewaehrungsstrafen-weil-sie-maenner-geschlagen-hatten-die-um-hilfe-baten\/","url":"https:\/\/www.human-rights-year.com\/de\/2019\/09\/28\/in-altai-bekommen-polizeibeamte-bewaehrungsstrafen-weil-sie-maenner-geschlagen-hatten-die-um-hilfe-baten\/","name":"In Altai bekommen Polizeibeamte Bew\u00e4hrungsstrafen, weil sie M\u00e4nner geschlagen hatten, die um Hilfe baten - Europ\u00e4ischer Menschenrechtsdialog","isPartOf":{"@id":"https:\/\/www.human-rights-year.com\/#website"},"datePublished":"2019-09-28T08:01:14+00:00","dateModified":"2019-09-26T08:49:36+00:00","author":{"@id":"https:\/\/www.human-rights-year.com\/#\/schema\/person\/54d85daa1545786aba6f5320df79bb4c"},"description":"2017 fuhren M\u00e4nner mit dem Motorrad den Tschuyski-Trakt entlang, ihnen ging das Benzin aus. Sie hielten das Polizeiauto an und baten um Hilfe. Die Polizisten waren \u00fcber diese \"Unversch\u00e4mtheit\" emp\u00f6rt, bet\u00e4tigten Spr\u00fchgasspray gegen die Motorradfahrer, brachten sie dann zu einem verlassenen Ort und schlugen sie.","breadcrumb":{"@id":"https:\/\/www.human-rights-year.com\/de\/2019\/09\/28\/in-altai-bekommen-polizeibeamte-bewaehrungsstrafen-weil-sie-maenner-geschlagen-hatten-die-um-hilfe-baten\/#breadcrumb"},"inLanguage":"de","potentialAction":[{"@type":"ReadAction","target":["https:\/\/www.human-rights-year.com\/de\/2019\/09\/28\/in-altai-bekommen-polizeibeamte-bewaehrungsstrafen-weil-sie-maenner-geschlagen-hatten-die-um-hilfe-baten\/"]}]},{"@type":"BreadcrumbList","@id":"https:\/\/www.human-rights-year.com\/de\/2019\/09\/28\/in-altai-bekommen-polizeibeamte-bewaehrungsstrafen-weil-sie-maenner-geschlagen-hatten-die-um-hilfe-baten\/#breadcrumb","itemListElement":[{"@type":"ListItem","position":1,"name":"\u0413\u043b\u0430\u0432\u043d\u0430\u044f \u0441\u0442\u0440\u0430\u043d\u0438\u0446\u0430","item":"https:\/\/www.human-rights-year.com\/de\/"},{"@type":"ListItem","position":2,"name":"In Altai bekommen Polizeibeamte Bew\u00e4hrungsstrafen, weil sie M\u00e4nner geschlagen hatten, die um Hilfe baten"}]},{"@type":"Person","@id":"https:\/\/www.human-rights-year.com\/#\/schema\/person\/54d85daa1545786aba6f5320df79bb4c","name":"Human Rights Year","image":{"@type":"ImageObject","inLanguage":"de","@id":"https:\/\/www.human-rights-year.com\/#\/schema\/person\/image\/","url":"https:\/\/secure.gravatar.com\/avatar\/685b0e722b7b569d9169f933abfd5f26?s=96&d=mm&r=g","contentUrl":"https:\/\/secure.gravatar.com\/avatar\/685b0e722b7b569d9169f933abfd5f26?s=96&d=mm&r=g","caption":"Human Rights Year"},"description":"\u041d\u0435\u043c\u0435\u0446\u043a\u043e - \u0440\u043e\u0441\u0441\u0438\u0439\u0441\u043a\u0438\u0439 \u0433\u043e\u0434 \u043f\u0440\u0430\u0432 \u0447\u0435\u043b\u043e\u0432\u0435\u043a\u0430 \u041f\u0440\u043e\u0435\u043a\u0442 \u0438\u043d\u0444\u043e\u0440\u043c\u0438\u0440\u0443\u0435\u0442 \u043d\u0435\u043c\u0435\u0446\u043a\u043e\u0435 \u043e\u0431\u0449\u0435\u0441\u0442\u0432\u043e,\u00a0 \u0432 \u0442\u043e\u043c \u0447\u0438\u0441\u043b\u0435 \u0435\u0433\u043e \u0440\u0443\u0441\u0441\u043a\u043e\u044f\u0437\u044b\u0447\u043d\u0443\u044e \u0447\u0430\u0441\u0442\u044c, \u043e \u0441\u0438\u0442\u0443\u0430\u0446\u0438\u0438 \u0441 \u0441\u043e\u0431\u043b\u044e\u0434\u0435\u043d\u0438\u0435\u043c \u043f\u0440\u0430\u0432 \u0447\u0435\u043b\u043e\u0432\u0435\u043a\u0430 \u0432 \u0420\u043e\u0441\u0441\u0438\u0438; \u0430 \u0440\u043e\u0441\u0441\u0438\u044f\u043d - \u043e \u0441\u0438\u0442\u0443\u0430\u0446\u0438\u0438 \u0432 \u044d\u0442\u043e\u0439 \u043e\u0431\u043b\u0430\u0441\u0442\u0438 \u0432 \u0413\u0435\u0440\u043c\u0430\u043d\u0438\u0438. \u0420\u0435\u0430\u043b\u0438\u0437\u0443\u0435\u0442\u0441\u044f \u043f\u0440\u0438 \u0443\u0447\u0430\u0441\u0442\u0438\u0438 \u0440\u043e\u0441\u0441\u0438\u0439\u0441\u043a\u043e\u0433\u043e \u043f\u0440\u0430\u0432\u043e\u0437\u0430\u0449\u0438\u0442\u043d\u043e\u0433\u043e \u0446\u0435\u043d\u0442\u0440\u0430 \u201c\u041c\u0435\u043c\u043e\u0440\u0438\u0430\u043b\u201d \u0438 \u0424\u043e\u0440\u0443\u043c\u0430 \u0440\u0443\u0441\u0441\u043a\u043e\u044f\u0437\u044b\u0447\u043d\u044b\u0445 \u0435\u0432\u0440\u043e\u043f\u0435\u0439\u0446\u0435\u0432, \u0430 \u0442\u0430\u043a\u0436\u0435 \u043f\u0440\u0438 \u043f\u043e\u0434\u0434\u0435\u0440\u0436\u043a\u0435 \u0433\u0435\u0440\u043c\u0430\u043d\u0441\u043a\u043e\u0433\u043e \u041c\u0418\u0414\u0430.","sameAs":["https:\/\/www.human-rights-year.com"],"url":"https:\/\/www.human-rights-year.com\/de\/author\/humanrightsyear\/"}]}},"_links":{"self":[{"href":"https:\/\/www.human-rights-year.com\/de\/wp-json\/wp\/v2\/posts\/1415"}],"collection":[{"href":"https:\/\/www.human-rights-year.com\/de\/wp-json\/wp\/v2\/posts"}],"about":[{"href":"https:\/\/www.human-rights-year.com\/de\/wp-json\/wp\/v2\/types\/post"}],"author":[{"embeddable":true,"href":"https:\/\/www.human-rights-year.com\/de\/wp-json\/wp\/v2\/users\/1"}],"replies":[{"embeddable":true,"href":"https:\/\/www.human-rights-year.com\/de\/wp-json\/wp\/v2\/comments?post=1415"}],"version-history":[{"count":0,"href":"https:\/\/www.human-rights-year.com\/de\/wp-json\/wp\/v2\/posts\/1415\/revisions"}],"wp:featuredmedia":[{"embeddable":true,"href":"https:\/\/www.human-rights-year.com\/de\/wp-json\/wp\/v2\/media\/1414"}],"wp:attachment":[{"href":"https:\/\/www.human-rights-year.com\/de\/wp-json\/wp\/v2\/media?parent=1415"}],"wp:term":[{"taxonomy":"category","embeddable":true,"href":"https:\/\/www.human-rights-year.com\/de\/wp-json\/wp\/v2\/categories?post=1415"},{"taxonomy":"post_tag","embeddable":true,"href":"https:\/\/www.human-rights-year.com\/de\/wp-json\/wp\/v2\/tags?post=1415"}],"curies":[{"name":"wp","href":"https:\/\/api.w.org\/{rel}","templated":true}]}}